{"id":12100,"date":"2026-04-27T17:03:00","date_gmt":"2026-04-27T15:03:00","guid":{"rendered":"https:\/\/kosovatimes.info\/?p=12100"},"modified":"2026-04-27T18:06:31","modified_gmt":"2026-04-27T16:06:31","slug":"hamza-osmani-mund-te-zgjidhet-presidente-me-votat-e-ldk-se-e-vv-se","status":"publish","type":"post","link":"https:\/\/kosovatimes.info\/index.php\/2026\/04\/27\/hamza-osmani-mund-te-zgjidhet-presidente-me-votat-e-ldk-se-e-vv-se\/","title":{"rendered":"Hamza: Osmani mund t\u00eb zgjidhet presidente me votat e LDK-s\u00eb e VV-s\u00eb"},"content":{"rendered":"\n<p><strong>Kryetari i Partis\u00eb Demokratike t\u00eb Kosov\u00ebs, Bedri Hamza, pak para nisjes s\u00eb seanc\u00ebs s\u00eb Kuvendit t\u00eb Kosov\u00ebs p\u00ebr zgjedhjen e presidentit, ka th\u00ebn\u00eb se kjo parti ka dh\u00ebn\u00eb opsionet e veta p\u00ebr t\u00eb gjetur zgjidhje.<\/strong><\/p>\n\n\n\n<p>\u201cNe kemi dh\u00ebn\u00eb opsionet tona p\u00ebr t\u00eb gjetur zgjidhje. Kemi dh\u00ebn\u00eb marr\u00ebveshje politike, nuk \u00ebsht\u00eb marr\u00eb n\u00eb konsiderat\u00eb, nuk kemi vendosur vija t\u00eb kuqe. Kemi pasur p\u00ebrkrahje p\u00ebr em\u00ebr konsensual\u201d, ka th\u00ebn\u00eb ai.<\/p>\n\n\n\n<p>I pyetur n\u00ebse do ta votonin Vjosa Osmanin si kandidate p\u00ebr presidente, ai tha se ajo mund t\u00eb zgjidhet edhe pa votat e k\u00ebtij subjekti politik.<\/p>\n\n\n\n<p>\u201cPo q\u00eb se LDK-ja e sjell Vjosa Osmanin dhe zonja Osmani \u00ebsht\u00eb kandidate p\u00ebr Presidente, mund t\u00eb zgjidhet me votat e L\u00ebvizjes Vet\u00ebvendosje dhe Lidhjes Demokratike t\u00eb Kosov\u00ebs, ndoshta edhe deputet\u00ebve tjer\u00eb t\u00eb Kuvendit t\u00eb Republik\u00ebs s\u00eb Kosov\u00ebs\u201d, tha ai.<\/p>\n","protected":false},"excerpt":{"rendered":"<p>Kryetari i Partis\u00eb Demokratike t\u00eb Kosov\u00ebs, Bedri Hamza, pak para nisjes s\u00eb seanc\u00ebs s\u00eb Kuvendit t\u00eb Kosov\u00ebs p\u00ebr zgjedhjen e presidentit, ka th\u00ebn\u00eb se kjo parti ka dh\u00ebn\u00eb opsionet e veta p\u00ebr t\u00eb gjetur zgjidhje. \u201cNe kemi dh\u00ebn\u00eb opsionet tona p\u00ebr t\u00eb gjetur zgjidhje. Kemi dh\u00ebn\u00eb marr\u00ebveshje politike, nuk \u00ebsht\u00eb marr\u00eb n\u00eb konsiderat\u00eb, nuk kemi [&hellip;]<\/p>\n","protected":false},"author":4,"featured_media":12101,"comment_status":"open","ping_status":"open","sticky":false,"template":"","format":"standard","meta":{"footnotes":""},"categories":[31,30],"tags":[],"class_list":{"0":"post-12100","1":"post","2":"type-post","3":"status-publish","4":"format-standard","5":"has-post-thumbnail","7":"category-kosove","8":"category-lajme"},"yoast_head":"<!-- This site is optimized with the Yoast SEO plugin v27.4 - https:\/\/yoast.com\/product\/yoast-seo-wordpress\/ -->\n<title>Hamza: Osmani mund t\u00eb zgjidhet presidente me votat e LDK-s\u00eb e VV-s\u00eb - Kosova Times<\/title>\n<meta name=\"robots\" content=\"index, follow, max-snippet:-1, max-image-preview:large, max-video-preview:-1\" \/>\n<link rel=\"canonical\" href=\"https:\/\/kosovatimes.info\/index.php\/2026\/04\/27\/hamza-osmani-mund-te-zgjidhet-presidente-me-votat-e-ldk-se-e-vv-se\/\" \/>\n<meta property=\"og:locale\" content=\"en_US\" \/>\n<meta property=\"og:type\" content=\"article\" \/>\n<meta property=\"og:title\" content=\"Hamza: Osmani mund t\u00eb zgjidhet presidente me votat e LDK-s\u00eb e VV-s\u00eb - Kosova Times\" \/>\n<meta property=\"og:description\" content=\"Kryetari i Partis\u00eb Demokratike t\u00eb Kosov\u00ebs, Bedri Hamza, pak para nisjes s\u00eb seanc\u00ebs s\u00eb Kuvendit t\u00eb Kosov\u00ebs p\u00ebr zgjedhjen e presidentit, ka th\u00ebn\u00eb se kjo parti ka dh\u00ebn\u00eb opsionet e veta p\u00ebr t\u00eb gjetur zgjidhje. \u201cNe kemi dh\u00ebn\u00eb opsionet tona p\u00ebr t\u00eb gjetur zgjidhje. Kemi dh\u00ebn\u00eb marr\u00ebveshje politike, nuk \u00ebsht\u00eb marr\u00eb n\u00eb konsiderat\u00eb, nuk kemi [&hellip;]\" \/>\n<meta property=\"og:url\" content=\"https:\/\/kosovatimes.info\/index.php\/2026\/04\/27\/hamza-osmani-mund-te-zgjidhet-presidente-me-votat-e-ldk-se-e-vv-se\/\" \/>\n<meta property=\"og:site_name\" content=\"Kosova Times\" \/>\n<meta property=\"article:published_time\" content=\"2026-04-27T15:03:00+00:00\" \/>\n<meta property=\"article:modified_time\" content=\"2026-04-27T16:06:31+00:00\" \/>\n<meta property=\"og:image\" content=\"https:\/\/kosovatimes.info\/wp-content\/uploads\/2026\/04\/Hamza-8.jpg\" \/>\n\t<meta property=\"og:image:width\" content=\"780\" \/>\n\t<meta property=\"og:image:height\" content=\"500\" \/>\n\t<meta property=\"og:image:type\" content=\"image\/jpeg\" \/>\n<meta name=\"author\" content=\"i l\" \/>\n<meta name=\"twitter:card\" content=\"summary_large_image\" \/>\n<meta name=\"twitter:label1\" content=\"Written by\" \/>\n\t<meta name=\"twitter:data1\" content=\"i l\" \/>\n\t<meta name=\"twitter:label2\" content=\"Est. reading time\" \/>\n\t<meta name=\"twitter:data2\" content=\"1 minute\" \/>\n<script type=\"application\/ld+json\" class=\"yoast-schema-graph\">{\"@context\":\"https:\\\/\\\/schema.org\",\"@graph\":[{\"@type\":\"Article\",\"@id\":\"https:\\\/\\\/kosovatimes.info\\\/index.php\\\/2026\\\/04\\\/27\\\/hamza-osmani-mund-te-zgjidhet-presidente-me-votat-e-ldk-se-e-vv-se\\\/#article\",\"isPartOf\":{\"@id\":\"https:\\\/\\\/kosovatimes.info\\\/index.php\\\/2026\\\/04\\\/27\\\/hamza-osmani-mund-te-zgjidhet-presidente-me-votat-e-ldk-se-e-vv-se\\\/\"},\"author\":{\"name\":\"i l\",\"@id\":\"https:\\\/\\\/kosovatimes.info\\\/#\\\/schema\\\/person\\\/7586712b9c512fe68085de007378c915\"},\"headline\":\"Hamza: Osmani mund t\u00eb zgjidhet presidente me votat e LDK-s\u00eb e VV-s\u00eb\",\"datePublished\":\"2026-04-27T15:03:00+00:00\",\"dateModified\":\"2026-04-27T16:06:31+00:00\",\"mainEntityOfPage\":{\"@id\":\"https:\\\/\\\/kosovatimes.info\\\/index.php\\\/2026\\\/04\\\/27\\\/hamza-osmani-mund-te-zgjidhet-presidente-me-votat-e-ldk-se-e-vv-se\\\/\"},\"wordCount\":171,\"commentCount\":0,\"image\":{\"@id\":\"https:\\\/\\\/kosovatimes.info\\\/index.php\\\/2026\\\/04\\\/27\\\/hamza-osmani-mund-te-zgjidhet-presidente-me-votat-e-ldk-se-e-vv-se\\\/#primaryimage\"},\"thumbnailUrl\":\"https:\\\/\\\/kosovatimes.info\\\/wp-content\\\/uploads\\\/2026\\\/04\\\/Hamza-8.jpg\",\"articleSection\":[\"Kosov\u00eb\",\"Lajme\"],\"inLanguage\":\"en-US\",\"potentialAction\":[{\"@type\":\"CommentAction\",\"name\":\"Comment\",\"target\":[\"https:\\\/\\\/kosovatimes.info\\\/index.php\\\/2026\\\/04\\\/27\\\/hamza-osmani-mund-te-zgjidhet-presidente-me-votat-e-ldk-se-e-vv-se\\\/#respond\"]}]},{\"@type\":\"WebPage\",\"@id\":\"https:\\\/\\\/kosovatimes.info\\\/index.php\\\/2026\\\/04\\\/27\\\/hamza-osmani-mund-te-zgjidhet-presidente-me-votat-e-ldk-se-e-vv-se\\\/\",\"url\":\"https:\\\/\\\/kosovatimes.info\\\/index.php\\\/2026\\\/04\\\/27\\\/hamza-osmani-mund-te-zgjidhet-presidente-me-votat-e-ldk-se-e-vv-se\\\/\",\"name\":\"Hamza: Osmani mund t\u00eb zgjidhet presidente me votat e LDK-s\u00eb e VV-s\u00eb - Kosova Times\",\"isPartOf\":{\"@id\":\"https:\\\/\\\/kosovatimes.info\\\/#website\"},\"primaryImageOfPage\":{\"@id\":\"https:\\\/\\\/kosovatimes.info\\\/index.php\\\/2026\\\/04\\\/27\\\/hamza-osmani-mund-te-zgjidhet-presidente-me-votat-e-ldk-se-e-vv-se\\\/#primaryimage\"},\"image\":{\"@id\":\"https:\\\/\\\/kosovatimes.info\\\/index.php\\\/2026\\\/04\\\/27\\\/hamza-osmani-mund-te-zgjidhet-presidente-me-votat-e-ldk-se-e-vv-se\\\/#primaryimage\"},\"thumbnailUrl\":\"https:\\\/\\\/kosovatimes.info\\\/wp-content\\\/uploads\\\/2026\\\/04\\\/Hamza-8.jpg\",\"datePublished\":\"2026-04-27T15:03:00+00:00\",\"dateModified\":\"2026-04-27T16:06:31+00:00\",\"author\":{\"@id\":\"https:\\\/\\\/kosovatimes.info\\\/#\\\/schema\\\/person\\\/7586712b9c512fe68085de007378c915\"},\"breadcrumb\":{\"@id\":\"https:\\\/\\\/kosovatimes.info\\\/index.php\\\/2026\\\/04\\\/27\\\/hamza-osmani-mund-te-zgjidhet-presidente-me-votat-e-ldk-se-e-vv-se\\\/#breadcrumb\"},\"inLanguage\":\"en-US\",\"potentialAction\":[{\"@type\":\"ReadAction\",\"target\":[\"https:\\\/\\\/kosovatimes.info\\\/index.php\\\/2026\\\/04\\\/27\\\/hamza-osmani-mund-te-zgjidhet-presidente-me-votat-e-ldk-se-e-vv-se\\\/\"]}]},{\"@type\":\"ImageObject\",\"inLanguage\":\"en-US\",\"@id\":\"https:\\\/\\\/kosovatimes.info\\\/index.php\\\/2026\\\/04\\\/27\\\/hamza-osmani-mund-te-zgjidhet-presidente-me-votat-e-ldk-se-e-vv-se\\\/#primaryimage\",\"url\":\"https:\\\/\\\/kosovatimes.info\\\/wp-content\\\/uploads\\\/2026\\\/04\\\/Hamza-8.jpg\",\"contentUrl\":\"https:\\\/\\\/kosovatimes.info\\\/wp-content\\\/uploads\\\/2026\\\/04\\\/Hamza-8.jpg\",\"width\":780,\"height\":500},{\"@type\":\"BreadcrumbList\",\"@id\":\"https:\\\/\\\/kosovatimes.info\\\/index.php\\\/2026\\\/04\\\/27\\\/hamza-osmani-mund-te-zgjidhet-presidente-me-votat-e-ldk-se-e-vv-se\\\/#breadcrumb\",\"itemListElement\":[{\"@type\":\"ListItem\",\"position\":1,\"name\":\"Home\",\"item\":\"https:\\\/\\\/kosovatimes.info\\\/\"},{\"@type\":\"ListItem\",\"position\":2,\"name\":\"Hamza: Osmani mund t\u00eb zgjidhet presidente me votat e LDK-s\u00eb e VV-s\u00eb\"}]},{\"@type\":\"WebSite\",\"@id\":\"https:\\\/\\\/kosovatimes.info\\\/#website\",\"url\":\"https:\\\/\\\/kosovatimes.info\\\/\",\"name\":\"Kosova Times\",\"description\":\"\",\"potentialAction\":[{\"@type\":\"SearchAction\",\"target\":{\"@type\":\"EntryPoint\",\"urlTemplate\":\"https:\\\/\\\/kosovatimes.info\\\/?s={search_term_string}\"},\"query-input\":{\"@type\":\"PropertyValueSpecification\",\"valueRequired\":true,\"valueName\":\"search_term_string\"}}],\"inLanguage\":\"en-US\"},{\"@type\":\"Person\",\"@id\":\"https:\\\/\\\/kosovatimes.info\\\/#\\\/schema\\\/person\\\/7586712b9c512fe68085de007378c915\",\"name\":\"i l\",\"image\":{\"@type\":\"ImageObject\",\"inLanguage\":\"en-US\",\"@id\":\"https:\\\/\\\/secure.gravatar.com\\\/avatar\\\/bad9296e02816160ae2e2435beda58222022298d5625d49fea74d18816fbb31d?s=96&d=mm&r=g\",\"url\":\"https:\\\/\\\/secure.gravatar.com\\\/avatar\\\/bad9296e02816160ae2e2435beda58222022298d5625d49fea74d18816fbb31d?s=96&d=mm&r=g\",\"contentUrl\":\"https:\\\/\\\/secure.gravatar.com\\\/avatar\\\/bad9296e02816160ae2e2435beda58222022298d5625d49fea74d18816fbb31d?s=96&d=mm&r=g\",\"caption\":\"i l\"},\"url\":\"https:\\\/\\\/kosovatimes.info\\\/index.php\\\/author\\\/iliri\\\/\"}]}<\/script>\n<!-- \/ Yoast SEO plugin. -->","yoast_head_json":{"title":"Hamza: Osmani mund t\u00eb zgjidhet presidente me votat e LDK-s\u00eb e VV-s\u00eb - Kosova Times","robots":{"index":"index","follow":"follow","max-snippet":"max-snippet:-1","max-image-preview":"max-image-preview:large","max-video-preview":"max-video-preview:-1"},"canonical":"https:\/\/kosovatimes.info\/index.php\/2026\/04\/27\/hamza-osmani-mund-te-zgjidhet-presidente-me-votat-e-ldk-se-e-vv-se\/","og_locale":"en_US","og_type":"article","og_title":"Hamza: Osmani mund t\u00eb zgjidhet presidente me votat e LDK-s\u00eb e VV-s\u00eb - Kosova Times","og_description":"Kryetari i Partis\u00eb Demokratike t\u00eb Kosov\u00ebs, Bedri Hamza, pak para nisjes s\u00eb seanc\u00ebs s\u00eb Kuvendit t\u00eb Kosov\u00ebs p\u00ebr zgjedhjen e presidentit, ka th\u00ebn\u00eb se kjo parti ka dh\u00ebn\u00eb opsionet e veta p\u00ebr t\u00eb gjetur zgjidhje. \u201cNe kemi dh\u00ebn\u00eb opsionet tona p\u00ebr t\u00eb gjetur zgjidhje. Kemi dh\u00ebn\u00eb marr\u00ebveshje politike, nuk \u00ebsht\u00eb marr\u00eb n\u00eb konsiderat\u00eb, nuk kemi [&hellip;]","og_url":"https:\/\/kosovatimes.info\/index.php\/2026\/04\/27\/hamza-osmani-mund-te-zgjidhet-presidente-me-votat-e-ldk-se-e-vv-se\/","og_site_name":"Kosova Times","article_published_time":"2026-04-27T15:03:00+00:00","article_modified_time":"2026-04-27T16:06:31+00:00","og_image":[{"width":780,"height":500,"url":"https:\/\/kosovatimes.info\/wp-content\/uploads\/2026\/04\/Hamza-8.jpg","type":"image\/jpeg"}],"author":"i l","twitter_card":"summary_large_image","twitter_misc":{"Written by":"i l","Est. reading time":"1 minute"},"schema":{"@context":"https:\/\/schema.org","@graph":[{"@type":"Article","@id":"https:\/\/kosovatimes.info\/index.php\/2026\/04\/27\/hamza-osmani-mund-te-zgjidhet-presidente-me-votat-e-ldk-se-e-vv-se\/#article","isPartOf":{"@id":"https:\/\/kosovatimes.info\/index.php\/2026\/04\/27\/hamza-osmani-mund-te-zgjidhet-presidente-me-votat-e-ldk-se-e-vv-se\/"},"author":{"name":"i l","@id":"https:\/\/kosovatimes.info\/#\/schema\/person\/7586712b9c512fe68085de007378c915"},"headline":"Hamza: Osmani mund t\u00eb zgjidhet presidente me votat e LDK-s\u00eb e VV-s\u00eb","datePublished":"2026-04-27T15:03:00+00:00","dateModified":"2026-04-27T16:06:31+00:00","mainEntityOfPage":{"@id":"https:\/\/kosovatimes.info\/index.php\/2026\/04\/27\/hamza-osmani-mund-te-zgjidhet-presidente-me-votat-e-ldk-se-e-vv-se\/"},"wordCount":171,"commentCount":0,"image":{"@id":"https:\/\/kosovatimes.info\/index.php\/2026\/04\/27\/hamza-osmani-mund-te-zgjidhet-presidente-me-votat-e-ldk-se-e-vv-se\/#primaryimage"},"thumbnailUrl":"https:\/\/kosovatimes.info\/wp-content\/uploads\/2026\/04\/Hamza-8.jpg","articleSection":["Kosov\u00eb","Lajme"],"inLanguage":"en-US","potentialAction":[{"@type":"CommentAction","name":"Comment","target":["https:\/\/kosovatimes.info\/index.php\/2026\/04\/27\/hamza-osmani-mund-te-zgjidhet-presidente-me-votat-e-ldk-se-e-vv-se\/#respond"]}]},{"@type":"WebPage","@id":"https:\/\/kosovatimes.info\/index.php\/2026\/04\/27\/hamza-osmani-mund-te-zgjidhet-presidente-me-votat-e-ldk-se-e-vv-se\/","url":"https:\/\/kosovatimes.info\/index.php\/2026\/04\/27\/hamza-osmani-mund-te-zgjidhet-presidente-me-votat-e-ldk-se-e-vv-se\/","name":"Hamza: Osmani mund t\u00eb zgjidhet presidente me votat e LDK-s\u00eb e VV-s\u00eb - Kosova Times","isPartOf":{"@id":"https:\/\/kosovatimes.info\/#website"},"primaryImageOfPage":{"@id":"https:\/\/kosovatimes.info\/index.php\/2026\/04\/27\/hamza-osmani-mund-te-zgjidhet-presidente-me-votat-e-ldk-se-e-vv-se\/#primaryimage"},"image":{"@id":"https:\/\/kosovatimes.info\/index.php\/2026\/04\/27\/hamza-osmani-mund-te-zgjidhet-presidente-me-votat-e-ldk-se-e-vv-se\/#primaryimage"},"thumbnailUrl":"https:\/\/kosovatimes.info\/wp-content\/uploads\/2026\/04\/Hamza-8.jpg","datePublished":"2026-04-27T15:03:00+00:00","dateModified":"2026-04-27T16:06:31+00:00","author":{"@id":"https:\/\/kosovatimes.info\/#\/schema\/person\/7586712b9c512fe68085de007378c915"},"breadcrumb":{"@id":"https:\/\/kosovatimes.info\/index.php\/2026\/04\/27\/hamza-osmani-mund-te-zgjidhet-presidente-me-votat-e-ldk-se-e-vv-se\/#breadcrumb"},"inLanguage":"en-US","potentialAction":[{"@type":"ReadAction","target":["https:\/\/kosovatimes.info\/index.php\/2026\/04\/27\/hamza-osmani-mund-te-zgjidhet-presidente-me-votat-e-ldk-se-e-vv-se\/"]}]},{"@type":"ImageObject","inLanguage":"en-US","@id":"https:\/\/kosovatimes.info\/index.php\/2026\/04\/27\/hamza-osmani-mund-te-zgjidhet-presidente-me-votat-e-ldk-se-e-vv-se\/#primaryimage","url":"https:\/\/kosovatimes.info\/wp-content\/uploads\/2026\/04\/Hamza-8.jpg","contentUrl":"https:\/\/kosovatimes.info\/wp-content\/uploads\/2026\/04\/Hamza-8.jpg","width":780,"height":500},{"@type":"BreadcrumbList","@id":"https:\/\/kosovatimes.info\/index.php\/2026\/04\/27\/hamza-osmani-mund-te-zgjidhet-presidente-me-votat-e-ldk-se-e-vv-se\/#breadcrumb","itemListElement":[{"@type":"ListItem","position":1,"name":"Home","item":"https:\/\/kosovatimes.info\/"},{"@type":"ListItem","position":2,"name":"Hamza: Osmani mund t\u00eb zgjidhet presidente me votat e LDK-s\u00eb e VV-s\u00eb"}]},{"@type":"WebSite","@id":"https:\/\/kosovatimes.info\/#website","url":"https:\/\/kosovatimes.info\/","name":"Kosova Times","description":"","potentialAction":[{"@type":"SearchAction","target":{"@type":"EntryPoint","urlTemplate":"https:\/\/kosovatimes.info\/?s={search_term_string}"},"query-input":{"@type":"PropertyValueSpecification","valueRequired":true,"valueName":"search_term_string"}}],"inLanguage":"en-US"},{"@type":"Person","@id":"https:\/\/kosovatimes.info\/#\/schema\/person\/7586712b9c512fe68085de007378c915","name":"i l","image":{"@type":"ImageObject","inLanguage":"en-US","@id":"https:\/\/secure.gravatar.com\/avatar\/bad9296e02816160ae2e2435beda58222022298d5625d49fea74d18816fbb31d?s=96&d=mm&r=g","url":"https:\/\/secure.gravatar.com\/avatar\/bad9296e02816160ae2e2435beda58222022298d5625d49fea74d18816fbb31d?s=96&d=mm&r=g","contentUrl":"https:\/\/secure.gravatar.com\/avatar\/bad9296e02816160ae2e2435beda58222022298d5625d49fea74d18816fbb31d?s=96&d=mm&r=g","caption":"i l"},"url":"https:\/\/kosovatimes.info\/index.php\/author\/iliri\/"}]}},"_links":{"self":[{"href":"https:\/\/kosovatimes.info\/index.php\/wp-json\/wp\/v2\/posts\/12100","targetHints":{"allow":["GET"]}}],"collection":[{"href":"https:\/\/kosovatimes.info\/index.php\/wp-json\/wp\/v2\/posts"}],"about":[{"href":"https:\/\/kosovatimes.info\/index.php\/wp-json\/wp\/v2\/types\/post"}],"author":[{"embeddable":true,"href":"https:\/\/kosovatimes.info\/index.php\/wp-json\/wp\/v2\/users\/4"}],"replies":[{"embeddable":true,"href":"https:\/\/kosovatimes.info\/index.php\/wp-json\/wp\/v2\/comments?post=12100"}],"version-history":[{"count":1,"href":"https:\/\/kosovatimes.info\/index.php\/wp-json\/wp\/v2\/posts\/12100\/revisions"}],"predecessor-version":[{"id":12102,"href":"https:\/\/kosovatimes.info\/index.php\/wp-json\/wp\/v2\/posts\/12100\/revisions\/12102"}],"wp:featuredmedia":[{"embeddable":true,"href":"https:\/\/kosovatimes.info\/index.php\/wp-json\/wp\/v2\/media\/12101"}],"wp:attachment":[{"href":"https:\/\/kosovatimes.info\/index.php\/wp-json\/wp\/v2\/media?parent=12100"}],"wp:term":[{"taxonomy":"category","embeddable":true,"href":"https:\/\/kosovatimes.info\/index.php\/wp-json\/wp\/v2\/categories?post=12100"},{"taxonomy":"post_tag","embeddable":true,"href":"https:\/\/kosovatimes.info\/index.php\/wp-json\/wp\/v2\/tags?post=12100"}],"curies":[{"name":"wp","href":"https:\/\/api.w.org\/{rel}","templated":true}]}}