{"id":12109,"date":"2026-04-27T17:22:00","date_gmt":"2026-04-27T15:22:00","guid":{"rendered":"https:\/\/kosovatimes.info\/?p=12109"},"modified":"2026-04-27T18:10:33","modified_gmt":"2026-04-27T16:10:33","slug":"nagavci-nuk-ka-hapa-konkrete-nga-pdk-dhe-ldk-per-presidentin","status":"publish","type":"post","link":"https:\/\/kosovatimes.info\/index.php\/2026\/04\/27\/nagavci-nuk-ka-hapa-konkrete-nga-pdk-dhe-ldk-per-presidentin\/","title":{"rendered":"Nagavci: Nuk ka hapa konkret\u00eb nga PDK dhe LDK p\u00ebr Presidentin"},"content":{"rendered":"\n<p><strong>Shefja e Grupit Parlamentar t\u00eb LVV-s\u00eb, Arb\u00ebrie Nagavci, ka deklaruar se nuk ka hapa serioz\u00eb nga PDK dhe LDK p\u00ebr sigurimin e n\u00ebnshkrimeve t\u00eb nevojshme p\u00ebr zgjedhjen e Presidentit, duke theksuar se L\u00ebvizja Vet\u00ebvendosje ka qen\u00eb e gatshme p\u00ebr marr\u00ebveshje dhe shmangie t\u00eb zgjedhjeve t\u00eb reja.<\/strong><\/p>\n\n\n\n<p>Shefja e Grupit Parlamentar t\u00eb LVV-s\u00eb, Arb\u00ebrie Nagavci, ka folur para seanc\u00ebs s\u00eb jasht\u00ebzakonshme t\u00eb thirrur nga kjo parti p\u00ebr Presidentin.<\/p>\n\n\n\n<p>Ajo tha se k\u00ebrkesa p\u00ebr tre kandidat\u00eb \u00ebsht\u00eb b\u00ebr\u00eb n\u00eb m\u00ebnyr\u00eb q\u00eb edhe L\u00ebvizja Vet\u00ebvendosje, edhe PDK dhe LDK t\u00eb jen\u00eb pjes\u00eb e procesit t\u00eb zgjedhjes s\u00eb Presidentit.<\/p>\n\n\n\n<p>\u201cP\u00ebrtej deklaratave e deklarimit se i kemi 15 n\u00ebnshkrime, ato duhet t\u00eb shihen. Un\u00eb kam t\u00eb gatshme n\u00ebnshkrimet edhe p\u00ebr seanc\u00eb edhe p\u00ebr president. S\u2019mjaftojn\u00eb deklaratat\u201d, tha Nagavci.<\/p>\n\n\n\n<p>Ajo shtoi se kan\u00eb pritur gjat\u00eb fundjav\u00ebs p\u00ebr n\u00ebnshkrimet nga partit\u00eb tjera, por sipas saj, nuk ka pasur l\u00ebvizje konkrete.<\/p>\n\n\n\n<p>\u201cP\u00ebr ne besoj q\u00eb Kuvendi \u00ebsht\u00eb vendi ku duhet edhe t\u00eb b\u00ebhen debatet, por edhe t\u00eb merren vendimet e r\u00ebnd\u00ebsishme\u2026 Nuk ka hapa serioz\u201d, deklaroi ajo.<\/p>\n\n\n\n<p>Nagavci tha se LVV ka b\u00ebr\u00eb propozime p\u00ebr t\u00eb shmangur zgjedhje t\u00eb reja dhe ka propozuar q\u00eb LDK dhe PDK t\u00eb sjellin tre kandidatura, p\u00ebr t\u00eb mund\u00ebsuar nj\u00eb marr\u00ebveshje.<\/p>\n\n\n\n<p>\u201cAjo q\u00eb kemi propozuar \u00ebsht\u00eb q\u00eb LDK dhe PDK t\u00eb ofrojn\u00eb tri propozime, dhe ne t\u00eb t\u00ebrheqim dy kandidaturat tona\u2026 por nuk kemi par\u00eb asgj\u00eb konkrete\u201d, u shpreh ajo.<\/p>\n\n\n\n<p>Ajo shtoi se nuk ka pranuar n\u00ebnshkrime nga partit\u00eb tjera, ndon\u00ebse sipas saj LVV ka qen\u00eb e gatshme t\u00eb plot\u00ebsoj\u00eb kushtin e nevojsh\u00ebm prej 30 n\u00ebnshkrimeve p\u00ebr kandidat\u00ebt.<\/p>\n","protected":false},"excerpt":{"rendered":"<p>Shefja e Grupit Parlamentar t\u00eb LVV-s\u00eb, Arb\u00ebrie Nagavci, ka deklaruar se nuk ka hapa serioz\u00eb nga PDK dhe LDK p\u00ebr sigurimin e n\u00ebnshkrimeve t\u00eb nevojshme p\u00ebr zgjedhjen e Presidentit, duke theksuar se L\u00ebvizja Vet\u00ebvendosje ka qen\u00eb e gatshme p\u00ebr marr\u00ebveshje dhe shmangie t\u00eb zgjedhjeve t\u00eb reja. Shefja e Grupit Parlamentar t\u00eb LVV-s\u00eb, Arb\u00ebrie Nagavci, ka [&hellip;]<\/p>\n","protected":false},"author":4,"featured_media":12110,"comment_status":"open","ping_status":"open","sticky":false,"template":"","format":"standard","meta":{"footnotes":""},"categories":[31,30],"tags":[],"class_list":{"0":"post-12109","1":"post","2":"type-post","3":"status-publish","4":"format-standard","5":"has-post-thumbnail","7":"category-kosove","8":"category-lajme"},"yoast_head":"<!-- This site is optimized with the Yoast SEO plugin v27.4 - https:\/\/yoast.com\/product\/yoast-seo-wordpress\/ -->\n<title>Nagavci: Nuk ka hapa konkret\u00eb nga PDK dhe LDK p\u00ebr Presidentin - Kosova Times<\/title>\n<meta name=\"robots\" content=\"index, follow, max-snippet:-1, max-image-preview:large, max-video-preview:-1\" \/>\n<link rel=\"canonical\" href=\"https:\/\/kosovatimes.info\/index.php\/2026\/04\/27\/nagavci-nuk-ka-hapa-konkrete-nga-pdk-dhe-ldk-per-presidentin\/\" \/>\n<meta property=\"og:locale\" content=\"en_US\" \/>\n<meta property=\"og:type\" content=\"article\" \/>\n<meta property=\"og:title\" content=\"Nagavci: Nuk ka hapa konkret\u00eb nga PDK dhe LDK p\u00ebr Presidentin - Kosova Times\" \/>\n<meta property=\"og:description\" content=\"Shefja e Grupit Parlamentar t\u00eb LVV-s\u00eb, Arb\u00ebrie Nagavci, ka deklaruar se nuk ka hapa serioz\u00eb nga PDK dhe LDK p\u00ebr sigurimin e n\u00ebnshkrimeve t\u00eb nevojshme p\u00ebr zgjedhjen e Presidentit, duke theksuar se L\u00ebvizja Vet\u00ebvendosje ka qen\u00eb e gatshme p\u00ebr marr\u00ebveshje dhe shmangie t\u00eb zgjedhjeve t\u00eb reja. Shefja e Grupit Parlamentar t\u00eb LVV-s\u00eb, Arb\u00ebrie Nagavci, ka [&hellip;]\" \/>\n<meta property=\"og:url\" content=\"https:\/\/kosovatimes.info\/index.php\/2026\/04\/27\/nagavci-nuk-ka-hapa-konkrete-nga-pdk-dhe-ldk-per-presidentin\/\" \/>\n<meta property=\"og:site_name\" content=\"Kosova Times\" \/>\n<meta property=\"article:published_time\" content=\"2026-04-27T15:22:00+00:00\" \/>\n<meta property=\"article:modified_time\" content=\"2026-04-27T16:10:33+00:00\" \/>\n<meta property=\"og:image\" content=\"https:\/\/kosovatimes.info\/wp-content\/uploads\/2026\/04\/Nagavci-4.jpg\" \/>\n\t<meta property=\"og:image:width\" content=\"780\" \/>\n\t<meta property=\"og:image:height\" content=\"500\" \/>\n\t<meta property=\"og:image:type\" content=\"image\/jpeg\" \/>\n<meta name=\"author\" content=\"i l\" \/>\n<meta name=\"twitter:card\" content=\"summary_large_image\" \/>\n<meta name=\"twitter:label1\" content=\"Written by\" \/>\n\t<meta name=\"twitter:data1\" content=\"i l\" \/>\n\t<meta name=\"twitter:label2\" content=\"Est. reading time\" \/>\n\t<meta name=\"twitter:data2\" content=\"2 minutes\" \/>\n<script type=\"application\/ld+json\" class=\"yoast-schema-graph\">{\"@context\":\"https:\\\/\\\/schema.org\",\"@graph\":[{\"@type\":\"Article\",\"@id\":\"https:\\\/\\\/kosovatimes.info\\\/index.php\\\/2026\\\/04\\\/27\\\/nagavci-nuk-ka-hapa-konkrete-nga-pdk-dhe-ldk-per-presidentin\\\/#article\",\"isPartOf\":{\"@id\":\"https:\\\/\\\/kosovatimes.info\\\/index.php\\\/2026\\\/04\\\/27\\\/nagavci-nuk-ka-hapa-konkrete-nga-pdk-dhe-ldk-per-presidentin\\\/\"},\"author\":{\"name\":\"i l\",\"@id\":\"https:\\\/\\\/kosovatimes.info\\\/#\\\/schema\\\/person\\\/7586712b9c512fe68085de007378c915\"},\"headline\":\"Nagavci: Nuk ka hapa konkret\u00eb nga PDK dhe LDK p\u00ebr Presidentin\",\"datePublished\":\"2026-04-27T15:22:00+00:00\",\"dateModified\":\"2026-04-27T16:10:33+00:00\",\"mainEntityOfPage\":{\"@id\":\"https:\\\/\\\/kosovatimes.info\\\/index.php\\\/2026\\\/04\\\/27\\\/nagavci-nuk-ka-hapa-konkrete-nga-pdk-dhe-ldk-per-presidentin\\\/\"},\"wordCount\":310,\"commentCount\":0,\"image\":{\"@id\":\"https:\\\/\\\/kosovatimes.info\\\/index.php\\\/2026\\\/04\\\/27\\\/nagavci-nuk-ka-hapa-konkrete-nga-pdk-dhe-ldk-per-presidentin\\\/#primaryimage\"},\"thumbnailUrl\":\"https:\\\/\\\/kosovatimes.info\\\/wp-content\\\/uploads\\\/2026\\\/04\\\/Nagavci-4.jpg\",\"articleSection\":[\"Kosov\u00eb\",\"Lajme\"],\"inLanguage\":\"en-US\",\"potentialAction\":[{\"@type\":\"CommentAction\",\"name\":\"Comment\",\"target\":[\"https:\\\/\\\/kosovatimes.info\\\/index.php\\\/2026\\\/04\\\/27\\\/nagavci-nuk-ka-hapa-konkrete-nga-pdk-dhe-ldk-per-presidentin\\\/#respond\"]}]},{\"@type\":\"WebPage\",\"@id\":\"https:\\\/\\\/kosovatimes.info\\\/index.php\\\/2026\\\/04\\\/27\\\/nagavci-nuk-ka-hapa-konkrete-nga-pdk-dhe-ldk-per-presidentin\\\/\",\"url\":\"https:\\\/\\\/kosovatimes.info\\\/index.php\\\/2026\\\/04\\\/27\\\/nagavci-nuk-ka-hapa-konkrete-nga-pdk-dhe-ldk-per-presidentin\\\/\",\"name\":\"Nagavci: Nuk ka hapa konkret\u00eb nga PDK dhe LDK p\u00ebr Presidentin - Kosova Times\",\"isPartOf\":{\"@id\":\"https:\\\/\\\/kosovatimes.info\\\/#website\"},\"primaryImageOfPage\":{\"@id\":\"https:\\\/\\\/kosovatimes.info\\\/index.php\\\/2026\\\/04\\\/27\\\/nagavci-nuk-ka-hapa-konkrete-nga-pdk-dhe-ldk-per-presidentin\\\/#primaryimage\"},\"image\":{\"@id\":\"https:\\\/\\\/kosovatimes.info\\\/index.php\\\/2026\\\/04\\\/27\\\/nagavci-nuk-ka-hapa-konkrete-nga-pdk-dhe-ldk-per-presidentin\\\/#primaryimage\"},\"thumbnailUrl\":\"https:\\\/\\\/kosovatimes.info\\\/wp-content\\\/uploads\\\/2026\\\/04\\\/Nagavci-4.jpg\",\"datePublished\":\"2026-04-27T15:22:00+00:00\",\"dateModified\":\"2026-04-27T16:10:33+00:00\",\"author\":{\"@id\":\"https:\\\/\\\/kosovatimes.info\\\/#\\\/schema\\\/person\\\/7586712b9c512fe68085de007378c915\"},\"breadcrumb\":{\"@id\":\"https:\\\/\\\/kosovatimes.info\\\/index.php\\\/2026\\\/04\\\/27\\\/nagavci-nuk-ka-hapa-konkrete-nga-pdk-dhe-ldk-per-presidentin\\\/#breadcrumb\"},\"inLanguage\":\"en-US\",\"potentialAction\":[{\"@type\":\"ReadAction\",\"target\":[\"https:\\\/\\\/kosovatimes.info\\\/index.php\\\/2026\\\/04\\\/27\\\/nagavci-nuk-ka-hapa-konkrete-nga-pdk-dhe-ldk-per-presidentin\\\/\"]}]},{\"@type\":\"ImageObject\",\"inLanguage\":\"en-US\",\"@id\":\"https:\\\/\\\/kosovatimes.info\\\/index.php\\\/2026\\\/04\\\/27\\\/nagavci-nuk-ka-hapa-konkrete-nga-pdk-dhe-ldk-per-presidentin\\\/#primaryimage\",\"url\":\"https:\\\/\\\/kosovatimes.info\\\/wp-content\\\/uploads\\\/2026\\\/04\\\/Nagavci-4.jpg\",\"contentUrl\":\"https:\\\/\\\/kosovatimes.info\\\/wp-content\\\/uploads\\\/2026\\\/04\\\/Nagavci-4.jpg\",\"width\":780,\"height\":500},{\"@type\":\"BreadcrumbList\",\"@id\":\"https:\\\/\\\/kosovatimes.info\\\/index.php\\\/2026\\\/04\\\/27\\\/nagavci-nuk-ka-hapa-konkrete-nga-pdk-dhe-ldk-per-presidentin\\\/#breadcrumb\",\"itemListElement\":[{\"@type\":\"ListItem\",\"position\":1,\"name\":\"Home\",\"item\":\"https:\\\/\\\/kosovatimes.info\\\/\"},{\"@type\":\"ListItem\",\"position\":2,\"name\":\"Nagavci: Nuk ka hapa konkret\u00eb nga PDK dhe LDK p\u00ebr Presidentin\"}]},{\"@type\":\"WebSite\",\"@id\":\"https:\\\/\\\/kosovatimes.info\\\/#website\",\"url\":\"https:\\\/\\\/kosovatimes.info\\\/\",\"name\":\"Kosova Times\",\"description\":\"\",\"potentialAction\":[{\"@type\":\"SearchAction\",\"target\":{\"@type\":\"EntryPoint\",\"urlTemplate\":\"https:\\\/\\\/kosovatimes.info\\\/?s={search_term_string}\"},\"query-input\":{\"@type\":\"PropertyValueSpecification\",\"valueRequired\":true,\"valueName\":\"search_term_string\"}}],\"inLanguage\":\"en-US\"},{\"@type\":\"Person\",\"@id\":\"https:\\\/\\\/kosovatimes.info\\\/#\\\/schema\\\/person\\\/7586712b9c512fe68085de007378c915\",\"name\":\"i l\",\"image\":{\"@type\":\"ImageObject\",\"inLanguage\":\"en-US\",\"@id\":\"https:\\\/\\\/secure.gravatar.com\\\/avatar\\\/bad9296e02816160ae2e2435beda58222022298d5625d49fea74d18816fbb31d?s=96&d=mm&r=g\",\"url\":\"https:\\\/\\\/secure.gravatar.com\\\/avatar\\\/bad9296e02816160ae2e2435beda58222022298d5625d49fea74d18816fbb31d?s=96&d=mm&r=g\",\"contentUrl\":\"https:\\\/\\\/secure.gravatar.com\\\/avatar\\\/bad9296e02816160ae2e2435beda58222022298d5625d49fea74d18816fbb31d?s=96&d=mm&r=g\",\"caption\":\"i l\"},\"url\":\"https:\\\/\\\/kosovatimes.info\\\/index.php\\\/author\\\/iliri\\\/\"}]}<\/script>\n<!-- \/ Yoast SEO plugin. -->","yoast_head_json":{"title":"Nagavci: Nuk ka hapa konkret\u00eb nga PDK dhe LDK p\u00ebr Presidentin - Kosova Times","robots":{"index":"index","follow":"follow","max-snippet":"max-snippet:-1","max-image-preview":"max-image-preview:large","max-video-preview":"max-video-preview:-1"},"canonical":"https:\/\/kosovatimes.info\/index.php\/2026\/04\/27\/nagavci-nuk-ka-hapa-konkrete-nga-pdk-dhe-ldk-per-presidentin\/","og_locale":"en_US","og_type":"article","og_title":"Nagavci: Nuk ka hapa konkret\u00eb nga PDK dhe LDK p\u00ebr Presidentin - Kosova Times","og_description":"Shefja e Grupit Parlamentar t\u00eb LVV-s\u00eb, Arb\u00ebrie Nagavci, ka deklaruar se nuk ka hapa serioz\u00eb nga PDK dhe LDK p\u00ebr sigurimin e n\u00ebnshkrimeve t\u00eb nevojshme p\u00ebr zgjedhjen e Presidentit, duke theksuar se L\u00ebvizja Vet\u00ebvendosje ka qen\u00eb e gatshme p\u00ebr marr\u00ebveshje dhe shmangie t\u00eb zgjedhjeve t\u00eb reja. Shefja e Grupit Parlamentar t\u00eb LVV-s\u00eb, Arb\u00ebrie Nagavci, ka [&hellip;]","og_url":"https:\/\/kosovatimes.info\/index.php\/2026\/04\/27\/nagavci-nuk-ka-hapa-konkrete-nga-pdk-dhe-ldk-per-presidentin\/","og_site_name":"Kosova Times","article_published_time":"2026-04-27T15:22:00+00:00","article_modified_time":"2026-04-27T16:10:33+00:00","og_image":[{"width":780,"height":500,"url":"https:\/\/kosovatimes.info\/wp-content\/uploads\/2026\/04\/Nagavci-4.jpg","type":"image\/jpeg"}],"author":"i l","twitter_card":"summary_large_image","twitter_misc":{"Written by":"i l","Est. reading time":"2 minutes"},"schema":{"@context":"https:\/\/schema.org","@graph":[{"@type":"Article","@id":"https:\/\/kosovatimes.info\/index.php\/2026\/04\/27\/nagavci-nuk-ka-hapa-konkrete-nga-pdk-dhe-ldk-per-presidentin\/#article","isPartOf":{"@id":"https:\/\/kosovatimes.info\/index.php\/2026\/04\/27\/nagavci-nuk-ka-hapa-konkrete-nga-pdk-dhe-ldk-per-presidentin\/"},"author":{"name":"i l","@id":"https:\/\/kosovatimes.info\/#\/schema\/person\/7586712b9c512fe68085de007378c915"},"headline":"Nagavci: Nuk ka hapa konkret\u00eb nga PDK dhe LDK p\u00ebr Presidentin","datePublished":"2026-04-27T15:22:00+00:00","dateModified":"2026-04-27T16:10:33+00:00","mainEntityOfPage":{"@id":"https:\/\/kosovatimes.info\/index.php\/2026\/04\/27\/nagavci-nuk-ka-hapa-konkrete-nga-pdk-dhe-ldk-per-presidentin\/"},"wordCount":310,"commentCount":0,"image":{"@id":"https:\/\/kosovatimes.info\/index.php\/2026\/04\/27\/nagavci-nuk-ka-hapa-konkrete-nga-pdk-dhe-ldk-per-presidentin\/#primaryimage"},"thumbnailUrl":"https:\/\/kosovatimes.info\/wp-content\/uploads\/2026\/04\/Nagavci-4.jpg","articleSection":["Kosov\u00eb","Lajme"],"inLanguage":"en-US","potentialAction":[{"@type":"CommentAction","name":"Comment","target":["https:\/\/kosovatimes.info\/index.php\/2026\/04\/27\/nagavci-nuk-ka-hapa-konkrete-nga-pdk-dhe-ldk-per-presidentin\/#respond"]}]},{"@type":"WebPage","@id":"https:\/\/kosovatimes.info\/index.php\/2026\/04\/27\/nagavci-nuk-ka-hapa-konkrete-nga-pdk-dhe-ldk-per-presidentin\/","url":"https:\/\/kosovatimes.info\/index.php\/2026\/04\/27\/nagavci-nuk-ka-hapa-konkrete-nga-pdk-dhe-ldk-per-presidentin\/","name":"Nagavci: Nuk ka hapa konkret\u00eb nga PDK dhe LDK p\u00ebr Presidentin - Kosova Times","isPartOf":{"@id":"https:\/\/kosovatimes.info\/#website"},"primaryImageOfPage":{"@id":"https:\/\/kosovatimes.info\/index.php\/2026\/04\/27\/nagavci-nuk-ka-hapa-konkrete-nga-pdk-dhe-ldk-per-presidentin\/#primaryimage"},"image":{"@id":"https:\/\/kosovatimes.info\/index.php\/2026\/04\/27\/nagavci-nuk-ka-hapa-konkrete-nga-pdk-dhe-ldk-per-presidentin\/#primaryimage"},"thumbnailUrl":"https:\/\/kosovatimes.info\/wp-content\/uploads\/2026\/04\/Nagavci-4.jpg","datePublished":"2026-04-27T15:22:00+00:00","dateModified":"2026-04-27T16:10:33+00:00","author":{"@id":"https:\/\/kosovatimes.info\/#\/schema\/person\/7586712b9c512fe68085de007378c915"},"breadcrumb":{"@id":"https:\/\/kosovatimes.info\/index.php\/2026\/04\/27\/nagavci-nuk-ka-hapa-konkrete-nga-pdk-dhe-ldk-per-presidentin\/#breadcrumb"},"inLanguage":"en-US","potentialAction":[{"@type":"ReadAction","target":["https:\/\/kosovatimes.info\/index.php\/2026\/04\/27\/nagavci-nuk-ka-hapa-konkrete-nga-pdk-dhe-ldk-per-presidentin\/"]}]},{"@type":"ImageObject","inLanguage":"en-US","@id":"https:\/\/kosovatimes.info\/index.php\/2026\/04\/27\/nagavci-nuk-ka-hapa-konkrete-nga-pdk-dhe-ldk-per-presidentin\/#primaryimage","url":"https:\/\/kosovatimes.info\/wp-content\/uploads\/2026\/04\/Nagavci-4.jpg","contentUrl":"https:\/\/kosovatimes.info\/wp-content\/uploads\/2026\/04\/Nagavci-4.jpg","width":780,"height":500},{"@type":"BreadcrumbList","@id":"https:\/\/kosovatimes.info\/index.php\/2026\/04\/27\/nagavci-nuk-ka-hapa-konkrete-nga-pdk-dhe-ldk-per-presidentin\/#breadcrumb","itemListElement":[{"@type":"ListItem","position":1,"name":"Home","item":"https:\/\/kosovatimes.info\/"},{"@type":"ListItem","position":2,"name":"Nagavci: Nuk ka hapa konkret\u00eb nga PDK dhe LDK p\u00ebr Presidentin"}]},{"@type":"WebSite","@id":"https:\/\/kosovatimes.info\/#website","url":"https:\/\/kosovatimes.info\/","name":"Kosova Times","description":"","potentialAction":[{"@type":"SearchAction","target":{"@type":"EntryPoint","urlTemplate":"https:\/\/kosovatimes.info\/?s={search_term_string}"},"query-input":{"@type":"PropertyValueSpecification","valueRequired":true,"valueName":"search_term_string"}}],"inLanguage":"en-US"},{"@type":"Person","@id":"https:\/\/kosovatimes.info\/#\/schema\/person\/7586712b9c512fe68085de007378c915","name":"i l","image":{"@type":"ImageObject","inLanguage":"en-US","@id":"https:\/\/secure.gravatar.com\/avatar\/bad9296e02816160ae2e2435beda58222022298d5625d49fea74d18816fbb31d?s=96&d=mm&r=g","url":"https:\/\/secure.gravatar.com\/avatar\/bad9296e02816160ae2e2435beda58222022298d5625d49fea74d18816fbb31d?s=96&d=mm&r=g","contentUrl":"https:\/\/secure.gravatar.com\/avatar\/bad9296e02816160ae2e2435beda58222022298d5625d49fea74d18816fbb31d?s=96&d=mm&r=g","caption":"i l"},"url":"https:\/\/kosovatimes.info\/index.php\/author\/iliri\/"}]}},"_links":{"self":[{"href":"https:\/\/kosovatimes.info\/index.php\/wp-json\/wp\/v2\/posts\/12109","targetHints":{"allow":["GET"]}}],"collection":[{"href":"https:\/\/kosovatimes.info\/index.php\/wp-json\/wp\/v2\/posts"}],"about":[{"href":"https:\/\/kosovatimes.info\/index.php\/wp-json\/wp\/v2\/types\/post"}],"author":[{"embeddable":true,"href":"https:\/\/kosovatimes.info\/index.php\/wp-json\/wp\/v2\/users\/4"}],"replies":[{"embeddable":true,"href":"https:\/\/kosovatimes.info\/index.php\/wp-json\/wp\/v2\/comments?post=12109"}],"version-history":[{"count":1,"href":"https:\/\/kosovatimes.info\/index.php\/wp-json\/wp\/v2\/posts\/12109\/revisions"}],"predecessor-version":[{"id":12111,"href":"https:\/\/kosovatimes.info\/index.php\/wp-json\/wp\/v2\/posts\/12109\/revisions\/12111"}],"wp:featuredmedia":[{"embeddable":true,"href":"https:\/\/kosovatimes.info\/index.php\/wp-json\/wp\/v2\/media\/12110"}],"wp:attachment":[{"href":"https:\/\/kosovatimes.info\/index.php\/wp-json\/wp\/v2\/media?parent=12109"}],"wp:term":[{"taxonomy":"category","embeddable":true,"href":"https:\/\/kosovatimes.info\/index.php\/wp-json\/wp\/v2\/categories?post=12109"},{"taxonomy":"post_tag","embeddable":true,"href":"https:\/\/kosovatimes.info\/index.php\/wp-json\/wp\/v2\/tags?post=12109"}],"curies":[{"name":"wp","href":"https:\/\/api.w.org\/{rel}","templated":true}]}}