{"id":12112,"date":"2026-04-27T17:22:00","date_gmt":"2026-04-27T15:22:00","guid":{"rendered":"https:\/\/kosovatimes.info\/?p=12112"},"modified":"2026-04-27T18:11:45","modified_gmt":"2026-04-27T16:11:45","slug":"aak-smerr-pjese-ne-seance-tahiri-kosova-pati-tre-muaj-per-presidentin","status":"publish","type":"post","link":"https:\/\/kosovatimes.info\/index.php\/2026\/04\/27\/aak-smerr-pjese-ne-seance-tahiri-kosova-pati-tre-muaj-per-presidentin\/","title":{"rendered":"AAK s\u2019merr pjes\u00eb n\u00eb seanc\u00eb, Tahiri: Kosova pati tre muaj p\u00ebr presidentin"},"content":{"rendered":"\n<p><strong>Besnik Tahiri, shefi i grupit parlamentar t\u00eb Aleanc\u00ebs s\u00eb Ardhm\u00ebris\u00eb s\u00eb Kosov\u00ebs ka njoftuar se nuk do t\u00eb marrin pjes\u00eb n\u00eb seanc\u00ebn ku do t\u00eb diskutohet p\u00ebr zgjedhjen e presidentit.<\/strong><\/p>\n\n\n\n<p>\u201cKosova i kishte tre muaj p\u00ebr t\u00eb diskutuar seriozisht zgjedhjen e presidentit, q\u00eb nga themelimi i qeveris\u00eb. E kemi th\u00ebn\u00eb nga dita e par\u00eb dhe vazhdojm\u00eb ta themi edhe tash, diskutimet p\u00ebr zgjedhjen e presidentit kan\u00eb qen\u00eb nj\u00eb spektak\u00ebl politik, performanc\u00eb publike, me q\u00ebllim t\u00eb vet\u00ebm t\u00eb vijm\u00eb n\u00eb k\u00ebt\u00eb situat\u00eb\u201d, ka th\u00ebn\u00eb ai.<\/p>\n\n\n\n<p>Ai tha se emrat e propozuar nga LVV jan\u00eb zyrtar\u00eb partiak dhe jo kandidat unifikues e konsensual p\u00ebr president.<\/p>\n\n\n\n<p>\u201cAAK-ja s\u2019ka qen\u00eb e ftuar p\u00ebr diskutime. S\u2019kemi marr\u00eb pjes\u00eb, e rrjedhimisht s\u2019marrim pjes\u00eb n\u00eb nj\u00eb diskutim q\u00eb prap\u00eb \u00ebsht\u00eb nj\u00eb performanc\u00eb publike. K\u00ebsaj radhe po shihet \u00ebsht\u00eb performanc\u00eb publike, diskutim me fol vet me veti. Kurti n\u00eb vend se t\u00eb flas\u00eb n\u00eb organe t\u00eb partis\u00eb, do q\u00eb platform\u00ebn e Kuvendit ta kthej\u00eb n\u00eb diskutim t\u00eb brendsh\u00ebm\u201d, ka th\u00ebn\u00eb Tahiri.<\/p>\n","protected":false},"excerpt":{"rendered":"<p>Besnik Tahiri, shefi i grupit parlamentar t\u00eb Aleanc\u00ebs s\u00eb Ardhm\u00ebris\u00eb s\u00eb Kosov\u00ebs ka njoftuar se nuk do t\u00eb marrin pjes\u00eb n\u00eb seanc\u00ebn ku do t\u00eb diskutohet p\u00ebr zgjedhjen e presidentit. \u201cKosova i kishte tre muaj p\u00ebr t\u00eb diskutuar seriozisht zgjedhjen e presidentit, q\u00eb nga themelimi i qeveris\u00eb. E kemi th\u00ebn\u00eb nga dita e par\u00eb dhe [&hellip;]<\/p>\n","protected":false},"author":4,"featured_media":12113,"comment_status":"open","ping_status":"open","sticky":false,"template":"","format":"standard","meta":{"footnotes":""},"categories":[31,30],"tags":[],"class_list":{"0":"post-12112","1":"post","2":"type-post","3":"status-publish","4":"format-standard","5":"has-post-thumbnail","7":"category-kosove","8":"category-lajme"},"yoast_head":"<!-- This site is optimized with the Yoast SEO plugin v27.4 - https:\/\/yoast.com\/product\/yoast-seo-wordpress\/ -->\n<title>AAK s\u2019merr pjes\u00eb n\u00eb seanc\u00eb, Tahiri: Kosova pati tre muaj p\u00ebr presidentin - Kosova Times<\/title>\n<meta name=\"robots\" content=\"index, follow, max-snippet:-1, max-image-preview:large, max-video-preview:-1\" \/>\n<link rel=\"canonical\" href=\"https:\/\/kosovatimes.info\/index.php\/2026\/04\/27\/aak-smerr-pjese-ne-seance-tahiri-kosova-pati-tre-muaj-per-presidentin\/\" \/>\n<meta property=\"og:locale\" content=\"en_US\" \/>\n<meta property=\"og:type\" content=\"article\" \/>\n<meta property=\"og:title\" content=\"AAK s\u2019merr pjes\u00eb n\u00eb seanc\u00eb, Tahiri: Kosova pati tre muaj p\u00ebr presidentin - Kosova Times\" \/>\n<meta property=\"og:description\" content=\"Besnik Tahiri, shefi i grupit parlamentar t\u00eb Aleanc\u00ebs s\u00eb Ardhm\u00ebris\u00eb s\u00eb Kosov\u00ebs ka njoftuar se nuk do t\u00eb marrin pjes\u00eb n\u00eb seanc\u00ebn ku do t\u00eb diskutohet p\u00ebr zgjedhjen e presidentit. \u201cKosova i kishte tre muaj p\u00ebr t\u00eb diskutuar seriozisht zgjedhjen e presidentit, q\u00eb nga themelimi i qeveris\u00eb. E kemi th\u00ebn\u00eb nga dita e par\u00eb dhe [&hellip;]\" \/>\n<meta property=\"og:url\" content=\"https:\/\/kosovatimes.info\/index.php\/2026\/04\/27\/aak-smerr-pjese-ne-seance-tahiri-kosova-pati-tre-muaj-per-presidentin\/\" \/>\n<meta property=\"og:site_name\" content=\"Kosova Times\" \/>\n<meta property=\"article:published_time\" content=\"2026-04-27T15:22:00+00:00\" \/>\n<meta property=\"article:modified_time\" content=\"2026-04-27T16:11:45+00:00\" \/>\n<meta property=\"og:image\" content=\"https:\/\/kosovatimes.info\/wp-content\/uploads\/2026\/04\/AAK-1.jpg\" \/>\n\t<meta property=\"og:image:width\" content=\"780\" \/>\n\t<meta property=\"og:image:height\" content=\"500\" \/>\n\t<meta property=\"og:image:type\" content=\"image\/jpeg\" \/>\n<meta name=\"author\" content=\"i l\" \/>\n<meta name=\"twitter:card\" content=\"summary_large_image\" \/>\n<meta name=\"twitter:label1\" content=\"Written by\" \/>\n\t<meta name=\"twitter:data1\" content=\"i l\" \/>\n\t<meta name=\"twitter:label2\" content=\"Est. reading time\" \/>\n\t<meta name=\"twitter:data2\" content=\"1 minute\" \/>\n<script type=\"application\/ld+json\" class=\"yoast-schema-graph\">{\"@context\":\"https:\\\/\\\/schema.org\",\"@graph\":[{\"@type\":\"Article\",\"@id\":\"https:\\\/\\\/kosovatimes.info\\\/index.php\\\/2026\\\/04\\\/27\\\/aak-smerr-pjese-ne-seance-tahiri-kosova-pati-tre-muaj-per-presidentin\\\/#article\",\"isPartOf\":{\"@id\":\"https:\\\/\\\/kosovatimes.info\\\/index.php\\\/2026\\\/04\\\/27\\\/aak-smerr-pjese-ne-seance-tahiri-kosova-pati-tre-muaj-per-presidentin\\\/\"},\"author\":{\"name\":\"i l\",\"@id\":\"https:\\\/\\\/kosovatimes.info\\\/#\\\/schema\\\/person\\\/7586712b9c512fe68085de007378c915\"},\"headline\":\"AAK s\u2019merr pjes\u00eb n\u00eb seanc\u00eb, Tahiri: Kosova pati tre muaj p\u00ebr presidentin\",\"datePublished\":\"2026-04-27T15:22:00+00:00\",\"dateModified\":\"2026-04-27T16:11:45+00:00\",\"mainEntityOfPage\":{\"@id\":\"https:\\\/\\\/kosovatimes.info\\\/index.php\\\/2026\\\/04\\\/27\\\/aak-smerr-pjese-ne-seance-tahiri-kosova-pati-tre-muaj-per-presidentin\\\/\"},\"wordCount\":199,\"commentCount\":0,\"image\":{\"@id\":\"https:\\\/\\\/kosovatimes.info\\\/index.php\\\/2026\\\/04\\\/27\\\/aak-smerr-pjese-ne-seance-tahiri-kosova-pati-tre-muaj-per-presidentin\\\/#primaryimage\"},\"thumbnailUrl\":\"https:\\\/\\\/kosovatimes.info\\\/wp-content\\\/uploads\\\/2026\\\/04\\\/AAK-1.jpg\",\"articleSection\":[\"Kosov\u00eb\",\"Lajme\"],\"inLanguage\":\"en-US\",\"potentialAction\":[{\"@type\":\"CommentAction\",\"name\":\"Comment\",\"target\":[\"https:\\\/\\\/kosovatimes.info\\\/index.php\\\/2026\\\/04\\\/27\\\/aak-smerr-pjese-ne-seance-tahiri-kosova-pati-tre-muaj-per-presidentin\\\/#respond\"]}]},{\"@type\":\"WebPage\",\"@id\":\"https:\\\/\\\/kosovatimes.info\\\/index.php\\\/2026\\\/04\\\/27\\\/aak-smerr-pjese-ne-seance-tahiri-kosova-pati-tre-muaj-per-presidentin\\\/\",\"url\":\"https:\\\/\\\/kosovatimes.info\\\/index.php\\\/2026\\\/04\\\/27\\\/aak-smerr-pjese-ne-seance-tahiri-kosova-pati-tre-muaj-per-presidentin\\\/\",\"name\":\"AAK s\u2019merr pjes\u00eb n\u00eb seanc\u00eb, Tahiri: Kosova pati tre muaj p\u00ebr presidentin - Kosova Times\",\"isPartOf\":{\"@id\":\"https:\\\/\\\/kosovatimes.info\\\/#website\"},\"primaryImageOfPage\":{\"@id\":\"https:\\\/\\\/kosovatimes.info\\\/index.php\\\/2026\\\/04\\\/27\\\/aak-smerr-pjese-ne-seance-tahiri-kosova-pati-tre-muaj-per-presidentin\\\/#primaryimage\"},\"image\":{\"@id\":\"https:\\\/\\\/kosovatimes.info\\\/index.php\\\/2026\\\/04\\\/27\\\/aak-smerr-pjese-ne-seance-tahiri-kosova-pati-tre-muaj-per-presidentin\\\/#primaryimage\"},\"thumbnailUrl\":\"https:\\\/\\\/kosovatimes.info\\\/wp-content\\\/uploads\\\/2026\\\/04\\\/AAK-1.jpg\",\"datePublished\":\"2026-04-27T15:22:00+00:00\",\"dateModified\":\"2026-04-27T16:11:45+00:00\",\"author\":{\"@id\":\"https:\\\/\\\/kosovatimes.info\\\/#\\\/schema\\\/person\\\/7586712b9c512fe68085de007378c915\"},\"breadcrumb\":{\"@id\":\"https:\\\/\\\/kosovatimes.info\\\/index.php\\\/2026\\\/04\\\/27\\\/aak-smerr-pjese-ne-seance-tahiri-kosova-pati-tre-muaj-per-presidentin\\\/#breadcrumb\"},\"inLanguage\":\"en-US\",\"potentialAction\":[{\"@type\":\"ReadAction\",\"target\":[\"https:\\\/\\\/kosovatimes.info\\\/index.php\\\/2026\\\/04\\\/27\\\/aak-smerr-pjese-ne-seance-tahiri-kosova-pati-tre-muaj-per-presidentin\\\/\"]}]},{\"@type\":\"ImageObject\",\"inLanguage\":\"en-US\",\"@id\":\"https:\\\/\\\/kosovatimes.info\\\/index.php\\\/2026\\\/04\\\/27\\\/aak-smerr-pjese-ne-seance-tahiri-kosova-pati-tre-muaj-per-presidentin\\\/#primaryimage\",\"url\":\"https:\\\/\\\/kosovatimes.info\\\/wp-content\\\/uploads\\\/2026\\\/04\\\/AAK-1.jpg\",\"contentUrl\":\"https:\\\/\\\/kosovatimes.info\\\/wp-content\\\/uploads\\\/2026\\\/04\\\/AAK-1.jpg\",\"width\":780,\"height\":500},{\"@type\":\"BreadcrumbList\",\"@id\":\"https:\\\/\\\/kosovatimes.info\\\/index.php\\\/2026\\\/04\\\/27\\\/aak-smerr-pjese-ne-seance-tahiri-kosova-pati-tre-muaj-per-presidentin\\\/#breadcrumb\",\"itemListElement\":[{\"@type\":\"ListItem\",\"position\":1,\"name\":\"Home\",\"item\":\"https:\\\/\\\/kosovatimes.info\\\/\"},{\"@type\":\"ListItem\",\"position\":2,\"name\":\"AAK s\u2019merr pjes\u00eb n\u00eb seanc\u00eb, Tahiri: Kosova pati tre muaj p\u00ebr presidentin\"}]},{\"@type\":\"WebSite\",\"@id\":\"https:\\\/\\\/kosovatimes.info\\\/#website\",\"url\":\"https:\\\/\\\/kosovatimes.info\\\/\",\"name\":\"Kosova Times\",\"description\":\"\",\"potentialAction\":[{\"@type\":\"SearchAction\",\"target\":{\"@type\":\"EntryPoint\",\"urlTemplate\":\"https:\\\/\\\/kosovatimes.info\\\/?s={search_term_string}\"},\"query-input\":{\"@type\":\"PropertyValueSpecification\",\"valueRequired\":true,\"valueName\":\"search_term_string\"}}],\"inLanguage\":\"en-US\"},{\"@type\":\"Person\",\"@id\":\"https:\\\/\\\/kosovatimes.info\\\/#\\\/schema\\\/person\\\/7586712b9c512fe68085de007378c915\",\"name\":\"i l\",\"image\":{\"@type\":\"ImageObject\",\"inLanguage\":\"en-US\",\"@id\":\"https:\\\/\\\/secure.gravatar.com\\\/avatar\\\/bad9296e02816160ae2e2435beda58222022298d5625d49fea74d18816fbb31d?s=96&d=mm&r=g\",\"url\":\"https:\\\/\\\/secure.gravatar.com\\\/avatar\\\/bad9296e02816160ae2e2435beda58222022298d5625d49fea74d18816fbb31d?s=96&d=mm&r=g\",\"contentUrl\":\"https:\\\/\\\/secure.gravatar.com\\\/avatar\\\/bad9296e02816160ae2e2435beda58222022298d5625d49fea74d18816fbb31d?s=96&d=mm&r=g\",\"caption\":\"i l\"},\"url\":\"https:\\\/\\\/kosovatimes.info\\\/index.php\\\/author\\\/iliri\\\/\"}]}<\/script>\n<!-- \/ Yoast SEO plugin. -->","yoast_head_json":{"title":"AAK s\u2019merr pjes\u00eb n\u00eb seanc\u00eb, Tahiri: Kosova pati tre muaj p\u00ebr presidentin - Kosova Times","robots":{"index":"index","follow":"follow","max-snippet":"max-snippet:-1","max-image-preview":"max-image-preview:large","max-video-preview":"max-video-preview:-1"},"canonical":"https:\/\/kosovatimes.info\/index.php\/2026\/04\/27\/aak-smerr-pjese-ne-seance-tahiri-kosova-pati-tre-muaj-per-presidentin\/","og_locale":"en_US","og_type":"article","og_title":"AAK s\u2019merr pjes\u00eb n\u00eb seanc\u00eb, Tahiri: Kosova pati tre muaj p\u00ebr presidentin - Kosova Times","og_description":"Besnik Tahiri, shefi i grupit parlamentar t\u00eb Aleanc\u00ebs s\u00eb Ardhm\u00ebris\u00eb s\u00eb Kosov\u00ebs ka njoftuar se nuk do t\u00eb marrin pjes\u00eb n\u00eb seanc\u00ebn ku do t\u00eb diskutohet p\u00ebr zgjedhjen e presidentit. \u201cKosova i kishte tre muaj p\u00ebr t\u00eb diskutuar seriozisht zgjedhjen e presidentit, q\u00eb nga themelimi i qeveris\u00eb. E kemi th\u00ebn\u00eb nga dita e par\u00eb dhe [&hellip;]","og_url":"https:\/\/kosovatimes.info\/index.php\/2026\/04\/27\/aak-smerr-pjese-ne-seance-tahiri-kosova-pati-tre-muaj-per-presidentin\/","og_site_name":"Kosova Times","article_published_time":"2026-04-27T15:22:00+00:00","article_modified_time":"2026-04-27T16:11:45+00:00","og_image":[{"width":780,"height":500,"url":"https:\/\/kosovatimes.info\/wp-content\/uploads\/2026\/04\/AAK-1.jpg","type":"image\/jpeg"}],"author":"i l","twitter_card":"summary_large_image","twitter_misc":{"Written by":"i l","Est. reading time":"1 minute"},"schema":{"@context":"https:\/\/schema.org","@graph":[{"@type":"Article","@id":"https:\/\/kosovatimes.info\/index.php\/2026\/04\/27\/aak-smerr-pjese-ne-seance-tahiri-kosova-pati-tre-muaj-per-presidentin\/#article","isPartOf":{"@id":"https:\/\/kosovatimes.info\/index.php\/2026\/04\/27\/aak-smerr-pjese-ne-seance-tahiri-kosova-pati-tre-muaj-per-presidentin\/"},"author":{"name":"i l","@id":"https:\/\/kosovatimes.info\/#\/schema\/person\/7586712b9c512fe68085de007378c915"},"headline":"AAK s\u2019merr pjes\u00eb n\u00eb seanc\u00eb, Tahiri: Kosova pati tre muaj p\u00ebr presidentin","datePublished":"2026-04-27T15:22:00+00:00","dateModified":"2026-04-27T16:11:45+00:00","mainEntityOfPage":{"@id":"https:\/\/kosovatimes.info\/index.php\/2026\/04\/27\/aak-smerr-pjese-ne-seance-tahiri-kosova-pati-tre-muaj-per-presidentin\/"},"wordCount":199,"commentCount":0,"image":{"@id":"https:\/\/kosovatimes.info\/index.php\/2026\/04\/27\/aak-smerr-pjese-ne-seance-tahiri-kosova-pati-tre-muaj-per-presidentin\/#primaryimage"},"thumbnailUrl":"https:\/\/kosovatimes.info\/wp-content\/uploads\/2026\/04\/AAK-1.jpg","articleSection":["Kosov\u00eb","Lajme"],"inLanguage":"en-US","potentialAction":[{"@type":"CommentAction","name":"Comment","target":["https:\/\/kosovatimes.info\/index.php\/2026\/04\/27\/aak-smerr-pjese-ne-seance-tahiri-kosova-pati-tre-muaj-per-presidentin\/#respond"]}]},{"@type":"WebPage","@id":"https:\/\/kosovatimes.info\/index.php\/2026\/04\/27\/aak-smerr-pjese-ne-seance-tahiri-kosova-pati-tre-muaj-per-presidentin\/","url":"https:\/\/kosovatimes.info\/index.php\/2026\/04\/27\/aak-smerr-pjese-ne-seance-tahiri-kosova-pati-tre-muaj-per-presidentin\/","name":"AAK s\u2019merr pjes\u00eb n\u00eb seanc\u00eb, Tahiri: Kosova pati tre muaj p\u00ebr presidentin - Kosova Times","isPartOf":{"@id":"https:\/\/kosovatimes.info\/#website"},"primaryImageOfPage":{"@id":"https:\/\/kosovatimes.info\/index.php\/2026\/04\/27\/aak-smerr-pjese-ne-seance-tahiri-kosova-pati-tre-muaj-per-presidentin\/#primaryimage"},"image":{"@id":"https:\/\/kosovatimes.info\/index.php\/2026\/04\/27\/aak-smerr-pjese-ne-seance-tahiri-kosova-pati-tre-muaj-per-presidentin\/#primaryimage"},"thumbnailUrl":"https:\/\/kosovatimes.info\/wp-content\/uploads\/2026\/04\/AAK-1.jpg","datePublished":"2026-04-27T15:22:00+00:00","dateModified":"2026-04-27T16:11:45+00:00","author":{"@id":"https:\/\/kosovatimes.info\/#\/schema\/person\/7586712b9c512fe68085de007378c915"},"breadcrumb":{"@id":"https:\/\/kosovatimes.info\/index.php\/2026\/04\/27\/aak-smerr-pjese-ne-seance-tahiri-kosova-pati-tre-muaj-per-presidentin\/#breadcrumb"},"inLanguage":"en-US","potentialAction":[{"@type":"ReadAction","target":["https:\/\/kosovatimes.info\/index.php\/2026\/04\/27\/aak-smerr-pjese-ne-seance-tahiri-kosova-pati-tre-muaj-per-presidentin\/"]}]},{"@type":"ImageObject","inLanguage":"en-US","@id":"https:\/\/kosovatimes.info\/index.php\/2026\/04\/27\/aak-smerr-pjese-ne-seance-tahiri-kosova-pati-tre-muaj-per-presidentin\/#primaryimage","url":"https:\/\/kosovatimes.info\/wp-content\/uploads\/2026\/04\/AAK-1.jpg","contentUrl":"https:\/\/kosovatimes.info\/wp-content\/uploads\/2026\/04\/AAK-1.jpg","width":780,"height":500},{"@type":"BreadcrumbList","@id":"https:\/\/kosovatimes.info\/index.php\/2026\/04\/27\/aak-smerr-pjese-ne-seance-tahiri-kosova-pati-tre-muaj-per-presidentin\/#breadcrumb","itemListElement":[{"@type":"ListItem","position":1,"name":"Home","item":"https:\/\/kosovatimes.info\/"},{"@type":"ListItem","position":2,"name":"AAK s\u2019merr pjes\u00eb n\u00eb seanc\u00eb, Tahiri: Kosova pati tre muaj p\u00ebr presidentin"}]},{"@type":"WebSite","@id":"https:\/\/kosovatimes.info\/#website","url":"https:\/\/kosovatimes.info\/","name":"Kosova Times","description":"","potentialAction":[{"@type":"SearchAction","target":{"@type":"EntryPoint","urlTemplate":"https:\/\/kosovatimes.info\/?s={search_term_string}"},"query-input":{"@type":"PropertyValueSpecification","valueRequired":true,"valueName":"search_term_string"}}],"inLanguage":"en-US"},{"@type":"Person","@id":"https:\/\/kosovatimes.info\/#\/schema\/person\/7586712b9c512fe68085de007378c915","name":"i l","image":{"@type":"ImageObject","inLanguage":"en-US","@id":"https:\/\/secure.gravatar.com\/avatar\/bad9296e02816160ae2e2435beda58222022298d5625d49fea74d18816fbb31d?s=96&d=mm&r=g","url":"https:\/\/secure.gravatar.com\/avatar\/bad9296e02816160ae2e2435beda58222022298d5625d49fea74d18816fbb31d?s=96&d=mm&r=g","contentUrl":"https:\/\/secure.gravatar.com\/avatar\/bad9296e02816160ae2e2435beda58222022298d5625d49fea74d18816fbb31d?s=96&d=mm&r=g","caption":"i l"},"url":"https:\/\/kosovatimes.info\/index.php\/author\/iliri\/"}]}},"_links":{"self":[{"href":"https:\/\/kosovatimes.info\/index.php\/wp-json\/wp\/v2\/posts\/12112","targetHints":{"allow":["GET"]}}],"collection":[{"href":"https:\/\/kosovatimes.info\/index.php\/wp-json\/wp\/v2\/posts"}],"about":[{"href":"https:\/\/kosovatimes.info\/index.php\/wp-json\/wp\/v2\/types\/post"}],"author":[{"embeddable":true,"href":"https:\/\/kosovatimes.info\/index.php\/wp-json\/wp\/v2\/users\/4"}],"replies":[{"embeddable":true,"href":"https:\/\/kosovatimes.info\/index.php\/wp-json\/wp\/v2\/comments?post=12112"}],"version-history":[{"count":1,"href":"https:\/\/kosovatimes.info\/index.php\/wp-json\/wp\/v2\/posts\/12112\/revisions"}],"predecessor-version":[{"id":12114,"href":"https:\/\/kosovatimes.info\/index.php\/wp-json\/wp\/v2\/posts\/12112\/revisions\/12114"}],"wp:featuredmedia":[{"embeddable":true,"href":"https:\/\/kosovatimes.info\/index.php\/wp-json\/wp\/v2\/media\/12113"}],"wp:attachment":[{"href":"https:\/\/kosovatimes.info\/index.php\/wp-json\/wp\/v2\/media?parent=12112"}],"wp:term":[{"taxonomy":"category","embeddable":true,"href":"https:\/\/kosovatimes.info\/index.php\/wp-json\/wp\/v2\/categories?post=12112"},{"taxonomy":"post_tag","embeddable":true,"href":"https:\/\/kosovatimes.info\/index.php\/wp-json\/wp\/v2\/tags?post=12112"}],"curies":[{"name":"wp","href":"https:\/\/api.w.org\/{rel}","templated":true}]}}