{"id":12118,"date":"2026-04-27T17:38:00","date_gmt":"2026-04-27T15:38:00","guid":{"rendered":"https:\/\/kosovatimes.info\/?p=12118"},"modified":"2026-04-27T18:14:52","modified_gmt":"2026-04-27T16:14:52","slug":"seanca-per-presidentin-haxhiu-kritikon-opoziten-per-mungese","status":"publish","type":"post","link":"https:\/\/kosovatimes.info\/index.php\/2026\/04\/27\/seanca-per-presidentin-haxhiu-kritikon-opoziten-per-mungese\/","title":{"rendered":"Seanca p\u00ebr presidentin, Haxhiu kritikon opozit\u00ebn p\u00ebr munges\u00eb"},"content":{"rendered":"\n<p><strong>Kryetarja e Kuvendit t\u00eb Kosov\u00ebs, Albulena Haxhiu, gjat\u00eb seanc\u00ebs s\u00eb jasht\u00ebzakonshme p\u00ebr zgjedhjen e presidentit, kritikoi opozit\u00ebn p\u00ebr munges\u00ebn n\u00eb sall\u00eb, duke theksuar se secili deputet obligohet nga Kushtetuesja t\u00eb jet\u00eb prezent, p\u00ebrve\u00e7 n\u00eb rastet kur merr leje.<\/strong><\/p>\n\n\n\n<p>\u201cN\u00eb nj\u00eb demokraci parlamentare mund t\u00eb ket\u00eb dallime t\u00eb thella politike, p\u00ebrplasje, debate madje edhe mosmarr\u00ebveshje t\u00eb plota. Por mendoj q\u00eb ka nj\u00eb vij\u00eb q\u00eb nuk duhet kaluar dhe kjo vij\u00eb \u00ebsht\u00eb detyrimi yn\u00eb, i t\u00eb gjith\u00ebve p\u00ebr ta respektuar rendin kushtetues\u201d, tha ajo, duke cituar aktgjykimin e Gjykat\u00ebs Kushtetuese se deputet\u00ebt obligohen t\u00eb q\u00ebndrojn\u00eb n\u00eb sall\u00eb gjat\u00eb procesit dhe nevojiten 2\/3 e votave.<\/p>\n\n\n\n<p>\u201cMungesa e opozit\u00ebs \u00ebsht\u00eb nj\u00eb veprim q\u00eb prodhon pasoja direkte, bllokimin e nj\u00eb procedure kushtetuese dhe shtyrjen e vendit drejt nj\u00eb krize t\u00eb panevojshme\u201d, tha Haxhiu.<\/p>\n\n\n\n<p>N\u00eb seanc\u00ebn e jasht\u00ebzakonshme t\u00eb Kuvendit t\u00eb Kosov\u00ebs jan\u00eb t\u00eb pranish\u00ebm vet\u00ebm deputet\u00ebt e LVV-s\u00eb. Deputet\u00ebt e PDK-s\u00eb, LDK-s\u00eb dhe AAK-s\u00eb nuk gjenden n\u00eb sall\u00eb. Shefat e grupeve parlamentare para nisjes s\u00eb seanc\u00ebs kan\u00eb deklaruar se nuk do t\u00eb marrin pjes\u00eb.&nbsp;<\/p>\n\n\n\n<figure class=\"wp-block-image\"><img decoding=\"async\" src=\"https:\/\/www.rtklive.com\/sq\/gallery\/news_hidden_inside\/723273\/1.jpg\" alt=\"\"\/><\/figure>\n","protected":false},"excerpt":{"rendered":"<p>Kryetarja e Kuvendit t\u00eb Kosov\u00ebs, Albulena Haxhiu, gjat\u00eb seanc\u00ebs s\u00eb jasht\u00ebzakonshme p\u00ebr zgjedhjen e presidentit, kritikoi opozit\u00ebn p\u00ebr munges\u00ebn n\u00eb sall\u00eb, duke theksuar se secili deputet obligohet nga Kushtetuesja t\u00eb jet\u00eb prezent, p\u00ebrve\u00e7 n\u00eb rastet kur merr leje. \u201cN\u00eb nj\u00eb demokraci parlamentare mund t\u00eb ket\u00eb dallime t\u00eb thella politike, p\u00ebrplasje, debate madje edhe mosmarr\u00ebveshje t\u00eb [&hellip;]<\/p>\n","protected":false},"author":4,"featured_media":12119,"comment_status":"open","ping_status":"open","sticky":true,"template":"","format":"standard","meta":{"footnotes":""},"categories":[31,30],"tags":[],"class_list":{"0":"post-12118","1":"post","2":"type-post","3":"status-publish","4":"format-standard","5":"has-post-thumbnail","7":"category-kosove","8":"category-lajme"},"yoast_head":"<!-- This site is optimized with the Yoast SEO plugin v27.4 - https:\/\/yoast.com\/product\/yoast-seo-wordpress\/ -->\n<title>Seanca p\u00ebr presidentin, Haxhiu kritikon opozit\u00ebn p\u00ebr munges\u00eb - Kosova Times<\/title>\n<meta name=\"robots\" content=\"index, follow, max-snippet:-1, max-image-preview:large, max-video-preview:-1\" \/>\n<link rel=\"canonical\" href=\"https:\/\/kosovatimes.info\/index.php\/2026\/04\/27\/seanca-per-presidentin-haxhiu-kritikon-opoziten-per-mungese\/\" \/>\n<meta property=\"og:locale\" content=\"en_US\" \/>\n<meta property=\"og:type\" content=\"article\" \/>\n<meta property=\"og:title\" content=\"Seanca p\u00ebr presidentin, Haxhiu kritikon opozit\u00ebn p\u00ebr munges\u00eb - Kosova Times\" \/>\n<meta property=\"og:description\" content=\"Kryetarja e Kuvendit t\u00eb Kosov\u00ebs, Albulena Haxhiu, gjat\u00eb seanc\u00ebs s\u00eb jasht\u00ebzakonshme p\u00ebr zgjedhjen e presidentit, kritikoi opozit\u00ebn p\u00ebr munges\u00ebn n\u00eb sall\u00eb, duke theksuar se secili deputet obligohet nga Kushtetuesja t\u00eb jet\u00eb prezent, p\u00ebrve\u00e7 n\u00eb rastet kur merr leje. \u201cN\u00eb nj\u00eb demokraci parlamentare mund t\u00eb ket\u00eb dallime t\u00eb thella politike, p\u00ebrplasje, debate madje edhe mosmarr\u00ebveshje t\u00eb [&hellip;]\" \/>\n<meta property=\"og:url\" content=\"https:\/\/kosovatimes.info\/index.php\/2026\/04\/27\/seanca-per-presidentin-haxhiu-kritikon-opoziten-per-mungese\/\" \/>\n<meta property=\"og:site_name\" content=\"Kosova Times\" \/>\n<meta property=\"article:published_time\" content=\"2026-04-27T15:38:00+00:00\" \/>\n<meta property=\"article:modified_time\" content=\"2026-04-27T16:14:52+00:00\" \/>\n<meta property=\"og:image\" content=\"https:\/\/kosovatimes.info\/wp-content\/uploads\/2026\/04\/Haxhiu-22.jpg\" \/>\n\t<meta property=\"og:image:width\" content=\"780\" \/>\n\t<meta property=\"og:image:height\" content=\"500\" \/>\n\t<meta property=\"og:image:type\" content=\"image\/jpeg\" \/>\n<meta name=\"author\" content=\"i l\" \/>\n<meta name=\"twitter:card\" content=\"summary_large_image\" \/>\n<meta name=\"twitter:label1\" content=\"Written by\" \/>\n\t<meta name=\"twitter:data1\" content=\"i l\" \/>\n\t<meta name=\"twitter:label2\" content=\"Est. reading time\" \/>\n\t<meta name=\"twitter:data2\" content=\"2 minutes\" \/>\n<script type=\"application\/ld+json\" class=\"yoast-schema-graph\">{\"@context\":\"https:\\\/\\\/schema.org\",\"@graph\":[{\"@type\":\"Article\",\"@id\":\"https:\\\/\\\/kosovatimes.info\\\/index.php\\\/2026\\\/04\\\/27\\\/seanca-per-presidentin-haxhiu-kritikon-opoziten-per-mungese\\\/#article\",\"isPartOf\":{\"@id\":\"https:\\\/\\\/kosovatimes.info\\\/index.php\\\/2026\\\/04\\\/27\\\/seanca-per-presidentin-haxhiu-kritikon-opoziten-per-mungese\\\/\"},\"author\":{\"name\":\"i l\",\"@id\":\"https:\\\/\\\/kosovatimes.info\\\/#\\\/schema\\\/person\\\/7586712b9c512fe68085de007378c915\"},\"headline\":\"Seanca p\u00ebr presidentin, Haxhiu kritikon opozit\u00ebn p\u00ebr munges\u00eb\",\"datePublished\":\"2026-04-27T15:38:00+00:00\",\"dateModified\":\"2026-04-27T16:14:52+00:00\",\"mainEntityOfPage\":{\"@id\":\"https:\\\/\\\/kosovatimes.info\\\/index.php\\\/2026\\\/04\\\/27\\\/seanca-per-presidentin-haxhiu-kritikon-opoziten-per-mungese\\\/\"},\"wordCount\":204,\"commentCount\":0,\"image\":{\"@id\":\"https:\\\/\\\/kosovatimes.info\\\/index.php\\\/2026\\\/04\\\/27\\\/seanca-per-presidentin-haxhiu-kritikon-opoziten-per-mungese\\\/#primaryimage\"},\"thumbnailUrl\":\"https:\\\/\\\/kosovatimes.info\\\/wp-content\\\/uploads\\\/2026\\\/04\\\/Haxhiu-22.jpg\",\"articleSection\":[\"Kosov\u00eb\",\"Lajme\"],\"inLanguage\":\"en-US\",\"potentialAction\":[{\"@type\":\"CommentAction\",\"name\":\"Comment\",\"target\":[\"https:\\\/\\\/kosovatimes.info\\\/index.php\\\/2026\\\/04\\\/27\\\/seanca-per-presidentin-haxhiu-kritikon-opoziten-per-mungese\\\/#respond\"]}]},{\"@type\":\"WebPage\",\"@id\":\"https:\\\/\\\/kosovatimes.info\\\/index.php\\\/2026\\\/04\\\/27\\\/seanca-per-presidentin-haxhiu-kritikon-opoziten-per-mungese\\\/\",\"url\":\"https:\\\/\\\/kosovatimes.info\\\/index.php\\\/2026\\\/04\\\/27\\\/seanca-per-presidentin-haxhiu-kritikon-opoziten-per-mungese\\\/\",\"name\":\"Seanca p\u00ebr presidentin, Haxhiu kritikon opozit\u00ebn p\u00ebr munges\u00eb - Kosova Times\",\"isPartOf\":{\"@id\":\"https:\\\/\\\/kosovatimes.info\\\/#website\"},\"primaryImageOfPage\":{\"@id\":\"https:\\\/\\\/kosovatimes.info\\\/index.php\\\/2026\\\/04\\\/27\\\/seanca-per-presidentin-haxhiu-kritikon-opoziten-per-mungese\\\/#primaryimage\"},\"image\":{\"@id\":\"https:\\\/\\\/kosovatimes.info\\\/index.php\\\/2026\\\/04\\\/27\\\/seanca-per-presidentin-haxhiu-kritikon-opoziten-per-mungese\\\/#primaryimage\"},\"thumbnailUrl\":\"https:\\\/\\\/kosovatimes.info\\\/wp-content\\\/uploads\\\/2026\\\/04\\\/Haxhiu-22.jpg\",\"datePublished\":\"2026-04-27T15:38:00+00:00\",\"dateModified\":\"2026-04-27T16:14:52+00:00\",\"author\":{\"@id\":\"https:\\\/\\\/kosovatimes.info\\\/#\\\/schema\\\/person\\\/7586712b9c512fe68085de007378c915\"},\"breadcrumb\":{\"@id\":\"https:\\\/\\\/kosovatimes.info\\\/index.php\\\/2026\\\/04\\\/27\\\/seanca-per-presidentin-haxhiu-kritikon-opoziten-per-mungese\\\/#breadcrumb\"},\"inLanguage\":\"en-US\",\"potentialAction\":[{\"@type\":\"ReadAction\",\"target\":[\"https:\\\/\\\/kosovatimes.info\\\/index.php\\\/2026\\\/04\\\/27\\\/seanca-per-presidentin-haxhiu-kritikon-opoziten-per-mungese\\\/\"]}]},{\"@type\":\"ImageObject\",\"inLanguage\":\"en-US\",\"@id\":\"https:\\\/\\\/kosovatimes.info\\\/index.php\\\/2026\\\/04\\\/27\\\/seanca-per-presidentin-haxhiu-kritikon-opoziten-per-mungese\\\/#primaryimage\",\"url\":\"https:\\\/\\\/kosovatimes.info\\\/wp-content\\\/uploads\\\/2026\\\/04\\\/Haxhiu-22.jpg\",\"contentUrl\":\"https:\\\/\\\/kosovatimes.info\\\/wp-content\\\/uploads\\\/2026\\\/04\\\/Haxhiu-22.jpg\",\"width\":780,\"height\":500},{\"@type\":\"BreadcrumbList\",\"@id\":\"https:\\\/\\\/kosovatimes.info\\\/index.php\\\/2026\\\/04\\\/27\\\/seanca-per-presidentin-haxhiu-kritikon-opoziten-per-mungese\\\/#breadcrumb\",\"itemListElement\":[{\"@type\":\"ListItem\",\"position\":1,\"name\":\"Home\",\"item\":\"https:\\\/\\\/kosovatimes.info\\\/\"},{\"@type\":\"ListItem\",\"position\":2,\"name\":\"Seanca p\u00ebr presidentin, Haxhiu kritikon opozit\u00ebn p\u00ebr munges\u00eb\"}]},{\"@type\":\"WebSite\",\"@id\":\"https:\\\/\\\/kosovatimes.info\\\/#website\",\"url\":\"https:\\\/\\\/kosovatimes.info\\\/\",\"name\":\"Kosova Times\",\"description\":\"\",\"potentialAction\":[{\"@type\":\"SearchAction\",\"target\":{\"@type\":\"EntryPoint\",\"urlTemplate\":\"https:\\\/\\\/kosovatimes.info\\\/?s={search_term_string}\"},\"query-input\":{\"@type\":\"PropertyValueSpecification\",\"valueRequired\":true,\"valueName\":\"search_term_string\"}}],\"inLanguage\":\"en-US\"},{\"@type\":\"Person\",\"@id\":\"https:\\\/\\\/kosovatimes.info\\\/#\\\/schema\\\/person\\\/7586712b9c512fe68085de007378c915\",\"name\":\"i l\",\"image\":{\"@type\":\"ImageObject\",\"inLanguage\":\"en-US\",\"@id\":\"https:\\\/\\\/secure.gravatar.com\\\/avatar\\\/bad9296e02816160ae2e2435beda58222022298d5625d49fea74d18816fbb31d?s=96&d=mm&r=g\",\"url\":\"https:\\\/\\\/secure.gravatar.com\\\/avatar\\\/bad9296e02816160ae2e2435beda58222022298d5625d49fea74d18816fbb31d?s=96&d=mm&r=g\",\"contentUrl\":\"https:\\\/\\\/secure.gravatar.com\\\/avatar\\\/bad9296e02816160ae2e2435beda58222022298d5625d49fea74d18816fbb31d?s=96&d=mm&r=g\",\"caption\":\"i l\"},\"url\":\"https:\\\/\\\/kosovatimes.info\\\/index.php\\\/author\\\/iliri\\\/\"}]}<\/script>\n<!-- \/ Yoast SEO plugin. -->","yoast_head_json":{"title":"Seanca p\u00ebr presidentin, Haxhiu kritikon opozit\u00ebn p\u00ebr munges\u00eb - Kosova Times","robots":{"index":"index","follow":"follow","max-snippet":"max-snippet:-1","max-image-preview":"max-image-preview:large","max-video-preview":"max-video-preview:-1"},"canonical":"https:\/\/kosovatimes.info\/index.php\/2026\/04\/27\/seanca-per-presidentin-haxhiu-kritikon-opoziten-per-mungese\/","og_locale":"en_US","og_type":"article","og_title":"Seanca p\u00ebr presidentin, Haxhiu kritikon opozit\u00ebn p\u00ebr munges\u00eb - Kosova Times","og_description":"Kryetarja e Kuvendit t\u00eb Kosov\u00ebs, Albulena Haxhiu, gjat\u00eb seanc\u00ebs s\u00eb jasht\u00ebzakonshme p\u00ebr zgjedhjen e presidentit, kritikoi opozit\u00ebn p\u00ebr munges\u00ebn n\u00eb sall\u00eb, duke theksuar se secili deputet obligohet nga Kushtetuesja t\u00eb jet\u00eb prezent, p\u00ebrve\u00e7 n\u00eb rastet kur merr leje. \u201cN\u00eb nj\u00eb demokraci parlamentare mund t\u00eb ket\u00eb dallime t\u00eb thella politike, p\u00ebrplasje, debate madje edhe mosmarr\u00ebveshje t\u00eb [&hellip;]","og_url":"https:\/\/kosovatimes.info\/index.php\/2026\/04\/27\/seanca-per-presidentin-haxhiu-kritikon-opoziten-per-mungese\/","og_site_name":"Kosova Times","article_published_time":"2026-04-27T15:38:00+00:00","article_modified_time":"2026-04-27T16:14:52+00:00","og_image":[{"width":780,"height":500,"url":"https:\/\/kosovatimes.info\/wp-content\/uploads\/2026\/04\/Haxhiu-22.jpg","type":"image\/jpeg"}],"author":"i l","twitter_card":"summary_large_image","twitter_misc":{"Written by":"i l","Est. reading time":"2 minutes"},"schema":{"@context":"https:\/\/schema.org","@graph":[{"@type":"Article","@id":"https:\/\/kosovatimes.info\/index.php\/2026\/04\/27\/seanca-per-presidentin-haxhiu-kritikon-opoziten-per-mungese\/#article","isPartOf":{"@id":"https:\/\/kosovatimes.info\/index.php\/2026\/04\/27\/seanca-per-presidentin-haxhiu-kritikon-opoziten-per-mungese\/"},"author":{"name":"i l","@id":"https:\/\/kosovatimes.info\/#\/schema\/person\/7586712b9c512fe68085de007378c915"},"headline":"Seanca p\u00ebr presidentin, Haxhiu kritikon opozit\u00ebn p\u00ebr munges\u00eb","datePublished":"2026-04-27T15:38:00+00:00","dateModified":"2026-04-27T16:14:52+00:00","mainEntityOfPage":{"@id":"https:\/\/kosovatimes.info\/index.php\/2026\/04\/27\/seanca-per-presidentin-haxhiu-kritikon-opoziten-per-mungese\/"},"wordCount":204,"commentCount":0,"image":{"@id":"https:\/\/kosovatimes.info\/index.php\/2026\/04\/27\/seanca-per-presidentin-haxhiu-kritikon-opoziten-per-mungese\/#primaryimage"},"thumbnailUrl":"https:\/\/kosovatimes.info\/wp-content\/uploads\/2026\/04\/Haxhiu-22.jpg","articleSection":["Kosov\u00eb","Lajme"],"inLanguage":"en-US","potentialAction":[{"@type":"CommentAction","name":"Comment","target":["https:\/\/kosovatimes.info\/index.php\/2026\/04\/27\/seanca-per-presidentin-haxhiu-kritikon-opoziten-per-mungese\/#respond"]}]},{"@type":"WebPage","@id":"https:\/\/kosovatimes.info\/index.php\/2026\/04\/27\/seanca-per-presidentin-haxhiu-kritikon-opoziten-per-mungese\/","url":"https:\/\/kosovatimes.info\/index.php\/2026\/04\/27\/seanca-per-presidentin-haxhiu-kritikon-opoziten-per-mungese\/","name":"Seanca p\u00ebr presidentin, Haxhiu kritikon opozit\u00ebn p\u00ebr munges\u00eb - Kosova Times","isPartOf":{"@id":"https:\/\/kosovatimes.info\/#website"},"primaryImageOfPage":{"@id":"https:\/\/kosovatimes.info\/index.php\/2026\/04\/27\/seanca-per-presidentin-haxhiu-kritikon-opoziten-per-mungese\/#primaryimage"},"image":{"@id":"https:\/\/kosovatimes.info\/index.php\/2026\/04\/27\/seanca-per-presidentin-haxhiu-kritikon-opoziten-per-mungese\/#primaryimage"},"thumbnailUrl":"https:\/\/kosovatimes.info\/wp-content\/uploads\/2026\/04\/Haxhiu-22.jpg","datePublished":"2026-04-27T15:38:00+00:00","dateModified":"2026-04-27T16:14:52+00:00","author":{"@id":"https:\/\/kosovatimes.info\/#\/schema\/person\/7586712b9c512fe68085de007378c915"},"breadcrumb":{"@id":"https:\/\/kosovatimes.info\/index.php\/2026\/04\/27\/seanca-per-presidentin-haxhiu-kritikon-opoziten-per-mungese\/#breadcrumb"},"inLanguage":"en-US","potentialAction":[{"@type":"ReadAction","target":["https:\/\/kosovatimes.info\/index.php\/2026\/04\/27\/seanca-per-presidentin-haxhiu-kritikon-opoziten-per-mungese\/"]}]},{"@type":"ImageObject","inLanguage":"en-US","@id":"https:\/\/kosovatimes.info\/index.php\/2026\/04\/27\/seanca-per-presidentin-haxhiu-kritikon-opoziten-per-mungese\/#primaryimage","url":"https:\/\/kosovatimes.info\/wp-content\/uploads\/2026\/04\/Haxhiu-22.jpg","contentUrl":"https:\/\/kosovatimes.info\/wp-content\/uploads\/2026\/04\/Haxhiu-22.jpg","width":780,"height":500},{"@type":"BreadcrumbList","@id":"https:\/\/kosovatimes.info\/index.php\/2026\/04\/27\/seanca-per-presidentin-haxhiu-kritikon-opoziten-per-mungese\/#breadcrumb","itemListElement":[{"@type":"ListItem","position":1,"name":"Home","item":"https:\/\/kosovatimes.info\/"},{"@type":"ListItem","position":2,"name":"Seanca p\u00ebr presidentin, Haxhiu kritikon opozit\u00ebn p\u00ebr munges\u00eb"}]},{"@type":"WebSite","@id":"https:\/\/kosovatimes.info\/#website","url":"https:\/\/kosovatimes.info\/","name":"Kosova Times","description":"","potentialAction":[{"@type":"SearchAction","target":{"@type":"EntryPoint","urlTemplate":"https:\/\/kosovatimes.info\/?s={search_term_string}"},"query-input":{"@type":"PropertyValueSpecification","valueRequired":true,"valueName":"search_term_string"}}],"inLanguage":"en-US"},{"@type":"Person","@id":"https:\/\/kosovatimes.info\/#\/schema\/person\/7586712b9c512fe68085de007378c915","name":"i l","image":{"@type":"ImageObject","inLanguage":"en-US","@id":"https:\/\/secure.gravatar.com\/avatar\/bad9296e02816160ae2e2435beda58222022298d5625d49fea74d18816fbb31d?s=96&d=mm&r=g","url":"https:\/\/secure.gravatar.com\/avatar\/bad9296e02816160ae2e2435beda58222022298d5625d49fea74d18816fbb31d?s=96&d=mm&r=g","contentUrl":"https:\/\/secure.gravatar.com\/avatar\/bad9296e02816160ae2e2435beda58222022298d5625d49fea74d18816fbb31d?s=96&d=mm&r=g","caption":"i l"},"url":"https:\/\/kosovatimes.info\/index.php\/author\/iliri\/"}]}},"_links":{"self":[{"href":"https:\/\/kosovatimes.info\/index.php\/wp-json\/wp\/v2\/posts\/12118","targetHints":{"allow":["GET"]}}],"collection":[{"href":"https:\/\/kosovatimes.info\/index.php\/wp-json\/wp\/v2\/posts"}],"about":[{"href":"https:\/\/kosovatimes.info\/index.php\/wp-json\/wp\/v2\/types\/post"}],"author":[{"embeddable":true,"href":"https:\/\/kosovatimes.info\/index.php\/wp-json\/wp\/v2\/users\/4"}],"replies":[{"embeddable":true,"href":"https:\/\/kosovatimes.info\/index.php\/wp-json\/wp\/v2\/comments?post=12118"}],"version-history":[{"count":1,"href":"https:\/\/kosovatimes.info\/index.php\/wp-json\/wp\/v2\/posts\/12118\/revisions"}],"predecessor-version":[{"id":12120,"href":"https:\/\/kosovatimes.info\/index.php\/wp-json\/wp\/v2\/posts\/12118\/revisions\/12120"}],"wp:featuredmedia":[{"embeddable":true,"href":"https:\/\/kosovatimes.info\/index.php\/wp-json\/wp\/v2\/media\/12119"}],"wp:attachment":[{"href":"https:\/\/kosovatimes.info\/index.php\/wp-json\/wp\/v2\/media?parent=12118"}],"wp:term":[{"taxonomy":"category","embeddable":true,"href":"https:\/\/kosovatimes.info\/index.php\/wp-json\/wp\/v2\/categories?post=12118"},{"taxonomy":"post_tag","embeddable":true,"href":"https:\/\/kosovatimes.info\/index.php\/wp-json\/wp\/v2\/tags?post=12118"}],"curies":[{"name":"wp","href":"https:\/\/api.w.org\/{rel}","templated":true}]}}