{"id":12121,"date":"2026-04-27T17:43:00","date_gmt":"2026-04-27T15:43:00","guid":{"rendered":"https:\/\/kosovatimes.info\/?p=12121"},"modified":"2026-04-27T18:16:13","modified_gmt":"2026-04-27T16:16:13","slug":"kurti-as-pdk-e-as-ldk-nuk-kane-marre-ndonje-iniciative-e-propozim","status":"publish","type":"post","link":"https:\/\/kosovatimes.info\/index.php\/2026\/04\/27\/kurti-as-pdk-e-as-ldk-nuk-kane-marre-ndonje-iniciative-e-propozim\/","title":{"rendered":"Kurti: As PDK e as LDK nuk kan\u00eb marr\u00eb ndonj\u00eb iniciativ\u00eb e propozim"},"content":{"rendered":"\n<p><strong>Kryeministri i Kosov\u00ebs, Albin Kurti, tha sot n\u00eb seanc\u00eb t\u00eb jasht\u00ebzakonshme plenare, ku n\u00eb rend dite \u00ebsht\u00eb diskutimi p\u00ebr \u00e7\u00ebshtjen e presidentit t\u00eb Republik\u00ebs s\u00eb Kosov\u00ebs, se as PDK me 22 deputet\u00eb, e as LDK me 15 deputet\u00eb nuk kan\u00eb marr\u00eb ndonj\u00eb iniciativ\u00eb.<\/strong><\/p>\n\n\n\n<p>\u201cDeri m\u00eb tani nuk kemi pranuar asnj\u00eb propozim nga subjektet politike, as PDK me 22 deputet\u00eb dhe as LDK me 15 deputet\u00eb nuk kan\u00eb marr\u00eb ndonj\u00eb iniciativ\u00eb, ndonj\u00eb propozim apo ndonj\u00eb em\u00ebr\u201d, tha ai.<\/p>\n\n\n\n<p>Kurti tha se gjat\u00eb vitit t\u00eb kaluar i b\u00ebri ofert\u00eb qeveris\u00ebs LDK-s\u00eb, t\u00eb nj\u00ebjt\u00ebn e b\u00ebri edhe sot.&nbsp;Ai shtoi se tash ia ka ofruar kat\u00ebr ministri dhe z\u00ebvend\u00ebskryeministrin, duke th\u00ebn\u00eb se edhe k\u00ebt\u00eb LDK-ja e refuzoi.<\/p>\n\n\n\n<p>\u201cLDK-ja po e b\u00ebn bllokad\u00ebn vitin e kaluar dhe tash, un\u00eb i kam ofruar bashk\u00ebqeverisje. Jo \u00e7far\u00ebdo oferte q\u00eb i kam b\u00ebr\u00eb z\u00ebvend\u00ebskryeministrin e par\u00eb dhe kat\u00ebr ministri, pra n\u00eb munges\u00eb timen kryetari LDK-s\u00eb t\u00eb udh\u00ebheq mbledhjet e Qeveris\u00eb. LDK-ja le t\u2019i pyes partit\u00eb popullore n\u00eb Evrop\u00eb q\u00eb ia kemi b\u00ebr\u00eb k\u00ebt\u00eb ofert\u00eb dhe ky ka refuzuar, le ta \u00e7far\u00eb do t\u2019i ndodh. Gjysm\u00ebn e asaj q\u00eb i kam ofruar LDK-s\u00eb i ka partia GUXO, pra me Partin\u00eb Guxo q\u00eb kemi garuar bashk\u00eb, LDK-s\u00eb, ia kam dh\u00ebn\u00eb dyfishin\u201d, ka th\u00ebn\u00eb Kurti.<br><br><strong>Kurti: D\u00ebshtimi n\u00eb zgjedhjen e presidentit e \u00e7on vendin n\u00eb zgjedhje t\u00eb reja<\/strong><\/p>\n\n\n\n<p>Kryeministri i Kosov\u00ebs, Albin Kurti, tha sot n\u00eb seanc\u00ebn e jasht\u00ebzakonshme t\u00eb Kuvendit t\u00eb Kosov\u00ebs ku n\u00eb rend dite \u00ebsht\u00eb diskutimi p\u00ebr \u00e7\u00ebshtjen e presidentit t\u00eb Republik\u00ebs s\u00eb Kosov\u00ebs, se d\u00ebshtimi n\u00eb zgjedhjen e presidentit e \u00e7on vendin n\u00eb zgjedhje t\u00eb reja.<br><br>\u201cSot kemi mb\u00ebrritur n\u00eb fund t\u00eb afatit kushtetues p\u00ebr zgjedhjen e presidentit t\u00eb Republik\u00ebs. Zgjedhja e presidentit \u00ebsht\u00eb vendimtare p\u00ebr vazhdimin e funksionimit me kapacitete t\u00eb plota t\u00eb qeveris\u00eb, t\u00eb Kuvendit dhe t\u00eb institucionit t\u00eb presidentit. D\u00ebshtimi n\u00eb zgjedhjen e presidentit e \u00e7on vendin n\u00eb zgjedhje t\u00eb reja\u201d, tha ai.<\/p>\n\n\n\n<p>Sipas tij, q\u00ebllimi i bllokad\u00ebs s\u00eb vitit t\u00eb kaluar ishte p\u00ebr ta d\u00ebmtuar subjektin fitues, por ajo n\u00eb fakt rezultoi n\u00eb d\u00ebm t\u00eb qytetar\u00ebve dhe shtetit.<\/p>\n\n\n\n<p><strong>Lajm n\u00eb p\u00ebrdit\u00ebsim<\/strong><\/p>\n","protected":false},"excerpt":{"rendered":"<p>Kryeministri i Kosov\u00ebs, Albin Kurti, tha sot n\u00eb seanc\u00eb t\u00eb jasht\u00ebzakonshme plenare, ku n\u00eb rend dite \u00ebsht\u00eb diskutimi p\u00ebr \u00e7\u00ebshtjen e presidentit t\u00eb Republik\u00ebs s\u00eb Kosov\u00ebs, se as PDK me 22 deputet\u00eb, e as LDK me 15 deputet\u00eb nuk kan\u00eb marr\u00eb ndonj\u00eb iniciativ\u00eb. \u201cDeri m\u00eb tani nuk kemi pranuar asnj\u00eb propozim nga subjektet politike, as [&hellip;]<\/p>\n","protected":false},"author":4,"featured_media":12122,"comment_status":"open","ping_status":"open","sticky":false,"template":"","format":"standard","meta":{"footnotes":""},"categories":[31,30],"tags":[],"class_list":{"0":"post-12121","1":"post","2":"type-post","3":"status-publish","4":"format-standard","5":"has-post-thumbnail","7":"category-kosove","8":"category-lajme"},"yoast_head":"<!-- This site is optimized with the Yoast SEO plugin v27.4 - https:\/\/yoast.com\/product\/yoast-seo-wordpress\/ -->\n<title>Kurti: As PDK e as LDK nuk kan\u00eb marr\u00eb ndonj\u00eb iniciativ\u00eb e propozim - Kosova Times<\/title>\n<meta name=\"robots\" content=\"index, follow, max-snippet:-1, max-image-preview:large, max-video-preview:-1\" \/>\n<link rel=\"canonical\" href=\"https:\/\/kosovatimes.info\/index.php\/2026\/04\/27\/kurti-as-pdk-e-as-ldk-nuk-kane-marre-ndonje-iniciative-e-propozim\/\" \/>\n<meta property=\"og:locale\" content=\"en_US\" \/>\n<meta property=\"og:type\" content=\"article\" \/>\n<meta property=\"og:title\" content=\"Kurti: As PDK e as LDK nuk kan\u00eb marr\u00eb ndonj\u00eb iniciativ\u00eb e propozim - Kosova Times\" \/>\n<meta property=\"og:description\" content=\"Kryeministri i Kosov\u00ebs, Albin Kurti, tha sot n\u00eb seanc\u00eb t\u00eb jasht\u00ebzakonshme plenare, ku n\u00eb rend dite \u00ebsht\u00eb diskutimi p\u00ebr \u00e7\u00ebshtjen e presidentit t\u00eb Republik\u00ebs s\u00eb Kosov\u00ebs, se as PDK me 22 deputet\u00eb, e as LDK me 15 deputet\u00eb nuk kan\u00eb marr\u00eb ndonj\u00eb iniciativ\u00eb. \u201cDeri m\u00eb tani nuk kemi pranuar asnj\u00eb propozim nga subjektet politike, as [&hellip;]\" \/>\n<meta property=\"og:url\" content=\"https:\/\/kosovatimes.info\/index.php\/2026\/04\/27\/kurti-as-pdk-e-as-ldk-nuk-kane-marre-ndonje-iniciative-e-propozim\/\" \/>\n<meta property=\"og:site_name\" content=\"Kosova Times\" \/>\n<meta property=\"article:published_time\" content=\"2026-04-27T15:43:00+00:00\" \/>\n<meta property=\"article:modified_time\" content=\"2026-04-27T16:16:13+00:00\" \/>\n<meta property=\"og:image\" content=\"https:\/\/kosovatimes.info\/wp-content\/uploads\/2026\/04\/ALbin-13.jpg\" \/>\n\t<meta property=\"og:image:width\" content=\"780\" \/>\n\t<meta property=\"og:image:height\" content=\"500\" \/>\n\t<meta property=\"og:image:type\" content=\"image\/jpeg\" \/>\n<meta name=\"author\" content=\"i l\" \/>\n<meta name=\"twitter:card\" content=\"summary_large_image\" \/>\n<meta name=\"twitter:label1\" content=\"Written by\" \/>\n\t<meta name=\"twitter:data1\" content=\"i l\" \/>\n\t<meta name=\"twitter:label2\" content=\"Est. reading time\" \/>\n\t<meta name=\"twitter:data2\" content=\"2 minutes\" \/>\n<script type=\"application\/ld+json\" class=\"yoast-schema-graph\">{\"@context\":\"https:\\\/\\\/schema.org\",\"@graph\":[{\"@type\":\"Article\",\"@id\":\"https:\\\/\\\/kosovatimes.info\\\/index.php\\\/2026\\\/04\\\/27\\\/kurti-as-pdk-e-as-ldk-nuk-kane-marre-ndonje-iniciative-e-propozim\\\/#article\",\"isPartOf\":{\"@id\":\"https:\\\/\\\/kosovatimes.info\\\/index.php\\\/2026\\\/04\\\/27\\\/kurti-as-pdk-e-as-ldk-nuk-kane-marre-ndonje-iniciative-e-propozim\\\/\"},\"author\":{\"name\":\"i l\",\"@id\":\"https:\\\/\\\/kosovatimes.info\\\/#\\\/schema\\\/person\\\/7586712b9c512fe68085de007378c915\"},\"headline\":\"Kurti: As PDK e as LDK nuk kan\u00eb marr\u00eb ndonj\u00eb iniciativ\u00eb e propozim\",\"datePublished\":\"2026-04-27T15:43:00+00:00\",\"dateModified\":\"2026-04-27T16:16:13+00:00\",\"mainEntityOfPage\":{\"@id\":\"https:\\\/\\\/kosovatimes.info\\\/index.php\\\/2026\\\/04\\\/27\\\/kurti-as-pdk-e-as-ldk-nuk-kane-marre-ndonje-iniciative-e-propozim\\\/\"},\"wordCount\":403,\"commentCount\":0,\"image\":{\"@id\":\"https:\\\/\\\/kosovatimes.info\\\/index.php\\\/2026\\\/04\\\/27\\\/kurti-as-pdk-e-as-ldk-nuk-kane-marre-ndonje-iniciative-e-propozim\\\/#primaryimage\"},\"thumbnailUrl\":\"https:\\\/\\\/kosovatimes.info\\\/wp-content\\\/uploads\\\/2026\\\/04\\\/ALbin-13.jpg\",\"articleSection\":[\"Kosov\u00eb\",\"Lajme\"],\"inLanguage\":\"en-US\",\"potentialAction\":[{\"@type\":\"CommentAction\",\"name\":\"Comment\",\"target\":[\"https:\\\/\\\/kosovatimes.info\\\/index.php\\\/2026\\\/04\\\/27\\\/kurti-as-pdk-e-as-ldk-nuk-kane-marre-ndonje-iniciative-e-propozim\\\/#respond\"]}]},{\"@type\":\"WebPage\",\"@id\":\"https:\\\/\\\/kosovatimes.info\\\/index.php\\\/2026\\\/04\\\/27\\\/kurti-as-pdk-e-as-ldk-nuk-kane-marre-ndonje-iniciative-e-propozim\\\/\",\"url\":\"https:\\\/\\\/kosovatimes.info\\\/index.php\\\/2026\\\/04\\\/27\\\/kurti-as-pdk-e-as-ldk-nuk-kane-marre-ndonje-iniciative-e-propozim\\\/\",\"name\":\"Kurti: As PDK e as LDK nuk kan\u00eb marr\u00eb ndonj\u00eb iniciativ\u00eb e propozim - Kosova Times\",\"isPartOf\":{\"@id\":\"https:\\\/\\\/kosovatimes.info\\\/#website\"},\"primaryImageOfPage\":{\"@id\":\"https:\\\/\\\/kosovatimes.info\\\/index.php\\\/2026\\\/04\\\/27\\\/kurti-as-pdk-e-as-ldk-nuk-kane-marre-ndonje-iniciative-e-propozim\\\/#primaryimage\"},\"image\":{\"@id\":\"https:\\\/\\\/kosovatimes.info\\\/index.php\\\/2026\\\/04\\\/27\\\/kurti-as-pdk-e-as-ldk-nuk-kane-marre-ndonje-iniciative-e-propozim\\\/#primaryimage\"},\"thumbnailUrl\":\"https:\\\/\\\/kosovatimes.info\\\/wp-content\\\/uploads\\\/2026\\\/04\\\/ALbin-13.jpg\",\"datePublished\":\"2026-04-27T15:43:00+00:00\",\"dateModified\":\"2026-04-27T16:16:13+00:00\",\"author\":{\"@id\":\"https:\\\/\\\/kosovatimes.info\\\/#\\\/schema\\\/person\\\/7586712b9c512fe68085de007378c915\"},\"breadcrumb\":{\"@id\":\"https:\\\/\\\/kosovatimes.info\\\/index.php\\\/2026\\\/04\\\/27\\\/kurti-as-pdk-e-as-ldk-nuk-kane-marre-ndonje-iniciative-e-propozim\\\/#breadcrumb\"},\"inLanguage\":\"en-US\",\"potentialAction\":[{\"@type\":\"ReadAction\",\"target\":[\"https:\\\/\\\/kosovatimes.info\\\/index.php\\\/2026\\\/04\\\/27\\\/kurti-as-pdk-e-as-ldk-nuk-kane-marre-ndonje-iniciative-e-propozim\\\/\"]}]},{\"@type\":\"ImageObject\",\"inLanguage\":\"en-US\",\"@id\":\"https:\\\/\\\/kosovatimes.info\\\/index.php\\\/2026\\\/04\\\/27\\\/kurti-as-pdk-e-as-ldk-nuk-kane-marre-ndonje-iniciative-e-propozim\\\/#primaryimage\",\"url\":\"https:\\\/\\\/kosovatimes.info\\\/wp-content\\\/uploads\\\/2026\\\/04\\\/ALbin-13.jpg\",\"contentUrl\":\"https:\\\/\\\/kosovatimes.info\\\/wp-content\\\/uploads\\\/2026\\\/04\\\/ALbin-13.jpg\",\"width\":780,\"height\":500},{\"@type\":\"BreadcrumbList\",\"@id\":\"https:\\\/\\\/kosovatimes.info\\\/index.php\\\/2026\\\/04\\\/27\\\/kurti-as-pdk-e-as-ldk-nuk-kane-marre-ndonje-iniciative-e-propozim\\\/#breadcrumb\",\"itemListElement\":[{\"@type\":\"ListItem\",\"position\":1,\"name\":\"Home\",\"item\":\"https:\\\/\\\/kosovatimes.info\\\/\"},{\"@type\":\"ListItem\",\"position\":2,\"name\":\"Kurti: As PDK e as LDK nuk kan\u00eb marr\u00eb ndonj\u00eb iniciativ\u00eb e propozim\"}]},{\"@type\":\"WebSite\",\"@id\":\"https:\\\/\\\/kosovatimes.info\\\/#website\",\"url\":\"https:\\\/\\\/kosovatimes.info\\\/\",\"name\":\"Kosova Times\",\"description\":\"\",\"potentialAction\":[{\"@type\":\"SearchAction\",\"target\":{\"@type\":\"EntryPoint\",\"urlTemplate\":\"https:\\\/\\\/kosovatimes.info\\\/?s={search_term_string}\"},\"query-input\":{\"@type\":\"PropertyValueSpecification\",\"valueRequired\":true,\"valueName\":\"search_term_string\"}}],\"inLanguage\":\"en-US\"},{\"@type\":\"Person\",\"@id\":\"https:\\\/\\\/kosovatimes.info\\\/#\\\/schema\\\/person\\\/7586712b9c512fe68085de007378c915\",\"name\":\"i l\",\"image\":{\"@type\":\"ImageObject\",\"inLanguage\":\"en-US\",\"@id\":\"https:\\\/\\\/secure.gravatar.com\\\/avatar\\\/bad9296e02816160ae2e2435beda58222022298d5625d49fea74d18816fbb31d?s=96&d=mm&r=g\",\"url\":\"https:\\\/\\\/secure.gravatar.com\\\/avatar\\\/bad9296e02816160ae2e2435beda58222022298d5625d49fea74d18816fbb31d?s=96&d=mm&r=g\",\"contentUrl\":\"https:\\\/\\\/secure.gravatar.com\\\/avatar\\\/bad9296e02816160ae2e2435beda58222022298d5625d49fea74d18816fbb31d?s=96&d=mm&r=g\",\"caption\":\"i l\"},\"url\":\"https:\\\/\\\/kosovatimes.info\\\/index.php\\\/author\\\/iliri\\\/\"}]}<\/script>\n<!-- \/ Yoast SEO plugin. -->","yoast_head_json":{"title":"Kurti: As PDK e as LDK nuk kan\u00eb marr\u00eb ndonj\u00eb iniciativ\u00eb e propozim - Kosova Times","robots":{"index":"index","follow":"follow","max-snippet":"max-snippet:-1","max-image-preview":"max-image-preview:large","max-video-preview":"max-video-preview:-1"},"canonical":"https:\/\/kosovatimes.info\/index.php\/2026\/04\/27\/kurti-as-pdk-e-as-ldk-nuk-kane-marre-ndonje-iniciative-e-propozim\/","og_locale":"en_US","og_type":"article","og_title":"Kurti: As PDK e as LDK nuk kan\u00eb marr\u00eb ndonj\u00eb iniciativ\u00eb e propozim - Kosova Times","og_description":"Kryeministri i Kosov\u00ebs, Albin Kurti, tha sot n\u00eb seanc\u00eb t\u00eb jasht\u00ebzakonshme plenare, ku n\u00eb rend dite \u00ebsht\u00eb diskutimi p\u00ebr \u00e7\u00ebshtjen e presidentit t\u00eb Republik\u00ebs s\u00eb Kosov\u00ebs, se as PDK me 22 deputet\u00eb, e as LDK me 15 deputet\u00eb nuk kan\u00eb marr\u00eb ndonj\u00eb iniciativ\u00eb. \u201cDeri m\u00eb tani nuk kemi pranuar asnj\u00eb propozim nga subjektet politike, as [&hellip;]","og_url":"https:\/\/kosovatimes.info\/index.php\/2026\/04\/27\/kurti-as-pdk-e-as-ldk-nuk-kane-marre-ndonje-iniciative-e-propozim\/","og_site_name":"Kosova Times","article_published_time":"2026-04-27T15:43:00+00:00","article_modified_time":"2026-04-27T16:16:13+00:00","og_image":[{"width":780,"height":500,"url":"https:\/\/kosovatimes.info\/wp-content\/uploads\/2026\/04\/ALbin-13.jpg","type":"image\/jpeg"}],"author":"i l","twitter_card":"summary_large_image","twitter_misc":{"Written by":"i l","Est. reading time":"2 minutes"},"schema":{"@context":"https:\/\/schema.org","@graph":[{"@type":"Article","@id":"https:\/\/kosovatimes.info\/index.php\/2026\/04\/27\/kurti-as-pdk-e-as-ldk-nuk-kane-marre-ndonje-iniciative-e-propozim\/#article","isPartOf":{"@id":"https:\/\/kosovatimes.info\/index.php\/2026\/04\/27\/kurti-as-pdk-e-as-ldk-nuk-kane-marre-ndonje-iniciative-e-propozim\/"},"author":{"name":"i l","@id":"https:\/\/kosovatimes.info\/#\/schema\/person\/7586712b9c512fe68085de007378c915"},"headline":"Kurti: As PDK e as LDK nuk kan\u00eb marr\u00eb ndonj\u00eb iniciativ\u00eb e propozim","datePublished":"2026-04-27T15:43:00+00:00","dateModified":"2026-04-27T16:16:13+00:00","mainEntityOfPage":{"@id":"https:\/\/kosovatimes.info\/index.php\/2026\/04\/27\/kurti-as-pdk-e-as-ldk-nuk-kane-marre-ndonje-iniciative-e-propozim\/"},"wordCount":403,"commentCount":0,"image":{"@id":"https:\/\/kosovatimes.info\/index.php\/2026\/04\/27\/kurti-as-pdk-e-as-ldk-nuk-kane-marre-ndonje-iniciative-e-propozim\/#primaryimage"},"thumbnailUrl":"https:\/\/kosovatimes.info\/wp-content\/uploads\/2026\/04\/ALbin-13.jpg","articleSection":["Kosov\u00eb","Lajme"],"inLanguage":"en-US","potentialAction":[{"@type":"CommentAction","name":"Comment","target":["https:\/\/kosovatimes.info\/index.php\/2026\/04\/27\/kurti-as-pdk-e-as-ldk-nuk-kane-marre-ndonje-iniciative-e-propozim\/#respond"]}]},{"@type":"WebPage","@id":"https:\/\/kosovatimes.info\/index.php\/2026\/04\/27\/kurti-as-pdk-e-as-ldk-nuk-kane-marre-ndonje-iniciative-e-propozim\/","url":"https:\/\/kosovatimes.info\/index.php\/2026\/04\/27\/kurti-as-pdk-e-as-ldk-nuk-kane-marre-ndonje-iniciative-e-propozim\/","name":"Kurti: As PDK e as LDK nuk kan\u00eb marr\u00eb ndonj\u00eb iniciativ\u00eb e propozim - Kosova Times","isPartOf":{"@id":"https:\/\/kosovatimes.info\/#website"},"primaryImageOfPage":{"@id":"https:\/\/kosovatimes.info\/index.php\/2026\/04\/27\/kurti-as-pdk-e-as-ldk-nuk-kane-marre-ndonje-iniciative-e-propozim\/#primaryimage"},"image":{"@id":"https:\/\/kosovatimes.info\/index.php\/2026\/04\/27\/kurti-as-pdk-e-as-ldk-nuk-kane-marre-ndonje-iniciative-e-propozim\/#primaryimage"},"thumbnailUrl":"https:\/\/kosovatimes.info\/wp-content\/uploads\/2026\/04\/ALbin-13.jpg","datePublished":"2026-04-27T15:43:00+00:00","dateModified":"2026-04-27T16:16:13+00:00","author":{"@id":"https:\/\/kosovatimes.info\/#\/schema\/person\/7586712b9c512fe68085de007378c915"},"breadcrumb":{"@id":"https:\/\/kosovatimes.info\/index.php\/2026\/04\/27\/kurti-as-pdk-e-as-ldk-nuk-kane-marre-ndonje-iniciative-e-propozim\/#breadcrumb"},"inLanguage":"en-US","potentialAction":[{"@type":"ReadAction","target":["https:\/\/kosovatimes.info\/index.php\/2026\/04\/27\/kurti-as-pdk-e-as-ldk-nuk-kane-marre-ndonje-iniciative-e-propozim\/"]}]},{"@type":"ImageObject","inLanguage":"en-US","@id":"https:\/\/kosovatimes.info\/index.php\/2026\/04\/27\/kurti-as-pdk-e-as-ldk-nuk-kane-marre-ndonje-iniciative-e-propozim\/#primaryimage","url":"https:\/\/kosovatimes.info\/wp-content\/uploads\/2026\/04\/ALbin-13.jpg","contentUrl":"https:\/\/kosovatimes.info\/wp-content\/uploads\/2026\/04\/ALbin-13.jpg","width":780,"height":500},{"@type":"BreadcrumbList","@id":"https:\/\/kosovatimes.info\/index.php\/2026\/04\/27\/kurti-as-pdk-e-as-ldk-nuk-kane-marre-ndonje-iniciative-e-propozim\/#breadcrumb","itemListElement":[{"@type":"ListItem","position":1,"name":"Home","item":"https:\/\/kosovatimes.info\/"},{"@type":"ListItem","position":2,"name":"Kurti: As PDK e as LDK nuk kan\u00eb marr\u00eb ndonj\u00eb iniciativ\u00eb e propozim"}]},{"@type":"WebSite","@id":"https:\/\/kosovatimes.info\/#website","url":"https:\/\/kosovatimes.info\/","name":"Kosova Times","description":"","potentialAction":[{"@type":"SearchAction","target":{"@type":"EntryPoint","urlTemplate":"https:\/\/kosovatimes.info\/?s={search_term_string}"},"query-input":{"@type":"PropertyValueSpecification","valueRequired":true,"valueName":"search_term_string"}}],"inLanguage":"en-US"},{"@type":"Person","@id":"https:\/\/kosovatimes.info\/#\/schema\/person\/7586712b9c512fe68085de007378c915","name":"i l","image":{"@type":"ImageObject","inLanguage":"en-US","@id":"https:\/\/secure.gravatar.com\/avatar\/bad9296e02816160ae2e2435beda58222022298d5625d49fea74d18816fbb31d?s=96&d=mm&r=g","url":"https:\/\/secure.gravatar.com\/avatar\/bad9296e02816160ae2e2435beda58222022298d5625d49fea74d18816fbb31d?s=96&d=mm&r=g","contentUrl":"https:\/\/secure.gravatar.com\/avatar\/bad9296e02816160ae2e2435beda58222022298d5625d49fea74d18816fbb31d?s=96&d=mm&r=g","caption":"i l"},"url":"https:\/\/kosovatimes.info\/index.php\/author\/iliri\/"}]}},"_links":{"self":[{"href":"https:\/\/kosovatimes.info\/index.php\/wp-json\/wp\/v2\/posts\/12121","targetHints":{"allow":["GET"]}}],"collection":[{"href":"https:\/\/kosovatimes.info\/index.php\/wp-json\/wp\/v2\/posts"}],"about":[{"href":"https:\/\/kosovatimes.info\/index.php\/wp-json\/wp\/v2\/types\/post"}],"author":[{"embeddable":true,"href":"https:\/\/kosovatimes.info\/index.php\/wp-json\/wp\/v2\/users\/4"}],"replies":[{"embeddable":true,"href":"https:\/\/kosovatimes.info\/index.php\/wp-json\/wp\/v2\/comments?post=12121"}],"version-history":[{"count":1,"href":"https:\/\/kosovatimes.info\/index.php\/wp-json\/wp\/v2\/posts\/12121\/revisions"}],"predecessor-version":[{"id":12123,"href":"https:\/\/kosovatimes.info\/index.php\/wp-json\/wp\/v2\/posts\/12121\/revisions\/12123"}],"wp:featuredmedia":[{"embeddable":true,"href":"https:\/\/kosovatimes.info\/index.php\/wp-json\/wp\/v2\/media\/12122"}],"wp:attachment":[{"href":"https:\/\/kosovatimes.info\/index.php\/wp-json\/wp\/v2\/media?parent=12121"}],"wp:term":[{"taxonomy":"category","embeddable":true,"href":"https:\/\/kosovatimes.info\/index.php\/wp-json\/wp\/v2\/categories?post=12121"},{"taxonomy":"post_tag","embeddable":true,"href":"https:\/\/kosovatimes.info\/index.php\/wp-json\/wp\/v2\/tags?post=12121"}],"curies":[{"name":"wp","href":"https:\/\/api.w.org\/{rel}","templated":true}]}}