{"id":12124,"date":"2026-04-27T18:31:00","date_gmt":"2026-04-27T16:31:00","guid":{"rendered":"https:\/\/kosovatimes.info\/?p=12124"},"modified":"2026-04-27T18:57:05","modified_gmt":"2026-04-27T16:57:05","slug":"rexhepi-kosova-eshte-shtet-qe-di-ti-kaloje-dallimet-politike","status":"publish","type":"post","link":"https:\/\/kosovatimes.info\/index.php\/2026\/04\/27\/rexhepi-kosova-eshte-shtet-qe-di-ti-kaloje-dallimet-politike\/","title":{"rendered":"Rexhepi: Kosova \u00ebsht\u00eb shtet q\u00eb di t\u2019i kaloj\u00eb dallimet politike"},"content":{"rendered":"\n<p><a target=\"_blank\" href=\"https:\/\/www.linkedin.com\/shareArticle?mini=true&amp;url=https%3A%2F%2Fwww.rtklive.com%2Fsq%2Fnews-single.php%3FID%3D723280\" rel=\"noreferrer noopener\"><\/a><\/p>\n\n\n\n<h2 class=\"wp-block-heading\"><strong>Z\u00ebvend\u00ebskryeministrja e Kosov\u00ebs, Emilia Rexhepi, u ka b\u00ebr\u00eb thirrje deputet\u00ebve t\u00eb Kosov\u00ebs q\u00eb t\u00eb l\u00ebn\u00eb dallimet dhe ta zgjedhin presidentin. Ai ka th\u00ebn\u00eb se po rrezikohet futja n\u00eb nj\u00eb cik\u00ebl t\u00eb mosstabilitetit t\u00eb madh.<\/strong><\/h2>\n\n\n\n<p>\u201cT\u2019i d\u00ebrgojm\u00eb mesazh t\u00eb qart\u00eb rajonit se Kosova \u00ebsht\u00eb shtet q\u00eb di t\u2019i kaloj\u00eb dallimet politike kur \u00ebsht\u00eb m\u00eb e nevojshme, q\u00eb institucionet e saja jan\u00eb stabile dhe se ka p\u00ebrgjegj\u00ebsi p\u00ebrtej interesave politike\u201d, tha Rexhepi sot n\u00eb seanc\u00ebn e Kuvendit<\/p>\n","protected":false},"excerpt":{"rendered":"<p>Z\u00ebvend\u00ebskryeministrja e Kosov\u00ebs, Emilia Rexhepi, u ka b\u00ebr\u00eb thirrje deputet\u00ebve t\u00eb Kosov\u00ebs q\u00eb t\u00eb l\u00ebn\u00eb dallimet dhe ta zgjedhin presidentin. Ai ka th\u00ebn\u00eb se po rrezikohet futja n\u00eb nj\u00eb cik\u00ebl t\u00eb mosstabilitetit t\u00eb madh. \u201cT\u2019i d\u00ebrgojm\u00eb mesazh t\u00eb qart\u00eb rajonit se Kosova \u00ebsht\u00eb shtet q\u00eb di t\u2019i kaloj\u00eb dallimet politike kur \u00ebsht\u00eb m\u00eb e nevojshme, [&hellip;]<\/p>\n","protected":false},"author":4,"featured_media":12127,"comment_status":"open","ping_status":"open","sticky":false,"template":"","format":"standard","meta":{"footnotes":""},"categories":[31,30],"tags":[],"class_list":{"0":"post-12124","1":"post","2":"type-post","3":"status-publish","4":"format-standard","5":"has-post-thumbnail","7":"category-kosove","8":"category-lajme"},"yoast_head":"<!-- This site is optimized with the Yoast SEO plugin v27.4 - https:\/\/yoast.com\/product\/yoast-seo-wordpress\/ -->\n<title>Rexhepi: Kosova \u00ebsht\u00eb shtet q\u00eb di t\u2019i kaloj\u00eb dallimet politike - Kosova Times<\/title>\n<meta name=\"robots\" content=\"index, follow, max-snippet:-1, max-image-preview:large, max-video-preview:-1\" \/>\n<link rel=\"canonical\" href=\"https:\/\/kosovatimes.info\/index.php\/2026\/04\/27\/rexhepi-kosova-eshte-shtet-qe-di-ti-kaloje-dallimet-politike\/\" \/>\n<meta property=\"og:locale\" content=\"en_US\" \/>\n<meta property=\"og:type\" content=\"article\" \/>\n<meta property=\"og:title\" content=\"Rexhepi: Kosova \u00ebsht\u00eb shtet q\u00eb di t\u2019i kaloj\u00eb dallimet politike - Kosova Times\" \/>\n<meta property=\"og:description\" content=\"Z\u00ebvend\u00ebskryeministrja e Kosov\u00ebs, Emilia Rexhepi, u ka b\u00ebr\u00eb thirrje deputet\u00ebve t\u00eb Kosov\u00ebs q\u00eb t\u00eb l\u00ebn\u00eb dallimet dhe ta zgjedhin presidentin. Ai ka th\u00ebn\u00eb se po rrezikohet futja n\u00eb nj\u00eb cik\u00ebl t\u00eb mosstabilitetit t\u00eb madh. \u201cT\u2019i d\u00ebrgojm\u00eb mesazh t\u00eb qart\u00eb rajonit se Kosova \u00ebsht\u00eb shtet q\u00eb di t\u2019i kaloj\u00eb dallimet politike kur \u00ebsht\u00eb m\u00eb e nevojshme, [&hellip;]\" \/>\n<meta property=\"og:url\" content=\"https:\/\/kosovatimes.info\/index.php\/2026\/04\/27\/rexhepi-kosova-eshte-shtet-qe-di-ti-kaloje-dallimet-politike\/\" \/>\n<meta property=\"og:site_name\" content=\"Kosova Times\" \/>\n<meta property=\"article:published_time\" content=\"2026-04-27T16:31:00+00:00\" \/>\n<meta property=\"article:modified_time\" content=\"2026-04-27T16:57:05+00:00\" \/>\n<meta property=\"og:image\" content=\"https:\/\/kosovatimes.info\/wp-content\/uploads\/2026\/04\/Rexhwpi-1.jpg\" \/>\n\t<meta property=\"og:image:width\" content=\"684\" \/>\n\t<meta property=\"og:image:height\" content=\"465\" \/>\n\t<meta property=\"og:image:type\" content=\"image\/jpeg\" \/>\n<meta name=\"author\" content=\"i l\" \/>\n<meta name=\"twitter:card\" content=\"summary_large_image\" \/>\n<meta name=\"twitter:label1\" content=\"Written by\" \/>\n\t<meta name=\"twitter:data1\" content=\"i l\" \/>\n\t<meta name=\"twitter:label2\" content=\"Est. reading time\" \/>\n\t<meta name=\"twitter:data2\" content=\"1 minute\" \/>\n<script type=\"application\/ld+json\" class=\"yoast-schema-graph\">{\"@context\":\"https:\\\/\\\/schema.org\",\"@graph\":[{\"@type\":\"Article\",\"@id\":\"https:\\\/\\\/kosovatimes.info\\\/index.php\\\/2026\\\/04\\\/27\\\/rexhepi-kosova-eshte-shtet-qe-di-ti-kaloje-dallimet-politike\\\/#article\",\"isPartOf\":{\"@id\":\"https:\\\/\\\/kosovatimes.info\\\/index.php\\\/2026\\\/04\\\/27\\\/rexhepi-kosova-eshte-shtet-qe-di-ti-kaloje-dallimet-politike\\\/\"},\"author\":{\"name\":\"i l\",\"@id\":\"https:\\\/\\\/kosovatimes.info\\\/#\\\/schema\\\/person\\\/7586712b9c512fe68085de007378c915\"},\"headline\":\"Rexhepi: Kosova \u00ebsht\u00eb shtet q\u00eb di t\u2019i kaloj\u00eb dallimet politike\",\"datePublished\":\"2026-04-27T16:31:00+00:00\",\"dateModified\":\"2026-04-27T16:57:05+00:00\",\"mainEntityOfPage\":{\"@id\":\"https:\\\/\\\/kosovatimes.info\\\/index.php\\\/2026\\\/04\\\/27\\\/rexhepi-kosova-eshte-shtet-qe-di-ti-kaloje-dallimet-politike\\\/\"},\"wordCount\":102,\"commentCount\":0,\"image\":{\"@id\":\"https:\\\/\\\/kosovatimes.info\\\/index.php\\\/2026\\\/04\\\/27\\\/rexhepi-kosova-eshte-shtet-qe-di-ti-kaloje-dallimet-politike\\\/#primaryimage\"},\"thumbnailUrl\":\"https:\\\/\\\/kosovatimes.info\\\/wp-content\\\/uploads\\\/2026\\\/04\\\/Rexhwpi-1.jpg\",\"articleSection\":[\"Kosov\u00eb\",\"Lajme\"],\"inLanguage\":\"en-US\",\"potentialAction\":[{\"@type\":\"CommentAction\",\"name\":\"Comment\",\"target\":[\"https:\\\/\\\/kosovatimes.info\\\/index.php\\\/2026\\\/04\\\/27\\\/rexhepi-kosova-eshte-shtet-qe-di-ti-kaloje-dallimet-politike\\\/#respond\"]}]},{\"@type\":\"WebPage\",\"@id\":\"https:\\\/\\\/kosovatimes.info\\\/index.php\\\/2026\\\/04\\\/27\\\/rexhepi-kosova-eshte-shtet-qe-di-ti-kaloje-dallimet-politike\\\/\",\"url\":\"https:\\\/\\\/kosovatimes.info\\\/index.php\\\/2026\\\/04\\\/27\\\/rexhepi-kosova-eshte-shtet-qe-di-ti-kaloje-dallimet-politike\\\/\",\"name\":\"Rexhepi: Kosova \u00ebsht\u00eb shtet q\u00eb di t\u2019i kaloj\u00eb dallimet politike - Kosova Times\",\"isPartOf\":{\"@id\":\"https:\\\/\\\/kosovatimes.info\\\/#website\"},\"primaryImageOfPage\":{\"@id\":\"https:\\\/\\\/kosovatimes.info\\\/index.php\\\/2026\\\/04\\\/27\\\/rexhepi-kosova-eshte-shtet-qe-di-ti-kaloje-dallimet-politike\\\/#primaryimage\"},\"image\":{\"@id\":\"https:\\\/\\\/kosovatimes.info\\\/index.php\\\/2026\\\/04\\\/27\\\/rexhepi-kosova-eshte-shtet-qe-di-ti-kaloje-dallimet-politike\\\/#primaryimage\"},\"thumbnailUrl\":\"https:\\\/\\\/kosovatimes.info\\\/wp-content\\\/uploads\\\/2026\\\/04\\\/Rexhwpi-1.jpg\",\"datePublished\":\"2026-04-27T16:31:00+00:00\",\"dateModified\":\"2026-04-27T16:57:05+00:00\",\"author\":{\"@id\":\"https:\\\/\\\/kosovatimes.info\\\/#\\\/schema\\\/person\\\/7586712b9c512fe68085de007378c915\"},\"breadcrumb\":{\"@id\":\"https:\\\/\\\/kosovatimes.info\\\/index.php\\\/2026\\\/04\\\/27\\\/rexhepi-kosova-eshte-shtet-qe-di-ti-kaloje-dallimet-politike\\\/#breadcrumb\"},\"inLanguage\":\"en-US\",\"potentialAction\":[{\"@type\":\"ReadAction\",\"target\":[\"https:\\\/\\\/kosovatimes.info\\\/index.php\\\/2026\\\/04\\\/27\\\/rexhepi-kosova-eshte-shtet-qe-di-ti-kaloje-dallimet-politike\\\/\"]}]},{\"@type\":\"ImageObject\",\"inLanguage\":\"en-US\",\"@id\":\"https:\\\/\\\/kosovatimes.info\\\/index.php\\\/2026\\\/04\\\/27\\\/rexhepi-kosova-eshte-shtet-qe-di-ti-kaloje-dallimet-politike\\\/#primaryimage\",\"url\":\"https:\\\/\\\/kosovatimes.info\\\/wp-content\\\/uploads\\\/2026\\\/04\\\/Rexhwpi-1.jpg\",\"contentUrl\":\"https:\\\/\\\/kosovatimes.info\\\/wp-content\\\/uploads\\\/2026\\\/04\\\/Rexhwpi-1.jpg\",\"width\":684,\"height\":465},{\"@type\":\"BreadcrumbList\",\"@id\":\"https:\\\/\\\/kosovatimes.info\\\/index.php\\\/2026\\\/04\\\/27\\\/rexhepi-kosova-eshte-shtet-qe-di-ti-kaloje-dallimet-politike\\\/#breadcrumb\",\"itemListElement\":[{\"@type\":\"ListItem\",\"position\":1,\"name\":\"Home\",\"item\":\"https:\\\/\\\/kosovatimes.info\\\/\"},{\"@type\":\"ListItem\",\"position\":2,\"name\":\"Rexhepi: Kosova \u00ebsht\u00eb shtet q\u00eb di t\u2019i kaloj\u00eb dallimet politike\"}]},{\"@type\":\"WebSite\",\"@id\":\"https:\\\/\\\/kosovatimes.info\\\/#website\",\"url\":\"https:\\\/\\\/kosovatimes.info\\\/\",\"name\":\"Kosova Times\",\"description\":\"\",\"potentialAction\":[{\"@type\":\"SearchAction\",\"target\":{\"@type\":\"EntryPoint\",\"urlTemplate\":\"https:\\\/\\\/kosovatimes.info\\\/?s={search_term_string}\"},\"query-input\":{\"@type\":\"PropertyValueSpecification\",\"valueRequired\":true,\"valueName\":\"search_term_string\"}}],\"inLanguage\":\"en-US\"},{\"@type\":\"Person\",\"@id\":\"https:\\\/\\\/kosovatimes.info\\\/#\\\/schema\\\/person\\\/7586712b9c512fe68085de007378c915\",\"name\":\"i l\",\"image\":{\"@type\":\"ImageObject\",\"inLanguage\":\"en-US\",\"@id\":\"https:\\\/\\\/secure.gravatar.com\\\/avatar\\\/bad9296e02816160ae2e2435beda58222022298d5625d49fea74d18816fbb31d?s=96&d=mm&r=g\",\"url\":\"https:\\\/\\\/secure.gravatar.com\\\/avatar\\\/bad9296e02816160ae2e2435beda58222022298d5625d49fea74d18816fbb31d?s=96&d=mm&r=g\",\"contentUrl\":\"https:\\\/\\\/secure.gravatar.com\\\/avatar\\\/bad9296e02816160ae2e2435beda58222022298d5625d49fea74d18816fbb31d?s=96&d=mm&r=g\",\"caption\":\"i l\"},\"url\":\"https:\\\/\\\/kosovatimes.info\\\/index.php\\\/author\\\/iliri\\\/\"}]}<\/script>\n<!-- \/ Yoast SEO plugin. -->","yoast_head_json":{"title":"Rexhepi: Kosova \u00ebsht\u00eb shtet q\u00eb di t\u2019i kaloj\u00eb dallimet politike - Kosova Times","robots":{"index":"index","follow":"follow","max-snippet":"max-snippet:-1","max-image-preview":"max-image-preview:large","max-video-preview":"max-video-preview:-1"},"canonical":"https:\/\/kosovatimes.info\/index.php\/2026\/04\/27\/rexhepi-kosova-eshte-shtet-qe-di-ti-kaloje-dallimet-politike\/","og_locale":"en_US","og_type":"article","og_title":"Rexhepi: Kosova \u00ebsht\u00eb shtet q\u00eb di t\u2019i kaloj\u00eb dallimet politike - Kosova Times","og_description":"Z\u00ebvend\u00ebskryeministrja e Kosov\u00ebs, Emilia Rexhepi, u ka b\u00ebr\u00eb thirrje deputet\u00ebve t\u00eb Kosov\u00ebs q\u00eb t\u00eb l\u00ebn\u00eb dallimet dhe ta zgjedhin presidentin. Ai ka th\u00ebn\u00eb se po rrezikohet futja n\u00eb nj\u00eb cik\u00ebl t\u00eb mosstabilitetit t\u00eb madh. \u201cT\u2019i d\u00ebrgojm\u00eb mesazh t\u00eb qart\u00eb rajonit se Kosova \u00ebsht\u00eb shtet q\u00eb di t\u2019i kaloj\u00eb dallimet politike kur \u00ebsht\u00eb m\u00eb e nevojshme, [&hellip;]","og_url":"https:\/\/kosovatimes.info\/index.php\/2026\/04\/27\/rexhepi-kosova-eshte-shtet-qe-di-ti-kaloje-dallimet-politike\/","og_site_name":"Kosova Times","article_published_time":"2026-04-27T16:31:00+00:00","article_modified_time":"2026-04-27T16:57:05+00:00","og_image":[{"width":684,"height":465,"url":"https:\/\/kosovatimes.info\/wp-content\/uploads\/2026\/04\/Rexhwpi-1.jpg","type":"image\/jpeg"}],"author":"i l","twitter_card":"summary_large_image","twitter_misc":{"Written by":"i l","Est. reading time":"1 minute"},"schema":{"@context":"https:\/\/schema.org","@graph":[{"@type":"Article","@id":"https:\/\/kosovatimes.info\/index.php\/2026\/04\/27\/rexhepi-kosova-eshte-shtet-qe-di-ti-kaloje-dallimet-politike\/#article","isPartOf":{"@id":"https:\/\/kosovatimes.info\/index.php\/2026\/04\/27\/rexhepi-kosova-eshte-shtet-qe-di-ti-kaloje-dallimet-politike\/"},"author":{"name":"i l","@id":"https:\/\/kosovatimes.info\/#\/schema\/person\/7586712b9c512fe68085de007378c915"},"headline":"Rexhepi: Kosova \u00ebsht\u00eb shtet q\u00eb di t\u2019i kaloj\u00eb dallimet politike","datePublished":"2026-04-27T16:31:00+00:00","dateModified":"2026-04-27T16:57:05+00:00","mainEntityOfPage":{"@id":"https:\/\/kosovatimes.info\/index.php\/2026\/04\/27\/rexhepi-kosova-eshte-shtet-qe-di-ti-kaloje-dallimet-politike\/"},"wordCount":102,"commentCount":0,"image":{"@id":"https:\/\/kosovatimes.info\/index.php\/2026\/04\/27\/rexhepi-kosova-eshte-shtet-qe-di-ti-kaloje-dallimet-politike\/#primaryimage"},"thumbnailUrl":"https:\/\/kosovatimes.info\/wp-content\/uploads\/2026\/04\/Rexhwpi-1.jpg","articleSection":["Kosov\u00eb","Lajme"],"inLanguage":"en-US","potentialAction":[{"@type":"CommentAction","name":"Comment","target":["https:\/\/kosovatimes.info\/index.php\/2026\/04\/27\/rexhepi-kosova-eshte-shtet-qe-di-ti-kaloje-dallimet-politike\/#respond"]}]},{"@type":"WebPage","@id":"https:\/\/kosovatimes.info\/index.php\/2026\/04\/27\/rexhepi-kosova-eshte-shtet-qe-di-ti-kaloje-dallimet-politike\/","url":"https:\/\/kosovatimes.info\/index.php\/2026\/04\/27\/rexhepi-kosova-eshte-shtet-qe-di-ti-kaloje-dallimet-politike\/","name":"Rexhepi: Kosova \u00ebsht\u00eb shtet q\u00eb di t\u2019i kaloj\u00eb dallimet politike - Kosova Times","isPartOf":{"@id":"https:\/\/kosovatimes.info\/#website"},"primaryImageOfPage":{"@id":"https:\/\/kosovatimes.info\/index.php\/2026\/04\/27\/rexhepi-kosova-eshte-shtet-qe-di-ti-kaloje-dallimet-politike\/#primaryimage"},"image":{"@id":"https:\/\/kosovatimes.info\/index.php\/2026\/04\/27\/rexhepi-kosova-eshte-shtet-qe-di-ti-kaloje-dallimet-politike\/#primaryimage"},"thumbnailUrl":"https:\/\/kosovatimes.info\/wp-content\/uploads\/2026\/04\/Rexhwpi-1.jpg","datePublished":"2026-04-27T16:31:00+00:00","dateModified":"2026-04-27T16:57:05+00:00","author":{"@id":"https:\/\/kosovatimes.info\/#\/schema\/person\/7586712b9c512fe68085de007378c915"},"breadcrumb":{"@id":"https:\/\/kosovatimes.info\/index.php\/2026\/04\/27\/rexhepi-kosova-eshte-shtet-qe-di-ti-kaloje-dallimet-politike\/#breadcrumb"},"inLanguage":"en-US","potentialAction":[{"@type":"ReadAction","target":["https:\/\/kosovatimes.info\/index.php\/2026\/04\/27\/rexhepi-kosova-eshte-shtet-qe-di-ti-kaloje-dallimet-politike\/"]}]},{"@type":"ImageObject","inLanguage":"en-US","@id":"https:\/\/kosovatimes.info\/index.php\/2026\/04\/27\/rexhepi-kosova-eshte-shtet-qe-di-ti-kaloje-dallimet-politike\/#primaryimage","url":"https:\/\/kosovatimes.info\/wp-content\/uploads\/2026\/04\/Rexhwpi-1.jpg","contentUrl":"https:\/\/kosovatimes.info\/wp-content\/uploads\/2026\/04\/Rexhwpi-1.jpg","width":684,"height":465},{"@type":"BreadcrumbList","@id":"https:\/\/kosovatimes.info\/index.php\/2026\/04\/27\/rexhepi-kosova-eshte-shtet-qe-di-ti-kaloje-dallimet-politike\/#breadcrumb","itemListElement":[{"@type":"ListItem","position":1,"name":"Home","item":"https:\/\/kosovatimes.info\/"},{"@type":"ListItem","position":2,"name":"Rexhepi: Kosova \u00ebsht\u00eb shtet q\u00eb di t\u2019i kaloj\u00eb dallimet politike"}]},{"@type":"WebSite","@id":"https:\/\/kosovatimes.info\/#website","url":"https:\/\/kosovatimes.info\/","name":"Kosova Times","description":"","potentialAction":[{"@type":"SearchAction","target":{"@type":"EntryPoint","urlTemplate":"https:\/\/kosovatimes.info\/?s={search_term_string}"},"query-input":{"@type":"PropertyValueSpecification","valueRequired":true,"valueName":"search_term_string"}}],"inLanguage":"en-US"},{"@type":"Person","@id":"https:\/\/kosovatimes.info\/#\/schema\/person\/7586712b9c512fe68085de007378c915","name":"i l","image":{"@type":"ImageObject","inLanguage":"en-US","@id":"https:\/\/secure.gravatar.com\/avatar\/bad9296e02816160ae2e2435beda58222022298d5625d49fea74d18816fbb31d?s=96&d=mm&r=g","url":"https:\/\/secure.gravatar.com\/avatar\/bad9296e02816160ae2e2435beda58222022298d5625d49fea74d18816fbb31d?s=96&d=mm&r=g","contentUrl":"https:\/\/secure.gravatar.com\/avatar\/bad9296e02816160ae2e2435beda58222022298d5625d49fea74d18816fbb31d?s=96&d=mm&r=g","caption":"i l"},"url":"https:\/\/kosovatimes.info\/index.php\/author\/iliri\/"}]}},"_links":{"self":[{"href":"https:\/\/kosovatimes.info\/index.php\/wp-json\/wp\/v2\/posts\/12124","targetHints":{"allow":["GET"]}}],"collection":[{"href":"https:\/\/kosovatimes.info\/index.php\/wp-json\/wp\/v2\/posts"}],"about":[{"href":"https:\/\/kosovatimes.info\/index.php\/wp-json\/wp\/v2\/types\/post"}],"author":[{"embeddable":true,"href":"https:\/\/kosovatimes.info\/index.php\/wp-json\/wp\/v2\/users\/4"}],"replies":[{"embeddable":true,"href":"https:\/\/kosovatimes.info\/index.php\/wp-json\/wp\/v2\/comments?post=12124"}],"version-history":[{"count":1,"href":"https:\/\/kosovatimes.info\/index.php\/wp-json\/wp\/v2\/posts\/12124\/revisions"}],"predecessor-version":[{"id":12126,"href":"https:\/\/kosovatimes.info\/index.php\/wp-json\/wp\/v2\/posts\/12124\/revisions\/12126"}],"wp:featuredmedia":[{"embeddable":true,"href":"https:\/\/kosovatimes.info\/index.php\/wp-json\/wp\/v2\/media\/12127"}],"wp:attachment":[{"href":"https:\/\/kosovatimes.info\/index.php\/wp-json\/wp\/v2\/media?parent=12124"}],"wp:term":[{"taxonomy":"category","embeddable":true,"href":"https:\/\/kosovatimes.info\/index.php\/wp-json\/wp\/v2\/categories?post=12124"},{"taxonomy":"post_tag","embeddable":true,"href":"https:\/\/kosovatimes.info\/index.php\/wp-json\/wp\/v2\/tags?post=12124"}],"curies":[{"name":"wp","href":"https:\/\/api.w.org\/{rel}","templated":true}]}}