{"id":12140,"date":"2026-04-27T19:00:00","date_gmt":"2026-04-27T17:00:00","guid":{"rendered":"https:\/\/kosovatimes.info\/?p=12140"},"modified":"2026-04-27T22:15:05","modified_gmt":"2026-04-27T20:15:05","slug":"qeveria-miraton-disa-vendime-ne-mbledhjen-e-15-te-elektronike","status":"publish","type":"post","link":"https:\/\/kosovatimes.info\/index.php\/2026\/04\/27\/qeveria-miraton-disa-vendime-ne-mbledhjen-e-15-te-elektronike\/","title":{"rendered":"Qeveria miraton disa vendime n\u00eb mbledhjen e 15-t\u00eb elektronike"},"content":{"rendered":"\n<p><strong>Qeveria e Republik\u00ebs s\u00eb Kosov\u00ebs ka zhvilluar sot mbledhjen e pes\u00ebmb\u00ebdhjet\u00eb elektronike, n\u00eb t\u00eb cil\u00ebn ka miratuar disa vendime.<\/strong><\/p>\n\n\n\n<p>N\u00eb k\u00ebt\u00eb mbledhje \u00ebsht\u00eb miratuar vendimi p\u00ebr shtimin e list\u00ebs s\u00eb mallrave n\u00eb Aneksin A t\u00eb Ligjit Nr. 03\/L-220 p\u00ebr ndryshimin dhe plot\u00ebsimin e Ligjit Nr. 03\/L-112 p\u00ebr Tatimin e Norm\u00ebs s\u00eb Akciz\u00ebs n\u00eb Kosov\u00eb.<\/p>\n\n\n\n<p>Gjithashtu, \u00ebsht\u00eb miratuar vendimi p\u00ebr aprovimin e List\u00ebs s\u00eb an\u00ebtar\u00ebve potencial t\u00eb Komisionit Shtet\u00ebror t\u00eb Pranimit p\u00ebr Kategorin\u00eb e Lart\u00eb Drejtuese.<\/p>\n\n\n\n<p>Qeveria ka miratuar n\u00eb parim edhe Nism\u00ebn p\u00ebr \u201cAmendamentin Nr. 2 t\u00eb Marr\u00ebveshjes Financiare n\u00eb mes t\u00eb Republik\u00ebs s\u00eb Kosov\u00ebs dhe Bashkimit Evropian p\u00ebr programin IPA 2019, pjesa e par\u00eb\u201d.<\/p>\n","protected":false},"excerpt":{"rendered":"<p>Qeveria e Republik\u00ebs s\u00eb Kosov\u00ebs ka zhvilluar sot mbledhjen e pes\u00ebmb\u00ebdhjet\u00eb elektronike, n\u00eb t\u00eb cil\u00ebn ka miratuar disa vendime. N\u00eb k\u00ebt\u00eb mbledhje \u00ebsht\u00eb miratuar vendimi p\u00ebr shtimin e list\u00ebs s\u00eb mallrave n\u00eb Aneksin A t\u00eb Ligjit Nr. 03\/L-220 p\u00ebr ndryshimin dhe plot\u00ebsimin e Ligjit Nr. 03\/L-112 p\u00ebr Tatimin e Norm\u00ebs s\u00eb Akciz\u00ebs n\u00eb Kosov\u00eb. Gjithashtu, [&hellip;]<\/p>\n","protected":false},"author":4,"featured_media":12141,"comment_status":"open","ping_status":"open","sticky":false,"template":"","format":"standard","meta":{"footnotes":""},"categories":[31,30],"tags":[],"class_list":{"0":"post-12140","1":"post","2":"type-post","3":"status-publish","4":"format-standard","5":"has-post-thumbnail","7":"category-kosove","8":"category-lajme"},"yoast_head":"<!-- This site is optimized with the Yoast SEO plugin v27.4 - https:\/\/yoast.com\/product\/yoast-seo-wordpress\/ -->\n<title>Qeveria miraton disa vendime n\u00eb mbledhjen e 15-t\u00eb elektronike - Kosova Times<\/title>\n<meta name=\"robots\" content=\"index, follow, max-snippet:-1, max-image-preview:large, max-video-preview:-1\" \/>\n<link rel=\"canonical\" href=\"https:\/\/kosovatimes.info\/index.php\/2026\/04\/27\/qeveria-miraton-disa-vendime-ne-mbledhjen-e-15-te-elektronike\/\" \/>\n<meta property=\"og:locale\" content=\"en_US\" \/>\n<meta property=\"og:type\" content=\"article\" \/>\n<meta property=\"og:title\" content=\"Qeveria miraton disa vendime n\u00eb mbledhjen e 15-t\u00eb elektronike - Kosova Times\" \/>\n<meta property=\"og:description\" content=\"Qeveria e Republik\u00ebs s\u00eb Kosov\u00ebs ka zhvilluar sot mbledhjen e pes\u00ebmb\u00ebdhjet\u00eb elektronike, n\u00eb t\u00eb cil\u00ebn ka miratuar disa vendime. N\u00eb k\u00ebt\u00eb mbledhje \u00ebsht\u00eb miratuar vendimi p\u00ebr shtimin e list\u00ebs s\u00eb mallrave n\u00eb Aneksin A t\u00eb Ligjit Nr. 03\/L-220 p\u00ebr ndryshimin dhe plot\u00ebsimin e Ligjit Nr. 03\/L-112 p\u00ebr Tatimin e Norm\u00ebs s\u00eb Akciz\u00ebs n\u00eb Kosov\u00eb. Gjithashtu, [&hellip;]\" \/>\n<meta property=\"og:url\" content=\"https:\/\/kosovatimes.info\/index.php\/2026\/04\/27\/qeveria-miraton-disa-vendime-ne-mbledhjen-e-15-te-elektronike\/\" \/>\n<meta property=\"og:site_name\" content=\"Kosova Times\" \/>\n<meta property=\"article:published_time\" content=\"2026-04-27T17:00:00+00:00\" \/>\n<meta property=\"article:modified_time\" content=\"2026-04-27T20:15:05+00:00\" \/>\n<meta property=\"og:image\" content=\"https:\/\/kosovatimes.info\/wp-content\/uploads\/2026\/04\/Qeveria-7.jpg\" \/>\n\t<meta property=\"og:image:width\" content=\"780\" \/>\n\t<meta property=\"og:image:height\" content=\"500\" \/>\n\t<meta property=\"og:image:type\" content=\"image\/jpeg\" \/>\n<meta name=\"author\" content=\"i l\" \/>\n<meta name=\"twitter:card\" content=\"summary_large_image\" \/>\n<meta name=\"twitter:label1\" content=\"Written by\" \/>\n\t<meta name=\"twitter:data1\" content=\"i l\" \/>\n\t<meta name=\"twitter:label2\" content=\"Est. reading time\" \/>\n\t<meta name=\"twitter:data2\" content=\"1 minute\" \/>\n<script type=\"application\/ld+json\" class=\"yoast-schema-graph\">{\"@context\":\"https:\\\/\\\/schema.org\",\"@graph\":[{\"@type\":\"Article\",\"@id\":\"https:\\\/\\\/kosovatimes.info\\\/index.php\\\/2026\\\/04\\\/27\\\/qeveria-miraton-disa-vendime-ne-mbledhjen-e-15-te-elektronike\\\/#article\",\"isPartOf\":{\"@id\":\"https:\\\/\\\/kosovatimes.info\\\/index.php\\\/2026\\\/04\\\/27\\\/qeveria-miraton-disa-vendime-ne-mbledhjen-e-15-te-elektronike\\\/\"},\"author\":{\"name\":\"i l\",\"@id\":\"https:\\\/\\\/kosovatimes.info\\\/#\\\/schema\\\/person\\\/7586712b9c512fe68085de007378c915\"},\"headline\":\"Qeveria miraton disa vendime n\u00eb mbledhjen e 15-t\u00eb elektronike\",\"datePublished\":\"2026-04-27T17:00:00+00:00\",\"dateModified\":\"2026-04-27T20:15:05+00:00\",\"mainEntityOfPage\":{\"@id\":\"https:\\\/\\\/kosovatimes.info\\\/index.php\\\/2026\\\/04\\\/27\\\/qeveria-miraton-disa-vendime-ne-mbledhjen-e-15-te-elektronike\\\/\"},\"wordCount\":137,\"commentCount\":0,\"image\":{\"@id\":\"https:\\\/\\\/kosovatimes.info\\\/index.php\\\/2026\\\/04\\\/27\\\/qeveria-miraton-disa-vendime-ne-mbledhjen-e-15-te-elektronike\\\/#primaryimage\"},\"thumbnailUrl\":\"https:\\\/\\\/kosovatimes.info\\\/wp-content\\\/uploads\\\/2026\\\/04\\\/Qeveria-7.jpg\",\"articleSection\":[\"Kosov\u00eb\",\"Lajme\"],\"inLanguage\":\"en-US\",\"potentialAction\":[{\"@type\":\"CommentAction\",\"name\":\"Comment\",\"target\":[\"https:\\\/\\\/kosovatimes.info\\\/index.php\\\/2026\\\/04\\\/27\\\/qeveria-miraton-disa-vendime-ne-mbledhjen-e-15-te-elektronike\\\/#respond\"]}]},{\"@type\":\"WebPage\",\"@id\":\"https:\\\/\\\/kosovatimes.info\\\/index.php\\\/2026\\\/04\\\/27\\\/qeveria-miraton-disa-vendime-ne-mbledhjen-e-15-te-elektronike\\\/\",\"url\":\"https:\\\/\\\/kosovatimes.info\\\/index.php\\\/2026\\\/04\\\/27\\\/qeveria-miraton-disa-vendime-ne-mbledhjen-e-15-te-elektronike\\\/\",\"name\":\"Qeveria miraton disa vendime n\u00eb mbledhjen e 15-t\u00eb elektronike - Kosova Times\",\"isPartOf\":{\"@id\":\"https:\\\/\\\/kosovatimes.info\\\/#website\"},\"primaryImageOfPage\":{\"@id\":\"https:\\\/\\\/kosovatimes.info\\\/index.php\\\/2026\\\/04\\\/27\\\/qeveria-miraton-disa-vendime-ne-mbledhjen-e-15-te-elektronike\\\/#primaryimage\"},\"image\":{\"@id\":\"https:\\\/\\\/kosovatimes.info\\\/index.php\\\/2026\\\/04\\\/27\\\/qeveria-miraton-disa-vendime-ne-mbledhjen-e-15-te-elektronike\\\/#primaryimage\"},\"thumbnailUrl\":\"https:\\\/\\\/kosovatimes.info\\\/wp-content\\\/uploads\\\/2026\\\/04\\\/Qeveria-7.jpg\",\"datePublished\":\"2026-04-27T17:00:00+00:00\",\"dateModified\":\"2026-04-27T20:15:05+00:00\",\"author\":{\"@id\":\"https:\\\/\\\/kosovatimes.info\\\/#\\\/schema\\\/person\\\/7586712b9c512fe68085de007378c915\"},\"breadcrumb\":{\"@id\":\"https:\\\/\\\/kosovatimes.info\\\/index.php\\\/2026\\\/04\\\/27\\\/qeveria-miraton-disa-vendime-ne-mbledhjen-e-15-te-elektronike\\\/#breadcrumb\"},\"inLanguage\":\"en-US\",\"potentialAction\":[{\"@type\":\"ReadAction\",\"target\":[\"https:\\\/\\\/kosovatimes.info\\\/index.php\\\/2026\\\/04\\\/27\\\/qeveria-miraton-disa-vendime-ne-mbledhjen-e-15-te-elektronike\\\/\"]}]},{\"@type\":\"ImageObject\",\"inLanguage\":\"en-US\",\"@id\":\"https:\\\/\\\/kosovatimes.info\\\/index.php\\\/2026\\\/04\\\/27\\\/qeveria-miraton-disa-vendime-ne-mbledhjen-e-15-te-elektronike\\\/#primaryimage\",\"url\":\"https:\\\/\\\/kosovatimes.info\\\/wp-content\\\/uploads\\\/2026\\\/04\\\/Qeveria-7.jpg\",\"contentUrl\":\"https:\\\/\\\/kosovatimes.info\\\/wp-content\\\/uploads\\\/2026\\\/04\\\/Qeveria-7.jpg\",\"width\":780,\"height\":500},{\"@type\":\"BreadcrumbList\",\"@id\":\"https:\\\/\\\/kosovatimes.info\\\/index.php\\\/2026\\\/04\\\/27\\\/qeveria-miraton-disa-vendime-ne-mbledhjen-e-15-te-elektronike\\\/#breadcrumb\",\"itemListElement\":[{\"@type\":\"ListItem\",\"position\":1,\"name\":\"Home\",\"item\":\"https:\\\/\\\/kosovatimes.info\\\/\"},{\"@type\":\"ListItem\",\"position\":2,\"name\":\"Qeveria miraton disa vendime n\u00eb mbledhjen e 15-t\u00eb elektronike\"}]},{\"@type\":\"WebSite\",\"@id\":\"https:\\\/\\\/kosovatimes.info\\\/#website\",\"url\":\"https:\\\/\\\/kosovatimes.info\\\/\",\"name\":\"Kosova Times\",\"description\":\"\",\"potentialAction\":[{\"@type\":\"SearchAction\",\"target\":{\"@type\":\"EntryPoint\",\"urlTemplate\":\"https:\\\/\\\/kosovatimes.info\\\/?s={search_term_string}\"},\"query-input\":{\"@type\":\"PropertyValueSpecification\",\"valueRequired\":true,\"valueName\":\"search_term_string\"}}],\"inLanguage\":\"en-US\"},{\"@type\":\"Person\",\"@id\":\"https:\\\/\\\/kosovatimes.info\\\/#\\\/schema\\\/person\\\/7586712b9c512fe68085de007378c915\",\"name\":\"i l\",\"image\":{\"@type\":\"ImageObject\",\"inLanguage\":\"en-US\",\"@id\":\"https:\\\/\\\/secure.gravatar.com\\\/avatar\\\/bad9296e02816160ae2e2435beda58222022298d5625d49fea74d18816fbb31d?s=96&d=mm&r=g\",\"url\":\"https:\\\/\\\/secure.gravatar.com\\\/avatar\\\/bad9296e02816160ae2e2435beda58222022298d5625d49fea74d18816fbb31d?s=96&d=mm&r=g\",\"contentUrl\":\"https:\\\/\\\/secure.gravatar.com\\\/avatar\\\/bad9296e02816160ae2e2435beda58222022298d5625d49fea74d18816fbb31d?s=96&d=mm&r=g\",\"caption\":\"i l\"},\"url\":\"https:\\\/\\\/kosovatimes.info\\\/index.php\\\/author\\\/iliri\\\/\"}]}<\/script>\n<!-- \/ Yoast SEO plugin. -->","yoast_head_json":{"title":"Qeveria miraton disa vendime n\u00eb mbledhjen e 15-t\u00eb elektronike - Kosova Times","robots":{"index":"index","follow":"follow","max-snippet":"max-snippet:-1","max-image-preview":"max-image-preview:large","max-video-preview":"max-video-preview:-1"},"canonical":"https:\/\/kosovatimes.info\/index.php\/2026\/04\/27\/qeveria-miraton-disa-vendime-ne-mbledhjen-e-15-te-elektronike\/","og_locale":"en_US","og_type":"article","og_title":"Qeveria miraton disa vendime n\u00eb mbledhjen e 15-t\u00eb elektronike - Kosova Times","og_description":"Qeveria e Republik\u00ebs s\u00eb Kosov\u00ebs ka zhvilluar sot mbledhjen e pes\u00ebmb\u00ebdhjet\u00eb elektronike, n\u00eb t\u00eb cil\u00ebn ka miratuar disa vendime. N\u00eb k\u00ebt\u00eb mbledhje \u00ebsht\u00eb miratuar vendimi p\u00ebr shtimin e list\u00ebs s\u00eb mallrave n\u00eb Aneksin A t\u00eb Ligjit Nr. 03\/L-220 p\u00ebr ndryshimin dhe plot\u00ebsimin e Ligjit Nr. 03\/L-112 p\u00ebr Tatimin e Norm\u00ebs s\u00eb Akciz\u00ebs n\u00eb Kosov\u00eb. Gjithashtu, [&hellip;]","og_url":"https:\/\/kosovatimes.info\/index.php\/2026\/04\/27\/qeveria-miraton-disa-vendime-ne-mbledhjen-e-15-te-elektronike\/","og_site_name":"Kosova Times","article_published_time":"2026-04-27T17:00:00+00:00","article_modified_time":"2026-04-27T20:15:05+00:00","og_image":[{"width":780,"height":500,"url":"https:\/\/kosovatimes.info\/wp-content\/uploads\/2026\/04\/Qeveria-7.jpg","type":"image\/jpeg"}],"author":"i l","twitter_card":"summary_large_image","twitter_misc":{"Written by":"i l","Est. reading time":"1 minute"},"schema":{"@context":"https:\/\/schema.org","@graph":[{"@type":"Article","@id":"https:\/\/kosovatimes.info\/index.php\/2026\/04\/27\/qeveria-miraton-disa-vendime-ne-mbledhjen-e-15-te-elektronike\/#article","isPartOf":{"@id":"https:\/\/kosovatimes.info\/index.php\/2026\/04\/27\/qeveria-miraton-disa-vendime-ne-mbledhjen-e-15-te-elektronike\/"},"author":{"name":"i l","@id":"https:\/\/kosovatimes.info\/#\/schema\/person\/7586712b9c512fe68085de007378c915"},"headline":"Qeveria miraton disa vendime n\u00eb mbledhjen e 15-t\u00eb elektronike","datePublished":"2026-04-27T17:00:00+00:00","dateModified":"2026-04-27T20:15:05+00:00","mainEntityOfPage":{"@id":"https:\/\/kosovatimes.info\/index.php\/2026\/04\/27\/qeveria-miraton-disa-vendime-ne-mbledhjen-e-15-te-elektronike\/"},"wordCount":137,"commentCount":0,"image":{"@id":"https:\/\/kosovatimes.info\/index.php\/2026\/04\/27\/qeveria-miraton-disa-vendime-ne-mbledhjen-e-15-te-elektronike\/#primaryimage"},"thumbnailUrl":"https:\/\/kosovatimes.info\/wp-content\/uploads\/2026\/04\/Qeveria-7.jpg","articleSection":["Kosov\u00eb","Lajme"],"inLanguage":"en-US","potentialAction":[{"@type":"CommentAction","name":"Comment","target":["https:\/\/kosovatimes.info\/index.php\/2026\/04\/27\/qeveria-miraton-disa-vendime-ne-mbledhjen-e-15-te-elektronike\/#respond"]}]},{"@type":"WebPage","@id":"https:\/\/kosovatimes.info\/index.php\/2026\/04\/27\/qeveria-miraton-disa-vendime-ne-mbledhjen-e-15-te-elektronike\/","url":"https:\/\/kosovatimes.info\/index.php\/2026\/04\/27\/qeveria-miraton-disa-vendime-ne-mbledhjen-e-15-te-elektronike\/","name":"Qeveria miraton disa vendime n\u00eb mbledhjen e 15-t\u00eb elektronike - Kosova Times","isPartOf":{"@id":"https:\/\/kosovatimes.info\/#website"},"primaryImageOfPage":{"@id":"https:\/\/kosovatimes.info\/index.php\/2026\/04\/27\/qeveria-miraton-disa-vendime-ne-mbledhjen-e-15-te-elektronike\/#primaryimage"},"image":{"@id":"https:\/\/kosovatimes.info\/index.php\/2026\/04\/27\/qeveria-miraton-disa-vendime-ne-mbledhjen-e-15-te-elektronike\/#primaryimage"},"thumbnailUrl":"https:\/\/kosovatimes.info\/wp-content\/uploads\/2026\/04\/Qeveria-7.jpg","datePublished":"2026-04-27T17:00:00+00:00","dateModified":"2026-04-27T20:15:05+00:00","author":{"@id":"https:\/\/kosovatimes.info\/#\/schema\/person\/7586712b9c512fe68085de007378c915"},"breadcrumb":{"@id":"https:\/\/kosovatimes.info\/index.php\/2026\/04\/27\/qeveria-miraton-disa-vendime-ne-mbledhjen-e-15-te-elektronike\/#breadcrumb"},"inLanguage":"en-US","potentialAction":[{"@type":"ReadAction","target":["https:\/\/kosovatimes.info\/index.php\/2026\/04\/27\/qeveria-miraton-disa-vendime-ne-mbledhjen-e-15-te-elektronike\/"]}]},{"@type":"ImageObject","inLanguage":"en-US","@id":"https:\/\/kosovatimes.info\/index.php\/2026\/04\/27\/qeveria-miraton-disa-vendime-ne-mbledhjen-e-15-te-elektronike\/#primaryimage","url":"https:\/\/kosovatimes.info\/wp-content\/uploads\/2026\/04\/Qeveria-7.jpg","contentUrl":"https:\/\/kosovatimes.info\/wp-content\/uploads\/2026\/04\/Qeveria-7.jpg","width":780,"height":500},{"@type":"BreadcrumbList","@id":"https:\/\/kosovatimes.info\/index.php\/2026\/04\/27\/qeveria-miraton-disa-vendime-ne-mbledhjen-e-15-te-elektronike\/#breadcrumb","itemListElement":[{"@type":"ListItem","position":1,"name":"Home","item":"https:\/\/kosovatimes.info\/"},{"@type":"ListItem","position":2,"name":"Qeveria miraton disa vendime n\u00eb mbledhjen e 15-t\u00eb elektronike"}]},{"@type":"WebSite","@id":"https:\/\/kosovatimes.info\/#website","url":"https:\/\/kosovatimes.info\/","name":"Kosova Times","description":"","potentialAction":[{"@type":"SearchAction","target":{"@type":"EntryPoint","urlTemplate":"https:\/\/kosovatimes.info\/?s={search_term_string}"},"query-input":{"@type":"PropertyValueSpecification","valueRequired":true,"valueName":"search_term_string"}}],"inLanguage":"en-US"},{"@type":"Person","@id":"https:\/\/kosovatimes.info\/#\/schema\/person\/7586712b9c512fe68085de007378c915","name":"i l","image":{"@type":"ImageObject","inLanguage":"en-US","@id":"https:\/\/secure.gravatar.com\/avatar\/bad9296e02816160ae2e2435beda58222022298d5625d49fea74d18816fbb31d?s=96&d=mm&r=g","url":"https:\/\/secure.gravatar.com\/avatar\/bad9296e02816160ae2e2435beda58222022298d5625d49fea74d18816fbb31d?s=96&d=mm&r=g","contentUrl":"https:\/\/secure.gravatar.com\/avatar\/bad9296e02816160ae2e2435beda58222022298d5625d49fea74d18816fbb31d?s=96&d=mm&r=g","caption":"i l"},"url":"https:\/\/kosovatimes.info\/index.php\/author\/iliri\/"}]}},"_links":{"self":[{"href":"https:\/\/kosovatimes.info\/index.php\/wp-json\/wp\/v2\/posts\/12140","targetHints":{"allow":["GET"]}}],"collection":[{"href":"https:\/\/kosovatimes.info\/index.php\/wp-json\/wp\/v2\/posts"}],"about":[{"href":"https:\/\/kosovatimes.info\/index.php\/wp-json\/wp\/v2\/types\/post"}],"author":[{"embeddable":true,"href":"https:\/\/kosovatimes.info\/index.php\/wp-json\/wp\/v2\/users\/4"}],"replies":[{"embeddable":true,"href":"https:\/\/kosovatimes.info\/index.php\/wp-json\/wp\/v2\/comments?post=12140"}],"version-history":[{"count":1,"href":"https:\/\/kosovatimes.info\/index.php\/wp-json\/wp\/v2\/posts\/12140\/revisions"}],"predecessor-version":[{"id":12142,"href":"https:\/\/kosovatimes.info\/index.php\/wp-json\/wp\/v2\/posts\/12140\/revisions\/12142"}],"wp:featuredmedia":[{"embeddable":true,"href":"https:\/\/kosovatimes.info\/index.php\/wp-json\/wp\/v2\/media\/12141"}],"wp:attachment":[{"href":"https:\/\/kosovatimes.info\/index.php\/wp-json\/wp\/v2\/media?parent=12140"}],"wp:term":[{"taxonomy":"category","embeddable":true,"href":"https:\/\/kosovatimes.info\/index.php\/wp-json\/wp\/v2\/categories?post=12140"},{"taxonomy":"post_tag","embeddable":true,"href":"https:\/\/kosovatimes.info\/index.php\/wp-json\/wp\/v2\/tags?post=12140"}],"curies":[{"name":"wp","href":"https:\/\/api.w.org\/{rel}","templated":true}]}}