{"id":12143,"date":"2026-04-27T19:12:00","date_gmt":"2026-04-27T17:12:00","guid":{"rendered":"https:\/\/kosovatimes.info\/?p=12143"},"modified":"2026-04-27T22:16:09","modified_gmt":"2026-04-27T20:16:09","slug":"konjufca-dhe-mulhaxha-kollcaku-terhiqen-nga-kandidatura-per-president","status":"publish","type":"post","link":"https:\/\/kosovatimes.info\/index.php\/2026\/04\/27\/konjufca-dhe-mulhaxha-kollcaku-terhiqen-nga-kandidatura-per-president\/","title":{"rendered":"Konjufca dhe Mulhaxha-Koll\u00e7aku t\u00ebrhiqen nga kandidatura p\u00ebr president"},"content":{"rendered":"\n<p><a target=\"_blank\" href=\"https:\/\/www.linkedin.com\/shareArticle?mini=true&amp;url=https%3A%2F%2Fwww.rtklive.com%2Fsq%2Fnews-single.php%3FID%3D723287\" rel=\"noreferrer noopener\"><\/a><\/p>\n\n\n\n<h2 class=\"wp-block-heading\"><strong>Z\u00ebvend\u00ebskryeministri i Kosov\u00ebs, Glauk Konjufca, n\u00eb seanc\u00ebn e jasht\u00ebzakonshme t\u00eb Kuvendit t\u00eb Kosov\u00ebs, dhe deputetja e Fatmire Mulhaxha-Koll\u00e7aku, t\u00eb dy kandidat\u00eb t\u00eb L\u00ebvizjes Vet\u00ebvendosje p\u00ebr President t\u00eb Kosov\u00ebs, kan\u00eb njoftuar t\u00ebrheqjen e tyre nga gara p\u00ebr k\u00ebt\u00eb post.<\/strong><\/h2>\n\n\n\n<p>\u201cZyrtarisht t\u00ebrhiqem nga kandidatura p\u00ebr president t\u00eb Kosov\u00ebs\u201d, tha Konjufca<\/p>\n\n\n\n<p>Menj\u00ebher\u00eb reagoi edhe deputetja Fatmir&nbsp; Mulhaxha Koll\u00e7aku.<\/p>\n\n\n\n<p>\u201cP\u00ebr hir t\u00eb transkriptit dhe un\u00eb t\u00ebrhiqem nga kandidatura p\u00ebr president\u201d, tha ajo.<\/p>\n\n\n\n<p>T\u00eb mart\u00ebn \u00ebsht\u00eb afati i fundit p\u00ebr zgjedhjen e presidentit, p\u00ebrndryshe vendi shkon n\u00eb zgjedhje t\u00eb jasht\u00ebzakonshme.<\/p>\n","protected":false},"excerpt":{"rendered":"<p>Z\u00ebvend\u00ebskryeministri i Kosov\u00ebs, Glauk Konjufca, n\u00eb seanc\u00ebn e jasht\u00ebzakonshme t\u00eb Kuvendit t\u00eb Kosov\u00ebs, dhe deputetja e Fatmire Mulhaxha-Koll\u00e7aku, t\u00eb dy kandidat\u00eb t\u00eb L\u00ebvizjes Vet\u00ebvendosje p\u00ebr President t\u00eb Kosov\u00ebs, kan\u00eb njoftuar t\u00ebrheqjen e tyre nga gara p\u00ebr k\u00ebt\u00eb post. \u201cZyrtarisht t\u00ebrhiqem nga kandidatura p\u00ebr president t\u00eb Kosov\u00ebs\u201d, tha Konjufca Menj\u00ebher\u00eb reagoi edhe deputetja Fatmir&nbsp; Mulhaxha Koll\u00e7aku. [&hellip;]<\/p>\n","protected":false},"author":4,"featured_media":12144,"comment_status":"open","ping_status":"open","sticky":false,"template":"","format":"standard","meta":{"footnotes":""},"categories":[31,30],"tags":[],"class_list":{"0":"post-12143","1":"post","2":"type-post","3":"status-publish","4":"format-standard","5":"has-post-thumbnail","7":"category-kosove","8":"category-lajme"},"yoast_head":"<!-- This site is optimized with the Yoast SEO plugin v27.4 - https:\/\/yoast.com\/product\/yoast-seo-wordpress\/ -->\n<title>Konjufca dhe Mulhaxha-Koll\u00e7aku t\u00ebrhiqen nga kandidatura p\u00ebr president - Kosova Times<\/title>\n<meta name=\"robots\" content=\"index, follow, max-snippet:-1, max-image-preview:large, max-video-preview:-1\" \/>\n<link rel=\"canonical\" href=\"https:\/\/kosovatimes.info\/index.php\/2026\/04\/27\/konjufca-dhe-mulhaxha-kollcaku-terhiqen-nga-kandidatura-per-president\/\" \/>\n<meta property=\"og:locale\" content=\"en_US\" \/>\n<meta property=\"og:type\" content=\"article\" \/>\n<meta property=\"og:title\" content=\"Konjufca dhe Mulhaxha-Koll\u00e7aku t\u00ebrhiqen nga kandidatura p\u00ebr president - Kosova Times\" \/>\n<meta property=\"og:description\" content=\"Z\u00ebvend\u00ebskryeministri i Kosov\u00ebs, Glauk Konjufca, n\u00eb seanc\u00ebn e jasht\u00ebzakonshme t\u00eb Kuvendit t\u00eb Kosov\u00ebs, dhe deputetja e Fatmire Mulhaxha-Koll\u00e7aku, t\u00eb dy kandidat\u00eb t\u00eb L\u00ebvizjes Vet\u00ebvendosje p\u00ebr President t\u00eb Kosov\u00ebs, kan\u00eb njoftuar t\u00ebrheqjen e tyre nga gara p\u00ebr k\u00ebt\u00eb post. \u201cZyrtarisht t\u00ebrhiqem nga kandidatura p\u00ebr president t\u00eb Kosov\u00ebs\u201d, tha Konjufca Menj\u00ebher\u00eb reagoi edhe deputetja Fatmir&nbsp; Mulhaxha Koll\u00e7aku. [&hellip;]\" \/>\n<meta property=\"og:url\" content=\"https:\/\/kosovatimes.info\/index.php\/2026\/04\/27\/konjufca-dhe-mulhaxha-kollcaku-terhiqen-nga-kandidatura-per-president\/\" \/>\n<meta property=\"og:site_name\" content=\"Kosova Times\" \/>\n<meta property=\"article:published_time\" content=\"2026-04-27T17:12:00+00:00\" \/>\n<meta property=\"article:modified_time\" content=\"2026-04-27T20:16:09+00:00\" \/>\n<meta property=\"og:image\" content=\"https:\/\/kosovatimes.info\/wp-content\/uploads\/2026\/04\/konjufca-9.jpg\" \/>\n\t<meta property=\"og:image:width\" content=\"780\" \/>\n\t<meta property=\"og:image:height\" content=\"500\" \/>\n\t<meta property=\"og:image:type\" content=\"image\/jpeg\" \/>\n<meta name=\"author\" content=\"i l\" \/>\n<meta name=\"twitter:card\" content=\"summary_large_image\" \/>\n<meta name=\"twitter:label1\" content=\"Written by\" \/>\n\t<meta name=\"twitter:data1\" content=\"i l\" \/>\n\t<meta name=\"twitter:label2\" content=\"Est. reading time\" \/>\n\t<meta name=\"twitter:data2\" content=\"1 minute\" \/>\n<script type=\"application\/ld+json\" class=\"yoast-schema-graph\">{\"@context\":\"https:\\\/\\\/schema.org\",\"@graph\":[{\"@type\":\"Article\",\"@id\":\"https:\\\/\\\/kosovatimes.info\\\/index.php\\\/2026\\\/04\\\/27\\\/konjufca-dhe-mulhaxha-kollcaku-terhiqen-nga-kandidatura-per-president\\\/#article\",\"isPartOf\":{\"@id\":\"https:\\\/\\\/kosovatimes.info\\\/index.php\\\/2026\\\/04\\\/27\\\/konjufca-dhe-mulhaxha-kollcaku-terhiqen-nga-kandidatura-per-president\\\/\"},\"author\":{\"name\":\"i l\",\"@id\":\"https:\\\/\\\/kosovatimes.info\\\/#\\\/schema\\\/person\\\/7586712b9c512fe68085de007378c915\"},\"headline\":\"Konjufca dhe Mulhaxha-Koll\u00e7aku t\u00ebrhiqen nga kandidatura p\u00ebr president\",\"datePublished\":\"2026-04-27T17:12:00+00:00\",\"dateModified\":\"2026-04-27T20:16:09+00:00\",\"mainEntityOfPage\":{\"@id\":\"https:\\\/\\\/kosovatimes.info\\\/index.php\\\/2026\\\/04\\\/27\\\/konjufca-dhe-mulhaxha-kollcaku-terhiqen-nga-kandidatura-per-president\\\/\"},\"wordCount\":123,\"commentCount\":0,\"image\":{\"@id\":\"https:\\\/\\\/kosovatimes.info\\\/index.php\\\/2026\\\/04\\\/27\\\/konjufca-dhe-mulhaxha-kollcaku-terhiqen-nga-kandidatura-per-president\\\/#primaryimage\"},\"thumbnailUrl\":\"https:\\\/\\\/kosovatimes.info\\\/wp-content\\\/uploads\\\/2026\\\/04\\\/konjufca-9.jpg\",\"articleSection\":[\"Kosov\u00eb\",\"Lajme\"],\"inLanguage\":\"en-US\",\"potentialAction\":[{\"@type\":\"CommentAction\",\"name\":\"Comment\",\"target\":[\"https:\\\/\\\/kosovatimes.info\\\/index.php\\\/2026\\\/04\\\/27\\\/konjufca-dhe-mulhaxha-kollcaku-terhiqen-nga-kandidatura-per-president\\\/#respond\"]}]},{\"@type\":\"WebPage\",\"@id\":\"https:\\\/\\\/kosovatimes.info\\\/index.php\\\/2026\\\/04\\\/27\\\/konjufca-dhe-mulhaxha-kollcaku-terhiqen-nga-kandidatura-per-president\\\/\",\"url\":\"https:\\\/\\\/kosovatimes.info\\\/index.php\\\/2026\\\/04\\\/27\\\/konjufca-dhe-mulhaxha-kollcaku-terhiqen-nga-kandidatura-per-president\\\/\",\"name\":\"Konjufca dhe Mulhaxha-Koll\u00e7aku t\u00ebrhiqen nga kandidatura p\u00ebr president - Kosova Times\",\"isPartOf\":{\"@id\":\"https:\\\/\\\/kosovatimes.info\\\/#website\"},\"primaryImageOfPage\":{\"@id\":\"https:\\\/\\\/kosovatimes.info\\\/index.php\\\/2026\\\/04\\\/27\\\/konjufca-dhe-mulhaxha-kollcaku-terhiqen-nga-kandidatura-per-president\\\/#primaryimage\"},\"image\":{\"@id\":\"https:\\\/\\\/kosovatimes.info\\\/index.php\\\/2026\\\/04\\\/27\\\/konjufca-dhe-mulhaxha-kollcaku-terhiqen-nga-kandidatura-per-president\\\/#primaryimage\"},\"thumbnailUrl\":\"https:\\\/\\\/kosovatimes.info\\\/wp-content\\\/uploads\\\/2026\\\/04\\\/konjufca-9.jpg\",\"datePublished\":\"2026-04-27T17:12:00+00:00\",\"dateModified\":\"2026-04-27T20:16:09+00:00\",\"author\":{\"@id\":\"https:\\\/\\\/kosovatimes.info\\\/#\\\/schema\\\/person\\\/7586712b9c512fe68085de007378c915\"},\"breadcrumb\":{\"@id\":\"https:\\\/\\\/kosovatimes.info\\\/index.php\\\/2026\\\/04\\\/27\\\/konjufca-dhe-mulhaxha-kollcaku-terhiqen-nga-kandidatura-per-president\\\/#breadcrumb\"},\"inLanguage\":\"en-US\",\"potentialAction\":[{\"@type\":\"ReadAction\",\"target\":[\"https:\\\/\\\/kosovatimes.info\\\/index.php\\\/2026\\\/04\\\/27\\\/konjufca-dhe-mulhaxha-kollcaku-terhiqen-nga-kandidatura-per-president\\\/\"]}]},{\"@type\":\"ImageObject\",\"inLanguage\":\"en-US\",\"@id\":\"https:\\\/\\\/kosovatimes.info\\\/index.php\\\/2026\\\/04\\\/27\\\/konjufca-dhe-mulhaxha-kollcaku-terhiqen-nga-kandidatura-per-president\\\/#primaryimage\",\"url\":\"https:\\\/\\\/kosovatimes.info\\\/wp-content\\\/uploads\\\/2026\\\/04\\\/konjufca-9.jpg\",\"contentUrl\":\"https:\\\/\\\/kosovatimes.info\\\/wp-content\\\/uploads\\\/2026\\\/04\\\/konjufca-9.jpg\",\"width\":780,\"height\":500},{\"@type\":\"BreadcrumbList\",\"@id\":\"https:\\\/\\\/kosovatimes.info\\\/index.php\\\/2026\\\/04\\\/27\\\/konjufca-dhe-mulhaxha-kollcaku-terhiqen-nga-kandidatura-per-president\\\/#breadcrumb\",\"itemListElement\":[{\"@type\":\"ListItem\",\"position\":1,\"name\":\"Home\",\"item\":\"https:\\\/\\\/kosovatimes.info\\\/\"},{\"@type\":\"ListItem\",\"position\":2,\"name\":\"Konjufca dhe Mulhaxha-Koll\u00e7aku t\u00ebrhiqen nga kandidatura p\u00ebr president\"}]},{\"@type\":\"WebSite\",\"@id\":\"https:\\\/\\\/kosovatimes.info\\\/#website\",\"url\":\"https:\\\/\\\/kosovatimes.info\\\/\",\"name\":\"Kosova Times\",\"description\":\"\",\"potentialAction\":[{\"@type\":\"SearchAction\",\"target\":{\"@type\":\"EntryPoint\",\"urlTemplate\":\"https:\\\/\\\/kosovatimes.info\\\/?s={search_term_string}\"},\"query-input\":{\"@type\":\"PropertyValueSpecification\",\"valueRequired\":true,\"valueName\":\"search_term_string\"}}],\"inLanguage\":\"en-US\"},{\"@type\":\"Person\",\"@id\":\"https:\\\/\\\/kosovatimes.info\\\/#\\\/schema\\\/person\\\/7586712b9c512fe68085de007378c915\",\"name\":\"i l\",\"image\":{\"@type\":\"ImageObject\",\"inLanguage\":\"en-US\",\"@id\":\"https:\\\/\\\/secure.gravatar.com\\\/avatar\\\/bad9296e02816160ae2e2435beda58222022298d5625d49fea74d18816fbb31d?s=96&d=mm&r=g\",\"url\":\"https:\\\/\\\/secure.gravatar.com\\\/avatar\\\/bad9296e02816160ae2e2435beda58222022298d5625d49fea74d18816fbb31d?s=96&d=mm&r=g\",\"contentUrl\":\"https:\\\/\\\/secure.gravatar.com\\\/avatar\\\/bad9296e02816160ae2e2435beda58222022298d5625d49fea74d18816fbb31d?s=96&d=mm&r=g\",\"caption\":\"i l\"},\"url\":\"https:\\\/\\\/kosovatimes.info\\\/index.php\\\/author\\\/iliri\\\/\"}]}<\/script>\n<!-- \/ Yoast SEO plugin. -->","yoast_head_json":{"title":"Konjufca dhe Mulhaxha-Koll\u00e7aku t\u00ebrhiqen nga kandidatura p\u00ebr president - Kosova Times","robots":{"index":"index","follow":"follow","max-snippet":"max-snippet:-1","max-image-preview":"max-image-preview:large","max-video-preview":"max-video-preview:-1"},"canonical":"https:\/\/kosovatimes.info\/index.php\/2026\/04\/27\/konjufca-dhe-mulhaxha-kollcaku-terhiqen-nga-kandidatura-per-president\/","og_locale":"en_US","og_type":"article","og_title":"Konjufca dhe Mulhaxha-Koll\u00e7aku t\u00ebrhiqen nga kandidatura p\u00ebr president - Kosova Times","og_description":"Z\u00ebvend\u00ebskryeministri i Kosov\u00ebs, Glauk Konjufca, n\u00eb seanc\u00ebn e jasht\u00ebzakonshme t\u00eb Kuvendit t\u00eb Kosov\u00ebs, dhe deputetja e Fatmire Mulhaxha-Koll\u00e7aku, t\u00eb dy kandidat\u00eb t\u00eb L\u00ebvizjes Vet\u00ebvendosje p\u00ebr President t\u00eb Kosov\u00ebs, kan\u00eb njoftuar t\u00ebrheqjen e tyre nga gara p\u00ebr k\u00ebt\u00eb post. \u201cZyrtarisht t\u00ebrhiqem nga kandidatura p\u00ebr president t\u00eb Kosov\u00ebs\u201d, tha Konjufca Menj\u00ebher\u00eb reagoi edhe deputetja Fatmir&nbsp; Mulhaxha Koll\u00e7aku. [&hellip;]","og_url":"https:\/\/kosovatimes.info\/index.php\/2026\/04\/27\/konjufca-dhe-mulhaxha-kollcaku-terhiqen-nga-kandidatura-per-president\/","og_site_name":"Kosova Times","article_published_time":"2026-04-27T17:12:00+00:00","article_modified_time":"2026-04-27T20:16:09+00:00","og_image":[{"width":780,"height":500,"url":"https:\/\/kosovatimes.info\/wp-content\/uploads\/2026\/04\/konjufca-9.jpg","type":"image\/jpeg"}],"author":"i l","twitter_card":"summary_large_image","twitter_misc":{"Written by":"i l","Est. reading time":"1 minute"},"schema":{"@context":"https:\/\/schema.org","@graph":[{"@type":"Article","@id":"https:\/\/kosovatimes.info\/index.php\/2026\/04\/27\/konjufca-dhe-mulhaxha-kollcaku-terhiqen-nga-kandidatura-per-president\/#article","isPartOf":{"@id":"https:\/\/kosovatimes.info\/index.php\/2026\/04\/27\/konjufca-dhe-mulhaxha-kollcaku-terhiqen-nga-kandidatura-per-president\/"},"author":{"name":"i l","@id":"https:\/\/kosovatimes.info\/#\/schema\/person\/7586712b9c512fe68085de007378c915"},"headline":"Konjufca dhe Mulhaxha-Koll\u00e7aku t\u00ebrhiqen nga kandidatura p\u00ebr president","datePublished":"2026-04-27T17:12:00+00:00","dateModified":"2026-04-27T20:16:09+00:00","mainEntityOfPage":{"@id":"https:\/\/kosovatimes.info\/index.php\/2026\/04\/27\/konjufca-dhe-mulhaxha-kollcaku-terhiqen-nga-kandidatura-per-president\/"},"wordCount":123,"commentCount":0,"image":{"@id":"https:\/\/kosovatimes.info\/index.php\/2026\/04\/27\/konjufca-dhe-mulhaxha-kollcaku-terhiqen-nga-kandidatura-per-president\/#primaryimage"},"thumbnailUrl":"https:\/\/kosovatimes.info\/wp-content\/uploads\/2026\/04\/konjufca-9.jpg","articleSection":["Kosov\u00eb","Lajme"],"inLanguage":"en-US","potentialAction":[{"@type":"CommentAction","name":"Comment","target":["https:\/\/kosovatimes.info\/index.php\/2026\/04\/27\/konjufca-dhe-mulhaxha-kollcaku-terhiqen-nga-kandidatura-per-president\/#respond"]}]},{"@type":"WebPage","@id":"https:\/\/kosovatimes.info\/index.php\/2026\/04\/27\/konjufca-dhe-mulhaxha-kollcaku-terhiqen-nga-kandidatura-per-president\/","url":"https:\/\/kosovatimes.info\/index.php\/2026\/04\/27\/konjufca-dhe-mulhaxha-kollcaku-terhiqen-nga-kandidatura-per-president\/","name":"Konjufca dhe Mulhaxha-Koll\u00e7aku t\u00ebrhiqen nga kandidatura p\u00ebr president - Kosova Times","isPartOf":{"@id":"https:\/\/kosovatimes.info\/#website"},"primaryImageOfPage":{"@id":"https:\/\/kosovatimes.info\/index.php\/2026\/04\/27\/konjufca-dhe-mulhaxha-kollcaku-terhiqen-nga-kandidatura-per-president\/#primaryimage"},"image":{"@id":"https:\/\/kosovatimes.info\/index.php\/2026\/04\/27\/konjufca-dhe-mulhaxha-kollcaku-terhiqen-nga-kandidatura-per-president\/#primaryimage"},"thumbnailUrl":"https:\/\/kosovatimes.info\/wp-content\/uploads\/2026\/04\/konjufca-9.jpg","datePublished":"2026-04-27T17:12:00+00:00","dateModified":"2026-04-27T20:16:09+00:00","author":{"@id":"https:\/\/kosovatimes.info\/#\/schema\/person\/7586712b9c512fe68085de007378c915"},"breadcrumb":{"@id":"https:\/\/kosovatimes.info\/index.php\/2026\/04\/27\/konjufca-dhe-mulhaxha-kollcaku-terhiqen-nga-kandidatura-per-president\/#breadcrumb"},"inLanguage":"en-US","potentialAction":[{"@type":"ReadAction","target":["https:\/\/kosovatimes.info\/index.php\/2026\/04\/27\/konjufca-dhe-mulhaxha-kollcaku-terhiqen-nga-kandidatura-per-president\/"]}]},{"@type":"ImageObject","inLanguage":"en-US","@id":"https:\/\/kosovatimes.info\/index.php\/2026\/04\/27\/konjufca-dhe-mulhaxha-kollcaku-terhiqen-nga-kandidatura-per-president\/#primaryimage","url":"https:\/\/kosovatimes.info\/wp-content\/uploads\/2026\/04\/konjufca-9.jpg","contentUrl":"https:\/\/kosovatimes.info\/wp-content\/uploads\/2026\/04\/konjufca-9.jpg","width":780,"height":500},{"@type":"BreadcrumbList","@id":"https:\/\/kosovatimes.info\/index.php\/2026\/04\/27\/konjufca-dhe-mulhaxha-kollcaku-terhiqen-nga-kandidatura-per-president\/#breadcrumb","itemListElement":[{"@type":"ListItem","position":1,"name":"Home","item":"https:\/\/kosovatimes.info\/"},{"@type":"ListItem","position":2,"name":"Konjufca dhe Mulhaxha-Koll\u00e7aku t\u00ebrhiqen nga kandidatura p\u00ebr president"}]},{"@type":"WebSite","@id":"https:\/\/kosovatimes.info\/#website","url":"https:\/\/kosovatimes.info\/","name":"Kosova Times","description":"","potentialAction":[{"@type":"SearchAction","target":{"@type":"EntryPoint","urlTemplate":"https:\/\/kosovatimes.info\/?s={search_term_string}"},"query-input":{"@type":"PropertyValueSpecification","valueRequired":true,"valueName":"search_term_string"}}],"inLanguage":"en-US"},{"@type":"Person","@id":"https:\/\/kosovatimes.info\/#\/schema\/person\/7586712b9c512fe68085de007378c915","name":"i l","image":{"@type":"ImageObject","inLanguage":"en-US","@id":"https:\/\/secure.gravatar.com\/avatar\/bad9296e02816160ae2e2435beda58222022298d5625d49fea74d18816fbb31d?s=96&d=mm&r=g","url":"https:\/\/secure.gravatar.com\/avatar\/bad9296e02816160ae2e2435beda58222022298d5625d49fea74d18816fbb31d?s=96&d=mm&r=g","contentUrl":"https:\/\/secure.gravatar.com\/avatar\/bad9296e02816160ae2e2435beda58222022298d5625d49fea74d18816fbb31d?s=96&d=mm&r=g","caption":"i l"},"url":"https:\/\/kosovatimes.info\/index.php\/author\/iliri\/"}]}},"_links":{"self":[{"href":"https:\/\/kosovatimes.info\/index.php\/wp-json\/wp\/v2\/posts\/12143","targetHints":{"allow":["GET"]}}],"collection":[{"href":"https:\/\/kosovatimes.info\/index.php\/wp-json\/wp\/v2\/posts"}],"about":[{"href":"https:\/\/kosovatimes.info\/index.php\/wp-json\/wp\/v2\/types\/post"}],"author":[{"embeddable":true,"href":"https:\/\/kosovatimes.info\/index.php\/wp-json\/wp\/v2\/users\/4"}],"replies":[{"embeddable":true,"href":"https:\/\/kosovatimes.info\/index.php\/wp-json\/wp\/v2\/comments?post=12143"}],"version-history":[{"count":1,"href":"https:\/\/kosovatimes.info\/index.php\/wp-json\/wp\/v2\/posts\/12143\/revisions"}],"predecessor-version":[{"id":12145,"href":"https:\/\/kosovatimes.info\/index.php\/wp-json\/wp\/v2\/posts\/12143\/revisions\/12145"}],"wp:featuredmedia":[{"embeddable":true,"href":"https:\/\/kosovatimes.info\/index.php\/wp-json\/wp\/v2\/media\/12144"}],"wp:attachment":[{"href":"https:\/\/kosovatimes.info\/index.php\/wp-json\/wp\/v2\/media?parent=12143"}],"wp:term":[{"taxonomy":"category","embeddable":true,"href":"https:\/\/kosovatimes.info\/index.php\/wp-json\/wp\/v2\/categories?post=12143"},{"taxonomy":"post_tag","embeddable":true,"href":"https:\/\/kosovatimes.info\/index.php\/wp-json\/wp\/v2\/tags?post=12143"}],"curies":[{"name":"wp","href":"https:\/\/api.w.org\/{rel}","templated":true}]}}