{"id":12146,"date":"2026-04-27T19:46:00","date_gmt":"2026-04-27T17:46:00","guid":{"rendered":"https:\/\/kosovatimes.info\/?p=12146"},"modified":"2026-04-27T22:17:20","modified_gmt":"2026-04-27T20:17:20","slug":"27-vjet-nga-meja-prokuroria-speciale-ngre-aktakuze-ndaj-53-personave","status":"publish","type":"post","link":"https:\/\/kosovatimes.info\/index.php\/2026\/04\/27\/27-vjet-nga-meja-prokuroria-speciale-ngre-aktakuze-ndaj-53-personave\/","title":{"rendered":"27 vjet nga Meja, Prokuroria Speciale ngre aktakuz\u00eb ndaj 53 personave"},"content":{"rendered":"\n<p><a target=\"_blank\" href=\"https:\/\/www.linkedin.com\/shareArticle?mini=true&amp;url=https%3A%2F%2Fwww.rtklive.com%2Fsq%2Fnews-single.php%3FID%3D723290\" rel=\"noreferrer noopener\"><\/a><\/p>\n\n\n\n<h2 class=\"wp-block-heading\"><strong>27 vjet m\u00eb par\u00eb, forcat serbe kryen masakr\u00ebn n\u00eb Mej\u00eb t\u00eb Gjakov\u00ebs, ku u vran\u00eb 376 persona. Pas rrethimit t\u00eb zon\u00ebs, u kryen ekzekutime masive, pa kursyer as djemt\u00eb 15 vje\u00e7ar e deri te burrat mbi 60 vje\u00e7, t\u00eb cil\u00ebt u grumbulluan dhe m\u00eb pas u ekzekutuan.<\/strong><\/h2>\n\n\n\n<p>D\u00ebshmitar\u00ebt pohojn\u00eb se at\u00eb dit\u00eb asnj\u00ebri nga t\u00eb ndaluarit nuk arriti t\u00eb mbijetoj\u00eb. Disa nga trupat u gjet\u00ebn m\u00eb von\u00eb n\u00eb varreza masive n\u00eb Kosov\u00eb, nd\u00ebrsa p\u00ebr t\u00eb tjer\u00ebt ende nuk dihet fati, me dyshime se ndodhen n\u00eb territorin e Serbis\u00eb.<\/p>\n\n\n\n<p>P\u00ebr t\u2019i fshehur gjurm\u00ebt e krimit, trupat u zhvendos\u00ebn n\u00eb varreza masive n\u00eb Serbi, si n\u00eb Batajnic\u00eb, Rudnic\u00eb dhe n\u00eb lokacione t\u00eb tjera, t\u00eb cilat mbeten t\u00eb fshehura n\u00eb arkivat shtet\u00ebrore.<\/p>\n\n\n\n<p>Prokuroria Speciale, p\u00ebrmes Departamentit p\u00ebr Krime Lufte, ka ngritur aktakuz\u00eb p\u00ebr masakr\u00ebn e Mej\u00ebs dhe fshatrave t\u00eb rajonit t\u00eb Rek\u00ebs s\u00eb Keqe n\u00eb Komun\u00ebn e Gjakov\u00ebs.<\/p>\n\n\n\n<p>N\u00eb k\u00ebt\u00eb rast, 53 persona akuzohen p\u00ebr krime t\u00eb kryera n\u00eb bashk\u00ebkryerje gjat\u00eb luft\u00ebs n\u00eb Kosov\u00eb kund\u00ebr popullsis\u00eb civile. Aktakuza \u00ebsht\u00eb ngritur n\u00eb dhjetor t\u00eb vitit 2023 dhe \u00ebsht\u00eb plot\u00ebsuar n\u00eb prillin e vitit pasues.<\/p>\n\n\n\n<p>N\u00eb mesin e t\u00eb akuzuarve p\u00ebr krimet n\u00eb Mej\u00eb dhe fshatrat e tjera t\u00eb Gjakov\u00ebs jan\u00eb edhe zyrtar\u00eb t\u00eb Sh\u00ebrbimit t\u00eb Sigurimit t\u00eb Shtetit t\u00eb Serbis\u00eb dhe t\u00eb Ministris\u00eb s\u00eb Pun\u00ebve t\u00eb Brendshme, t\u00eb dyshuar p\u00ebr planifikimin dhe zbatimin e operacionit \u201cReka\u201d, gjat\u00eb t\u00eb cilit u vran\u00eb 370 civil\u00eb shqiptar\u00eb. Ata p\u00ebrballen me akuza p\u00ebr vrasje, dhun\u00eb fizike e seksuale, tortura, pla\u00e7kitje dhe d\u00ebbim etnik.<\/p>\n\n\n\n<p>Nd\u00ebr t\u00eb dyshuarit kryesor\u00eb \u00ebsht\u00eb edhe Momir Stojanoviq, ish-shef i Departamentit p\u00ebr Siguri n\u00eb Komand\u00ebn e Korpusit t\u00eb Prishtin\u00ebs dhe ish-drejtor i Agjencis\u00eb Ushtarake t\u00eb Sigurimit t\u00eb Serbis\u00eb.<\/p>\n\n\n\n<p>Aktgjykimi i par\u00eb n\u00eb munges\u00eb u shqiptua n\u00eb dhjetor t\u00eb vitit 2024 ndaj \u00c7edomir Aksiqit, i cili u d\u00ebnua me 15 vjet burgim p\u00ebr krime kund\u00ebr popullat\u00ebs civile n\u00eb Shtime gjat\u00eb vitit 1999.<\/p>\n","protected":false},"excerpt":{"rendered":"<p>27 vjet m\u00eb par\u00eb, forcat serbe kryen masakr\u00ebn n\u00eb Mej\u00eb t\u00eb Gjakov\u00ebs, ku u vran\u00eb 376 persona. Pas rrethimit t\u00eb zon\u00ebs, u kryen ekzekutime masive, pa kursyer as djemt\u00eb 15 vje\u00e7ar e deri te burrat mbi 60 vje\u00e7, t\u00eb cil\u00ebt u grumbulluan dhe m\u00eb pas u ekzekutuan. D\u00ebshmitar\u00ebt pohojn\u00eb se at\u00eb dit\u00eb asnj\u00ebri nga t\u00eb [&hellip;]<\/p>\n","protected":false},"author":4,"featured_media":12147,"comment_status":"open","ping_status":"open","sticky":false,"template":"","format":"standard","meta":{"footnotes":""},"categories":[31,30],"tags":[],"class_list":{"0":"post-12146","1":"post","2":"type-post","3":"status-publish","4":"format-standard","5":"has-post-thumbnail","7":"category-kosove","8":"category-lajme"},"yoast_head":"<!-- This site is optimized with the Yoast SEO plugin v27.4 - https:\/\/yoast.com\/product\/yoast-seo-wordpress\/ -->\n<title>27 vjet nga Meja, Prokuroria Speciale ngre aktakuz\u00eb ndaj 53 personave - Kosova Times<\/title>\n<meta name=\"robots\" content=\"index, follow, max-snippet:-1, max-image-preview:large, max-video-preview:-1\" \/>\n<link rel=\"canonical\" href=\"https:\/\/kosovatimes.info\/index.php\/2026\/04\/27\/27-vjet-nga-meja-prokuroria-speciale-ngre-aktakuze-ndaj-53-personave\/\" \/>\n<meta property=\"og:locale\" content=\"en_US\" \/>\n<meta property=\"og:type\" content=\"article\" \/>\n<meta property=\"og:title\" content=\"27 vjet nga Meja, Prokuroria Speciale ngre aktakuz\u00eb ndaj 53 personave - Kosova Times\" \/>\n<meta property=\"og:description\" content=\"27 vjet m\u00eb par\u00eb, forcat serbe kryen masakr\u00ebn n\u00eb Mej\u00eb t\u00eb Gjakov\u00ebs, ku u vran\u00eb 376 persona. Pas rrethimit t\u00eb zon\u00ebs, u kryen ekzekutime masive, pa kursyer as djemt\u00eb 15 vje\u00e7ar e deri te burrat mbi 60 vje\u00e7, t\u00eb cil\u00ebt u grumbulluan dhe m\u00eb pas u ekzekutuan. D\u00ebshmitar\u00ebt pohojn\u00eb se at\u00eb dit\u00eb asnj\u00ebri nga t\u00eb [&hellip;]\" \/>\n<meta property=\"og:url\" content=\"https:\/\/kosovatimes.info\/index.php\/2026\/04\/27\/27-vjet-nga-meja-prokuroria-speciale-ngre-aktakuze-ndaj-53-personave\/\" \/>\n<meta property=\"og:site_name\" content=\"Kosova Times\" \/>\n<meta property=\"article:published_time\" content=\"2026-04-27T17:46:00+00:00\" \/>\n<meta property=\"article:modified_time\" content=\"2026-04-27T20:17:20+00:00\" \/>\n<meta property=\"og:image\" content=\"https:\/\/kosovatimes.info\/wp-content\/uploads\/2026\/04\/Meha.jpg\" \/>\n\t<meta property=\"og:image:width\" content=\"780\" \/>\n\t<meta property=\"og:image:height\" content=\"500\" \/>\n\t<meta property=\"og:image:type\" content=\"image\/jpeg\" \/>\n<meta name=\"author\" content=\"i l\" \/>\n<meta name=\"twitter:card\" content=\"summary_large_image\" \/>\n<meta name=\"twitter:label1\" content=\"Written by\" \/>\n\t<meta name=\"twitter:data1\" content=\"i l\" \/>\n\t<meta name=\"twitter:label2\" content=\"Est. reading time\" \/>\n\t<meta name=\"twitter:data2\" content=\"2 minutes\" \/>\n<script type=\"application\/ld+json\" class=\"yoast-schema-graph\">{\"@context\":\"https:\\\/\\\/schema.org\",\"@graph\":[{\"@type\":\"Article\",\"@id\":\"https:\\\/\\\/kosovatimes.info\\\/index.php\\\/2026\\\/04\\\/27\\\/27-vjet-nga-meja-prokuroria-speciale-ngre-aktakuze-ndaj-53-personave\\\/#article\",\"isPartOf\":{\"@id\":\"https:\\\/\\\/kosovatimes.info\\\/index.php\\\/2026\\\/04\\\/27\\\/27-vjet-nga-meja-prokuroria-speciale-ngre-aktakuze-ndaj-53-personave\\\/\"},\"author\":{\"name\":\"i l\",\"@id\":\"https:\\\/\\\/kosovatimes.info\\\/#\\\/schema\\\/person\\\/7586712b9c512fe68085de007378c915\"},\"headline\":\"27 vjet nga Meja, Prokuroria Speciale ngre aktakuz\u00eb ndaj 53 personave\",\"datePublished\":\"2026-04-27T17:46:00+00:00\",\"dateModified\":\"2026-04-27T20:17:20+00:00\",\"mainEntityOfPage\":{\"@id\":\"https:\\\/\\\/kosovatimes.info\\\/index.php\\\/2026\\\/04\\\/27\\\/27-vjet-nga-meja-prokuroria-speciale-ngre-aktakuze-ndaj-53-personave\\\/\"},\"wordCount\":353,\"commentCount\":0,\"image\":{\"@id\":\"https:\\\/\\\/kosovatimes.info\\\/index.php\\\/2026\\\/04\\\/27\\\/27-vjet-nga-meja-prokuroria-speciale-ngre-aktakuze-ndaj-53-personave\\\/#primaryimage\"},\"thumbnailUrl\":\"https:\\\/\\\/kosovatimes.info\\\/wp-content\\\/uploads\\\/2026\\\/04\\\/Meha.jpg\",\"articleSection\":[\"Kosov\u00eb\",\"Lajme\"],\"inLanguage\":\"en-US\",\"potentialAction\":[{\"@type\":\"CommentAction\",\"name\":\"Comment\",\"target\":[\"https:\\\/\\\/kosovatimes.info\\\/index.php\\\/2026\\\/04\\\/27\\\/27-vjet-nga-meja-prokuroria-speciale-ngre-aktakuze-ndaj-53-personave\\\/#respond\"]}]},{\"@type\":\"WebPage\",\"@id\":\"https:\\\/\\\/kosovatimes.info\\\/index.php\\\/2026\\\/04\\\/27\\\/27-vjet-nga-meja-prokuroria-speciale-ngre-aktakuze-ndaj-53-personave\\\/\",\"url\":\"https:\\\/\\\/kosovatimes.info\\\/index.php\\\/2026\\\/04\\\/27\\\/27-vjet-nga-meja-prokuroria-speciale-ngre-aktakuze-ndaj-53-personave\\\/\",\"name\":\"27 vjet nga Meja, Prokuroria Speciale ngre aktakuz\u00eb ndaj 53 personave - Kosova Times\",\"isPartOf\":{\"@id\":\"https:\\\/\\\/kosovatimes.info\\\/#website\"},\"primaryImageOfPage\":{\"@id\":\"https:\\\/\\\/kosovatimes.info\\\/index.php\\\/2026\\\/04\\\/27\\\/27-vjet-nga-meja-prokuroria-speciale-ngre-aktakuze-ndaj-53-personave\\\/#primaryimage\"},\"image\":{\"@id\":\"https:\\\/\\\/kosovatimes.info\\\/index.php\\\/2026\\\/04\\\/27\\\/27-vjet-nga-meja-prokuroria-speciale-ngre-aktakuze-ndaj-53-personave\\\/#primaryimage\"},\"thumbnailUrl\":\"https:\\\/\\\/kosovatimes.info\\\/wp-content\\\/uploads\\\/2026\\\/04\\\/Meha.jpg\",\"datePublished\":\"2026-04-27T17:46:00+00:00\",\"dateModified\":\"2026-04-27T20:17:20+00:00\",\"author\":{\"@id\":\"https:\\\/\\\/kosovatimes.info\\\/#\\\/schema\\\/person\\\/7586712b9c512fe68085de007378c915\"},\"breadcrumb\":{\"@id\":\"https:\\\/\\\/kosovatimes.info\\\/index.php\\\/2026\\\/04\\\/27\\\/27-vjet-nga-meja-prokuroria-speciale-ngre-aktakuze-ndaj-53-personave\\\/#breadcrumb\"},\"inLanguage\":\"en-US\",\"potentialAction\":[{\"@type\":\"ReadAction\",\"target\":[\"https:\\\/\\\/kosovatimes.info\\\/index.php\\\/2026\\\/04\\\/27\\\/27-vjet-nga-meja-prokuroria-speciale-ngre-aktakuze-ndaj-53-personave\\\/\"]}]},{\"@type\":\"ImageObject\",\"inLanguage\":\"en-US\",\"@id\":\"https:\\\/\\\/kosovatimes.info\\\/index.php\\\/2026\\\/04\\\/27\\\/27-vjet-nga-meja-prokuroria-speciale-ngre-aktakuze-ndaj-53-personave\\\/#primaryimage\",\"url\":\"https:\\\/\\\/kosovatimes.info\\\/wp-content\\\/uploads\\\/2026\\\/04\\\/Meha.jpg\",\"contentUrl\":\"https:\\\/\\\/kosovatimes.info\\\/wp-content\\\/uploads\\\/2026\\\/04\\\/Meha.jpg\",\"width\":780,\"height\":500},{\"@type\":\"BreadcrumbList\",\"@id\":\"https:\\\/\\\/kosovatimes.info\\\/index.php\\\/2026\\\/04\\\/27\\\/27-vjet-nga-meja-prokuroria-speciale-ngre-aktakuze-ndaj-53-personave\\\/#breadcrumb\",\"itemListElement\":[{\"@type\":\"ListItem\",\"position\":1,\"name\":\"Home\",\"item\":\"https:\\\/\\\/kosovatimes.info\\\/\"},{\"@type\":\"ListItem\",\"position\":2,\"name\":\"27 vjet nga Meja, Prokuroria Speciale ngre aktakuz\u00eb ndaj 53 personave\"}]},{\"@type\":\"WebSite\",\"@id\":\"https:\\\/\\\/kosovatimes.info\\\/#website\",\"url\":\"https:\\\/\\\/kosovatimes.info\\\/\",\"name\":\"Kosova Times\",\"description\":\"\",\"potentialAction\":[{\"@type\":\"SearchAction\",\"target\":{\"@type\":\"EntryPoint\",\"urlTemplate\":\"https:\\\/\\\/kosovatimes.info\\\/?s={search_term_string}\"},\"query-input\":{\"@type\":\"PropertyValueSpecification\",\"valueRequired\":true,\"valueName\":\"search_term_string\"}}],\"inLanguage\":\"en-US\"},{\"@type\":\"Person\",\"@id\":\"https:\\\/\\\/kosovatimes.info\\\/#\\\/schema\\\/person\\\/7586712b9c512fe68085de007378c915\",\"name\":\"i l\",\"image\":{\"@type\":\"ImageObject\",\"inLanguage\":\"en-US\",\"@id\":\"https:\\\/\\\/secure.gravatar.com\\\/avatar\\\/bad9296e02816160ae2e2435beda58222022298d5625d49fea74d18816fbb31d?s=96&d=mm&r=g\",\"url\":\"https:\\\/\\\/secure.gravatar.com\\\/avatar\\\/bad9296e02816160ae2e2435beda58222022298d5625d49fea74d18816fbb31d?s=96&d=mm&r=g\",\"contentUrl\":\"https:\\\/\\\/secure.gravatar.com\\\/avatar\\\/bad9296e02816160ae2e2435beda58222022298d5625d49fea74d18816fbb31d?s=96&d=mm&r=g\",\"caption\":\"i l\"},\"url\":\"https:\\\/\\\/kosovatimes.info\\\/index.php\\\/author\\\/iliri\\\/\"}]}<\/script>\n<!-- \/ Yoast SEO plugin. -->","yoast_head_json":{"title":"27 vjet nga Meja, Prokuroria Speciale ngre aktakuz\u00eb ndaj 53 personave - Kosova Times","robots":{"index":"index","follow":"follow","max-snippet":"max-snippet:-1","max-image-preview":"max-image-preview:large","max-video-preview":"max-video-preview:-1"},"canonical":"https:\/\/kosovatimes.info\/index.php\/2026\/04\/27\/27-vjet-nga-meja-prokuroria-speciale-ngre-aktakuze-ndaj-53-personave\/","og_locale":"en_US","og_type":"article","og_title":"27 vjet nga Meja, Prokuroria Speciale ngre aktakuz\u00eb ndaj 53 personave - Kosova Times","og_description":"27 vjet m\u00eb par\u00eb, forcat serbe kryen masakr\u00ebn n\u00eb Mej\u00eb t\u00eb Gjakov\u00ebs, ku u vran\u00eb 376 persona. Pas rrethimit t\u00eb zon\u00ebs, u kryen ekzekutime masive, pa kursyer as djemt\u00eb 15 vje\u00e7ar e deri te burrat mbi 60 vje\u00e7, t\u00eb cil\u00ebt u grumbulluan dhe m\u00eb pas u ekzekutuan. D\u00ebshmitar\u00ebt pohojn\u00eb se at\u00eb dit\u00eb asnj\u00ebri nga t\u00eb [&hellip;]","og_url":"https:\/\/kosovatimes.info\/index.php\/2026\/04\/27\/27-vjet-nga-meja-prokuroria-speciale-ngre-aktakuze-ndaj-53-personave\/","og_site_name":"Kosova Times","article_published_time":"2026-04-27T17:46:00+00:00","article_modified_time":"2026-04-27T20:17:20+00:00","og_image":[{"width":780,"height":500,"url":"https:\/\/kosovatimes.info\/wp-content\/uploads\/2026\/04\/Meha.jpg","type":"image\/jpeg"}],"author":"i l","twitter_card":"summary_large_image","twitter_misc":{"Written by":"i l","Est. reading time":"2 minutes"},"schema":{"@context":"https:\/\/schema.org","@graph":[{"@type":"Article","@id":"https:\/\/kosovatimes.info\/index.php\/2026\/04\/27\/27-vjet-nga-meja-prokuroria-speciale-ngre-aktakuze-ndaj-53-personave\/#article","isPartOf":{"@id":"https:\/\/kosovatimes.info\/index.php\/2026\/04\/27\/27-vjet-nga-meja-prokuroria-speciale-ngre-aktakuze-ndaj-53-personave\/"},"author":{"name":"i l","@id":"https:\/\/kosovatimes.info\/#\/schema\/person\/7586712b9c512fe68085de007378c915"},"headline":"27 vjet nga Meja, Prokuroria Speciale ngre aktakuz\u00eb ndaj 53 personave","datePublished":"2026-04-27T17:46:00+00:00","dateModified":"2026-04-27T20:17:20+00:00","mainEntityOfPage":{"@id":"https:\/\/kosovatimes.info\/index.php\/2026\/04\/27\/27-vjet-nga-meja-prokuroria-speciale-ngre-aktakuze-ndaj-53-personave\/"},"wordCount":353,"commentCount":0,"image":{"@id":"https:\/\/kosovatimes.info\/index.php\/2026\/04\/27\/27-vjet-nga-meja-prokuroria-speciale-ngre-aktakuze-ndaj-53-personave\/#primaryimage"},"thumbnailUrl":"https:\/\/kosovatimes.info\/wp-content\/uploads\/2026\/04\/Meha.jpg","articleSection":["Kosov\u00eb","Lajme"],"inLanguage":"en-US","potentialAction":[{"@type":"CommentAction","name":"Comment","target":["https:\/\/kosovatimes.info\/index.php\/2026\/04\/27\/27-vjet-nga-meja-prokuroria-speciale-ngre-aktakuze-ndaj-53-personave\/#respond"]}]},{"@type":"WebPage","@id":"https:\/\/kosovatimes.info\/index.php\/2026\/04\/27\/27-vjet-nga-meja-prokuroria-speciale-ngre-aktakuze-ndaj-53-personave\/","url":"https:\/\/kosovatimes.info\/index.php\/2026\/04\/27\/27-vjet-nga-meja-prokuroria-speciale-ngre-aktakuze-ndaj-53-personave\/","name":"27 vjet nga Meja, Prokuroria Speciale ngre aktakuz\u00eb ndaj 53 personave - Kosova Times","isPartOf":{"@id":"https:\/\/kosovatimes.info\/#website"},"primaryImageOfPage":{"@id":"https:\/\/kosovatimes.info\/index.php\/2026\/04\/27\/27-vjet-nga-meja-prokuroria-speciale-ngre-aktakuze-ndaj-53-personave\/#primaryimage"},"image":{"@id":"https:\/\/kosovatimes.info\/index.php\/2026\/04\/27\/27-vjet-nga-meja-prokuroria-speciale-ngre-aktakuze-ndaj-53-personave\/#primaryimage"},"thumbnailUrl":"https:\/\/kosovatimes.info\/wp-content\/uploads\/2026\/04\/Meha.jpg","datePublished":"2026-04-27T17:46:00+00:00","dateModified":"2026-04-27T20:17:20+00:00","author":{"@id":"https:\/\/kosovatimes.info\/#\/schema\/person\/7586712b9c512fe68085de007378c915"},"breadcrumb":{"@id":"https:\/\/kosovatimes.info\/index.php\/2026\/04\/27\/27-vjet-nga-meja-prokuroria-speciale-ngre-aktakuze-ndaj-53-personave\/#breadcrumb"},"inLanguage":"en-US","potentialAction":[{"@type":"ReadAction","target":["https:\/\/kosovatimes.info\/index.php\/2026\/04\/27\/27-vjet-nga-meja-prokuroria-speciale-ngre-aktakuze-ndaj-53-personave\/"]}]},{"@type":"ImageObject","inLanguage":"en-US","@id":"https:\/\/kosovatimes.info\/index.php\/2026\/04\/27\/27-vjet-nga-meja-prokuroria-speciale-ngre-aktakuze-ndaj-53-personave\/#primaryimage","url":"https:\/\/kosovatimes.info\/wp-content\/uploads\/2026\/04\/Meha.jpg","contentUrl":"https:\/\/kosovatimes.info\/wp-content\/uploads\/2026\/04\/Meha.jpg","width":780,"height":500},{"@type":"BreadcrumbList","@id":"https:\/\/kosovatimes.info\/index.php\/2026\/04\/27\/27-vjet-nga-meja-prokuroria-speciale-ngre-aktakuze-ndaj-53-personave\/#breadcrumb","itemListElement":[{"@type":"ListItem","position":1,"name":"Home","item":"https:\/\/kosovatimes.info\/"},{"@type":"ListItem","position":2,"name":"27 vjet nga Meja, Prokuroria Speciale ngre aktakuz\u00eb ndaj 53 personave"}]},{"@type":"WebSite","@id":"https:\/\/kosovatimes.info\/#website","url":"https:\/\/kosovatimes.info\/","name":"Kosova Times","description":"","potentialAction":[{"@type":"SearchAction","target":{"@type":"EntryPoint","urlTemplate":"https:\/\/kosovatimes.info\/?s={search_term_string}"},"query-input":{"@type":"PropertyValueSpecification","valueRequired":true,"valueName":"search_term_string"}}],"inLanguage":"en-US"},{"@type":"Person","@id":"https:\/\/kosovatimes.info\/#\/schema\/person\/7586712b9c512fe68085de007378c915","name":"i l","image":{"@type":"ImageObject","inLanguage":"en-US","@id":"https:\/\/secure.gravatar.com\/avatar\/bad9296e02816160ae2e2435beda58222022298d5625d49fea74d18816fbb31d?s=96&d=mm&r=g","url":"https:\/\/secure.gravatar.com\/avatar\/bad9296e02816160ae2e2435beda58222022298d5625d49fea74d18816fbb31d?s=96&d=mm&r=g","contentUrl":"https:\/\/secure.gravatar.com\/avatar\/bad9296e02816160ae2e2435beda58222022298d5625d49fea74d18816fbb31d?s=96&d=mm&r=g","caption":"i l"},"url":"https:\/\/kosovatimes.info\/index.php\/author\/iliri\/"}]}},"_links":{"self":[{"href":"https:\/\/kosovatimes.info\/index.php\/wp-json\/wp\/v2\/posts\/12146","targetHints":{"allow":["GET"]}}],"collection":[{"href":"https:\/\/kosovatimes.info\/index.php\/wp-json\/wp\/v2\/posts"}],"about":[{"href":"https:\/\/kosovatimes.info\/index.php\/wp-json\/wp\/v2\/types\/post"}],"author":[{"embeddable":true,"href":"https:\/\/kosovatimes.info\/index.php\/wp-json\/wp\/v2\/users\/4"}],"replies":[{"embeddable":true,"href":"https:\/\/kosovatimes.info\/index.php\/wp-json\/wp\/v2\/comments?post=12146"}],"version-history":[{"count":1,"href":"https:\/\/kosovatimes.info\/index.php\/wp-json\/wp\/v2\/posts\/12146\/revisions"}],"predecessor-version":[{"id":12148,"href":"https:\/\/kosovatimes.info\/index.php\/wp-json\/wp\/v2\/posts\/12146\/revisions\/12148"}],"wp:featuredmedia":[{"embeddable":true,"href":"https:\/\/kosovatimes.info\/index.php\/wp-json\/wp\/v2\/media\/12147"}],"wp:attachment":[{"href":"https:\/\/kosovatimes.info\/index.php\/wp-json\/wp\/v2\/media?parent=12146"}],"wp:term":[{"taxonomy":"category","embeddable":true,"href":"https:\/\/kosovatimes.info\/index.php\/wp-json\/wp\/v2\/categories?post=12146"},{"taxonomy":"post_tag","embeddable":true,"href":"https:\/\/kosovatimes.info\/index.php\/wp-json\/wp\/v2\/tags?post=12146"}],"curies":[{"name":"wp","href":"https:\/\/api.w.org\/{rel}","templated":true}]}}