{"id":12149,"date":"2026-04-27T19:56:00","date_gmt":"2026-04-27T17:56:00","guid":{"rendered":"https:\/\/kosovatimes.info\/?p=12149"},"modified":"2026-04-27T22:19:01","modified_gmt":"2026-04-27T20:19:01","slug":"113-te-vrare-ne-krushe-te-vogelmbi-60-ende-te-pagjetur-edhe-pas-27-vjetesh","status":"publish","type":"post","link":"https:\/\/kosovatimes.info\/index.php\/2026\/04\/27\/113-te-vrare-ne-krushe-te-vogelmbi-60-ende-te-pagjetur-edhe-pas-27-vjetesh\/","title":{"rendered":"113 t\u00eb vrar\u00eb n\u00eb Krush\u00eb t\u00eb Vog\u00ebl,mbi 60 ende t\u00eb pagjetur edhe pas 27 vjet\u00ebsh"},"content":{"rendered":"\n<p><\/p>\n\n\n\n<p><strong>Secila familje e Krush\u00ebs s\u00eb Vog\u00ebl bart nj\u00eb histori t\u00eb dhimbshme q\u00eb e ruan prej gati tri dekadash.<\/strong><\/p>\n\n\n\n<p>Nexhmije Batusha humbi dy djemt\u00eb dhe bashk\u00ebshortin n\u00eb masakr\u00ebn e 26 marsit 1999. Memoriali i ngritur p\u00ebr 113 viktimat e Krush\u00ebs q\u00ebndron si d\u00ebshmi e plag\u00ebs s\u00eb hapur, nj\u00eb vend ku dhimbja nuk shuhet dhe kujtimi i tyre mbetet i gjall\u00eb p\u00ebrgjithmon\u00eb.<\/p>\n\n\n\n<p>&#8220;Po, nj\u00eb nip e kam 14 vje\u00e7, djali ma ka l\u00ebn\u00eb. Ku mund t\u00eb pres un\u00eb at\u00eb nip, por apet e k\u00ebnaqur jam, shyqyr q\u00eb e kam der\u00ebn \u00e7el\u00eb, ma ka l\u00ebn\u00eb ai, po m\u00eb flladit\u00eb, mes tjerash edhe \u00e7ika, se nana e ka v\u00ebshtir\u00eb tre evlad\u00eb\u201d, rr\u00ebfen Batusha.<\/p>\n\n\n\n<p>&#8220;Ato gjyshe, n\u00ebna e motra tona, ato rrit\u00ebn e edukuan 145 f\u00ebmij\u00eb jetim\u00eb. Fal\u00eb tyre, sot ne jemi burra. Ato jan\u00eb heroina t\u00eb heshtura\u201d, tha Ilir Shehu &#8211; p\u00ebrfaq\u00ebsues i fshatit Krush\u00eb e Vog\u00ebl.<\/p>\n\n\n\n<p>Memoriali n\u00eb Krush\u00eb t\u00eb Vog\u00ebl, i p\u00ebruruar n\u00eb Dit\u00ebn e Personave t\u00eb Pagjetur, do t\u00eb mbaj\u00eb gjall\u00eb kujtes\u00ebn q\u00eb t\u00eb mos harrohet kurr\u00eb, duke d\u00ebshmuar p\u00ebr brezat p\u00ebr gjenocidin e kryer nga forcat serbe dhe bashk\u00ebpun\u00ebtor\u00ebt lokal\u00eb serb\u00eb mbi popullat\u00ebn civile shqiptare.<\/p>\n\n\n\n<p>&#8220;Ky memorial nuk e z\u00ebvend\u00ebson asnj\u00eb jet\u00eb t\u00eb humbur, por ai vendos nj\u00eb t\u00eb v\u00ebrtet\u00eb q\u00eb nuk mund t\u00eb mohohet dhe nuk mund t\u00eb harrohet. Ai \u00ebsht\u00eb nd\u00ebrtuar q\u00eb kjo histori t\u00eb dokumentohet, q\u00eb brezat q\u00eb vijn\u00eb ta din\u00eb \u00e7far\u00eb ka ndodhur k\u00ebtu dhe t\u00eb kuptojn\u00eb se sa e shtrenjt\u00eb \u00ebsht\u00eb liria q\u00eb e g\u00ebzojm\u00eb ne sot\u201d, deklaroi Andin Hoti, minist\u00ebr p\u00ebr Pun\u00eb, Familje dhe Vlera t\u00eb Luft\u00ebs.<\/p>\n\n\n\n<p>&#8220;\u00cbsht\u00eb nj\u00eb d\u00ebshmi e cila e d\u00ebshmon nj\u00eb histori shum\u00eb t\u00eb v\u00ebshtir\u00eb, por sa t\u00eb v\u00ebshtir\u00eb, aq edhe t\u00eb lavdishme, sepse si rezultat i luft\u00ebs s\u00eb U\u00c7K-s\u00eb, ne sot e kemi lirin\u00eb, i kemi institucionet dhe e kemi shtetin\u201d, tha Shaqir Totaj, kryetar i Prizrenit.<\/p>\n\n\n\n<p>N\u00eb k\u00ebt\u00eb memorial jan\u00eb skalitur emrat e 113 krushjan\u00ebve, jan\u00eb ekspozuar d\u00ebshmi t\u00eb t\u00eb mbijetuarve, nd\u00ebrsa vendi i masakr\u00ebs \u00ebsht\u00eb shnd\u00ebrruar n\u00eb nj\u00eb muze q\u00eb flet fuqish\u00ebm p\u00ebr at\u00eb dit\u00eb t\u00eb kobshme.<\/p>\n","protected":false},"excerpt":{"rendered":"<p>Secila familje e Krush\u00ebs s\u00eb Vog\u00ebl bart nj\u00eb histori t\u00eb dhimbshme q\u00eb e ruan prej gati tri dekadash. Nexhmije Batusha humbi dy djemt\u00eb dhe bashk\u00ebshortin n\u00eb masakr\u00ebn e 26 marsit 1999. Memoriali i ngritur p\u00ebr 113 viktimat e Krush\u00ebs q\u00ebndron si d\u00ebshmi e plag\u00ebs s\u00eb hapur, nj\u00eb vend ku dhimbja nuk shuhet dhe kujtimi i [&hellip;]<\/p>\n","protected":false},"author":4,"featured_media":12150,"comment_status":"open","ping_status":"open","sticky":false,"template":"","format":"standard","meta":{"footnotes":""},"categories":[31,30],"tags":[],"class_list":{"0":"post-12149","1":"post","2":"type-post","3":"status-publish","4":"format-standard","5":"has-post-thumbnail","7":"category-kosove","8":"category-lajme"},"yoast_head":"<!-- This site is optimized with the Yoast SEO plugin v27.4 - https:\/\/yoast.com\/product\/yoast-seo-wordpress\/ -->\n<title>113 t\u00eb vrar\u00eb n\u00eb Krush\u00eb t\u00eb Vog\u00ebl,mbi 60 ende t\u00eb pagjetur edhe pas 27 vjet\u00ebsh - Kosova Times<\/title>\n<meta name=\"robots\" content=\"index, follow, max-snippet:-1, max-image-preview:large, max-video-preview:-1\" \/>\n<link rel=\"canonical\" href=\"https:\/\/kosovatimes.info\/index.php\/2026\/04\/27\/113-te-vrare-ne-krushe-te-vogelmbi-60-ende-te-pagjetur-edhe-pas-27-vjetesh\/\" \/>\n<meta property=\"og:locale\" content=\"en_US\" \/>\n<meta property=\"og:type\" content=\"article\" \/>\n<meta property=\"og:title\" content=\"113 t\u00eb vrar\u00eb n\u00eb Krush\u00eb t\u00eb Vog\u00ebl,mbi 60 ende t\u00eb pagjetur edhe pas 27 vjet\u00ebsh - Kosova Times\" \/>\n<meta property=\"og:description\" content=\"Secila familje e Krush\u00ebs s\u00eb Vog\u00ebl bart nj\u00eb histori t\u00eb dhimbshme q\u00eb e ruan prej gati tri dekadash. Nexhmije Batusha humbi dy djemt\u00eb dhe bashk\u00ebshortin n\u00eb masakr\u00ebn e 26 marsit 1999. Memoriali i ngritur p\u00ebr 113 viktimat e Krush\u00ebs q\u00ebndron si d\u00ebshmi e plag\u00ebs s\u00eb hapur, nj\u00eb vend ku dhimbja nuk shuhet dhe kujtimi i [&hellip;]\" \/>\n<meta property=\"og:url\" content=\"https:\/\/kosovatimes.info\/index.php\/2026\/04\/27\/113-te-vrare-ne-krushe-te-vogelmbi-60-ende-te-pagjetur-edhe-pas-27-vjetesh\/\" \/>\n<meta property=\"og:site_name\" content=\"Kosova Times\" \/>\n<meta property=\"article:published_time\" content=\"2026-04-27T17:56:00+00:00\" \/>\n<meta property=\"article:modified_time\" content=\"2026-04-27T20:19:01+00:00\" \/>\n<meta property=\"og:image\" content=\"https:\/\/kosovatimes.info\/wp-content\/uploads\/2026\/04\/Krush.jpg\" \/>\n\t<meta property=\"og:image:width\" content=\"780\" \/>\n\t<meta property=\"og:image:height\" content=\"500\" \/>\n\t<meta property=\"og:image:type\" content=\"image\/jpeg\" \/>\n<meta name=\"author\" content=\"i l\" \/>\n<meta name=\"twitter:card\" content=\"summary_large_image\" \/>\n<meta name=\"twitter:label1\" content=\"Written by\" \/>\n\t<meta name=\"twitter:data1\" content=\"i l\" \/>\n\t<meta name=\"twitter:label2\" content=\"Est. reading time\" \/>\n\t<meta name=\"twitter:data2\" content=\"2 minutes\" \/>\n<script type=\"application\/ld+json\" class=\"yoast-schema-graph\">{\"@context\":\"https:\\\/\\\/schema.org\",\"@graph\":[{\"@type\":\"Article\",\"@id\":\"https:\\\/\\\/kosovatimes.info\\\/index.php\\\/2026\\\/04\\\/27\\\/113-te-vrare-ne-krushe-te-vogelmbi-60-ende-te-pagjetur-edhe-pas-27-vjetesh\\\/#article\",\"isPartOf\":{\"@id\":\"https:\\\/\\\/kosovatimes.info\\\/index.php\\\/2026\\\/04\\\/27\\\/113-te-vrare-ne-krushe-te-vogelmbi-60-ende-te-pagjetur-edhe-pas-27-vjetesh\\\/\"},\"author\":{\"name\":\"i l\",\"@id\":\"https:\\\/\\\/kosovatimes.info\\\/#\\\/schema\\\/person\\\/7586712b9c512fe68085de007378c915\"},\"headline\":\"113 t\u00eb vrar\u00eb n\u00eb Krush\u00eb t\u00eb Vog\u00ebl,mbi 60 ende t\u00eb pagjetur edhe pas 27 vjet\u00ebsh\",\"datePublished\":\"2026-04-27T17:56:00+00:00\",\"dateModified\":\"2026-04-27T20:19:01+00:00\",\"mainEntityOfPage\":{\"@id\":\"https:\\\/\\\/kosovatimes.info\\\/index.php\\\/2026\\\/04\\\/27\\\/113-te-vrare-ne-krushe-te-vogelmbi-60-ende-te-pagjetur-edhe-pas-27-vjetesh\\\/\"},\"wordCount\":395,\"commentCount\":0,\"image\":{\"@id\":\"https:\\\/\\\/kosovatimes.info\\\/index.php\\\/2026\\\/04\\\/27\\\/113-te-vrare-ne-krushe-te-vogelmbi-60-ende-te-pagjetur-edhe-pas-27-vjetesh\\\/#primaryimage\"},\"thumbnailUrl\":\"https:\\\/\\\/kosovatimes.info\\\/wp-content\\\/uploads\\\/2026\\\/04\\\/Krush.jpg\",\"articleSection\":[\"Kosov\u00eb\",\"Lajme\"],\"inLanguage\":\"en-US\",\"potentialAction\":[{\"@type\":\"CommentAction\",\"name\":\"Comment\",\"target\":[\"https:\\\/\\\/kosovatimes.info\\\/index.php\\\/2026\\\/04\\\/27\\\/113-te-vrare-ne-krushe-te-vogelmbi-60-ende-te-pagjetur-edhe-pas-27-vjetesh\\\/#respond\"]}]},{\"@type\":\"WebPage\",\"@id\":\"https:\\\/\\\/kosovatimes.info\\\/index.php\\\/2026\\\/04\\\/27\\\/113-te-vrare-ne-krushe-te-vogelmbi-60-ende-te-pagjetur-edhe-pas-27-vjetesh\\\/\",\"url\":\"https:\\\/\\\/kosovatimes.info\\\/index.php\\\/2026\\\/04\\\/27\\\/113-te-vrare-ne-krushe-te-vogelmbi-60-ende-te-pagjetur-edhe-pas-27-vjetesh\\\/\",\"name\":\"113 t\u00eb vrar\u00eb n\u00eb Krush\u00eb t\u00eb Vog\u00ebl,mbi 60 ende t\u00eb pagjetur edhe pas 27 vjet\u00ebsh - Kosova Times\",\"isPartOf\":{\"@id\":\"https:\\\/\\\/kosovatimes.info\\\/#website\"},\"primaryImageOfPage\":{\"@id\":\"https:\\\/\\\/kosovatimes.info\\\/index.php\\\/2026\\\/04\\\/27\\\/113-te-vrare-ne-krushe-te-vogelmbi-60-ende-te-pagjetur-edhe-pas-27-vjetesh\\\/#primaryimage\"},\"image\":{\"@id\":\"https:\\\/\\\/kosovatimes.info\\\/index.php\\\/2026\\\/04\\\/27\\\/113-te-vrare-ne-krushe-te-vogelmbi-60-ende-te-pagjetur-edhe-pas-27-vjetesh\\\/#primaryimage\"},\"thumbnailUrl\":\"https:\\\/\\\/kosovatimes.info\\\/wp-content\\\/uploads\\\/2026\\\/04\\\/Krush.jpg\",\"datePublished\":\"2026-04-27T17:56:00+00:00\",\"dateModified\":\"2026-04-27T20:19:01+00:00\",\"author\":{\"@id\":\"https:\\\/\\\/kosovatimes.info\\\/#\\\/schema\\\/person\\\/7586712b9c512fe68085de007378c915\"},\"breadcrumb\":{\"@id\":\"https:\\\/\\\/kosovatimes.info\\\/index.php\\\/2026\\\/04\\\/27\\\/113-te-vrare-ne-krushe-te-vogelmbi-60-ende-te-pagjetur-edhe-pas-27-vjetesh\\\/#breadcrumb\"},\"inLanguage\":\"en-US\",\"potentialAction\":[{\"@type\":\"ReadAction\",\"target\":[\"https:\\\/\\\/kosovatimes.info\\\/index.php\\\/2026\\\/04\\\/27\\\/113-te-vrare-ne-krushe-te-vogelmbi-60-ende-te-pagjetur-edhe-pas-27-vjetesh\\\/\"]}]},{\"@type\":\"ImageObject\",\"inLanguage\":\"en-US\",\"@id\":\"https:\\\/\\\/kosovatimes.info\\\/index.php\\\/2026\\\/04\\\/27\\\/113-te-vrare-ne-krushe-te-vogelmbi-60-ende-te-pagjetur-edhe-pas-27-vjetesh\\\/#primaryimage\",\"url\":\"https:\\\/\\\/kosovatimes.info\\\/wp-content\\\/uploads\\\/2026\\\/04\\\/Krush.jpg\",\"contentUrl\":\"https:\\\/\\\/kosovatimes.info\\\/wp-content\\\/uploads\\\/2026\\\/04\\\/Krush.jpg\",\"width\":780,\"height\":500},{\"@type\":\"BreadcrumbList\",\"@id\":\"https:\\\/\\\/kosovatimes.info\\\/index.php\\\/2026\\\/04\\\/27\\\/113-te-vrare-ne-krushe-te-vogelmbi-60-ende-te-pagjetur-edhe-pas-27-vjetesh\\\/#breadcrumb\",\"itemListElement\":[{\"@type\":\"ListItem\",\"position\":1,\"name\":\"Home\",\"item\":\"https:\\\/\\\/kosovatimes.info\\\/\"},{\"@type\":\"ListItem\",\"position\":2,\"name\":\"113 t\u00eb vrar\u00eb n\u00eb Krush\u00eb t\u00eb Vog\u00ebl,mbi 60 ende t\u00eb pagjetur edhe pas 27 vjet\u00ebsh\"}]},{\"@type\":\"WebSite\",\"@id\":\"https:\\\/\\\/kosovatimes.info\\\/#website\",\"url\":\"https:\\\/\\\/kosovatimes.info\\\/\",\"name\":\"Kosova Times\",\"description\":\"\",\"potentialAction\":[{\"@type\":\"SearchAction\",\"target\":{\"@type\":\"EntryPoint\",\"urlTemplate\":\"https:\\\/\\\/kosovatimes.info\\\/?s={search_term_string}\"},\"query-input\":{\"@type\":\"PropertyValueSpecification\",\"valueRequired\":true,\"valueName\":\"search_term_string\"}}],\"inLanguage\":\"en-US\"},{\"@type\":\"Person\",\"@id\":\"https:\\\/\\\/kosovatimes.info\\\/#\\\/schema\\\/person\\\/7586712b9c512fe68085de007378c915\",\"name\":\"i l\",\"image\":{\"@type\":\"ImageObject\",\"inLanguage\":\"en-US\",\"@id\":\"https:\\\/\\\/secure.gravatar.com\\\/avatar\\\/bad9296e02816160ae2e2435beda58222022298d5625d49fea74d18816fbb31d?s=96&d=mm&r=g\",\"url\":\"https:\\\/\\\/secure.gravatar.com\\\/avatar\\\/bad9296e02816160ae2e2435beda58222022298d5625d49fea74d18816fbb31d?s=96&d=mm&r=g\",\"contentUrl\":\"https:\\\/\\\/secure.gravatar.com\\\/avatar\\\/bad9296e02816160ae2e2435beda58222022298d5625d49fea74d18816fbb31d?s=96&d=mm&r=g\",\"caption\":\"i l\"},\"url\":\"https:\\\/\\\/kosovatimes.info\\\/index.php\\\/author\\\/iliri\\\/\"}]}<\/script>\n<!-- \/ Yoast SEO plugin. -->","yoast_head_json":{"title":"113 t\u00eb vrar\u00eb n\u00eb Krush\u00eb t\u00eb Vog\u00ebl,mbi 60 ende t\u00eb pagjetur edhe pas 27 vjet\u00ebsh - Kosova Times","robots":{"index":"index","follow":"follow","max-snippet":"max-snippet:-1","max-image-preview":"max-image-preview:large","max-video-preview":"max-video-preview:-1"},"canonical":"https:\/\/kosovatimes.info\/index.php\/2026\/04\/27\/113-te-vrare-ne-krushe-te-vogelmbi-60-ende-te-pagjetur-edhe-pas-27-vjetesh\/","og_locale":"en_US","og_type":"article","og_title":"113 t\u00eb vrar\u00eb n\u00eb Krush\u00eb t\u00eb Vog\u00ebl,mbi 60 ende t\u00eb pagjetur edhe pas 27 vjet\u00ebsh - Kosova Times","og_description":"Secila familje e Krush\u00ebs s\u00eb Vog\u00ebl bart nj\u00eb histori t\u00eb dhimbshme q\u00eb e ruan prej gati tri dekadash. Nexhmije Batusha humbi dy djemt\u00eb dhe bashk\u00ebshortin n\u00eb masakr\u00ebn e 26 marsit 1999. Memoriali i ngritur p\u00ebr 113 viktimat e Krush\u00ebs q\u00ebndron si d\u00ebshmi e plag\u00ebs s\u00eb hapur, nj\u00eb vend ku dhimbja nuk shuhet dhe kujtimi i [&hellip;]","og_url":"https:\/\/kosovatimes.info\/index.php\/2026\/04\/27\/113-te-vrare-ne-krushe-te-vogelmbi-60-ende-te-pagjetur-edhe-pas-27-vjetesh\/","og_site_name":"Kosova Times","article_published_time":"2026-04-27T17:56:00+00:00","article_modified_time":"2026-04-27T20:19:01+00:00","og_image":[{"width":780,"height":500,"url":"https:\/\/kosovatimes.info\/wp-content\/uploads\/2026\/04\/Krush.jpg","type":"image\/jpeg"}],"author":"i l","twitter_card":"summary_large_image","twitter_misc":{"Written by":"i l","Est. reading time":"2 minutes"},"schema":{"@context":"https:\/\/schema.org","@graph":[{"@type":"Article","@id":"https:\/\/kosovatimes.info\/index.php\/2026\/04\/27\/113-te-vrare-ne-krushe-te-vogelmbi-60-ende-te-pagjetur-edhe-pas-27-vjetesh\/#article","isPartOf":{"@id":"https:\/\/kosovatimes.info\/index.php\/2026\/04\/27\/113-te-vrare-ne-krushe-te-vogelmbi-60-ende-te-pagjetur-edhe-pas-27-vjetesh\/"},"author":{"name":"i l","@id":"https:\/\/kosovatimes.info\/#\/schema\/person\/7586712b9c512fe68085de007378c915"},"headline":"113 t\u00eb vrar\u00eb n\u00eb Krush\u00eb t\u00eb Vog\u00ebl,mbi 60 ende t\u00eb pagjetur edhe pas 27 vjet\u00ebsh","datePublished":"2026-04-27T17:56:00+00:00","dateModified":"2026-04-27T20:19:01+00:00","mainEntityOfPage":{"@id":"https:\/\/kosovatimes.info\/index.php\/2026\/04\/27\/113-te-vrare-ne-krushe-te-vogelmbi-60-ende-te-pagjetur-edhe-pas-27-vjetesh\/"},"wordCount":395,"commentCount":0,"image":{"@id":"https:\/\/kosovatimes.info\/index.php\/2026\/04\/27\/113-te-vrare-ne-krushe-te-vogelmbi-60-ende-te-pagjetur-edhe-pas-27-vjetesh\/#primaryimage"},"thumbnailUrl":"https:\/\/kosovatimes.info\/wp-content\/uploads\/2026\/04\/Krush.jpg","articleSection":["Kosov\u00eb","Lajme"],"inLanguage":"en-US","potentialAction":[{"@type":"CommentAction","name":"Comment","target":["https:\/\/kosovatimes.info\/index.php\/2026\/04\/27\/113-te-vrare-ne-krushe-te-vogelmbi-60-ende-te-pagjetur-edhe-pas-27-vjetesh\/#respond"]}]},{"@type":"WebPage","@id":"https:\/\/kosovatimes.info\/index.php\/2026\/04\/27\/113-te-vrare-ne-krushe-te-vogelmbi-60-ende-te-pagjetur-edhe-pas-27-vjetesh\/","url":"https:\/\/kosovatimes.info\/index.php\/2026\/04\/27\/113-te-vrare-ne-krushe-te-vogelmbi-60-ende-te-pagjetur-edhe-pas-27-vjetesh\/","name":"113 t\u00eb vrar\u00eb n\u00eb Krush\u00eb t\u00eb Vog\u00ebl,mbi 60 ende t\u00eb pagjetur edhe pas 27 vjet\u00ebsh - Kosova Times","isPartOf":{"@id":"https:\/\/kosovatimes.info\/#website"},"primaryImageOfPage":{"@id":"https:\/\/kosovatimes.info\/index.php\/2026\/04\/27\/113-te-vrare-ne-krushe-te-vogelmbi-60-ende-te-pagjetur-edhe-pas-27-vjetesh\/#primaryimage"},"image":{"@id":"https:\/\/kosovatimes.info\/index.php\/2026\/04\/27\/113-te-vrare-ne-krushe-te-vogelmbi-60-ende-te-pagjetur-edhe-pas-27-vjetesh\/#primaryimage"},"thumbnailUrl":"https:\/\/kosovatimes.info\/wp-content\/uploads\/2026\/04\/Krush.jpg","datePublished":"2026-04-27T17:56:00+00:00","dateModified":"2026-04-27T20:19:01+00:00","author":{"@id":"https:\/\/kosovatimes.info\/#\/schema\/person\/7586712b9c512fe68085de007378c915"},"breadcrumb":{"@id":"https:\/\/kosovatimes.info\/index.php\/2026\/04\/27\/113-te-vrare-ne-krushe-te-vogelmbi-60-ende-te-pagjetur-edhe-pas-27-vjetesh\/#breadcrumb"},"inLanguage":"en-US","potentialAction":[{"@type":"ReadAction","target":["https:\/\/kosovatimes.info\/index.php\/2026\/04\/27\/113-te-vrare-ne-krushe-te-vogelmbi-60-ende-te-pagjetur-edhe-pas-27-vjetesh\/"]}]},{"@type":"ImageObject","inLanguage":"en-US","@id":"https:\/\/kosovatimes.info\/index.php\/2026\/04\/27\/113-te-vrare-ne-krushe-te-vogelmbi-60-ende-te-pagjetur-edhe-pas-27-vjetesh\/#primaryimage","url":"https:\/\/kosovatimes.info\/wp-content\/uploads\/2026\/04\/Krush.jpg","contentUrl":"https:\/\/kosovatimes.info\/wp-content\/uploads\/2026\/04\/Krush.jpg","width":780,"height":500},{"@type":"BreadcrumbList","@id":"https:\/\/kosovatimes.info\/index.php\/2026\/04\/27\/113-te-vrare-ne-krushe-te-vogelmbi-60-ende-te-pagjetur-edhe-pas-27-vjetesh\/#breadcrumb","itemListElement":[{"@type":"ListItem","position":1,"name":"Home","item":"https:\/\/kosovatimes.info\/"},{"@type":"ListItem","position":2,"name":"113 t\u00eb vrar\u00eb n\u00eb Krush\u00eb t\u00eb Vog\u00ebl,mbi 60 ende t\u00eb pagjetur edhe pas 27 vjet\u00ebsh"}]},{"@type":"WebSite","@id":"https:\/\/kosovatimes.info\/#website","url":"https:\/\/kosovatimes.info\/","name":"Kosova Times","description":"","potentialAction":[{"@type":"SearchAction","target":{"@type":"EntryPoint","urlTemplate":"https:\/\/kosovatimes.info\/?s={search_term_string}"},"query-input":{"@type":"PropertyValueSpecification","valueRequired":true,"valueName":"search_term_string"}}],"inLanguage":"en-US"},{"@type":"Person","@id":"https:\/\/kosovatimes.info\/#\/schema\/person\/7586712b9c512fe68085de007378c915","name":"i l","image":{"@type":"ImageObject","inLanguage":"en-US","@id":"https:\/\/secure.gravatar.com\/avatar\/bad9296e02816160ae2e2435beda58222022298d5625d49fea74d18816fbb31d?s=96&d=mm&r=g","url":"https:\/\/secure.gravatar.com\/avatar\/bad9296e02816160ae2e2435beda58222022298d5625d49fea74d18816fbb31d?s=96&d=mm&r=g","contentUrl":"https:\/\/secure.gravatar.com\/avatar\/bad9296e02816160ae2e2435beda58222022298d5625d49fea74d18816fbb31d?s=96&d=mm&r=g","caption":"i l"},"url":"https:\/\/kosovatimes.info\/index.php\/author\/iliri\/"}]}},"_links":{"self":[{"href":"https:\/\/kosovatimes.info\/index.php\/wp-json\/wp\/v2\/posts\/12149","targetHints":{"allow":["GET"]}}],"collection":[{"href":"https:\/\/kosovatimes.info\/index.php\/wp-json\/wp\/v2\/posts"}],"about":[{"href":"https:\/\/kosovatimes.info\/index.php\/wp-json\/wp\/v2\/types\/post"}],"author":[{"embeddable":true,"href":"https:\/\/kosovatimes.info\/index.php\/wp-json\/wp\/v2\/users\/4"}],"replies":[{"embeddable":true,"href":"https:\/\/kosovatimes.info\/index.php\/wp-json\/wp\/v2\/comments?post=12149"}],"version-history":[{"count":1,"href":"https:\/\/kosovatimes.info\/index.php\/wp-json\/wp\/v2\/posts\/12149\/revisions"}],"predecessor-version":[{"id":12151,"href":"https:\/\/kosovatimes.info\/index.php\/wp-json\/wp\/v2\/posts\/12149\/revisions\/12151"}],"wp:featuredmedia":[{"embeddable":true,"href":"https:\/\/kosovatimes.info\/index.php\/wp-json\/wp\/v2\/media\/12150"}],"wp:attachment":[{"href":"https:\/\/kosovatimes.info\/index.php\/wp-json\/wp\/v2\/media?parent=12149"}],"wp:term":[{"taxonomy":"category","embeddable":true,"href":"https:\/\/kosovatimes.info\/index.php\/wp-json\/wp\/v2\/categories?post=12149"},{"taxonomy":"post_tag","embeddable":true,"href":"https:\/\/kosovatimes.info\/index.php\/wp-json\/wp\/v2\/tags?post=12149"}],"curies":[{"name":"wp","href":"https:\/\/api.w.org\/{rel}","templated":true}]}}