{"id":12154,"date":"2026-04-27T22:04:00","date_gmt":"2026-04-27T20:04:00","guid":{"rendered":"https:\/\/kosovatimes.info\/?p=12154"},"modified":"2026-04-27T22:23:35","modified_gmt":"2026-04-27T20:23:35","slug":"kdi-zgjedhja-e-presidentit-pa-kuorumin-e-nevojshem-cenon-rendin-kushtetues","status":"publish","type":"post","link":"https:\/\/kosovatimes.info\/index.php\/2026\/04\/27\/kdi-zgjedhja-e-presidentit-pa-kuorumin-e-nevojshem-cenon-rendin-kushtetues\/","title":{"rendered":"KDI: Zgjedhja e Presidentit pa kuorumin e nevojsh\u00ebm cenon rendin kushtetues"},"content":{"rendered":"\n<p><strong>Instituti Demokratik i Kosov\u00ebs (KDI) ka reaguar ndaj p\u00ebrpjekjeve p\u00ebr t\u00eb vazhduar procesin e zgjedhjes s\u00eb Presidentit pa u p\u00ebrmbushur kuorumi i nevojsh\u00ebm kushtetues, duke e cil\u00ebsuar k\u00ebt\u00eb veprim si cenim t\u00eb rendit kushtetues dhe funksionimit t\u00eb demokracis\u00eb parlamentare.<\/strong><\/p>\n\n\n\n<p>Sipas KDI-s\u00eb, praktika dhe vendimet e Gjykat\u00ebs Kushtetuese e p\u00ebrcaktojn\u00eb qart\u00eb se zgjedhja e Presidentit k\u00ebrkon pjes\u00ebmarrjen e t\u00eb pakt\u00ebn dy t\u00eb tretave t\u00eb deputet\u00ebve n\u00eb dy raundet e para t\u00eb votimit.<\/p>\n\n\n\n<p>\u201c\u00c7do tentativ\u00eb p\u00ebr ta anashkaluar k\u00ebt\u00eb rend kushtetues dhe p\u00ebr t\u00eb zgjedhur Presidentin me nj\u00eb num\u00ebr t\u00eb kufizuar deputet\u00ebsh n\u00eb sall\u00eb p\u00ebrb\u00ebn shkelje t\u00eb hapur t\u00eb Kushtetut\u00ebs dhe deformim t\u00eb q\u00ebllimsh\u00ebm t\u00eb parimeve kushtetuese\u201d, thuhet n\u00eb reagim.<\/p>\n\n\n\n<p>KDI ka theksuar se nuk ekziston baz\u00eb juridike p\u00ebr uljen e kuorumit dhe se nj\u00eb qasje e till\u00eb krijon precedent t\u00eb rreziksh\u00ebm p\u00ebr interpretim t\u00eb nj\u00ebansh\u00ebm t\u00eb rregullave kushtetuese.<\/p>\n\n\n\n<p>Instituti u ka b\u00ebr\u00eb thirrje deputet\u00ebve q\u00eb t\u00eb respektojn\u00eb standardet kushtetuese dhe t\u00eb shmangin veprime q\u00eb, sipas tyre, thellojn\u00eb kriz\u00ebn institucionale dhe cenojn\u00eb rendin kushtetues.<\/p>\n","protected":false},"excerpt":{"rendered":"<p>Instituti Demokratik i Kosov\u00ebs (KDI) ka reaguar ndaj p\u00ebrpjekjeve p\u00ebr t\u00eb vazhduar procesin e zgjedhjes s\u00eb Presidentit pa u p\u00ebrmbushur kuorumi i nevojsh\u00ebm kushtetues, duke e cil\u00ebsuar k\u00ebt\u00eb veprim si cenim t\u00eb rendit kushtetues dhe funksionimit t\u00eb demokracis\u00eb parlamentare. Sipas KDI-s\u00eb, praktika dhe vendimet e Gjykat\u00ebs Kushtetuese e p\u00ebrcaktojn\u00eb qart\u00eb se zgjedhja e Presidentit k\u00ebrkon [&hellip;]<\/p>\n","protected":false},"author":4,"featured_media":12155,"comment_status":"open","ping_status":"open","sticky":false,"template":"","format":"standard","meta":{"footnotes":""},"categories":[31,30],"tags":[],"class_list":{"0":"post-12154","1":"post","2":"type-post","3":"status-publish","4":"format-standard","5":"has-post-thumbnail","7":"category-kosove","8":"category-lajme"},"yoast_head":"<!-- This site is optimized with the Yoast SEO plugin v27.4 - https:\/\/yoast.com\/product\/yoast-seo-wordpress\/ -->\n<title>KDI: Zgjedhja e Presidentit pa kuorumin e nevojsh\u00ebm cenon rendin kushtetues - Kosova Times<\/title>\n<meta name=\"robots\" content=\"index, follow, max-snippet:-1, max-image-preview:large, max-video-preview:-1\" \/>\n<link rel=\"canonical\" href=\"https:\/\/kosovatimes.info\/index.php\/2026\/04\/27\/kdi-zgjedhja-e-presidentit-pa-kuorumin-e-nevojshem-cenon-rendin-kushtetues\/\" \/>\n<meta property=\"og:locale\" content=\"en_US\" \/>\n<meta property=\"og:type\" content=\"article\" \/>\n<meta property=\"og:title\" content=\"KDI: Zgjedhja e Presidentit pa kuorumin e nevojsh\u00ebm cenon rendin kushtetues - Kosova Times\" \/>\n<meta property=\"og:description\" content=\"Instituti Demokratik i Kosov\u00ebs (KDI) ka reaguar ndaj p\u00ebrpjekjeve p\u00ebr t\u00eb vazhduar procesin e zgjedhjes s\u00eb Presidentit pa u p\u00ebrmbushur kuorumi i nevojsh\u00ebm kushtetues, duke e cil\u00ebsuar k\u00ebt\u00eb veprim si cenim t\u00eb rendit kushtetues dhe funksionimit t\u00eb demokracis\u00eb parlamentare. Sipas KDI-s\u00eb, praktika dhe vendimet e Gjykat\u00ebs Kushtetuese e p\u00ebrcaktojn\u00eb qart\u00eb se zgjedhja e Presidentit k\u00ebrkon [&hellip;]\" \/>\n<meta property=\"og:url\" content=\"https:\/\/kosovatimes.info\/index.php\/2026\/04\/27\/kdi-zgjedhja-e-presidentit-pa-kuorumin-e-nevojshem-cenon-rendin-kushtetues\/\" \/>\n<meta property=\"og:site_name\" content=\"Kosova Times\" \/>\n<meta property=\"article:published_time\" content=\"2026-04-27T20:04:00+00:00\" \/>\n<meta property=\"article:modified_time\" content=\"2026-04-27T20:23:35+00:00\" \/>\n<meta property=\"og:image\" content=\"https:\/\/kosovatimes.info\/wp-content\/uploads\/2026\/04\/Kuvendi-17.jpg\" \/>\n\t<meta property=\"og:image:width\" content=\"688\" \/>\n\t<meta property=\"og:image:height\" content=\"456\" \/>\n\t<meta property=\"og:image:type\" content=\"image\/jpeg\" \/>\n<meta name=\"author\" content=\"i l\" \/>\n<meta name=\"twitter:card\" content=\"summary_large_image\" \/>\n<meta name=\"twitter:label1\" content=\"Written by\" \/>\n\t<meta name=\"twitter:data1\" content=\"i l\" \/>\n\t<meta name=\"twitter:label2\" content=\"Est. reading time\" \/>\n\t<meta name=\"twitter:data2\" content=\"1 minute\" \/>\n<script type=\"application\/ld+json\" class=\"yoast-schema-graph\">{\"@context\":\"https:\\\/\\\/schema.org\",\"@graph\":[{\"@type\":\"Article\",\"@id\":\"https:\\\/\\\/kosovatimes.info\\\/index.php\\\/2026\\\/04\\\/27\\\/kdi-zgjedhja-e-presidentit-pa-kuorumin-e-nevojshem-cenon-rendin-kushtetues\\\/#article\",\"isPartOf\":{\"@id\":\"https:\\\/\\\/kosovatimes.info\\\/index.php\\\/2026\\\/04\\\/27\\\/kdi-zgjedhja-e-presidentit-pa-kuorumin-e-nevojshem-cenon-rendin-kushtetues\\\/\"},\"author\":{\"name\":\"i l\",\"@id\":\"https:\\\/\\\/kosovatimes.info\\\/#\\\/schema\\\/person\\\/7586712b9c512fe68085de007378c915\"},\"headline\":\"KDI: Zgjedhja e Presidentit pa kuorumin e nevojsh\u00ebm cenon rendin kushtetues\",\"datePublished\":\"2026-04-27T20:04:00+00:00\",\"dateModified\":\"2026-04-27T20:23:35+00:00\",\"mainEntityOfPage\":{\"@id\":\"https:\\\/\\\/kosovatimes.info\\\/index.php\\\/2026\\\/04\\\/27\\\/kdi-zgjedhja-e-presidentit-pa-kuorumin-e-nevojshem-cenon-rendin-kushtetues\\\/\"},\"wordCount\":205,\"commentCount\":0,\"image\":{\"@id\":\"https:\\\/\\\/kosovatimes.info\\\/index.php\\\/2026\\\/04\\\/27\\\/kdi-zgjedhja-e-presidentit-pa-kuorumin-e-nevojshem-cenon-rendin-kushtetues\\\/#primaryimage\"},\"thumbnailUrl\":\"https:\\\/\\\/kosovatimes.info\\\/wp-content\\\/uploads\\\/2026\\\/04\\\/Kuvendi-17.jpg\",\"articleSection\":[\"Kosov\u00eb\",\"Lajme\"],\"inLanguage\":\"en-US\",\"potentialAction\":[{\"@type\":\"CommentAction\",\"name\":\"Comment\",\"target\":[\"https:\\\/\\\/kosovatimes.info\\\/index.php\\\/2026\\\/04\\\/27\\\/kdi-zgjedhja-e-presidentit-pa-kuorumin-e-nevojshem-cenon-rendin-kushtetues\\\/#respond\"]}]},{\"@type\":\"WebPage\",\"@id\":\"https:\\\/\\\/kosovatimes.info\\\/index.php\\\/2026\\\/04\\\/27\\\/kdi-zgjedhja-e-presidentit-pa-kuorumin-e-nevojshem-cenon-rendin-kushtetues\\\/\",\"url\":\"https:\\\/\\\/kosovatimes.info\\\/index.php\\\/2026\\\/04\\\/27\\\/kdi-zgjedhja-e-presidentit-pa-kuorumin-e-nevojshem-cenon-rendin-kushtetues\\\/\",\"name\":\"KDI: Zgjedhja e Presidentit pa kuorumin e nevojsh\u00ebm cenon rendin kushtetues - Kosova Times\",\"isPartOf\":{\"@id\":\"https:\\\/\\\/kosovatimes.info\\\/#website\"},\"primaryImageOfPage\":{\"@id\":\"https:\\\/\\\/kosovatimes.info\\\/index.php\\\/2026\\\/04\\\/27\\\/kdi-zgjedhja-e-presidentit-pa-kuorumin-e-nevojshem-cenon-rendin-kushtetues\\\/#primaryimage\"},\"image\":{\"@id\":\"https:\\\/\\\/kosovatimes.info\\\/index.php\\\/2026\\\/04\\\/27\\\/kdi-zgjedhja-e-presidentit-pa-kuorumin-e-nevojshem-cenon-rendin-kushtetues\\\/#primaryimage\"},\"thumbnailUrl\":\"https:\\\/\\\/kosovatimes.info\\\/wp-content\\\/uploads\\\/2026\\\/04\\\/Kuvendi-17.jpg\",\"datePublished\":\"2026-04-27T20:04:00+00:00\",\"dateModified\":\"2026-04-27T20:23:35+00:00\",\"author\":{\"@id\":\"https:\\\/\\\/kosovatimes.info\\\/#\\\/schema\\\/person\\\/7586712b9c512fe68085de007378c915\"},\"breadcrumb\":{\"@id\":\"https:\\\/\\\/kosovatimes.info\\\/index.php\\\/2026\\\/04\\\/27\\\/kdi-zgjedhja-e-presidentit-pa-kuorumin-e-nevojshem-cenon-rendin-kushtetues\\\/#breadcrumb\"},\"inLanguage\":\"en-US\",\"potentialAction\":[{\"@type\":\"ReadAction\",\"target\":[\"https:\\\/\\\/kosovatimes.info\\\/index.php\\\/2026\\\/04\\\/27\\\/kdi-zgjedhja-e-presidentit-pa-kuorumin-e-nevojshem-cenon-rendin-kushtetues\\\/\"]}]},{\"@type\":\"ImageObject\",\"inLanguage\":\"en-US\",\"@id\":\"https:\\\/\\\/kosovatimes.info\\\/index.php\\\/2026\\\/04\\\/27\\\/kdi-zgjedhja-e-presidentit-pa-kuorumin-e-nevojshem-cenon-rendin-kushtetues\\\/#primaryimage\",\"url\":\"https:\\\/\\\/kosovatimes.info\\\/wp-content\\\/uploads\\\/2026\\\/04\\\/Kuvendi-17.jpg\",\"contentUrl\":\"https:\\\/\\\/kosovatimes.info\\\/wp-content\\\/uploads\\\/2026\\\/04\\\/Kuvendi-17.jpg\",\"width\":688,\"height\":456},{\"@type\":\"BreadcrumbList\",\"@id\":\"https:\\\/\\\/kosovatimes.info\\\/index.php\\\/2026\\\/04\\\/27\\\/kdi-zgjedhja-e-presidentit-pa-kuorumin-e-nevojshem-cenon-rendin-kushtetues\\\/#breadcrumb\",\"itemListElement\":[{\"@type\":\"ListItem\",\"position\":1,\"name\":\"Home\",\"item\":\"https:\\\/\\\/kosovatimes.info\\\/\"},{\"@type\":\"ListItem\",\"position\":2,\"name\":\"KDI: Zgjedhja e Presidentit pa kuorumin e nevojsh\u00ebm cenon rendin kushtetues\"}]},{\"@type\":\"WebSite\",\"@id\":\"https:\\\/\\\/kosovatimes.info\\\/#website\",\"url\":\"https:\\\/\\\/kosovatimes.info\\\/\",\"name\":\"Kosova Times\",\"description\":\"\",\"potentialAction\":[{\"@type\":\"SearchAction\",\"target\":{\"@type\":\"EntryPoint\",\"urlTemplate\":\"https:\\\/\\\/kosovatimes.info\\\/?s={search_term_string}\"},\"query-input\":{\"@type\":\"PropertyValueSpecification\",\"valueRequired\":true,\"valueName\":\"search_term_string\"}}],\"inLanguage\":\"en-US\"},{\"@type\":\"Person\",\"@id\":\"https:\\\/\\\/kosovatimes.info\\\/#\\\/schema\\\/person\\\/7586712b9c512fe68085de007378c915\",\"name\":\"i l\",\"image\":{\"@type\":\"ImageObject\",\"inLanguage\":\"en-US\",\"@id\":\"https:\\\/\\\/secure.gravatar.com\\\/avatar\\\/bad9296e02816160ae2e2435beda58222022298d5625d49fea74d18816fbb31d?s=96&d=mm&r=g\",\"url\":\"https:\\\/\\\/secure.gravatar.com\\\/avatar\\\/bad9296e02816160ae2e2435beda58222022298d5625d49fea74d18816fbb31d?s=96&d=mm&r=g\",\"contentUrl\":\"https:\\\/\\\/secure.gravatar.com\\\/avatar\\\/bad9296e02816160ae2e2435beda58222022298d5625d49fea74d18816fbb31d?s=96&d=mm&r=g\",\"caption\":\"i l\"},\"url\":\"https:\\\/\\\/kosovatimes.info\\\/index.php\\\/author\\\/iliri\\\/\"}]}<\/script>\n<!-- \/ Yoast SEO plugin. -->","yoast_head_json":{"title":"KDI: Zgjedhja e Presidentit pa kuorumin e nevojsh\u00ebm cenon rendin kushtetues - Kosova Times","robots":{"index":"index","follow":"follow","max-snippet":"max-snippet:-1","max-image-preview":"max-image-preview:large","max-video-preview":"max-video-preview:-1"},"canonical":"https:\/\/kosovatimes.info\/index.php\/2026\/04\/27\/kdi-zgjedhja-e-presidentit-pa-kuorumin-e-nevojshem-cenon-rendin-kushtetues\/","og_locale":"en_US","og_type":"article","og_title":"KDI: Zgjedhja e Presidentit pa kuorumin e nevojsh\u00ebm cenon rendin kushtetues - Kosova Times","og_description":"Instituti Demokratik i Kosov\u00ebs (KDI) ka reaguar ndaj p\u00ebrpjekjeve p\u00ebr t\u00eb vazhduar procesin e zgjedhjes s\u00eb Presidentit pa u p\u00ebrmbushur kuorumi i nevojsh\u00ebm kushtetues, duke e cil\u00ebsuar k\u00ebt\u00eb veprim si cenim t\u00eb rendit kushtetues dhe funksionimit t\u00eb demokracis\u00eb parlamentare. Sipas KDI-s\u00eb, praktika dhe vendimet e Gjykat\u00ebs Kushtetuese e p\u00ebrcaktojn\u00eb qart\u00eb se zgjedhja e Presidentit k\u00ebrkon [&hellip;]","og_url":"https:\/\/kosovatimes.info\/index.php\/2026\/04\/27\/kdi-zgjedhja-e-presidentit-pa-kuorumin-e-nevojshem-cenon-rendin-kushtetues\/","og_site_name":"Kosova Times","article_published_time":"2026-04-27T20:04:00+00:00","article_modified_time":"2026-04-27T20:23:35+00:00","og_image":[{"width":688,"height":456,"url":"https:\/\/kosovatimes.info\/wp-content\/uploads\/2026\/04\/Kuvendi-17.jpg","type":"image\/jpeg"}],"author":"i l","twitter_card":"summary_large_image","twitter_misc":{"Written by":"i l","Est. reading time":"1 minute"},"schema":{"@context":"https:\/\/schema.org","@graph":[{"@type":"Article","@id":"https:\/\/kosovatimes.info\/index.php\/2026\/04\/27\/kdi-zgjedhja-e-presidentit-pa-kuorumin-e-nevojshem-cenon-rendin-kushtetues\/#article","isPartOf":{"@id":"https:\/\/kosovatimes.info\/index.php\/2026\/04\/27\/kdi-zgjedhja-e-presidentit-pa-kuorumin-e-nevojshem-cenon-rendin-kushtetues\/"},"author":{"name":"i l","@id":"https:\/\/kosovatimes.info\/#\/schema\/person\/7586712b9c512fe68085de007378c915"},"headline":"KDI: Zgjedhja e Presidentit pa kuorumin e nevojsh\u00ebm cenon rendin kushtetues","datePublished":"2026-04-27T20:04:00+00:00","dateModified":"2026-04-27T20:23:35+00:00","mainEntityOfPage":{"@id":"https:\/\/kosovatimes.info\/index.php\/2026\/04\/27\/kdi-zgjedhja-e-presidentit-pa-kuorumin-e-nevojshem-cenon-rendin-kushtetues\/"},"wordCount":205,"commentCount":0,"image":{"@id":"https:\/\/kosovatimes.info\/index.php\/2026\/04\/27\/kdi-zgjedhja-e-presidentit-pa-kuorumin-e-nevojshem-cenon-rendin-kushtetues\/#primaryimage"},"thumbnailUrl":"https:\/\/kosovatimes.info\/wp-content\/uploads\/2026\/04\/Kuvendi-17.jpg","articleSection":["Kosov\u00eb","Lajme"],"inLanguage":"en-US","potentialAction":[{"@type":"CommentAction","name":"Comment","target":["https:\/\/kosovatimes.info\/index.php\/2026\/04\/27\/kdi-zgjedhja-e-presidentit-pa-kuorumin-e-nevojshem-cenon-rendin-kushtetues\/#respond"]}]},{"@type":"WebPage","@id":"https:\/\/kosovatimes.info\/index.php\/2026\/04\/27\/kdi-zgjedhja-e-presidentit-pa-kuorumin-e-nevojshem-cenon-rendin-kushtetues\/","url":"https:\/\/kosovatimes.info\/index.php\/2026\/04\/27\/kdi-zgjedhja-e-presidentit-pa-kuorumin-e-nevojshem-cenon-rendin-kushtetues\/","name":"KDI: Zgjedhja e Presidentit pa kuorumin e nevojsh\u00ebm cenon rendin kushtetues - Kosova Times","isPartOf":{"@id":"https:\/\/kosovatimes.info\/#website"},"primaryImageOfPage":{"@id":"https:\/\/kosovatimes.info\/index.php\/2026\/04\/27\/kdi-zgjedhja-e-presidentit-pa-kuorumin-e-nevojshem-cenon-rendin-kushtetues\/#primaryimage"},"image":{"@id":"https:\/\/kosovatimes.info\/index.php\/2026\/04\/27\/kdi-zgjedhja-e-presidentit-pa-kuorumin-e-nevojshem-cenon-rendin-kushtetues\/#primaryimage"},"thumbnailUrl":"https:\/\/kosovatimes.info\/wp-content\/uploads\/2026\/04\/Kuvendi-17.jpg","datePublished":"2026-04-27T20:04:00+00:00","dateModified":"2026-04-27T20:23:35+00:00","author":{"@id":"https:\/\/kosovatimes.info\/#\/schema\/person\/7586712b9c512fe68085de007378c915"},"breadcrumb":{"@id":"https:\/\/kosovatimes.info\/index.php\/2026\/04\/27\/kdi-zgjedhja-e-presidentit-pa-kuorumin-e-nevojshem-cenon-rendin-kushtetues\/#breadcrumb"},"inLanguage":"en-US","potentialAction":[{"@type":"ReadAction","target":["https:\/\/kosovatimes.info\/index.php\/2026\/04\/27\/kdi-zgjedhja-e-presidentit-pa-kuorumin-e-nevojshem-cenon-rendin-kushtetues\/"]}]},{"@type":"ImageObject","inLanguage":"en-US","@id":"https:\/\/kosovatimes.info\/index.php\/2026\/04\/27\/kdi-zgjedhja-e-presidentit-pa-kuorumin-e-nevojshem-cenon-rendin-kushtetues\/#primaryimage","url":"https:\/\/kosovatimes.info\/wp-content\/uploads\/2026\/04\/Kuvendi-17.jpg","contentUrl":"https:\/\/kosovatimes.info\/wp-content\/uploads\/2026\/04\/Kuvendi-17.jpg","width":688,"height":456},{"@type":"BreadcrumbList","@id":"https:\/\/kosovatimes.info\/index.php\/2026\/04\/27\/kdi-zgjedhja-e-presidentit-pa-kuorumin-e-nevojshem-cenon-rendin-kushtetues\/#breadcrumb","itemListElement":[{"@type":"ListItem","position":1,"name":"Home","item":"https:\/\/kosovatimes.info\/"},{"@type":"ListItem","position":2,"name":"KDI: Zgjedhja e Presidentit pa kuorumin e nevojsh\u00ebm cenon rendin kushtetues"}]},{"@type":"WebSite","@id":"https:\/\/kosovatimes.info\/#website","url":"https:\/\/kosovatimes.info\/","name":"Kosova Times","description":"","potentialAction":[{"@type":"SearchAction","target":{"@type":"EntryPoint","urlTemplate":"https:\/\/kosovatimes.info\/?s={search_term_string}"},"query-input":{"@type":"PropertyValueSpecification","valueRequired":true,"valueName":"search_term_string"}}],"inLanguage":"en-US"},{"@type":"Person","@id":"https:\/\/kosovatimes.info\/#\/schema\/person\/7586712b9c512fe68085de007378c915","name":"i l","image":{"@type":"ImageObject","inLanguage":"en-US","@id":"https:\/\/secure.gravatar.com\/avatar\/bad9296e02816160ae2e2435beda58222022298d5625d49fea74d18816fbb31d?s=96&d=mm&r=g","url":"https:\/\/secure.gravatar.com\/avatar\/bad9296e02816160ae2e2435beda58222022298d5625d49fea74d18816fbb31d?s=96&d=mm&r=g","contentUrl":"https:\/\/secure.gravatar.com\/avatar\/bad9296e02816160ae2e2435beda58222022298d5625d49fea74d18816fbb31d?s=96&d=mm&r=g","caption":"i l"},"url":"https:\/\/kosovatimes.info\/index.php\/author\/iliri\/"}]}},"_links":{"self":[{"href":"https:\/\/kosovatimes.info\/index.php\/wp-json\/wp\/v2\/posts\/12154","targetHints":{"allow":["GET"]}}],"collection":[{"href":"https:\/\/kosovatimes.info\/index.php\/wp-json\/wp\/v2\/posts"}],"about":[{"href":"https:\/\/kosovatimes.info\/index.php\/wp-json\/wp\/v2\/types\/post"}],"author":[{"embeddable":true,"href":"https:\/\/kosovatimes.info\/index.php\/wp-json\/wp\/v2\/users\/4"}],"replies":[{"embeddable":true,"href":"https:\/\/kosovatimes.info\/index.php\/wp-json\/wp\/v2\/comments?post=12154"}],"version-history":[{"count":1,"href":"https:\/\/kosovatimes.info\/index.php\/wp-json\/wp\/v2\/posts\/12154\/revisions"}],"predecessor-version":[{"id":12156,"href":"https:\/\/kosovatimes.info\/index.php\/wp-json\/wp\/v2\/posts\/12154\/revisions\/12156"}],"wp:featuredmedia":[{"embeddable":true,"href":"https:\/\/kosovatimes.info\/index.php\/wp-json\/wp\/v2\/media\/12155"}],"wp:attachment":[{"href":"https:\/\/kosovatimes.info\/index.php\/wp-json\/wp\/v2\/media?parent=12154"}],"wp:term":[{"taxonomy":"category","embeddable":true,"href":"https:\/\/kosovatimes.info\/index.php\/wp-json\/wp\/v2\/categories?post=12154"},{"taxonomy":"post_tag","embeddable":true,"href":"https:\/\/kosovatimes.info\/index.php\/wp-json\/wp\/v2\/tags?post=12154"}],"curies":[{"name":"wp","href":"https:\/\/api.w.org\/{rel}","templated":true}]}}