{"id":12170,"date":"2026-04-27T22:42:18","date_gmt":"2026-04-27T20:42:18","guid":{"rendered":"https:\/\/kosovatimes.info\/?p=12170"},"modified":"2026-04-27T22:42:21","modified_gmt":"2026-04-27T20:42:21","slug":"merz-thote-se-rruga-e-ukraines-drejt-be-se-eshte-celesi-per-ti-dhene-fund-luftes-me-rusine","status":"publish","type":"post","link":"https:\/\/kosovatimes.info\/index.php\/2026\/04\/27\/merz-thote-se-rruga-e-ukraines-drejt-be-se-eshte-celesi-per-ti-dhene-fund-luftes-me-rusine\/","title":{"rendered":"Merz thot\u00eb se rruga e Ukrain\u00ebs drejt BE-s\u00eb \u00ebsht\u00eb \u00e7el\u00ebsi p\u00ebr t&#8217;i dh\u00ebn\u00eb fund luft\u00ebs me Rusin\u00eb"},"content":{"rendered":"\n<p>Kancelari gjerman Friedrich Merz tha t\u00eb h\u00ebn\u00ebn, m\u00eb 27 prill, se integrimi m\u00eb i ngusht\u00eb i Ukrain\u00ebs n\u00eb BE mund t\u00eb jet\u00eb nj\u00eb kusht ky\u00e7 p\u00ebr t&#8217;i dh\u00ebn\u00eb fund luft\u00ebs s\u00eb Rusis\u00eb kund\u00ebr Ukrain\u00ebs.<\/p>\n\n\n\n<p>Duke folur gjat\u00eb nj\u00eb diskutimi me student\u00ebt n\u00eb qytetin Marsberg, Merz tha se nj\u00eb marr\u00ebveshje e ardhshme paqeje me Rusin\u00eb mund t\u00eb p\u00ebrfshij\u00eb l\u00ebshime territoriale nga Kievi &#8211; dhe pranimi n\u00eb BE mund t\u00eb jet\u00eb jetik n\u00eb referendumin e propozuar mbi l\u00ebshimet territoriale.<\/p>\n\n\n\n<p>\u00abShpresojm\u00eb q\u00eb nj\u00eb dit\u00eb do t\u00eb ket\u00eb nj\u00eb traktat paqeje me Rusin\u00eb. At\u00ebher\u00eb \u00ebsht\u00eb e mundur q\u00eb nj\u00eb pjes\u00eb e territorit t\u00eb Ukrain\u00ebs t\u00eb mos jet\u00eb m\u00eb ukrainase\u00bb, tha ai, sipas gazet\u00ebs gjermane\u00a0<a href=\"https:\/\/www.welt.de\/regionales\/nrw\/article69ef374e332520ab21406b8d\/merz-sieht-eu-anbindung-der-ukraine-als-weg-zum-frieden.html\">Die Welt<\/a> Merz argumentoi se Presidenti ukrainas Volodymyr Zelensky do t\u00eb duhet t\u00eb jet\u00eb n\u00eb gjendje ta bind\u00eb vendin se ai \u201cka hapur rrug\u00ebn p\u00ebr n\u00eb Evrop\u00eb p\u00ebr ju\u201d n\u00ebse do t\u00eb mbahet referendumi.Ai i b\u00ebri thirrje BE-s\u00eb t\u00eb nd\u00ebrmarr\u00eb hapa drejt an\u00ebtar\u00ebsimit t\u00eb Ukrain\u00ebs q\u00eb jan\u00eb \u201ct\u00eb besuesh\u00ebm, t\u00eb pakthyesh\u00ebm dhe q\u00eb n\u00eb fund t\u00eb fundit \u00e7ojn\u00eb n\u00eb an\u00ebtar\u00ebsim t\u00eb plot\u00eb\u201d.<\/p>\n\n\n\n<p>Merz&nbsp;<a href=\"https:\/\/www.kyivpost.com\/post\/74727\">propozoi s\u00eb fundmi t\u2019u lejoj\u00eb<\/a>&nbsp;p\u00ebrfaq\u00ebsuesve ukrainas t\u00eb marrin pjes\u00eb n\u00eb takimet e institucioneve kryesore t\u00eb BE-s\u00eb \u2013 p\u00ebrfshir\u00eb K\u00ebshillin Evropian, Parlamentin Evropian dhe Komisionin Evropian \u2013 pa t\u00eb drejt\u00eb vote si nj\u00eb mas\u00eb e p\u00ebrkohshme.<\/p>\n\n\n\n<p>Kancelarja gjermane shtoi se BE-ja ka potencialin t\u00eb rivalizoj\u00eb Shtetet e Bashkuara n\u00eb forc\u00eb n\u00ebse shtetet an\u00ebtare thellojn\u00eb bashk\u00ebpunimin.<\/p>\n\n\n\n<p>\u201cN\u00ebse bashkohemi m\u00eb shum\u00eb dhe veprojm\u00eb s\u00eb bashku, mund t\u00eb jemi t\u00eb pakt\u00ebn po aq t\u00eb fort\u00eb sa Shtetet e Bashkuara\u201d, tha ai.V\u00ebrejtjet u b\u00ebn\u00eb gjat\u00eb nj\u00eb dite t\u00eb projektit t\u00eb BE-s\u00eb n\u00eb nj\u00eb shkoll\u00eb lokale, pjes\u00eb e nj\u00eb iniciative mbar\u00ebkomb\u00ebtare p\u00ebr t\u00eb nxitur nd\u00ebrgjegj\u00ebsimin mbi politik\u00ebn evropiane tek nx\u00ebn\u00ebsit.<\/p>\n\n\n\n<p>M\u00eb par\u00eb, Financial Times raportoi se Franca dhe Gjermania po&nbsp;<a href=\"https:\/\/www.kyivpost.com\/post\/74352\">propozojn\u00eb nj\u00eb form\u00eb \u201csimbolike\u201d t\u00eb integrimit n\u00eb Bashkimin Evropian p\u00ebr Ukrain\u00ebn,<\/a>&nbsp;e cila do t\u00eb jepte p\u00ebrfitime t\u00eb kufizuara p\u00ebrpara an\u00ebtar\u00ebsimit t\u00eb plot\u00eb.<\/p>\n\n\n\n<p>Por ministri i jasht\u00ebm i Ukrain\u00ebs e ka p\u00ebrjashtuar k\u00ebt\u00eb mund\u00ebsi, duke th\u00ebn\u00eb se&nbsp;<a href=\"https:\/\/www.kyivpost.com\/post\/74480\">nuk pranon asnj\u00eb \u201can\u00ebtar\u00ebsi t\u00eb supozuar\u201d<\/a>&nbsp;ose formate \u201ct\u00eb pjesshme\u201d.<\/p>\n","protected":false},"excerpt":{"rendered":"<p>Kancelari gjerman Friedrich Merz tha t\u00eb h\u00ebn\u00ebn, m\u00eb 27 prill, se integrimi m\u00eb i ngusht\u00eb i Ukrain\u00ebs n\u00eb BE mund t\u00eb jet\u00eb nj\u00eb kusht ky\u00e7 p\u00ebr t&#8217;i dh\u00ebn\u00eb fund luft\u00ebs s\u00eb Rusis\u00eb kund\u00ebr Ukrain\u00ebs. Duke folur gjat\u00eb nj\u00eb diskutimi me student\u00ebt n\u00eb qytetin Marsberg, Merz tha se nj\u00eb marr\u00ebveshje e ardhshme paqeje me Rusin\u00eb mund [&hellip;]<\/p>\n","protected":false},"author":4,"featured_media":12171,"comment_status":"open","ping_status":"open","sticky":false,"template":"","format":"standard","meta":{"footnotes":""},"categories":[33,30],"tags":[],"class_list":{"0":"post-12170","1":"post","2":"type-post","3":"status-publish","4":"format-standard","5":"has-post-thumbnail","7":"category-bote","8":"category-lajme"},"yoast_head":"<!-- This site is optimized with the Yoast SEO plugin v27.4 - https:\/\/yoast.com\/product\/yoast-seo-wordpress\/ -->\n<title>Merz thot\u00eb se rruga e Ukrain\u00ebs drejt BE-s\u00eb \u00ebsht\u00eb \u00e7el\u00ebsi p\u00ebr t&#039;i dh\u00ebn\u00eb fund luft\u00ebs me Rusin\u00eb - Kosova Times<\/title>\n<meta name=\"robots\" content=\"index, follow, max-snippet:-1, max-image-preview:large, max-video-preview:-1\" \/>\n<link rel=\"canonical\" href=\"https:\/\/kosovatimes.info\/index.php\/2026\/04\/27\/merz-thote-se-rruga-e-ukraines-drejt-be-se-eshte-celesi-per-ti-dhene-fund-luftes-me-rusine\/\" \/>\n<meta property=\"og:locale\" content=\"en_US\" \/>\n<meta property=\"og:type\" content=\"article\" \/>\n<meta property=\"og:title\" content=\"Merz thot\u00eb se rruga e Ukrain\u00ebs drejt BE-s\u00eb \u00ebsht\u00eb \u00e7el\u00ebsi p\u00ebr t&#039;i dh\u00ebn\u00eb fund luft\u00ebs me Rusin\u00eb - Kosova Times\" \/>\n<meta property=\"og:description\" content=\"Kancelari gjerman Friedrich Merz tha t\u00eb h\u00ebn\u00ebn, m\u00eb 27 prill, se integrimi m\u00eb i ngusht\u00eb i Ukrain\u00ebs n\u00eb BE mund t\u00eb jet\u00eb nj\u00eb kusht ky\u00e7 p\u00ebr t&#8217;i dh\u00ebn\u00eb fund luft\u00ebs s\u00eb Rusis\u00eb kund\u00ebr Ukrain\u00ebs. Duke folur gjat\u00eb nj\u00eb diskutimi me student\u00ebt n\u00eb qytetin Marsberg, Merz tha se nj\u00eb marr\u00ebveshje e ardhshme paqeje me Rusin\u00eb mund [&hellip;]\" \/>\n<meta property=\"og:url\" content=\"https:\/\/kosovatimes.info\/index.php\/2026\/04\/27\/merz-thote-se-rruga-e-ukraines-drejt-be-se-eshte-celesi-per-ti-dhene-fund-luftes-me-rusine\/\" \/>\n<meta property=\"og:site_name\" content=\"Kosova Times\" \/>\n<meta property=\"article:published_time\" content=\"2026-04-27T20:42:18+00:00\" \/>\n<meta property=\"article:modified_time\" content=\"2026-04-27T20:42:21+00:00\" \/>\n<meta property=\"og:image\" content=\"https:\/\/kosovatimes.info\/wp-content\/uploads\/2026\/04\/Mer.webp\" \/>\n\t<meta property=\"og:image:width\" content=\"2560\" \/>\n\t<meta property=\"og:image:height\" content=\"1678\" \/>\n\t<meta property=\"og:image:type\" content=\"image\/webp\" \/>\n<meta name=\"author\" content=\"i l\" \/>\n<meta name=\"twitter:card\" content=\"summary_large_image\" \/>\n<meta name=\"twitter:label1\" content=\"Written by\" \/>\n\t<meta name=\"twitter:data1\" content=\"i l\" \/>\n\t<meta name=\"twitter:label2\" content=\"Est. reading time\" \/>\n\t<meta name=\"twitter:data2\" content=\"2 minutes\" \/>\n<script type=\"application\/ld+json\" class=\"yoast-schema-graph\">{\"@context\":\"https:\\\/\\\/schema.org\",\"@graph\":[{\"@type\":\"Article\",\"@id\":\"https:\\\/\\\/kosovatimes.info\\\/index.php\\\/2026\\\/04\\\/27\\\/merz-thote-se-rruga-e-ukraines-drejt-be-se-eshte-celesi-per-ti-dhene-fund-luftes-me-rusine\\\/#article\",\"isPartOf\":{\"@id\":\"https:\\\/\\\/kosovatimes.info\\\/index.php\\\/2026\\\/04\\\/27\\\/merz-thote-se-rruga-e-ukraines-drejt-be-se-eshte-celesi-per-ti-dhene-fund-luftes-me-rusine\\\/\"},\"author\":{\"name\":\"i l\",\"@id\":\"https:\\\/\\\/kosovatimes.info\\\/#\\\/schema\\\/person\\\/7586712b9c512fe68085de007378c915\"},\"headline\":\"Merz thot\u00eb se rruga e Ukrain\u00ebs drejt BE-s\u00eb \u00ebsht\u00eb \u00e7el\u00ebsi p\u00ebr t&#8217;i dh\u00ebn\u00eb fund luft\u00ebs me Rusin\u00eb\",\"datePublished\":\"2026-04-27T20:42:18+00:00\",\"dateModified\":\"2026-04-27T20:42:21+00:00\",\"mainEntityOfPage\":{\"@id\":\"https:\\\/\\\/kosovatimes.info\\\/index.php\\\/2026\\\/04\\\/27\\\/merz-thote-se-rruga-e-ukraines-drejt-be-se-eshte-celesi-per-ti-dhene-fund-luftes-me-rusine\\\/\"},\"wordCount\":428,\"commentCount\":0,\"image\":{\"@id\":\"https:\\\/\\\/kosovatimes.info\\\/index.php\\\/2026\\\/04\\\/27\\\/merz-thote-se-rruga-e-ukraines-drejt-be-se-eshte-celesi-per-ti-dhene-fund-luftes-me-rusine\\\/#primaryimage\"},\"thumbnailUrl\":\"https:\\\/\\\/kosovatimes.info\\\/wp-content\\\/uploads\\\/2026\\\/04\\\/Mer.webp\",\"articleSection\":[\"Bot\u00eb\",\"Lajme\"],\"inLanguage\":\"en-US\",\"potentialAction\":[{\"@type\":\"CommentAction\",\"name\":\"Comment\",\"target\":[\"https:\\\/\\\/kosovatimes.info\\\/index.php\\\/2026\\\/04\\\/27\\\/merz-thote-se-rruga-e-ukraines-drejt-be-se-eshte-celesi-per-ti-dhene-fund-luftes-me-rusine\\\/#respond\"]}]},{\"@type\":\"WebPage\",\"@id\":\"https:\\\/\\\/kosovatimes.info\\\/index.php\\\/2026\\\/04\\\/27\\\/merz-thote-se-rruga-e-ukraines-drejt-be-se-eshte-celesi-per-ti-dhene-fund-luftes-me-rusine\\\/\",\"url\":\"https:\\\/\\\/kosovatimes.info\\\/index.php\\\/2026\\\/04\\\/27\\\/merz-thote-se-rruga-e-ukraines-drejt-be-se-eshte-celesi-per-ti-dhene-fund-luftes-me-rusine\\\/\",\"name\":\"Merz thot\u00eb se rruga e Ukrain\u00ebs drejt BE-s\u00eb \u00ebsht\u00eb \u00e7el\u00ebsi p\u00ebr t'i dh\u00ebn\u00eb fund luft\u00ebs me Rusin\u00eb - Kosova Times\",\"isPartOf\":{\"@id\":\"https:\\\/\\\/kosovatimes.info\\\/#website\"},\"primaryImageOfPage\":{\"@id\":\"https:\\\/\\\/kosovatimes.info\\\/index.php\\\/2026\\\/04\\\/27\\\/merz-thote-se-rruga-e-ukraines-drejt-be-se-eshte-celesi-per-ti-dhene-fund-luftes-me-rusine\\\/#primaryimage\"},\"image\":{\"@id\":\"https:\\\/\\\/kosovatimes.info\\\/index.php\\\/2026\\\/04\\\/27\\\/merz-thote-se-rruga-e-ukraines-drejt-be-se-eshte-celesi-per-ti-dhene-fund-luftes-me-rusine\\\/#primaryimage\"},\"thumbnailUrl\":\"https:\\\/\\\/kosovatimes.info\\\/wp-content\\\/uploads\\\/2026\\\/04\\\/Mer.webp\",\"datePublished\":\"2026-04-27T20:42:18+00:00\",\"dateModified\":\"2026-04-27T20:42:21+00:00\",\"author\":{\"@id\":\"https:\\\/\\\/kosovatimes.info\\\/#\\\/schema\\\/person\\\/7586712b9c512fe68085de007378c915\"},\"breadcrumb\":{\"@id\":\"https:\\\/\\\/kosovatimes.info\\\/index.php\\\/2026\\\/04\\\/27\\\/merz-thote-se-rruga-e-ukraines-drejt-be-se-eshte-celesi-per-ti-dhene-fund-luftes-me-rusine\\\/#breadcrumb\"},\"inLanguage\":\"en-US\",\"potentialAction\":[{\"@type\":\"ReadAction\",\"target\":[\"https:\\\/\\\/kosovatimes.info\\\/index.php\\\/2026\\\/04\\\/27\\\/merz-thote-se-rruga-e-ukraines-drejt-be-se-eshte-celesi-per-ti-dhene-fund-luftes-me-rusine\\\/\"]}]},{\"@type\":\"ImageObject\",\"inLanguage\":\"en-US\",\"@id\":\"https:\\\/\\\/kosovatimes.info\\\/index.php\\\/2026\\\/04\\\/27\\\/merz-thote-se-rruga-e-ukraines-drejt-be-se-eshte-celesi-per-ti-dhene-fund-luftes-me-rusine\\\/#primaryimage\",\"url\":\"https:\\\/\\\/kosovatimes.info\\\/wp-content\\\/uploads\\\/2026\\\/04\\\/Mer.webp\",\"contentUrl\":\"https:\\\/\\\/kosovatimes.info\\\/wp-content\\\/uploads\\\/2026\\\/04\\\/Mer.webp\",\"width\":2560,\"height\":1678},{\"@type\":\"BreadcrumbList\",\"@id\":\"https:\\\/\\\/kosovatimes.info\\\/index.php\\\/2026\\\/04\\\/27\\\/merz-thote-se-rruga-e-ukraines-drejt-be-se-eshte-celesi-per-ti-dhene-fund-luftes-me-rusine\\\/#breadcrumb\",\"itemListElement\":[{\"@type\":\"ListItem\",\"position\":1,\"name\":\"Home\",\"item\":\"https:\\\/\\\/kosovatimes.info\\\/\"},{\"@type\":\"ListItem\",\"position\":2,\"name\":\"Merz thot\u00eb se rruga e Ukrain\u00ebs drejt BE-s\u00eb \u00ebsht\u00eb \u00e7el\u00ebsi p\u00ebr t&#8217;i dh\u00ebn\u00eb fund luft\u00ebs me Rusin\u00eb\"}]},{\"@type\":\"WebSite\",\"@id\":\"https:\\\/\\\/kosovatimes.info\\\/#website\",\"url\":\"https:\\\/\\\/kosovatimes.info\\\/\",\"name\":\"Kosova Times\",\"description\":\"\",\"potentialAction\":[{\"@type\":\"SearchAction\",\"target\":{\"@type\":\"EntryPoint\",\"urlTemplate\":\"https:\\\/\\\/kosovatimes.info\\\/?s={search_term_string}\"},\"query-input\":{\"@type\":\"PropertyValueSpecification\",\"valueRequired\":true,\"valueName\":\"search_term_string\"}}],\"inLanguage\":\"en-US\"},{\"@type\":\"Person\",\"@id\":\"https:\\\/\\\/kosovatimes.info\\\/#\\\/schema\\\/person\\\/7586712b9c512fe68085de007378c915\",\"name\":\"i l\",\"image\":{\"@type\":\"ImageObject\",\"inLanguage\":\"en-US\",\"@id\":\"https:\\\/\\\/secure.gravatar.com\\\/avatar\\\/bad9296e02816160ae2e2435beda58222022298d5625d49fea74d18816fbb31d?s=96&d=mm&r=g\",\"url\":\"https:\\\/\\\/secure.gravatar.com\\\/avatar\\\/bad9296e02816160ae2e2435beda58222022298d5625d49fea74d18816fbb31d?s=96&d=mm&r=g\",\"contentUrl\":\"https:\\\/\\\/secure.gravatar.com\\\/avatar\\\/bad9296e02816160ae2e2435beda58222022298d5625d49fea74d18816fbb31d?s=96&d=mm&r=g\",\"caption\":\"i l\"},\"url\":\"https:\\\/\\\/kosovatimes.info\\\/index.php\\\/author\\\/iliri\\\/\"}]}<\/script>\n<!-- \/ Yoast SEO plugin. -->","yoast_head_json":{"title":"Merz thot\u00eb se rruga e Ukrain\u00ebs drejt BE-s\u00eb \u00ebsht\u00eb \u00e7el\u00ebsi p\u00ebr t'i dh\u00ebn\u00eb fund luft\u00ebs me Rusin\u00eb - Kosova Times","robots":{"index":"index","follow":"follow","max-snippet":"max-snippet:-1","max-image-preview":"max-image-preview:large","max-video-preview":"max-video-preview:-1"},"canonical":"https:\/\/kosovatimes.info\/index.php\/2026\/04\/27\/merz-thote-se-rruga-e-ukraines-drejt-be-se-eshte-celesi-per-ti-dhene-fund-luftes-me-rusine\/","og_locale":"en_US","og_type":"article","og_title":"Merz thot\u00eb se rruga e Ukrain\u00ebs drejt BE-s\u00eb \u00ebsht\u00eb \u00e7el\u00ebsi p\u00ebr t'i dh\u00ebn\u00eb fund luft\u00ebs me Rusin\u00eb - Kosova Times","og_description":"Kancelari gjerman Friedrich Merz tha t\u00eb h\u00ebn\u00ebn, m\u00eb 27 prill, se integrimi m\u00eb i ngusht\u00eb i Ukrain\u00ebs n\u00eb BE mund t\u00eb jet\u00eb nj\u00eb kusht ky\u00e7 p\u00ebr t&#8217;i dh\u00ebn\u00eb fund luft\u00ebs s\u00eb Rusis\u00eb kund\u00ebr Ukrain\u00ebs. Duke folur gjat\u00eb nj\u00eb diskutimi me student\u00ebt n\u00eb qytetin Marsberg, Merz tha se nj\u00eb marr\u00ebveshje e ardhshme paqeje me Rusin\u00eb mund [&hellip;]","og_url":"https:\/\/kosovatimes.info\/index.php\/2026\/04\/27\/merz-thote-se-rruga-e-ukraines-drejt-be-se-eshte-celesi-per-ti-dhene-fund-luftes-me-rusine\/","og_site_name":"Kosova Times","article_published_time":"2026-04-27T20:42:18+00:00","article_modified_time":"2026-04-27T20:42:21+00:00","og_image":[{"width":2560,"height":1678,"url":"https:\/\/kosovatimes.info\/wp-content\/uploads\/2026\/04\/Mer.webp","type":"image\/webp"}],"author":"i l","twitter_card":"summary_large_image","twitter_misc":{"Written by":"i l","Est. reading time":"2 minutes"},"schema":{"@context":"https:\/\/schema.org","@graph":[{"@type":"Article","@id":"https:\/\/kosovatimes.info\/index.php\/2026\/04\/27\/merz-thote-se-rruga-e-ukraines-drejt-be-se-eshte-celesi-per-ti-dhene-fund-luftes-me-rusine\/#article","isPartOf":{"@id":"https:\/\/kosovatimes.info\/index.php\/2026\/04\/27\/merz-thote-se-rruga-e-ukraines-drejt-be-se-eshte-celesi-per-ti-dhene-fund-luftes-me-rusine\/"},"author":{"name":"i l","@id":"https:\/\/kosovatimes.info\/#\/schema\/person\/7586712b9c512fe68085de007378c915"},"headline":"Merz thot\u00eb se rruga e Ukrain\u00ebs drejt BE-s\u00eb \u00ebsht\u00eb \u00e7el\u00ebsi p\u00ebr t&#8217;i dh\u00ebn\u00eb fund luft\u00ebs me Rusin\u00eb","datePublished":"2026-04-27T20:42:18+00:00","dateModified":"2026-04-27T20:42:21+00:00","mainEntityOfPage":{"@id":"https:\/\/kosovatimes.info\/index.php\/2026\/04\/27\/merz-thote-se-rruga-e-ukraines-drejt-be-se-eshte-celesi-per-ti-dhene-fund-luftes-me-rusine\/"},"wordCount":428,"commentCount":0,"image":{"@id":"https:\/\/kosovatimes.info\/index.php\/2026\/04\/27\/merz-thote-se-rruga-e-ukraines-drejt-be-se-eshte-celesi-per-ti-dhene-fund-luftes-me-rusine\/#primaryimage"},"thumbnailUrl":"https:\/\/kosovatimes.info\/wp-content\/uploads\/2026\/04\/Mer.webp","articleSection":["Bot\u00eb","Lajme"],"inLanguage":"en-US","potentialAction":[{"@type":"CommentAction","name":"Comment","target":["https:\/\/kosovatimes.info\/index.php\/2026\/04\/27\/merz-thote-se-rruga-e-ukraines-drejt-be-se-eshte-celesi-per-ti-dhene-fund-luftes-me-rusine\/#respond"]}]},{"@type":"WebPage","@id":"https:\/\/kosovatimes.info\/index.php\/2026\/04\/27\/merz-thote-se-rruga-e-ukraines-drejt-be-se-eshte-celesi-per-ti-dhene-fund-luftes-me-rusine\/","url":"https:\/\/kosovatimes.info\/index.php\/2026\/04\/27\/merz-thote-se-rruga-e-ukraines-drejt-be-se-eshte-celesi-per-ti-dhene-fund-luftes-me-rusine\/","name":"Merz thot\u00eb se rruga e Ukrain\u00ebs drejt BE-s\u00eb \u00ebsht\u00eb \u00e7el\u00ebsi p\u00ebr t'i dh\u00ebn\u00eb fund luft\u00ebs me Rusin\u00eb - Kosova Times","isPartOf":{"@id":"https:\/\/kosovatimes.info\/#website"},"primaryImageOfPage":{"@id":"https:\/\/kosovatimes.info\/index.php\/2026\/04\/27\/merz-thote-se-rruga-e-ukraines-drejt-be-se-eshte-celesi-per-ti-dhene-fund-luftes-me-rusine\/#primaryimage"},"image":{"@id":"https:\/\/kosovatimes.info\/index.php\/2026\/04\/27\/merz-thote-se-rruga-e-ukraines-drejt-be-se-eshte-celesi-per-ti-dhene-fund-luftes-me-rusine\/#primaryimage"},"thumbnailUrl":"https:\/\/kosovatimes.info\/wp-content\/uploads\/2026\/04\/Mer.webp","datePublished":"2026-04-27T20:42:18+00:00","dateModified":"2026-04-27T20:42:21+00:00","author":{"@id":"https:\/\/kosovatimes.info\/#\/schema\/person\/7586712b9c512fe68085de007378c915"},"breadcrumb":{"@id":"https:\/\/kosovatimes.info\/index.php\/2026\/04\/27\/merz-thote-se-rruga-e-ukraines-drejt-be-se-eshte-celesi-per-ti-dhene-fund-luftes-me-rusine\/#breadcrumb"},"inLanguage":"en-US","potentialAction":[{"@type":"ReadAction","target":["https:\/\/kosovatimes.info\/index.php\/2026\/04\/27\/merz-thote-se-rruga-e-ukraines-drejt-be-se-eshte-celesi-per-ti-dhene-fund-luftes-me-rusine\/"]}]},{"@type":"ImageObject","inLanguage":"en-US","@id":"https:\/\/kosovatimes.info\/index.php\/2026\/04\/27\/merz-thote-se-rruga-e-ukraines-drejt-be-se-eshte-celesi-per-ti-dhene-fund-luftes-me-rusine\/#primaryimage","url":"https:\/\/kosovatimes.info\/wp-content\/uploads\/2026\/04\/Mer.webp","contentUrl":"https:\/\/kosovatimes.info\/wp-content\/uploads\/2026\/04\/Mer.webp","width":2560,"height":1678},{"@type":"BreadcrumbList","@id":"https:\/\/kosovatimes.info\/index.php\/2026\/04\/27\/merz-thote-se-rruga-e-ukraines-drejt-be-se-eshte-celesi-per-ti-dhene-fund-luftes-me-rusine\/#breadcrumb","itemListElement":[{"@type":"ListItem","position":1,"name":"Home","item":"https:\/\/kosovatimes.info\/"},{"@type":"ListItem","position":2,"name":"Merz thot\u00eb se rruga e Ukrain\u00ebs drejt BE-s\u00eb \u00ebsht\u00eb \u00e7el\u00ebsi p\u00ebr t&#8217;i dh\u00ebn\u00eb fund luft\u00ebs me Rusin\u00eb"}]},{"@type":"WebSite","@id":"https:\/\/kosovatimes.info\/#website","url":"https:\/\/kosovatimes.info\/","name":"Kosova Times","description":"","potentialAction":[{"@type":"SearchAction","target":{"@type":"EntryPoint","urlTemplate":"https:\/\/kosovatimes.info\/?s={search_term_string}"},"query-input":{"@type":"PropertyValueSpecification","valueRequired":true,"valueName":"search_term_string"}}],"inLanguage":"en-US"},{"@type":"Person","@id":"https:\/\/kosovatimes.info\/#\/schema\/person\/7586712b9c512fe68085de007378c915","name":"i l","image":{"@type":"ImageObject","inLanguage":"en-US","@id":"https:\/\/secure.gravatar.com\/avatar\/bad9296e02816160ae2e2435beda58222022298d5625d49fea74d18816fbb31d?s=96&d=mm&r=g","url":"https:\/\/secure.gravatar.com\/avatar\/bad9296e02816160ae2e2435beda58222022298d5625d49fea74d18816fbb31d?s=96&d=mm&r=g","contentUrl":"https:\/\/secure.gravatar.com\/avatar\/bad9296e02816160ae2e2435beda58222022298d5625d49fea74d18816fbb31d?s=96&d=mm&r=g","caption":"i l"},"url":"https:\/\/kosovatimes.info\/index.php\/author\/iliri\/"}]}},"_links":{"self":[{"href":"https:\/\/kosovatimes.info\/index.php\/wp-json\/wp\/v2\/posts\/12170","targetHints":{"allow":["GET"]}}],"collection":[{"href":"https:\/\/kosovatimes.info\/index.php\/wp-json\/wp\/v2\/posts"}],"about":[{"href":"https:\/\/kosovatimes.info\/index.php\/wp-json\/wp\/v2\/types\/post"}],"author":[{"embeddable":true,"href":"https:\/\/kosovatimes.info\/index.php\/wp-json\/wp\/v2\/users\/4"}],"replies":[{"embeddable":true,"href":"https:\/\/kosovatimes.info\/index.php\/wp-json\/wp\/v2\/comments?post=12170"}],"version-history":[{"count":1,"href":"https:\/\/kosovatimes.info\/index.php\/wp-json\/wp\/v2\/posts\/12170\/revisions"}],"predecessor-version":[{"id":12172,"href":"https:\/\/kosovatimes.info\/index.php\/wp-json\/wp\/v2\/posts\/12170\/revisions\/12172"}],"wp:featuredmedia":[{"embeddable":true,"href":"https:\/\/kosovatimes.info\/index.php\/wp-json\/wp\/v2\/media\/12171"}],"wp:attachment":[{"href":"https:\/\/kosovatimes.info\/index.php\/wp-json\/wp\/v2\/media?parent=12170"}],"wp:term":[{"taxonomy":"category","embeddable":true,"href":"https:\/\/kosovatimes.info\/index.php\/wp-json\/wp\/v2\/categories?post=12170"},{"taxonomy":"post_tag","embeddable":true,"href":"https:\/\/kosovatimes.info\/index.php\/wp-json\/wp\/v2\/tags?post=12170"}],"curies":[{"name":"wp","href":"https:\/\/api.w.org\/{rel}","templated":true}]}}