{"id":12183,"date":"2026-04-28T17:25:18","date_gmt":"2026-04-28T15:25:18","guid":{"rendered":"https:\/\/kosovatimes.info\/?p=12183"},"modified":"2026-04-28T17:25:21","modified_gmt":"2026-04-28T15:25:21","slug":"ugsh-ne-veprimtarine-e-pare-ekspresione-kulturore-italo-shqiptare-ne-bashkepunim-me-verbum-mundi","status":"publish","type":"post","link":"https:\/\/kosovatimes.info\/index.php\/2026\/04\/28\/ugsh-ne-veprimtarine-e-pare-ekspresione-kulturore-italo-shqiptare-ne-bashkepunim-me-verbum-mundi\/","title":{"rendered":"UGSh ne veprimtarine e pare \u201c Ekspresione kulturore italo-shqiptare\u201d, ne bashkepunim me &#8220;Verbum Mundi&#8221;"},"content":{"rendered":"\n<p>-Tirana hap \u201cVerbum Mundi\u201d: dialog nd\u00ebrkomb\u00ebtar mes kultur\u00ebs, gazetaris\u00eb dhe angazhimit shoq\u00ebror<\/p>\n\n\n\n<p>Tirana \u2013 N\u00eb kryeqytetin shqiptar u zhvillua eventi inaugurues i projektit nd\u00ebrkomb\u00ebtar \u201cVerbum Mundi\u201d, i promovuar nga VerbumlandiArt APS dhe i realizuar n\u00eb bashk\u00ebpunim me Unionin e Gazetareve Shqiptare.<\/p>\n\n\n\n<p>Nj\u00eb aktivitet i nivelit t\u00eb lart\u00eb q\u00eb mblodhi p\u00ebrfaq\u00ebsues italian\u00eb dhe shqiptar\u00eb n\u00eb em\u00ebr t\u00eb dialogut nd\u00ebrkulturor dhe bashk\u00ebpunimit mes popujve.<\/p>\n\n\n\n<p>Hapja zyrtare e nism\u00ebs u sh\u00ebnua nga Regina Resta dhe Aleksand\u00ebr \u00c7ipa, protagonist\u00eb t\u00eb nj\u00eb takimi q\u00eb hodhi themelet e nj\u00eb rrjeti kulturor nd\u00ebrkomb\u00ebtar t\u00eb orientuar drejt vler\u00ebsimit t\u00eb ekselencave n\u00eb fushat e let\u00ebrsis\u00eb, artit, gazetaris\u00eb dhe angazhimit shoq\u00ebror.<\/p>\n\n\n\n<p>Projekti \u201cVerbum Mundi\u201d u prezantua si nj\u00eb hap\u00ebsir\u00eb autoritative p\u00ebr dialog dhe bashk\u00ebpunim, i bazuar mbi vlera t\u00eb p\u00ebrbashk\u00ebta si paqja, drejt\u00ebsia, dinjiteti njer\u00ebzor dhe p\u00ebrgjegj\u00ebsia kulturore.<\/p>\n\n\n\n<p>Tema q\u00eb, n\u00eb kontekstin global aktual, u theksuan vazhdimisht gjat\u00eb nd\u00ebrhyrjeve, duke n\u00ebnvizuar nevoj\u00ebn p\u00ebr krijimin e hap\u00ebsirave t\u00eb dialogut t\u00eb v\u00ebrtet\u00eb dhe t\u00eb q\u00ebndruesh\u00ebm.<\/p>\n\n\n\n<p>Nj\u00eb nga momentet kryesore t\u00eb dit\u00ebs ishte ceremonia e ndarjes s\u00eb \u00e7mimeve p\u00ebr personalitete q\u00eb jan\u00eb dalluar n\u00eb fushat p\u00ebrkat\u00ebse.<\/p>\n\n\n\n<p>Mes t\u00eb vler\u00ebsuarve ishin shkrimtare, studiues, publiciste, perkthyes si Xhevahir Spahiu, Virion Graci, Behar Gjoka, Namik Dokle, Viola Isufaj, Engjell Seriani, Erion Kristo, Flutura Acka, Mujo Bucpapaj, Aleksander \u00c7ipa dhe Artur Nura, te cilet u vleresuan nga VerbumlandArt me cmime te ndryshme si dhe me \u00c7mimin e Ve\u00e7ant\u00eb t\u00eb Ekselenc\u00ebs p\u00ebr disa sfera dhe Gazetarin\u00eb, duke d\u00ebshmuar v\u00ebmendjen e projektit ndaj vler\u00ebs s\u00eb informacionit nd\u00ebrkomb\u00ebtar dhe dialogut mes sistemeve t\u00eb ndryshme mediatike.<\/p>\n\n\n\n<p>\u201cVerbum Mundi p\u00ebrfaq\u00ebson nj\u00eb vizion t\u00eb gjer\u00eb dhe konkret: krijimin e lidhjeve reale mes kulturave t\u00eb ndryshme, duke vler\u00ebsuar merit\u00ebn dhe duke promovuar nj\u00eb kultur\u00eb t\u00eb p\u00ebrgjegj\u00ebsis\u00eb dhe dialogut\u201d \u2013 deklaroi Regina Resta gjat\u00eb aktivitetit, duke theksuar se Tirana \u00ebsht\u00eb vet\u00ebm hapi i par\u00eb i nj\u00eb rruge nd\u00ebrkomb\u00ebtare q\u00eb do t\u00eb p\u00ebrfshij\u00eb vende t\u00eb tjera evropiane dhe jasht\u00eb Evrop\u00ebs.<\/p>\n\n\n\n<p>Projekti parashikon nj\u00eb seri ndalesash dhe itinerare, me aktivitete t\u00eb nivelit t\u00eb lart\u00eb kulturor dhe institucional, t\u00eb konceptuara si momente takimi mes institucioneve, intelektual\u00ebve dhe operator\u00ebve kulturor\u00eb, me q\u00ebllimin p\u00ebr t\u00eb nd\u00ebrtuar nj\u00eb komunitet nd\u00ebrkomb\u00ebtar t\u00eb bazuar mbi ndarjen e vlerave dhe bashk\u00ebpunimin mes ekselencave.<\/p>\n\n\n\n<p>Delegacioni italian, i pranish\u00ebm n\u00eb num\u00ebr t\u00eb madh, p\u00ebrfshinte nd\u00ebr t\u00eb tjer\u00eb Mirella Cristina, Francesco Lenoci, Eugenio Bisceglia, Maria Pia Turiello, Vinicio Leonetti, Tommaso Filieri dhe Angela Kosta.<\/p>\n\n\n\n<p>Perkthyeses dhe shkrimtares Kosta me kete rast iu percoll edhe cmimi i UGSH &#8220;Branko Merxhani&#8221; per gazetarine kulturore dhe si nje kontributore e vecante ne kuader te eskpresionit kulturor italo-shqiptar.<\/p>\n\n\n\n<p>Ne kete aktivitet u paraqit edhe vellimi poetik \u201c Dua t\u00eb mbes fjal\u00eb\u201d i poetes italiane Regina Resta, p\u00ebrkthyer prej Angela Kosta, per te cilin foli studiuesi Behar Gjoka dhe A. \u00c7ipa.<\/p>\n\n\n\n<p>Me k\u00ebt\u00eb aktivitet t\u00eb par\u00eb, i cili u moderua nga gazetarja, poetja dhe moderatorja e njohur televizive nga Prishtina, zonja Alketa Gashi Fazliu, \u201cVerbum Mundi\u201d synon t\u00eb b\u00ebhet nj\u00eb pik\u00eb referimi n\u00eb panoram\u00ebn kulturore nd\u00ebrkomb\u00ebtare, duke forcuar rolin e VerbumlandiArt APS si nj\u00eb realitet dinamik dhe aktiv n\u00eb promovimin e dialogut mes kulturave.<\/p>\n\n\n\n<p>Zyra Informuese<\/p>\n\n\n\n<p>Unioni i Gazetareve Shqiptare<\/p>\n","protected":false},"excerpt":{"rendered":"<p>-Tirana hap \u201cVerbum Mundi\u201d: dialog nd\u00ebrkomb\u00ebtar mes kultur\u00ebs, gazetaris\u00eb dhe angazhimit shoq\u00ebror Tirana \u2013 N\u00eb kryeqytetin shqiptar u zhvillua eventi inaugurues i projektit nd\u00ebrkomb\u00ebtar \u201cVerbum Mundi\u201d, i promovuar nga VerbumlandiArt APS dhe i realizuar n\u00eb bashk\u00ebpunim me Unionin e Gazetareve Shqiptare. Nj\u00eb aktivitet i nivelit t\u00eb lart\u00eb q\u00eb mblodhi p\u00ebrfaq\u00ebsues italian\u00eb dhe shqiptar\u00eb n\u00eb em\u00ebr [&hellip;]<\/p>\n","protected":false},"author":4,"featured_media":7775,"comment_status":"open","ping_status":"open","sticky":false,"template":"","format":"standard","meta":{"footnotes":""},"categories":[31,30],"tags":[],"class_list":{"0":"post-12183","1":"post","2":"type-post","3":"status-publish","4":"format-standard","5":"has-post-thumbnail","7":"category-kosove","8":"category-lajme"},"yoast_head":"<!-- This site is optimized with the Yoast SEO plugin v27.4 - https:\/\/yoast.com\/product\/yoast-seo-wordpress\/ -->\n<title>UGSh ne veprimtarine e pare \u201c Ekspresione kulturore italo-shqiptare\u201d, ne bashkepunim me &quot;Verbum Mundi&quot; - Kosova Times<\/title>\n<meta name=\"robots\" content=\"index, follow, max-snippet:-1, max-image-preview:large, max-video-preview:-1\" \/>\n<link rel=\"canonical\" href=\"https:\/\/kosovatimes.info\/index.php\/2026\/04\/28\/ugsh-ne-veprimtarine-e-pare-ekspresione-kulturore-italo-shqiptare-ne-bashkepunim-me-verbum-mundi\/\" \/>\n<meta property=\"og:locale\" content=\"en_US\" \/>\n<meta property=\"og:type\" content=\"article\" \/>\n<meta property=\"og:title\" content=\"UGSh ne veprimtarine e pare \u201c Ekspresione kulturore italo-shqiptare\u201d, ne bashkepunim me &quot;Verbum Mundi&quot; - Kosova Times\" \/>\n<meta property=\"og:description\" content=\"-Tirana hap \u201cVerbum Mundi\u201d: dialog nd\u00ebrkomb\u00ebtar mes kultur\u00ebs, gazetaris\u00eb dhe angazhimit shoq\u00ebror Tirana \u2013 N\u00eb kryeqytetin shqiptar u zhvillua eventi inaugurues i projektit nd\u00ebrkomb\u00ebtar \u201cVerbum Mundi\u201d, i promovuar nga VerbumlandiArt APS dhe i realizuar n\u00eb bashk\u00ebpunim me Unionin e Gazetareve Shqiptare. Nj\u00eb aktivitet i nivelit t\u00eb lart\u00eb q\u00eb mblodhi p\u00ebrfaq\u00ebsues italian\u00eb dhe shqiptar\u00eb n\u00eb em\u00ebr [&hellip;]\" \/>\n<meta property=\"og:url\" content=\"https:\/\/kosovatimes.info\/index.php\/2026\/04\/28\/ugsh-ne-veprimtarine-e-pare-ekspresione-kulturore-italo-shqiptare-ne-bashkepunim-me-verbum-mundi\/\" \/>\n<meta property=\"og:site_name\" content=\"Kosova Times\" \/>\n<meta property=\"article:published_time\" content=\"2026-04-28T15:25:18+00:00\" \/>\n<meta property=\"article:modified_time\" content=\"2026-04-28T15:25:21+00:00\" \/>\n<meta property=\"og:image\" content=\"https:\/\/kosovatimes.info\/wp-content\/uploads\/2026\/04\/UGSh.jpeg\" \/>\n\t<meta property=\"og:image:width\" content=\"173\" \/>\n\t<meta property=\"og:image:height\" content=\"163\" \/>\n\t<meta property=\"og:image:type\" content=\"image\/jpeg\" \/>\n<meta name=\"author\" content=\"i l\" \/>\n<meta name=\"twitter:card\" content=\"summary_large_image\" \/>\n<meta name=\"twitter:label1\" content=\"Written by\" \/>\n\t<meta name=\"twitter:data1\" content=\"i l\" \/>\n\t<meta name=\"twitter:label2\" content=\"Est. reading time\" \/>\n\t<meta name=\"twitter:data2\" content=\"3 minutes\" \/>\n<script type=\"application\/ld+json\" class=\"yoast-schema-graph\">{\"@context\":\"https:\\\/\\\/schema.org\",\"@graph\":[{\"@type\":\"Article\",\"@id\":\"https:\\\/\\\/kosovatimes.info\\\/index.php\\\/2026\\\/04\\\/28\\\/ugsh-ne-veprimtarine-e-pare-ekspresione-kulturore-italo-shqiptare-ne-bashkepunim-me-verbum-mundi\\\/#article\",\"isPartOf\":{\"@id\":\"https:\\\/\\\/kosovatimes.info\\\/index.php\\\/2026\\\/04\\\/28\\\/ugsh-ne-veprimtarine-e-pare-ekspresione-kulturore-italo-shqiptare-ne-bashkepunim-me-verbum-mundi\\\/\"},\"author\":{\"name\":\"i l\",\"@id\":\"https:\\\/\\\/kosovatimes.info\\\/#\\\/schema\\\/person\\\/7586712b9c512fe68085de007378c915\"},\"headline\":\"UGSh ne veprimtarine e pare \u201c Ekspresione kulturore italo-shqiptare\u201d, ne bashkepunim me &#8220;Verbum Mundi&#8221;\",\"datePublished\":\"2026-04-28T15:25:18+00:00\",\"dateModified\":\"2026-04-28T15:25:21+00:00\",\"mainEntityOfPage\":{\"@id\":\"https:\\\/\\\/kosovatimes.info\\\/index.php\\\/2026\\\/04\\\/28\\\/ugsh-ne-veprimtarine-e-pare-ekspresione-kulturore-italo-shqiptare-ne-bashkepunim-me-verbum-mundi\\\/\"},\"wordCount\":587,\"commentCount\":0,\"image\":{\"@id\":\"https:\\\/\\\/kosovatimes.info\\\/index.php\\\/2026\\\/04\\\/28\\\/ugsh-ne-veprimtarine-e-pare-ekspresione-kulturore-italo-shqiptare-ne-bashkepunim-me-verbum-mundi\\\/#primaryimage\"},\"thumbnailUrl\":\"https:\\\/\\\/kosovatimes.info\\\/wp-content\\\/uploads\\\/2026\\\/04\\\/UGSh.jpeg\",\"articleSection\":[\"Kosov\u00eb\",\"Lajme\"],\"inLanguage\":\"en-US\",\"potentialAction\":[{\"@type\":\"CommentAction\",\"name\":\"Comment\",\"target\":[\"https:\\\/\\\/kosovatimes.info\\\/index.php\\\/2026\\\/04\\\/28\\\/ugsh-ne-veprimtarine-e-pare-ekspresione-kulturore-italo-shqiptare-ne-bashkepunim-me-verbum-mundi\\\/#respond\"]}]},{\"@type\":\"WebPage\",\"@id\":\"https:\\\/\\\/kosovatimes.info\\\/index.php\\\/2026\\\/04\\\/28\\\/ugsh-ne-veprimtarine-e-pare-ekspresione-kulturore-italo-shqiptare-ne-bashkepunim-me-verbum-mundi\\\/\",\"url\":\"https:\\\/\\\/kosovatimes.info\\\/index.php\\\/2026\\\/04\\\/28\\\/ugsh-ne-veprimtarine-e-pare-ekspresione-kulturore-italo-shqiptare-ne-bashkepunim-me-verbum-mundi\\\/\",\"name\":\"UGSh ne veprimtarine e pare \u201c Ekspresione kulturore italo-shqiptare\u201d, ne bashkepunim me \\\"Verbum Mundi\\\" - Kosova Times\",\"isPartOf\":{\"@id\":\"https:\\\/\\\/kosovatimes.info\\\/#website\"},\"primaryImageOfPage\":{\"@id\":\"https:\\\/\\\/kosovatimes.info\\\/index.php\\\/2026\\\/04\\\/28\\\/ugsh-ne-veprimtarine-e-pare-ekspresione-kulturore-italo-shqiptare-ne-bashkepunim-me-verbum-mundi\\\/#primaryimage\"},\"image\":{\"@id\":\"https:\\\/\\\/kosovatimes.info\\\/index.php\\\/2026\\\/04\\\/28\\\/ugsh-ne-veprimtarine-e-pare-ekspresione-kulturore-italo-shqiptare-ne-bashkepunim-me-verbum-mundi\\\/#primaryimage\"},\"thumbnailUrl\":\"https:\\\/\\\/kosovatimes.info\\\/wp-content\\\/uploads\\\/2026\\\/04\\\/UGSh.jpeg\",\"datePublished\":\"2026-04-28T15:25:18+00:00\",\"dateModified\":\"2026-04-28T15:25:21+00:00\",\"author\":{\"@id\":\"https:\\\/\\\/kosovatimes.info\\\/#\\\/schema\\\/person\\\/7586712b9c512fe68085de007378c915\"},\"breadcrumb\":{\"@id\":\"https:\\\/\\\/kosovatimes.info\\\/index.php\\\/2026\\\/04\\\/28\\\/ugsh-ne-veprimtarine-e-pare-ekspresione-kulturore-italo-shqiptare-ne-bashkepunim-me-verbum-mundi\\\/#breadcrumb\"},\"inLanguage\":\"en-US\",\"potentialAction\":[{\"@type\":\"ReadAction\",\"target\":[\"https:\\\/\\\/kosovatimes.info\\\/index.php\\\/2026\\\/04\\\/28\\\/ugsh-ne-veprimtarine-e-pare-ekspresione-kulturore-italo-shqiptare-ne-bashkepunim-me-verbum-mundi\\\/\"]}]},{\"@type\":\"ImageObject\",\"inLanguage\":\"en-US\",\"@id\":\"https:\\\/\\\/kosovatimes.info\\\/index.php\\\/2026\\\/04\\\/28\\\/ugsh-ne-veprimtarine-e-pare-ekspresione-kulturore-italo-shqiptare-ne-bashkepunim-me-verbum-mundi\\\/#primaryimage\",\"url\":\"https:\\\/\\\/kosovatimes.info\\\/wp-content\\\/uploads\\\/2026\\\/04\\\/UGSh.jpeg\",\"contentUrl\":\"https:\\\/\\\/kosovatimes.info\\\/wp-content\\\/uploads\\\/2026\\\/04\\\/UGSh.jpeg\",\"width\":173,\"height\":163},{\"@type\":\"BreadcrumbList\",\"@id\":\"https:\\\/\\\/kosovatimes.info\\\/index.php\\\/2026\\\/04\\\/28\\\/ugsh-ne-veprimtarine-e-pare-ekspresione-kulturore-italo-shqiptare-ne-bashkepunim-me-verbum-mundi\\\/#breadcrumb\",\"itemListElement\":[{\"@type\":\"ListItem\",\"position\":1,\"name\":\"Home\",\"item\":\"https:\\\/\\\/kosovatimes.info\\\/\"},{\"@type\":\"ListItem\",\"position\":2,\"name\":\"UGSh ne veprimtarine e pare \u201c Ekspresione kulturore italo-shqiptare\u201d, ne bashkepunim me &#8220;Verbum Mundi&#8221;\"}]},{\"@type\":\"WebSite\",\"@id\":\"https:\\\/\\\/kosovatimes.info\\\/#website\",\"url\":\"https:\\\/\\\/kosovatimes.info\\\/\",\"name\":\"Kosova Times\",\"description\":\"\",\"potentialAction\":[{\"@type\":\"SearchAction\",\"target\":{\"@type\":\"EntryPoint\",\"urlTemplate\":\"https:\\\/\\\/kosovatimes.info\\\/?s={search_term_string}\"},\"query-input\":{\"@type\":\"PropertyValueSpecification\",\"valueRequired\":true,\"valueName\":\"search_term_string\"}}],\"inLanguage\":\"en-US\"},{\"@type\":\"Person\",\"@id\":\"https:\\\/\\\/kosovatimes.info\\\/#\\\/schema\\\/person\\\/7586712b9c512fe68085de007378c915\",\"name\":\"i l\",\"image\":{\"@type\":\"ImageObject\",\"inLanguage\":\"en-US\",\"@id\":\"https:\\\/\\\/secure.gravatar.com\\\/avatar\\\/bad9296e02816160ae2e2435beda58222022298d5625d49fea74d18816fbb31d?s=96&d=mm&r=g\",\"url\":\"https:\\\/\\\/secure.gravatar.com\\\/avatar\\\/bad9296e02816160ae2e2435beda58222022298d5625d49fea74d18816fbb31d?s=96&d=mm&r=g\",\"contentUrl\":\"https:\\\/\\\/secure.gravatar.com\\\/avatar\\\/bad9296e02816160ae2e2435beda58222022298d5625d49fea74d18816fbb31d?s=96&d=mm&r=g\",\"caption\":\"i l\"},\"url\":\"https:\\\/\\\/kosovatimes.info\\\/index.php\\\/author\\\/iliri\\\/\"}]}<\/script>\n<!-- \/ Yoast SEO plugin. -->","yoast_head_json":{"title":"UGSh ne veprimtarine e pare \u201c Ekspresione kulturore italo-shqiptare\u201d, ne bashkepunim me \"Verbum Mundi\" - Kosova Times","robots":{"index":"index","follow":"follow","max-snippet":"max-snippet:-1","max-image-preview":"max-image-preview:large","max-video-preview":"max-video-preview:-1"},"canonical":"https:\/\/kosovatimes.info\/index.php\/2026\/04\/28\/ugsh-ne-veprimtarine-e-pare-ekspresione-kulturore-italo-shqiptare-ne-bashkepunim-me-verbum-mundi\/","og_locale":"en_US","og_type":"article","og_title":"UGSh ne veprimtarine e pare \u201c Ekspresione kulturore italo-shqiptare\u201d, ne bashkepunim me \"Verbum Mundi\" - Kosova Times","og_description":"-Tirana hap \u201cVerbum Mundi\u201d: dialog nd\u00ebrkomb\u00ebtar mes kultur\u00ebs, gazetaris\u00eb dhe angazhimit shoq\u00ebror Tirana \u2013 N\u00eb kryeqytetin shqiptar u zhvillua eventi inaugurues i projektit nd\u00ebrkomb\u00ebtar \u201cVerbum Mundi\u201d, i promovuar nga VerbumlandiArt APS dhe i realizuar n\u00eb bashk\u00ebpunim me Unionin e Gazetareve Shqiptare. Nj\u00eb aktivitet i nivelit t\u00eb lart\u00eb q\u00eb mblodhi p\u00ebrfaq\u00ebsues italian\u00eb dhe shqiptar\u00eb n\u00eb em\u00ebr [&hellip;]","og_url":"https:\/\/kosovatimes.info\/index.php\/2026\/04\/28\/ugsh-ne-veprimtarine-e-pare-ekspresione-kulturore-italo-shqiptare-ne-bashkepunim-me-verbum-mundi\/","og_site_name":"Kosova Times","article_published_time":"2026-04-28T15:25:18+00:00","article_modified_time":"2026-04-28T15:25:21+00:00","og_image":[{"width":173,"height":163,"url":"https:\/\/kosovatimes.info\/wp-content\/uploads\/2026\/04\/UGSh.jpeg","type":"image\/jpeg"}],"author":"i l","twitter_card":"summary_large_image","twitter_misc":{"Written by":"i l","Est. reading time":"3 minutes"},"schema":{"@context":"https:\/\/schema.org","@graph":[{"@type":"Article","@id":"https:\/\/kosovatimes.info\/index.php\/2026\/04\/28\/ugsh-ne-veprimtarine-e-pare-ekspresione-kulturore-italo-shqiptare-ne-bashkepunim-me-verbum-mundi\/#article","isPartOf":{"@id":"https:\/\/kosovatimes.info\/index.php\/2026\/04\/28\/ugsh-ne-veprimtarine-e-pare-ekspresione-kulturore-italo-shqiptare-ne-bashkepunim-me-verbum-mundi\/"},"author":{"name":"i l","@id":"https:\/\/kosovatimes.info\/#\/schema\/person\/7586712b9c512fe68085de007378c915"},"headline":"UGSh ne veprimtarine e pare \u201c Ekspresione kulturore italo-shqiptare\u201d, ne bashkepunim me &#8220;Verbum Mundi&#8221;","datePublished":"2026-04-28T15:25:18+00:00","dateModified":"2026-04-28T15:25:21+00:00","mainEntityOfPage":{"@id":"https:\/\/kosovatimes.info\/index.php\/2026\/04\/28\/ugsh-ne-veprimtarine-e-pare-ekspresione-kulturore-italo-shqiptare-ne-bashkepunim-me-verbum-mundi\/"},"wordCount":587,"commentCount":0,"image":{"@id":"https:\/\/kosovatimes.info\/index.php\/2026\/04\/28\/ugsh-ne-veprimtarine-e-pare-ekspresione-kulturore-italo-shqiptare-ne-bashkepunim-me-verbum-mundi\/#primaryimage"},"thumbnailUrl":"https:\/\/kosovatimes.info\/wp-content\/uploads\/2026\/04\/UGSh.jpeg","articleSection":["Kosov\u00eb","Lajme"],"inLanguage":"en-US","potentialAction":[{"@type":"CommentAction","name":"Comment","target":["https:\/\/kosovatimes.info\/index.php\/2026\/04\/28\/ugsh-ne-veprimtarine-e-pare-ekspresione-kulturore-italo-shqiptare-ne-bashkepunim-me-verbum-mundi\/#respond"]}]},{"@type":"WebPage","@id":"https:\/\/kosovatimes.info\/index.php\/2026\/04\/28\/ugsh-ne-veprimtarine-e-pare-ekspresione-kulturore-italo-shqiptare-ne-bashkepunim-me-verbum-mundi\/","url":"https:\/\/kosovatimes.info\/index.php\/2026\/04\/28\/ugsh-ne-veprimtarine-e-pare-ekspresione-kulturore-italo-shqiptare-ne-bashkepunim-me-verbum-mundi\/","name":"UGSh ne veprimtarine e pare \u201c Ekspresione kulturore italo-shqiptare\u201d, ne bashkepunim me \"Verbum Mundi\" - Kosova Times","isPartOf":{"@id":"https:\/\/kosovatimes.info\/#website"},"primaryImageOfPage":{"@id":"https:\/\/kosovatimes.info\/index.php\/2026\/04\/28\/ugsh-ne-veprimtarine-e-pare-ekspresione-kulturore-italo-shqiptare-ne-bashkepunim-me-verbum-mundi\/#primaryimage"},"image":{"@id":"https:\/\/kosovatimes.info\/index.php\/2026\/04\/28\/ugsh-ne-veprimtarine-e-pare-ekspresione-kulturore-italo-shqiptare-ne-bashkepunim-me-verbum-mundi\/#primaryimage"},"thumbnailUrl":"https:\/\/kosovatimes.info\/wp-content\/uploads\/2026\/04\/UGSh.jpeg","datePublished":"2026-04-28T15:25:18+00:00","dateModified":"2026-04-28T15:25:21+00:00","author":{"@id":"https:\/\/kosovatimes.info\/#\/schema\/person\/7586712b9c512fe68085de007378c915"},"breadcrumb":{"@id":"https:\/\/kosovatimes.info\/index.php\/2026\/04\/28\/ugsh-ne-veprimtarine-e-pare-ekspresione-kulturore-italo-shqiptare-ne-bashkepunim-me-verbum-mundi\/#breadcrumb"},"inLanguage":"en-US","potentialAction":[{"@type":"ReadAction","target":["https:\/\/kosovatimes.info\/index.php\/2026\/04\/28\/ugsh-ne-veprimtarine-e-pare-ekspresione-kulturore-italo-shqiptare-ne-bashkepunim-me-verbum-mundi\/"]}]},{"@type":"ImageObject","inLanguage":"en-US","@id":"https:\/\/kosovatimes.info\/index.php\/2026\/04\/28\/ugsh-ne-veprimtarine-e-pare-ekspresione-kulturore-italo-shqiptare-ne-bashkepunim-me-verbum-mundi\/#primaryimage","url":"https:\/\/kosovatimes.info\/wp-content\/uploads\/2026\/04\/UGSh.jpeg","contentUrl":"https:\/\/kosovatimes.info\/wp-content\/uploads\/2026\/04\/UGSh.jpeg","width":173,"height":163},{"@type":"BreadcrumbList","@id":"https:\/\/kosovatimes.info\/index.php\/2026\/04\/28\/ugsh-ne-veprimtarine-e-pare-ekspresione-kulturore-italo-shqiptare-ne-bashkepunim-me-verbum-mundi\/#breadcrumb","itemListElement":[{"@type":"ListItem","position":1,"name":"Home","item":"https:\/\/kosovatimes.info\/"},{"@type":"ListItem","position":2,"name":"UGSh ne veprimtarine e pare \u201c Ekspresione kulturore italo-shqiptare\u201d, ne bashkepunim me &#8220;Verbum Mundi&#8221;"}]},{"@type":"WebSite","@id":"https:\/\/kosovatimes.info\/#website","url":"https:\/\/kosovatimes.info\/","name":"Kosova Times","description":"","potentialAction":[{"@type":"SearchAction","target":{"@type":"EntryPoint","urlTemplate":"https:\/\/kosovatimes.info\/?s={search_term_string}"},"query-input":{"@type":"PropertyValueSpecification","valueRequired":true,"valueName":"search_term_string"}}],"inLanguage":"en-US"},{"@type":"Person","@id":"https:\/\/kosovatimes.info\/#\/schema\/person\/7586712b9c512fe68085de007378c915","name":"i l","image":{"@type":"ImageObject","inLanguage":"en-US","@id":"https:\/\/secure.gravatar.com\/avatar\/bad9296e02816160ae2e2435beda58222022298d5625d49fea74d18816fbb31d?s=96&d=mm&r=g","url":"https:\/\/secure.gravatar.com\/avatar\/bad9296e02816160ae2e2435beda58222022298d5625d49fea74d18816fbb31d?s=96&d=mm&r=g","contentUrl":"https:\/\/secure.gravatar.com\/avatar\/bad9296e02816160ae2e2435beda58222022298d5625d49fea74d18816fbb31d?s=96&d=mm&r=g","caption":"i l"},"url":"https:\/\/kosovatimes.info\/index.php\/author\/iliri\/"}]}},"_links":{"self":[{"href":"https:\/\/kosovatimes.info\/index.php\/wp-json\/wp\/v2\/posts\/12183","targetHints":{"allow":["GET"]}}],"collection":[{"href":"https:\/\/kosovatimes.info\/index.php\/wp-json\/wp\/v2\/posts"}],"about":[{"href":"https:\/\/kosovatimes.info\/index.php\/wp-json\/wp\/v2\/types\/post"}],"author":[{"embeddable":true,"href":"https:\/\/kosovatimes.info\/index.php\/wp-json\/wp\/v2\/users\/4"}],"replies":[{"embeddable":true,"href":"https:\/\/kosovatimes.info\/index.php\/wp-json\/wp\/v2\/comments?post=12183"}],"version-history":[{"count":1,"href":"https:\/\/kosovatimes.info\/index.php\/wp-json\/wp\/v2\/posts\/12183\/revisions"}],"predecessor-version":[{"id":12184,"href":"https:\/\/kosovatimes.info\/index.php\/wp-json\/wp\/v2\/posts\/12183\/revisions\/12184"}],"wp:featuredmedia":[{"embeddable":true,"href":"https:\/\/kosovatimes.info\/index.php\/wp-json\/wp\/v2\/media\/7775"}],"wp:attachment":[{"href":"https:\/\/kosovatimes.info\/index.php\/wp-json\/wp\/v2\/media?parent=12183"}],"wp:term":[{"taxonomy":"category","embeddable":true,"href":"https:\/\/kosovatimes.info\/index.php\/wp-json\/wp\/v2\/categories?post=12183"},{"taxonomy":"post_tag","embeddable":true,"href":"https:\/\/kosovatimes.info\/index.php\/wp-json\/wp\/v2\/tags?post=12183"}],"curies":[{"name":"wp","href":"https:\/\/api.w.org\/{rel}","templated":true}]}}