{"id":12185,"date":"2026-04-28T17:19:00","date_gmt":"2026-04-28T15:19:00","guid":{"rendered":"https:\/\/kosovatimes.info\/?p=12185"},"modified":"2026-04-28T17:29:35","modified_gmt":"2026-04-28T15:29:35","slug":"kurti-per-15-nenshkrimet-e-ldk-se-i-gatshem-te-kerkoj-terheqjen-e-hoxhes","status":"publish","type":"post","link":"https:\/\/kosovatimes.info\/index.php\/2026\/04\/28\/kurti-per-15-nenshkrimet-e-ldk-se-i-gatshem-te-kerkoj-terheqjen-e-hoxhes\/","title":{"rendered":"Kurti p\u00ebr 15 n\u00ebnshkrimet e LDK-s\u00eb: I gatsh\u00ebm t\u00eb k\u00ebrkoj t\u00ebrheqjen e Hoxh\u00ebs"},"content":{"rendered":"\n<p><strong>Pas publikimit t\u00eb 15 n\u00ebnshkrimeve t\u00eb LDK-s\u00eb p\u00ebr presidentin, kryetari i LVV-s\u00eb, Albin Kurti ka th\u00ebn\u00eb se jan\u00eb n\u00eb gatishm\u00ebri t\u00eb t\u00ebrheqin Hatixhe Hoxh\u00ebn si kandidate p\u00ebr presidente, n\u00eb rast se LDK sjell\u00eb propozime tjera p\u00ebr president.<\/strong><\/p>\n\n\n\n<p>Ai ka k\u00ebrkuar nga LDK q\u00eb ta mbledh kryesin\u00eb, t\u00eb vendos\u00eb p\u00ebr emrin q\u00eb do t\u00eb propozohet nga ana e tyre dhe n\u00ebnshkrimet t\u2019i sjellin me dat\u00eb t\u00eb sotme, duke th\u00ebn\u00eb se do t\u00eb p\u00ebrkrah bashk\u00ebpunimin n\u00eb k\u00ebt\u00eb form\u00eb.<\/p>\n\n\n\n<p>\u201cNdon\u00ebse 15 deputet\u00eb mund t\u00eb kualifikohen p\u00ebr gjysm\u00eb kandidati, po me gjysm\u00eb kandidatin n\u00eb Kuvend nuk shkohet. Duhet kandidati i plot\u00eb, ne e b\u00ebjm\u00eb kandidatin e plot\u00eb. Ne jemi t\u00eb gatsh\u00ebm t\u2019ua b\u00ebjm\u00eb kandidatin e plot\u00eb. Le t\u00eb na e sjellin at\u00eb, un\u00eb flas me profesoresh\u00ebn Hatixhe Hoxha q\u00eb t\u00eb t\u00ebrhiqet edhe shkojm\u00eb n\u00eb gar\u00eb. Sonte Kosova b\u00ebhet me president apo presidente t\u00eb re, varet kush fiton. S\u00eb fundmi duhet ta theksojm\u00eb q\u00eb pik\u00ebrisht kjo \u00ebsht\u00eb arsyeja pse un\u00eb kam k\u00ebrkuar q\u00eb edhe PDK edhe LDK t\u2019i sjellin tre kandidat\u00eb sepse bashk\u00eb me neve e kalojm\u00eb sigurt numrin prej 90 n\u00ebnshkrimeve. N\u00eb fakt jemi 103, po ja dikush nuk \u00ebsht\u00eb dakord me dik\u00eb, po mbi 90 jemi sigurt edhe e kemi t\u00eb garantuar zgjedhjen e presidentit t\u00eb ri. Pra ata propozimet, ne mb\u00ebshtetjen e garantuar. Po u refuzua nj\u00eb gj\u00eb e till\u00eb dhe k\u00ebtu jemi\u201d, tha ai.<\/p>\n\n\n\n<p>Kurti duke folur n\u00eb konferenc\u00eb p\u00ebr media tha se nuk \u00ebsht\u00eb i sigurt p\u00ebr cilin kandidat\u00eb p\u00ebr president jan\u00eb 15 n\u00ebnshkrimet e LDK-s\u00eb.<\/p>\n\n\n\n<p>\u201cAjo list\u00eb me 15 veta ve\u00e7se tregonte q\u00eb deputet\u00ebt e grupit parlamentar t\u00eb LDK-s\u00eb jan\u00eb bashk\u00eb. P\u00ebr \u00e7ka jan\u00eb bashk\u00eb nuk e mor\u00ebm vesh, po jan\u00eb bashk\u00eb. N\u00eb nj\u00eb list\u00eb ishin bashk\u00eb. 15 veta edhe me dat\u00ebn 25 prill. Pra 15 veta me 25 prill kan\u00eb qen\u00eb bashk\u00eb. P\u00ebr \u00e7ka kan\u00eb qen\u00eb bashk\u00eb nuk e dim\u00eb. Duhet t\u00eb m\u00eb tregojn\u00eb p\u00ebr \u00e7ka jan\u00eb bashk\u00eb dhe un\u00eb i pranoj edhe ashtu bashk\u00eb\u201d, tha ai.<\/p>\n\n\n\n<p>Kurti n\u00eb konferenc\u00eb i b\u00ebri thirrje kryetarit t\u00eb PDK-s\u00eb, Bedri Hamza, kryetarit t\u00eb LDK-s\u00eb, Lumir Abdixhiku dhe grupeve t\u00eb tjera parlamentare p\u00ebr pjes\u00ebmarrje sonte n\u00eb Kuvend. Ai tha se s\u2019mund t\u00eb thuhet q\u00eb po mbrohet shteti duke bllokuar procese e duke bojkotuar seanc\u00ebn.<\/p>\n","protected":false},"excerpt":{"rendered":"<p>Pas publikimit t\u00eb 15 n\u00ebnshkrimeve t\u00eb LDK-s\u00eb p\u00ebr presidentin, kryetari i LVV-s\u00eb, Albin Kurti ka th\u00ebn\u00eb se jan\u00eb n\u00eb gatishm\u00ebri t\u00eb t\u00ebrheqin Hatixhe Hoxh\u00ebn si kandidate p\u00ebr presidente, n\u00eb rast se LDK sjell\u00eb propozime tjera p\u00ebr president. Ai ka k\u00ebrkuar nga LDK q\u00eb ta mbledh kryesin\u00eb, t\u00eb vendos\u00eb p\u00ebr emrin q\u00eb do t\u00eb propozohet nga [&hellip;]<\/p>\n","protected":false},"author":4,"featured_media":12186,"comment_status":"open","ping_status":"open","sticky":false,"template":"","format":"standard","meta":{"footnotes":""},"categories":[31,30],"tags":[],"class_list":{"0":"post-12185","1":"post","2":"type-post","3":"status-publish","4":"format-standard","5":"has-post-thumbnail","7":"category-kosove","8":"category-lajme"},"yoast_head":"<!-- This site is optimized with the Yoast SEO plugin v27.4 - https:\/\/yoast.com\/product\/yoast-seo-wordpress\/ -->\n<title>Kurti p\u00ebr 15 n\u00ebnshkrimet e LDK-s\u00eb: I gatsh\u00ebm t\u00eb k\u00ebrkoj t\u00ebrheqjen e Hoxh\u00ebs - Kosova Times<\/title>\n<meta name=\"robots\" content=\"index, follow, max-snippet:-1, max-image-preview:large, max-video-preview:-1\" \/>\n<link rel=\"canonical\" href=\"https:\/\/kosovatimes.info\/index.php\/2026\/04\/28\/kurti-per-15-nenshkrimet-e-ldk-se-i-gatshem-te-kerkoj-terheqjen-e-hoxhes\/\" \/>\n<meta property=\"og:locale\" content=\"en_US\" \/>\n<meta property=\"og:type\" content=\"article\" \/>\n<meta property=\"og:title\" content=\"Kurti p\u00ebr 15 n\u00ebnshkrimet e LDK-s\u00eb: I gatsh\u00ebm t\u00eb k\u00ebrkoj t\u00ebrheqjen e Hoxh\u00ebs - Kosova Times\" \/>\n<meta property=\"og:description\" content=\"Pas publikimit t\u00eb 15 n\u00ebnshkrimeve t\u00eb LDK-s\u00eb p\u00ebr presidentin, kryetari i LVV-s\u00eb, Albin Kurti ka th\u00ebn\u00eb se jan\u00eb n\u00eb gatishm\u00ebri t\u00eb t\u00ebrheqin Hatixhe Hoxh\u00ebn si kandidate p\u00ebr presidente, n\u00eb rast se LDK sjell\u00eb propozime tjera p\u00ebr president. Ai ka k\u00ebrkuar nga LDK q\u00eb ta mbledh kryesin\u00eb, t\u00eb vendos\u00eb p\u00ebr emrin q\u00eb do t\u00eb propozohet nga [&hellip;]\" \/>\n<meta property=\"og:url\" content=\"https:\/\/kosovatimes.info\/index.php\/2026\/04\/28\/kurti-per-15-nenshkrimet-e-ldk-se-i-gatshem-te-kerkoj-terheqjen-e-hoxhes\/\" \/>\n<meta property=\"og:site_name\" content=\"Kosova Times\" \/>\n<meta property=\"article:published_time\" content=\"2026-04-28T15:19:00+00:00\" \/>\n<meta property=\"article:modified_time\" content=\"2026-04-28T15:29:35+00:00\" \/>\n<meta property=\"og:image\" content=\"https:\/\/kosovatimes.info\/wp-content\/uploads\/2026\/04\/Kurti-2.png\" \/>\n\t<meta property=\"og:image:width\" content=\"683\" \/>\n\t<meta property=\"og:image:height\" content=\"472\" \/>\n\t<meta property=\"og:image:type\" content=\"image\/png\" \/>\n<meta name=\"author\" content=\"i l\" \/>\n<meta name=\"twitter:card\" content=\"summary_large_image\" \/>\n<meta name=\"twitter:label1\" content=\"Written by\" \/>\n\t<meta name=\"twitter:data1\" content=\"i l\" \/>\n\t<meta name=\"twitter:label2\" content=\"Est. reading time\" \/>\n\t<meta name=\"twitter:data2\" content=\"2 minutes\" \/>\n<script type=\"application\/ld+json\" class=\"yoast-schema-graph\">{\"@context\":\"https:\\\/\\\/schema.org\",\"@graph\":[{\"@type\":\"Article\",\"@id\":\"https:\\\/\\\/kosovatimes.info\\\/index.php\\\/2026\\\/04\\\/28\\\/kurti-per-15-nenshkrimet-e-ldk-se-i-gatshem-te-kerkoj-terheqjen-e-hoxhes\\\/#article\",\"isPartOf\":{\"@id\":\"https:\\\/\\\/kosovatimes.info\\\/index.php\\\/2026\\\/04\\\/28\\\/kurti-per-15-nenshkrimet-e-ldk-se-i-gatshem-te-kerkoj-terheqjen-e-hoxhes\\\/\"},\"author\":{\"name\":\"i l\",\"@id\":\"https:\\\/\\\/kosovatimes.info\\\/#\\\/schema\\\/person\\\/7586712b9c512fe68085de007378c915\"},\"headline\":\"Kurti p\u00ebr 15 n\u00ebnshkrimet e LDK-s\u00eb: I gatsh\u00ebm t\u00eb k\u00ebrkoj t\u00ebrheqjen e Hoxh\u00ebs\",\"datePublished\":\"2026-04-28T15:19:00+00:00\",\"dateModified\":\"2026-04-28T15:29:35+00:00\",\"mainEntityOfPage\":{\"@id\":\"https:\\\/\\\/kosovatimes.info\\\/index.php\\\/2026\\\/04\\\/28\\\/kurti-per-15-nenshkrimet-e-ldk-se-i-gatshem-te-kerkoj-terheqjen-e-hoxhes\\\/\"},\"wordCount\":416,\"commentCount\":0,\"image\":{\"@id\":\"https:\\\/\\\/kosovatimes.info\\\/index.php\\\/2026\\\/04\\\/28\\\/kurti-per-15-nenshkrimet-e-ldk-se-i-gatshem-te-kerkoj-terheqjen-e-hoxhes\\\/#primaryimage\"},\"thumbnailUrl\":\"https:\\\/\\\/kosovatimes.info\\\/wp-content\\\/uploads\\\/2026\\\/04\\\/Kurti-2.png\",\"articleSection\":[\"Kosov\u00eb\",\"Lajme\"],\"inLanguage\":\"en-US\",\"potentialAction\":[{\"@type\":\"CommentAction\",\"name\":\"Comment\",\"target\":[\"https:\\\/\\\/kosovatimes.info\\\/index.php\\\/2026\\\/04\\\/28\\\/kurti-per-15-nenshkrimet-e-ldk-se-i-gatshem-te-kerkoj-terheqjen-e-hoxhes\\\/#respond\"]}]},{\"@type\":\"WebPage\",\"@id\":\"https:\\\/\\\/kosovatimes.info\\\/index.php\\\/2026\\\/04\\\/28\\\/kurti-per-15-nenshkrimet-e-ldk-se-i-gatshem-te-kerkoj-terheqjen-e-hoxhes\\\/\",\"url\":\"https:\\\/\\\/kosovatimes.info\\\/index.php\\\/2026\\\/04\\\/28\\\/kurti-per-15-nenshkrimet-e-ldk-se-i-gatshem-te-kerkoj-terheqjen-e-hoxhes\\\/\",\"name\":\"Kurti p\u00ebr 15 n\u00ebnshkrimet e LDK-s\u00eb: I gatsh\u00ebm t\u00eb k\u00ebrkoj t\u00ebrheqjen e Hoxh\u00ebs - Kosova Times\",\"isPartOf\":{\"@id\":\"https:\\\/\\\/kosovatimes.info\\\/#website\"},\"primaryImageOfPage\":{\"@id\":\"https:\\\/\\\/kosovatimes.info\\\/index.php\\\/2026\\\/04\\\/28\\\/kurti-per-15-nenshkrimet-e-ldk-se-i-gatshem-te-kerkoj-terheqjen-e-hoxhes\\\/#primaryimage\"},\"image\":{\"@id\":\"https:\\\/\\\/kosovatimes.info\\\/index.php\\\/2026\\\/04\\\/28\\\/kurti-per-15-nenshkrimet-e-ldk-se-i-gatshem-te-kerkoj-terheqjen-e-hoxhes\\\/#primaryimage\"},\"thumbnailUrl\":\"https:\\\/\\\/kosovatimes.info\\\/wp-content\\\/uploads\\\/2026\\\/04\\\/Kurti-2.png\",\"datePublished\":\"2026-04-28T15:19:00+00:00\",\"dateModified\":\"2026-04-28T15:29:35+00:00\",\"author\":{\"@id\":\"https:\\\/\\\/kosovatimes.info\\\/#\\\/schema\\\/person\\\/7586712b9c512fe68085de007378c915\"},\"breadcrumb\":{\"@id\":\"https:\\\/\\\/kosovatimes.info\\\/index.php\\\/2026\\\/04\\\/28\\\/kurti-per-15-nenshkrimet-e-ldk-se-i-gatshem-te-kerkoj-terheqjen-e-hoxhes\\\/#breadcrumb\"},\"inLanguage\":\"en-US\",\"potentialAction\":[{\"@type\":\"ReadAction\",\"target\":[\"https:\\\/\\\/kosovatimes.info\\\/index.php\\\/2026\\\/04\\\/28\\\/kurti-per-15-nenshkrimet-e-ldk-se-i-gatshem-te-kerkoj-terheqjen-e-hoxhes\\\/\"]}]},{\"@type\":\"ImageObject\",\"inLanguage\":\"en-US\",\"@id\":\"https:\\\/\\\/kosovatimes.info\\\/index.php\\\/2026\\\/04\\\/28\\\/kurti-per-15-nenshkrimet-e-ldk-se-i-gatshem-te-kerkoj-terheqjen-e-hoxhes\\\/#primaryimage\",\"url\":\"https:\\\/\\\/kosovatimes.info\\\/wp-content\\\/uploads\\\/2026\\\/04\\\/Kurti-2.png\",\"contentUrl\":\"https:\\\/\\\/kosovatimes.info\\\/wp-content\\\/uploads\\\/2026\\\/04\\\/Kurti-2.png\",\"width\":683,\"height\":472},{\"@type\":\"BreadcrumbList\",\"@id\":\"https:\\\/\\\/kosovatimes.info\\\/index.php\\\/2026\\\/04\\\/28\\\/kurti-per-15-nenshkrimet-e-ldk-se-i-gatshem-te-kerkoj-terheqjen-e-hoxhes\\\/#breadcrumb\",\"itemListElement\":[{\"@type\":\"ListItem\",\"position\":1,\"name\":\"Home\",\"item\":\"https:\\\/\\\/kosovatimes.info\\\/\"},{\"@type\":\"ListItem\",\"position\":2,\"name\":\"Kurti p\u00ebr 15 n\u00ebnshkrimet e LDK-s\u00eb: I gatsh\u00ebm t\u00eb k\u00ebrkoj t\u00ebrheqjen e Hoxh\u00ebs\"}]},{\"@type\":\"WebSite\",\"@id\":\"https:\\\/\\\/kosovatimes.info\\\/#website\",\"url\":\"https:\\\/\\\/kosovatimes.info\\\/\",\"name\":\"Kosova Times\",\"description\":\"\",\"potentialAction\":[{\"@type\":\"SearchAction\",\"target\":{\"@type\":\"EntryPoint\",\"urlTemplate\":\"https:\\\/\\\/kosovatimes.info\\\/?s={search_term_string}\"},\"query-input\":{\"@type\":\"PropertyValueSpecification\",\"valueRequired\":true,\"valueName\":\"search_term_string\"}}],\"inLanguage\":\"en-US\"},{\"@type\":\"Person\",\"@id\":\"https:\\\/\\\/kosovatimes.info\\\/#\\\/schema\\\/person\\\/7586712b9c512fe68085de007378c915\",\"name\":\"i l\",\"image\":{\"@type\":\"ImageObject\",\"inLanguage\":\"en-US\",\"@id\":\"https:\\\/\\\/secure.gravatar.com\\\/avatar\\\/bad9296e02816160ae2e2435beda58222022298d5625d49fea74d18816fbb31d?s=96&d=mm&r=g\",\"url\":\"https:\\\/\\\/secure.gravatar.com\\\/avatar\\\/bad9296e02816160ae2e2435beda58222022298d5625d49fea74d18816fbb31d?s=96&d=mm&r=g\",\"contentUrl\":\"https:\\\/\\\/secure.gravatar.com\\\/avatar\\\/bad9296e02816160ae2e2435beda58222022298d5625d49fea74d18816fbb31d?s=96&d=mm&r=g\",\"caption\":\"i l\"},\"url\":\"https:\\\/\\\/kosovatimes.info\\\/index.php\\\/author\\\/iliri\\\/\"}]}<\/script>\n<!-- \/ Yoast SEO plugin. -->","yoast_head_json":{"title":"Kurti p\u00ebr 15 n\u00ebnshkrimet e LDK-s\u00eb: I gatsh\u00ebm t\u00eb k\u00ebrkoj t\u00ebrheqjen e Hoxh\u00ebs - Kosova Times","robots":{"index":"index","follow":"follow","max-snippet":"max-snippet:-1","max-image-preview":"max-image-preview:large","max-video-preview":"max-video-preview:-1"},"canonical":"https:\/\/kosovatimes.info\/index.php\/2026\/04\/28\/kurti-per-15-nenshkrimet-e-ldk-se-i-gatshem-te-kerkoj-terheqjen-e-hoxhes\/","og_locale":"en_US","og_type":"article","og_title":"Kurti p\u00ebr 15 n\u00ebnshkrimet e LDK-s\u00eb: I gatsh\u00ebm t\u00eb k\u00ebrkoj t\u00ebrheqjen e Hoxh\u00ebs - Kosova Times","og_description":"Pas publikimit t\u00eb 15 n\u00ebnshkrimeve t\u00eb LDK-s\u00eb p\u00ebr presidentin, kryetari i LVV-s\u00eb, Albin Kurti ka th\u00ebn\u00eb se jan\u00eb n\u00eb gatishm\u00ebri t\u00eb t\u00ebrheqin Hatixhe Hoxh\u00ebn si kandidate p\u00ebr presidente, n\u00eb rast se LDK sjell\u00eb propozime tjera p\u00ebr president. Ai ka k\u00ebrkuar nga LDK q\u00eb ta mbledh kryesin\u00eb, t\u00eb vendos\u00eb p\u00ebr emrin q\u00eb do t\u00eb propozohet nga [&hellip;]","og_url":"https:\/\/kosovatimes.info\/index.php\/2026\/04\/28\/kurti-per-15-nenshkrimet-e-ldk-se-i-gatshem-te-kerkoj-terheqjen-e-hoxhes\/","og_site_name":"Kosova Times","article_published_time":"2026-04-28T15:19:00+00:00","article_modified_time":"2026-04-28T15:29:35+00:00","og_image":[{"width":683,"height":472,"url":"https:\/\/kosovatimes.info\/wp-content\/uploads\/2026\/04\/Kurti-2.png","type":"image\/png"}],"author":"i l","twitter_card":"summary_large_image","twitter_misc":{"Written by":"i l","Est. reading time":"2 minutes"},"schema":{"@context":"https:\/\/schema.org","@graph":[{"@type":"Article","@id":"https:\/\/kosovatimes.info\/index.php\/2026\/04\/28\/kurti-per-15-nenshkrimet-e-ldk-se-i-gatshem-te-kerkoj-terheqjen-e-hoxhes\/#article","isPartOf":{"@id":"https:\/\/kosovatimes.info\/index.php\/2026\/04\/28\/kurti-per-15-nenshkrimet-e-ldk-se-i-gatshem-te-kerkoj-terheqjen-e-hoxhes\/"},"author":{"name":"i l","@id":"https:\/\/kosovatimes.info\/#\/schema\/person\/7586712b9c512fe68085de007378c915"},"headline":"Kurti p\u00ebr 15 n\u00ebnshkrimet e LDK-s\u00eb: I gatsh\u00ebm t\u00eb k\u00ebrkoj t\u00ebrheqjen e Hoxh\u00ebs","datePublished":"2026-04-28T15:19:00+00:00","dateModified":"2026-04-28T15:29:35+00:00","mainEntityOfPage":{"@id":"https:\/\/kosovatimes.info\/index.php\/2026\/04\/28\/kurti-per-15-nenshkrimet-e-ldk-se-i-gatshem-te-kerkoj-terheqjen-e-hoxhes\/"},"wordCount":416,"commentCount":0,"image":{"@id":"https:\/\/kosovatimes.info\/index.php\/2026\/04\/28\/kurti-per-15-nenshkrimet-e-ldk-se-i-gatshem-te-kerkoj-terheqjen-e-hoxhes\/#primaryimage"},"thumbnailUrl":"https:\/\/kosovatimes.info\/wp-content\/uploads\/2026\/04\/Kurti-2.png","articleSection":["Kosov\u00eb","Lajme"],"inLanguage":"en-US","potentialAction":[{"@type":"CommentAction","name":"Comment","target":["https:\/\/kosovatimes.info\/index.php\/2026\/04\/28\/kurti-per-15-nenshkrimet-e-ldk-se-i-gatshem-te-kerkoj-terheqjen-e-hoxhes\/#respond"]}]},{"@type":"WebPage","@id":"https:\/\/kosovatimes.info\/index.php\/2026\/04\/28\/kurti-per-15-nenshkrimet-e-ldk-se-i-gatshem-te-kerkoj-terheqjen-e-hoxhes\/","url":"https:\/\/kosovatimes.info\/index.php\/2026\/04\/28\/kurti-per-15-nenshkrimet-e-ldk-se-i-gatshem-te-kerkoj-terheqjen-e-hoxhes\/","name":"Kurti p\u00ebr 15 n\u00ebnshkrimet e LDK-s\u00eb: I gatsh\u00ebm t\u00eb k\u00ebrkoj t\u00ebrheqjen e Hoxh\u00ebs - Kosova Times","isPartOf":{"@id":"https:\/\/kosovatimes.info\/#website"},"primaryImageOfPage":{"@id":"https:\/\/kosovatimes.info\/index.php\/2026\/04\/28\/kurti-per-15-nenshkrimet-e-ldk-se-i-gatshem-te-kerkoj-terheqjen-e-hoxhes\/#primaryimage"},"image":{"@id":"https:\/\/kosovatimes.info\/index.php\/2026\/04\/28\/kurti-per-15-nenshkrimet-e-ldk-se-i-gatshem-te-kerkoj-terheqjen-e-hoxhes\/#primaryimage"},"thumbnailUrl":"https:\/\/kosovatimes.info\/wp-content\/uploads\/2026\/04\/Kurti-2.png","datePublished":"2026-04-28T15:19:00+00:00","dateModified":"2026-04-28T15:29:35+00:00","author":{"@id":"https:\/\/kosovatimes.info\/#\/schema\/person\/7586712b9c512fe68085de007378c915"},"breadcrumb":{"@id":"https:\/\/kosovatimes.info\/index.php\/2026\/04\/28\/kurti-per-15-nenshkrimet-e-ldk-se-i-gatshem-te-kerkoj-terheqjen-e-hoxhes\/#breadcrumb"},"inLanguage":"en-US","potentialAction":[{"@type":"ReadAction","target":["https:\/\/kosovatimes.info\/index.php\/2026\/04\/28\/kurti-per-15-nenshkrimet-e-ldk-se-i-gatshem-te-kerkoj-terheqjen-e-hoxhes\/"]}]},{"@type":"ImageObject","inLanguage":"en-US","@id":"https:\/\/kosovatimes.info\/index.php\/2026\/04\/28\/kurti-per-15-nenshkrimet-e-ldk-se-i-gatshem-te-kerkoj-terheqjen-e-hoxhes\/#primaryimage","url":"https:\/\/kosovatimes.info\/wp-content\/uploads\/2026\/04\/Kurti-2.png","contentUrl":"https:\/\/kosovatimes.info\/wp-content\/uploads\/2026\/04\/Kurti-2.png","width":683,"height":472},{"@type":"BreadcrumbList","@id":"https:\/\/kosovatimes.info\/index.php\/2026\/04\/28\/kurti-per-15-nenshkrimet-e-ldk-se-i-gatshem-te-kerkoj-terheqjen-e-hoxhes\/#breadcrumb","itemListElement":[{"@type":"ListItem","position":1,"name":"Home","item":"https:\/\/kosovatimes.info\/"},{"@type":"ListItem","position":2,"name":"Kurti p\u00ebr 15 n\u00ebnshkrimet e LDK-s\u00eb: I gatsh\u00ebm t\u00eb k\u00ebrkoj t\u00ebrheqjen e Hoxh\u00ebs"}]},{"@type":"WebSite","@id":"https:\/\/kosovatimes.info\/#website","url":"https:\/\/kosovatimes.info\/","name":"Kosova Times","description":"","potentialAction":[{"@type":"SearchAction","target":{"@type":"EntryPoint","urlTemplate":"https:\/\/kosovatimes.info\/?s={search_term_string}"},"query-input":{"@type":"PropertyValueSpecification","valueRequired":true,"valueName":"search_term_string"}}],"inLanguage":"en-US"},{"@type":"Person","@id":"https:\/\/kosovatimes.info\/#\/schema\/person\/7586712b9c512fe68085de007378c915","name":"i l","image":{"@type":"ImageObject","inLanguage":"en-US","@id":"https:\/\/secure.gravatar.com\/avatar\/bad9296e02816160ae2e2435beda58222022298d5625d49fea74d18816fbb31d?s=96&d=mm&r=g","url":"https:\/\/secure.gravatar.com\/avatar\/bad9296e02816160ae2e2435beda58222022298d5625d49fea74d18816fbb31d?s=96&d=mm&r=g","contentUrl":"https:\/\/secure.gravatar.com\/avatar\/bad9296e02816160ae2e2435beda58222022298d5625d49fea74d18816fbb31d?s=96&d=mm&r=g","caption":"i l"},"url":"https:\/\/kosovatimes.info\/index.php\/author\/iliri\/"}]}},"_links":{"self":[{"href":"https:\/\/kosovatimes.info\/index.php\/wp-json\/wp\/v2\/posts\/12185","targetHints":{"allow":["GET"]}}],"collection":[{"href":"https:\/\/kosovatimes.info\/index.php\/wp-json\/wp\/v2\/posts"}],"about":[{"href":"https:\/\/kosovatimes.info\/index.php\/wp-json\/wp\/v2\/types\/post"}],"author":[{"embeddable":true,"href":"https:\/\/kosovatimes.info\/index.php\/wp-json\/wp\/v2\/users\/4"}],"replies":[{"embeddable":true,"href":"https:\/\/kosovatimes.info\/index.php\/wp-json\/wp\/v2\/comments?post=12185"}],"version-history":[{"count":1,"href":"https:\/\/kosovatimes.info\/index.php\/wp-json\/wp\/v2\/posts\/12185\/revisions"}],"predecessor-version":[{"id":12187,"href":"https:\/\/kosovatimes.info\/index.php\/wp-json\/wp\/v2\/posts\/12185\/revisions\/12187"}],"wp:featuredmedia":[{"embeddable":true,"href":"https:\/\/kosovatimes.info\/index.php\/wp-json\/wp\/v2\/media\/12186"}],"wp:attachment":[{"href":"https:\/\/kosovatimes.info\/index.php\/wp-json\/wp\/v2\/media?parent=12185"}],"wp:term":[{"taxonomy":"category","embeddable":true,"href":"https:\/\/kosovatimes.info\/index.php\/wp-json\/wp\/v2\/categories?post=12185"},{"taxonomy":"post_tag","embeddable":true,"href":"https:\/\/kosovatimes.info\/index.php\/wp-json\/wp\/v2\/tags?post=12185"}],"curies":[{"name":"wp","href":"https:\/\/api.w.org\/{rel}","templated":true}]}}