{"id":12192,"date":"2026-04-28T17:28:00","date_gmt":"2026-04-28T15:28:00","guid":{"rendered":"https:\/\/kosovatimes.info\/?p=12192"},"modified":"2026-04-28T17:58:06","modified_gmt":"2026-04-28T15:58:06","slug":"ipk-rekomandon-suspendimin-e-dy-policeve-per-te-shtena-ne-mramor","status":"publish","type":"post","link":"https:\/\/kosovatimes.info\/index.php\/2026\/04\/28\/ipk-rekomandon-suspendimin-e-dy-policeve-per-te-shtena-ne-mramor\/","title":{"rendered":"IPK rekomandon suspendimin e dy polic\u00ebve p\u00ebr t\u00eb sht\u00ebna n\u00eb Mramor"},"content":{"rendered":"\n<p><strong>Inspektorati Policor i Kosov\u00ebs (IPK) ka rekomanduar suspendimin e dy zyrtar\u00ebve policor\u00eb, t\u00eb dyshuar p\u00ebr p\u00ebrfshirje n\u00eb nj\u00eb rast t\u00eb t\u00eb sht\u00ebnave me arm\u00eb n\u00eb fshatin Mramor t\u00eb Prishtin\u00ebs.<\/strong><\/p>\n\n\n\n<p>Sipas njoftimit t\u00eb IPK-s\u00eb, m\u00eb 27 prill 2026, institucioni ka pranuar informata nga Policia e Kosov\u00ebs se n\u00eb k\u00ebt\u00eb fshat ka pasur t\u00eb sht\u00ebna me arm\u00eb, ku personat e p\u00ebrfshir\u00eb dyshohet t\u00eb jen\u00eb zyrtar\u00eb policor\u00eb, jasht\u00eb detyr\u00ebs zyrtare. Sipas t\u00eb dh\u00ebnave fillestare, vepra penale dyshohet t\u00eb jet\u00eb kryer me arm\u00ebn zyrtare t\u00eb policis\u00eb.<\/p>\n\n\n\n<p>IPK ka nd\u00ebrmarr\u00eb menj\u00ebher\u00eb veprime hetimore fillestare ndaj dy zyrtar\u00ebve policor\u00eb nga Stacioni Policor \u201cVeriu\u201d n\u00eb Prishtin\u00eb, n\u00eb kuad\u00ebr t\u00eb Drejtoris\u00eb Rajonale t\u00eb Policis\u00eb n\u00eb Prishtin\u00eb.<\/p>\n\n\n\n<p>T\u00eb nj\u00ebjtit dyshohen p\u00ebr vepr\u00ebn penale \u201cP\u00ebrdorimi i arm\u00ebs apo mjetit t\u00eb rreziksh\u00ebm\u201d, nd\u00ebrsa IPK ka rekomanduar suspendimin e tyre.&nbsp;<\/p>\n\n\n\n<p><a href=\"https:\/\/www.facebook.com\/plugins\/post.php?href=https%3A%2F%2Fwww.facebook.com%2FInspektoratiPolicoriKosoves%2Fposts%2Fpfbid0AprQ6u8i2Gyq6tcCfTaJhgWRteQZ1En5nWXuHzVBYFAqzPwJ2LsMhmzh2RvXgMW6l&amp;show_text=true&amp;width=500\">https:\/\/www.facebook.com\/plugins\/post.php?href=https%3A%2F%2Fwww.facebook.com%2FInspektoratiPolicoriKosoves%2Fposts%2Fpfbid0AprQ6u8i2Gyq6tcCfTaJhgWRteQZ1En5nWXuHzVBYFAqzPwJ2LsMhmzh2RvXgMW6l&amp;show_text=true&amp;width=500<\/a><\/p>\n","protected":false},"excerpt":{"rendered":"<p>Inspektorati Policor i Kosov\u00ebs (IPK) ka rekomanduar suspendimin e dy zyrtar\u00ebve policor\u00eb, t\u00eb dyshuar p\u00ebr p\u00ebrfshirje n\u00eb nj\u00eb rast t\u00eb t\u00eb sht\u00ebnave me arm\u00eb n\u00eb fshatin Mramor t\u00eb Prishtin\u00ebs. Sipas njoftimit t\u00eb IPK-s\u00eb, m\u00eb 27 prill 2026, institucioni ka pranuar informata nga Policia e Kosov\u00ebs se n\u00eb k\u00ebt\u00eb fshat ka pasur t\u00eb sht\u00ebna me arm\u00eb, [&hellip;]<\/p>\n","protected":false},"author":4,"featured_media":12193,"comment_status":"open","ping_status":"open","sticky":false,"template":"","format":"standard","meta":{"footnotes":""},"categories":[31,30],"tags":[],"class_list":{"0":"post-12192","1":"post","2":"type-post","3":"status-publish","4":"format-standard","5":"has-post-thumbnail","7":"category-kosove","8":"category-lajme"},"yoast_head":"<!-- This site is optimized with the Yoast SEO plugin v27.4 - https:\/\/yoast.com\/product\/yoast-seo-wordpress\/ -->\n<title>IPK rekomandon suspendimin e dy polic\u00ebve p\u00ebr t\u00eb sht\u00ebna n\u00eb Mramor - Kosova Times<\/title>\n<meta name=\"robots\" content=\"index, follow, max-snippet:-1, max-image-preview:large, max-video-preview:-1\" \/>\n<link rel=\"canonical\" href=\"https:\/\/kosovatimes.info\/index.php\/2026\/04\/28\/ipk-rekomandon-suspendimin-e-dy-policeve-per-te-shtena-ne-mramor\/\" \/>\n<meta property=\"og:locale\" content=\"en_US\" \/>\n<meta property=\"og:type\" content=\"article\" \/>\n<meta property=\"og:title\" content=\"IPK rekomandon suspendimin e dy polic\u00ebve p\u00ebr t\u00eb sht\u00ebna n\u00eb Mramor - Kosova Times\" \/>\n<meta property=\"og:description\" content=\"Inspektorati Policor i Kosov\u00ebs (IPK) ka rekomanduar suspendimin e dy zyrtar\u00ebve policor\u00eb, t\u00eb dyshuar p\u00ebr p\u00ebrfshirje n\u00eb nj\u00eb rast t\u00eb t\u00eb sht\u00ebnave me arm\u00eb n\u00eb fshatin Mramor t\u00eb Prishtin\u00ebs. Sipas njoftimit t\u00eb IPK-s\u00eb, m\u00eb 27 prill 2026, institucioni ka pranuar informata nga Policia e Kosov\u00ebs se n\u00eb k\u00ebt\u00eb fshat ka pasur t\u00eb sht\u00ebna me arm\u00eb, [&hellip;]\" \/>\n<meta property=\"og:url\" content=\"https:\/\/kosovatimes.info\/index.php\/2026\/04\/28\/ipk-rekomandon-suspendimin-e-dy-policeve-per-te-shtena-ne-mramor\/\" \/>\n<meta property=\"og:site_name\" content=\"Kosova Times\" \/>\n<meta property=\"article:published_time\" content=\"2026-04-28T15:28:00+00:00\" \/>\n<meta property=\"article:modified_time\" content=\"2026-04-28T15:58:06+00:00\" \/>\n<meta property=\"og:image\" content=\"https:\/\/kosovatimes.info\/wp-content\/uploads\/2026\/04\/IPK-1.jpg\" \/>\n\t<meta property=\"og:image:width\" content=\"780\" \/>\n\t<meta property=\"og:image:height\" content=\"500\" \/>\n\t<meta property=\"og:image:type\" content=\"image\/jpeg\" \/>\n<meta name=\"author\" content=\"i l\" \/>\n<meta name=\"twitter:card\" content=\"summary_large_image\" \/>\n<meta name=\"twitter:label1\" content=\"Written by\" \/>\n\t<meta name=\"twitter:data1\" content=\"i l\" \/>\n\t<meta name=\"twitter:label2\" content=\"Est. reading time\" \/>\n\t<meta name=\"twitter:data2\" content=\"1 minute\" \/>\n<script type=\"application\/ld+json\" class=\"yoast-schema-graph\">{\"@context\":\"https:\\\/\\\/schema.org\",\"@graph\":[{\"@type\":\"Article\",\"@id\":\"https:\\\/\\\/kosovatimes.info\\\/index.php\\\/2026\\\/04\\\/28\\\/ipk-rekomandon-suspendimin-e-dy-policeve-per-te-shtena-ne-mramor\\\/#article\",\"isPartOf\":{\"@id\":\"https:\\\/\\\/kosovatimes.info\\\/index.php\\\/2026\\\/04\\\/28\\\/ipk-rekomandon-suspendimin-e-dy-policeve-per-te-shtena-ne-mramor\\\/\"},\"author\":{\"name\":\"i l\",\"@id\":\"https:\\\/\\\/kosovatimes.info\\\/#\\\/schema\\\/person\\\/7586712b9c512fe68085de007378c915\"},\"headline\":\"IPK rekomandon suspendimin e dy polic\u00ebve p\u00ebr t\u00eb sht\u00ebna n\u00eb Mramor\",\"datePublished\":\"2026-04-28T15:28:00+00:00\",\"dateModified\":\"2026-04-28T15:58:06+00:00\",\"mainEntityOfPage\":{\"@id\":\"https:\\\/\\\/kosovatimes.info\\\/index.php\\\/2026\\\/04\\\/28\\\/ipk-rekomandon-suspendimin-e-dy-policeve-per-te-shtena-ne-mramor\\\/\"},\"wordCount\":198,\"commentCount\":0,\"image\":{\"@id\":\"https:\\\/\\\/kosovatimes.info\\\/index.php\\\/2026\\\/04\\\/28\\\/ipk-rekomandon-suspendimin-e-dy-policeve-per-te-shtena-ne-mramor\\\/#primaryimage\"},\"thumbnailUrl\":\"https:\\\/\\\/kosovatimes.info\\\/wp-content\\\/uploads\\\/2026\\\/04\\\/IPK-1.jpg\",\"articleSection\":[\"Kosov\u00eb\",\"Lajme\"],\"inLanguage\":\"en-US\",\"potentialAction\":[{\"@type\":\"CommentAction\",\"name\":\"Comment\",\"target\":[\"https:\\\/\\\/kosovatimes.info\\\/index.php\\\/2026\\\/04\\\/28\\\/ipk-rekomandon-suspendimin-e-dy-policeve-per-te-shtena-ne-mramor\\\/#respond\"]}]},{\"@type\":\"WebPage\",\"@id\":\"https:\\\/\\\/kosovatimes.info\\\/index.php\\\/2026\\\/04\\\/28\\\/ipk-rekomandon-suspendimin-e-dy-policeve-per-te-shtena-ne-mramor\\\/\",\"url\":\"https:\\\/\\\/kosovatimes.info\\\/index.php\\\/2026\\\/04\\\/28\\\/ipk-rekomandon-suspendimin-e-dy-policeve-per-te-shtena-ne-mramor\\\/\",\"name\":\"IPK rekomandon suspendimin e dy polic\u00ebve p\u00ebr t\u00eb sht\u00ebna n\u00eb Mramor - Kosova Times\",\"isPartOf\":{\"@id\":\"https:\\\/\\\/kosovatimes.info\\\/#website\"},\"primaryImageOfPage\":{\"@id\":\"https:\\\/\\\/kosovatimes.info\\\/index.php\\\/2026\\\/04\\\/28\\\/ipk-rekomandon-suspendimin-e-dy-policeve-per-te-shtena-ne-mramor\\\/#primaryimage\"},\"image\":{\"@id\":\"https:\\\/\\\/kosovatimes.info\\\/index.php\\\/2026\\\/04\\\/28\\\/ipk-rekomandon-suspendimin-e-dy-policeve-per-te-shtena-ne-mramor\\\/#primaryimage\"},\"thumbnailUrl\":\"https:\\\/\\\/kosovatimes.info\\\/wp-content\\\/uploads\\\/2026\\\/04\\\/IPK-1.jpg\",\"datePublished\":\"2026-04-28T15:28:00+00:00\",\"dateModified\":\"2026-04-28T15:58:06+00:00\",\"author\":{\"@id\":\"https:\\\/\\\/kosovatimes.info\\\/#\\\/schema\\\/person\\\/7586712b9c512fe68085de007378c915\"},\"breadcrumb\":{\"@id\":\"https:\\\/\\\/kosovatimes.info\\\/index.php\\\/2026\\\/04\\\/28\\\/ipk-rekomandon-suspendimin-e-dy-policeve-per-te-shtena-ne-mramor\\\/#breadcrumb\"},\"inLanguage\":\"en-US\",\"potentialAction\":[{\"@type\":\"ReadAction\",\"target\":[\"https:\\\/\\\/kosovatimes.info\\\/index.php\\\/2026\\\/04\\\/28\\\/ipk-rekomandon-suspendimin-e-dy-policeve-per-te-shtena-ne-mramor\\\/\"]}]},{\"@type\":\"ImageObject\",\"inLanguage\":\"en-US\",\"@id\":\"https:\\\/\\\/kosovatimes.info\\\/index.php\\\/2026\\\/04\\\/28\\\/ipk-rekomandon-suspendimin-e-dy-policeve-per-te-shtena-ne-mramor\\\/#primaryimage\",\"url\":\"https:\\\/\\\/kosovatimes.info\\\/wp-content\\\/uploads\\\/2026\\\/04\\\/IPK-1.jpg\",\"contentUrl\":\"https:\\\/\\\/kosovatimes.info\\\/wp-content\\\/uploads\\\/2026\\\/04\\\/IPK-1.jpg\",\"width\":780,\"height\":500},{\"@type\":\"BreadcrumbList\",\"@id\":\"https:\\\/\\\/kosovatimes.info\\\/index.php\\\/2026\\\/04\\\/28\\\/ipk-rekomandon-suspendimin-e-dy-policeve-per-te-shtena-ne-mramor\\\/#breadcrumb\",\"itemListElement\":[{\"@type\":\"ListItem\",\"position\":1,\"name\":\"Home\",\"item\":\"https:\\\/\\\/kosovatimes.info\\\/\"},{\"@type\":\"ListItem\",\"position\":2,\"name\":\"IPK rekomandon suspendimin e dy polic\u00ebve p\u00ebr t\u00eb sht\u00ebna n\u00eb Mramor\"}]},{\"@type\":\"WebSite\",\"@id\":\"https:\\\/\\\/kosovatimes.info\\\/#website\",\"url\":\"https:\\\/\\\/kosovatimes.info\\\/\",\"name\":\"Kosova Times\",\"description\":\"\",\"potentialAction\":[{\"@type\":\"SearchAction\",\"target\":{\"@type\":\"EntryPoint\",\"urlTemplate\":\"https:\\\/\\\/kosovatimes.info\\\/?s={search_term_string}\"},\"query-input\":{\"@type\":\"PropertyValueSpecification\",\"valueRequired\":true,\"valueName\":\"search_term_string\"}}],\"inLanguage\":\"en-US\"},{\"@type\":\"Person\",\"@id\":\"https:\\\/\\\/kosovatimes.info\\\/#\\\/schema\\\/person\\\/7586712b9c512fe68085de007378c915\",\"name\":\"i l\",\"image\":{\"@type\":\"ImageObject\",\"inLanguage\":\"en-US\",\"@id\":\"https:\\\/\\\/secure.gravatar.com\\\/avatar\\\/bad9296e02816160ae2e2435beda58222022298d5625d49fea74d18816fbb31d?s=96&d=mm&r=g\",\"url\":\"https:\\\/\\\/secure.gravatar.com\\\/avatar\\\/bad9296e02816160ae2e2435beda58222022298d5625d49fea74d18816fbb31d?s=96&d=mm&r=g\",\"contentUrl\":\"https:\\\/\\\/secure.gravatar.com\\\/avatar\\\/bad9296e02816160ae2e2435beda58222022298d5625d49fea74d18816fbb31d?s=96&d=mm&r=g\",\"caption\":\"i l\"},\"url\":\"https:\\\/\\\/kosovatimes.info\\\/index.php\\\/author\\\/iliri\\\/\"}]}<\/script>\n<!-- \/ Yoast SEO plugin. -->","yoast_head_json":{"title":"IPK rekomandon suspendimin e dy polic\u00ebve p\u00ebr t\u00eb sht\u00ebna n\u00eb Mramor - Kosova Times","robots":{"index":"index","follow":"follow","max-snippet":"max-snippet:-1","max-image-preview":"max-image-preview:large","max-video-preview":"max-video-preview:-1"},"canonical":"https:\/\/kosovatimes.info\/index.php\/2026\/04\/28\/ipk-rekomandon-suspendimin-e-dy-policeve-per-te-shtena-ne-mramor\/","og_locale":"en_US","og_type":"article","og_title":"IPK rekomandon suspendimin e dy polic\u00ebve p\u00ebr t\u00eb sht\u00ebna n\u00eb Mramor - Kosova Times","og_description":"Inspektorati Policor i Kosov\u00ebs (IPK) ka rekomanduar suspendimin e dy zyrtar\u00ebve policor\u00eb, t\u00eb dyshuar p\u00ebr p\u00ebrfshirje n\u00eb nj\u00eb rast t\u00eb t\u00eb sht\u00ebnave me arm\u00eb n\u00eb fshatin Mramor t\u00eb Prishtin\u00ebs. Sipas njoftimit t\u00eb IPK-s\u00eb, m\u00eb 27 prill 2026, institucioni ka pranuar informata nga Policia e Kosov\u00ebs se n\u00eb k\u00ebt\u00eb fshat ka pasur t\u00eb sht\u00ebna me arm\u00eb, [&hellip;]","og_url":"https:\/\/kosovatimes.info\/index.php\/2026\/04\/28\/ipk-rekomandon-suspendimin-e-dy-policeve-per-te-shtena-ne-mramor\/","og_site_name":"Kosova Times","article_published_time":"2026-04-28T15:28:00+00:00","article_modified_time":"2026-04-28T15:58:06+00:00","og_image":[{"width":780,"height":500,"url":"https:\/\/kosovatimes.info\/wp-content\/uploads\/2026\/04\/IPK-1.jpg","type":"image\/jpeg"}],"author":"i l","twitter_card":"summary_large_image","twitter_misc":{"Written by":"i l","Est. reading time":"1 minute"},"schema":{"@context":"https:\/\/schema.org","@graph":[{"@type":"Article","@id":"https:\/\/kosovatimes.info\/index.php\/2026\/04\/28\/ipk-rekomandon-suspendimin-e-dy-policeve-per-te-shtena-ne-mramor\/#article","isPartOf":{"@id":"https:\/\/kosovatimes.info\/index.php\/2026\/04\/28\/ipk-rekomandon-suspendimin-e-dy-policeve-per-te-shtena-ne-mramor\/"},"author":{"name":"i l","@id":"https:\/\/kosovatimes.info\/#\/schema\/person\/7586712b9c512fe68085de007378c915"},"headline":"IPK rekomandon suspendimin e dy polic\u00ebve p\u00ebr t\u00eb sht\u00ebna n\u00eb Mramor","datePublished":"2026-04-28T15:28:00+00:00","dateModified":"2026-04-28T15:58:06+00:00","mainEntityOfPage":{"@id":"https:\/\/kosovatimes.info\/index.php\/2026\/04\/28\/ipk-rekomandon-suspendimin-e-dy-policeve-per-te-shtena-ne-mramor\/"},"wordCount":198,"commentCount":0,"image":{"@id":"https:\/\/kosovatimes.info\/index.php\/2026\/04\/28\/ipk-rekomandon-suspendimin-e-dy-policeve-per-te-shtena-ne-mramor\/#primaryimage"},"thumbnailUrl":"https:\/\/kosovatimes.info\/wp-content\/uploads\/2026\/04\/IPK-1.jpg","articleSection":["Kosov\u00eb","Lajme"],"inLanguage":"en-US","potentialAction":[{"@type":"CommentAction","name":"Comment","target":["https:\/\/kosovatimes.info\/index.php\/2026\/04\/28\/ipk-rekomandon-suspendimin-e-dy-policeve-per-te-shtena-ne-mramor\/#respond"]}]},{"@type":"WebPage","@id":"https:\/\/kosovatimes.info\/index.php\/2026\/04\/28\/ipk-rekomandon-suspendimin-e-dy-policeve-per-te-shtena-ne-mramor\/","url":"https:\/\/kosovatimes.info\/index.php\/2026\/04\/28\/ipk-rekomandon-suspendimin-e-dy-policeve-per-te-shtena-ne-mramor\/","name":"IPK rekomandon suspendimin e dy polic\u00ebve p\u00ebr t\u00eb sht\u00ebna n\u00eb Mramor - Kosova Times","isPartOf":{"@id":"https:\/\/kosovatimes.info\/#website"},"primaryImageOfPage":{"@id":"https:\/\/kosovatimes.info\/index.php\/2026\/04\/28\/ipk-rekomandon-suspendimin-e-dy-policeve-per-te-shtena-ne-mramor\/#primaryimage"},"image":{"@id":"https:\/\/kosovatimes.info\/index.php\/2026\/04\/28\/ipk-rekomandon-suspendimin-e-dy-policeve-per-te-shtena-ne-mramor\/#primaryimage"},"thumbnailUrl":"https:\/\/kosovatimes.info\/wp-content\/uploads\/2026\/04\/IPK-1.jpg","datePublished":"2026-04-28T15:28:00+00:00","dateModified":"2026-04-28T15:58:06+00:00","author":{"@id":"https:\/\/kosovatimes.info\/#\/schema\/person\/7586712b9c512fe68085de007378c915"},"breadcrumb":{"@id":"https:\/\/kosovatimes.info\/index.php\/2026\/04\/28\/ipk-rekomandon-suspendimin-e-dy-policeve-per-te-shtena-ne-mramor\/#breadcrumb"},"inLanguage":"en-US","potentialAction":[{"@type":"ReadAction","target":["https:\/\/kosovatimes.info\/index.php\/2026\/04\/28\/ipk-rekomandon-suspendimin-e-dy-policeve-per-te-shtena-ne-mramor\/"]}]},{"@type":"ImageObject","inLanguage":"en-US","@id":"https:\/\/kosovatimes.info\/index.php\/2026\/04\/28\/ipk-rekomandon-suspendimin-e-dy-policeve-per-te-shtena-ne-mramor\/#primaryimage","url":"https:\/\/kosovatimes.info\/wp-content\/uploads\/2026\/04\/IPK-1.jpg","contentUrl":"https:\/\/kosovatimes.info\/wp-content\/uploads\/2026\/04\/IPK-1.jpg","width":780,"height":500},{"@type":"BreadcrumbList","@id":"https:\/\/kosovatimes.info\/index.php\/2026\/04\/28\/ipk-rekomandon-suspendimin-e-dy-policeve-per-te-shtena-ne-mramor\/#breadcrumb","itemListElement":[{"@type":"ListItem","position":1,"name":"Home","item":"https:\/\/kosovatimes.info\/"},{"@type":"ListItem","position":2,"name":"IPK rekomandon suspendimin e dy polic\u00ebve p\u00ebr t\u00eb sht\u00ebna n\u00eb Mramor"}]},{"@type":"WebSite","@id":"https:\/\/kosovatimes.info\/#website","url":"https:\/\/kosovatimes.info\/","name":"Kosova Times","description":"","potentialAction":[{"@type":"SearchAction","target":{"@type":"EntryPoint","urlTemplate":"https:\/\/kosovatimes.info\/?s={search_term_string}"},"query-input":{"@type":"PropertyValueSpecification","valueRequired":true,"valueName":"search_term_string"}}],"inLanguage":"en-US"},{"@type":"Person","@id":"https:\/\/kosovatimes.info\/#\/schema\/person\/7586712b9c512fe68085de007378c915","name":"i l","image":{"@type":"ImageObject","inLanguage":"en-US","@id":"https:\/\/secure.gravatar.com\/avatar\/bad9296e02816160ae2e2435beda58222022298d5625d49fea74d18816fbb31d?s=96&d=mm&r=g","url":"https:\/\/secure.gravatar.com\/avatar\/bad9296e02816160ae2e2435beda58222022298d5625d49fea74d18816fbb31d?s=96&d=mm&r=g","contentUrl":"https:\/\/secure.gravatar.com\/avatar\/bad9296e02816160ae2e2435beda58222022298d5625d49fea74d18816fbb31d?s=96&d=mm&r=g","caption":"i l"},"url":"https:\/\/kosovatimes.info\/index.php\/author\/iliri\/"}]}},"_links":{"self":[{"href":"https:\/\/kosovatimes.info\/index.php\/wp-json\/wp\/v2\/posts\/12192","targetHints":{"allow":["GET"]}}],"collection":[{"href":"https:\/\/kosovatimes.info\/index.php\/wp-json\/wp\/v2\/posts"}],"about":[{"href":"https:\/\/kosovatimes.info\/index.php\/wp-json\/wp\/v2\/types\/post"}],"author":[{"embeddable":true,"href":"https:\/\/kosovatimes.info\/index.php\/wp-json\/wp\/v2\/users\/4"}],"replies":[{"embeddable":true,"href":"https:\/\/kosovatimes.info\/index.php\/wp-json\/wp\/v2\/comments?post=12192"}],"version-history":[{"count":1,"href":"https:\/\/kosovatimes.info\/index.php\/wp-json\/wp\/v2\/posts\/12192\/revisions"}],"predecessor-version":[{"id":12194,"href":"https:\/\/kosovatimes.info\/index.php\/wp-json\/wp\/v2\/posts\/12192\/revisions\/12194"}],"wp:featuredmedia":[{"embeddable":true,"href":"https:\/\/kosovatimes.info\/index.php\/wp-json\/wp\/v2\/media\/12193"}],"wp:attachment":[{"href":"https:\/\/kosovatimes.info\/index.php\/wp-json\/wp\/v2\/media?parent=12192"}],"wp:term":[{"taxonomy":"category","embeddable":true,"href":"https:\/\/kosovatimes.info\/index.php\/wp-json\/wp\/v2\/categories?post=12192"},{"taxonomy":"post_tag","embeddable":true,"href":"https:\/\/kosovatimes.info\/index.php\/wp-json\/wp\/v2\/tags?post=12192"}],"curies":[{"name":"wp","href":"https:\/\/api.w.org\/{rel}","templated":true}]}}