{"id":12195,"date":"2026-04-28T17:37:00","date_gmt":"2026-04-28T15:37:00","guid":{"rendered":"https:\/\/kosovatimes.info\/?p=12195"},"modified":"2026-04-28T17:59:26","modified_gmt":"2026-04-28T15:59:26","slug":"haradinaj-kritikon-qeverine-per-politikat-energjetike","status":"publish","type":"post","link":"https:\/\/kosovatimes.info\/index.php\/2026\/04\/28\/haradinaj-kritikon-qeverine-per-politikat-energjetike\/","title":{"rendered":"Haradinaj kritikon Qeverin\u00eb p\u00ebr politikat energjetike"},"content":{"rendered":"\n<p><a target=\"_blank\" href=\"https:\/\/www.linkedin.com\/shareArticle?mini=true&amp;url=https%3A%2F%2Fwww.rtklive.com%2Fsq%2Fnews-single.php%3FID%3D723382\" rel=\"noreferrer noopener\"><\/a><\/p>\n\n\n\n<p><strong>Kryetari i Aleanc\u00ebs p\u00ebr Ardhm\u00ebrin\u00eb e Kosov\u00ebs, Ramush Haradinaj, ka kritikuar Qeverin\u00eb Kurti p\u00ebr politikat energjetike, duke e akuzuar p\u00ebr anulimin e projekteve strategjike dhe p\u00ebr koston e lart\u00eb t\u00eb energjis\u00eb q\u00eb, sipas tij, po i kushton Kosov\u00ebs.<\/strong><\/p>\n\n\n\n<p>Haradinaj theksoi se Kosova po paguan qindra miliona euro p\u00ebr energji ndaj Serbis\u00eb, p\u00ebrmes, si\u00e7 tha ai, sekser\u00ebve t\u00eb lidhur me njer\u00ebz t\u00eb af\u00ebrt t\u00eb kryeministrit, nd\u00ebrkoh\u00eb q\u00eb Shqip\u00ebria ka firmosur marr\u00ebveshje strategjike p\u00ebr gazin amerikan q\u00eb siguron furnizim stabil dhe kosto m\u00eb t\u00eb ul\u00ebt.<\/p>\n\n\n\n<p>&#8220;Kurti, sapo erdhi n\u00eb pushtet, u kujdes q\u00eb nd\u00ebr vendimet e para t\u00eb tij t\u00eb ishte anulimi fillimisht i nd\u00ebrtimit t\u00eb Termocentralit \u201cKosova e Re\u201d dhe refuzimi i gazsjell\u00ebsit amerikan&#8221;, shkroi Haradinaj n\u00eb Facebook.&nbsp;<\/p>\n\n\n\n<p>Ai shtoi se milionat e Kosov\u00ebs nuk do t\u00eb shkonin n\u00eb Serbi n\u00ebse nuk do t\u00eb ishte anuluar nd\u00ebrtimi i termocentralit t\u00eb ri dhe n\u00ebse nuk do t\u00eb ishte bllokuar projekti i gazsjell\u00ebsit Shkup\u2013Prishtin\u00eb, duke e cil\u00ebsuar k\u00ebt\u00eb projekt me p\u00ebrfitime t\u00eb m\u00ebdha ekonomike dhe t\u00eb siguris\u00eb.<\/p>\n\n\n\n<p>Haradinaj deklaroi se Kosova do t\u00eb mund t\u00eb b\u00ebhej fuqi energjetike n\u00eb Ballkan dhe t\u00eb mos mbetej pa energji, as gjat\u00eb ver\u00ebs e as dimrit, dhe t\u00eb mos varej nga, si\u00e7 u shpreh ai, mafia energjetike.<\/p>\n","protected":false},"excerpt":{"rendered":"<p>Kryetari i Aleanc\u00ebs p\u00ebr Ardhm\u00ebrin\u00eb e Kosov\u00ebs, Ramush Haradinaj, ka kritikuar Qeverin\u00eb Kurti p\u00ebr politikat energjetike, duke e akuzuar p\u00ebr anulimin e projekteve strategjike dhe p\u00ebr koston e lart\u00eb t\u00eb energjis\u00eb q\u00eb, sipas tij, po i kushton Kosov\u00ebs. Haradinaj theksoi se Kosova po paguan qindra miliona euro p\u00ebr energji ndaj Serbis\u00eb, p\u00ebrmes, si\u00e7 tha ai, [&hellip;]<\/p>\n","protected":false},"author":4,"featured_media":12196,"comment_status":"open","ping_status":"open","sticky":false,"template":"","format":"standard","meta":{"footnotes":""},"categories":[31,30],"tags":[],"class_list":{"0":"post-12195","1":"post","2":"type-post","3":"status-publish","4":"format-standard","5":"has-post-thumbnail","7":"category-kosove","8":"category-lajme"},"yoast_head":"<!-- This site is optimized with the Yoast SEO plugin v27.4 - https:\/\/yoast.com\/product\/yoast-seo-wordpress\/ -->\n<title>Haradinaj kritikon Qeverin\u00eb p\u00ebr politikat energjetike - Kosova Times<\/title>\n<meta name=\"robots\" content=\"index, follow, max-snippet:-1, max-image-preview:large, max-video-preview:-1\" \/>\n<link rel=\"canonical\" href=\"https:\/\/kosovatimes.info\/index.php\/2026\/04\/28\/haradinaj-kritikon-qeverine-per-politikat-energjetike\/\" \/>\n<meta property=\"og:locale\" content=\"en_US\" \/>\n<meta property=\"og:type\" content=\"article\" \/>\n<meta property=\"og:title\" content=\"Haradinaj kritikon Qeverin\u00eb p\u00ebr politikat energjetike - Kosova Times\" \/>\n<meta property=\"og:description\" content=\"Kryetari i Aleanc\u00ebs p\u00ebr Ardhm\u00ebrin\u00eb e Kosov\u00ebs, Ramush Haradinaj, ka kritikuar Qeverin\u00eb Kurti p\u00ebr politikat energjetike, duke e akuzuar p\u00ebr anulimin e projekteve strategjike dhe p\u00ebr koston e lart\u00eb t\u00eb energjis\u00eb q\u00eb, sipas tij, po i kushton Kosov\u00ebs. Haradinaj theksoi se Kosova po paguan qindra miliona euro p\u00ebr energji ndaj Serbis\u00eb, p\u00ebrmes, si\u00e7 tha ai, [&hellip;]\" \/>\n<meta property=\"og:url\" content=\"https:\/\/kosovatimes.info\/index.php\/2026\/04\/28\/haradinaj-kritikon-qeverine-per-politikat-energjetike\/\" \/>\n<meta property=\"og:site_name\" content=\"Kosova Times\" \/>\n<meta property=\"article:published_time\" content=\"2026-04-28T15:37:00+00:00\" \/>\n<meta property=\"article:modified_time\" content=\"2026-04-28T15:59:26+00:00\" \/>\n<meta property=\"og:image\" content=\"https:\/\/kosovatimes.info\/wp-content\/uploads\/2026\/04\/Haraiaj.jpg\" \/>\n\t<meta property=\"og:image:width\" content=\"780\" \/>\n\t<meta property=\"og:image:height\" content=\"500\" \/>\n\t<meta property=\"og:image:type\" content=\"image\/jpeg\" \/>\n<meta name=\"author\" content=\"i l\" \/>\n<meta name=\"twitter:card\" content=\"summary_large_image\" \/>\n<meta name=\"twitter:label1\" content=\"Written by\" \/>\n\t<meta name=\"twitter:data1\" content=\"i l\" \/>\n\t<meta name=\"twitter:label2\" content=\"Est. reading time\" \/>\n\t<meta name=\"twitter:data2\" content=\"2 minutes\" \/>\n<script type=\"application\/ld+json\" class=\"yoast-schema-graph\">{\"@context\":\"https:\\\/\\\/schema.org\",\"@graph\":[{\"@type\":\"Article\",\"@id\":\"https:\\\/\\\/kosovatimes.info\\\/index.php\\\/2026\\\/04\\\/28\\\/haradinaj-kritikon-qeverine-per-politikat-energjetike\\\/#article\",\"isPartOf\":{\"@id\":\"https:\\\/\\\/kosovatimes.info\\\/index.php\\\/2026\\\/04\\\/28\\\/haradinaj-kritikon-qeverine-per-politikat-energjetike\\\/\"},\"author\":{\"name\":\"i l\",\"@id\":\"https:\\\/\\\/kosovatimes.info\\\/#\\\/schema\\\/person\\\/7586712b9c512fe68085de007378c915\"},\"headline\":\"Haradinaj kritikon Qeverin\u00eb p\u00ebr politikat energjetike\",\"datePublished\":\"2026-04-28T15:37:00+00:00\",\"dateModified\":\"2026-04-28T15:59:26+00:00\",\"mainEntityOfPage\":{\"@id\":\"https:\\\/\\\/kosovatimes.info\\\/index.php\\\/2026\\\/04\\\/28\\\/haradinaj-kritikon-qeverine-per-politikat-energjetike\\\/\"},\"wordCount\":241,\"commentCount\":0,\"image\":{\"@id\":\"https:\\\/\\\/kosovatimes.info\\\/index.php\\\/2026\\\/04\\\/28\\\/haradinaj-kritikon-qeverine-per-politikat-energjetike\\\/#primaryimage\"},\"thumbnailUrl\":\"https:\\\/\\\/kosovatimes.info\\\/wp-content\\\/uploads\\\/2026\\\/04\\\/Haraiaj.jpg\",\"articleSection\":[\"Kosov\u00eb\",\"Lajme\"],\"inLanguage\":\"en-US\",\"potentialAction\":[{\"@type\":\"CommentAction\",\"name\":\"Comment\",\"target\":[\"https:\\\/\\\/kosovatimes.info\\\/index.php\\\/2026\\\/04\\\/28\\\/haradinaj-kritikon-qeverine-per-politikat-energjetike\\\/#respond\"]}]},{\"@type\":\"WebPage\",\"@id\":\"https:\\\/\\\/kosovatimes.info\\\/index.php\\\/2026\\\/04\\\/28\\\/haradinaj-kritikon-qeverine-per-politikat-energjetike\\\/\",\"url\":\"https:\\\/\\\/kosovatimes.info\\\/index.php\\\/2026\\\/04\\\/28\\\/haradinaj-kritikon-qeverine-per-politikat-energjetike\\\/\",\"name\":\"Haradinaj kritikon Qeverin\u00eb p\u00ebr politikat energjetike - Kosova Times\",\"isPartOf\":{\"@id\":\"https:\\\/\\\/kosovatimes.info\\\/#website\"},\"primaryImageOfPage\":{\"@id\":\"https:\\\/\\\/kosovatimes.info\\\/index.php\\\/2026\\\/04\\\/28\\\/haradinaj-kritikon-qeverine-per-politikat-energjetike\\\/#primaryimage\"},\"image\":{\"@id\":\"https:\\\/\\\/kosovatimes.info\\\/index.php\\\/2026\\\/04\\\/28\\\/haradinaj-kritikon-qeverine-per-politikat-energjetike\\\/#primaryimage\"},\"thumbnailUrl\":\"https:\\\/\\\/kosovatimes.info\\\/wp-content\\\/uploads\\\/2026\\\/04\\\/Haraiaj.jpg\",\"datePublished\":\"2026-04-28T15:37:00+00:00\",\"dateModified\":\"2026-04-28T15:59:26+00:00\",\"author\":{\"@id\":\"https:\\\/\\\/kosovatimes.info\\\/#\\\/schema\\\/person\\\/7586712b9c512fe68085de007378c915\"},\"breadcrumb\":{\"@id\":\"https:\\\/\\\/kosovatimes.info\\\/index.php\\\/2026\\\/04\\\/28\\\/haradinaj-kritikon-qeverine-per-politikat-energjetike\\\/#breadcrumb\"},\"inLanguage\":\"en-US\",\"potentialAction\":[{\"@type\":\"ReadAction\",\"target\":[\"https:\\\/\\\/kosovatimes.info\\\/index.php\\\/2026\\\/04\\\/28\\\/haradinaj-kritikon-qeverine-per-politikat-energjetike\\\/\"]}]},{\"@type\":\"ImageObject\",\"inLanguage\":\"en-US\",\"@id\":\"https:\\\/\\\/kosovatimes.info\\\/index.php\\\/2026\\\/04\\\/28\\\/haradinaj-kritikon-qeverine-per-politikat-energjetike\\\/#primaryimage\",\"url\":\"https:\\\/\\\/kosovatimes.info\\\/wp-content\\\/uploads\\\/2026\\\/04\\\/Haraiaj.jpg\",\"contentUrl\":\"https:\\\/\\\/kosovatimes.info\\\/wp-content\\\/uploads\\\/2026\\\/04\\\/Haraiaj.jpg\",\"width\":780,\"height\":500},{\"@type\":\"BreadcrumbList\",\"@id\":\"https:\\\/\\\/kosovatimes.info\\\/index.php\\\/2026\\\/04\\\/28\\\/haradinaj-kritikon-qeverine-per-politikat-energjetike\\\/#breadcrumb\",\"itemListElement\":[{\"@type\":\"ListItem\",\"position\":1,\"name\":\"Home\",\"item\":\"https:\\\/\\\/kosovatimes.info\\\/\"},{\"@type\":\"ListItem\",\"position\":2,\"name\":\"Haradinaj kritikon Qeverin\u00eb p\u00ebr politikat energjetike\"}]},{\"@type\":\"WebSite\",\"@id\":\"https:\\\/\\\/kosovatimes.info\\\/#website\",\"url\":\"https:\\\/\\\/kosovatimes.info\\\/\",\"name\":\"Kosova Times\",\"description\":\"\",\"potentialAction\":[{\"@type\":\"SearchAction\",\"target\":{\"@type\":\"EntryPoint\",\"urlTemplate\":\"https:\\\/\\\/kosovatimes.info\\\/?s={search_term_string}\"},\"query-input\":{\"@type\":\"PropertyValueSpecification\",\"valueRequired\":true,\"valueName\":\"search_term_string\"}}],\"inLanguage\":\"en-US\"},{\"@type\":\"Person\",\"@id\":\"https:\\\/\\\/kosovatimes.info\\\/#\\\/schema\\\/person\\\/7586712b9c512fe68085de007378c915\",\"name\":\"i l\",\"image\":{\"@type\":\"ImageObject\",\"inLanguage\":\"en-US\",\"@id\":\"https:\\\/\\\/secure.gravatar.com\\\/avatar\\\/bad9296e02816160ae2e2435beda58222022298d5625d49fea74d18816fbb31d?s=96&d=mm&r=g\",\"url\":\"https:\\\/\\\/secure.gravatar.com\\\/avatar\\\/bad9296e02816160ae2e2435beda58222022298d5625d49fea74d18816fbb31d?s=96&d=mm&r=g\",\"contentUrl\":\"https:\\\/\\\/secure.gravatar.com\\\/avatar\\\/bad9296e02816160ae2e2435beda58222022298d5625d49fea74d18816fbb31d?s=96&d=mm&r=g\",\"caption\":\"i l\"},\"url\":\"https:\\\/\\\/kosovatimes.info\\\/index.php\\\/author\\\/iliri\\\/\"}]}<\/script>\n<!-- \/ Yoast SEO plugin. -->","yoast_head_json":{"title":"Haradinaj kritikon Qeverin\u00eb p\u00ebr politikat energjetike - Kosova Times","robots":{"index":"index","follow":"follow","max-snippet":"max-snippet:-1","max-image-preview":"max-image-preview:large","max-video-preview":"max-video-preview:-1"},"canonical":"https:\/\/kosovatimes.info\/index.php\/2026\/04\/28\/haradinaj-kritikon-qeverine-per-politikat-energjetike\/","og_locale":"en_US","og_type":"article","og_title":"Haradinaj kritikon Qeverin\u00eb p\u00ebr politikat energjetike - Kosova Times","og_description":"Kryetari i Aleanc\u00ebs p\u00ebr Ardhm\u00ebrin\u00eb e Kosov\u00ebs, Ramush Haradinaj, ka kritikuar Qeverin\u00eb Kurti p\u00ebr politikat energjetike, duke e akuzuar p\u00ebr anulimin e projekteve strategjike dhe p\u00ebr koston e lart\u00eb t\u00eb energjis\u00eb q\u00eb, sipas tij, po i kushton Kosov\u00ebs. Haradinaj theksoi se Kosova po paguan qindra miliona euro p\u00ebr energji ndaj Serbis\u00eb, p\u00ebrmes, si\u00e7 tha ai, [&hellip;]","og_url":"https:\/\/kosovatimes.info\/index.php\/2026\/04\/28\/haradinaj-kritikon-qeverine-per-politikat-energjetike\/","og_site_name":"Kosova Times","article_published_time":"2026-04-28T15:37:00+00:00","article_modified_time":"2026-04-28T15:59:26+00:00","og_image":[{"width":780,"height":500,"url":"https:\/\/kosovatimes.info\/wp-content\/uploads\/2026\/04\/Haraiaj.jpg","type":"image\/jpeg"}],"author":"i l","twitter_card":"summary_large_image","twitter_misc":{"Written by":"i l","Est. reading time":"2 minutes"},"schema":{"@context":"https:\/\/schema.org","@graph":[{"@type":"Article","@id":"https:\/\/kosovatimes.info\/index.php\/2026\/04\/28\/haradinaj-kritikon-qeverine-per-politikat-energjetike\/#article","isPartOf":{"@id":"https:\/\/kosovatimes.info\/index.php\/2026\/04\/28\/haradinaj-kritikon-qeverine-per-politikat-energjetike\/"},"author":{"name":"i l","@id":"https:\/\/kosovatimes.info\/#\/schema\/person\/7586712b9c512fe68085de007378c915"},"headline":"Haradinaj kritikon Qeverin\u00eb p\u00ebr politikat energjetike","datePublished":"2026-04-28T15:37:00+00:00","dateModified":"2026-04-28T15:59:26+00:00","mainEntityOfPage":{"@id":"https:\/\/kosovatimes.info\/index.php\/2026\/04\/28\/haradinaj-kritikon-qeverine-per-politikat-energjetike\/"},"wordCount":241,"commentCount":0,"image":{"@id":"https:\/\/kosovatimes.info\/index.php\/2026\/04\/28\/haradinaj-kritikon-qeverine-per-politikat-energjetike\/#primaryimage"},"thumbnailUrl":"https:\/\/kosovatimes.info\/wp-content\/uploads\/2026\/04\/Haraiaj.jpg","articleSection":["Kosov\u00eb","Lajme"],"inLanguage":"en-US","potentialAction":[{"@type":"CommentAction","name":"Comment","target":["https:\/\/kosovatimes.info\/index.php\/2026\/04\/28\/haradinaj-kritikon-qeverine-per-politikat-energjetike\/#respond"]}]},{"@type":"WebPage","@id":"https:\/\/kosovatimes.info\/index.php\/2026\/04\/28\/haradinaj-kritikon-qeverine-per-politikat-energjetike\/","url":"https:\/\/kosovatimes.info\/index.php\/2026\/04\/28\/haradinaj-kritikon-qeverine-per-politikat-energjetike\/","name":"Haradinaj kritikon Qeverin\u00eb p\u00ebr politikat energjetike - Kosova Times","isPartOf":{"@id":"https:\/\/kosovatimes.info\/#website"},"primaryImageOfPage":{"@id":"https:\/\/kosovatimes.info\/index.php\/2026\/04\/28\/haradinaj-kritikon-qeverine-per-politikat-energjetike\/#primaryimage"},"image":{"@id":"https:\/\/kosovatimes.info\/index.php\/2026\/04\/28\/haradinaj-kritikon-qeverine-per-politikat-energjetike\/#primaryimage"},"thumbnailUrl":"https:\/\/kosovatimes.info\/wp-content\/uploads\/2026\/04\/Haraiaj.jpg","datePublished":"2026-04-28T15:37:00+00:00","dateModified":"2026-04-28T15:59:26+00:00","author":{"@id":"https:\/\/kosovatimes.info\/#\/schema\/person\/7586712b9c512fe68085de007378c915"},"breadcrumb":{"@id":"https:\/\/kosovatimes.info\/index.php\/2026\/04\/28\/haradinaj-kritikon-qeverine-per-politikat-energjetike\/#breadcrumb"},"inLanguage":"en-US","potentialAction":[{"@type":"ReadAction","target":["https:\/\/kosovatimes.info\/index.php\/2026\/04\/28\/haradinaj-kritikon-qeverine-per-politikat-energjetike\/"]}]},{"@type":"ImageObject","inLanguage":"en-US","@id":"https:\/\/kosovatimes.info\/index.php\/2026\/04\/28\/haradinaj-kritikon-qeverine-per-politikat-energjetike\/#primaryimage","url":"https:\/\/kosovatimes.info\/wp-content\/uploads\/2026\/04\/Haraiaj.jpg","contentUrl":"https:\/\/kosovatimes.info\/wp-content\/uploads\/2026\/04\/Haraiaj.jpg","width":780,"height":500},{"@type":"BreadcrumbList","@id":"https:\/\/kosovatimes.info\/index.php\/2026\/04\/28\/haradinaj-kritikon-qeverine-per-politikat-energjetike\/#breadcrumb","itemListElement":[{"@type":"ListItem","position":1,"name":"Home","item":"https:\/\/kosovatimes.info\/"},{"@type":"ListItem","position":2,"name":"Haradinaj kritikon Qeverin\u00eb p\u00ebr politikat energjetike"}]},{"@type":"WebSite","@id":"https:\/\/kosovatimes.info\/#website","url":"https:\/\/kosovatimes.info\/","name":"Kosova Times","description":"","potentialAction":[{"@type":"SearchAction","target":{"@type":"EntryPoint","urlTemplate":"https:\/\/kosovatimes.info\/?s={search_term_string}"},"query-input":{"@type":"PropertyValueSpecification","valueRequired":true,"valueName":"search_term_string"}}],"inLanguage":"en-US"},{"@type":"Person","@id":"https:\/\/kosovatimes.info\/#\/schema\/person\/7586712b9c512fe68085de007378c915","name":"i l","image":{"@type":"ImageObject","inLanguage":"en-US","@id":"https:\/\/secure.gravatar.com\/avatar\/bad9296e02816160ae2e2435beda58222022298d5625d49fea74d18816fbb31d?s=96&d=mm&r=g","url":"https:\/\/secure.gravatar.com\/avatar\/bad9296e02816160ae2e2435beda58222022298d5625d49fea74d18816fbb31d?s=96&d=mm&r=g","contentUrl":"https:\/\/secure.gravatar.com\/avatar\/bad9296e02816160ae2e2435beda58222022298d5625d49fea74d18816fbb31d?s=96&d=mm&r=g","caption":"i l"},"url":"https:\/\/kosovatimes.info\/index.php\/author\/iliri\/"}]}},"_links":{"self":[{"href":"https:\/\/kosovatimes.info\/index.php\/wp-json\/wp\/v2\/posts\/12195","targetHints":{"allow":["GET"]}}],"collection":[{"href":"https:\/\/kosovatimes.info\/index.php\/wp-json\/wp\/v2\/posts"}],"about":[{"href":"https:\/\/kosovatimes.info\/index.php\/wp-json\/wp\/v2\/types\/post"}],"author":[{"embeddable":true,"href":"https:\/\/kosovatimes.info\/index.php\/wp-json\/wp\/v2\/users\/4"}],"replies":[{"embeddable":true,"href":"https:\/\/kosovatimes.info\/index.php\/wp-json\/wp\/v2\/comments?post=12195"}],"version-history":[{"count":1,"href":"https:\/\/kosovatimes.info\/index.php\/wp-json\/wp\/v2\/posts\/12195\/revisions"}],"predecessor-version":[{"id":12197,"href":"https:\/\/kosovatimes.info\/index.php\/wp-json\/wp\/v2\/posts\/12195\/revisions\/12197"}],"wp:featuredmedia":[{"embeddable":true,"href":"https:\/\/kosovatimes.info\/index.php\/wp-json\/wp\/v2\/media\/12196"}],"wp:attachment":[{"href":"https:\/\/kosovatimes.info\/index.php\/wp-json\/wp\/v2\/media?parent=12195"}],"wp:term":[{"taxonomy":"category","embeddable":true,"href":"https:\/\/kosovatimes.info\/index.php\/wp-json\/wp\/v2\/categories?post=12195"},{"taxonomy":"post_tag","embeddable":true,"href":"https:\/\/kosovatimes.info\/index.php\/wp-json\/wp\/v2\/tags?post=12195"}],"curies":[{"name":"wp","href":"https:\/\/api.w.org\/{rel}","templated":true}]}}