{"id":12201,"date":"2026-04-28T09:37:00","date_gmt":"2026-04-28T07:37:00","guid":{"rendered":"https:\/\/kosovatimes.info\/?p=12201"},"modified":"2026-04-28T18:02:25","modified_gmt":"2026-04-28T16:02:25","slug":"delegacioni-i-komitetit-ushtarak-te-nato-s-po-qendron-per-vizite-ne-kosove","status":"publish","type":"post","link":"https:\/\/kosovatimes.info\/index.php\/2026\/04\/28\/delegacioni-i-komitetit-ushtarak-te-nato-s-po-qendron-per-vizite-ne-kosove\/","title":{"rendered":"Delegacioni i Komitetit Ushtarak t\u00eb NATO-s po q\u00ebndron p\u00ebr vizit\u00eb n\u00eb Kosov\u00eb"},"content":{"rendered":"\n<p><strong>Nj\u00eb delegacion i Komiteti Ushtarak i NATO-s po q\u00ebndron p\u00ebr vizit\u00eb zyrtare n\u00eb Republika e Kosov\u00ebs n\u00eb kuad\u00ebr t\u00eb agjend\u00ebs s\u00eb bashk\u00ebpunimit dhe siguris\u00eb nd\u00ebrkomb\u00ebtare. Prania e tyre \u00ebsht\u00eb v\u00ebrejtur edhe n\u00eb af\u00ebrsi t\u00eb nd\u00ebrtes\u00ebs s\u00eb Qeveris\u00eb n\u00eb Prishtin\u00eb, duke sinjalizuar zhvillimin e takimeve t\u00eb nivelit t\u00eb lart\u00eb institucional.<\/strong><\/p>\n\n\n\n<p>Sipas nj\u00eb njoftimi&nbsp;t\u00eb Policia e Kosov\u00ebs, institucionet e siguris\u00eb kan\u00eb nd\u00ebrmarr\u00eb t\u00eb gjitha masat e nevojshme p\u00ebr t\u00eb garantuar rendin dhe qet\u00ebsin\u00eb publike gjat\u00eb k\u00ebsaj vizite. Policia do t\u00eb angazhohet gjithashtu n\u00eb menaxhimin dhe rregullimin e trafikut p\u00ebrgjat\u00eb l\u00ebvizjes s\u00eb eskort\u00ebs s\u00eb delegacionit dhe gjat\u00eb q\u00ebndrimit t\u00eb tyre n\u00eb vend.<\/p>\n\n\n\n<p>P\u00ebr t\u00eb mund\u00ebsuar zhvillimin e papenguar t\u00eb aktiviteteve sipas agjend\u00ebs zyrtare, do t\u00eb ket\u00eb nd\u00ebrprerje t\u00eb p\u00ebrkohshme t\u00eb qarkullimit n\u00eb disa segmente rrugore, kryesisht n\u00eb zonat ku pritet t\u00eb kaloj\u00eb eskorta. K\u00ebto nd\u00ebrprerje do t\u00eb jen\u00eb t\u00eb shkurtra dhe do t\u00eb shoq\u00ebrohen me riorientim t\u00eb trafikut n\u00eb rrug\u00eb alternative.<\/p>\n\n\n\n<p>Autoritetet kan\u00eb b\u00ebr\u00eb thirrje p\u00ebr mir\u00ebkuptim nga qytetar\u00ebt dhe pjes\u00ebmarr\u00ebsit n\u00eb trafik, duke theksuar r\u00ebnd\u00ebsin\u00eb e k\u00ebsaj vizite p\u00ebr bashk\u00ebpunimin nd\u00ebrkomb\u00ebtar dhe sigurin\u00eb n\u00eb rajon.<\/p>\n","protected":false},"excerpt":{"rendered":"<p>Nj\u00eb delegacion i Komiteti Ushtarak i NATO-s po q\u00ebndron p\u00ebr vizit\u00eb zyrtare n\u00eb Republika e Kosov\u00ebs n\u00eb kuad\u00ebr t\u00eb agjend\u00ebs s\u00eb bashk\u00ebpunimit dhe siguris\u00eb nd\u00ebrkomb\u00ebtare. Prania e tyre \u00ebsht\u00eb v\u00ebrejtur edhe n\u00eb af\u00ebrsi t\u00eb nd\u00ebrtes\u00ebs s\u00eb Qeveris\u00eb n\u00eb Prishtin\u00eb, duke sinjalizuar zhvillimin e takimeve t\u00eb nivelit t\u00eb lart\u00eb institucional. Sipas nj\u00eb njoftimi&nbsp;t\u00eb Policia e Kosov\u00ebs, [&hellip;]<\/p>\n","protected":false},"author":4,"featured_media":12202,"comment_status":"open","ping_status":"open","sticky":false,"template":"","format":"standard","meta":{"footnotes":""},"categories":[31,30],"tags":[],"class_list":{"0":"post-12201","1":"post","2":"type-post","3":"status-publish","4":"format-standard","5":"has-post-thumbnail","7":"category-kosove","8":"category-lajme"},"yoast_head":"<!-- This site is optimized with the Yoast SEO plugin v27.4 - https:\/\/yoast.com\/product\/yoast-seo-wordpress\/ -->\n<title>Delegacioni i Komitetit Ushtarak t\u00eb NATO-s po q\u00ebndron p\u00ebr vizit\u00eb n\u00eb Kosov\u00eb - Kosova Times<\/title>\n<meta name=\"robots\" content=\"index, follow, max-snippet:-1, max-image-preview:large, max-video-preview:-1\" \/>\n<link rel=\"canonical\" href=\"https:\/\/kosovatimes.info\/index.php\/2026\/04\/28\/delegacioni-i-komitetit-ushtarak-te-nato-s-po-qendron-per-vizite-ne-kosove\/\" \/>\n<meta property=\"og:locale\" content=\"en_US\" \/>\n<meta property=\"og:type\" content=\"article\" \/>\n<meta property=\"og:title\" content=\"Delegacioni i Komitetit Ushtarak t\u00eb NATO-s po q\u00ebndron p\u00ebr vizit\u00eb n\u00eb Kosov\u00eb - Kosova Times\" \/>\n<meta property=\"og:description\" content=\"Nj\u00eb delegacion i Komiteti Ushtarak i NATO-s po q\u00ebndron p\u00ebr vizit\u00eb zyrtare n\u00eb Republika e Kosov\u00ebs n\u00eb kuad\u00ebr t\u00eb agjend\u00ebs s\u00eb bashk\u00ebpunimit dhe siguris\u00eb nd\u00ebrkomb\u00ebtare. Prania e tyre \u00ebsht\u00eb v\u00ebrejtur edhe n\u00eb af\u00ebrsi t\u00eb nd\u00ebrtes\u00ebs s\u00eb Qeveris\u00eb n\u00eb Prishtin\u00eb, duke sinjalizuar zhvillimin e takimeve t\u00eb nivelit t\u00eb lart\u00eb institucional. Sipas nj\u00eb njoftimi&nbsp;t\u00eb Policia e Kosov\u00ebs, [&hellip;]\" \/>\n<meta property=\"og:url\" content=\"https:\/\/kosovatimes.info\/index.php\/2026\/04\/28\/delegacioni-i-komitetit-ushtarak-te-nato-s-po-qendron-per-vizite-ne-kosove\/\" \/>\n<meta property=\"og:site_name\" content=\"Kosova Times\" \/>\n<meta property=\"article:published_time\" content=\"2026-04-28T07:37:00+00:00\" \/>\n<meta property=\"article:modified_time\" content=\"2026-04-28T16:02:25+00:00\" \/>\n<meta property=\"og:image\" content=\"https:\/\/kosovatimes.info\/wp-content\/uploads\/2026\/04\/NATO-2.jpg\" \/>\n\t<meta property=\"og:image:width\" content=\"780\" \/>\n\t<meta property=\"og:image:height\" content=\"500\" \/>\n\t<meta property=\"og:image:type\" content=\"image\/jpeg\" \/>\n<meta name=\"author\" content=\"i l\" \/>\n<meta name=\"twitter:card\" content=\"summary_large_image\" \/>\n<meta name=\"twitter:label1\" content=\"Written by\" \/>\n\t<meta name=\"twitter:data1\" content=\"i l\" \/>\n\t<meta name=\"twitter:label2\" content=\"Est. reading time\" \/>\n\t<meta name=\"twitter:data2\" content=\"1 minute\" \/>\n<script type=\"application\/ld+json\" class=\"yoast-schema-graph\">{\"@context\":\"https:\\\/\\\/schema.org\",\"@graph\":[{\"@type\":\"Article\",\"@id\":\"https:\\\/\\\/kosovatimes.info\\\/index.php\\\/2026\\\/04\\\/28\\\/delegacioni-i-komitetit-ushtarak-te-nato-s-po-qendron-per-vizite-ne-kosove\\\/#article\",\"isPartOf\":{\"@id\":\"https:\\\/\\\/kosovatimes.info\\\/index.php\\\/2026\\\/04\\\/28\\\/delegacioni-i-komitetit-ushtarak-te-nato-s-po-qendron-per-vizite-ne-kosove\\\/\"},\"author\":{\"name\":\"i l\",\"@id\":\"https:\\\/\\\/kosovatimes.info\\\/#\\\/schema\\\/person\\\/7586712b9c512fe68085de007378c915\"},\"headline\":\"Delegacioni i Komitetit Ushtarak t\u00eb NATO-s po q\u00ebndron p\u00ebr vizit\u00eb n\u00eb Kosov\u00eb\",\"datePublished\":\"2026-04-28T07:37:00+00:00\",\"dateModified\":\"2026-04-28T16:02:25+00:00\",\"mainEntityOfPage\":{\"@id\":\"https:\\\/\\\/kosovatimes.info\\\/index.php\\\/2026\\\/04\\\/28\\\/delegacioni-i-komitetit-ushtarak-te-nato-s-po-qendron-per-vizite-ne-kosove\\\/\"},\"wordCount\":231,\"commentCount\":0,\"image\":{\"@id\":\"https:\\\/\\\/kosovatimes.info\\\/index.php\\\/2026\\\/04\\\/28\\\/delegacioni-i-komitetit-ushtarak-te-nato-s-po-qendron-per-vizite-ne-kosove\\\/#primaryimage\"},\"thumbnailUrl\":\"https:\\\/\\\/kosovatimes.info\\\/wp-content\\\/uploads\\\/2026\\\/04\\\/NATO-2.jpg\",\"articleSection\":[\"Kosov\u00eb\",\"Lajme\"],\"inLanguage\":\"en-US\",\"potentialAction\":[{\"@type\":\"CommentAction\",\"name\":\"Comment\",\"target\":[\"https:\\\/\\\/kosovatimes.info\\\/index.php\\\/2026\\\/04\\\/28\\\/delegacioni-i-komitetit-ushtarak-te-nato-s-po-qendron-per-vizite-ne-kosove\\\/#respond\"]}]},{\"@type\":\"WebPage\",\"@id\":\"https:\\\/\\\/kosovatimes.info\\\/index.php\\\/2026\\\/04\\\/28\\\/delegacioni-i-komitetit-ushtarak-te-nato-s-po-qendron-per-vizite-ne-kosove\\\/\",\"url\":\"https:\\\/\\\/kosovatimes.info\\\/index.php\\\/2026\\\/04\\\/28\\\/delegacioni-i-komitetit-ushtarak-te-nato-s-po-qendron-per-vizite-ne-kosove\\\/\",\"name\":\"Delegacioni i Komitetit Ushtarak t\u00eb NATO-s po q\u00ebndron p\u00ebr vizit\u00eb n\u00eb Kosov\u00eb - Kosova Times\",\"isPartOf\":{\"@id\":\"https:\\\/\\\/kosovatimes.info\\\/#website\"},\"primaryImageOfPage\":{\"@id\":\"https:\\\/\\\/kosovatimes.info\\\/index.php\\\/2026\\\/04\\\/28\\\/delegacioni-i-komitetit-ushtarak-te-nato-s-po-qendron-per-vizite-ne-kosove\\\/#primaryimage\"},\"image\":{\"@id\":\"https:\\\/\\\/kosovatimes.info\\\/index.php\\\/2026\\\/04\\\/28\\\/delegacioni-i-komitetit-ushtarak-te-nato-s-po-qendron-per-vizite-ne-kosove\\\/#primaryimage\"},\"thumbnailUrl\":\"https:\\\/\\\/kosovatimes.info\\\/wp-content\\\/uploads\\\/2026\\\/04\\\/NATO-2.jpg\",\"datePublished\":\"2026-04-28T07:37:00+00:00\",\"dateModified\":\"2026-04-28T16:02:25+00:00\",\"author\":{\"@id\":\"https:\\\/\\\/kosovatimes.info\\\/#\\\/schema\\\/person\\\/7586712b9c512fe68085de007378c915\"},\"breadcrumb\":{\"@id\":\"https:\\\/\\\/kosovatimes.info\\\/index.php\\\/2026\\\/04\\\/28\\\/delegacioni-i-komitetit-ushtarak-te-nato-s-po-qendron-per-vizite-ne-kosove\\\/#breadcrumb\"},\"inLanguage\":\"en-US\",\"potentialAction\":[{\"@type\":\"ReadAction\",\"target\":[\"https:\\\/\\\/kosovatimes.info\\\/index.php\\\/2026\\\/04\\\/28\\\/delegacioni-i-komitetit-ushtarak-te-nato-s-po-qendron-per-vizite-ne-kosove\\\/\"]}]},{\"@type\":\"ImageObject\",\"inLanguage\":\"en-US\",\"@id\":\"https:\\\/\\\/kosovatimes.info\\\/index.php\\\/2026\\\/04\\\/28\\\/delegacioni-i-komitetit-ushtarak-te-nato-s-po-qendron-per-vizite-ne-kosove\\\/#primaryimage\",\"url\":\"https:\\\/\\\/kosovatimes.info\\\/wp-content\\\/uploads\\\/2026\\\/04\\\/NATO-2.jpg\",\"contentUrl\":\"https:\\\/\\\/kosovatimes.info\\\/wp-content\\\/uploads\\\/2026\\\/04\\\/NATO-2.jpg\",\"width\":780,\"height\":500},{\"@type\":\"BreadcrumbList\",\"@id\":\"https:\\\/\\\/kosovatimes.info\\\/index.php\\\/2026\\\/04\\\/28\\\/delegacioni-i-komitetit-ushtarak-te-nato-s-po-qendron-per-vizite-ne-kosove\\\/#breadcrumb\",\"itemListElement\":[{\"@type\":\"ListItem\",\"position\":1,\"name\":\"Home\",\"item\":\"https:\\\/\\\/kosovatimes.info\\\/\"},{\"@type\":\"ListItem\",\"position\":2,\"name\":\"Delegacioni i Komitetit Ushtarak t\u00eb NATO-s po q\u00ebndron p\u00ebr vizit\u00eb n\u00eb Kosov\u00eb\"}]},{\"@type\":\"WebSite\",\"@id\":\"https:\\\/\\\/kosovatimes.info\\\/#website\",\"url\":\"https:\\\/\\\/kosovatimes.info\\\/\",\"name\":\"Kosova Times\",\"description\":\"\",\"potentialAction\":[{\"@type\":\"SearchAction\",\"target\":{\"@type\":\"EntryPoint\",\"urlTemplate\":\"https:\\\/\\\/kosovatimes.info\\\/?s={search_term_string}\"},\"query-input\":{\"@type\":\"PropertyValueSpecification\",\"valueRequired\":true,\"valueName\":\"search_term_string\"}}],\"inLanguage\":\"en-US\"},{\"@type\":\"Person\",\"@id\":\"https:\\\/\\\/kosovatimes.info\\\/#\\\/schema\\\/person\\\/7586712b9c512fe68085de007378c915\",\"name\":\"i l\",\"image\":{\"@type\":\"ImageObject\",\"inLanguage\":\"en-US\",\"@id\":\"https:\\\/\\\/secure.gravatar.com\\\/avatar\\\/bad9296e02816160ae2e2435beda58222022298d5625d49fea74d18816fbb31d?s=96&d=mm&r=g\",\"url\":\"https:\\\/\\\/secure.gravatar.com\\\/avatar\\\/bad9296e02816160ae2e2435beda58222022298d5625d49fea74d18816fbb31d?s=96&d=mm&r=g\",\"contentUrl\":\"https:\\\/\\\/secure.gravatar.com\\\/avatar\\\/bad9296e02816160ae2e2435beda58222022298d5625d49fea74d18816fbb31d?s=96&d=mm&r=g\",\"caption\":\"i l\"},\"url\":\"https:\\\/\\\/kosovatimes.info\\\/index.php\\\/author\\\/iliri\\\/\"}]}<\/script>\n<!-- \/ Yoast SEO plugin. -->","yoast_head_json":{"title":"Delegacioni i Komitetit Ushtarak t\u00eb NATO-s po q\u00ebndron p\u00ebr vizit\u00eb n\u00eb Kosov\u00eb - Kosova Times","robots":{"index":"index","follow":"follow","max-snippet":"max-snippet:-1","max-image-preview":"max-image-preview:large","max-video-preview":"max-video-preview:-1"},"canonical":"https:\/\/kosovatimes.info\/index.php\/2026\/04\/28\/delegacioni-i-komitetit-ushtarak-te-nato-s-po-qendron-per-vizite-ne-kosove\/","og_locale":"en_US","og_type":"article","og_title":"Delegacioni i Komitetit Ushtarak t\u00eb NATO-s po q\u00ebndron p\u00ebr vizit\u00eb n\u00eb Kosov\u00eb - Kosova Times","og_description":"Nj\u00eb delegacion i Komiteti Ushtarak i NATO-s po q\u00ebndron p\u00ebr vizit\u00eb zyrtare n\u00eb Republika e Kosov\u00ebs n\u00eb kuad\u00ebr t\u00eb agjend\u00ebs s\u00eb bashk\u00ebpunimit dhe siguris\u00eb nd\u00ebrkomb\u00ebtare. Prania e tyre \u00ebsht\u00eb v\u00ebrejtur edhe n\u00eb af\u00ebrsi t\u00eb nd\u00ebrtes\u00ebs s\u00eb Qeveris\u00eb n\u00eb Prishtin\u00eb, duke sinjalizuar zhvillimin e takimeve t\u00eb nivelit t\u00eb lart\u00eb institucional. Sipas nj\u00eb njoftimi&nbsp;t\u00eb Policia e Kosov\u00ebs, [&hellip;]","og_url":"https:\/\/kosovatimes.info\/index.php\/2026\/04\/28\/delegacioni-i-komitetit-ushtarak-te-nato-s-po-qendron-per-vizite-ne-kosove\/","og_site_name":"Kosova Times","article_published_time":"2026-04-28T07:37:00+00:00","article_modified_time":"2026-04-28T16:02:25+00:00","og_image":[{"width":780,"height":500,"url":"https:\/\/kosovatimes.info\/wp-content\/uploads\/2026\/04\/NATO-2.jpg","type":"image\/jpeg"}],"author":"i l","twitter_card":"summary_large_image","twitter_misc":{"Written by":"i l","Est. reading time":"1 minute"},"schema":{"@context":"https:\/\/schema.org","@graph":[{"@type":"Article","@id":"https:\/\/kosovatimes.info\/index.php\/2026\/04\/28\/delegacioni-i-komitetit-ushtarak-te-nato-s-po-qendron-per-vizite-ne-kosove\/#article","isPartOf":{"@id":"https:\/\/kosovatimes.info\/index.php\/2026\/04\/28\/delegacioni-i-komitetit-ushtarak-te-nato-s-po-qendron-per-vizite-ne-kosove\/"},"author":{"name":"i l","@id":"https:\/\/kosovatimes.info\/#\/schema\/person\/7586712b9c512fe68085de007378c915"},"headline":"Delegacioni i Komitetit Ushtarak t\u00eb NATO-s po q\u00ebndron p\u00ebr vizit\u00eb n\u00eb Kosov\u00eb","datePublished":"2026-04-28T07:37:00+00:00","dateModified":"2026-04-28T16:02:25+00:00","mainEntityOfPage":{"@id":"https:\/\/kosovatimes.info\/index.php\/2026\/04\/28\/delegacioni-i-komitetit-ushtarak-te-nato-s-po-qendron-per-vizite-ne-kosove\/"},"wordCount":231,"commentCount":0,"image":{"@id":"https:\/\/kosovatimes.info\/index.php\/2026\/04\/28\/delegacioni-i-komitetit-ushtarak-te-nato-s-po-qendron-per-vizite-ne-kosove\/#primaryimage"},"thumbnailUrl":"https:\/\/kosovatimes.info\/wp-content\/uploads\/2026\/04\/NATO-2.jpg","articleSection":["Kosov\u00eb","Lajme"],"inLanguage":"en-US","potentialAction":[{"@type":"CommentAction","name":"Comment","target":["https:\/\/kosovatimes.info\/index.php\/2026\/04\/28\/delegacioni-i-komitetit-ushtarak-te-nato-s-po-qendron-per-vizite-ne-kosove\/#respond"]}]},{"@type":"WebPage","@id":"https:\/\/kosovatimes.info\/index.php\/2026\/04\/28\/delegacioni-i-komitetit-ushtarak-te-nato-s-po-qendron-per-vizite-ne-kosove\/","url":"https:\/\/kosovatimes.info\/index.php\/2026\/04\/28\/delegacioni-i-komitetit-ushtarak-te-nato-s-po-qendron-per-vizite-ne-kosove\/","name":"Delegacioni i Komitetit Ushtarak t\u00eb NATO-s po q\u00ebndron p\u00ebr vizit\u00eb n\u00eb Kosov\u00eb - Kosova Times","isPartOf":{"@id":"https:\/\/kosovatimes.info\/#website"},"primaryImageOfPage":{"@id":"https:\/\/kosovatimes.info\/index.php\/2026\/04\/28\/delegacioni-i-komitetit-ushtarak-te-nato-s-po-qendron-per-vizite-ne-kosove\/#primaryimage"},"image":{"@id":"https:\/\/kosovatimes.info\/index.php\/2026\/04\/28\/delegacioni-i-komitetit-ushtarak-te-nato-s-po-qendron-per-vizite-ne-kosove\/#primaryimage"},"thumbnailUrl":"https:\/\/kosovatimes.info\/wp-content\/uploads\/2026\/04\/NATO-2.jpg","datePublished":"2026-04-28T07:37:00+00:00","dateModified":"2026-04-28T16:02:25+00:00","author":{"@id":"https:\/\/kosovatimes.info\/#\/schema\/person\/7586712b9c512fe68085de007378c915"},"breadcrumb":{"@id":"https:\/\/kosovatimes.info\/index.php\/2026\/04\/28\/delegacioni-i-komitetit-ushtarak-te-nato-s-po-qendron-per-vizite-ne-kosove\/#breadcrumb"},"inLanguage":"en-US","potentialAction":[{"@type":"ReadAction","target":["https:\/\/kosovatimes.info\/index.php\/2026\/04\/28\/delegacioni-i-komitetit-ushtarak-te-nato-s-po-qendron-per-vizite-ne-kosove\/"]}]},{"@type":"ImageObject","inLanguage":"en-US","@id":"https:\/\/kosovatimes.info\/index.php\/2026\/04\/28\/delegacioni-i-komitetit-ushtarak-te-nato-s-po-qendron-per-vizite-ne-kosove\/#primaryimage","url":"https:\/\/kosovatimes.info\/wp-content\/uploads\/2026\/04\/NATO-2.jpg","contentUrl":"https:\/\/kosovatimes.info\/wp-content\/uploads\/2026\/04\/NATO-2.jpg","width":780,"height":500},{"@type":"BreadcrumbList","@id":"https:\/\/kosovatimes.info\/index.php\/2026\/04\/28\/delegacioni-i-komitetit-ushtarak-te-nato-s-po-qendron-per-vizite-ne-kosove\/#breadcrumb","itemListElement":[{"@type":"ListItem","position":1,"name":"Home","item":"https:\/\/kosovatimes.info\/"},{"@type":"ListItem","position":2,"name":"Delegacioni i Komitetit Ushtarak t\u00eb NATO-s po q\u00ebndron p\u00ebr vizit\u00eb n\u00eb Kosov\u00eb"}]},{"@type":"WebSite","@id":"https:\/\/kosovatimes.info\/#website","url":"https:\/\/kosovatimes.info\/","name":"Kosova Times","description":"","potentialAction":[{"@type":"SearchAction","target":{"@type":"EntryPoint","urlTemplate":"https:\/\/kosovatimes.info\/?s={search_term_string}"},"query-input":{"@type":"PropertyValueSpecification","valueRequired":true,"valueName":"search_term_string"}}],"inLanguage":"en-US"},{"@type":"Person","@id":"https:\/\/kosovatimes.info\/#\/schema\/person\/7586712b9c512fe68085de007378c915","name":"i l","image":{"@type":"ImageObject","inLanguage":"en-US","@id":"https:\/\/secure.gravatar.com\/avatar\/bad9296e02816160ae2e2435beda58222022298d5625d49fea74d18816fbb31d?s=96&d=mm&r=g","url":"https:\/\/secure.gravatar.com\/avatar\/bad9296e02816160ae2e2435beda58222022298d5625d49fea74d18816fbb31d?s=96&d=mm&r=g","contentUrl":"https:\/\/secure.gravatar.com\/avatar\/bad9296e02816160ae2e2435beda58222022298d5625d49fea74d18816fbb31d?s=96&d=mm&r=g","caption":"i l"},"url":"https:\/\/kosovatimes.info\/index.php\/author\/iliri\/"}]}},"_links":{"self":[{"href":"https:\/\/kosovatimes.info\/index.php\/wp-json\/wp\/v2\/posts\/12201","targetHints":{"allow":["GET"]}}],"collection":[{"href":"https:\/\/kosovatimes.info\/index.php\/wp-json\/wp\/v2\/posts"}],"about":[{"href":"https:\/\/kosovatimes.info\/index.php\/wp-json\/wp\/v2\/types\/post"}],"author":[{"embeddable":true,"href":"https:\/\/kosovatimes.info\/index.php\/wp-json\/wp\/v2\/users\/4"}],"replies":[{"embeddable":true,"href":"https:\/\/kosovatimes.info\/index.php\/wp-json\/wp\/v2\/comments?post=12201"}],"version-history":[{"count":1,"href":"https:\/\/kosovatimes.info\/index.php\/wp-json\/wp\/v2\/posts\/12201\/revisions"}],"predecessor-version":[{"id":12203,"href":"https:\/\/kosovatimes.info\/index.php\/wp-json\/wp\/v2\/posts\/12201\/revisions\/12203"}],"wp:featuredmedia":[{"embeddable":true,"href":"https:\/\/kosovatimes.info\/index.php\/wp-json\/wp\/v2\/media\/12202"}],"wp:attachment":[{"href":"https:\/\/kosovatimes.info\/index.php\/wp-json\/wp\/v2\/media?parent=12201"}],"wp:term":[{"taxonomy":"category","embeddable":true,"href":"https:\/\/kosovatimes.info\/index.php\/wp-json\/wp\/v2\/categories?post=12201"},{"taxonomy":"post_tag","embeddable":true,"href":"https:\/\/kosovatimes.info\/index.php\/wp-json\/wp\/v2\/tags?post=12201"}],"curies":[{"name":"wp","href":"https:\/\/api.w.org\/{rel}","templated":true}]}}