{"id":12204,"date":"2026-04-28T10:43:00","date_gmt":"2026-04-28T08:43:00","guid":{"rendered":"https:\/\/kosovatimes.info\/?p=12204"},"modified":"2026-04-28T18:03:47","modified_gmt":"2026-04-28T16:03:47","slug":"premtohet-forcim-i-inspektoratit-per-mbrojtjen-e-punetoreve","status":"publish","type":"post","link":"https:\/\/kosovatimes.info\/index.php\/2026\/04\/28\/premtohet-forcim-i-inspektoratit-per-mbrojtjen-e-punetoreve\/","title":{"rendered":"Premtohet forcim i inspektoratit p\u00ebr mbrojtjen e pun\u00ebtor\u00ebve"},"content":{"rendered":"\n<p><strong>N\u00eb Dit\u00ebn Bot\u00ebrore p\u00ebr Siguri dhe Sh\u00ebndet n\u00eb Pun\u00eb u organizua nj\u00eb konferenc\u00eb, e cila u tha se sh\u00ebrben si nj\u00eb moment i r\u00ebnd\u00ebsish\u00ebm p\u00ebr t\u00eb reflektuar mbi p\u00ebrpjekjet e p\u00ebrbashk\u00ebta n\u00eb promovimin e vendeve t\u00eb sigurta dhe t\u00eb sh\u00ebndetshme t\u00eb pun\u00ebs.<\/strong><\/p>\n\n\n\n<p>N\u00eb konferenc\u00eb mori pjes\u00eb edhe ministri i Pun\u00ebs, Andin Hoti, i cili tha se siguria dhe sh\u00ebndeti n\u00eb pun\u00eb jan\u00eb prioritet i ministris\u00eb.<\/p>\n\n\n\n<p>\u201cDy gj\u00ebra i kam pasur me r\u00ebnd\u00ebsi n\u00eb raport me inspektoratin,&nbsp;e para, q\u00eb inspektorati t\u00eb ket\u00eb dinjitet dhe t\u00eb forcohet, dhe q\u00eb inspektorati t\u00eb mos shihet si k\u00ebrc\u00ebnim, por partner i bizneseve. Siguria dhe dinjiteti i pun\u00ebtor\u00ebve jan\u00eb parime q\u00eb nuk duhet t\u00eb diskutohen,&nbsp; me sepse b\u00ebhet fjal\u00eb p\u00ebr jet\u00ebn e njeriut. K\u00ebt\u00eb \u00e7\u00ebshtje e kemi trajtuar p\u00ebrmes korniz\u00ebs ligjore dhe fuqizimit t\u00eb mekanizmave q\u00eb garantojn\u00eb zbatimin e saj, dhe kjo \u00e7\u00ebshtje k\u00ebrkon edhe vet\u00ebdijesim t\u00eb pun\u00ebdh\u00ebn\u00ebsve n\u00eb raport me pun\u00ebn. K\u00ebt\u00eb vit kemi plot\u00ebsimin dhe ndryshimin e ligjit p\u00ebr siguri dhe sh\u00ebndet n\u00eb pun\u00eb. Po ashtu, jemi duke planifikuar edhe fushata p\u00ebr nd\u00ebrgjegj\u00ebsim t\u00eb m\u00ebtejsh\u00ebm n\u00eb raport me sigurin\u00eb dhe sh\u00ebndetin n\u00eb pun\u00eb dhe gjith\u00e7ka q\u00eb nd\u00ebrlidhet me t\u00eb drejtat e pun\u00ebtor\u00ebve. Do t\u00eb jemi gardian ndaj qytetar\u00ebve dhe pun\u00ebtor\u00ebve n\u00eb raport me pun\u00ebn, duke garantuar q\u00eb t\u00eb mos u shkelen t\u00eb drejtat dhe t\u00eb mos u shkelet djersa e askujt\u201d, tha ai.<\/p>\n\n\n\n<p>Ushtruesi i detyr\u00ebs s\u00eb Drejtorit Ekzekutiv t\u00eb Inspektoratit Qendror t\u00eb Pun\u00ebs, Kastriot Jashari, tha se ky institucion nuk duhet t\u00eb shihet vet\u00ebm si institucion nd\u00ebshkues, por edhe edukues.<\/p>\n\n\n\n<p>\u201cPavar\u00ebsisht, aksioni nuk duhet par\u00eb si nd\u00ebshkues, por si korrektues dhe edukues.Q\u00ebllimi yn\u00eb final \u00ebsht\u00eb bashk\u00ebpunimi dhe po b\u00ebjm\u00eb p\u00ebrpjekje q\u00eb t\u00eb sigurohen kushtet e nevojshme t\u00eb pun\u00ebs\u201d, theksoi ai.<\/p>\n\n\n\n<p>Z\u00ebvend\u00ebs Shefi i Misionit dhe Shef i Bashk\u00ebpunimit p\u00ebr Zhvillim n\u00eb Ambasad\u00ebn e Suedis\u00eb, Henrik Riby, tha se pavar\u00ebsisht q\u00eb vendi ka sh\u00ebnuar progres, megjithat\u00eb mbrojtja n\u00eb pun\u00eb \u00ebsht\u00eb p\u00ebrgjegj\u00ebsi.<\/p>\n\n\n\n<p>\u201cPuna \u00ebsht\u00eb m\u00eb shum\u00eb se nj\u00eb kontrat\u00eb, \u00ebsht\u00eb vendi ku kalojm\u00eb pjes\u00ebn m\u00eb t\u00eb madhe t\u00eb koh\u00ebs dhe ajo duhet t\u00eb jet\u00eb e sigurt dhe e dinjitetshme. Po shohim nj\u00eb trend pozitiv, por ka sektor\u00eb ku kushtet e pun\u00ebs ende nuk i plot\u00ebsojn\u00eb standardet\u201d, tha ai.<\/p>\n\n\n\n<p>N\u00eb Dit\u00ebn Bot\u00ebrore p\u00ebr Siguri dhe Sh\u00ebndet n\u00eb Pun\u00eb u dor\u00ebzuan edhe pajisje dhe vetura p\u00ebr inspektoratin, t\u00eb cilat do t\u00eb sh\u00ebrbejn\u00eb p\u00ebr pun\u00eb m\u00eb efikase n\u00eb terren.<\/p>\n","protected":false},"excerpt":{"rendered":"<p>N\u00eb Dit\u00ebn Bot\u00ebrore p\u00ebr Siguri dhe Sh\u00ebndet n\u00eb Pun\u00eb u organizua nj\u00eb konferenc\u00eb, e cila u tha se sh\u00ebrben si nj\u00eb moment i r\u00ebnd\u00ebsish\u00ebm p\u00ebr t\u00eb reflektuar mbi p\u00ebrpjekjet e p\u00ebrbashk\u00ebta n\u00eb promovimin e vendeve t\u00eb sigurta dhe t\u00eb sh\u00ebndetshme t\u00eb pun\u00ebs. N\u00eb konferenc\u00eb mori pjes\u00eb edhe ministri i Pun\u00ebs, Andin Hoti, i cili tha [&hellip;]<\/p>\n","protected":false},"author":4,"featured_media":12205,"comment_status":"open","ping_status":"open","sticky":false,"template":"","format":"standard","meta":{"footnotes":""},"categories":[31,30],"tags":[],"class_list":{"0":"post-12204","1":"post","2":"type-post","3":"status-publish","4":"format-standard","5":"has-post-thumbnail","7":"category-kosove","8":"category-lajme"},"yoast_head":"<!-- This site is optimized with the Yoast SEO plugin v27.4 - https:\/\/yoast.com\/product\/yoast-seo-wordpress\/ -->\n<title>Premtohet forcim i inspektoratit p\u00ebr mbrojtjen e pun\u00ebtor\u00ebve - Kosova Times<\/title>\n<meta name=\"robots\" content=\"index, follow, max-snippet:-1, max-image-preview:large, max-video-preview:-1\" \/>\n<link rel=\"canonical\" href=\"https:\/\/kosovatimes.info\/index.php\/2026\/04\/28\/premtohet-forcim-i-inspektoratit-per-mbrojtjen-e-punetoreve\/\" \/>\n<meta property=\"og:locale\" content=\"en_US\" \/>\n<meta property=\"og:type\" content=\"article\" \/>\n<meta property=\"og:title\" content=\"Premtohet forcim i inspektoratit p\u00ebr mbrojtjen e pun\u00ebtor\u00ebve - Kosova Times\" \/>\n<meta property=\"og:description\" content=\"N\u00eb Dit\u00ebn Bot\u00ebrore p\u00ebr Siguri dhe Sh\u00ebndet n\u00eb Pun\u00eb u organizua nj\u00eb konferenc\u00eb, e cila u tha se sh\u00ebrben si nj\u00eb moment i r\u00ebnd\u00ebsish\u00ebm p\u00ebr t\u00eb reflektuar mbi p\u00ebrpjekjet e p\u00ebrbashk\u00ebta n\u00eb promovimin e vendeve t\u00eb sigurta dhe t\u00eb sh\u00ebndetshme t\u00eb pun\u00ebs. N\u00eb konferenc\u00eb mori pjes\u00eb edhe ministri i Pun\u00ebs, Andin Hoti, i cili tha [&hellip;]\" \/>\n<meta property=\"og:url\" content=\"https:\/\/kosovatimes.info\/index.php\/2026\/04\/28\/premtohet-forcim-i-inspektoratit-per-mbrojtjen-e-punetoreve\/\" \/>\n<meta property=\"og:site_name\" content=\"Kosova Times\" \/>\n<meta property=\"article:published_time\" content=\"2026-04-28T08:43:00+00:00\" \/>\n<meta property=\"article:modified_time\" content=\"2026-04-28T16:03:47+00:00\" \/>\n<meta property=\"og:image\" content=\"https:\/\/kosovatimes.info\/wp-content\/uploads\/2026\/04\/MPMS.jpg\" \/>\n\t<meta property=\"og:image:width\" content=\"780\" \/>\n\t<meta property=\"og:image:height\" content=\"500\" \/>\n\t<meta property=\"og:image:type\" content=\"image\/jpeg\" \/>\n<meta name=\"author\" content=\"i l\" \/>\n<meta name=\"twitter:card\" content=\"summary_large_image\" \/>\n<meta name=\"twitter:label1\" content=\"Written by\" \/>\n\t<meta name=\"twitter:data1\" content=\"i l\" \/>\n\t<meta name=\"twitter:label2\" content=\"Est. reading time\" \/>\n\t<meta name=\"twitter:data2\" content=\"2 minutes\" \/>\n<script type=\"application\/ld+json\" class=\"yoast-schema-graph\">{\"@context\":\"https:\\\/\\\/schema.org\",\"@graph\":[{\"@type\":\"Article\",\"@id\":\"https:\\\/\\\/kosovatimes.info\\\/index.php\\\/2026\\\/04\\\/28\\\/premtohet-forcim-i-inspektoratit-per-mbrojtjen-e-punetoreve\\\/#article\",\"isPartOf\":{\"@id\":\"https:\\\/\\\/kosovatimes.info\\\/index.php\\\/2026\\\/04\\\/28\\\/premtohet-forcim-i-inspektoratit-per-mbrojtjen-e-punetoreve\\\/\"},\"author\":{\"name\":\"i l\",\"@id\":\"https:\\\/\\\/kosovatimes.info\\\/#\\\/schema\\\/person\\\/7586712b9c512fe68085de007378c915\"},\"headline\":\"Premtohet forcim i inspektoratit p\u00ebr mbrojtjen e pun\u00ebtor\u00ebve\",\"datePublished\":\"2026-04-28T08:43:00+00:00\",\"dateModified\":\"2026-04-28T16:03:47+00:00\",\"mainEntityOfPage\":{\"@id\":\"https:\\\/\\\/kosovatimes.info\\\/index.php\\\/2026\\\/04\\\/28\\\/premtohet-forcim-i-inspektoratit-per-mbrojtjen-e-punetoreve\\\/\"},\"wordCount\":481,\"commentCount\":0,\"image\":{\"@id\":\"https:\\\/\\\/kosovatimes.info\\\/index.php\\\/2026\\\/04\\\/28\\\/premtohet-forcim-i-inspektoratit-per-mbrojtjen-e-punetoreve\\\/#primaryimage\"},\"thumbnailUrl\":\"https:\\\/\\\/kosovatimes.info\\\/wp-content\\\/uploads\\\/2026\\\/04\\\/MPMS.jpg\",\"articleSection\":[\"Kosov\u00eb\",\"Lajme\"],\"inLanguage\":\"en-US\",\"potentialAction\":[{\"@type\":\"CommentAction\",\"name\":\"Comment\",\"target\":[\"https:\\\/\\\/kosovatimes.info\\\/index.php\\\/2026\\\/04\\\/28\\\/premtohet-forcim-i-inspektoratit-per-mbrojtjen-e-punetoreve\\\/#respond\"]}]},{\"@type\":\"WebPage\",\"@id\":\"https:\\\/\\\/kosovatimes.info\\\/index.php\\\/2026\\\/04\\\/28\\\/premtohet-forcim-i-inspektoratit-per-mbrojtjen-e-punetoreve\\\/\",\"url\":\"https:\\\/\\\/kosovatimes.info\\\/index.php\\\/2026\\\/04\\\/28\\\/premtohet-forcim-i-inspektoratit-per-mbrojtjen-e-punetoreve\\\/\",\"name\":\"Premtohet forcim i inspektoratit p\u00ebr mbrojtjen e pun\u00ebtor\u00ebve - Kosova Times\",\"isPartOf\":{\"@id\":\"https:\\\/\\\/kosovatimes.info\\\/#website\"},\"primaryImageOfPage\":{\"@id\":\"https:\\\/\\\/kosovatimes.info\\\/index.php\\\/2026\\\/04\\\/28\\\/premtohet-forcim-i-inspektoratit-per-mbrojtjen-e-punetoreve\\\/#primaryimage\"},\"image\":{\"@id\":\"https:\\\/\\\/kosovatimes.info\\\/index.php\\\/2026\\\/04\\\/28\\\/premtohet-forcim-i-inspektoratit-per-mbrojtjen-e-punetoreve\\\/#primaryimage\"},\"thumbnailUrl\":\"https:\\\/\\\/kosovatimes.info\\\/wp-content\\\/uploads\\\/2026\\\/04\\\/MPMS.jpg\",\"datePublished\":\"2026-04-28T08:43:00+00:00\",\"dateModified\":\"2026-04-28T16:03:47+00:00\",\"author\":{\"@id\":\"https:\\\/\\\/kosovatimes.info\\\/#\\\/schema\\\/person\\\/7586712b9c512fe68085de007378c915\"},\"breadcrumb\":{\"@id\":\"https:\\\/\\\/kosovatimes.info\\\/index.php\\\/2026\\\/04\\\/28\\\/premtohet-forcim-i-inspektoratit-per-mbrojtjen-e-punetoreve\\\/#breadcrumb\"},\"inLanguage\":\"en-US\",\"potentialAction\":[{\"@type\":\"ReadAction\",\"target\":[\"https:\\\/\\\/kosovatimes.info\\\/index.php\\\/2026\\\/04\\\/28\\\/premtohet-forcim-i-inspektoratit-per-mbrojtjen-e-punetoreve\\\/\"]}]},{\"@type\":\"ImageObject\",\"inLanguage\":\"en-US\",\"@id\":\"https:\\\/\\\/kosovatimes.info\\\/index.php\\\/2026\\\/04\\\/28\\\/premtohet-forcim-i-inspektoratit-per-mbrojtjen-e-punetoreve\\\/#primaryimage\",\"url\":\"https:\\\/\\\/kosovatimes.info\\\/wp-content\\\/uploads\\\/2026\\\/04\\\/MPMS.jpg\",\"contentUrl\":\"https:\\\/\\\/kosovatimes.info\\\/wp-content\\\/uploads\\\/2026\\\/04\\\/MPMS.jpg\",\"width\":780,\"height\":500},{\"@type\":\"BreadcrumbList\",\"@id\":\"https:\\\/\\\/kosovatimes.info\\\/index.php\\\/2026\\\/04\\\/28\\\/premtohet-forcim-i-inspektoratit-per-mbrojtjen-e-punetoreve\\\/#breadcrumb\",\"itemListElement\":[{\"@type\":\"ListItem\",\"position\":1,\"name\":\"Home\",\"item\":\"https:\\\/\\\/kosovatimes.info\\\/\"},{\"@type\":\"ListItem\",\"position\":2,\"name\":\"Premtohet forcim i inspektoratit p\u00ebr mbrojtjen e pun\u00ebtor\u00ebve\"}]},{\"@type\":\"WebSite\",\"@id\":\"https:\\\/\\\/kosovatimes.info\\\/#website\",\"url\":\"https:\\\/\\\/kosovatimes.info\\\/\",\"name\":\"Kosova Times\",\"description\":\"\",\"potentialAction\":[{\"@type\":\"SearchAction\",\"target\":{\"@type\":\"EntryPoint\",\"urlTemplate\":\"https:\\\/\\\/kosovatimes.info\\\/?s={search_term_string}\"},\"query-input\":{\"@type\":\"PropertyValueSpecification\",\"valueRequired\":true,\"valueName\":\"search_term_string\"}}],\"inLanguage\":\"en-US\"},{\"@type\":\"Person\",\"@id\":\"https:\\\/\\\/kosovatimes.info\\\/#\\\/schema\\\/person\\\/7586712b9c512fe68085de007378c915\",\"name\":\"i l\",\"image\":{\"@type\":\"ImageObject\",\"inLanguage\":\"en-US\",\"@id\":\"https:\\\/\\\/secure.gravatar.com\\\/avatar\\\/bad9296e02816160ae2e2435beda58222022298d5625d49fea74d18816fbb31d?s=96&d=mm&r=g\",\"url\":\"https:\\\/\\\/secure.gravatar.com\\\/avatar\\\/bad9296e02816160ae2e2435beda58222022298d5625d49fea74d18816fbb31d?s=96&d=mm&r=g\",\"contentUrl\":\"https:\\\/\\\/secure.gravatar.com\\\/avatar\\\/bad9296e02816160ae2e2435beda58222022298d5625d49fea74d18816fbb31d?s=96&d=mm&r=g\",\"caption\":\"i l\"},\"url\":\"https:\\\/\\\/kosovatimes.info\\\/index.php\\\/author\\\/iliri\\\/\"}]}<\/script>\n<!-- \/ Yoast SEO plugin. -->","yoast_head_json":{"title":"Premtohet forcim i inspektoratit p\u00ebr mbrojtjen e pun\u00ebtor\u00ebve - Kosova Times","robots":{"index":"index","follow":"follow","max-snippet":"max-snippet:-1","max-image-preview":"max-image-preview:large","max-video-preview":"max-video-preview:-1"},"canonical":"https:\/\/kosovatimes.info\/index.php\/2026\/04\/28\/premtohet-forcim-i-inspektoratit-per-mbrojtjen-e-punetoreve\/","og_locale":"en_US","og_type":"article","og_title":"Premtohet forcim i inspektoratit p\u00ebr mbrojtjen e pun\u00ebtor\u00ebve - Kosova Times","og_description":"N\u00eb Dit\u00ebn Bot\u00ebrore p\u00ebr Siguri dhe Sh\u00ebndet n\u00eb Pun\u00eb u organizua nj\u00eb konferenc\u00eb, e cila u tha se sh\u00ebrben si nj\u00eb moment i r\u00ebnd\u00ebsish\u00ebm p\u00ebr t\u00eb reflektuar mbi p\u00ebrpjekjet e p\u00ebrbashk\u00ebta n\u00eb promovimin e vendeve t\u00eb sigurta dhe t\u00eb sh\u00ebndetshme t\u00eb pun\u00ebs. N\u00eb konferenc\u00eb mori pjes\u00eb edhe ministri i Pun\u00ebs, Andin Hoti, i cili tha [&hellip;]","og_url":"https:\/\/kosovatimes.info\/index.php\/2026\/04\/28\/premtohet-forcim-i-inspektoratit-per-mbrojtjen-e-punetoreve\/","og_site_name":"Kosova Times","article_published_time":"2026-04-28T08:43:00+00:00","article_modified_time":"2026-04-28T16:03:47+00:00","og_image":[{"width":780,"height":500,"url":"https:\/\/kosovatimes.info\/wp-content\/uploads\/2026\/04\/MPMS.jpg","type":"image\/jpeg"}],"author":"i l","twitter_card":"summary_large_image","twitter_misc":{"Written by":"i l","Est. reading time":"2 minutes"},"schema":{"@context":"https:\/\/schema.org","@graph":[{"@type":"Article","@id":"https:\/\/kosovatimes.info\/index.php\/2026\/04\/28\/premtohet-forcim-i-inspektoratit-per-mbrojtjen-e-punetoreve\/#article","isPartOf":{"@id":"https:\/\/kosovatimes.info\/index.php\/2026\/04\/28\/premtohet-forcim-i-inspektoratit-per-mbrojtjen-e-punetoreve\/"},"author":{"name":"i l","@id":"https:\/\/kosovatimes.info\/#\/schema\/person\/7586712b9c512fe68085de007378c915"},"headline":"Premtohet forcim i inspektoratit p\u00ebr mbrojtjen e pun\u00ebtor\u00ebve","datePublished":"2026-04-28T08:43:00+00:00","dateModified":"2026-04-28T16:03:47+00:00","mainEntityOfPage":{"@id":"https:\/\/kosovatimes.info\/index.php\/2026\/04\/28\/premtohet-forcim-i-inspektoratit-per-mbrojtjen-e-punetoreve\/"},"wordCount":481,"commentCount":0,"image":{"@id":"https:\/\/kosovatimes.info\/index.php\/2026\/04\/28\/premtohet-forcim-i-inspektoratit-per-mbrojtjen-e-punetoreve\/#primaryimage"},"thumbnailUrl":"https:\/\/kosovatimes.info\/wp-content\/uploads\/2026\/04\/MPMS.jpg","articleSection":["Kosov\u00eb","Lajme"],"inLanguage":"en-US","potentialAction":[{"@type":"CommentAction","name":"Comment","target":["https:\/\/kosovatimes.info\/index.php\/2026\/04\/28\/premtohet-forcim-i-inspektoratit-per-mbrojtjen-e-punetoreve\/#respond"]}]},{"@type":"WebPage","@id":"https:\/\/kosovatimes.info\/index.php\/2026\/04\/28\/premtohet-forcim-i-inspektoratit-per-mbrojtjen-e-punetoreve\/","url":"https:\/\/kosovatimes.info\/index.php\/2026\/04\/28\/premtohet-forcim-i-inspektoratit-per-mbrojtjen-e-punetoreve\/","name":"Premtohet forcim i inspektoratit p\u00ebr mbrojtjen e pun\u00ebtor\u00ebve - Kosova Times","isPartOf":{"@id":"https:\/\/kosovatimes.info\/#website"},"primaryImageOfPage":{"@id":"https:\/\/kosovatimes.info\/index.php\/2026\/04\/28\/premtohet-forcim-i-inspektoratit-per-mbrojtjen-e-punetoreve\/#primaryimage"},"image":{"@id":"https:\/\/kosovatimes.info\/index.php\/2026\/04\/28\/premtohet-forcim-i-inspektoratit-per-mbrojtjen-e-punetoreve\/#primaryimage"},"thumbnailUrl":"https:\/\/kosovatimes.info\/wp-content\/uploads\/2026\/04\/MPMS.jpg","datePublished":"2026-04-28T08:43:00+00:00","dateModified":"2026-04-28T16:03:47+00:00","author":{"@id":"https:\/\/kosovatimes.info\/#\/schema\/person\/7586712b9c512fe68085de007378c915"},"breadcrumb":{"@id":"https:\/\/kosovatimes.info\/index.php\/2026\/04\/28\/premtohet-forcim-i-inspektoratit-per-mbrojtjen-e-punetoreve\/#breadcrumb"},"inLanguage":"en-US","potentialAction":[{"@type":"ReadAction","target":["https:\/\/kosovatimes.info\/index.php\/2026\/04\/28\/premtohet-forcim-i-inspektoratit-per-mbrojtjen-e-punetoreve\/"]}]},{"@type":"ImageObject","inLanguage":"en-US","@id":"https:\/\/kosovatimes.info\/index.php\/2026\/04\/28\/premtohet-forcim-i-inspektoratit-per-mbrojtjen-e-punetoreve\/#primaryimage","url":"https:\/\/kosovatimes.info\/wp-content\/uploads\/2026\/04\/MPMS.jpg","contentUrl":"https:\/\/kosovatimes.info\/wp-content\/uploads\/2026\/04\/MPMS.jpg","width":780,"height":500},{"@type":"BreadcrumbList","@id":"https:\/\/kosovatimes.info\/index.php\/2026\/04\/28\/premtohet-forcim-i-inspektoratit-per-mbrojtjen-e-punetoreve\/#breadcrumb","itemListElement":[{"@type":"ListItem","position":1,"name":"Home","item":"https:\/\/kosovatimes.info\/"},{"@type":"ListItem","position":2,"name":"Premtohet forcim i inspektoratit p\u00ebr mbrojtjen e pun\u00ebtor\u00ebve"}]},{"@type":"WebSite","@id":"https:\/\/kosovatimes.info\/#website","url":"https:\/\/kosovatimes.info\/","name":"Kosova Times","description":"","potentialAction":[{"@type":"SearchAction","target":{"@type":"EntryPoint","urlTemplate":"https:\/\/kosovatimes.info\/?s={search_term_string}"},"query-input":{"@type":"PropertyValueSpecification","valueRequired":true,"valueName":"search_term_string"}}],"inLanguage":"en-US"},{"@type":"Person","@id":"https:\/\/kosovatimes.info\/#\/schema\/person\/7586712b9c512fe68085de007378c915","name":"i l","image":{"@type":"ImageObject","inLanguage":"en-US","@id":"https:\/\/secure.gravatar.com\/avatar\/bad9296e02816160ae2e2435beda58222022298d5625d49fea74d18816fbb31d?s=96&d=mm&r=g","url":"https:\/\/secure.gravatar.com\/avatar\/bad9296e02816160ae2e2435beda58222022298d5625d49fea74d18816fbb31d?s=96&d=mm&r=g","contentUrl":"https:\/\/secure.gravatar.com\/avatar\/bad9296e02816160ae2e2435beda58222022298d5625d49fea74d18816fbb31d?s=96&d=mm&r=g","caption":"i l"},"url":"https:\/\/kosovatimes.info\/index.php\/author\/iliri\/"}]}},"_links":{"self":[{"href":"https:\/\/kosovatimes.info\/index.php\/wp-json\/wp\/v2\/posts\/12204","targetHints":{"allow":["GET"]}}],"collection":[{"href":"https:\/\/kosovatimes.info\/index.php\/wp-json\/wp\/v2\/posts"}],"about":[{"href":"https:\/\/kosovatimes.info\/index.php\/wp-json\/wp\/v2\/types\/post"}],"author":[{"embeddable":true,"href":"https:\/\/kosovatimes.info\/index.php\/wp-json\/wp\/v2\/users\/4"}],"replies":[{"embeddable":true,"href":"https:\/\/kosovatimes.info\/index.php\/wp-json\/wp\/v2\/comments?post=12204"}],"version-history":[{"count":1,"href":"https:\/\/kosovatimes.info\/index.php\/wp-json\/wp\/v2\/posts\/12204\/revisions"}],"predecessor-version":[{"id":12206,"href":"https:\/\/kosovatimes.info\/index.php\/wp-json\/wp\/v2\/posts\/12204\/revisions\/12206"}],"wp:featuredmedia":[{"embeddable":true,"href":"https:\/\/kosovatimes.info\/index.php\/wp-json\/wp\/v2\/media\/12205"}],"wp:attachment":[{"href":"https:\/\/kosovatimes.info\/index.php\/wp-json\/wp\/v2\/media?parent=12204"}],"wp:term":[{"taxonomy":"category","embeddable":true,"href":"https:\/\/kosovatimes.info\/index.php\/wp-json\/wp\/v2\/categories?post=12204"},{"taxonomy":"post_tag","embeddable":true,"href":"https:\/\/kosovatimes.info\/index.php\/wp-json\/wp\/v2\/tags?post=12204"}],"curies":[{"name":"wp","href":"https:\/\/api.w.org\/{rel}","templated":true}]}}