{"id":12207,"date":"2026-04-28T11:29:00","date_gmt":"2026-04-28T09:29:00","guid":{"rendered":"https:\/\/kosovatimes.info\/?p=12207"},"modified":"2026-04-28T18:04:50","modified_gmt":"2026-04-28T16:04:50","slug":"kurti-pret-delegacionin-e-nato-s-e-quan-orientues-strategjik","status":"publish","type":"post","link":"https:\/\/kosovatimes.info\/index.php\/2026\/04\/28\/kurti-pret-delegacionin-e-nato-s-e-quan-orientues-strategjik\/","title":{"rendered":"Kurti pret delegacionin e NATO-s, e quan orientues strategjik"},"content":{"rendered":"\n<p><a target=\"_blank\" href=\"https:\/\/www.linkedin.com\/shareArticle?mini=true&amp;url=https%3A%2F%2Fwww.rtklive.com%2Fsq%2Fnews-single.php%3FID%3D723340\" rel=\"noreferrer noopener\"><\/a><\/p>\n\n\n\n<h2 class=\"wp-block-heading\"><strong>Kryeministri Albin Kurti, ka pritur n\u00eb takim delegacionin e prir\u00eb nga kreu i Komitetit Ushtarak t\u00eb NATO-s, Admirali Giuseppe Cavo Dragone, dhe kreu i Komitetit Ushtarak t\u00eb Bashkimit Evropian, Gjenerali Sean Clancy.<\/strong><\/h2>\n\n\n\n<p>Sipas komunikat\u00ebs p\u00ebr media t\u00eb kryeministris\u00eb, Kurti shprehu fal\u00ebnderimin p\u00ebr angazhimin dhe p\u00ebrkushtimin e vazhduesh\u00ebm t\u00eb NATO-s p\u00ebr paqe e stabilitet n\u00eb Kosov\u00eb dhe rajon. Ai theksoi se roli i KFOR-it mbetet thelb\u00ebsor jo vet\u00ebm p\u00ebr sigurin\u00eb e vendit, por mbar\u00eb rajonit.<\/p>\n\n\n\n<p>&nbsp;\u201cKryeministri Kurti theksoi se, p\u00ebr Kosov\u00ebn, NATO-ja nuk \u00ebsht\u00eb vet\u00ebm garantues i siguris\u00eb, por orientim strategjik dhe destinacion. N\u00eb kontekst t\u00eb procesit t\u00eb integrimit evropian, ai tha se krahas politik\u00ebs s\u00eb pranimit, duhet t\u2019i kushtohet r\u00ebnd\u00ebsi edhe d\u00ebshir\u00ebs p\u00ebr an\u00ebtar\u00ebsim. Pasi foli p\u00ebr rritjen e nivelit t\u00eb siguris\u00eb n\u00eb vend, me theks n\u00eb veri, n\u00eb kontekst rajonal kryeministri p\u00ebrmendi synimet destabilizuese t\u00eb Serbis\u00eb t\u00eb mb\u00ebshtetur nga Rusia\u201d, vazhdon komunikata.<\/p>\n\n\n\n<p>Kryeministri Kurti, po ashtu, theksoi bashk\u00ebpunimin e ngusht\u00eb t\u00eb Forc\u00ebs s\u00eb Siguris\u00eb s\u00eb Kosov\u00ebs me NATO-n.<\/p>\n\n\n\n<figure class=\"wp-block-image\"><img decoding=\"async\" src=\"https:\/\/www.rtklive.com\/sq\/gallery\/news_hidden_inside\/723340\/k1k.png\" alt=\"\"\/><\/figure>\n\n\n\n<figure class=\"wp-block-image\"><img decoding=\"async\" src=\"https:\/\/www.rtklive.com\/sq\/gallery\/news_hidden_inside\/723340\/k2k.png\" alt=\"\"\/><\/figure>\n","protected":false},"excerpt":{"rendered":"<p>Kryeministri Albin Kurti, ka pritur n\u00eb takim delegacionin e prir\u00eb nga kreu i Komitetit Ushtarak t\u00eb NATO-s, Admirali Giuseppe Cavo Dragone, dhe kreu i Komitetit Ushtarak t\u00eb Bashkimit Evropian, Gjenerali Sean Clancy. Sipas komunikat\u00ebs p\u00ebr media t\u00eb kryeministris\u00eb, Kurti shprehu fal\u00ebnderimin p\u00ebr angazhimin dhe p\u00ebrkushtimin e vazhduesh\u00ebm t\u00eb NATO-s p\u00ebr paqe e stabilitet n\u00eb Kosov\u00eb [&hellip;]<\/p>\n","protected":false},"author":4,"featured_media":12208,"comment_status":"open","ping_status":"open","sticky":false,"template":"","format":"standard","meta":{"footnotes":""},"categories":[31,30],"tags":[],"class_list":{"0":"post-12207","1":"post","2":"type-post","3":"status-publish","4":"format-standard","5":"has-post-thumbnail","7":"category-kosove","8":"category-lajme"},"yoast_head":"<!-- This site is optimized with the Yoast SEO plugin v27.4 - https:\/\/yoast.com\/product\/yoast-seo-wordpress\/ -->\n<title>Kurti pret delegacionin e NATO-s, e quan orientues strategjik - Kosova Times<\/title>\n<meta name=\"robots\" content=\"index, follow, max-snippet:-1, max-image-preview:large, max-video-preview:-1\" \/>\n<link rel=\"canonical\" href=\"https:\/\/kosovatimes.info\/index.php\/2026\/04\/28\/kurti-pret-delegacionin-e-nato-s-e-quan-orientues-strategjik\/\" \/>\n<meta property=\"og:locale\" content=\"en_US\" \/>\n<meta property=\"og:type\" content=\"article\" \/>\n<meta property=\"og:title\" content=\"Kurti pret delegacionin e NATO-s, e quan orientues strategjik - Kosova Times\" \/>\n<meta property=\"og:description\" content=\"Kryeministri Albin Kurti, ka pritur n\u00eb takim delegacionin e prir\u00eb nga kreu i Komitetit Ushtarak t\u00eb NATO-s, Admirali Giuseppe Cavo Dragone, dhe kreu i Komitetit Ushtarak t\u00eb Bashkimit Evropian, Gjenerali Sean Clancy. Sipas komunikat\u00ebs p\u00ebr media t\u00eb kryeministris\u00eb, Kurti shprehu fal\u00ebnderimin p\u00ebr angazhimin dhe p\u00ebrkushtimin e vazhduesh\u00ebm t\u00eb NATO-s p\u00ebr paqe e stabilitet n\u00eb Kosov\u00eb [&hellip;]\" \/>\n<meta property=\"og:url\" content=\"https:\/\/kosovatimes.info\/index.php\/2026\/04\/28\/kurti-pret-delegacionin-e-nato-s-e-quan-orientues-strategjik\/\" \/>\n<meta property=\"og:site_name\" content=\"Kosova Times\" \/>\n<meta property=\"article:published_time\" content=\"2026-04-28T09:29:00+00:00\" \/>\n<meta property=\"article:modified_time\" content=\"2026-04-28T16:04:50+00:00\" \/>\n<meta property=\"og:image\" content=\"https:\/\/kosovatimes.info\/wp-content\/uploads\/2026\/04\/Kurti-28.jpg\" \/>\n\t<meta property=\"og:image:width\" content=\"780\" \/>\n\t<meta property=\"og:image:height\" content=\"500\" \/>\n\t<meta property=\"og:image:type\" content=\"image\/jpeg\" \/>\n<meta name=\"author\" content=\"i l\" \/>\n<meta name=\"twitter:card\" content=\"summary_large_image\" \/>\n<meta name=\"twitter:label1\" content=\"Written by\" \/>\n\t<meta name=\"twitter:data1\" content=\"i l\" \/>\n\t<meta name=\"twitter:label2\" content=\"Est. reading time\" \/>\n\t<meta name=\"twitter:data2\" content=\"2 minutes\" \/>\n<script type=\"application\/ld+json\" class=\"yoast-schema-graph\">{\"@context\":\"https:\\\/\\\/schema.org\",\"@graph\":[{\"@type\":\"Article\",\"@id\":\"https:\\\/\\\/kosovatimes.info\\\/index.php\\\/2026\\\/04\\\/28\\\/kurti-pret-delegacionin-e-nato-s-e-quan-orientues-strategjik\\\/#article\",\"isPartOf\":{\"@id\":\"https:\\\/\\\/kosovatimes.info\\\/index.php\\\/2026\\\/04\\\/28\\\/kurti-pret-delegacionin-e-nato-s-e-quan-orientues-strategjik\\\/\"},\"author\":{\"name\":\"i l\",\"@id\":\"https:\\\/\\\/kosovatimes.info\\\/#\\\/schema\\\/person\\\/7586712b9c512fe68085de007378c915\"},\"headline\":\"Kurti pret delegacionin e NATO-s, e quan orientues strategjik\",\"datePublished\":\"2026-04-28T09:29:00+00:00\",\"dateModified\":\"2026-04-28T16:04:50+00:00\",\"mainEntityOfPage\":{\"@id\":\"https:\\\/\\\/kosovatimes.info\\\/index.php\\\/2026\\\/04\\\/28\\\/kurti-pret-delegacionin-e-nato-s-e-quan-orientues-strategjik\\\/\"},\"wordCount\":197,\"commentCount\":0,\"image\":{\"@id\":\"https:\\\/\\\/kosovatimes.info\\\/index.php\\\/2026\\\/04\\\/28\\\/kurti-pret-delegacionin-e-nato-s-e-quan-orientues-strategjik\\\/#primaryimage\"},\"thumbnailUrl\":\"https:\\\/\\\/kosovatimes.info\\\/wp-content\\\/uploads\\\/2026\\\/04\\\/Kurti-28.jpg\",\"articleSection\":[\"Kosov\u00eb\",\"Lajme\"],\"inLanguage\":\"en-US\",\"potentialAction\":[{\"@type\":\"CommentAction\",\"name\":\"Comment\",\"target\":[\"https:\\\/\\\/kosovatimes.info\\\/index.php\\\/2026\\\/04\\\/28\\\/kurti-pret-delegacionin-e-nato-s-e-quan-orientues-strategjik\\\/#respond\"]}]},{\"@type\":\"WebPage\",\"@id\":\"https:\\\/\\\/kosovatimes.info\\\/index.php\\\/2026\\\/04\\\/28\\\/kurti-pret-delegacionin-e-nato-s-e-quan-orientues-strategjik\\\/\",\"url\":\"https:\\\/\\\/kosovatimes.info\\\/index.php\\\/2026\\\/04\\\/28\\\/kurti-pret-delegacionin-e-nato-s-e-quan-orientues-strategjik\\\/\",\"name\":\"Kurti pret delegacionin e NATO-s, e quan orientues strategjik - Kosova Times\",\"isPartOf\":{\"@id\":\"https:\\\/\\\/kosovatimes.info\\\/#website\"},\"primaryImageOfPage\":{\"@id\":\"https:\\\/\\\/kosovatimes.info\\\/index.php\\\/2026\\\/04\\\/28\\\/kurti-pret-delegacionin-e-nato-s-e-quan-orientues-strategjik\\\/#primaryimage\"},\"image\":{\"@id\":\"https:\\\/\\\/kosovatimes.info\\\/index.php\\\/2026\\\/04\\\/28\\\/kurti-pret-delegacionin-e-nato-s-e-quan-orientues-strategjik\\\/#primaryimage\"},\"thumbnailUrl\":\"https:\\\/\\\/kosovatimes.info\\\/wp-content\\\/uploads\\\/2026\\\/04\\\/Kurti-28.jpg\",\"datePublished\":\"2026-04-28T09:29:00+00:00\",\"dateModified\":\"2026-04-28T16:04:50+00:00\",\"author\":{\"@id\":\"https:\\\/\\\/kosovatimes.info\\\/#\\\/schema\\\/person\\\/7586712b9c512fe68085de007378c915\"},\"breadcrumb\":{\"@id\":\"https:\\\/\\\/kosovatimes.info\\\/index.php\\\/2026\\\/04\\\/28\\\/kurti-pret-delegacionin-e-nato-s-e-quan-orientues-strategjik\\\/#breadcrumb\"},\"inLanguage\":\"en-US\",\"potentialAction\":[{\"@type\":\"ReadAction\",\"target\":[\"https:\\\/\\\/kosovatimes.info\\\/index.php\\\/2026\\\/04\\\/28\\\/kurti-pret-delegacionin-e-nato-s-e-quan-orientues-strategjik\\\/\"]}]},{\"@type\":\"ImageObject\",\"inLanguage\":\"en-US\",\"@id\":\"https:\\\/\\\/kosovatimes.info\\\/index.php\\\/2026\\\/04\\\/28\\\/kurti-pret-delegacionin-e-nato-s-e-quan-orientues-strategjik\\\/#primaryimage\",\"url\":\"https:\\\/\\\/kosovatimes.info\\\/wp-content\\\/uploads\\\/2026\\\/04\\\/Kurti-28.jpg\",\"contentUrl\":\"https:\\\/\\\/kosovatimes.info\\\/wp-content\\\/uploads\\\/2026\\\/04\\\/Kurti-28.jpg\",\"width\":780,\"height\":500},{\"@type\":\"BreadcrumbList\",\"@id\":\"https:\\\/\\\/kosovatimes.info\\\/index.php\\\/2026\\\/04\\\/28\\\/kurti-pret-delegacionin-e-nato-s-e-quan-orientues-strategjik\\\/#breadcrumb\",\"itemListElement\":[{\"@type\":\"ListItem\",\"position\":1,\"name\":\"Home\",\"item\":\"https:\\\/\\\/kosovatimes.info\\\/\"},{\"@type\":\"ListItem\",\"position\":2,\"name\":\"Kurti pret delegacionin e NATO-s, e quan orientues strategjik\"}]},{\"@type\":\"WebSite\",\"@id\":\"https:\\\/\\\/kosovatimes.info\\\/#website\",\"url\":\"https:\\\/\\\/kosovatimes.info\\\/\",\"name\":\"Kosova Times\",\"description\":\"\",\"potentialAction\":[{\"@type\":\"SearchAction\",\"target\":{\"@type\":\"EntryPoint\",\"urlTemplate\":\"https:\\\/\\\/kosovatimes.info\\\/?s={search_term_string}\"},\"query-input\":{\"@type\":\"PropertyValueSpecification\",\"valueRequired\":true,\"valueName\":\"search_term_string\"}}],\"inLanguage\":\"en-US\"},{\"@type\":\"Person\",\"@id\":\"https:\\\/\\\/kosovatimes.info\\\/#\\\/schema\\\/person\\\/7586712b9c512fe68085de007378c915\",\"name\":\"i l\",\"image\":{\"@type\":\"ImageObject\",\"inLanguage\":\"en-US\",\"@id\":\"https:\\\/\\\/secure.gravatar.com\\\/avatar\\\/bad9296e02816160ae2e2435beda58222022298d5625d49fea74d18816fbb31d?s=96&d=mm&r=g\",\"url\":\"https:\\\/\\\/secure.gravatar.com\\\/avatar\\\/bad9296e02816160ae2e2435beda58222022298d5625d49fea74d18816fbb31d?s=96&d=mm&r=g\",\"contentUrl\":\"https:\\\/\\\/secure.gravatar.com\\\/avatar\\\/bad9296e02816160ae2e2435beda58222022298d5625d49fea74d18816fbb31d?s=96&d=mm&r=g\",\"caption\":\"i l\"},\"url\":\"https:\\\/\\\/kosovatimes.info\\\/index.php\\\/author\\\/iliri\\\/\"}]}<\/script>\n<!-- \/ Yoast SEO plugin. -->","yoast_head_json":{"title":"Kurti pret delegacionin e NATO-s, e quan orientues strategjik - Kosova Times","robots":{"index":"index","follow":"follow","max-snippet":"max-snippet:-1","max-image-preview":"max-image-preview:large","max-video-preview":"max-video-preview:-1"},"canonical":"https:\/\/kosovatimes.info\/index.php\/2026\/04\/28\/kurti-pret-delegacionin-e-nato-s-e-quan-orientues-strategjik\/","og_locale":"en_US","og_type":"article","og_title":"Kurti pret delegacionin e NATO-s, e quan orientues strategjik - Kosova Times","og_description":"Kryeministri Albin Kurti, ka pritur n\u00eb takim delegacionin e prir\u00eb nga kreu i Komitetit Ushtarak t\u00eb NATO-s, Admirali Giuseppe Cavo Dragone, dhe kreu i Komitetit Ushtarak t\u00eb Bashkimit Evropian, Gjenerali Sean Clancy. Sipas komunikat\u00ebs p\u00ebr media t\u00eb kryeministris\u00eb, Kurti shprehu fal\u00ebnderimin p\u00ebr angazhimin dhe p\u00ebrkushtimin e vazhduesh\u00ebm t\u00eb NATO-s p\u00ebr paqe e stabilitet n\u00eb Kosov\u00eb [&hellip;]","og_url":"https:\/\/kosovatimes.info\/index.php\/2026\/04\/28\/kurti-pret-delegacionin-e-nato-s-e-quan-orientues-strategjik\/","og_site_name":"Kosova Times","article_published_time":"2026-04-28T09:29:00+00:00","article_modified_time":"2026-04-28T16:04:50+00:00","og_image":[{"width":780,"height":500,"url":"https:\/\/kosovatimes.info\/wp-content\/uploads\/2026\/04\/Kurti-28.jpg","type":"image\/jpeg"}],"author":"i l","twitter_card":"summary_large_image","twitter_misc":{"Written by":"i l","Est. reading time":"2 minutes"},"schema":{"@context":"https:\/\/schema.org","@graph":[{"@type":"Article","@id":"https:\/\/kosovatimes.info\/index.php\/2026\/04\/28\/kurti-pret-delegacionin-e-nato-s-e-quan-orientues-strategjik\/#article","isPartOf":{"@id":"https:\/\/kosovatimes.info\/index.php\/2026\/04\/28\/kurti-pret-delegacionin-e-nato-s-e-quan-orientues-strategjik\/"},"author":{"name":"i l","@id":"https:\/\/kosovatimes.info\/#\/schema\/person\/7586712b9c512fe68085de007378c915"},"headline":"Kurti pret delegacionin e NATO-s, e quan orientues strategjik","datePublished":"2026-04-28T09:29:00+00:00","dateModified":"2026-04-28T16:04:50+00:00","mainEntityOfPage":{"@id":"https:\/\/kosovatimes.info\/index.php\/2026\/04\/28\/kurti-pret-delegacionin-e-nato-s-e-quan-orientues-strategjik\/"},"wordCount":197,"commentCount":0,"image":{"@id":"https:\/\/kosovatimes.info\/index.php\/2026\/04\/28\/kurti-pret-delegacionin-e-nato-s-e-quan-orientues-strategjik\/#primaryimage"},"thumbnailUrl":"https:\/\/kosovatimes.info\/wp-content\/uploads\/2026\/04\/Kurti-28.jpg","articleSection":["Kosov\u00eb","Lajme"],"inLanguage":"en-US","potentialAction":[{"@type":"CommentAction","name":"Comment","target":["https:\/\/kosovatimes.info\/index.php\/2026\/04\/28\/kurti-pret-delegacionin-e-nato-s-e-quan-orientues-strategjik\/#respond"]}]},{"@type":"WebPage","@id":"https:\/\/kosovatimes.info\/index.php\/2026\/04\/28\/kurti-pret-delegacionin-e-nato-s-e-quan-orientues-strategjik\/","url":"https:\/\/kosovatimes.info\/index.php\/2026\/04\/28\/kurti-pret-delegacionin-e-nato-s-e-quan-orientues-strategjik\/","name":"Kurti pret delegacionin e NATO-s, e quan orientues strategjik - Kosova Times","isPartOf":{"@id":"https:\/\/kosovatimes.info\/#website"},"primaryImageOfPage":{"@id":"https:\/\/kosovatimes.info\/index.php\/2026\/04\/28\/kurti-pret-delegacionin-e-nato-s-e-quan-orientues-strategjik\/#primaryimage"},"image":{"@id":"https:\/\/kosovatimes.info\/index.php\/2026\/04\/28\/kurti-pret-delegacionin-e-nato-s-e-quan-orientues-strategjik\/#primaryimage"},"thumbnailUrl":"https:\/\/kosovatimes.info\/wp-content\/uploads\/2026\/04\/Kurti-28.jpg","datePublished":"2026-04-28T09:29:00+00:00","dateModified":"2026-04-28T16:04:50+00:00","author":{"@id":"https:\/\/kosovatimes.info\/#\/schema\/person\/7586712b9c512fe68085de007378c915"},"breadcrumb":{"@id":"https:\/\/kosovatimes.info\/index.php\/2026\/04\/28\/kurti-pret-delegacionin-e-nato-s-e-quan-orientues-strategjik\/#breadcrumb"},"inLanguage":"en-US","potentialAction":[{"@type":"ReadAction","target":["https:\/\/kosovatimes.info\/index.php\/2026\/04\/28\/kurti-pret-delegacionin-e-nato-s-e-quan-orientues-strategjik\/"]}]},{"@type":"ImageObject","inLanguage":"en-US","@id":"https:\/\/kosovatimes.info\/index.php\/2026\/04\/28\/kurti-pret-delegacionin-e-nato-s-e-quan-orientues-strategjik\/#primaryimage","url":"https:\/\/kosovatimes.info\/wp-content\/uploads\/2026\/04\/Kurti-28.jpg","contentUrl":"https:\/\/kosovatimes.info\/wp-content\/uploads\/2026\/04\/Kurti-28.jpg","width":780,"height":500},{"@type":"BreadcrumbList","@id":"https:\/\/kosovatimes.info\/index.php\/2026\/04\/28\/kurti-pret-delegacionin-e-nato-s-e-quan-orientues-strategjik\/#breadcrumb","itemListElement":[{"@type":"ListItem","position":1,"name":"Home","item":"https:\/\/kosovatimes.info\/"},{"@type":"ListItem","position":2,"name":"Kurti pret delegacionin e NATO-s, e quan orientues strategjik"}]},{"@type":"WebSite","@id":"https:\/\/kosovatimes.info\/#website","url":"https:\/\/kosovatimes.info\/","name":"Kosova Times","description":"","potentialAction":[{"@type":"SearchAction","target":{"@type":"EntryPoint","urlTemplate":"https:\/\/kosovatimes.info\/?s={search_term_string}"},"query-input":{"@type":"PropertyValueSpecification","valueRequired":true,"valueName":"search_term_string"}}],"inLanguage":"en-US"},{"@type":"Person","@id":"https:\/\/kosovatimes.info\/#\/schema\/person\/7586712b9c512fe68085de007378c915","name":"i l","image":{"@type":"ImageObject","inLanguage":"en-US","@id":"https:\/\/secure.gravatar.com\/avatar\/bad9296e02816160ae2e2435beda58222022298d5625d49fea74d18816fbb31d?s=96&d=mm&r=g","url":"https:\/\/secure.gravatar.com\/avatar\/bad9296e02816160ae2e2435beda58222022298d5625d49fea74d18816fbb31d?s=96&d=mm&r=g","contentUrl":"https:\/\/secure.gravatar.com\/avatar\/bad9296e02816160ae2e2435beda58222022298d5625d49fea74d18816fbb31d?s=96&d=mm&r=g","caption":"i l"},"url":"https:\/\/kosovatimes.info\/index.php\/author\/iliri\/"}]}},"_links":{"self":[{"href":"https:\/\/kosovatimes.info\/index.php\/wp-json\/wp\/v2\/posts\/12207","targetHints":{"allow":["GET"]}}],"collection":[{"href":"https:\/\/kosovatimes.info\/index.php\/wp-json\/wp\/v2\/posts"}],"about":[{"href":"https:\/\/kosovatimes.info\/index.php\/wp-json\/wp\/v2\/types\/post"}],"author":[{"embeddable":true,"href":"https:\/\/kosovatimes.info\/index.php\/wp-json\/wp\/v2\/users\/4"}],"replies":[{"embeddable":true,"href":"https:\/\/kosovatimes.info\/index.php\/wp-json\/wp\/v2\/comments?post=12207"}],"version-history":[{"count":1,"href":"https:\/\/kosovatimes.info\/index.php\/wp-json\/wp\/v2\/posts\/12207\/revisions"}],"predecessor-version":[{"id":12209,"href":"https:\/\/kosovatimes.info\/index.php\/wp-json\/wp\/v2\/posts\/12207\/revisions\/12209"}],"wp:featuredmedia":[{"embeddable":true,"href":"https:\/\/kosovatimes.info\/index.php\/wp-json\/wp\/v2\/media\/12208"}],"wp:attachment":[{"href":"https:\/\/kosovatimes.info\/index.php\/wp-json\/wp\/v2\/media?parent=12207"}],"wp:term":[{"taxonomy":"category","embeddable":true,"href":"https:\/\/kosovatimes.info\/index.php\/wp-json\/wp\/v2\/categories?post=12207"},{"taxonomy":"post_tag","embeddable":true,"href":"https:\/\/kosovatimes.info\/index.php\/wp-json\/wp\/v2\/tags?post=12207"}],"curies":[{"name":"wp","href":"https:\/\/api.w.org\/{rel}","templated":true}]}}