{"id":12210,"date":"2026-04-28T11:32:00","date_gmt":"2026-04-28T09:32:00","guid":{"rendered":"https:\/\/kosovatimes.info\/?p=12210"},"modified":"2026-04-28T18:06:13","modified_gmt":"2026-04-28T16:06:13","slug":"haradinaj-thirrje-deputeteve-te-vv-se-mos-u-beni-pjese-e-turpit","status":"publish","type":"post","link":"https:\/\/kosovatimes.info\/index.php\/2026\/04\/28\/haradinaj-thirrje-deputeteve-te-vv-se-mos-u-beni-pjese-e-turpit\/","title":{"rendered":"Haradinaj thirrje deputet\u00ebve t\u00eb VV-s\u00eb: Mos u b\u00ebni pjes\u00eb e turpit"},"content":{"rendered":"\n<p><strong>Kryetari i Aleanc\u00ebs p\u00ebr Ardhm\u00ebrin\u00eb e Kosov\u00ebs (AAK), Ramush Haradinaj, ka deklaruar se situata e krijuar n\u00eb Kuvendin e Kosov\u00ebs rreth seanc\u00ebs p\u00ebr zgjedhjen e presidentit \u00ebsht\u00eb, sipas tij, e paprecedent\u00eb dhe e rrezikshme.<\/strong><\/p>\n\n\n\n<p>Haradinaj ka th\u00ebn\u00eb se kushdo q\u00eb merr pjes\u00eb n\u00eb k\u00ebt\u00eb seanc\u00eb mund t\u00eb p\u00ebrballet me pasoja t\u00eb r\u00ebnda, duke e cil\u00ebsuar zhvillimin si shkelje kushtetuese.<\/p>\n\n\n\n<p>\u201c\u00cbsht\u00eb situat\u00eb ndryshe nga t\u00eb gjitha zhvillimet q\u00eb kam pa n\u00eb Kosov\u00eb pas pavar\u00ebsis\u00eb\u201d, tha ai.<\/p>\n\n\n\n<p>Sipas Haradinajt, veprimet e institucioneve jan\u00eb duke cenuar rendin kushtetues.<\/p>\n\n\n\n<p>\u201cAta q\u00eb ushtrojn\u00eb funksionet shtet\u00ebrore dje kan\u00eb b\u00eb shkelje kushtetuese\u201d, theksoi Haradinaj.<\/p>\n\n\n\n<p>Ai u ka b\u00ebr\u00eb thirrje t\u00eb gjith\u00eb akter\u00ebve politik\u00eb q\u00eb t\u00eb ndalojn\u00eb k\u00ebt\u00eb proces, duke e quajtur drejtim t\u00eb rreziksh\u00ebm.<\/p>\n\n\n\n<p>\u201c\u00cbsht\u00eb nj\u00eb drejtim i rreziksh\u00ebm dhe u b\u00ebj\u00eb thirrje t\u00eb ndalen, t\u00eb mos vazhdojn\u00eb n\u00eb k\u00ebt\u00eb drejtim\u201d, tha ai.<\/p>\n\n\n\n<p>Haradinaj ka theksuar se ardhja dhe mbajtja e pushtetit duhet t\u00eb b\u00ebhet vet\u00ebm n\u00eb m\u00ebnyr\u00eb kushtetuese dhe demokratike.<\/p>\n\n\n\n<p>\u201cRuajtja e pushtetit, mbajtja, ardhja n\u00eb pushtet \u00ebsht\u00eb e mundshme duke respektuar Kushtetut\u00ebn, demokracin\u00eb\u201d, tha ai.<\/p>\n\n\n\n<p>Ai ka paralajm\u00ebruar se vazhdimi i k\u00ebsaj rruge&nbsp;rrezikon funksionimin kushtetues t\u00eb shtetit.<\/p>\n\n\n\n<p>\u201cN\u00ebse shkojm\u00eb n\u00eb k\u00ebt\u00eb rrug\u00eb t\u00eb r\u00ebnd\u00ebsishme po na pamund\u00ebsojn\u00eb funksionet n\u00eb baz\u00eb t\u00eb Kushtetut\u00ebs dhe nuk mendojn\u00eb rrug\u00eb tjet\u00ebr pos t\u2019i kthehemi popullit\u201d, theksoi ai.<\/p>\n\n\n\n<p>Haradinaj ka b\u00ebr\u00eb thirrje p\u00ebr reflektim nga t\u00eb gjitha pal\u00ebt, duke paralajm\u00ebruar pasoja p\u00ebr ata q\u00eb, sipas tij, b\u00ebhen pjes\u00eb e shkeljeve kushtetuese.<\/p>\n\n\n\n<p>\u201cI th\u00ebrras vet\u00ebdijes s\u00eb t\u00eb gjith\u00ebve t\u00eb mos b\u00ebhen pjes\u00eb e shkeljes kushtetuese, k\u00ebtij turpi.N\u00ebse b\u00ebhen pjes\u00eb e dhunimit t\u00eb Kushtetut\u00ebs, k\u00ebsaj sjellje t\u00eb rrezikshme, pasojat do t\u00eb jen\u00eb t\u00eb p\u00ebrjetshme p\u00ebr t\u00eb gjith\u00eb ata q\u00eb b\u00ebhen pjes\u00eb\u201d, tha ai.<\/p>\n","protected":false},"excerpt":{"rendered":"<p>Kryetari i Aleanc\u00ebs p\u00ebr Ardhm\u00ebrin\u00eb e Kosov\u00ebs (AAK), Ramush Haradinaj, ka deklaruar se situata e krijuar n\u00eb Kuvendin e Kosov\u00ebs rreth seanc\u00ebs p\u00ebr zgjedhjen e presidentit \u00ebsht\u00eb, sipas tij, e paprecedent\u00eb dhe e rrezikshme. Haradinaj ka th\u00ebn\u00eb se kushdo q\u00eb merr pjes\u00eb n\u00eb k\u00ebt\u00eb seanc\u00eb mund t\u00eb p\u00ebrballet me pasoja t\u00eb r\u00ebnda, duke e cil\u00ebsuar [&hellip;]<\/p>\n","protected":false},"author":4,"featured_media":12211,"comment_status":"open","ping_status":"open","sticky":false,"template":"","format":"standard","meta":{"footnotes":""},"categories":[31,30],"tags":[],"class_list":{"0":"post-12210","1":"post","2":"type-post","3":"status-publish","4":"format-standard","5":"has-post-thumbnail","7":"category-kosove","8":"category-lajme"},"yoast_head":"<!-- This site is optimized with the Yoast SEO plugin v27.4 - https:\/\/yoast.com\/product\/yoast-seo-wordpress\/ -->\n<title>Haradinaj thirrje deputet\u00ebve t\u00eb VV-s\u00eb: Mos u b\u00ebni pjes\u00eb e turpit - Kosova Times<\/title>\n<meta name=\"robots\" content=\"index, follow, max-snippet:-1, max-image-preview:large, max-video-preview:-1\" \/>\n<link rel=\"canonical\" href=\"https:\/\/kosovatimes.info\/index.php\/2026\/04\/28\/haradinaj-thirrje-deputeteve-te-vv-se-mos-u-beni-pjese-e-turpit\/\" \/>\n<meta property=\"og:locale\" content=\"en_US\" \/>\n<meta property=\"og:type\" content=\"article\" \/>\n<meta property=\"og:title\" content=\"Haradinaj thirrje deputet\u00ebve t\u00eb VV-s\u00eb: Mos u b\u00ebni pjes\u00eb e turpit - Kosova Times\" \/>\n<meta property=\"og:description\" content=\"Kryetari i Aleanc\u00ebs p\u00ebr Ardhm\u00ebrin\u00eb e Kosov\u00ebs (AAK), Ramush Haradinaj, ka deklaruar se situata e krijuar n\u00eb Kuvendin e Kosov\u00ebs rreth seanc\u00ebs p\u00ebr zgjedhjen e presidentit \u00ebsht\u00eb, sipas tij, e paprecedent\u00eb dhe e rrezikshme. Haradinaj ka th\u00ebn\u00eb se kushdo q\u00eb merr pjes\u00eb n\u00eb k\u00ebt\u00eb seanc\u00eb mund t\u00eb p\u00ebrballet me pasoja t\u00eb r\u00ebnda, duke e cil\u00ebsuar [&hellip;]\" \/>\n<meta property=\"og:url\" content=\"https:\/\/kosovatimes.info\/index.php\/2026\/04\/28\/haradinaj-thirrje-deputeteve-te-vv-se-mos-u-beni-pjese-e-turpit\/\" \/>\n<meta property=\"og:site_name\" content=\"Kosova Times\" \/>\n<meta property=\"article:published_time\" content=\"2026-04-28T09:32:00+00:00\" \/>\n<meta property=\"article:modified_time\" content=\"2026-04-28T16:06:13+00:00\" \/>\n<meta property=\"og:image\" content=\"https:\/\/kosovatimes.info\/wp-content\/uploads\/2026\/04\/Ramush-3.jpg\" \/>\n\t<meta property=\"og:image:width\" content=\"780\" \/>\n\t<meta property=\"og:image:height\" content=\"500\" \/>\n\t<meta property=\"og:image:type\" content=\"image\/jpeg\" \/>\n<meta name=\"author\" content=\"i l\" \/>\n<meta name=\"twitter:card\" content=\"summary_large_image\" \/>\n<meta name=\"twitter:label1\" content=\"Written by\" \/>\n\t<meta name=\"twitter:data1\" content=\"i l\" \/>\n\t<meta name=\"twitter:label2\" content=\"Est. reading time\" \/>\n\t<meta name=\"twitter:data2\" content=\"2 minutes\" \/>\n<script type=\"application\/ld+json\" class=\"yoast-schema-graph\">{\"@context\":\"https:\\\/\\\/schema.org\",\"@graph\":[{\"@type\":\"Article\",\"@id\":\"https:\\\/\\\/kosovatimes.info\\\/index.php\\\/2026\\\/04\\\/28\\\/haradinaj-thirrje-deputeteve-te-vv-se-mos-u-beni-pjese-e-turpit\\\/#article\",\"isPartOf\":{\"@id\":\"https:\\\/\\\/kosovatimes.info\\\/index.php\\\/2026\\\/04\\\/28\\\/haradinaj-thirrje-deputeteve-te-vv-se-mos-u-beni-pjese-e-turpit\\\/\"},\"author\":{\"name\":\"i l\",\"@id\":\"https:\\\/\\\/kosovatimes.info\\\/#\\\/schema\\\/person\\\/7586712b9c512fe68085de007378c915\"},\"headline\":\"Haradinaj thirrje deputet\u00ebve t\u00eb VV-s\u00eb: Mos u b\u00ebni pjes\u00eb e turpit\",\"datePublished\":\"2026-04-28T09:32:00+00:00\",\"dateModified\":\"2026-04-28T16:06:13+00:00\",\"mainEntityOfPage\":{\"@id\":\"https:\\\/\\\/kosovatimes.info\\\/index.php\\\/2026\\\/04\\\/28\\\/haradinaj-thirrje-deputeteve-te-vv-se-mos-u-beni-pjese-e-turpit\\\/\"},\"wordCount\":340,\"commentCount\":0,\"image\":{\"@id\":\"https:\\\/\\\/kosovatimes.info\\\/index.php\\\/2026\\\/04\\\/28\\\/haradinaj-thirrje-deputeteve-te-vv-se-mos-u-beni-pjese-e-turpit\\\/#primaryimage\"},\"thumbnailUrl\":\"https:\\\/\\\/kosovatimes.info\\\/wp-content\\\/uploads\\\/2026\\\/04\\\/Ramush-3.jpg\",\"articleSection\":[\"Kosov\u00eb\",\"Lajme\"],\"inLanguage\":\"en-US\",\"potentialAction\":[{\"@type\":\"CommentAction\",\"name\":\"Comment\",\"target\":[\"https:\\\/\\\/kosovatimes.info\\\/index.php\\\/2026\\\/04\\\/28\\\/haradinaj-thirrje-deputeteve-te-vv-se-mos-u-beni-pjese-e-turpit\\\/#respond\"]}]},{\"@type\":\"WebPage\",\"@id\":\"https:\\\/\\\/kosovatimes.info\\\/index.php\\\/2026\\\/04\\\/28\\\/haradinaj-thirrje-deputeteve-te-vv-se-mos-u-beni-pjese-e-turpit\\\/\",\"url\":\"https:\\\/\\\/kosovatimes.info\\\/index.php\\\/2026\\\/04\\\/28\\\/haradinaj-thirrje-deputeteve-te-vv-se-mos-u-beni-pjese-e-turpit\\\/\",\"name\":\"Haradinaj thirrje deputet\u00ebve t\u00eb VV-s\u00eb: Mos u b\u00ebni pjes\u00eb e turpit - Kosova Times\",\"isPartOf\":{\"@id\":\"https:\\\/\\\/kosovatimes.info\\\/#website\"},\"primaryImageOfPage\":{\"@id\":\"https:\\\/\\\/kosovatimes.info\\\/index.php\\\/2026\\\/04\\\/28\\\/haradinaj-thirrje-deputeteve-te-vv-se-mos-u-beni-pjese-e-turpit\\\/#primaryimage\"},\"image\":{\"@id\":\"https:\\\/\\\/kosovatimes.info\\\/index.php\\\/2026\\\/04\\\/28\\\/haradinaj-thirrje-deputeteve-te-vv-se-mos-u-beni-pjese-e-turpit\\\/#primaryimage\"},\"thumbnailUrl\":\"https:\\\/\\\/kosovatimes.info\\\/wp-content\\\/uploads\\\/2026\\\/04\\\/Ramush-3.jpg\",\"datePublished\":\"2026-04-28T09:32:00+00:00\",\"dateModified\":\"2026-04-28T16:06:13+00:00\",\"author\":{\"@id\":\"https:\\\/\\\/kosovatimes.info\\\/#\\\/schema\\\/person\\\/7586712b9c512fe68085de007378c915\"},\"breadcrumb\":{\"@id\":\"https:\\\/\\\/kosovatimes.info\\\/index.php\\\/2026\\\/04\\\/28\\\/haradinaj-thirrje-deputeteve-te-vv-se-mos-u-beni-pjese-e-turpit\\\/#breadcrumb\"},\"inLanguage\":\"en-US\",\"potentialAction\":[{\"@type\":\"ReadAction\",\"target\":[\"https:\\\/\\\/kosovatimes.info\\\/index.php\\\/2026\\\/04\\\/28\\\/haradinaj-thirrje-deputeteve-te-vv-se-mos-u-beni-pjese-e-turpit\\\/\"]}]},{\"@type\":\"ImageObject\",\"inLanguage\":\"en-US\",\"@id\":\"https:\\\/\\\/kosovatimes.info\\\/index.php\\\/2026\\\/04\\\/28\\\/haradinaj-thirrje-deputeteve-te-vv-se-mos-u-beni-pjese-e-turpit\\\/#primaryimage\",\"url\":\"https:\\\/\\\/kosovatimes.info\\\/wp-content\\\/uploads\\\/2026\\\/04\\\/Ramush-3.jpg\",\"contentUrl\":\"https:\\\/\\\/kosovatimes.info\\\/wp-content\\\/uploads\\\/2026\\\/04\\\/Ramush-3.jpg\",\"width\":780,\"height\":500},{\"@type\":\"BreadcrumbList\",\"@id\":\"https:\\\/\\\/kosovatimes.info\\\/index.php\\\/2026\\\/04\\\/28\\\/haradinaj-thirrje-deputeteve-te-vv-se-mos-u-beni-pjese-e-turpit\\\/#breadcrumb\",\"itemListElement\":[{\"@type\":\"ListItem\",\"position\":1,\"name\":\"Home\",\"item\":\"https:\\\/\\\/kosovatimes.info\\\/\"},{\"@type\":\"ListItem\",\"position\":2,\"name\":\"Haradinaj thirrje deputet\u00ebve t\u00eb VV-s\u00eb: Mos u b\u00ebni pjes\u00eb e turpit\"}]},{\"@type\":\"WebSite\",\"@id\":\"https:\\\/\\\/kosovatimes.info\\\/#website\",\"url\":\"https:\\\/\\\/kosovatimes.info\\\/\",\"name\":\"Kosova Times\",\"description\":\"\",\"potentialAction\":[{\"@type\":\"SearchAction\",\"target\":{\"@type\":\"EntryPoint\",\"urlTemplate\":\"https:\\\/\\\/kosovatimes.info\\\/?s={search_term_string}\"},\"query-input\":{\"@type\":\"PropertyValueSpecification\",\"valueRequired\":true,\"valueName\":\"search_term_string\"}}],\"inLanguage\":\"en-US\"},{\"@type\":\"Person\",\"@id\":\"https:\\\/\\\/kosovatimes.info\\\/#\\\/schema\\\/person\\\/7586712b9c512fe68085de007378c915\",\"name\":\"i l\",\"image\":{\"@type\":\"ImageObject\",\"inLanguage\":\"en-US\",\"@id\":\"https:\\\/\\\/secure.gravatar.com\\\/avatar\\\/bad9296e02816160ae2e2435beda58222022298d5625d49fea74d18816fbb31d?s=96&d=mm&r=g\",\"url\":\"https:\\\/\\\/secure.gravatar.com\\\/avatar\\\/bad9296e02816160ae2e2435beda58222022298d5625d49fea74d18816fbb31d?s=96&d=mm&r=g\",\"contentUrl\":\"https:\\\/\\\/secure.gravatar.com\\\/avatar\\\/bad9296e02816160ae2e2435beda58222022298d5625d49fea74d18816fbb31d?s=96&d=mm&r=g\",\"caption\":\"i l\"},\"url\":\"https:\\\/\\\/kosovatimes.info\\\/index.php\\\/author\\\/iliri\\\/\"}]}<\/script>\n<!-- \/ Yoast SEO plugin. -->","yoast_head_json":{"title":"Haradinaj thirrje deputet\u00ebve t\u00eb VV-s\u00eb: Mos u b\u00ebni pjes\u00eb e turpit - Kosova Times","robots":{"index":"index","follow":"follow","max-snippet":"max-snippet:-1","max-image-preview":"max-image-preview:large","max-video-preview":"max-video-preview:-1"},"canonical":"https:\/\/kosovatimes.info\/index.php\/2026\/04\/28\/haradinaj-thirrje-deputeteve-te-vv-se-mos-u-beni-pjese-e-turpit\/","og_locale":"en_US","og_type":"article","og_title":"Haradinaj thirrje deputet\u00ebve t\u00eb VV-s\u00eb: Mos u b\u00ebni pjes\u00eb e turpit - Kosova Times","og_description":"Kryetari i Aleanc\u00ebs p\u00ebr Ardhm\u00ebrin\u00eb e Kosov\u00ebs (AAK), Ramush Haradinaj, ka deklaruar se situata e krijuar n\u00eb Kuvendin e Kosov\u00ebs rreth seanc\u00ebs p\u00ebr zgjedhjen e presidentit \u00ebsht\u00eb, sipas tij, e paprecedent\u00eb dhe e rrezikshme. Haradinaj ka th\u00ebn\u00eb se kushdo q\u00eb merr pjes\u00eb n\u00eb k\u00ebt\u00eb seanc\u00eb mund t\u00eb p\u00ebrballet me pasoja t\u00eb r\u00ebnda, duke e cil\u00ebsuar [&hellip;]","og_url":"https:\/\/kosovatimes.info\/index.php\/2026\/04\/28\/haradinaj-thirrje-deputeteve-te-vv-se-mos-u-beni-pjese-e-turpit\/","og_site_name":"Kosova Times","article_published_time":"2026-04-28T09:32:00+00:00","article_modified_time":"2026-04-28T16:06:13+00:00","og_image":[{"width":780,"height":500,"url":"https:\/\/kosovatimes.info\/wp-content\/uploads\/2026\/04\/Ramush-3.jpg","type":"image\/jpeg"}],"author":"i l","twitter_card":"summary_large_image","twitter_misc":{"Written by":"i l","Est. reading time":"2 minutes"},"schema":{"@context":"https:\/\/schema.org","@graph":[{"@type":"Article","@id":"https:\/\/kosovatimes.info\/index.php\/2026\/04\/28\/haradinaj-thirrje-deputeteve-te-vv-se-mos-u-beni-pjese-e-turpit\/#article","isPartOf":{"@id":"https:\/\/kosovatimes.info\/index.php\/2026\/04\/28\/haradinaj-thirrje-deputeteve-te-vv-se-mos-u-beni-pjese-e-turpit\/"},"author":{"name":"i l","@id":"https:\/\/kosovatimes.info\/#\/schema\/person\/7586712b9c512fe68085de007378c915"},"headline":"Haradinaj thirrje deputet\u00ebve t\u00eb VV-s\u00eb: Mos u b\u00ebni pjes\u00eb e turpit","datePublished":"2026-04-28T09:32:00+00:00","dateModified":"2026-04-28T16:06:13+00:00","mainEntityOfPage":{"@id":"https:\/\/kosovatimes.info\/index.php\/2026\/04\/28\/haradinaj-thirrje-deputeteve-te-vv-se-mos-u-beni-pjese-e-turpit\/"},"wordCount":340,"commentCount":0,"image":{"@id":"https:\/\/kosovatimes.info\/index.php\/2026\/04\/28\/haradinaj-thirrje-deputeteve-te-vv-se-mos-u-beni-pjese-e-turpit\/#primaryimage"},"thumbnailUrl":"https:\/\/kosovatimes.info\/wp-content\/uploads\/2026\/04\/Ramush-3.jpg","articleSection":["Kosov\u00eb","Lajme"],"inLanguage":"en-US","potentialAction":[{"@type":"CommentAction","name":"Comment","target":["https:\/\/kosovatimes.info\/index.php\/2026\/04\/28\/haradinaj-thirrje-deputeteve-te-vv-se-mos-u-beni-pjese-e-turpit\/#respond"]}]},{"@type":"WebPage","@id":"https:\/\/kosovatimes.info\/index.php\/2026\/04\/28\/haradinaj-thirrje-deputeteve-te-vv-se-mos-u-beni-pjese-e-turpit\/","url":"https:\/\/kosovatimes.info\/index.php\/2026\/04\/28\/haradinaj-thirrje-deputeteve-te-vv-se-mos-u-beni-pjese-e-turpit\/","name":"Haradinaj thirrje deputet\u00ebve t\u00eb VV-s\u00eb: Mos u b\u00ebni pjes\u00eb e turpit - Kosova Times","isPartOf":{"@id":"https:\/\/kosovatimes.info\/#website"},"primaryImageOfPage":{"@id":"https:\/\/kosovatimes.info\/index.php\/2026\/04\/28\/haradinaj-thirrje-deputeteve-te-vv-se-mos-u-beni-pjese-e-turpit\/#primaryimage"},"image":{"@id":"https:\/\/kosovatimes.info\/index.php\/2026\/04\/28\/haradinaj-thirrje-deputeteve-te-vv-se-mos-u-beni-pjese-e-turpit\/#primaryimage"},"thumbnailUrl":"https:\/\/kosovatimes.info\/wp-content\/uploads\/2026\/04\/Ramush-3.jpg","datePublished":"2026-04-28T09:32:00+00:00","dateModified":"2026-04-28T16:06:13+00:00","author":{"@id":"https:\/\/kosovatimes.info\/#\/schema\/person\/7586712b9c512fe68085de007378c915"},"breadcrumb":{"@id":"https:\/\/kosovatimes.info\/index.php\/2026\/04\/28\/haradinaj-thirrje-deputeteve-te-vv-se-mos-u-beni-pjese-e-turpit\/#breadcrumb"},"inLanguage":"en-US","potentialAction":[{"@type":"ReadAction","target":["https:\/\/kosovatimes.info\/index.php\/2026\/04\/28\/haradinaj-thirrje-deputeteve-te-vv-se-mos-u-beni-pjese-e-turpit\/"]}]},{"@type":"ImageObject","inLanguage":"en-US","@id":"https:\/\/kosovatimes.info\/index.php\/2026\/04\/28\/haradinaj-thirrje-deputeteve-te-vv-se-mos-u-beni-pjese-e-turpit\/#primaryimage","url":"https:\/\/kosovatimes.info\/wp-content\/uploads\/2026\/04\/Ramush-3.jpg","contentUrl":"https:\/\/kosovatimes.info\/wp-content\/uploads\/2026\/04\/Ramush-3.jpg","width":780,"height":500},{"@type":"BreadcrumbList","@id":"https:\/\/kosovatimes.info\/index.php\/2026\/04\/28\/haradinaj-thirrje-deputeteve-te-vv-se-mos-u-beni-pjese-e-turpit\/#breadcrumb","itemListElement":[{"@type":"ListItem","position":1,"name":"Home","item":"https:\/\/kosovatimes.info\/"},{"@type":"ListItem","position":2,"name":"Haradinaj thirrje deputet\u00ebve t\u00eb VV-s\u00eb: Mos u b\u00ebni pjes\u00eb e turpit"}]},{"@type":"WebSite","@id":"https:\/\/kosovatimes.info\/#website","url":"https:\/\/kosovatimes.info\/","name":"Kosova Times","description":"","potentialAction":[{"@type":"SearchAction","target":{"@type":"EntryPoint","urlTemplate":"https:\/\/kosovatimes.info\/?s={search_term_string}"},"query-input":{"@type":"PropertyValueSpecification","valueRequired":true,"valueName":"search_term_string"}}],"inLanguage":"en-US"},{"@type":"Person","@id":"https:\/\/kosovatimes.info\/#\/schema\/person\/7586712b9c512fe68085de007378c915","name":"i l","image":{"@type":"ImageObject","inLanguage":"en-US","@id":"https:\/\/secure.gravatar.com\/avatar\/bad9296e02816160ae2e2435beda58222022298d5625d49fea74d18816fbb31d?s=96&d=mm&r=g","url":"https:\/\/secure.gravatar.com\/avatar\/bad9296e02816160ae2e2435beda58222022298d5625d49fea74d18816fbb31d?s=96&d=mm&r=g","contentUrl":"https:\/\/secure.gravatar.com\/avatar\/bad9296e02816160ae2e2435beda58222022298d5625d49fea74d18816fbb31d?s=96&d=mm&r=g","caption":"i l"},"url":"https:\/\/kosovatimes.info\/index.php\/author\/iliri\/"}]}},"_links":{"self":[{"href":"https:\/\/kosovatimes.info\/index.php\/wp-json\/wp\/v2\/posts\/12210","targetHints":{"allow":["GET"]}}],"collection":[{"href":"https:\/\/kosovatimes.info\/index.php\/wp-json\/wp\/v2\/posts"}],"about":[{"href":"https:\/\/kosovatimes.info\/index.php\/wp-json\/wp\/v2\/types\/post"}],"author":[{"embeddable":true,"href":"https:\/\/kosovatimes.info\/index.php\/wp-json\/wp\/v2\/users\/4"}],"replies":[{"embeddable":true,"href":"https:\/\/kosovatimes.info\/index.php\/wp-json\/wp\/v2\/comments?post=12210"}],"version-history":[{"count":1,"href":"https:\/\/kosovatimes.info\/index.php\/wp-json\/wp\/v2\/posts\/12210\/revisions"}],"predecessor-version":[{"id":12212,"href":"https:\/\/kosovatimes.info\/index.php\/wp-json\/wp\/v2\/posts\/12210\/revisions\/12212"}],"wp:featuredmedia":[{"embeddable":true,"href":"https:\/\/kosovatimes.info\/index.php\/wp-json\/wp\/v2\/media\/12211"}],"wp:attachment":[{"href":"https:\/\/kosovatimes.info\/index.php\/wp-json\/wp\/v2\/media?parent=12210"}],"wp:term":[{"taxonomy":"category","embeddable":true,"href":"https:\/\/kosovatimes.info\/index.php\/wp-json\/wp\/v2\/categories?post=12210"},{"taxonomy":"post_tag","embeddable":true,"href":"https:\/\/kosovatimes.info\/index.php\/wp-json\/wp\/v2\/tags?post=12210"}],"curies":[{"name":"wp","href":"https:\/\/api.w.org\/{rel}","templated":true}]}}