{"id":12213,"date":"2026-04-28T11:40:00","date_gmt":"2026-04-28T09:40:00","guid":{"rendered":"https:\/\/kosovatimes.info\/?p=12213"},"modified":"2026-04-28T18:07:38","modified_gmt":"2026-04-28T16:07:38","slug":"vatra-simboli-i-nacionalizmit-shqiptar-dhe-atdhedashurise","status":"publish","type":"post","link":"https:\/\/kosovatimes.info\/index.php\/2026\/04\/28\/vatra-simboli-i-nacionalizmit-shqiptar-dhe-atdhedashurise\/","title":{"rendered":"`Vatra`, simboli i nacionalizmit shqiptar dhe atdhedashuris\u00eb"},"content":{"rendered":"\n<p>atsh<\/p>\n\n\n\n<p><strong>M\u00eb 28 prill 1912 n\u00eb Boston lindi Federata Panshqiptare e Amerik\u00ebs \u201cVatra\u201d, n\u00ebn udh\u00ebheqjen e Fan Nolit, Faik Konic\u00ebs dhe patriot\u00ebve t\u00eb tjer\u00eb q\u00eb bashkuan shoq\u00ebrit\u00eb shqiptare t\u00eb m\u00ebrgat\u00ebs n\u00eb nj\u00eb federat\u00eb t\u00eb vetme.<\/strong><\/p>\n\n\n\n<p>Takimi i par\u00eb p\u00ebr themelimin e saj u mbajt m\u00eb 24 dhjetor 1911, me pjes\u00ebmarrjen e shoqat\u00ebs \u201cBesa-Bes\u00eb\u201d dhe shoq\u00ebrive t\u00eb tjera, nd\u00ebrsa m\u00eb 13 qershor 1912 \u201cVatra\u201d u njoh zyrtarisht nga institucionet ligjore amerikane. N\u00eb bordet e para drejtuese u p\u00ebrfshin\u00eb figura t\u00eb shquara si Fan Noli, Faik Konica, Kristo Floqi, Llambi \u00c7ikozi e Kristo Kirka, t\u00eb cil\u00ebt e udh\u00ebhoq\u00ebn organizat\u00ebn dhe gazet\u00ebn \u201cDielli\u201d, duke e kthyer n\u00eb shtyll\u00eb t\u00eb identitetit komb\u00ebtar.<\/p>\n\n\n\n<p>Gjat\u00eb Luft\u00ebs s\u00eb Par\u00eb Bot\u00ebrore, \u201cVatra\u201d funksionoi si nj\u00eb form\u00eb qeverie shqiptare n\u00eb m\u00ebrgim. Ajo d\u00ebrgoi p\u00ebrfaq\u00ebsues n\u00eb Evrop\u00eb dhe mbrojti t\u00eb drejtat e Shqip\u00ebris\u00eb n\u00eb Konferenc\u00ebn e Paqes n\u00eb Paris. \u201cVatra\u201d u b\u00eb zemra e diaspor\u00ebs, duke mbledhur fonde, duke organizuar trupa vullnetar\u00ebsh dhe duke lobuar pran\u00eb presidentit amerikan Woodrow Wilson, i cili mbajti fjal\u00ebn p\u00ebr mbrojtjen e pavar\u00ebsis\u00eb s\u00eb Shqip\u00ebris\u00eb.<\/p>\n\n\n\n<p>N\u00eb dekadat q\u00eb pasuan, \u201cVatra\u201d u shnd\u00ebrrua n\u00eb simbol t\u00eb nacionalizmit shqiptar dhe dashuris\u00eb e p\u00ebrkushtimit p\u00ebr atdheun, duke botuar libra, revista dhe duke mbajtur gjall\u00eb gjuh\u00ebn shqipe e kultur\u00ebn komb\u00ebtare.<\/p>\n\n\n\n<p>Gazeta \u201cDielli\u201d, organi i saj zyrtar, vijon t\u00eb botohet, duke d\u00ebshmuar jet\u00ebgjat\u00ebsin\u00eb e k\u00ebsaj federate. P\u00ebrmes veprimtarive kulturore, ndihm\u00ebs p\u00ebr student\u00ebt, integrimit t\u00eb shqiptar\u00ebve n\u00eb SHBA dhe angazhimit p\u00ebr lirin\u00eb e demokracin\u00eb e kombit, \u201cVatra\u201d ka mbetur nj\u00eb drit\u00eb udh\u00ebheq\u00ebse p\u00ebr diaspor\u00ebn dhe nj\u00eb z\u00eb i fuqish\u00ebm i shqiptar\u00ebve n\u00eb bot\u00eb.<\/p>\n","protected":false},"excerpt":{"rendered":"<p>atsh M\u00eb 28 prill 1912 n\u00eb Boston lindi Federata Panshqiptare e Amerik\u00ebs \u201cVatra\u201d, n\u00ebn udh\u00ebheqjen e Fan Nolit, Faik Konic\u00ebs dhe patriot\u00ebve t\u00eb tjer\u00eb q\u00eb bashkuan shoq\u00ebrit\u00eb shqiptare t\u00eb m\u00ebrgat\u00ebs n\u00eb nj\u00eb federat\u00eb t\u00eb vetme. Takimi i par\u00eb p\u00ebr themelimin e saj u mbajt m\u00eb 24 dhjetor 1911, me pjes\u00ebmarrjen e shoqat\u00ebs \u201cBesa-Bes\u00eb\u201d dhe shoq\u00ebrive [&hellip;]<\/p>\n","protected":false},"author":4,"featured_media":12214,"comment_status":"open","ping_status":"open","sticky":false,"template":"","format":"standard","meta":{"footnotes":""},"categories":[31,30],"tags":[],"class_list":{"0":"post-12213","1":"post","2":"type-post","3":"status-publish","4":"format-standard","5":"has-post-thumbnail","7":"category-kosove","8":"category-lajme"},"yoast_head":"<!-- This site is optimized with the Yoast SEO plugin v27.4 - https:\/\/yoast.com\/product\/yoast-seo-wordpress\/ -->\n<title>`Vatra`, simboli i nacionalizmit shqiptar dhe atdhedashuris\u00eb - Kosova Times<\/title>\n<meta name=\"robots\" content=\"index, follow, max-snippet:-1, max-image-preview:large, max-video-preview:-1\" \/>\n<link rel=\"canonical\" href=\"https:\/\/kosovatimes.info\/index.php\/2026\/04\/28\/vatra-simboli-i-nacionalizmit-shqiptar-dhe-atdhedashurise\/\" \/>\n<meta property=\"og:locale\" content=\"en_US\" \/>\n<meta property=\"og:type\" content=\"article\" \/>\n<meta property=\"og:title\" content=\"`Vatra`, simboli i nacionalizmit shqiptar dhe atdhedashuris\u00eb - Kosova Times\" \/>\n<meta property=\"og:description\" content=\"atsh M\u00eb 28 prill 1912 n\u00eb Boston lindi Federata Panshqiptare e Amerik\u00ebs \u201cVatra\u201d, n\u00ebn udh\u00ebheqjen e Fan Nolit, Faik Konic\u00ebs dhe patriot\u00ebve t\u00eb tjer\u00eb q\u00eb bashkuan shoq\u00ebrit\u00eb shqiptare t\u00eb m\u00ebrgat\u00ebs n\u00eb nj\u00eb federat\u00eb t\u00eb vetme. Takimi i par\u00eb p\u00ebr themelimin e saj u mbajt m\u00eb 24 dhjetor 1911, me pjes\u00ebmarrjen e shoqat\u00ebs \u201cBesa-Bes\u00eb\u201d dhe shoq\u00ebrive [&hellip;]\" \/>\n<meta property=\"og:url\" content=\"https:\/\/kosovatimes.info\/index.php\/2026\/04\/28\/vatra-simboli-i-nacionalizmit-shqiptar-dhe-atdhedashurise\/\" \/>\n<meta property=\"og:site_name\" content=\"Kosova Times\" \/>\n<meta property=\"article:published_time\" content=\"2026-04-28T09:40:00+00:00\" \/>\n<meta property=\"article:modified_time\" content=\"2026-04-28T16:07:38+00:00\" \/>\n<meta property=\"og:image\" content=\"https:\/\/kosovatimes.info\/wp-content\/uploads\/2026\/04\/Vatra.jpg\" \/>\n\t<meta property=\"og:image:width\" content=\"780\" \/>\n\t<meta property=\"og:image:height\" content=\"500\" \/>\n\t<meta property=\"og:image:type\" content=\"image\/jpeg\" \/>\n<meta name=\"author\" content=\"i l\" \/>\n<meta name=\"twitter:card\" content=\"summary_large_image\" \/>\n<meta name=\"twitter:label1\" content=\"Written by\" \/>\n\t<meta name=\"twitter:data1\" content=\"i l\" \/>\n\t<meta name=\"twitter:label2\" content=\"Est. reading time\" \/>\n\t<meta name=\"twitter:data2\" content=\"2 minutes\" \/>\n<script type=\"application\/ld+json\" class=\"yoast-schema-graph\">{\"@context\":\"https:\\\/\\\/schema.org\",\"@graph\":[{\"@type\":\"Article\",\"@id\":\"https:\\\/\\\/kosovatimes.info\\\/index.php\\\/2026\\\/04\\\/28\\\/vatra-simboli-i-nacionalizmit-shqiptar-dhe-atdhedashurise\\\/#article\",\"isPartOf\":{\"@id\":\"https:\\\/\\\/kosovatimes.info\\\/index.php\\\/2026\\\/04\\\/28\\\/vatra-simboli-i-nacionalizmit-shqiptar-dhe-atdhedashurise\\\/\"},\"author\":{\"name\":\"i l\",\"@id\":\"https:\\\/\\\/kosovatimes.info\\\/#\\\/schema\\\/person\\\/7586712b9c512fe68085de007378c915\"},\"headline\":\"`Vatra`, simboli i nacionalizmit shqiptar dhe atdhedashuris\u00eb\",\"datePublished\":\"2026-04-28T09:40:00+00:00\",\"dateModified\":\"2026-04-28T16:07:38+00:00\",\"mainEntityOfPage\":{\"@id\":\"https:\\\/\\\/kosovatimes.info\\\/index.php\\\/2026\\\/04\\\/28\\\/vatra-simboli-i-nacionalizmit-shqiptar-dhe-atdhedashurise\\\/\"},\"wordCount\":309,\"commentCount\":0,\"image\":{\"@id\":\"https:\\\/\\\/kosovatimes.info\\\/index.php\\\/2026\\\/04\\\/28\\\/vatra-simboli-i-nacionalizmit-shqiptar-dhe-atdhedashurise\\\/#primaryimage\"},\"thumbnailUrl\":\"https:\\\/\\\/kosovatimes.info\\\/wp-content\\\/uploads\\\/2026\\\/04\\\/Vatra.jpg\",\"articleSection\":[\"Kosov\u00eb\",\"Lajme\"],\"inLanguage\":\"en-US\",\"potentialAction\":[{\"@type\":\"CommentAction\",\"name\":\"Comment\",\"target\":[\"https:\\\/\\\/kosovatimes.info\\\/index.php\\\/2026\\\/04\\\/28\\\/vatra-simboli-i-nacionalizmit-shqiptar-dhe-atdhedashurise\\\/#respond\"]}]},{\"@type\":\"WebPage\",\"@id\":\"https:\\\/\\\/kosovatimes.info\\\/index.php\\\/2026\\\/04\\\/28\\\/vatra-simboli-i-nacionalizmit-shqiptar-dhe-atdhedashurise\\\/\",\"url\":\"https:\\\/\\\/kosovatimes.info\\\/index.php\\\/2026\\\/04\\\/28\\\/vatra-simboli-i-nacionalizmit-shqiptar-dhe-atdhedashurise\\\/\",\"name\":\"`Vatra`, simboli i nacionalizmit shqiptar dhe atdhedashuris\u00eb - Kosova Times\",\"isPartOf\":{\"@id\":\"https:\\\/\\\/kosovatimes.info\\\/#website\"},\"primaryImageOfPage\":{\"@id\":\"https:\\\/\\\/kosovatimes.info\\\/index.php\\\/2026\\\/04\\\/28\\\/vatra-simboli-i-nacionalizmit-shqiptar-dhe-atdhedashurise\\\/#primaryimage\"},\"image\":{\"@id\":\"https:\\\/\\\/kosovatimes.info\\\/index.php\\\/2026\\\/04\\\/28\\\/vatra-simboli-i-nacionalizmit-shqiptar-dhe-atdhedashurise\\\/#primaryimage\"},\"thumbnailUrl\":\"https:\\\/\\\/kosovatimes.info\\\/wp-content\\\/uploads\\\/2026\\\/04\\\/Vatra.jpg\",\"datePublished\":\"2026-04-28T09:40:00+00:00\",\"dateModified\":\"2026-04-28T16:07:38+00:00\",\"author\":{\"@id\":\"https:\\\/\\\/kosovatimes.info\\\/#\\\/schema\\\/person\\\/7586712b9c512fe68085de007378c915\"},\"breadcrumb\":{\"@id\":\"https:\\\/\\\/kosovatimes.info\\\/index.php\\\/2026\\\/04\\\/28\\\/vatra-simboli-i-nacionalizmit-shqiptar-dhe-atdhedashurise\\\/#breadcrumb\"},\"inLanguage\":\"en-US\",\"potentialAction\":[{\"@type\":\"ReadAction\",\"target\":[\"https:\\\/\\\/kosovatimes.info\\\/index.php\\\/2026\\\/04\\\/28\\\/vatra-simboli-i-nacionalizmit-shqiptar-dhe-atdhedashurise\\\/\"]}]},{\"@type\":\"ImageObject\",\"inLanguage\":\"en-US\",\"@id\":\"https:\\\/\\\/kosovatimes.info\\\/index.php\\\/2026\\\/04\\\/28\\\/vatra-simboli-i-nacionalizmit-shqiptar-dhe-atdhedashurise\\\/#primaryimage\",\"url\":\"https:\\\/\\\/kosovatimes.info\\\/wp-content\\\/uploads\\\/2026\\\/04\\\/Vatra.jpg\",\"contentUrl\":\"https:\\\/\\\/kosovatimes.info\\\/wp-content\\\/uploads\\\/2026\\\/04\\\/Vatra.jpg\",\"width\":780,\"height\":500},{\"@type\":\"BreadcrumbList\",\"@id\":\"https:\\\/\\\/kosovatimes.info\\\/index.php\\\/2026\\\/04\\\/28\\\/vatra-simboli-i-nacionalizmit-shqiptar-dhe-atdhedashurise\\\/#breadcrumb\",\"itemListElement\":[{\"@type\":\"ListItem\",\"position\":1,\"name\":\"Home\",\"item\":\"https:\\\/\\\/kosovatimes.info\\\/\"},{\"@type\":\"ListItem\",\"position\":2,\"name\":\"`Vatra`, simboli i nacionalizmit shqiptar dhe atdhedashuris\u00eb\"}]},{\"@type\":\"WebSite\",\"@id\":\"https:\\\/\\\/kosovatimes.info\\\/#website\",\"url\":\"https:\\\/\\\/kosovatimes.info\\\/\",\"name\":\"Kosova Times\",\"description\":\"\",\"potentialAction\":[{\"@type\":\"SearchAction\",\"target\":{\"@type\":\"EntryPoint\",\"urlTemplate\":\"https:\\\/\\\/kosovatimes.info\\\/?s={search_term_string}\"},\"query-input\":{\"@type\":\"PropertyValueSpecification\",\"valueRequired\":true,\"valueName\":\"search_term_string\"}}],\"inLanguage\":\"en-US\"},{\"@type\":\"Person\",\"@id\":\"https:\\\/\\\/kosovatimes.info\\\/#\\\/schema\\\/person\\\/7586712b9c512fe68085de007378c915\",\"name\":\"i l\",\"image\":{\"@type\":\"ImageObject\",\"inLanguage\":\"en-US\",\"@id\":\"https:\\\/\\\/secure.gravatar.com\\\/avatar\\\/bad9296e02816160ae2e2435beda58222022298d5625d49fea74d18816fbb31d?s=96&d=mm&r=g\",\"url\":\"https:\\\/\\\/secure.gravatar.com\\\/avatar\\\/bad9296e02816160ae2e2435beda58222022298d5625d49fea74d18816fbb31d?s=96&d=mm&r=g\",\"contentUrl\":\"https:\\\/\\\/secure.gravatar.com\\\/avatar\\\/bad9296e02816160ae2e2435beda58222022298d5625d49fea74d18816fbb31d?s=96&d=mm&r=g\",\"caption\":\"i l\"},\"url\":\"https:\\\/\\\/kosovatimes.info\\\/index.php\\\/author\\\/iliri\\\/\"}]}<\/script>\n<!-- \/ Yoast SEO plugin. -->","yoast_head_json":{"title":"`Vatra`, simboli i nacionalizmit shqiptar dhe atdhedashuris\u00eb - Kosova Times","robots":{"index":"index","follow":"follow","max-snippet":"max-snippet:-1","max-image-preview":"max-image-preview:large","max-video-preview":"max-video-preview:-1"},"canonical":"https:\/\/kosovatimes.info\/index.php\/2026\/04\/28\/vatra-simboli-i-nacionalizmit-shqiptar-dhe-atdhedashurise\/","og_locale":"en_US","og_type":"article","og_title":"`Vatra`, simboli i nacionalizmit shqiptar dhe atdhedashuris\u00eb - Kosova Times","og_description":"atsh M\u00eb 28 prill 1912 n\u00eb Boston lindi Federata Panshqiptare e Amerik\u00ebs \u201cVatra\u201d, n\u00ebn udh\u00ebheqjen e Fan Nolit, Faik Konic\u00ebs dhe patriot\u00ebve t\u00eb tjer\u00eb q\u00eb bashkuan shoq\u00ebrit\u00eb shqiptare t\u00eb m\u00ebrgat\u00ebs n\u00eb nj\u00eb federat\u00eb t\u00eb vetme. Takimi i par\u00eb p\u00ebr themelimin e saj u mbajt m\u00eb 24 dhjetor 1911, me pjes\u00ebmarrjen e shoqat\u00ebs \u201cBesa-Bes\u00eb\u201d dhe shoq\u00ebrive [&hellip;]","og_url":"https:\/\/kosovatimes.info\/index.php\/2026\/04\/28\/vatra-simboli-i-nacionalizmit-shqiptar-dhe-atdhedashurise\/","og_site_name":"Kosova Times","article_published_time":"2026-04-28T09:40:00+00:00","article_modified_time":"2026-04-28T16:07:38+00:00","og_image":[{"width":780,"height":500,"url":"https:\/\/kosovatimes.info\/wp-content\/uploads\/2026\/04\/Vatra.jpg","type":"image\/jpeg"}],"author":"i l","twitter_card":"summary_large_image","twitter_misc":{"Written by":"i l","Est. reading time":"2 minutes"},"schema":{"@context":"https:\/\/schema.org","@graph":[{"@type":"Article","@id":"https:\/\/kosovatimes.info\/index.php\/2026\/04\/28\/vatra-simboli-i-nacionalizmit-shqiptar-dhe-atdhedashurise\/#article","isPartOf":{"@id":"https:\/\/kosovatimes.info\/index.php\/2026\/04\/28\/vatra-simboli-i-nacionalizmit-shqiptar-dhe-atdhedashurise\/"},"author":{"name":"i l","@id":"https:\/\/kosovatimes.info\/#\/schema\/person\/7586712b9c512fe68085de007378c915"},"headline":"`Vatra`, simboli i nacionalizmit shqiptar dhe atdhedashuris\u00eb","datePublished":"2026-04-28T09:40:00+00:00","dateModified":"2026-04-28T16:07:38+00:00","mainEntityOfPage":{"@id":"https:\/\/kosovatimes.info\/index.php\/2026\/04\/28\/vatra-simboli-i-nacionalizmit-shqiptar-dhe-atdhedashurise\/"},"wordCount":309,"commentCount":0,"image":{"@id":"https:\/\/kosovatimes.info\/index.php\/2026\/04\/28\/vatra-simboli-i-nacionalizmit-shqiptar-dhe-atdhedashurise\/#primaryimage"},"thumbnailUrl":"https:\/\/kosovatimes.info\/wp-content\/uploads\/2026\/04\/Vatra.jpg","articleSection":["Kosov\u00eb","Lajme"],"inLanguage":"en-US","potentialAction":[{"@type":"CommentAction","name":"Comment","target":["https:\/\/kosovatimes.info\/index.php\/2026\/04\/28\/vatra-simboli-i-nacionalizmit-shqiptar-dhe-atdhedashurise\/#respond"]}]},{"@type":"WebPage","@id":"https:\/\/kosovatimes.info\/index.php\/2026\/04\/28\/vatra-simboli-i-nacionalizmit-shqiptar-dhe-atdhedashurise\/","url":"https:\/\/kosovatimes.info\/index.php\/2026\/04\/28\/vatra-simboli-i-nacionalizmit-shqiptar-dhe-atdhedashurise\/","name":"`Vatra`, simboli i nacionalizmit shqiptar dhe atdhedashuris\u00eb - Kosova Times","isPartOf":{"@id":"https:\/\/kosovatimes.info\/#website"},"primaryImageOfPage":{"@id":"https:\/\/kosovatimes.info\/index.php\/2026\/04\/28\/vatra-simboli-i-nacionalizmit-shqiptar-dhe-atdhedashurise\/#primaryimage"},"image":{"@id":"https:\/\/kosovatimes.info\/index.php\/2026\/04\/28\/vatra-simboli-i-nacionalizmit-shqiptar-dhe-atdhedashurise\/#primaryimage"},"thumbnailUrl":"https:\/\/kosovatimes.info\/wp-content\/uploads\/2026\/04\/Vatra.jpg","datePublished":"2026-04-28T09:40:00+00:00","dateModified":"2026-04-28T16:07:38+00:00","author":{"@id":"https:\/\/kosovatimes.info\/#\/schema\/person\/7586712b9c512fe68085de007378c915"},"breadcrumb":{"@id":"https:\/\/kosovatimes.info\/index.php\/2026\/04\/28\/vatra-simboli-i-nacionalizmit-shqiptar-dhe-atdhedashurise\/#breadcrumb"},"inLanguage":"en-US","potentialAction":[{"@type":"ReadAction","target":["https:\/\/kosovatimes.info\/index.php\/2026\/04\/28\/vatra-simboli-i-nacionalizmit-shqiptar-dhe-atdhedashurise\/"]}]},{"@type":"ImageObject","inLanguage":"en-US","@id":"https:\/\/kosovatimes.info\/index.php\/2026\/04\/28\/vatra-simboli-i-nacionalizmit-shqiptar-dhe-atdhedashurise\/#primaryimage","url":"https:\/\/kosovatimes.info\/wp-content\/uploads\/2026\/04\/Vatra.jpg","contentUrl":"https:\/\/kosovatimes.info\/wp-content\/uploads\/2026\/04\/Vatra.jpg","width":780,"height":500},{"@type":"BreadcrumbList","@id":"https:\/\/kosovatimes.info\/index.php\/2026\/04\/28\/vatra-simboli-i-nacionalizmit-shqiptar-dhe-atdhedashurise\/#breadcrumb","itemListElement":[{"@type":"ListItem","position":1,"name":"Home","item":"https:\/\/kosovatimes.info\/"},{"@type":"ListItem","position":2,"name":"`Vatra`, simboli i nacionalizmit shqiptar dhe atdhedashuris\u00eb"}]},{"@type":"WebSite","@id":"https:\/\/kosovatimes.info\/#website","url":"https:\/\/kosovatimes.info\/","name":"Kosova Times","description":"","potentialAction":[{"@type":"SearchAction","target":{"@type":"EntryPoint","urlTemplate":"https:\/\/kosovatimes.info\/?s={search_term_string}"},"query-input":{"@type":"PropertyValueSpecification","valueRequired":true,"valueName":"search_term_string"}}],"inLanguage":"en-US"},{"@type":"Person","@id":"https:\/\/kosovatimes.info\/#\/schema\/person\/7586712b9c512fe68085de007378c915","name":"i l","image":{"@type":"ImageObject","inLanguage":"en-US","@id":"https:\/\/secure.gravatar.com\/avatar\/bad9296e02816160ae2e2435beda58222022298d5625d49fea74d18816fbb31d?s=96&d=mm&r=g","url":"https:\/\/secure.gravatar.com\/avatar\/bad9296e02816160ae2e2435beda58222022298d5625d49fea74d18816fbb31d?s=96&d=mm&r=g","contentUrl":"https:\/\/secure.gravatar.com\/avatar\/bad9296e02816160ae2e2435beda58222022298d5625d49fea74d18816fbb31d?s=96&d=mm&r=g","caption":"i l"},"url":"https:\/\/kosovatimes.info\/index.php\/author\/iliri\/"}]}},"_links":{"self":[{"href":"https:\/\/kosovatimes.info\/index.php\/wp-json\/wp\/v2\/posts\/12213","targetHints":{"allow":["GET"]}}],"collection":[{"href":"https:\/\/kosovatimes.info\/index.php\/wp-json\/wp\/v2\/posts"}],"about":[{"href":"https:\/\/kosovatimes.info\/index.php\/wp-json\/wp\/v2\/types\/post"}],"author":[{"embeddable":true,"href":"https:\/\/kosovatimes.info\/index.php\/wp-json\/wp\/v2\/users\/4"}],"replies":[{"embeddable":true,"href":"https:\/\/kosovatimes.info\/index.php\/wp-json\/wp\/v2\/comments?post=12213"}],"version-history":[{"count":1,"href":"https:\/\/kosovatimes.info\/index.php\/wp-json\/wp\/v2\/posts\/12213\/revisions"}],"predecessor-version":[{"id":12215,"href":"https:\/\/kosovatimes.info\/index.php\/wp-json\/wp\/v2\/posts\/12213\/revisions\/12215"}],"wp:featuredmedia":[{"embeddable":true,"href":"https:\/\/kosovatimes.info\/index.php\/wp-json\/wp\/v2\/media\/12214"}],"wp:attachment":[{"href":"https:\/\/kosovatimes.info\/index.php\/wp-json\/wp\/v2\/media?parent=12213"}],"wp:term":[{"taxonomy":"category","embeddable":true,"href":"https:\/\/kosovatimes.info\/index.php\/wp-json\/wp\/v2\/categories?post=12213"},{"taxonomy":"post_tag","embeddable":true,"href":"https:\/\/kosovatimes.info\/index.php\/wp-json\/wp\/v2\/tags?post=12213"}],"curies":[{"name":"wp","href":"https:\/\/api.w.org\/{rel}","templated":true}]}}