{"id":12216,"date":"2026-04-28T11:50:00","date_gmt":"2026-04-28T09:50:00","guid":{"rendered":"https:\/\/kosovatimes.info\/?p=12216"},"modified":"2026-04-28T18:08:48","modified_gmt":"2026-04-28T16:08:48","slug":"rama-prishtina-pret-konferencen-e-investitoreve-amerikane-2026","status":"publish","type":"post","link":"https:\/\/kosovatimes.info\/index.php\/2026\/04\/28\/rama-prishtina-pret-konferencen-e-investitoreve-amerikane-2026\/","title":{"rendered":"Rama: Prishtina pret Konferenc\u00ebn e Investitor\u00ebve Amerikan\u00eb 2026"},"content":{"rendered":"\n<p><strong>Kryetari i Prishtin\u00ebs, Perparim Rama, ka shprehur mir\u00ebnjohje t\u00eb thell\u00eb p\u00ebr U.S. Embassy Pristina p\u00ebr mb\u00ebshtetjen e fuqishme dhe t\u00eb vazhdueshme n\u00eb organizimin e Konferenc\u00ebs s\u00eb Investitor\u00ebve Amerikan\u00eb 2026, duke e cil\u00ebsuar k\u00ebt\u00eb p\u00ebrkrahje si d\u00ebshmi t\u00eb besimit t\u00eb Shtetet e Bashkuara ndaj potencialit zhvillimor t\u00eb Prishtina dhe Kosova.<\/strong><\/p>\n\n\n\n<p>Sipas Ram\u00ebs, kjo konferenc\u00eb p\u00ebrb\u00ebn nj\u00eb moment ky\u00e7 p\u00ebr kryeqytetin, duke e pozicionuar Prishtin\u00ebn n\u00eb hart\u00ebn e ngjarjeve m\u00eb t\u00eb r\u00ebnd\u00ebsishme ekonomike dhe investuese n\u00eb rajon. Ai ka theksuar se ngjarja do t\u00eb sh\u00ebrbej\u00eb si platform\u00eb p\u00ebr krijimin e partneriteteve t\u00eb reja strategjike, nxitjen e investimeve t\u00eb huaja dhe promovimin e potencialit ekonomik t\u00eb vendit.<\/p>\n\n\n\n<p>Rama ka b\u00ebr\u00eb t\u00eb ditur se, n\u00eb bashk\u00ebpunim me partner\u00eb vendor\u00eb dhe nd\u00ebrkomb\u00ebtar\u00eb, p\u00ebrfshir\u00eb American Chamber of Commerce in Kosovo, jan\u00eb p\u00ebrmbyllur hapat e fundit drejt realizimit t\u00eb k\u00ebsaj konference, e cila pritet t\u00eb jet\u00eb nj\u00eb nga ngjarjet m\u00eb t\u00eb m\u00ebdha t\u00eb zhvillimit ekonomik t\u00eb organizuara ndonj\u00ebher\u00eb n\u00eb Prishtin\u00eb.<\/p>\n\n\n\n<p>Ai ka vler\u00ebsuar se ky organizim sh\u00ebnon nj\u00eb hap t\u00eb r\u00ebnd\u00ebsish\u00ebm drejt nj\u00eb t\u00eb ardhmeje m\u00eb t\u00eb q\u00ebndrueshme ekonomike p\u00ebr vendin, duke krijuar ura t\u00eb reja bashk\u00ebpunimi dhe p\u00ebrfitime konkrete p\u00ebr qytetar\u00ebt, nd\u00ebrsa shprehu pritjen p\u00ebr t\u00eb mir\u00ebpritur investitor\u00eb, kompani dhe partner\u00eb nga SHBA-ja dhe vende t\u00eb tjera.<\/p>\n\n\n\n<p><a href=\"https:\/\/www.facebook.com\/plugins\/post.php?href=https%3A%2F%2Fwww.facebook.com%2Fperparimrama2021%2Fposts%2Fpfbid0AX3uGdULro3rp8xu5QDsPc1V9iPkkGaBSyQsj3tPtFqFd5ddXcxHQxD6WFsyRoxGl&amp;show_text=true&amp;width=500\">https:\/\/www.facebook.com\/plugins\/post.php?href=https%3A%2F%2Fwww.facebook.com%2Fperparimrama2021%2Fposts%2Fpfbid0AX3uGdULro3rp8xu5QDsPc1V9iPkkGaBSyQsj3tPtFqFd5ddXcxHQxD6WFsyRoxGl&amp;show_text=true&amp;width=500<\/a><\/p>\n","protected":false},"excerpt":{"rendered":"<p>Kryetari i Prishtin\u00ebs, Perparim Rama, ka shprehur mir\u00ebnjohje t\u00eb thell\u00eb p\u00ebr U.S. Embassy Pristina p\u00ebr mb\u00ebshtetjen e fuqishme dhe t\u00eb vazhdueshme n\u00eb organizimin e Konferenc\u00ebs s\u00eb Investitor\u00ebve Amerikan\u00eb 2026, duke e cil\u00ebsuar k\u00ebt\u00eb p\u00ebrkrahje si d\u00ebshmi t\u00eb besimit t\u00eb Shtetet e Bashkuara ndaj potencialit zhvillimor t\u00eb Prishtina dhe Kosova. Sipas Ram\u00ebs, kjo konferenc\u00eb p\u00ebrb\u00ebn nj\u00eb [&hellip;]<\/p>\n","protected":false},"author":4,"featured_media":12217,"comment_status":"open","ping_status":"open","sticky":false,"template":"","format":"standard","meta":{"footnotes":""},"categories":[31,30],"tags":[],"class_list":{"0":"post-12216","1":"post","2":"type-post","3":"status-publish","4":"format-standard","5":"has-post-thumbnail","7":"category-kosove","8":"category-lajme"},"yoast_head":"<!-- This site is optimized with the Yoast SEO plugin v27.4 - https:\/\/yoast.com\/product\/yoast-seo-wordpress\/ -->\n<title>Rama: Prishtina pret Konferenc\u00ebn e Investitor\u00ebve Amerikan\u00eb 2026 - Kosova Times<\/title>\n<meta name=\"robots\" content=\"index, follow, max-snippet:-1, max-image-preview:large, max-video-preview:-1\" \/>\n<link rel=\"canonical\" href=\"https:\/\/kosovatimes.info\/index.php\/2026\/04\/28\/rama-prishtina-pret-konferencen-e-investitoreve-amerikane-2026\/\" \/>\n<meta property=\"og:locale\" content=\"en_US\" \/>\n<meta property=\"og:type\" content=\"article\" \/>\n<meta property=\"og:title\" content=\"Rama: Prishtina pret Konferenc\u00ebn e Investitor\u00ebve Amerikan\u00eb 2026 - Kosova Times\" \/>\n<meta property=\"og:description\" content=\"Kryetari i Prishtin\u00ebs, Perparim Rama, ka shprehur mir\u00ebnjohje t\u00eb thell\u00eb p\u00ebr U.S. Embassy Pristina p\u00ebr mb\u00ebshtetjen e fuqishme dhe t\u00eb vazhdueshme n\u00eb organizimin e Konferenc\u00ebs s\u00eb Investitor\u00ebve Amerikan\u00eb 2026, duke e cil\u00ebsuar k\u00ebt\u00eb p\u00ebrkrahje si d\u00ebshmi t\u00eb besimit t\u00eb Shtetet e Bashkuara ndaj potencialit zhvillimor t\u00eb Prishtina dhe Kosova. Sipas Ram\u00ebs, kjo konferenc\u00eb p\u00ebrb\u00ebn nj\u00eb [&hellip;]\" \/>\n<meta property=\"og:url\" content=\"https:\/\/kosovatimes.info\/index.php\/2026\/04\/28\/rama-prishtina-pret-konferencen-e-investitoreve-amerikane-2026\/\" \/>\n<meta property=\"og:site_name\" content=\"Kosova Times\" \/>\n<meta property=\"article:published_time\" content=\"2026-04-28T09:50:00+00:00\" \/>\n<meta property=\"article:modified_time\" content=\"2026-04-28T16:08:48+00:00\" \/>\n<meta property=\"og:image\" content=\"https:\/\/kosovatimes.info\/wp-content\/uploads\/2026\/04\/Rama-8.jpg\" \/>\n\t<meta property=\"og:image:width\" content=\"780\" \/>\n\t<meta property=\"og:image:height\" content=\"500\" \/>\n\t<meta property=\"og:image:type\" content=\"image\/jpeg\" \/>\n<meta name=\"author\" content=\"i l\" \/>\n<meta name=\"twitter:card\" content=\"summary_large_image\" \/>\n<meta name=\"twitter:label1\" content=\"Written by\" \/>\n\t<meta name=\"twitter:data1\" content=\"i l\" \/>\n\t<meta name=\"twitter:label2\" content=\"Est. reading time\" \/>\n\t<meta name=\"twitter:data2\" content=\"2 minutes\" \/>\n<script type=\"application\/ld+json\" class=\"yoast-schema-graph\">{\"@context\":\"https:\\\/\\\/schema.org\",\"@graph\":[{\"@type\":\"Article\",\"@id\":\"https:\\\/\\\/kosovatimes.info\\\/index.php\\\/2026\\\/04\\\/28\\\/rama-prishtina-pret-konferencen-e-investitoreve-amerikane-2026\\\/#article\",\"isPartOf\":{\"@id\":\"https:\\\/\\\/kosovatimes.info\\\/index.php\\\/2026\\\/04\\\/28\\\/rama-prishtina-pret-konferencen-e-investitoreve-amerikane-2026\\\/\"},\"author\":{\"name\":\"i l\",\"@id\":\"https:\\\/\\\/kosovatimes.info\\\/#\\\/schema\\\/person\\\/7586712b9c512fe68085de007378c915\"},\"headline\":\"Rama: Prishtina pret Konferenc\u00ebn e Investitor\u00ebve Amerikan\u00eb 2026\",\"datePublished\":\"2026-04-28T09:50:00+00:00\",\"dateModified\":\"2026-04-28T16:08:48+00:00\",\"mainEntityOfPage\":{\"@id\":\"https:\\\/\\\/kosovatimes.info\\\/index.php\\\/2026\\\/04\\\/28\\\/rama-prishtina-pret-konferencen-e-investitoreve-amerikane-2026\\\/\"},\"wordCount\":287,\"commentCount\":0,\"image\":{\"@id\":\"https:\\\/\\\/kosovatimes.info\\\/index.php\\\/2026\\\/04\\\/28\\\/rama-prishtina-pret-konferencen-e-investitoreve-amerikane-2026\\\/#primaryimage\"},\"thumbnailUrl\":\"https:\\\/\\\/kosovatimes.info\\\/wp-content\\\/uploads\\\/2026\\\/04\\\/Rama-8.jpg\",\"articleSection\":[\"Kosov\u00eb\",\"Lajme\"],\"inLanguage\":\"en-US\",\"potentialAction\":[{\"@type\":\"CommentAction\",\"name\":\"Comment\",\"target\":[\"https:\\\/\\\/kosovatimes.info\\\/index.php\\\/2026\\\/04\\\/28\\\/rama-prishtina-pret-konferencen-e-investitoreve-amerikane-2026\\\/#respond\"]}]},{\"@type\":\"WebPage\",\"@id\":\"https:\\\/\\\/kosovatimes.info\\\/index.php\\\/2026\\\/04\\\/28\\\/rama-prishtina-pret-konferencen-e-investitoreve-amerikane-2026\\\/\",\"url\":\"https:\\\/\\\/kosovatimes.info\\\/index.php\\\/2026\\\/04\\\/28\\\/rama-prishtina-pret-konferencen-e-investitoreve-amerikane-2026\\\/\",\"name\":\"Rama: Prishtina pret Konferenc\u00ebn e Investitor\u00ebve Amerikan\u00eb 2026 - Kosova Times\",\"isPartOf\":{\"@id\":\"https:\\\/\\\/kosovatimes.info\\\/#website\"},\"primaryImageOfPage\":{\"@id\":\"https:\\\/\\\/kosovatimes.info\\\/index.php\\\/2026\\\/04\\\/28\\\/rama-prishtina-pret-konferencen-e-investitoreve-amerikane-2026\\\/#primaryimage\"},\"image\":{\"@id\":\"https:\\\/\\\/kosovatimes.info\\\/index.php\\\/2026\\\/04\\\/28\\\/rama-prishtina-pret-konferencen-e-investitoreve-amerikane-2026\\\/#primaryimage\"},\"thumbnailUrl\":\"https:\\\/\\\/kosovatimes.info\\\/wp-content\\\/uploads\\\/2026\\\/04\\\/Rama-8.jpg\",\"datePublished\":\"2026-04-28T09:50:00+00:00\",\"dateModified\":\"2026-04-28T16:08:48+00:00\",\"author\":{\"@id\":\"https:\\\/\\\/kosovatimes.info\\\/#\\\/schema\\\/person\\\/7586712b9c512fe68085de007378c915\"},\"breadcrumb\":{\"@id\":\"https:\\\/\\\/kosovatimes.info\\\/index.php\\\/2026\\\/04\\\/28\\\/rama-prishtina-pret-konferencen-e-investitoreve-amerikane-2026\\\/#breadcrumb\"},\"inLanguage\":\"en-US\",\"potentialAction\":[{\"@type\":\"ReadAction\",\"target\":[\"https:\\\/\\\/kosovatimes.info\\\/index.php\\\/2026\\\/04\\\/28\\\/rama-prishtina-pret-konferencen-e-investitoreve-amerikane-2026\\\/\"]}]},{\"@type\":\"ImageObject\",\"inLanguage\":\"en-US\",\"@id\":\"https:\\\/\\\/kosovatimes.info\\\/index.php\\\/2026\\\/04\\\/28\\\/rama-prishtina-pret-konferencen-e-investitoreve-amerikane-2026\\\/#primaryimage\",\"url\":\"https:\\\/\\\/kosovatimes.info\\\/wp-content\\\/uploads\\\/2026\\\/04\\\/Rama-8.jpg\",\"contentUrl\":\"https:\\\/\\\/kosovatimes.info\\\/wp-content\\\/uploads\\\/2026\\\/04\\\/Rama-8.jpg\",\"width\":780,\"height\":500},{\"@type\":\"BreadcrumbList\",\"@id\":\"https:\\\/\\\/kosovatimes.info\\\/index.php\\\/2026\\\/04\\\/28\\\/rama-prishtina-pret-konferencen-e-investitoreve-amerikane-2026\\\/#breadcrumb\",\"itemListElement\":[{\"@type\":\"ListItem\",\"position\":1,\"name\":\"Home\",\"item\":\"https:\\\/\\\/kosovatimes.info\\\/\"},{\"@type\":\"ListItem\",\"position\":2,\"name\":\"Rama: Prishtina pret Konferenc\u00ebn e Investitor\u00ebve Amerikan\u00eb 2026\"}]},{\"@type\":\"WebSite\",\"@id\":\"https:\\\/\\\/kosovatimes.info\\\/#website\",\"url\":\"https:\\\/\\\/kosovatimes.info\\\/\",\"name\":\"Kosova Times\",\"description\":\"\",\"potentialAction\":[{\"@type\":\"SearchAction\",\"target\":{\"@type\":\"EntryPoint\",\"urlTemplate\":\"https:\\\/\\\/kosovatimes.info\\\/?s={search_term_string}\"},\"query-input\":{\"@type\":\"PropertyValueSpecification\",\"valueRequired\":true,\"valueName\":\"search_term_string\"}}],\"inLanguage\":\"en-US\"},{\"@type\":\"Person\",\"@id\":\"https:\\\/\\\/kosovatimes.info\\\/#\\\/schema\\\/person\\\/7586712b9c512fe68085de007378c915\",\"name\":\"i l\",\"image\":{\"@type\":\"ImageObject\",\"inLanguage\":\"en-US\",\"@id\":\"https:\\\/\\\/secure.gravatar.com\\\/avatar\\\/bad9296e02816160ae2e2435beda58222022298d5625d49fea74d18816fbb31d?s=96&d=mm&r=g\",\"url\":\"https:\\\/\\\/secure.gravatar.com\\\/avatar\\\/bad9296e02816160ae2e2435beda58222022298d5625d49fea74d18816fbb31d?s=96&d=mm&r=g\",\"contentUrl\":\"https:\\\/\\\/secure.gravatar.com\\\/avatar\\\/bad9296e02816160ae2e2435beda58222022298d5625d49fea74d18816fbb31d?s=96&d=mm&r=g\",\"caption\":\"i l\"},\"url\":\"https:\\\/\\\/kosovatimes.info\\\/index.php\\\/author\\\/iliri\\\/\"}]}<\/script>\n<!-- \/ Yoast SEO plugin. -->","yoast_head_json":{"title":"Rama: Prishtina pret Konferenc\u00ebn e Investitor\u00ebve Amerikan\u00eb 2026 - Kosova Times","robots":{"index":"index","follow":"follow","max-snippet":"max-snippet:-1","max-image-preview":"max-image-preview:large","max-video-preview":"max-video-preview:-1"},"canonical":"https:\/\/kosovatimes.info\/index.php\/2026\/04\/28\/rama-prishtina-pret-konferencen-e-investitoreve-amerikane-2026\/","og_locale":"en_US","og_type":"article","og_title":"Rama: Prishtina pret Konferenc\u00ebn e Investitor\u00ebve Amerikan\u00eb 2026 - Kosova Times","og_description":"Kryetari i Prishtin\u00ebs, Perparim Rama, ka shprehur mir\u00ebnjohje t\u00eb thell\u00eb p\u00ebr U.S. Embassy Pristina p\u00ebr mb\u00ebshtetjen e fuqishme dhe t\u00eb vazhdueshme n\u00eb organizimin e Konferenc\u00ebs s\u00eb Investitor\u00ebve Amerikan\u00eb 2026, duke e cil\u00ebsuar k\u00ebt\u00eb p\u00ebrkrahje si d\u00ebshmi t\u00eb besimit t\u00eb Shtetet e Bashkuara ndaj potencialit zhvillimor t\u00eb Prishtina dhe Kosova. Sipas Ram\u00ebs, kjo konferenc\u00eb p\u00ebrb\u00ebn nj\u00eb [&hellip;]","og_url":"https:\/\/kosovatimes.info\/index.php\/2026\/04\/28\/rama-prishtina-pret-konferencen-e-investitoreve-amerikane-2026\/","og_site_name":"Kosova Times","article_published_time":"2026-04-28T09:50:00+00:00","article_modified_time":"2026-04-28T16:08:48+00:00","og_image":[{"width":780,"height":500,"url":"https:\/\/kosovatimes.info\/wp-content\/uploads\/2026\/04\/Rama-8.jpg","type":"image\/jpeg"}],"author":"i l","twitter_card":"summary_large_image","twitter_misc":{"Written by":"i l","Est. reading time":"2 minutes"},"schema":{"@context":"https:\/\/schema.org","@graph":[{"@type":"Article","@id":"https:\/\/kosovatimes.info\/index.php\/2026\/04\/28\/rama-prishtina-pret-konferencen-e-investitoreve-amerikane-2026\/#article","isPartOf":{"@id":"https:\/\/kosovatimes.info\/index.php\/2026\/04\/28\/rama-prishtina-pret-konferencen-e-investitoreve-amerikane-2026\/"},"author":{"name":"i l","@id":"https:\/\/kosovatimes.info\/#\/schema\/person\/7586712b9c512fe68085de007378c915"},"headline":"Rama: Prishtina pret Konferenc\u00ebn e Investitor\u00ebve Amerikan\u00eb 2026","datePublished":"2026-04-28T09:50:00+00:00","dateModified":"2026-04-28T16:08:48+00:00","mainEntityOfPage":{"@id":"https:\/\/kosovatimes.info\/index.php\/2026\/04\/28\/rama-prishtina-pret-konferencen-e-investitoreve-amerikane-2026\/"},"wordCount":287,"commentCount":0,"image":{"@id":"https:\/\/kosovatimes.info\/index.php\/2026\/04\/28\/rama-prishtina-pret-konferencen-e-investitoreve-amerikane-2026\/#primaryimage"},"thumbnailUrl":"https:\/\/kosovatimes.info\/wp-content\/uploads\/2026\/04\/Rama-8.jpg","articleSection":["Kosov\u00eb","Lajme"],"inLanguage":"en-US","potentialAction":[{"@type":"CommentAction","name":"Comment","target":["https:\/\/kosovatimes.info\/index.php\/2026\/04\/28\/rama-prishtina-pret-konferencen-e-investitoreve-amerikane-2026\/#respond"]}]},{"@type":"WebPage","@id":"https:\/\/kosovatimes.info\/index.php\/2026\/04\/28\/rama-prishtina-pret-konferencen-e-investitoreve-amerikane-2026\/","url":"https:\/\/kosovatimes.info\/index.php\/2026\/04\/28\/rama-prishtina-pret-konferencen-e-investitoreve-amerikane-2026\/","name":"Rama: Prishtina pret Konferenc\u00ebn e Investitor\u00ebve Amerikan\u00eb 2026 - Kosova Times","isPartOf":{"@id":"https:\/\/kosovatimes.info\/#website"},"primaryImageOfPage":{"@id":"https:\/\/kosovatimes.info\/index.php\/2026\/04\/28\/rama-prishtina-pret-konferencen-e-investitoreve-amerikane-2026\/#primaryimage"},"image":{"@id":"https:\/\/kosovatimes.info\/index.php\/2026\/04\/28\/rama-prishtina-pret-konferencen-e-investitoreve-amerikane-2026\/#primaryimage"},"thumbnailUrl":"https:\/\/kosovatimes.info\/wp-content\/uploads\/2026\/04\/Rama-8.jpg","datePublished":"2026-04-28T09:50:00+00:00","dateModified":"2026-04-28T16:08:48+00:00","author":{"@id":"https:\/\/kosovatimes.info\/#\/schema\/person\/7586712b9c512fe68085de007378c915"},"breadcrumb":{"@id":"https:\/\/kosovatimes.info\/index.php\/2026\/04\/28\/rama-prishtina-pret-konferencen-e-investitoreve-amerikane-2026\/#breadcrumb"},"inLanguage":"en-US","potentialAction":[{"@type":"ReadAction","target":["https:\/\/kosovatimes.info\/index.php\/2026\/04\/28\/rama-prishtina-pret-konferencen-e-investitoreve-amerikane-2026\/"]}]},{"@type":"ImageObject","inLanguage":"en-US","@id":"https:\/\/kosovatimes.info\/index.php\/2026\/04\/28\/rama-prishtina-pret-konferencen-e-investitoreve-amerikane-2026\/#primaryimage","url":"https:\/\/kosovatimes.info\/wp-content\/uploads\/2026\/04\/Rama-8.jpg","contentUrl":"https:\/\/kosovatimes.info\/wp-content\/uploads\/2026\/04\/Rama-8.jpg","width":780,"height":500},{"@type":"BreadcrumbList","@id":"https:\/\/kosovatimes.info\/index.php\/2026\/04\/28\/rama-prishtina-pret-konferencen-e-investitoreve-amerikane-2026\/#breadcrumb","itemListElement":[{"@type":"ListItem","position":1,"name":"Home","item":"https:\/\/kosovatimes.info\/"},{"@type":"ListItem","position":2,"name":"Rama: Prishtina pret Konferenc\u00ebn e Investitor\u00ebve Amerikan\u00eb 2026"}]},{"@type":"WebSite","@id":"https:\/\/kosovatimes.info\/#website","url":"https:\/\/kosovatimes.info\/","name":"Kosova Times","description":"","potentialAction":[{"@type":"SearchAction","target":{"@type":"EntryPoint","urlTemplate":"https:\/\/kosovatimes.info\/?s={search_term_string}"},"query-input":{"@type":"PropertyValueSpecification","valueRequired":true,"valueName":"search_term_string"}}],"inLanguage":"en-US"},{"@type":"Person","@id":"https:\/\/kosovatimes.info\/#\/schema\/person\/7586712b9c512fe68085de007378c915","name":"i l","image":{"@type":"ImageObject","inLanguage":"en-US","@id":"https:\/\/secure.gravatar.com\/avatar\/bad9296e02816160ae2e2435beda58222022298d5625d49fea74d18816fbb31d?s=96&d=mm&r=g","url":"https:\/\/secure.gravatar.com\/avatar\/bad9296e02816160ae2e2435beda58222022298d5625d49fea74d18816fbb31d?s=96&d=mm&r=g","contentUrl":"https:\/\/secure.gravatar.com\/avatar\/bad9296e02816160ae2e2435beda58222022298d5625d49fea74d18816fbb31d?s=96&d=mm&r=g","caption":"i l"},"url":"https:\/\/kosovatimes.info\/index.php\/author\/iliri\/"}]}},"_links":{"self":[{"href":"https:\/\/kosovatimes.info\/index.php\/wp-json\/wp\/v2\/posts\/12216","targetHints":{"allow":["GET"]}}],"collection":[{"href":"https:\/\/kosovatimes.info\/index.php\/wp-json\/wp\/v2\/posts"}],"about":[{"href":"https:\/\/kosovatimes.info\/index.php\/wp-json\/wp\/v2\/types\/post"}],"author":[{"embeddable":true,"href":"https:\/\/kosovatimes.info\/index.php\/wp-json\/wp\/v2\/users\/4"}],"replies":[{"embeddable":true,"href":"https:\/\/kosovatimes.info\/index.php\/wp-json\/wp\/v2\/comments?post=12216"}],"version-history":[{"count":1,"href":"https:\/\/kosovatimes.info\/index.php\/wp-json\/wp\/v2\/posts\/12216\/revisions"}],"predecessor-version":[{"id":12218,"href":"https:\/\/kosovatimes.info\/index.php\/wp-json\/wp\/v2\/posts\/12216\/revisions\/12218"}],"wp:featuredmedia":[{"embeddable":true,"href":"https:\/\/kosovatimes.info\/index.php\/wp-json\/wp\/v2\/media\/12217"}],"wp:attachment":[{"href":"https:\/\/kosovatimes.info\/index.php\/wp-json\/wp\/v2\/media?parent=12216"}],"wp:term":[{"taxonomy":"category","embeddable":true,"href":"https:\/\/kosovatimes.info\/index.php\/wp-json\/wp\/v2\/categories?post=12216"},{"taxonomy":"post_tag","embeddable":true,"href":"https:\/\/kosovatimes.info\/index.php\/wp-json\/wp\/v2\/tags?post=12216"}],"curies":[{"name":"wp","href":"https:\/\/api.w.org\/{rel}","templated":true}]}}