{"id":12225,"date":"2026-04-28T12:19:00","date_gmt":"2026-04-28T10:19:00","guid":{"rendered":"https:\/\/kosovatimes.info\/?p=12225"},"modified":"2026-04-28T18:12:22","modified_gmt":"2026-04-28T16:12:22","slug":"pdk-i-ben-thirrje-rushitit-te-terhiqet-nga-gara-per-presidentin","status":"publish","type":"post","link":"https:\/\/kosovatimes.info\/index.php\/2026\/04\/28\/pdk-i-ben-thirrje-rushitit-te-terhiqet-nga-gara-per-presidentin\/","title":{"rendered":"PDK i b\u00ebn thirrje Rushitit t\u00eb t\u00ebrhiqet nga gara p\u00ebr presidentin"},"content":{"rendered":"\n<p><strong>Partia Demokratike e Kosov\u00ebs i ka b\u00ebr\u00eb thirrje Feride Rushiti, t\u00eb t\u00ebrhiqet nga kandidatura p\u00ebr presidente.<\/strong><\/p>\n\n\n\n<p>N\u00ebnkryetarja e Kuvendit t\u00eb Kosov\u00ebs nga radh\u00ebt e Partis\u00eb Demokratike t\u00eb Kosov\u00ebs, nj\u00ebherit Sekretarja e P\u00ebrgjithshme e PDK-s\u00eb, Vlora \u00c7itaku ka th\u00ebn\u00eb se Rushiti do t\u2019i b\u00ebnte nder shtetit dhe vetes po q\u00eb se largohet nga kandidimi.&nbsp;<\/p>\n\n\n\n<p>N\u00eb nj\u00eb konferenc\u00eb p\u00ebr media&nbsp;\u00c7itaku akuzoi partin\u00eb n\u00eb pushtet, L\u00ebvizjen Vet\u00ebvendosje, dhe kryetarin e saj Albin Kurti p\u00ebr \u201ctejkalim t\u00eb t\u00eb gjith\u00eb kufijve\u201d.<\/p>\n\n\n\n<p>\u201cN\u00eb k\u00ebt\u00eb situat\u00eb reagimi opozitar dhe qytetar \u00ebsht\u00eb detyrim p\u00ebr t\u00eb mbrojtur rendin kushtetues dhe t\u00eb ardhmen e vendit ton\u00eb Ne si subjekt politik opozitar do t\u2019 i nd\u00ebrmarrim t\u00eb gjitha masat e nevojshme p\u00ebr k\u00ebt\u00eb. Sot nga Kuvendi dua t\u00eb apeloj te partia n\u00eb pushtet q\u00eb t\u2019i nd\u00ebrpres\u00eb t\u00eb gjitha k\u00ebto veprime karateje t\u00eb dhun\u00ebs politike. S\u2019\u00ebsht\u00eb kuvend i karates\u00eb, por institucion i t\u00eb zgjedhurve t\u00eb popullit. Nga zemra i b\u00ebj thirrje zonj\u00ebs Feride Rushiti t\u00eb t\u00ebrhiqet nga kjo loj\u00eb politike antikushtetuese e Albin Kurtit. E turpshme p\u00ebr shtetin dhe at\u00eb vet. M\u00eb vjen keq q\u00eb ka pranuar t\u00eb huazoj\u00eb emrin e saj p\u00ebr maskarad\u00eb politike\u201d, ka th\u00ebn\u00eb ajo.<\/p>\n\n\n\n<p>\u00c7itaku ka th\u00ebn\u00eb po ashtu se shkelja e q\u00ebllimshme e Kushtetut\u00ebs \u00ebsht\u00eb rrezik p\u00ebr themelet e shtetit.<\/p>\n\n\n\n<p>\u201cKushtetuta, ligjet dhe rregullorja nuk mund t\u00eb interpretohen sipas interesit ditor politik. Dhe kur nj\u00eb kryeminist\u00ebr, lider politik, zgjedh me vet\u00ebdije t\u00eb plot\u00eb t\u00eb shkel\u00eb Kushtetut\u00ebn p\u00ebr pushtet t\u00eb p\u00ebrkohsh\u00ebm, ai b\u00ebhet rrezik edhe p\u00ebr vet\u00eb themelet e shtetit. K\u00ebto veprime jan\u00eb sinjale t\u00eb qarta se pushteti po vendoset mbi Kushtetut\u00ebn dhe ligjin. Dhe k\u00ebt\u00eb nuk do ta lejojm\u00eb. Dhe k\u00ebt\u00eb, s\u00eb bashku me qytetar\u00ebt e Kosov\u00ebs, do ta ndalim. Stop dhun\u00ebs politike n\u00eb Kuvend\u201d, ka theksuar \u00c7itaku.<\/p>\n","protected":false},"excerpt":{"rendered":"<p>Partia Demokratike e Kosov\u00ebs i ka b\u00ebr\u00eb thirrje Feride Rushiti, t\u00eb t\u00ebrhiqet nga kandidatura p\u00ebr presidente. N\u00ebnkryetarja e Kuvendit t\u00eb Kosov\u00ebs nga radh\u00ebt e Partis\u00eb Demokratike t\u00eb Kosov\u00ebs, nj\u00ebherit Sekretarja e P\u00ebrgjithshme e PDK-s\u00eb, Vlora \u00c7itaku ka th\u00ebn\u00eb se Rushiti do t\u2019i b\u00ebnte nder shtetit dhe vetes po q\u00eb se largohet nga kandidimi.&nbsp; N\u00eb nj\u00eb [&hellip;]<\/p>\n","protected":false},"author":4,"featured_media":12226,"comment_status":"open","ping_status":"open","sticky":false,"template":"","format":"standard","meta":{"footnotes":""},"categories":[31,30],"tags":[],"class_list":{"0":"post-12225","1":"post","2":"type-post","3":"status-publish","4":"format-standard","5":"has-post-thumbnail","7":"category-kosove","8":"category-lajme"},"yoast_head":"<!-- This site is optimized with the Yoast SEO plugin v27.4 - https:\/\/yoast.com\/product\/yoast-seo-wordpress\/ -->\n<title>PDK i b\u00ebn thirrje Rushitit t\u00eb t\u00ebrhiqet nga gara p\u00ebr presidentin - Kosova Times<\/title>\n<meta name=\"robots\" content=\"index, follow, max-snippet:-1, max-image-preview:large, max-video-preview:-1\" \/>\n<link rel=\"canonical\" href=\"https:\/\/kosovatimes.info\/index.php\/2026\/04\/28\/pdk-i-ben-thirrje-rushitit-te-terhiqet-nga-gara-per-presidentin\/\" \/>\n<meta property=\"og:locale\" content=\"en_US\" \/>\n<meta property=\"og:type\" content=\"article\" \/>\n<meta property=\"og:title\" content=\"PDK i b\u00ebn thirrje Rushitit t\u00eb t\u00ebrhiqet nga gara p\u00ebr presidentin - Kosova Times\" \/>\n<meta property=\"og:description\" content=\"Partia Demokratike e Kosov\u00ebs i ka b\u00ebr\u00eb thirrje Feride Rushiti, t\u00eb t\u00ebrhiqet nga kandidatura p\u00ebr presidente. N\u00ebnkryetarja e Kuvendit t\u00eb Kosov\u00ebs nga radh\u00ebt e Partis\u00eb Demokratike t\u00eb Kosov\u00ebs, nj\u00ebherit Sekretarja e P\u00ebrgjithshme e PDK-s\u00eb, Vlora \u00c7itaku ka th\u00ebn\u00eb se Rushiti do t\u2019i b\u00ebnte nder shtetit dhe vetes po q\u00eb se largohet nga kandidimi.&nbsp; N\u00eb nj\u00eb [&hellip;]\" \/>\n<meta property=\"og:url\" content=\"https:\/\/kosovatimes.info\/index.php\/2026\/04\/28\/pdk-i-ben-thirrje-rushitit-te-terhiqet-nga-gara-per-presidentin\/\" \/>\n<meta property=\"og:site_name\" content=\"Kosova Times\" \/>\n<meta property=\"article:published_time\" content=\"2026-04-28T10:19:00+00:00\" \/>\n<meta property=\"article:modified_time\" content=\"2026-04-28T16:12:22+00:00\" \/>\n<meta property=\"og:image\" content=\"https:\/\/kosovatimes.info\/wp-content\/uploads\/2026\/04\/Vlora-1.jpg\" \/>\n\t<meta property=\"og:image:width\" content=\"780\" \/>\n\t<meta property=\"og:image:height\" content=\"500\" \/>\n\t<meta property=\"og:image:type\" content=\"image\/jpeg\" \/>\n<meta name=\"author\" content=\"i l\" \/>\n<meta name=\"twitter:card\" content=\"summary_large_image\" \/>\n<meta name=\"twitter:label1\" content=\"Written by\" \/>\n\t<meta name=\"twitter:data1\" content=\"i l\" \/>\n\t<meta name=\"twitter:label2\" content=\"Est. reading time\" \/>\n\t<meta name=\"twitter:data2\" content=\"2 minutes\" \/>\n<script type=\"application\/ld+json\" class=\"yoast-schema-graph\">{\"@context\":\"https:\\\/\\\/schema.org\",\"@graph\":[{\"@type\":\"Article\",\"@id\":\"https:\\\/\\\/kosovatimes.info\\\/index.php\\\/2026\\\/04\\\/28\\\/pdk-i-ben-thirrje-rushitit-te-terhiqet-nga-gara-per-presidentin\\\/#article\",\"isPartOf\":{\"@id\":\"https:\\\/\\\/kosovatimes.info\\\/index.php\\\/2026\\\/04\\\/28\\\/pdk-i-ben-thirrje-rushitit-te-terhiqet-nga-gara-per-presidentin\\\/\"},\"author\":{\"name\":\"i l\",\"@id\":\"https:\\\/\\\/kosovatimes.info\\\/#\\\/schema\\\/person\\\/7586712b9c512fe68085de007378c915\"},\"headline\":\"PDK i b\u00ebn thirrje Rushitit t\u00eb t\u00ebrhiqet nga gara p\u00ebr presidentin\",\"datePublished\":\"2026-04-28T10:19:00+00:00\",\"dateModified\":\"2026-04-28T16:12:22+00:00\",\"mainEntityOfPage\":{\"@id\":\"https:\\\/\\\/kosovatimes.info\\\/index.php\\\/2026\\\/04\\\/28\\\/pdk-i-ben-thirrje-rushitit-te-terhiqet-nga-gara-per-presidentin\\\/\"},\"wordCount\":350,\"commentCount\":0,\"image\":{\"@id\":\"https:\\\/\\\/kosovatimes.info\\\/index.php\\\/2026\\\/04\\\/28\\\/pdk-i-ben-thirrje-rushitit-te-terhiqet-nga-gara-per-presidentin\\\/#primaryimage\"},\"thumbnailUrl\":\"https:\\\/\\\/kosovatimes.info\\\/wp-content\\\/uploads\\\/2026\\\/04\\\/Vlora-1.jpg\",\"articleSection\":[\"Kosov\u00eb\",\"Lajme\"],\"inLanguage\":\"en-US\",\"potentialAction\":[{\"@type\":\"CommentAction\",\"name\":\"Comment\",\"target\":[\"https:\\\/\\\/kosovatimes.info\\\/index.php\\\/2026\\\/04\\\/28\\\/pdk-i-ben-thirrje-rushitit-te-terhiqet-nga-gara-per-presidentin\\\/#respond\"]}]},{\"@type\":\"WebPage\",\"@id\":\"https:\\\/\\\/kosovatimes.info\\\/index.php\\\/2026\\\/04\\\/28\\\/pdk-i-ben-thirrje-rushitit-te-terhiqet-nga-gara-per-presidentin\\\/\",\"url\":\"https:\\\/\\\/kosovatimes.info\\\/index.php\\\/2026\\\/04\\\/28\\\/pdk-i-ben-thirrje-rushitit-te-terhiqet-nga-gara-per-presidentin\\\/\",\"name\":\"PDK i b\u00ebn thirrje Rushitit t\u00eb t\u00ebrhiqet nga gara p\u00ebr presidentin - Kosova Times\",\"isPartOf\":{\"@id\":\"https:\\\/\\\/kosovatimes.info\\\/#website\"},\"primaryImageOfPage\":{\"@id\":\"https:\\\/\\\/kosovatimes.info\\\/index.php\\\/2026\\\/04\\\/28\\\/pdk-i-ben-thirrje-rushitit-te-terhiqet-nga-gara-per-presidentin\\\/#primaryimage\"},\"image\":{\"@id\":\"https:\\\/\\\/kosovatimes.info\\\/index.php\\\/2026\\\/04\\\/28\\\/pdk-i-ben-thirrje-rushitit-te-terhiqet-nga-gara-per-presidentin\\\/#primaryimage\"},\"thumbnailUrl\":\"https:\\\/\\\/kosovatimes.info\\\/wp-content\\\/uploads\\\/2026\\\/04\\\/Vlora-1.jpg\",\"datePublished\":\"2026-04-28T10:19:00+00:00\",\"dateModified\":\"2026-04-28T16:12:22+00:00\",\"author\":{\"@id\":\"https:\\\/\\\/kosovatimes.info\\\/#\\\/schema\\\/person\\\/7586712b9c512fe68085de007378c915\"},\"breadcrumb\":{\"@id\":\"https:\\\/\\\/kosovatimes.info\\\/index.php\\\/2026\\\/04\\\/28\\\/pdk-i-ben-thirrje-rushitit-te-terhiqet-nga-gara-per-presidentin\\\/#breadcrumb\"},\"inLanguage\":\"en-US\",\"potentialAction\":[{\"@type\":\"ReadAction\",\"target\":[\"https:\\\/\\\/kosovatimes.info\\\/index.php\\\/2026\\\/04\\\/28\\\/pdk-i-ben-thirrje-rushitit-te-terhiqet-nga-gara-per-presidentin\\\/\"]}]},{\"@type\":\"ImageObject\",\"inLanguage\":\"en-US\",\"@id\":\"https:\\\/\\\/kosovatimes.info\\\/index.php\\\/2026\\\/04\\\/28\\\/pdk-i-ben-thirrje-rushitit-te-terhiqet-nga-gara-per-presidentin\\\/#primaryimage\",\"url\":\"https:\\\/\\\/kosovatimes.info\\\/wp-content\\\/uploads\\\/2026\\\/04\\\/Vlora-1.jpg\",\"contentUrl\":\"https:\\\/\\\/kosovatimes.info\\\/wp-content\\\/uploads\\\/2026\\\/04\\\/Vlora-1.jpg\",\"width\":780,\"height\":500},{\"@type\":\"BreadcrumbList\",\"@id\":\"https:\\\/\\\/kosovatimes.info\\\/index.php\\\/2026\\\/04\\\/28\\\/pdk-i-ben-thirrje-rushitit-te-terhiqet-nga-gara-per-presidentin\\\/#breadcrumb\",\"itemListElement\":[{\"@type\":\"ListItem\",\"position\":1,\"name\":\"Home\",\"item\":\"https:\\\/\\\/kosovatimes.info\\\/\"},{\"@type\":\"ListItem\",\"position\":2,\"name\":\"PDK i b\u00ebn thirrje Rushitit t\u00eb t\u00ebrhiqet nga gara p\u00ebr presidentin\"}]},{\"@type\":\"WebSite\",\"@id\":\"https:\\\/\\\/kosovatimes.info\\\/#website\",\"url\":\"https:\\\/\\\/kosovatimes.info\\\/\",\"name\":\"Kosova Times\",\"description\":\"\",\"potentialAction\":[{\"@type\":\"SearchAction\",\"target\":{\"@type\":\"EntryPoint\",\"urlTemplate\":\"https:\\\/\\\/kosovatimes.info\\\/?s={search_term_string}\"},\"query-input\":{\"@type\":\"PropertyValueSpecification\",\"valueRequired\":true,\"valueName\":\"search_term_string\"}}],\"inLanguage\":\"en-US\"},{\"@type\":\"Person\",\"@id\":\"https:\\\/\\\/kosovatimes.info\\\/#\\\/schema\\\/person\\\/7586712b9c512fe68085de007378c915\",\"name\":\"i l\",\"image\":{\"@type\":\"ImageObject\",\"inLanguage\":\"en-US\",\"@id\":\"https:\\\/\\\/secure.gravatar.com\\\/avatar\\\/bad9296e02816160ae2e2435beda58222022298d5625d49fea74d18816fbb31d?s=96&d=mm&r=g\",\"url\":\"https:\\\/\\\/secure.gravatar.com\\\/avatar\\\/bad9296e02816160ae2e2435beda58222022298d5625d49fea74d18816fbb31d?s=96&d=mm&r=g\",\"contentUrl\":\"https:\\\/\\\/secure.gravatar.com\\\/avatar\\\/bad9296e02816160ae2e2435beda58222022298d5625d49fea74d18816fbb31d?s=96&d=mm&r=g\",\"caption\":\"i l\"},\"url\":\"https:\\\/\\\/kosovatimes.info\\\/index.php\\\/author\\\/iliri\\\/\"}]}<\/script>\n<!-- \/ Yoast SEO plugin. -->","yoast_head_json":{"title":"PDK i b\u00ebn thirrje Rushitit t\u00eb t\u00ebrhiqet nga gara p\u00ebr presidentin - Kosova Times","robots":{"index":"index","follow":"follow","max-snippet":"max-snippet:-1","max-image-preview":"max-image-preview:large","max-video-preview":"max-video-preview:-1"},"canonical":"https:\/\/kosovatimes.info\/index.php\/2026\/04\/28\/pdk-i-ben-thirrje-rushitit-te-terhiqet-nga-gara-per-presidentin\/","og_locale":"en_US","og_type":"article","og_title":"PDK i b\u00ebn thirrje Rushitit t\u00eb t\u00ebrhiqet nga gara p\u00ebr presidentin - Kosova Times","og_description":"Partia Demokratike e Kosov\u00ebs i ka b\u00ebr\u00eb thirrje Feride Rushiti, t\u00eb t\u00ebrhiqet nga kandidatura p\u00ebr presidente. N\u00ebnkryetarja e Kuvendit t\u00eb Kosov\u00ebs nga radh\u00ebt e Partis\u00eb Demokratike t\u00eb Kosov\u00ebs, nj\u00ebherit Sekretarja e P\u00ebrgjithshme e PDK-s\u00eb, Vlora \u00c7itaku ka th\u00ebn\u00eb se Rushiti do t\u2019i b\u00ebnte nder shtetit dhe vetes po q\u00eb se largohet nga kandidimi.&nbsp; N\u00eb nj\u00eb [&hellip;]","og_url":"https:\/\/kosovatimes.info\/index.php\/2026\/04\/28\/pdk-i-ben-thirrje-rushitit-te-terhiqet-nga-gara-per-presidentin\/","og_site_name":"Kosova Times","article_published_time":"2026-04-28T10:19:00+00:00","article_modified_time":"2026-04-28T16:12:22+00:00","og_image":[{"width":780,"height":500,"url":"https:\/\/kosovatimes.info\/wp-content\/uploads\/2026\/04\/Vlora-1.jpg","type":"image\/jpeg"}],"author":"i l","twitter_card":"summary_large_image","twitter_misc":{"Written by":"i l","Est. reading time":"2 minutes"},"schema":{"@context":"https:\/\/schema.org","@graph":[{"@type":"Article","@id":"https:\/\/kosovatimes.info\/index.php\/2026\/04\/28\/pdk-i-ben-thirrje-rushitit-te-terhiqet-nga-gara-per-presidentin\/#article","isPartOf":{"@id":"https:\/\/kosovatimes.info\/index.php\/2026\/04\/28\/pdk-i-ben-thirrje-rushitit-te-terhiqet-nga-gara-per-presidentin\/"},"author":{"name":"i l","@id":"https:\/\/kosovatimes.info\/#\/schema\/person\/7586712b9c512fe68085de007378c915"},"headline":"PDK i b\u00ebn thirrje Rushitit t\u00eb t\u00ebrhiqet nga gara p\u00ebr presidentin","datePublished":"2026-04-28T10:19:00+00:00","dateModified":"2026-04-28T16:12:22+00:00","mainEntityOfPage":{"@id":"https:\/\/kosovatimes.info\/index.php\/2026\/04\/28\/pdk-i-ben-thirrje-rushitit-te-terhiqet-nga-gara-per-presidentin\/"},"wordCount":350,"commentCount":0,"image":{"@id":"https:\/\/kosovatimes.info\/index.php\/2026\/04\/28\/pdk-i-ben-thirrje-rushitit-te-terhiqet-nga-gara-per-presidentin\/#primaryimage"},"thumbnailUrl":"https:\/\/kosovatimes.info\/wp-content\/uploads\/2026\/04\/Vlora-1.jpg","articleSection":["Kosov\u00eb","Lajme"],"inLanguage":"en-US","potentialAction":[{"@type":"CommentAction","name":"Comment","target":["https:\/\/kosovatimes.info\/index.php\/2026\/04\/28\/pdk-i-ben-thirrje-rushitit-te-terhiqet-nga-gara-per-presidentin\/#respond"]}]},{"@type":"WebPage","@id":"https:\/\/kosovatimes.info\/index.php\/2026\/04\/28\/pdk-i-ben-thirrje-rushitit-te-terhiqet-nga-gara-per-presidentin\/","url":"https:\/\/kosovatimes.info\/index.php\/2026\/04\/28\/pdk-i-ben-thirrje-rushitit-te-terhiqet-nga-gara-per-presidentin\/","name":"PDK i b\u00ebn thirrje Rushitit t\u00eb t\u00ebrhiqet nga gara p\u00ebr presidentin - Kosova Times","isPartOf":{"@id":"https:\/\/kosovatimes.info\/#website"},"primaryImageOfPage":{"@id":"https:\/\/kosovatimes.info\/index.php\/2026\/04\/28\/pdk-i-ben-thirrje-rushitit-te-terhiqet-nga-gara-per-presidentin\/#primaryimage"},"image":{"@id":"https:\/\/kosovatimes.info\/index.php\/2026\/04\/28\/pdk-i-ben-thirrje-rushitit-te-terhiqet-nga-gara-per-presidentin\/#primaryimage"},"thumbnailUrl":"https:\/\/kosovatimes.info\/wp-content\/uploads\/2026\/04\/Vlora-1.jpg","datePublished":"2026-04-28T10:19:00+00:00","dateModified":"2026-04-28T16:12:22+00:00","author":{"@id":"https:\/\/kosovatimes.info\/#\/schema\/person\/7586712b9c512fe68085de007378c915"},"breadcrumb":{"@id":"https:\/\/kosovatimes.info\/index.php\/2026\/04\/28\/pdk-i-ben-thirrje-rushitit-te-terhiqet-nga-gara-per-presidentin\/#breadcrumb"},"inLanguage":"en-US","potentialAction":[{"@type":"ReadAction","target":["https:\/\/kosovatimes.info\/index.php\/2026\/04\/28\/pdk-i-ben-thirrje-rushitit-te-terhiqet-nga-gara-per-presidentin\/"]}]},{"@type":"ImageObject","inLanguage":"en-US","@id":"https:\/\/kosovatimes.info\/index.php\/2026\/04\/28\/pdk-i-ben-thirrje-rushitit-te-terhiqet-nga-gara-per-presidentin\/#primaryimage","url":"https:\/\/kosovatimes.info\/wp-content\/uploads\/2026\/04\/Vlora-1.jpg","contentUrl":"https:\/\/kosovatimes.info\/wp-content\/uploads\/2026\/04\/Vlora-1.jpg","width":780,"height":500},{"@type":"BreadcrumbList","@id":"https:\/\/kosovatimes.info\/index.php\/2026\/04\/28\/pdk-i-ben-thirrje-rushitit-te-terhiqet-nga-gara-per-presidentin\/#breadcrumb","itemListElement":[{"@type":"ListItem","position":1,"name":"Home","item":"https:\/\/kosovatimes.info\/"},{"@type":"ListItem","position":2,"name":"PDK i b\u00ebn thirrje Rushitit t\u00eb t\u00ebrhiqet nga gara p\u00ebr presidentin"}]},{"@type":"WebSite","@id":"https:\/\/kosovatimes.info\/#website","url":"https:\/\/kosovatimes.info\/","name":"Kosova Times","description":"","potentialAction":[{"@type":"SearchAction","target":{"@type":"EntryPoint","urlTemplate":"https:\/\/kosovatimes.info\/?s={search_term_string}"},"query-input":{"@type":"PropertyValueSpecification","valueRequired":true,"valueName":"search_term_string"}}],"inLanguage":"en-US"},{"@type":"Person","@id":"https:\/\/kosovatimes.info\/#\/schema\/person\/7586712b9c512fe68085de007378c915","name":"i l","image":{"@type":"ImageObject","inLanguage":"en-US","@id":"https:\/\/secure.gravatar.com\/avatar\/bad9296e02816160ae2e2435beda58222022298d5625d49fea74d18816fbb31d?s=96&d=mm&r=g","url":"https:\/\/secure.gravatar.com\/avatar\/bad9296e02816160ae2e2435beda58222022298d5625d49fea74d18816fbb31d?s=96&d=mm&r=g","contentUrl":"https:\/\/secure.gravatar.com\/avatar\/bad9296e02816160ae2e2435beda58222022298d5625d49fea74d18816fbb31d?s=96&d=mm&r=g","caption":"i l"},"url":"https:\/\/kosovatimes.info\/index.php\/author\/iliri\/"}]}},"_links":{"self":[{"href":"https:\/\/kosovatimes.info\/index.php\/wp-json\/wp\/v2\/posts\/12225","targetHints":{"allow":["GET"]}}],"collection":[{"href":"https:\/\/kosovatimes.info\/index.php\/wp-json\/wp\/v2\/posts"}],"about":[{"href":"https:\/\/kosovatimes.info\/index.php\/wp-json\/wp\/v2\/types\/post"}],"author":[{"embeddable":true,"href":"https:\/\/kosovatimes.info\/index.php\/wp-json\/wp\/v2\/users\/4"}],"replies":[{"embeddable":true,"href":"https:\/\/kosovatimes.info\/index.php\/wp-json\/wp\/v2\/comments?post=12225"}],"version-history":[{"count":1,"href":"https:\/\/kosovatimes.info\/index.php\/wp-json\/wp\/v2\/posts\/12225\/revisions"}],"predecessor-version":[{"id":12227,"href":"https:\/\/kosovatimes.info\/index.php\/wp-json\/wp\/v2\/posts\/12225\/revisions\/12227"}],"wp:featuredmedia":[{"embeddable":true,"href":"https:\/\/kosovatimes.info\/index.php\/wp-json\/wp\/v2\/media\/12226"}],"wp:attachment":[{"href":"https:\/\/kosovatimes.info\/index.php\/wp-json\/wp\/v2\/media?parent=12225"}],"wp:term":[{"taxonomy":"category","embeddable":true,"href":"https:\/\/kosovatimes.info\/index.php\/wp-json\/wp\/v2\/categories?post=12225"},{"taxonomy":"post_tag","embeddable":true,"href":"https:\/\/kosovatimes.info\/index.php\/wp-json\/wp\/v2\/tags?post=12225"}],"curies":[{"name":"wp","href":"https:\/\/api.w.org\/{rel}","templated":true}]}}