{"id":12228,"date":"2026-04-28T14:12:00","date_gmt":"2026-04-28T12:12:00","guid":{"rendered":"https:\/\/kosovatimes.info\/?p=12228"},"modified":"2026-04-28T18:14:39","modified_gmt":"2026-04-28T16:14:39","slug":"konjufca-kosova-e-perkushtuar-ne-rrugen-drejt-be-se","status":"publish","type":"post","link":"https:\/\/kosovatimes.info\/index.php\/2026\/04\/28\/konjufca-kosova-e-perkushtuar-ne-rrugen-drejt-be-se\/","title":{"rendered":"Konjufca: Kosova e p\u00ebrkushtuar n\u00eb rrug\u00ebn drejt BE-s\u00eb"},"content":{"rendered":"\n<h2 class=\"wp-block-heading\"><strong>Z\u00ebvend\u00ebskryeministri dhe ministri i Pun\u00ebve t\u00eb Jashtme dhe Diaspor\u00ebs, Glauk Konjufca, ka pritur n\u00eb takim shefen n\u00eb detyr\u00eb t\u00eb Zyr\u00ebs s\u00eb Bashkimi Evropian n\u00eb Kosov\u00eb, Eva Palatova, ku \u00ebsht\u00eb dor\u00ebzuar raporti p\u00ebrfundimtar i Misionit t\u00eb Ekspert\u00ebve Zgjedhor\u00eb t\u00eb BE-s\u00eb.<\/strong><\/h2>\n\n\n\n<p>Sipas njoftimit t\u00eb Ministris\u00eb s\u00eb Pun\u00ebve t\u00eb Jashtme dhe Diaspor\u00ebs, raporti konfirmon se Kosova ka organizuar zgjedhje t\u00eb lira dhe t\u00eb drejta, n\u00eb p\u00ebrputhje me standardet evropiane.<\/p>\n\n\n\n<p>Gjat\u00eb takimit, Konjufca rikonfirmoi p\u00ebrkushtimin e Qeveris\u00eb s\u00eb Kosov\u00ebs ndaj agjend\u00ebs s\u00eb integrimit evropian, duke theksuar gatishm\u00ebrin\u00eb p\u00ebr avancimin e reformave n\u00eb t\u00eb gjitha fushat prioritare.<\/p>\n\n\n\n<p>N\u00eb k\u00ebt\u00eb kontekst, u theksua se Kosova mbetet e angazhuar n\u00eb m\u00ebnyr\u00eb t\u00eb vazhdueshme p\u00ebr t\u00eb \u00e7uar p\u00ebrpara rrug\u00ebn e saj drejt integrimit evropian.<\/p>\n","protected":false},"excerpt":{"rendered":"<p>Z\u00ebvend\u00ebskryeministri dhe ministri i Pun\u00ebve t\u00eb Jashtme dhe Diaspor\u00ebs, Glauk Konjufca, ka pritur n\u00eb takim shefen n\u00eb detyr\u00eb t\u00eb Zyr\u00ebs s\u00eb Bashkimi Evropian n\u00eb Kosov\u00eb, Eva Palatova, ku \u00ebsht\u00eb dor\u00ebzuar raporti p\u00ebrfundimtar i Misionit t\u00eb Ekspert\u00ebve Zgjedhor\u00eb t\u00eb BE-s\u00eb. Sipas njoftimit t\u00eb Ministris\u00eb s\u00eb Pun\u00ebve t\u00eb Jashtme dhe Diaspor\u00ebs, raporti konfirmon se Kosova ka organizuar [&hellip;]<\/p>\n","protected":false},"author":4,"featured_media":12229,"comment_status":"open","ping_status":"open","sticky":false,"template":"","format":"standard","meta":{"footnotes":""},"categories":[31,30],"tags":[],"class_list":{"0":"post-12228","1":"post","2":"type-post","3":"status-publish","4":"format-standard","5":"has-post-thumbnail","7":"category-kosove","8":"category-lajme"},"yoast_head":"<!-- This site is optimized with the Yoast SEO plugin v27.4 - https:\/\/yoast.com\/product\/yoast-seo-wordpress\/ -->\n<title>Konjufca: Kosova e p\u00ebrkushtuar n\u00eb rrug\u00ebn drejt BE-s\u00eb - Kosova Times<\/title>\n<meta name=\"robots\" content=\"index, follow, max-snippet:-1, max-image-preview:large, max-video-preview:-1\" \/>\n<link rel=\"canonical\" href=\"https:\/\/kosovatimes.info\/index.php\/2026\/04\/28\/konjufca-kosova-e-perkushtuar-ne-rrugen-drejt-be-se\/\" \/>\n<meta property=\"og:locale\" content=\"en_US\" \/>\n<meta property=\"og:type\" content=\"article\" \/>\n<meta property=\"og:title\" content=\"Konjufca: Kosova e p\u00ebrkushtuar n\u00eb rrug\u00ebn drejt BE-s\u00eb - Kosova Times\" \/>\n<meta property=\"og:description\" content=\"Z\u00ebvend\u00ebskryeministri dhe ministri i Pun\u00ebve t\u00eb Jashtme dhe Diaspor\u00ebs, Glauk Konjufca, ka pritur n\u00eb takim shefen n\u00eb detyr\u00eb t\u00eb Zyr\u00ebs s\u00eb Bashkimi Evropian n\u00eb Kosov\u00eb, Eva Palatova, ku \u00ebsht\u00eb dor\u00ebzuar raporti p\u00ebrfundimtar i Misionit t\u00eb Ekspert\u00ebve Zgjedhor\u00eb t\u00eb BE-s\u00eb. Sipas njoftimit t\u00eb Ministris\u00eb s\u00eb Pun\u00ebve t\u00eb Jashtme dhe Diaspor\u00ebs, raporti konfirmon se Kosova ka organizuar [&hellip;]\" \/>\n<meta property=\"og:url\" content=\"https:\/\/kosovatimes.info\/index.php\/2026\/04\/28\/konjufca-kosova-e-perkushtuar-ne-rrugen-drejt-be-se\/\" \/>\n<meta property=\"og:site_name\" content=\"Kosova Times\" \/>\n<meta property=\"article:published_time\" content=\"2026-04-28T12:12:00+00:00\" \/>\n<meta property=\"article:modified_time\" content=\"2026-04-28T16:14:39+00:00\" \/>\n<meta property=\"og:image\" content=\"https:\/\/kosovatimes.info\/wp-content\/uploads\/2026\/04\/Konjufca-10.jpg\" \/>\n\t<meta property=\"og:image:width\" content=\"780\" \/>\n\t<meta property=\"og:image:height\" content=\"500\" \/>\n\t<meta property=\"og:image:type\" content=\"image\/jpeg\" \/>\n<meta name=\"author\" content=\"i l\" \/>\n<meta name=\"twitter:card\" content=\"summary_large_image\" \/>\n<meta name=\"twitter:label1\" content=\"Written by\" \/>\n\t<meta name=\"twitter:data1\" content=\"i l\" \/>\n\t<meta name=\"twitter:label2\" content=\"Est. reading time\" \/>\n\t<meta name=\"twitter:data2\" content=\"1 minute\" \/>\n<script type=\"application\/ld+json\" class=\"yoast-schema-graph\">{\"@context\":\"https:\\\/\\\/schema.org\",\"@graph\":[{\"@type\":\"Article\",\"@id\":\"https:\\\/\\\/kosovatimes.info\\\/index.php\\\/2026\\\/04\\\/28\\\/konjufca-kosova-e-perkushtuar-ne-rrugen-drejt-be-se\\\/#article\",\"isPartOf\":{\"@id\":\"https:\\\/\\\/kosovatimes.info\\\/index.php\\\/2026\\\/04\\\/28\\\/konjufca-kosova-e-perkushtuar-ne-rrugen-drejt-be-se\\\/\"},\"author\":{\"name\":\"i l\",\"@id\":\"https:\\\/\\\/kosovatimes.info\\\/#\\\/schema\\\/person\\\/7586712b9c512fe68085de007378c915\"},\"headline\":\"Konjufca: Kosova e p\u00ebrkushtuar n\u00eb rrug\u00ebn drejt BE-s\u00eb\",\"datePublished\":\"2026-04-28T12:12:00+00:00\",\"dateModified\":\"2026-04-28T16:14:39+00:00\",\"mainEntityOfPage\":{\"@id\":\"https:\\\/\\\/kosovatimes.info\\\/index.php\\\/2026\\\/04\\\/28\\\/konjufca-kosova-e-perkushtuar-ne-rrugen-drejt-be-se\\\/\"},\"wordCount\":147,\"commentCount\":0,\"image\":{\"@id\":\"https:\\\/\\\/kosovatimes.info\\\/index.php\\\/2026\\\/04\\\/28\\\/konjufca-kosova-e-perkushtuar-ne-rrugen-drejt-be-se\\\/#primaryimage\"},\"thumbnailUrl\":\"https:\\\/\\\/kosovatimes.info\\\/wp-content\\\/uploads\\\/2026\\\/04\\\/Konjufca-10.jpg\",\"articleSection\":[\"Kosov\u00eb\",\"Lajme\"],\"inLanguage\":\"en-US\",\"potentialAction\":[{\"@type\":\"CommentAction\",\"name\":\"Comment\",\"target\":[\"https:\\\/\\\/kosovatimes.info\\\/index.php\\\/2026\\\/04\\\/28\\\/konjufca-kosova-e-perkushtuar-ne-rrugen-drejt-be-se\\\/#respond\"]}]},{\"@type\":\"WebPage\",\"@id\":\"https:\\\/\\\/kosovatimes.info\\\/index.php\\\/2026\\\/04\\\/28\\\/konjufca-kosova-e-perkushtuar-ne-rrugen-drejt-be-se\\\/\",\"url\":\"https:\\\/\\\/kosovatimes.info\\\/index.php\\\/2026\\\/04\\\/28\\\/konjufca-kosova-e-perkushtuar-ne-rrugen-drejt-be-se\\\/\",\"name\":\"Konjufca: Kosova e p\u00ebrkushtuar n\u00eb rrug\u00ebn drejt BE-s\u00eb - Kosova Times\",\"isPartOf\":{\"@id\":\"https:\\\/\\\/kosovatimes.info\\\/#website\"},\"primaryImageOfPage\":{\"@id\":\"https:\\\/\\\/kosovatimes.info\\\/index.php\\\/2026\\\/04\\\/28\\\/konjufca-kosova-e-perkushtuar-ne-rrugen-drejt-be-se\\\/#primaryimage\"},\"image\":{\"@id\":\"https:\\\/\\\/kosovatimes.info\\\/index.php\\\/2026\\\/04\\\/28\\\/konjufca-kosova-e-perkushtuar-ne-rrugen-drejt-be-se\\\/#primaryimage\"},\"thumbnailUrl\":\"https:\\\/\\\/kosovatimes.info\\\/wp-content\\\/uploads\\\/2026\\\/04\\\/Konjufca-10.jpg\",\"datePublished\":\"2026-04-28T12:12:00+00:00\",\"dateModified\":\"2026-04-28T16:14:39+00:00\",\"author\":{\"@id\":\"https:\\\/\\\/kosovatimes.info\\\/#\\\/schema\\\/person\\\/7586712b9c512fe68085de007378c915\"},\"breadcrumb\":{\"@id\":\"https:\\\/\\\/kosovatimes.info\\\/index.php\\\/2026\\\/04\\\/28\\\/konjufca-kosova-e-perkushtuar-ne-rrugen-drejt-be-se\\\/#breadcrumb\"},\"inLanguage\":\"en-US\",\"potentialAction\":[{\"@type\":\"ReadAction\",\"target\":[\"https:\\\/\\\/kosovatimes.info\\\/index.php\\\/2026\\\/04\\\/28\\\/konjufca-kosova-e-perkushtuar-ne-rrugen-drejt-be-se\\\/\"]}]},{\"@type\":\"ImageObject\",\"inLanguage\":\"en-US\",\"@id\":\"https:\\\/\\\/kosovatimes.info\\\/index.php\\\/2026\\\/04\\\/28\\\/konjufca-kosova-e-perkushtuar-ne-rrugen-drejt-be-se\\\/#primaryimage\",\"url\":\"https:\\\/\\\/kosovatimes.info\\\/wp-content\\\/uploads\\\/2026\\\/04\\\/Konjufca-10.jpg\",\"contentUrl\":\"https:\\\/\\\/kosovatimes.info\\\/wp-content\\\/uploads\\\/2026\\\/04\\\/Konjufca-10.jpg\",\"width\":780,\"height\":500},{\"@type\":\"BreadcrumbList\",\"@id\":\"https:\\\/\\\/kosovatimes.info\\\/index.php\\\/2026\\\/04\\\/28\\\/konjufca-kosova-e-perkushtuar-ne-rrugen-drejt-be-se\\\/#breadcrumb\",\"itemListElement\":[{\"@type\":\"ListItem\",\"position\":1,\"name\":\"Home\",\"item\":\"https:\\\/\\\/kosovatimes.info\\\/\"},{\"@type\":\"ListItem\",\"position\":2,\"name\":\"Konjufca: Kosova e p\u00ebrkushtuar n\u00eb rrug\u00ebn drejt BE-s\u00eb\"}]},{\"@type\":\"WebSite\",\"@id\":\"https:\\\/\\\/kosovatimes.info\\\/#website\",\"url\":\"https:\\\/\\\/kosovatimes.info\\\/\",\"name\":\"Kosova Times\",\"description\":\"\",\"potentialAction\":[{\"@type\":\"SearchAction\",\"target\":{\"@type\":\"EntryPoint\",\"urlTemplate\":\"https:\\\/\\\/kosovatimes.info\\\/?s={search_term_string}\"},\"query-input\":{\"@type\":\"PropertyValueSpecification\",\"valueRequired\":true,\"valueName\":\"search_term_string\"}}],\"inLanguage\":\"en-US\"},{\"@type\":\"Person\",\"@id\":\"https:\\\/\\\/kosovatimes.info\\\/#\\\/schema\\\/person\\\/7586712b9c512fe68085de007378c915\",\"name\":\"i l\",\"image\":{\"@type\":\"ImageObject\",\"inLanguage\":\"en-US\",\"@id\":\"https:\\\/\\\/secure.gravatar.com\\\/avatar\\\/bad9296e02816160ae2e2435beda58222022298d5625d49fea74d18816fbb31d?s=96&d=mm&r=g\",\"url\":\"https:\\\/\\\/secure.gravatar.com\\\/avatar\\\/bad9296e02816160ae2e2435beda58222022298d5625d49fea74d18816fbb31d?s=96&d=mm&r=g\",\"contentUrl\":\"https:\\\/\\\/secure.gravatar.com\\\/avatar\\\/bad9296e02816160ae2e2435beda58222022298d5625d49fea74d18816fbb31d?s=96&d=mm&r=g\",\"caption\":\"i l\"},\"url\":\"https:\\\/\\\/kosovatimes.info\\\/index.php\\\/author\\\/iliri\\\/\"}]}<\/script>\n<!-- \/ Yoast SEO plugin. -->","yoast_head_json":{"title":"Konjufca: Kosova e p\u00ebrkushtuar n\u00eb rrug\u00ebn drejt BE-s\u00eb - Kosova Times","robots":{"index":"index","follow":"follow","max-snippet":"max-snippet:-1","max-image-preview":"max-image-preview:large","max-video-preview":"max-video-preview:-1"},"canonical":"https:\/\/kosovatimes.info\/index.php\/2026\/04\/28\/konjufca-kosova-e-perkushtuar-ne-rrugen-drejt-be-se\/","og_locale":"en_US","og_type":"article","og_title":"Konjufca: Kosova e p\u00ebrkushtuar n\u00eb rrug\u00ebn drejt BE-s\u00eb - Kosova Times","og_description":"Z\u00ebvend\u00ebskryeministri dhe ministri i Pun\u00ebve t\u00eb Jashtme dhe Diaspor\u00ebs, Glauk Konjufca, ka pritur n\u00eb takim shefen n\u00eb detyr\u00eb t\u00eb Zyr\u00ebs s\u00eb Bashkimi Evropian n\u00eb Kosov\u00eb, Eva Palatova, ku \u00ebsht\u00eb dor\u00ebzuar raporti p\u00ebrfundimtar i Misionit t\u00eb Ekspert\u00ebve Zgjedhor\u00eb t\u00eb BE-s\u00eb. Sipas njoftimit t\u00eb Ministris\u00eb s\u00eb Pun\u00ebve t\u00eb Jashtme dhe Diaspor\u00ebs, raporti konfirmon se Kosova ka organizuar [&hellip;]","og_url":"https:\/\/kosovatimes.info\/index.php\/2026\/04\/28\/konjufca-kosova-e-perkushtuar-ne-rrugen-drejt-be-se\/","og_site_name":"Kosova Times","article_published_time":"2026-04-28T12:12:00+00:00","article_modified_time":"2026-04-28T16:14:39+00:00","og_image":[{"width":780,"height":500,"url":"https:\/\/kosovatimes.info\/wp-content\/uploads\/2026\/04\/Konjufca-10.jpg","type":"image\/jpeg"}],"author":"i l","twitter_card":"summary_large_image","twitter_misc":{"Written by":"i l","Est. reading time":"1 minute"},"schema":{"@context":"https:\/\/schema.org","@graph":[{"@type":"Article","@id":"https:\/\/kosovatimes.info\/index.php\/2026\/04\/28\/konjufca-kosova-e-perkushtuar-ne-rrugen-drejt-be-se\/#article","isPartOf":{"@id":"https:\/\/kosovatimes.info\/index.php\/2026\/04\/28\/konjufca-kosova-e-perkushtuar-ne-rrugen-drejt-be-se\/"},"author":{"name":"i l","@id":"https:\/\/kosovatimes.info\/#\/schema\/person\/7586712b9c512fe68085de007378c915"},"headline":"Konjufca: Kosova e p\u00ebrkushtuar n\u00eb rrug\u00ebn drejt BE-s\u00eb","datePublished":"2026-04-28T12:12:00+00:00","dateModified":"2026-04-28T16:14:39+00:00","mainEntityOfPage":{"@id":"https:\/\/kosovatimes.info\/index.php\/2026\/04\/28\/konjufca-kosova-e-perkushtuar-ne-rrugen-drejt-be-se\/"},"wordCount":147,"commentCount":0,"image":{"@id":"https:\/\/kosovatimes.info\/index.php\/2026\/04\/28\/konjufca-kosova-e-perkushtuar-ne-rrugen-drejt-be-se\/#primaryimage"},"thumbnailUrl":"https:\/\/kosovatimes.info\/wp-content\/uploads\/2026\/04\/Konjufca-10.jpg","articleSection":["Kosov\u00eb","Lajme"],"inLanguage":"en-US","potentialAction":[{"@type":"CommentAction","name":"Comment","target":["https:\/\/kosovatimes.info\/index.php\/2026\/04\/28\/konjufca-kosova-e-perkushtuar-ne-rrugen-drejt-be-se\/#respond"]}]},{"@type":"WebPage","@id":"https:\/\/kosovatimes.info\/index.php\/2026\/04\/28\/konjufca-kosova-e-perkushtuar-ne-rrugen-drejt-be-se\/","url":"https:\/\/kosovatimes.info\/index.php\/2026\/04\/28\/konjufca-kosova-e-perkushtuar-ne-rrugen-drejt-be-se\/","name":"Konjufca: Kosova e p\u00ebrkushtuar n\u00eb rrug\u00ebn drejt BE-s\u00eb - Kosova Times","isPartOf":{"@id":"https:\/\/kosovatimes.info\/#website"},"primaryImageOfPage":{"@id":"https:\/\/kosovatimes.info\/index.php\/2026\/04\/28\/konjufca-kosova-e-perkushtuar-ne-rrugen-drejt-be-se\/#primaryimage"},"image":{"@id":"https:\/\/kosovatimes.info\/index.php\/2026\/04\/28\/konjufca-kosova-e-perkushtuar-ne-rrugen-drejt-be-se\/#primaryimage"},"thumbnailUrl":"https:\/\/kosovatimes.info\/wp-content\/uploads\/2026\/04\/Konjufca-10.jpg","datePublished":"2026-04-28T12:12:00+00:00","dateModified":"2026-04-28T16:14:39+00:00","author":{"@id":"https:\/\/kosovatimes.info\/#\/schema\/person\/7586712b9c512fe68085de007378c915"},"breadcrumb":{"@id":"https:\/\/kosovatimes.info\/index.php\/2026\/04\/28\/konjufca-kosova-e-perkushtuar-ne-rrugen-drejt-be-se\/#breadcrumb"},"inLanguage":"en-US","potentialAction":[{"@type":"ReadAction","target":["https:\/\/kosovatimes.info\/index.php\/2026\/04\/28\/konjufca-kosova-e-perkushtuar-ne-rrugen-drejt-be-se\/"]}]},{"@type":"ImageObject","inLanguage":"en-US","@id":"https:\/\/kosovatimes.info\/index.php\/2026\/04\/28\/konjufca-kosova-e-perkushtuar-ne-rrugen-drejt-be-se\/#primaryimage","url":"https:\/\/kosovatimes.info\/wp-content\/uploads\/2026\/04\/Konjufca-10.jpg","contentUrl":"https:\/\/kosovatimes.info\/wp-content\/uploads\/2026\/04\/Konjufca-10.jpg","width":780,"height":500},{"@type":"BreadcrumbList","@id":"https:\/\/kosovatimes.info\/index.php\/2026\/04\/28\/konjufca-kosova-e-perkushtuar-ne-rrugen-drejt-be-se\/#breadcrumb","itemListElement":[{"@type":"ListItem","position":1,"name":"Home","item":"https:\/\/kosovatimes.info\/"},{"@type":"ListItem","position":2,"name":"Konjufca: Kosova e p\u00ebrkushtuar n\u00eb rrug\u00ebn drejt BE-s\u00eb"}]},{"@type":"WebSite","@id":"https:\/\/kosovatimes.info\/#website","url":"https:\/\/kosovatimes.info\/","name":"Kosova Times","description":"","potentialAction":[{"@type":"SearchAction","target":{"@type":"EntryPoint","urlTemplate":"https:\/\/kosovatimes.info\/?s={search_term_string}"},"query-input":{"@type":"PropertyValueSpecification","valueRequired":true,"valueName":"search_term_string"}}],"inLanguage":"en-US"},{"@type":"Person","@id":"https:\/\/kosovatimes.info\/#\/schema\/person\/7586712b9c512fe68085de007378c915","name":"i l","image":{"@type":"ImageObject","inLanguage":"en-US","@id":"https:\/\/secure.gravatar.com\/avatar\/bad9296e02816160ae2e2435beda58222022298d5625d49fea74d18816fbb31d?s=96&d=mm&r=g","url":"https:\/\/secure.gravatar.com\/avatar\/bad9296e02816160ae2e2435beda58222022298d5625d49fea74d18816fbb31d?s=96&d=mm&r=g","contentUrl":"https:\/\/secure.gravatar.com\/avatar\/bad9296e02816160ae2e2435beda58222022298d5625d49fea74d18816fbb31d?s=96&d=mm&r=g","caption":"i l"},"url":"https:\/\/kosovatimes.info\/index.php\/author\/iliri\/"}]}},"_links":{"self":[{"href":"https:\/\/kosovatimes.info\/index.php\/wp-json\/wp\/v2\/posts\/12228","targetHints":{"allow":["GET"]}}],"collection":[{"href":"https:\/\/kosovatimes.info\/index.php\/wp-json\/wp\/v2\/posts"}],"about":[{"href":"https:\/\/kosovatimes.info\/index.php\/wp-json\/wp\/v2\/types\/post"}],"author":[{"embeddable":true,"href":"https:\/\/kosovatimes.info\/index.php\/wp-json\/wp\/v2\/users\/4"}],"replies":[{"embeddable":true,"href":"https:\/\/kosovatimes.info\/index.php\/wp-json\/wp\/v2\/comments?post=12228"}],"version-history":[{"count":1,"href":"https:\/\/kosovatimes.info\/index.php\/wp-json\/wp\/v2\/posts\/12228\/revisions"}],"predecessor-version":[{"id":12230,"href":"https:\/\/kosovatimes.info\/index.php\/wp-json\/wp\/v2\/posts\/12228\/revisions\/12230"}],"wp:featuredmedia":[{"embeddable":true,"href":"https:\/\/kosovatimes.info\/index.php\/wp-json\/wp\/v2\/media\/12229"}],"wp:attachment":[{"href":"https:\/\/kosovatimes.info\/index.php\/wp-json\/wp\/v2\/media?parent=12228"}],"wp:term":[{"taxonomy":"category","embeddable":true,"href":"https:\/\/kosovatimes.info\/index.php\/wp-json\/wp\/v2\/categories?post=12228"},{"taxonomy":"post_tag","embeddable":true,"href":"https:\/\/kosovatimes.info\/index.php\/wp-json\/wp\/v2\/tags?post=12228"}],"curies":[{"name":"wp","href":"https:\/\/api.w.org\/{rel}","templated":true}]}}