{"id":12233,"date":"2026-04-28T14:33:00","date_gmt":"2026-04-28T12:33:00","guid":{"rendered":"https:\/\/kosovatimes.info\/?p=12233"},"modified":"2026-04-28T18:17:59","modified_gmt":"2026-04-28T16:17:59","slug":"seanca-per-zgjedhjen-e-presidentit-shtyhet-per-ne-oren-1900","status":"publish","type":"post","link":"https:\/\/kosovatimes.info\/index.php\/2026\/04\/28\/seanca-per-zgjedhjen-e-presidentit-shtyhet-per-ne-oren-1900\/","title":{"rendered":"Seanca p\u00ebr zgjedhjen e presidentit shtyhet p\u00ebr n\u00eb or\u00ebn 19:00"},"content":{"rendered":"\n<p><strong>Seanca e jasht\u00ebzakonshme p\u00ebr p\u00ebrzgjedhjen e presidentit t\u00eb vendit \u00ebsht\u00eb shtyr\u00eb p\u00ebr n\u00eb or\u00ebn 19:00.<\/strong><\/p>\n\n\n\n<p>\u201cP\u00ebr shkak t\u00eb munges\u00ebs s\u00eb opozit\u00ebs, dhe gjithnj\u00eb duke u p\u00ebrpjekur q\u00eb t\u2019i kemi ata n\u00eb seanc\u00ebn p\u00ebr zgjedhjen e presidentit dhe p\u00ebr shkak t\u00eb obligimeve&#8230;Ju njoftoj q\u00eb kjo seanc\u00eb vazhdon sot n\u00eb or\u00ebn 19:00\u201d, ka th\u00ebn\u00eb kryetarja e Kuvendit, Albulena Haxhiu.&nbsp;<\/p>\n\n\n\n<p>Haxhiu ka th\u00ebn\u00eb se deputet\u00ebt e opozit\u00ebs jan\u00eb duke i b\u00ebr\u00eb thirrje dy kandidateve p\u00ebr presidente, Feride Rushitit dhe Hatixhe Hoxh\u00ebs p\u00ebr t\u00ebrheqje nga gara.<\/p>\n\n\n\n<p>\u201cN\u00eb vend q\u00eb t\u00eb t\u00ebrhiqen nga deklaratat q\u00eb i b\u00ebjn\u00eb presion kandidat\u00ebve q\u00eb t\u00eb t\u00ebrhiqen nga gara, q\u00eb \u00ebsht\u00eb n\u00eb p\u00ebrputhje t\u00eb plot\u00eb me Kushtetut\u00ebn e Republik\u00ebs s\u00eb Kosov\u00ebs, i ftoj ata q\u00eb t\u00eb vijn\u00eb. Dhe n\u00ebse k\u00ebrkojn\u00eb fjal\u00eb, do t\u2019ua kalojm\u00eb edhe fjal\u00ebn. Por, jo q\u00eb t\u00eb flasin nga zyrat e tyre apo nga ambientet e tjera p\u00ebr sa koh\u00eb po zhvillohet kjo seanc\u00eb. K\u00ebtu \u00ebsht\u00eb vendi ku argumentojm\u00eb edhe juridikisht edhe politikisht\u201d, ka th\u00ebn\u00eb Haxhiu.<\/p>\n\n\n\n<p>Deputeti serb nga partia SPO, Lazar Raduloviq u ka b\u00ebr\u00eb thirrje p\u00ebr pjes\u00ebmarrje n\u00eb Kuvend duke th\u00ebn\u00eb se bojkoti nuk zgjidh asnj\u00eb \u00e7\u00ebshtje.<\/p>\n\n\n\n<p>\u201cKthehuni n\u00eb Kuvend, b\u00ebhuni pjes\u00eb e vendimmarrjes dhe s\u00eb bashku do t\u00eb tregojm\u00eb nj\u00eb pjekuri politik\u00eb. Kosova duhet t\u00eb ec p\u00ebrpara vet\u00ebm at\u00ebher\u00eb kur t\u00eb jemi t\u00eb gjith\u00eb jemi pjes\u00ebmarr\u00ebs\u201d, tha ai.<\/p>\n\n\n\n<p><strong>Nis seanca e jasht\u00ebzakonshme, mungojn\u00eb s\u00ebrish opozita<\/strong><\/p>\n\n\n\n<p>Ka nisur seanca e jasht\u00ebzakonshme p\u00ebr zgjedhjen e presidentit n\u00eb Kuvendin e Kosov\u00ebs. Partit\u00eb opozitare mungojn\u00eb s\u00ebrish n\u00eb sall\u00eb.<\/p>\n\n\n\n<p>\u201cEdhe dje, edhe sot i kam b\u00ebr\u00eb thirrje deputet\u00ebve q\u00eb s\u2019jan\u00eb t\u00eb pranish\u00ebm n\u00eb seanc\u00eb q\u00eb t\u00eb ushtrojn\u00eb detyrat e tyre kushtetuese. Detyrohem si kryetare e Kuvendit t\u00eb adresoj&nbsp;edhe nj\u00eb her\u00eb p\u00ebrgjegj\u00ebsit\u00eb q\u00eb deputet\u00ebt i kan\u00eb n\u00eb raport me obligimet kushtetuese\u201d, tha kryetarja e Kuvendit, Albulena Haxhiu, duke cituar aktgjykimin e Gjykat\u00ebs Kushtetuese.<\/p>\n\n\n\n<p>Kjo \u00ebsht\u00eb seanca e dyt\u00eb p\u00ebr sot, pas shtyrjes s\u00eb asaj paraprake nga ora 10:00 n\u00eb 14:00.<\/p>\n","protected":false},"excerpt":{"rendered":"<p>Seanca e jasht\u00ebzakonshme p\u00ebr p\u00ebrzgjedhjen e presidentit t\u00eb vendit \u00ebsht\u00eb shtyr\u00eb p\u00ebr n\u00eb or\u00ebn 19:00. \u201cP\u00ebr shkak t\u00eb munges\u00ebs s\u00eb opozit\u00ebs, dhe gjithnj\u00eb duke u p\u00ebrpjekur q\u00eb t\u2019i kemi ata n\u00eb seanc\u00ebn p\u00ebr zgjedhjen e presidentit dhe p\u00ebr shkak t\u00eb obligimeve&#8230;Ju njoftoj q\u00eb kjo seanc\u00eb vazhdon sot n\u00eb or\u00ebn 19:00\u201d, ka th\u00ebn\u00eb kryetarja e Kuvendit, [&hellip;]<\/p>\n","protected":false},"author":4,"featured_media":12234,"comment_status":"open","ping_status":"open","sticky":false,"template":"","format":"standard","meta":{"footnotes":""},"categories":[31,30],"tags":[],"class_list":{"0":"post-12233","1":"post","2":"type-post","3":"status-publish","4":"format-standard","5":"has-post-thumbnail","7":"category-kosove","8":"category-lajme"},"yoast_head":"<!-- This site is optimized with the Yoast SEO plugin v27.4 - https:\/\/yoast.com\/product\/yoast-seo-wordpress\/ -->\n<title>Seanca p\u00ebr zgjedhjen e presidentit shtyhet p\u00ebr n\u00eb or\u00ebn 19:00 - Kosova Times<\/title>\n<meta name=\"robots\" content=\"index, follow, max-snippet:-1, max-image-preview:large, max-video-preview:-1\" \/>\n<link rel=\"canonical\" href=\"https:\/\/kosovatimes.info\/index.php\/2026\/04\/28\/seanca-per-zgjedhjen-e-presidentit-shtyhet-per-ne-oren-1900\/\" \/>\n<meta property=\"og:locale\" content=\"en_US\" \/>\n<meta property=\"og:type\" content=\"article\" \/>\n<meta property=\"og:title\" content=\"Seanca p\u00ebr zgjedhjen e presidentit shtyhet p\u00ebr n\u00eb or\u00ebn 19:00 - Kosova Times\" \/>\n<meta property=\"og:description\" content=\"Seanca e jasht\u00ebzakonshme p\u00ebr p\u00ebrzgjedhjen e presidentit t\u00eb vendit \u00ebsht\u00eb shtyr\u00eb p\u00ebr n\u00eb or\u00ebn 19:00. \u201cP\u00ebr shkak t\u00eb munges\u00ebs s\u00eb opozit\u00ebs, dhe gjithnj\u00eb duke u p\u00ebrpjekur q\u00eb t\u2019i kemi ata n\u00eb seanc\u00ebn p\u00ebr zgjedhjen e presidentit dhe p\u00ebr shkak t\u00eb obligimeve&#8230;Ju njoftoj q\u00eb kjo seanc\u00eb vazhdon sot n\u00eb or\u00ebn 19:00\u201d, ka th\u00ebn\u00eb kryetarja e Kuvendit, [&hellip;]\" \/>\n<meta property=\"og:url\" content=\"https:\/\/kosovatimes.info\/index.php\/2026\/04\/28\/seanca-per-zgjedhjen-e-presidentit-shtyhet-per-ne-oren-1900\/\" \/>\n<meta property=\"og:site_name\" content=\"Kosova Times\" \/>\n<meta property=\"article:published_time\" content=\"2026-04-28T12:33:00+00:00\" \/>\n<meta property=\"article:modified_time\" content=\"2026-04-28T16:17:59+00:00\" \/>\n<meta property=\"og:image\" content=\"https:\/\/kosovatimes.info\/wp-content\/uploads\/2026\/04\/kuvendi-19.jpg\" \/>\n\t<meta property=\"og:image:width\" content=\"780\" \/>\n\t<meta property=\"og:image:height\" content=\"500\" \/>\n\t<meta property=\"og:image:type\" content=\"image\/jpeg\" \/>\n<meta name=\"author\" content=\"i l\" \/>\n<meta name=\"twitter:card\" content=\"summary_large_image\" \/>\n<meta name=\"twitter:label1\" content=\"Written by\" \/>\n\t<meta name=\"twitter:data1\" content=\"i l\" \/>\n\t<meta name=\"twitter:label2\" content=\"Est. reading time\" \/>\n\t<meta name=\"twitter:data2\" content=\"2 minutes\" \/>\n<script type=\"application\/ld+json\" class=\"yoast-schema-graph\">{\"@context\":\"https:\\\/\\\/schema.org\",\"@graph\":[{\"@type\":\"Article\",\"@id\":\"https:\\\/\\\/kosovatimes.info\\\/index.php\\\/2026\\\/04\\\/28\\\/seanca-per-zgjedhjen-e-presidentit-shtyhet-per-ne-oren-1900\\\/#article\",\"isPartOf\":{\"@id\":\"https:\\\/\\\/kosovatimes.info\\\/index.php\\\/2026\\\/04\\\/28\\\/seanca-per-zgjedhjen-e-presidentit-shtyhet-per-ne-oren-1900\\\/\"},\"author\":{\"name\":\"i l\",\"@id\":\"https:\\\/\\\/kosovatimes.info\\\/#\\\/schema\\\/person\\\/7586712b9c512fe68085de007378c915\"},\"headline\":\"Seanca p\u00ebr zgjedhjen e presidentit shtyhet p\u00ebr n\u00eb or\u00ebn 19:00\",\"datePublished\":\"2026-04-28T12:33:00+00:00\",\"dateModified\":\"2026-04-28T16:17:59+00:00\",\"mainEntityOfPage\":{\"@id\":\"https:\\\/\\\/kosovatimes.info\\\/index.php\\\/2026\\\/04\\\/28\\\/seanca-per-zgjedhjen-e-presidentit-shtyhet-per-ne-oren-1900\\\/\"},\"wordCount\":385,\"commentCount\":0,\"image\":{\"@id\":\"https:\\\/\\\/kosovatimes.info\\\/index.php\\\/2026\\\/04\\\/28\\\/seanca-per-zgjedhjen-e-presidentit-shtyhet-per-ne-oren-1900\\\/#primaryimage\"},\"thumbnailUrl\":\"https:\\\/\\\/kosovatimes.info\\\/wp-content\\\/uploads\\\/2026\\\/04\\\/kuvendi-19.jpg\",\"articleSection\":[\"Kosov\u00eb\",\"Lajme\"],\"inLanguage\":\"en-US\",\"potentialAction\":[{\"@type\":\"CommentAction\",\"name\":\"Comment\",\"target\":[\"https:\\\/\\\/kosovatimes.info\\\/index.php\\\/2026\\\/04\\\/28\\\/seanca-per-zgjedhjen-e-presidentit-shtyhet-per-ne-oren-1900\\\/#respond\"]}]},{\"@type\":\"WebPage\",\"@id\":\"https:\\\/\\\/kosovatimes.info\\\/index.php\\\/2026\\\/04\\\/28\\\/seanca-per-zgjedhjen-e-presidentit-shtyhet-per-ne-oren-1900\\\/\",\"url\":\"https:\\\/\\\/kosovatimes.info\\\/index.php\\\/2026\\\/04\\\/28\\\/seanca-per-zgjedhjen-e-presidentit-shtyhet-per-ne-oren-1900\\\/\",\"name\":\"Seanca p\u00ebr zgjedhjen e presidentit shtyhet p\u00ebr n\u00eb or\u00ebn 19:00 - Kosova Times\",\"isPartOf\":{\"@id\":\"https:\\\/\\\/kosovatimes.info\\\/#website\"},\"primaryImageOfPage\":{\"@id\":\"https:\\\/\\\/kosovatimes.info\\\/index.php\\\/2026\\\/04\\\/28\\\/seanca-per-zgjedhjen-e-presidentit-shtyhet-per-ne-oren-1900\\\/#primaryimage\"},\"image\":{\"@id\":\"https:\\\/\\\/kosovatimes.info\\\/index.php\\\/2026\\\/04\\\/28\\\/seanca-per-zgjedhjen-e-presidentit-shtyhet-per-ne-oren-1900\\\/#primaryimage\"},\"thumbnailUrl\":\"https:\\\/\\\/kosovatimes.info\\\/wp-content\\\/uploads\\\/2026\\\/04\\\/kuvendi-19.jpg\",\"datePublished\":\"2026-04-28T12:33:00+00:00\",\"dateModified\":\"2026-04-28T16:17:59+00:00\",\"author\":{\"@id\":\"https:\\\/\\\/kosovatimes.info\\\/#\\\/schema\\\/person\\\/7586712b9c512fe68085de007378c915\"},\"breadcrumb\":{\"@id\":\"https:\\\/\\\/kosovatimes.info\\\/index.php\\\/2026\\\/04\\\/28\\\/seanca-per-zgjedhjen-e-presidentit-shtyhet-per-ne-oren-1900\\\/#breadcrumb\"},\"inLanguage\":\"en-US\",\"potentialAction\":[{\"@type\":\"ReadAction\",\"target\":[\"https:\\\/\\\/kosovatimes.info\\\/index.php\\\/2026\\\/04\\\/28\\\/seanca-per-zgjedhjen-e-presidentit-shtyhet-per-ne-oren-1900\\\/\"]}]},{\"@type\":\"ImageObject\",\"inLanguage\":\"en-US\",\"@id\":\"https:\\\/\\\/kosovatimes.info\\\/index.php\\\/2026\\\/04\\\/28\\\/seanca-per-zgjedhjen-e-presidentit-shtyhet-per-ne-oren-1900\\\/#primaryimage\",\"url\":\"https:\\\/\\\/kosovatimes.info\\\/wp-content\\\/uploads\\\/2026\\\/04\\\/kuvendi-19.jpg\",\"contentUrl\":\"https:\\\/\\\/kosovatimes.info\\\/wp-content\\\/uploads\\\/2026\\\/04\\\/kuvendi-19.jpg\",\"width\":780,\"height\":500},{\"@type\":\"BreadcrumbList\",\"@id\":\"https:\\\/\\\/kosovatimes.info\\\/index.php\\\/2026\\\/04\\\/28\\\/seanca-per-zgjedhjen-e-presidentit-shtyhet-per-ne-oren-1900\\\/#breadcrumb\",\"itemListElement\":[{\"@type\":\"ListItem\",\"position\":1,\"name\":\"Home\",\"item\":\"https:\\\/\\\/kosovatimes.info\\\/\"},{\"@type\":\"ListItem\",\"position\":2,\"name\":\"Seanca p\u00ebr zgjedhjen e presidentit shtyhet p\u00ebr n\u00eb or\u00ebn 19:00\"}]},{\"@type\":\"WebSite\",\"@id\":\"https:\\\/\\\/kosovatimes.info\\\/#website\",\"url\":\"https:\\\/\\\/kosovatimes.info\\\/\",\"name\":\"Kosova Times\",\"description\":\"\",\"potentialAction\":[{\"@type\":\"SearchAction\",\"target\":{\"@type\":\"EntryPoint\",\"urlTemplate\":\"https:\\\/\\\/kosovatimes.info\\\/?s={search_term_string}\"},\"query-input\":{\"@type\":\"PropertyValueSpecification\",\"valueRequired\":true,\"valueName\":\"search_term_string\"}}],\"inLanguage\":\"en-US\"},{\"@type\":\"Person\",\"@id\":\"https:\\\/\\\/kosovatimes.info\\\/#\\\/schema\\\/person\\\/7586712b9c512fe68085de007378c915\",\"name\":\"i l\",\"image\":{\"@type\":\"ImageObject\",\"inLanguage\":\"en-US\",\"@id\":\"https:\\\/\\\/secure.gravatar.com\\\/avatar\\\/bad9296e02816160ae2e2435beda58222022298d5625d49fea74d18816fbb31d?s=96&d=mm&r=g\",\"url\":\"https:\\\/\\\/secure.gravatar.com\\\/avatar\\\/bad9296e02816160ae2e2435beda58222022298d5625d49fea74d18816fbb31d?s=96&d=mm&r=g\",\"contentUrl\":\"https:\\\/\\\/secure.gravatar.com\\\/avatar\\\/bad9296e02816160ae2e2435beda58222022298d5625d49fea74d18816fbb31d?s=96&d=mm&r=g\",\"caption\":\"i l\"},\"url\":\"https:\\\/\\\/kosovatimes.info\\\/index.php\\\/author\\\/iliri\\\/\"}]}<\/script>\n<!-- \/ Yoast SEO plugin. -->","yoast_head_json":{"title":"Seanca p\u00ebr zgjedhjen e presidentit shtyhet p\u00ebr n\u00eb or\u00ebn 19:00 - Kosova Times","robots":{"index":"index","follow":"follow","max-snippet":"max-snippet:-1","max-image-preview":"max-image-preview:large","max-video-preview":"max-video-preview:-1"},"canonical":"https:\/\/kosovatimes.info\/index.php\/2026\/04\/28\/seanca-per-zgjedhjen-e-presidentit-shtyhet-per-ne-oren-1900\/","og_locale":"en_US","og_type":"article","og_title":"Seanca p\u00ebr zgjedhjen e presidentit shtyhet p\u00ebr n\u00eb or\u00ebn 19:00 - Kosova Times","og_description":"Seanca e jasht\u00ebzakonshme p\u00ebr p\u00ebrzgjedhjen e presidentit t\u00eb vendit \u00ebsht\u00eb shtyr\u00eb p\u00ebr n\u00eb or\u00ebn 19:00. \u201cP\u00ebr shkak t\u00eb munges\u00ebs s\u00eb opozit\u00ebs, dhe gjithnj\u00eb duke u p\u00ebrpjekur q\u00eb t\u2019i kemi ata n\u00eb seanc\u00ebn p\u00ebr zgjedhjen e presidentit dhe p\u00ebr shkak t\u00eb obligimeve&#8230;Ju njoftoj q\u00eb kjo seanc\u00eb vazhdon sot n\u00eb or\u00ebn 19:00\u201d, ka th\u00ebn\u00eb kryetarja e Kuvendit, [&hellip;]","og_url":"https:\/\/kosovatimes.info\/index.php\/2026\/04\/28\/seanca-per-zgjedhjen-e-presidentit-shtyhet-per-ne-oren-1900\/","og_site_name":"Kosova Times","article_published_time":"2026-04-28T12:33:00+00:00","article_modified_time":"2026-04-28T16:17:59+00:00","og_image":[{"width":780,"height":500,"url":"https:\/\/kosovatimes.info\/wp-content\/uploads\/2026\/04\/kuvendi-19.jpg","type":"image\/jpeg"}],"author":"i l","twitter_card":"summary_large_image","twitter_misc":{"Written by":"i l","Est. reading time":"2 minutes"},"schema":{"@context":"https:\/\/schema.org","@graph":[{"@type":"Article","@id":"https:\/\/kosovatimes.info\/index.php\/2026\/04\/28\/seanca-per-zgjedhjen-e-presidentit-shtyhet-per-ne-oren-1900\/#article","isPartOf":{"@id":"https:\/\/kosovatimes.info\/index.php\/2026\/04\/28\/seanca-per-zgjedhjen-e-presidentit-shtyhet-per-ne-oren-1900\/"},"author":{"name":"i l","@id":"https:\/\/kosovatimes.info\/#\/schema\/person\/7586712b9c512fe68085de007378c915"},"headline":"Seanca p\u00ebr zgjedhjen e presidentit shtyhet p\u00ebr n\u00eb or\u00ebn 19:00","datePublished":"2026-04-28T12:33:00+00:00","dateModified":"2026-04-28T16:17:59+00:00","mainEntityOfPage":{"@id":"https:\/\/kosovatimes.info\/index.php\/2026\/04\/28\/seanca-per-zgjedhjen-e-presidentit-shtyhet-per-ne-oren-1900\/"},"wordCount":385,"commentCount":0,"image":{"@id":"https:\/\/kosovatimes.info\/index.php\/2026\/04\/28\/seanca-per-zgjedhjen-e-presidentit-shtyhet-per-ne-oren-1900\/#primaryimage"},"thumbnailUrl":"https:\/\/kosovatimes.info\/wp-content\/uploads\/2026\/04\/kuvendi-19.jpg","articleSection":["Kosov\u00eb","Lajme"],"inLanguage":"en-US","potentialAction":[{"@type":"CommentAction","name":"Comment","target":["https:\/\/kosovatimes.info\/index.php\/2026\/04\/28\/seanca-per-zgjedhjen-e-presidentit-shtyhet-per-ne-oren-1900\/#respond"]}]},{"@type":"WebPage","@id":"https:\/\/kosovatimes.info\/index.php\/2026\/04\/28\/seanca-per-zgjedhjen-e-presidentit-shtyhet-per-ne-oren-1900\/","url":"https:\/\/kosovatimes.info\/index.php\/2026\/04\/28\/seanca-per-zgjedhjen-e-presidentit-shtyhet-per-ne-oren-1900\/","name":"Seanca p\u00ebr zgjedhjen e presidentit shtyhet p\u00ebr n\u00eb or\u00ebn 19:00 - Kosova Times","isPartOf":{"@id":"https:\/\/kosovatimes.info\/#website"},"primaryImageOfPage":{"@id":"https:\/\/kosovatimes.info\/index.php\/2026\/04\/28\/seanca-per-zgjedhjen-e-presidentit-shtyhet-per-ne-oren-1900\/#primaryimage"},"image":{"@id":"https:\/\/kosovatimes.info\/index.php\/2026\/04\/28\/seanca-per-zgjedhjen-e-presidentit-shtyhet-per-ne-oren-1900\/#primaryimage"},"thumbnailUrl":"https:\/\/kosovatimes.info\/wp-content\/uploads\/2026\/04\/kuvendi-19.jpg","datePublished":"2026-04-28T12:33:00+00:00","dateModified":"2026-04-28T16:17:59+00:00","author":{"@id":"https:\/\/kosovatimes.info\/#\/schema\/person\/7586712b9c512fe68085de007378c915"},"breadcrumb":{"@id":"https:\/\/kosovatimes.info\/index.php\/2026\/04\/28\/seanca-per-zgjedhjen-e-presidentit-shtyhet-per-ne-oren-1900\/#breadcrumb"},"inLanguage":"en-US","potentialAction":[{"@type":"ReadAction","target":["https:\/\/kosovatimes.info\/index.php\/2026\/04\/28\/seanca-per-zgjedhjen-e-presidentit-shtyhet-per-ne-oren-1900\/"]}]},{"@type":"ImageObject","inLanguage":"en-US","@id":"https:\/\/kosovatimes.info\/index.php\/2026\/04\/28\/seanca-per-zgjedhjen-e-presidentit-shtyhet-per-ne-oren-1900\/#primaryimage","url":"https:\/\/kosovatimes.info\/wp-content\/uploads\/2026\/04\/kuvendi-19.jpg","contentUrl":"https:\/\/kosovatimes.info\/wp-content\/uploads\/2026\/04\/kuvendi-19.jpg","width":780,"height":500},{"@type":"BreadcrumbList","@id":"https:\/\/kosovatimes.info\/index.php\/2026\/04\/28\/seanca-per-zgjedhjen-e-presidentit-shtyhet-per-ne-oren-1900\/#breadcrumb","itemListElement":[{"@type":"ListItem","position":1,"name":"Home","item":"https:\/\/kosovatimes.info\/"},{"@type":"ListItem","position":2,"name":"Seanca p\u00ebr zgjedhjen e presidentit shtyhet p\u00ebr n\u00eb or\u00ebn 19:00"}]},{"@type":"WebSite","@id":"https:\/\/kosovatimes.info\/#website","url":"https:\/\/kosovatimes.info\/","name":"Kosova Times","description":"","potentialAction":[{"@type":"SearchAction","target":{"@type":"EntryPoint","urlTemplate":"https:\/\/kosovatimes.info\/?s={search_term_string}"},"query-input":{"@type":"PropertyValueSpecification","valueRequired":true,"valueName":"search_term_string"}}],"inLanguage":"en-US"},{"@type":"Person","@id":"https:\/\/kosovatimes.info\/#\/schema\/person\/7586712b9c512fe68085de007378c915","name":"i l","image":{"@type":"ImageObject","inLanguage":"en-US","@id":"https:\/\/secure.gravatar.com\/avatar\/bad9296e02816160ae2e2435beda58222022298d5625d49fea74d18816fbb31d?s=96&d=mm&r=g","url":"https:\/\/secure.gravatar.com\/avatar\/bad9296e02816160ae2e2435beda58222022298d5625d49fea74d18816fbb31d?s=96&d=mm&r=g","contentUrl":"https:\/\/secure.gravatar.com\/avatar\/bad9296e02816160ae2e2435beda58222022298d5625d49fea74d18816fbb31d?s=96&d=mm&r=g","caption":"i l"},"url":"https:\/\/kosovatimes.info\/index.php\/author\/iliri\/"}]}},"_links":{"self":[{"href":"https:\/\/kosovatimes.info\/index.php\/wp-json\/wp\/v2\/posts\/12233","targetHints":{"allow":["GET"]}}],"collection":[{"href":"https:\/\/kosovatimes.info\/index.php\/wp-json\/wp\/v2\/posts"}],"about":[{"href":"https:\/\/kosovatimes.info\/index.php\/wp-json\/wp\/v2\/types\/post"}],"author":[{"embeddable":true,"href":"https:\/\/kosovatimes.info\/index.php\/wp-json\/wp\/v2\/users\/4"}],"replies":[{"embeddable":true,"href":"https:\/\/kosovatimes.info\/index.php\/wp-json\/wp\/v2\/comments?post=12233"}],"version-history":[{"count":1,"href":"https:\/\/kosovatimes.info\/index.php\/wp-json\/wp\/v2\/posts\/12233\/revisions"}],"predecessor-version":[{"id":12235,"href":"https:\/\/kosovatimes.info\/index.php\/wp-json\/wp\/v2\/posts\/12233\/revisions\/12235"}],"wp:featuredmedia":[{"embeddable":true,"href":"https:\/\/kosovatimes.info\/index.php\/wp-json\/wp\/v2\/media\/12234"}],"wp:attachment":[{"href":"https:\/\/kosovatimes.info\/index.php\/wp-json\/wp\/v2\/media?parent=12233"}],"wp:term":[{"taxonomy":"category","embeddable":true,"href":"https:\/\/kosovatimes.info\/index.php\/wp-json\/wp\/v2\/categories?post=12233"},{"taxonomy":"post_tag","embeddable":true,"href":"https:\/\/kosovatimes.info\/index.php\/wp-json\/wp\/v2\/tags?post=12233"}],"curies":[{"name":"wp","href":"https:\/\/api.w.org\/{rel}","templated":true}]}}