{"id":12242,"date":"2026-04-28T18:07:00","date_gmt":"2026-04-28T16:07:00","guid":{"rendered":"https:\/\/kosovatimes.info\/?p=12242"},"modified":"2026-04-28T18:24:09","modified_gmt":"2026-04-28T16:24:09","slug":"pdk-mobilizim-per-mbrojtjen-e-kushtetutes-dhe-republikes","status":"publish","type":"post","link":"https:\/\/kosovatimes.info\/index.php\/2026\/04\/28\/pdk-mobilizim-per-mbrojtjen-e-kushtetutes-dhe-republikes\/","title":{"rendered":"PDK: Mobilizim p\u00ebr mbrojtjen e Kushtetut\u00ebs dhe Republik\u00ebs"},"content":{"rendered":"\n<p><strong>Partia Demokratike e Kosov\u00ebs (PDK) ka mbledhur sot kryetar\u00ebt e deg\u00ebve t\u00eb saj, duke k\u00ebrkuar mobilizim t\u00eb plot\u00eb t\u00eb strukturave partiake n\u00eb t\u00eb gjith\u00eb vendin.<\/strong><\/p>\n\n\n\n<p>PDK rithekson se do t\u00eb kund\u00ebrshtoj\u00eb \u00e7do veprim t\u00eb pushtetit q\u00eb bie ndesh me Kushtetut\u00ebn dhe rendin juridik, duke u angazhuar n\u00eb t\u00eb gjitha format demokratike dhe institucionale p\u00ebr mbrojtjen e tyre.<br><br>\u201cN\u00ebse sonte procedohet me k\u00ebt\u00eb zgjedhje antikushtetuese, do t\u00eb ket\u00eb reagim t\u00eb organizuar politik, institucional dhe qytetar\u201d, \u00ebsht\u00eb shprehur kryetari Hamza.<br><br>PDK thekson se do t\u00eb jet\u00eb n\u00eb ball\u00eb t\u00eb p\u00ebrpjekjeve politike dhe qytetare p\u00ebr mbrojtjen e Kushtetut\u00ebs dhe Republik\u00ebs, duke p\u00ebrdorur t\u00eb gjitha mjetet demokratike p\u00ebr t\u00eb ndalur p\u00ebrmbysjen e rendit kushtetues.<\/p>\n","protected":false},"excerpt":{"rendered":"<p>Partia Demokratike e Kosov\u00ebs (PDK) ka mbledhur sot kryetar\u00ebt e deg\u00ebve t\u00eb saj, duke k\u00ebrkuar mobilizim t\u00eb plot\u00eb t\u00eb strukturave partiake n\u00eb t\u00eb gjith\u00eb vendin. PDK rithekson se do t\u00eb kund\u00ebrshtoj\u00eb \u00e7do veprim t\u00eb pushtetit q\u00eb bie ndesh me Kushtetut\u00ebn dhe rendin juridik, duke u angazhuar n\u00eb t\u00eb gjitha format demokratike dhe institucionale p\u00ebr mbrojtjen [&hellip;]<\/p>\n","protected":false},"author":4,"featured_media":12243,"comment_status":"open","ping_status":"open","sticky":false,"template":"","format":"standard","meta":{"footnotes":""},"categories":[31,30],"tags":[],"class_list":{"0":"post-12242","1":"post","2":"type-post","3":"status-publish","4":"format-standard","5":"has-post-thumbnail","7":"category-kosove","8":"category-lajme"},"yoast_head":"<!-- This site is optimized with the Yoast SEO plugin v27.4 - https:\/\/yoast.com\/product\/yoast-seo-wordpress\/ -->\n<title>PDK: Mobilizim p\u00ebr mbrojtjen e Kushtetut\u00ebs dhe Republik\u00ebs - Kosova Times<\/title>\n<meta name=\"robots\" content=\"index, follow, max-snippet:-1, max-image-preview:large, max-video-preview:-1\" \/>\n<link rel=\"canonical\" href=\"https:\/\/kosovatimes.info\/index.php\/2026\/04\/28\/pdk-mobilizim-per-mbrojtjen-e-kushtetutes-dhe-republikes\/\" \/>\n<meta property=\"og:locale\" content=\"en_US\" \/>\n<meta property=\"og:type\" content=\"article\" \/>\n<meta property=\"og:title\" content=\"PDK: Mobilizim p\u00ebr mbrojtjen e Kushtetut\u00ebs dhe Republik\u00ebs - Kosova Times\" \/>\n<meta property=\"og:description\" content=\"Partia Demokratike e Kosov\u00ebs (PDK) ka mbledhur sot kryetar\u00ebt e deg\u00ebve t\u00eb saj, duke k\u00ebrkuar mobilizim t\u00eb plot\u00eb t\u00eb strukturave partiake n\u00eb t\u00eb gjith\u00eb vendin. PDK rithekson se do t\u00eb kund\u00ebrshtoj\u00eb \u00e7do veprim t\u00eb pushtetit q\u00eb bie ndesh me Kushtetut\u00ebn dhe rendin juridik, duke u angazhuar n\u00eb t\u00eb gjitha format demokratike dhe institucionale p\u00ebr mbrojtjen [&hellip;]\" \/>\n<meta property=\"og:url\" content=\"https:\/\/kosovatimes.info\/index.php\/2026\/04\/28\/pdk-mobilizim-per-mbrojtjen-e-kushtetutes-dhe-republikes\/\" \/>\n<meta property=\"og:site_name\" content=\"Kosova Times\" \/>\n<meta property=\"article:published_time\" content=\"2026-04-28T16:07:00+00:00\" \/>\n<meta property=\"article:modified_time\" content=\"2026-04-28T16:24:09+00:00\" \/>\n<meta property=\"og:image\" content=\"https:\/\/kosovatimes.info\/wp-content\/uploads\/2026\/04\/PDK-6.jpg\" \/>\n\t<meta property=\"og:image:width\" content=\"780\" \/>\n\t<meta property=\"og:image:height\" content=\"500\" \/>\n\t<meta property=\"og:image:type\" content=\"image\/jpeg\" \/>\n<meta name=\"author\" content=\"i l\" \/>\n<meta name=\"twitter:card\" content=\"summary_large_image\" \/>\n<meta name=\"twitter:label1\" content=\"Written by\" \/>\n\t<meta name=\"twitter:data1\" content=\"i l\" \/>\n\t<meta name=\"twitter:label2\" content=\"Est. reading time\" \/>\n\t<meta name=\"twitter:data2\" content=\"1 minute\" \/>\n<script type=\"application\/ld+json\" class=\"yoast-schema-graph\">{\"@context\":\"https:\\\/\\\/schema.org\",\"@graph\":[{\"@type\":\"Article\",\"@id\":\"https:\\\/\\\/kosovatimes.info\\\/index.php\\\/2026\\\/04\\\/28\\\/pdk-mobilizim-per-mbrojtjen-e-kushtetutes-dhe-republikes\\\/#article\",\"isPartOf\":{\"@id\":\"https:\\\/\\\/kosovatimes.info\\\/index.php\\\/2026\\\/04\\\/28\\\/pdk-mobilizim-per-mbrojtjen-e-kushtetutes-dhe-republikes\\\/\"},\"author\":{\"name\":\"i l\",\"@id\":\"https:\\\/\\\/kosovatimes.info\\\/#\\\/schema\\\/person\\\/7586712b9c512fe68085de007378c915\"},\"headline\":\"PDK: Mobilizim p\u00ebr mbrojtjen e Kushtetut\u00ebs dhe Republik\u00ebs\",\"datePublished\":\"2026-04-28T16:07:00+00:00\",\"dateModified\":\"2026-04-28T16:24:09+00:00\",\"mainEntityOfPage\":{\"@id\":\"https:\\\/\\\/kosovatimes.info\\\/index.php\\\/2026\\\/04\\\/28\\\/pdk-mobilizim-per-mbrojtjen-e-kushtetutes-dhe-republikes\\\/\"},\"wordCount\":137,\"commentCount\":0,\"image\":{\"@id\":\"https:\\\/\\\/kosovatimes.info\\\/index.php\\\/2026\\\/04\\\/28\\\/pdk-mobilizim-per-mbrojtjen-e-kushtetutes-dhe-republikes\\\/#primaryimage\"},\"thumbnailUrl\":\"https:\\\/\\\/kosovatimes.info\\\/wp-content\\\/uploads\\\/2026\\\/04\\\/PDK-6.jpg\",\"articleSection\":[\"Kosov\u00eb\",\"Lajme\"],\"inLanguage\":\"en-US\",\"potentialAction\":[{\"@type\":\"CommentAction\",\"name\":\"Comment\",\"target\":[\"https:\\\/\\\/kosovatimes.info\\\/index.php\\\/2026\\\/04\\\/28\\\/pdk-mobilizim-per-mbrojtjen-e-kushtetutes-dhe-republikes\\\/#respond\"]}]},{\"@type\":\"WebPage\",\"@id\":\"https:\\\/\\\/kosovatimes.info\\\/index.php\\\/2026\\\/04\\\/28\\\/pdk-mobilizim-per-mbrojtjen-e-kushtetutes-dhe-republikes\\\/\",\"url\":\"https:\\\/\\\/kosovatimes.info\\\/index.php\\\/2026\\\/04\\\/28\\\/pdk-mobilizim-per-mbrojtjen-e-kushtetutes-dhe-republikes\\\/\",\"name\":\"PDK: Mobilizim p\u00ebr mbrojtjen e Kushtetut\u00ebs dhe Republik\u00ebs - Kosova Times\",\"isPartOf\":{\"@id\":\"https:\\\/\\\/kosovatimes.info\\\/#website\"},\"primaryImageOfPage\":{\"@id\":\"https:\\\/\\\/kosovatimes.info\\\/index.php\\\/2026\\\/04\\\/28\\\/pdk-mobilizim-per-mbrojtjen-e-kushtetutes-dhe-republikes\\\/#primaryimage\"},\"image\":{\"@id\":\"https:\\\/\\\/kosovatimes.info\\\/index.php\\\/2026\\\/04\\\/28\\\/pdk-mobilizim-per-mbrojtjen-e-kushtetutes-dhe-republikes\\\/#primaryimage\"},\"thumbnailUrl\":\"https:\\\/\\\/kosovatimes.info\\\/wp-content\\\/uploads\\\/2026\\\/04\\\/PDK-6.jpg\",\"datePublished\":\"2026-04-28T16:07:00+00:00\",\"dateModified\":\"2026-04-28T16:24:09+00:00\",\"author\":{\"@id\":\"https:\\\/\\\/kosovatimes.info\\\/#\\\/schema\\\/person\\\/7586712b9c512fe68085de007378c915\"},\"breadcrumb\":{\"@id\":\"https:\\\/\\\/kosovatimes.info\\\/index.php\\\/2026\\\/04\\\/28\\\/pdk-mobilizim-per-mbrojtjen-e-kushtetutes-dhe-republikes\\\/#breadcrumb\"},\"inLanguage\":\"en-US\",\"potentialAction\":[{\"@type\":\"ReadAction\",\"target\":[\"https:\\\/\\\/kosovatimes.info\\\/index.php\\\/2026\\\/04\\\/28\\\/pdk-mobilizim-per-mbrojtjen-e-kushtetutes-dhe-republikes\\\/\"]}]},{\"@type\":\"ImageObject\",\"inLanguage\":\"en-US\",\"@id\":\"https:\\\/\\\/kosovatimes.info\\\/index.php\\\/2026\\\/04\\\/28\\\/pdk-mobilizim-per-mbrojtjen-e-kushtetutes-dhe-republikes\\\/#primaryimage\",\"url\":\"https:\\\/\\\/kosovatimes.info\\\/wp-content\\\/uploads\\\/2026\\\/04\\\/PDK-6.jpg\",\"contentUrl\":\"https:\\\/\\\/kosovatimes.info\\\/wp-content\\\/uploads\\\/2026\\\/04\\\/PDK-6.jpg\",\"width\":780,\"height\":500},{\"@type\":\"BreadcrumbList\",\"@id\":\"https:\\\/\\\/kosovatimes.info\\\/index.php\\\/2026\\\/04\\\/28\\\/pdk-mobilizim-per-mbrojtjen-e-kushtetutes-dhe-republikes\\\/#breadcrumb\",\"itemListElement\":[{\"@type\":\"ListItem\",\"position\":1,\"name\":\"Home\",\"item\":\"https:\\\/\\\/kosovatimes.info\\\/\"},{\"@type\":\"ListItem\",\"position\":2,\"name\":\"PDK: Mobilizim p\u00ebr mbrojtjen e Kushtetut\u00ebs dhe Republik\u00ebs\"}]},{\"@type\":\"WebSite\",\"@id\":\"https:\\\/\\\/kosovatimes.info\\\/#website\",\"url\":\"https:\\\/\\\/kosovatimes.info\\\/\",\"name\":\"Kosova Times\",\"description\":\"\",\"potentialAction\":[{\"@type\":\"SearchAction\",\"target\":{\"@type\":\"EntryPoint\",\"urlTemplate\":\"https:\\\/\\\/kosovatimes.info\\\/?s={search_term_string}\"},\"query-input\":{\"@type\":\"PropertyValueSpecification\",\"valueRequired\":true,\"valueName\":\"search_term_string\"}}],\"inLanguage\":\"en-US\"},{\"@type\":\"Person\",\"@id\":\"https:\\\/\\\/kosovatimes.info\\\/#\\\/schema\\\/person\\\/7586712b9c512fe68085de007378c915\",\"name\":\"i l\",\"image\":{\"@type\":\"ImageObject\",\"inLanguage\":\"en-US\",\"@id\":\"https:\\\/\\\/secure.gravatar.com\\\/avatar\\\/bad9296e02816160ae2e2435beda58222022298d5625d49fea74d18816fbb31d?s=96&d=mm&r=g\",\"url\":\"https:\\\/\\\/secure.gravatar.com\\\/avatar\\\/bad9296e02816160ae2e2435beda58222022298d5625d49fea74d18816fbb31d?s=96&d=mm&r=g\",\"contentUrl\":\"https:\\\/\\\/secure.gravatar.com\\\/avatar\\\/bad9296e02816160ae2e2435beda58222022298d5625d49fea74d18816fbb31d?s=96&d=mm&r=g\",\"caption\":\"i l\"},\"url\":\"https:\\\/\\\/kosovatimes.info\\\/index.php\\\/author\\\/iliri\\\/\"}]}<\/script>\n<!-- \/ Yoast SEO plugin. -->","yoast_head_json":{"title":"PDK: Mobilizim p\u00ebr mbrojtjen e Kushtetut\u00ebs dhe Republik\u00ebs - Kosova Times","robots":{"index":"index","follow":"follow","max-snippet":"max-snippet:-1","max-image-preview":"max-image-preview:large","max-video-preview":"max-video-preview:-1"},"canonical":"https:\/\/kosovatimes.info\/index.php\/2026\/04\/28\/pdk-mobilizim-per-mbrojtjen-e-kushtetutes-dhe-republikes\/","og_locale":"en_US","og_type":"article","og_title":"PDK: Mobilizim p\u00ebr mbrojtjen e Kushtetut\u00ebs dhe Republik\u00ebs - Kosova Times","og_description":"Partia Demokratike e Kosov\u00ebs (PDK) ka mbledhur sot kryetar\u00ebt e deg\u00ebve t\u00eb saj, duke k\u00ebrkuar mobilizim t\u00eb plot\u00eb t\u00eb strukturave partiake n\u00eb t\u00eb gjith\u00eb vendin. PDK rithekson se do t\u00eb kund\u00ebrshtoj\u00eb \u00e7do veprim t\u00eb pushtetit q\u00eb bie ndesh me Kushtetut\u00ebn dhe rendin juridik, duke u angazhuar n\u00eb t\u00eb gjitha format demokratike dhe institucionale p\u00ebr mbrojtjen [&hellip;]","og_url":"https:\/\/kosovatimes.info\/index.php\/2026\/04\/28\/pdk-mobilizim-per-mbrojtjen-e-kushtetutes-dhe-republikes\/","og_site_name":"Kosova Times","article_published_time":"2026-04-28T16:07:00+00:00","article_modified_time":"2026-04-28T16:24:09+00:00","og_image":[{"width":780,"height":500,"url":"https:\/\/kosovatimes.info\/wp-content\/uploads\/2026\/04\/PDK-6.jpg","type":"image\/jpeg"}],"author":"i l","twitter_card":"summary_large_image","twitter_misc":{"Written by":"i l","Est. reading time":"1 minute"},"schema":{"@context":"https:\/\/schema.org","@graph":[{"@type":"Article","@id":"https:\/\/kosovatimes.info\/index.php\/2026\/04\/28\/pdk-mobilizim-per-mbrojtjen-e-kushtetutes-dhe-republikes\/#article","isPartOf":{"@id":"https:\/\/kosovatimes.info\/index.php\/2026\/04\/28\/pdk-mobilizim-per-mbrojtjen-e-kushtetutes-dhe-republikes\/"},"author":{"name":"i l","@id":"https:\/\/kosovatimes.info\/#\/schema\/person\/7586712b9c512fe68085de007378c915"},"headline":"PDK: Mobilizim p\u00ebr mbrojtjen e Kushtetut\u00ebs dhe Republik\u00ebs","datePublished":"2026-04-28T16:07:00+00:00","dateModified":"2026-04-28T16:24:09+00:00","mainEntityOfPage":{"@id":"https:\/\/kosovatimes.info\/index.php\/2026\/04\/28\/pdk-mobilizim-per-mbrojtjen-e-kushtetutes-dhe-republikes\/"},"wordCount":137,"commentCount":0,"image":{"@id":"https:\/\/kosovatimes.info\/index.php\/2026\/04\/28\/pdk-mobilizim-per-mbrojtjen-e-kushtetutes-dhe-republikes\/#primaryimage"},"thumbnailUrl":"https:\/\/kosovatimes.info\/wp-content\/uploads\/2026\/04\/PDK-6.jpg","articleSection":["Kosov\u00eb","Lajme"],"inLanguage":"en-US","potentialAction":[{"@type":"CommentAction","name":"Comment","target":["https:\/\/kosovatimes.info\/index.php\/2026\/04\/28\/pdk-mobilizim-per-mbrojtjen-e-kushtetutes-dhe-republikes\/#respond"]}]},{"@type":"WebPage","@id":"https:\/\/kosovatimes.info\/index.php\/2026\/04\/28\/pdk-mobilizim-per-mbrojtjen-e-kushtetutes-dhe-republikes\/","url":"https:\/\/kosovatimes.info\/index.php\/2026\/04\/28\/pdk-mobilizim-per-mbrojtjen-e-kushtetutes-dhe-republikes\/","name":"PDK: Mobilizim p\u00ebr mbrojtjen e Kushtetut\u00ebs dhe Republik\u00ebs - Kosova Times","isPartOf":{"@id":"https:\/\/kosovatimes.info\/#website"},"primaryImageOfPage":{"@id":"https:\/\/kosovatimes.info\/index.php\/2026\/04\/28\/pdk-mobilizim-per-mbrojtjen-e-kushtetutes-dhe-republikes\/#primaryimage"},"image":{"@id":"https:\/\/kosovatimes.info\/index.php\/2026\/04\/28\/pdk-mobilizim-per-mbrojtjen-e-kushtetutes-dhe-republikes\/#primaryimage"},"thumbnailUrl":"https:\/\/kosovatimes.info\/wp-content\/uploads\/2026\/04\/PDK-6.jpg","datePublished":"2026-04-28T16:07:00+00:00","dateModified":"2026-04-28T16:24:09+00:00","author":{"@id":"https:\/\/kosovatimes.info\/#\/schema\/person\/7586712b9c512fe68085de007378c915"},"breadcrumb":{"@id":"https:\/\/kosovatimes.info\/index.php\/2026\/04\/28\/pdk-mobilizim-per-mbrojtjen-e-kushtetutes-dhe-republikes\/#breadcrumb"},"inLanguage":"en-US","potentialAction":[{"@type":"ReadAction","target":["https:\/\/kosovatimes.info\/index.php\/2026\/04\/28\/pdk-mobilizim-per-mbrojtjen-e-kushtetutes-dhe-republikes\/"]}]},{"@type":"ImageObject","inLanguage":"en-US","@id":"https:\/\/kosovatimes.info\/index.php\/2026\/04\/28\/pdk-mobilizim-per-mbrojtjen-e-kushtetutes-dhe-republikes\/#primaryimage","url":"https:\/\/kosovatimes.info\/wp-content\/uploads\/2026\/04\/PDK-6.jpg","contentUrl":"https:\/\/kosovatimes.info\/wp-content\/uploads\/2026\/04\/PDK-6.jpg","width":780,"height":500},{"@type":"BreadcrumbList","@id":"https:\/\/kosovatimes.info\/index.php\/2026\/04\/28\/pdk-mobilizim-per-mbrojtjen-e-kushtetutes-dhe-republikes\/#breadcrumb","itemListElement":[{"@type":"ListItem","position":1,"name":"Home","item":"https:\/\/kosovatimes.info\/"},{"@type":"ListItem","position":2,"name":"PDK: Mobilizim p\u00ebr mbrojtjen e Kushtetut\u00ebs dhe Republik\u00ebs"}]},{"@type":"WebSite","@id":"https:\/\/kosovatimes.info\/#website","url":"https:\/\/kosovatimes.info\/","name":"Kosova Times","description":"","potentialAction":[{"@type":"SearchAction","target":{"@type":"EntryPoint","urlTemplate":"https:\/\/kosovatimes.info\/?s={search_term_string}"},"query-input":{"@type":"PropertyValueSpecification","valueRequired":true,"valueName":"search_term_string"}}],"inLanguage":"en-US"},{"@type":"Person","@id":"https:\/\/kosovatimes.info\/#\/schema\/person\/7586712b9c512fe68085de007378c915","name":"i l","image":{"@type":"ImageObject","inLanguage":"en-US","@id":"https:\/\/secure.gravatar.com\/avatar\/bad9296e02816160ae2e2435beda58222022298d5625d49fea74d18816fbb31d?s=96&d=mm&r=g","url":"https:\/\/secure.gravatar.com\/avatar\/bad9296e02816160ae2e2435beda58222022298d5625d49fea74d18816fbb31d?s=96&d=mm&r=g","contentUrl":"https:\/\/secure.gravatar.com\/avatar\/bad9296e02816160ae2e2435beda58222022298d5625d49fea74d18816fbb31d?s=96&d=mm&r=g","caption":"i l"},"url":"https:\/\/kosovatimes.info\/index.php\/author\/iliri\/"}]}},"_links":{"self":[{"href":"https:\/\/kosovatimes.info\/index.php\/wp-json\/wp\/v2\/posts\/12242","targetHints":{"allow":["GET"]}}],"collection":[{"href":"https:\/\/kosovatimes.info\/index.php\/wp-json\/wp\/v2\/posts"}],"about":[{"href":"https:\/\/kosovatimes.info\/index.php\/wp-json\/wp\/v2\/types\/post"}],"author":[{"embeddable":true,"href":"https:\/\/kosovatimes.info\/index.php\/wp-json\/wp\/v2\/users\/4"}],"replies":[{"embeddable":true,"href":"https:\/\/kosovatimes.info\/index.php\/wp-json\/wp\/v2\/comments?post=12242"}],"version-history":[{"count":1,"href":"https:\/\/kosovatimes.info\/index.php\/wp-json\/wp\/v2\/posts\/12242\/revisions"}],"predecessor-version":[{"id":12244,"href":"https:\/\/kosovatimes.info\/index.php\/wp-json\/wp\/v2\/posts\/12242\/revisions\/12244"}],"wp:featuredmedia":[{"embeddable":true,"href":"https:\/\/kosovatimes.info\/index.php\/wp-json\/wp\/v2\/media\/12243"}],"wp:attachment":[{"href":"https:\/\/kosovatimes.info\/index.php\/wp-json\/wp\/v2\/media?parent=12242"}],"wp:term":[{"taxonomy":"category","embeddable":true,"href":"https:\/\/kosovatimes.info\/index.php\/wp-json\/wp\/v2\/categories?post=12242"},{"taxonomy":"post_tag","embeddable":true,"href":"https:\/\/kosovatimes.info\/index.php\/wp-json\/wp\/v2\/tags?post=12242"}],"curies":[{"name":"wp","href":"https:\/\/api.w.org\/{rel}","templated":true}]}}