{"id":12245,"date":"2026-04-28T18:26:34","date_gmt":"2026-04-28T16:26:34","guid":{"rendered":"https:\/\/kosovatimes.info\/?p=12245"},"modified":"2026-04-28T18:26:36","modified_gmt":"2026-04-28T16:26:36","slug":"orban-ofroi-doreheqjen-si-kryetar-i-partise","status":"publish","type":"post","link":"https:\/\/kosovatimes.info\/index.php\/2026\/04\/28\/orban-ofroi-doreheqjen-si-kryetar-i-partise\/","title":{"rendered":"Orb\u00e1n ofroi dor\u00ebheqjen si kryetar i partis\u00eb!?"},"content":{"rendered":"\n<p>Kryeministri hungarez n\u00eb largim,&nbsp;<strong>Viktor Orb\u00e1n,<\/strong>&nbsp;ofroi t\u00eb jepte dor\u00ebheqjen si kreu i partis\u00eb s\u00eb tij t\u00eb krahut t\u00eb djatht\u00eb Fidesz t\u00eb mart\u00ebn dhe kongresi i partis\u00eb n\u00eb qershor do t\u00eb vendos\u00eb n\u00ebse do ta pranoj\u00eb at\u00eb, tha nj\u00eb deputet i partis\u00eb p\u00ebr mediat lokale.<\/p>\n\n\n\n<p>Tisa, nj\u00eb parti e qendr\u00ebs s\u00eb djatht\u00eb e udh\u00ebhequr nga&nbsp;<strong>Peter Magyar<\/strong>&nbsp;, mundi Orb\u00e1n n\u00eb zgjedhjet e 12 prillit, duke i dh\u00ebn\u00eb fund sundimit t\u00eb tij 16-vje\u00e7ar dhe duke nxitur thirrje p\u00ebr ndryshim brenda Fidesz.<\/p>\n\n\n\n<p>Fidesz do t\u00eb votoj\u00eb p\u00ebr udh\u00ebheqjen e re n\u00eb kongresin e partis\u00eb m\u00eb 13 qershor, tha p\u00ebrfaq\u00ebsuesi parlamentar i partis\u00eb,&nbsp;<strong>Erik Banki<\/strong>&nbsp;, i cituar nga agjencia shtet\u00ebrore e lajmeve MTI.<\/p>\n\n\n\n<p>Fidesz nuk iu p\u00ebrgjigj nj\u00eb k\u00ebrkese p\u00ebr koment.Orb\u00e1n nuk foli me median pas takimit t\u00eb partis\u00eb t\u00eb mart\u00ebn dhe as nuk postoi asgj\u00eb n\u00eb profilin e tij n\u00eb Facebook.Pas zgjedhjeve, Orb\u00e1n i tha kanalit t\u00eb krahut t\u00eb djatht\u00eb Patriota n\u00eb YouTube m\u00eb 16 prill se si president i Fidesz ai merr \u201cp\u00ebrgjegj\u00ebsin\u00eb e plot\u00eb\u201d p\u00ebr humbjen e partis\u00eb dhe se e djathta hungareze ka nevoj\u00eb p\u00ebr nj\u00eb \u201crip\u00ebrt\u00ebritje t\u00eb plot\u00eb\u201d.<\/p>\n\n\n\n<p>T\u00eb shtun\u00ebn, n\u00eb nj\u00eb video t\u00eb postuar n\u00eb Facebook, ai tha se nuk do ta merrte vendin e tij n\u00eb parlament, por do t\u2019ia \u201ckthente\u201d mandatin Fidesz-it.\u201cP\u00ebr momentin nuk kam nevoj\u00eb p\u00ebr mua n\u00eb parlament, por p\u00ebr riorganizimin e s\u00eb djatht\u00ebs\u201d, tha Orb\u00e1n, nj\u00eb aleat i ngusht\u00eb i Presidentit t\u00eb SHBA-s\u00eb&nbsp;<strong>Donald Trump<\/strong>&nbsp;, i cili u mb\u00ebshtet nga krer\u00ebt e partive t\u00eb ekstremit t\u00eb djatht\u00eb n\u00eb Evrop\u00eb p\u00ebrpara zgjedhjeve.<\/p>\n\n\n\n<p>Ai tha gjithashtu t\u00eb shtun\u00ebn se udh\u00ebheqja e Fidesz d\u00ebshiron q\u00eb ai t\u00eb mbetet n\u00eb krye t\u00eb partis\u00eb dhe se \u00ebsht\u00eb &#8220;gati p\u00ebr detyr\u00ebn&#8221; n\u00ebse kongresi n\u00eb qershor e mb\u00ebshtet at\u00eb.<\/p>\n","protected":false},"excerpt":{"rendered":"<p>Kryeministri hungarez n\u00eb largim,&nbsp;Viktor Orb\u00e1n,&nbsp;ofroi t\u00eb jepte dor\u00ebheqjen si kreu i partis\u00eb s\u00eb tij t\u00eb krahut t\u00eb djatht\u00eb Fidesz t\u00eb mart\u00ebn dhe kongresi i partis\u00eb n\u00eb qershor do t\u00eb vendos\u00eb n\u00ebse do ta pranoj\u00eb at\u00eb, tha nj\u00eb deputet i partis\u00eb p\u00ebr mediat lokale. Tisa, nj\u00eb parti e qendr\u00ebs s\u00eb djatht\u00eb e udh\u00ebhequr nga&nbsp;Peter Magyar&nbsp;, mundi [&hellip;]<\/p>\n","protected":false},"author":4,"featured_media":12246,"comment_status":"open","ping_status":"open","sticky":false,"template":"","format":"standard","meta":{"footnotes":""},"categories":[33,30],"tags":[],"class_list":{"0":"post-12245","1":"post","2":"type-post","3":"status-publish","4":"format-standard","5":"has-post-thumbnail","7":"category-bote","8":"category-lajme"},"yoast_head":"<!-- This site is optimized with the Yoast SEO plugin v27.4 - https:\/\/yoast.com\/product\/yoast-seo-wordpress\/ -->\n<title>Orb\u00e1n ofroi dor\u00ebheqjen si kryetar i partis\u00eb!? - Kosova Times<\/title>\n<meta name=\"robots\" content=\"index, follow, max-snippet:-1, max-image-preview:large, max-video-preview:-1\" \/>\n<link rel=\"canonical\" href=\"https:\/\/kosovatimes.info\/index.php\/2026\/04\/28\/orban-ofroi-doreheqjen-si-kryetar-i-partise\/\" \/>\n<meta property=\"og:locale\" content=\"en_US\" \/>\n<meta property=\"og:type\" content=\"article\" \/>\n<meta property=\"og:title\" content=\"Orb\u00e1n ofroi dor\u00ebheqjen si kryetar i partis\u00eb!? - Kosova Times\" \/>\n<meta property=\"og:description\" content=\"Kryeministri hungarez n\u00eb largim,&nbsp;Viktor Orb\u00e1n,&nbsp;ofroi t\u00eb jepte dor\u00ebheqjen si kreu i partis\u00eb s\u00eb tij t\u00eb krahut t\u00eb djatht\u00eb Fidesz t\u00eb mart\u00ebn dhe kongresi i partis\u00eb n\u00eb qershor do t\u00eb vendos\u00eb n\u00ebse do ta pranoj\u00eb at\u00eb, tha nj\u00eb deputet i partis\u00eb p\u00ebr mediat lokale. Tisa, nj\u00eb parti e qendr\u00ebs s\u00eb djatht\u00eb e udh\u00ebhequr nga&nbsp;Peter Magyar&nbsp;, mundi [&hellip;]\" \/>\n<meta property=\"og:url\" content=\"https:\/\/kosovatimes.info\/index.php\/2026\/04\/28\/orban-ofroi-doreheqjen-si-kryetar-i-partise\/\" \/>\n<meta property=\"og:site_name\" content=\"Kosova Times\" \/>\n<meta property=\"article:published_time\" content=\"2026-04-28T16:26:34+00:00\" \/>\n<meta property=\"article:modified_time\" content=\"2026-04-28T16:26:36+00:00\" \/>\n<meta property=\"og:image\" content=\"https:\/\/kosovatimes.info\/wp-content\/uploads\/2026\/04\/oran.jpg\" \/>\n\t<meta property=\"og:image:width\" content=\"1280\" \/>\n\t<meta property=\"og:image:height\" content=\"670\" \/>\n\t<meta property=\"og:image:type\" content=\"image\/jpeg\" \/>\n<meta name=\"author\" content=\"i l\" \/>\n<meta name=\"twitter:card\" content=\"summary_large_image\" \/>\n<meta name=\"twitter:label1\" content=\"Written by\" \/>\n\t<meta name=\"twitter:data1\" content=\"i l\" \/>\n\t<meta name=\"twitter:label2\" content=\"Est. reading time\" \/>\n\t<meta name=\"twitter:data2\" content=\"2 minutes\" \/>\n<script type=\"application\/ld+json\" class=\"yoast-schema-graph\">{\"@context\":\"https:\\\/\\\/schema.org\",\"@graph\":[{\"@type\":\"Article\",\"@id\":\"https:\\\/\\\/kosovatimes.info\\\/index.php\\\/2026\\\/04\\\/28\\\/orban-ofroi-doreheqjen-si-kryetar-i-partise\\\/#article\",\"isPartOf\":{\"@id\":\"https:\\\/\\\/kosovatimes.info\\\/index.php\\\/2026\\\/04\\\/28\\\/orban-ofroi-doreheqjen-si-kryetar-i-partise\\\/\"},\"author\":{\"name\":\"i l\",\"@id\":\"https:\\\/\\\/kosovatimes.info\\\/#\\\/schema\\\/person\\\/7586712b9c512fe68085de007378c915\"},\"headline\":\"Orb\u00e1n ofroi dor\u00ebheqjen si kryetar i partis\u00eb!?\",\"datePublished\":\"2026-04-28T16:26:34+00:00\",\"dateModified\":\"2026-04-28T16:26:36+00:00\",\"mainEntityOfPage\":{\"@id\":\"https:\\\/\\\/kosovatimes.info\\\/index.php\\\/2026\\\/04\\\/28\\\/orban-ofroi-doreheqjen-si-kryetar-i-partise\\\/\"},\"wordCount\":342,\"commentCount\":0,\"image\":{\"@id\":\"https:\\\/\\\/kosovatimes.info\\\/index.php\\\/2026\\\/04\\\/28\\\/orban-ofroi-doreheqjen-si-kryetar-i-partise\\\/#primaryimage\"},\"thumbnailUrl\":\"https:\\\/\\\/kosovatimes.info\\\/wp-content\\\/uploads\\\/2026\\\/04\\\/oran.jpg\",\"articleSection\":[\"Bot\u00eb\",\"Lajme\"],\"inLanguage\":\"en-US\",\"potentialAction\":[{\"@type\":\"CommentAction\",\"name\":\"Comment\",\"target\":[\"https:\\\/\\\/kosovatimes.info\\\/index.php\\\/2026\\\/04\\\/28\\\/orban-ofroi-doreheqjen-si-kryetar-i-partise\\\/#respond\"]}]},{\"@type\":\"WebPage\",\"@id\":\"https:\\\/\\\/kosovatimes.info\\\/index.php\\\/2026\\\/04\\\/28\\\/orban-ofroi-doreheqjen-si-kryetar-i-partise\\\/\",\"url\":\"https:\\\/\\\/kosovatimes.info\\\/index.php\\\/2026\\\/04\\\/28\\\/orban-ofroi-doreheqjen-si-kryetar-i-partise\\\/\",\"name\":\"Orb\u00e1n ofroi dor\u00ebheqjen si kryetar i partis\u00eb!? - Kosova Times\",\"isPartOf\":{\"@id\":\"https:\\\/\\\/kosovatimes.info\\\/#website\"},\"primaryImageOfPage\":{\"@id\":\"https:\\\/\\\/kosovatimes.info\\\/index.php\\\/2026\\\/04\\\/28\\\/orban-ofroi-doreheqjen-si-kryetar-i-partise\\\/#primaryimage\"},\"image\":{\"@id\":\"https:\\\/\\\/kosovatimes.info\\\/index.php\\\/2026\\\/04\\\/28\\\/orban-ofroi-doreheqjen-si-kryetar-i-partise\\\/#primaryimage\"},\"thumbnailUrl\":\"https:\\\/\\\/kosovatimes.info\\\/wp-content\\\/uploads\\\/2026\\\/04\\\/oran.jpg\",\"datePublished\":\"2026-04-28T16:26:34+00:00\",\"dateModified\":\"2026-04-28T16:26:36+00:00\",\"author\":{\"@id\":\"https:\\\/\\\/kosovatimes.info\\\/#\\\/schema\\\/person\\\/7586712b9c512fe68085de007378c915\"},\"breadcrumb\":{\"@id\":\"https:\\\/\\\/kosovatimes.info\\\/index.php\\\/2026\\\/04\\\/28\\\/orban-ofroi-doreheqjen-si-kryetar-i-partise\\\/#breadcrumb\"},\"inLanguage\":\"en-US\",\"potentialAction\":[{\"@type\":\"ReadAction\",\"target\":[\"https:\\\/\\\/kosovatimes.info\\\/index.php\\\/2026\\\/04\\\/28\\\/orban-ofroi-doreheqjen-si-kryetar-i-partise\\\/\"]}]},{\"@type\":\"ImageObject\",\"inLanguage\":\"en-US\",\"@id\":\"https:\\\/\\\/kosovatimes.info\\\/index.php\\\/2026\\\/04\\\/28\\\/orban-ofroi-doreheqjen-si-kryetar-i-partise\\\/#primaryimage\",\"url\":\"https:\\\/\\\/kosovatimes.info\\\/wp-content\\\/uploads\\\/2026\\\/04\\\/oran.jpg\",\"contentUrl\":\"https:\\\/\\\/kosovatimes.info\\\/wp-content\\\/uploads\\\/2026\\\/04\\\/oran.jpg\",\"width\":1280,\"height\":670},{\"@type\":\"BreadcrumbList\",\"@id\":\"https:\\\/\\\/kosovatimes.info\\\/index.php\\\/2026\\\/04\\\/28\\\/orban-ofroi-doreheqjen-si-kryetar-i-partise\\\/#breadcrumb\",\"itemListElement\":[{\"@type\":\"ListItem\",\"position\":1,\"name\":\"Home\",\"item\":\"https:\\\/\\\/kosovatimes.info\\\/\"},{\"@type\":\"ListItem\",\"position\":2,\"name\":\"Orb\u00e1n ofroi dor\u00ebheqjen si kryetar i partis\u00eb!?\"}]},{\"@type\":\"WebSite\",\"@id\":\"https:\\\/\\\/kosovatimes.info\\\/#website\",\"url\":\"https:\\\/\\\/kosovatimes.info\\\/\",\"name\":\"Kosova Times\",\"description\":\"\",\"potentialAction\":[{\"@type\":\"SearchAction\",\"target\":{\"@type\":\"EntryPoint\",\"urlTemplate\":\"https:\\\/\\\/kosovatimes.info\\\/?s={search_term_string}\"},\"query-input\":{\"@type\":\"PropertyValueSpecification\",\"valueRequired\":true,\"valueName\":\"search_term_string\"}}],\"inLanguage\":\"en-US\"},{\"@type\":\"Person\",\"@id\":\"https:\\\/\\\/kosovatimes.info\\\/#\\\/schema\\\/person\\\/7586712b9c512fe68085de007378c915\",\"name\":\"i l\",\"image\":{\"@type\":\"ImageObject\",\"inLanguage\":\"en-US\",\"@id\":\"https:\\\/\\\/secure.gravatar.com\\\/avatar\\\/bad9296e02816160ae2e2435beda58222022298d5625d49fea74d18816fbb31d?s=96&d=mm&r=g\",\"url\":\"https:\\\/\\\/secure.gravatar.com\\\/avatar\\\/bad9296e02816160ae2e2435beda58222022298d5625d49fea74d18816fbb31d?s=96&d=mm&r=g\",\"contentUrl\":\"https:\\\/\\\/secure.gravatar.com\\\/avatar\\\/bad9296e02816160ae2e2435beda58222022298d5625d49fea74d18816fbb31d?s=96&d=mm&r=g\",\"caption\":\"i l\"},\"url\":\"https:\\\/\\\/kosovatimes.info\\\/index.php\\\/author\\\/iliri\\\/\"}]}<\/script>\n<!-- \/ Yoast SEO plugin. -->","yoast_head_json":{"title":"Orb\u00e1n ofroi dor\u00ebheqjen si kryetar i partis\u00eb!? - Kosova Times","robots":{"index":"index","follow":"follow","max-snippet":"max-snippet:-1","max-image-preview":"max-image-preview:large","max-video-preview":"max-video-preview:-1"},"canonical":"https:\/\/kosovatimes.info\/index.php\/2026\/04\/28\/orban-ofroi-doreheqjen-si-kryetar-i-partise\/","og_locale":"en_US","og_type":"article","og_title":"Orb\u00e1n ofroi dor\u00ebheqjen si kryetar i partis\u00eb!? - Kosova Times","og_description":"Kryeministri hungarez n\u00eb largim,&nbsp;Viktor Orb\u00e1n,&nbsp;ofroi t\u00eb jepte dor\u00ebheqjen si kreu i partis\u00eb s\u00eb tij t\u00eb krahut t\u00eb djatht\u00eb Fidesz t\u00eb mart\u00ebn dhe kongresi i partis\u00eb n\u00eb qershor do t\u00eb vendos\u00eb n\u00ebse do ta pranoj\u00eb at\u00eb, tha nj\u00eb deputet i partis\u00eb p\u00ebr mediat lokale. Tisa, nj\u00eb parti e qendr\u00ebs s\u00eb djatht\u00eb e udh\u00ebhequr nga&nbsp;Peter Magyar&nbsp;, mundi [&hellip;]","og_url":"https:\/\/kosovatimes.info\/index.php\/2026\/04\/28\/orban-ofroi-doreheqjen-si-kryetar-i-partise\/","og_site_name":"Kosova Times","article_published_time":"2026-04-28T16:26:34+00:00","article_modified_time":"2026-04-28T16:26:36+00:00","og_image":[{"width":1280,"height":670,"url":"https:\/\/kosovatimes.info\/wp-content\/uploads\/2026\/04\/oran.jpg","type":"image\/jpeg"}],"author":"i l","twitter_card":"summary_large_image","twitter_misc":{"Written by":"i l","Est. reading time":"2 minutes"},"schema":{"@context":"https:\/\/schema.org","@graph":[{"@type":"Article","@id":"https:\/\/kosovatimes.info\/index.php\/2026\/04\/28\/orban-ofroi-doreheqjen-si-kryetar-i-partise\/#article","isPartOf":{"@id":"https:\/\/kosovatimes.info\/index.php\/2026\/04\/28\/orban-ofroi-doreheqjen-si-kryetar-i-partise\/"},"author":{"name":"i l","@id":"https:\/\/kosovatimes.info\/#\/schema\/person\/7586712b9c512fe68085de007378c915"},"headline":"Orb\u00e1n ofroi dor\u00ebheqjen si kryetar i partis\u00eb!?","datePublished":"2026-04-28T16:26:34+00:00","dateModified":"2026-04-28T16:26:36+00:00","mainEntityOfPage":{"@id":"https:\/\/kosovatimes.info\/index.php\/2026\/04\/28\/orban-ofroi-doreheqjen-si-kryetar-i-partise\/"},"wordCount":342,"commentCount":0,"image":{"@id":"https:\/\/kosovatimes.info\/index.php\/2026\/04\/28\/orban-ofroi-doreheqjen-si-kryetar-i-partise\/#primaryimage"},"thumbnailUrl":"https:\/\/kosovatimes.info\/wp-content\/uploads\/2026\/04\/oran.jpg","articleSection":["Bot\u00eb","Lajme"],"inLanguage":"en-US","potentialAction":[{"@type":"CommentAction","name":"Comment","target":["https:\/\/kosovatimes.info\/index.php\/2026\/04\/28\/orban-ofroi-doreheqjen-si-kryetar-i-partise\/#respond"]}]},{"@type":"WebPage","@id":"https:\/\/kosovatimes.info\/index.php\/2026\/04\/28\/orban-ofroi-doreheqjen-si-kryetar-i-partise\/","url":"https:\/\/kosovatimes.info\/index.php\/2026\/04\/28\/orban-ofroi-doreheqjen-si-kryetar-i-partise\/","name":"Orb\u00e1n ofroi dor\u00ebheqjen si kryetar i partis\u00eb!? - Kosova Times","isPartOf":{"@id":"https:\/\/kosovatimes.info\/#website"},"primaryImageOfPage":{"@id":"https:\/\/kosovatimes.info\/index.php\/2026\/04\/28\/orban-ofroi-doreheqjen-si-kryetar-i-partise\/#primaryimage"},"image":{"@id":"https:\/\/kosovatimes.info\/index.php\/2026\/04\/28\/orban-ofroi-doreheqjen-si-kryetar-i-partise\/#primaryimage"},"thumbnailUrl":"https:\/\/kosovatimes.info\/wp-content\/uploads\/2026\/04\/oran.jpg","datePublished":"2026-04-28T16:26:34+00:00","dateModified":"2026-04-28T16:26:36+00:00","author":{"@id":"https:\/\/kosovatimes.info\/#\/schema\/person\/7586712b9c512fe68085de007378c915"},"breadcrumb":{"@id":"https:\/\/kosovatimes.info\/index.php\/2026\/04\/28\/orban-ofroi-doreheqjen-si-kryetar-i-partise\/#breadcrumb"},"inLanguage":"en-US","potentialAction":[{"@type":"ReadAction","target":["https:\/\/kosovatimes.info\/index.php\/2026\/04\/28\/orban-ofroi-doreheqjen-si-kryetar-i-partise\/"]}]},{"@type":"ImageObject","inLanguage":"en-US","@id":"https:\/\/kosovatimes.info\/index.php\/2026\/04\/28\/orban-ofroi-doreheqjen-si-kryetar-i-partise\/#primaryimage","url":"https:\/\/kosovatimes.info\/wp-content\/uploads\/2026\/04\/oran.jpg","contentUrl":"https:\/\/kosovatimes.info\/wp-content\/uploads\/2026\/04\/oran.jpg","width":1280,"height":670},{"@type":"BreadcrumbList","@id":"https:\/\/kosovatimes.info\/index.php\/2026\/04\/28\/orban-ofroi-doreheqjen-si-kryetar-i-partise\/#breadcrumb","itemListElement":[{"@type":"ListItem","position":1,"name":"Home","item":"https:\/\/kosovatimes.info\/"},{"@type":"ListItem","position":2,"name":"Orb\u00e1n ofroi dor\u00ebheqjen si kryetar i partis\u00eb!?"}]},{"@type":"WebSite","@id":"https:\/\/kosovatimes.info\/#website","url":"https:\/\/kosovatimes.info\/","name":"Kosova Times","description":"","potentialAction":[{"@type":"SearchAction","target":{"@type":"EntryPoint","urlTemplate":"https:\/\/kosovatimes.info\/?s={search_term_string}"},"query-input":{"@type":"PropertyValueSpecification","valueRequired":true,"valueName":"search_term_string"}}],"inLanguage":"en-US"},{"@type":"Person","@id":"https:\/\/kosovatimes.info\/#\/schema\/person\/7586712b9c512fe68085de007378c915","name":"i l","image":{"@type":"ImageObject","inLanguage":"en-US","@id":"https:\/\/secure.gravatar.com\/avatar\/bad9296e02816160ae2e2435beda58222022298d5625d49fea74d18816fbb31d?s=96&d=mm&r=g","url":"https:\/\/secure.gravatar.com\/avatar\/bad9296e02816160ae2e2435beda58222022298d5625d49fea74d18816fbb31d?s=96&d=mm&r=g","contentUrl":"https:\/\/secure.gravatar.com\/avatar\/bad9296e02816160ae2e2435beda58222022298d5625d49fea74d18816fbb31d?s=96&d=mm&r=g","caption":"i l"},"url":"https:\/\/kosovatimes.info\/index.php\/author\/iliri\/"}]}},"_links":{"self":[{"href":"https:\/\/kosovatimes.info\/index.php\/wp-json\/wp\/v2\/posts\/12245","targetHints":{"allow":["GET"]}}],"collection":[{"href":"https:\/\/kosovatimes.info\/index.php\/wp-json\/wp\/v2\/posts"}],"about":[{"href":"https:\/\/kosovatimes.info\/index.php\/wp-json\/wp\/v2\/types\/post"}],"author":[{"embeddable":true,"href":"https:\/\/kosovatimes.info\/index.php\/wp-json\/wp\/v2\/users\/4"}],"replies":[{"embeddable":true,"href":"https:\/\/kosovatimes.info\/index.php\/wp-json\/wp\/v2\/comments?post=12245"}],"version-history":[{"count":1,"href":"https:\/\/kosovatimes.info\/index.php\/wp-json\/wp\/v2\/posts\/12245\/revisions"}],"predecessor-version":[{"id":12247,"href":"https:\/\/kosovatimes.info\/index.php\/wp-json\/wp\/v2\/posts\/12245\/revisions\/12247"}],"wp:featuredmedia":[{"embeddable":true,"href":"https:\/\/kosovatimes.info\/index.php\/wp-json\/wp\/v2\/media\/12246"}],"wp:attachment":[{"href":"https:\/\/kosovatimes.info\/index.php\/wp-json\/wp\/v2\/media?parent=12245"}],"wp:term":[{"taxonomy":"category","embeddable":true,"href":"https:\/\/kosovatimes.info\/index.php\/wp-json\/wp\/v2\/categories?post=12245"},{"taxonomy":"post_tag","embeddable":true,"href":"https:\/\/kosovatimes.info\/index.php\/wp-json\/wp\/v2\/tags?post=12245"}],"curies":[{"name":"wp","href":"https:\/\/api.w.org\/{rel}","templated":true}]}}