{"id":12251,"date":"2026-04-28T18:32:16","date_gmt":"2026-04-28T16:32:16","guid":{"rendered":"https:\/\/kosovatimes.info\/?p=12251"},"modified":"2026-04-28T18:33:05","modified_gmt":"2026-04-28T16:33:05","slug":"si-elitat-e-pasura-ashtu-edhe-te-rinjte-po-humbasin-durimin-te-dhena-alarmante-rreth-vleresimit-te-putinit-kane-mberritur-per-regjimin","status":"publish","type":"post","link":"https:\/\/kosovatimes.info\/index.php\/2026\/04\/28\/si-elitat-e-pasura-ashtu-edhe-te-rinjte-po-humbasin-durimin-te-dhena-alarmante-rreth-vleresimit-te-putinit-kane-mberritur-per-regjimin\/","title":{"rendered":"Si elitat e pasura ashtu edhe t\u00eb rinjt\u00eb po humbasin durimin, t\u00eb dh\u00ebna alarmante rreth vler\u00ebsimit t\u00eb Putinit !"},"content":{"rendered":"\n<p>Lufta kund\u00ebr Ukrain\u00ebs ka hyr\u00eb tashm\u00eb n\u00eb vitin e saj t\u00eb pest\u00eb, negociatat jan\u00eb n\u00eb ng\u00ebr\u00e7, sanksionet po e godasin vendin gjithnj\u00eb e m\u00eb fort, vler\u00ebsimi i udh\u00ebheq\u00ebsit rus&nbsp;<strong>Vladimir Putin po bie dhe qytetar\u00ebt rus\u00eb po shprehin gjithnj\u00eb e m\u00eb hapur d\u00ebshp\u00ebrimin &#8211; k\u00ebshtu e p\u00ebrmbledh&nbsp;<\/strong><a href=\"https:\/\/www.washingtonpost.com\/world\/2026\/04\/26\/russia-public-despair-war-ukraine\/\" target=\"_blank\" rel=\"noreferrer noopener\">Washington Post<\/a>&nbsp;situat\u00ebn n\u00eb Rusi n\u00eb fillim t\u00eb analiz\u00ebs&nbsp;.<\/p>\n\n\n\n<p>Putini po p\u00ebrballet me pak\u00ebnaq\u00ebsi n\u00eb rritje midis shtresave t\u00eb gjera t\u00eb shoq\u00ebris\u00eb ruse, nd\u00ebrsa lufta kund\u00ebr Ukrain\u00ebs zgjatet pafund\u00ebsisht, ekonomia l\u00ebkundet dhe pak\u00ebnaq\u00ebsia publike rritet p\u00ebr shkak t\u00eb kufizimeve qeveritare n\u00eb aksesin n\u00eb internet. Qendra m\u00eb e madhe shtet\u00ebrore e sondazheve n\u00eb Rusi, Qendra Ruse p\u00ebr K\u00ebrkimin e Opinionit Publik, regjistroi t\u00eb premten se vler\u00ebsimi i miratimit t\u00eb Putinit kishte r\u00ebn\u00eb n\u00eb 65.6 p\u00ebrqind, q\u00eb nga nj\u00eb k\u00ebndv\u00ebshtrim per\u00ebndimor \u00ebsht\u00eb nj\u00eb mb\u00ebshtetje e madhe, por n\u00eb t\u00eb nj\u00ebjt\u00ebn koh\u00eb \u00ebsht\u00eb niveli m\u00eb i ul\u00ebt i mb\u00ebshtetjes s\u00eb tij q\u00eb nga fillimi i luft\u00ebs dhe p\u00ebrfaq\u00ebson nj\u00eb r\u00ebnie prej 12.2 pik\u00ebsh p\u00ebrqindjeje q\u00eb nga fillimi i vitit.<\/p>\n\n\n\n<figure class=\"wp-block-image\"><a class=\"se__anchor image-popup-vertical-fit open-gallery--photoswipe-embed photoswipe-event\" href=\"https:\/\/media.jutarnji.hr\/images\/slike\/2026\/04\/28\/26675845.jpg\"><img decoding=\"async\" src=\"https:\/\/media.jutarnji.hr\/images\/slike\/2026\/04\/28\/26675845.jpg?1777388317\" alt=\"imazh\"\/><\/a><\/figure>\n\n\n\n<p>\u00cbsht\u00eb shum\u00eb e v\u00ebshtir\u00eb t\u00eb p\u00ebrcaktohet gjendja reale e opinionit publik n\u00eb nj\u00eb regjim autoritar q\u00eb p\u00ebrjashton, burgos ose edhe vret kund\u00ebrshtar\u00ebt politik\u00eb dhe n\u00eb t\u00eb cilin kritika ndaj luft\u00ebs \u00ebsht\u00eb e paligjshme, por krahasuar me vler\u00ebsimin historik t\u00eb Putinit &#8211; i cili arriti n\u00eb 88 p\u00ebrqind &#8211; r\u00ebnia n\u00eb sondazhe tregon lodhje n\u00eb rritje me luft\u00ebn, si dhe ngecjen e negociatave p\u00ebr ta p\u00ebrfunduar at\u00eb, nd\u00ebrsa administrata&nbsp;<strong>e Donald Trump<\/strong>&nbsp;p\u00ebrqendrohet te Irani.<\/p>\n\n\n\n<h3 class=\"wp-block-heading\">&#8216;T\u00eb gjith\u00eb kan\u00eb pasur mjaftuesh\u00ebm&#8217;<\/h3>\n\n\n\n<p>Sanksionet ekonomike po e godasin gjithnj\u00eb e m\u00eb shum\u00eb ekonomin\u00eb ruse, duke i d\u00ebmtuar qytetar\u00ebt n\u00eb xhepa, dhe p\u00ebrpjekjet e qeveris\u00eb p\u00ebr t\u00eb kufizuar aksesin n\u00eb internet, duke p\u00ebrmendur arsye sigurie, po shkaktojn\u00eb pak\u00ebnaq\u00ebsi n\u00eb nj\u00eb shoq\u00ebri q\u00eb prej koh\u00ebsh ka g\u00ebzuar nj\u00eb nivel t\u00eb lart\u00eb dixhitalizimi.&#8221;Atmosfera e p\u00ebrgjithshme \u00ebsht\u00eb se mjaft \u00ebsht\u00eb mjaft &#8211; kemi luftuar p\u00ebr shum\u00eb koh\u00eb&#8221;, tha nj\u00eb zyrtar rus, i cili foli n\u00eb kushte anonimiteti nga frika e hakmarrjes. &#8220;T\u00eb gjith\u00ebve u duket se kjo ka vazhduar m\u00eb gjat\u00eb se Lufta e Dyt\u00eb Bot\u00ebrore, Lufta e Madhe Patriotike, dhe n\u00eb t\u00eb nj\u00ebjt\u00ebn koh\u00eb nuk mund t\u00eb marrim asnj\u00eb rajon t\u00eb vet\u00ebm&#8221;, \u200b\u200bshtoi ai, duke treguar paaft\u00ebsin\u00eb e Rusis\u00eb p\u00ebr t\u00eb marr\u00eb kontrollin e plot\u00eb t\u00eb rajonit t\u00eb Donetskut n\u00eb Ukrain\u00ebn lindore q\u00eb nga fillimi i nj\u00eb pushtimi n\u00eb shkall\u00eb t\u00eb plot\u00eb n\u00eb vitin 2022.<\/p>\n\n\n\n<figure class=\"wp-block-image\"><a class=\"se__anchor image-popup-vertical-fit open-gallery--photoswipe-embed photoswipe-event\" href=\"https:\/\/media.jutarnji.hr\/images\/slike\/2026\/04\/28\/38738123.jpg\"><img decoding=\"async\" src=\"https:\/\/media.jutarnji.hr\/images\/slike\/2026\/04\/28\/38738123.jpg?1777388317\" alt=\"imazh\"\/><\/a><\/figure>\n\n\n\n<p>N\u00eb jav\u00ebt e fundit, qeveria e Putinit \u00ebsht\u00eb p\u00ebrballur me kritika t\u00eb pazakonta t\u00eb hapura dhe t\u00eb ashpra nga an\u00ebtar\u00ebt e elit\u00ebs s\u00eb pasur t\u00eb Rusis\u00eb p\u00ebr m\u00ebnyr\u00ebn se si e ka trajtuar ekonomin\u00eb, e cila u tkurr me 1.8 p\u00ebrqind n\u00eb dy muajt e par\u00eb t\u00eb vitit, nd\u00ebrsa sanksionet m\u00eb t\u00eb ashpra dhe normat e larta t\u00eb interesit &#8211; t\u00eb vendosura p\u00ebr t\u00eb frenuar inflacionin &#8211; vazhdojn\u00eb t\u00eb pengojn\u00eb investimet dhe \u00e7uan n\u00eb nj\u00eb rekord prej 109 miliard\u00eb dollar\u00ebsh n\u00eb fatura tregtare t\u00eb papaguara n\u00eb janar, sipas t\u00eb dh\u00ebnave nga agjencia federale e statistikave t\u00eb Rusis\u00eb, Rosstat. Nd\u00ebrkoh\u00eb, numri i kompanive q\u00eb i detyrohen taksa shtetit u rrit n\u00eb 439,900, sipas firm\u00ebs ruse Aktion Accounting.<\/p>\n\n\n\n<p>Nj\u00ebri pas tjetrit, biznesmen\u00ebt dhe ekonomist\u00ebt q\u00eb mor\u00ebn pjes\u00eb n\u00eb nj\u00eb forum ekonomik n\u00eb Mosk\u00eb n\u00eb fillim t\u00eb k\u00ebtij muaji kritikuan qeverin\u00eb p\u00ebr r\u00ebnien ekonomike. &#8220;Njer\u00ebzit n\u00eb krye e kan\u00eb humbur plot\u00ebsisht kontaktin me realitetin n\u00eb terren, n\u00eb ekonomi&#8221;, tha&nbsp;<strong>Vladimir Bogalev<\/strong>&nbsp;, kreu i nj\u00eb prodhuesi rus t\u00eb traktor\u00ebve, sipas pamjeve nga forumi. Ata q\u00eb jan\u00eb n\u00eb pushtet po &#8220;diskreditojn\u00eb&#8221; n\u00eb m\u00ebnyr\u00eb aktive veten, shtoi ai.<\/p>\n\n\n\n<h3 class=\"wp-block-heading\">Tregues shqet\u00ebsues<\/h3>\n\n\n\n<p><strong>Robert Nigmatulin<\/strong>&nbsp;, nj\u00eb ekonomist n\u00eb Akademin\u00eb Ruse t\u00eb Shkencave, deklaroi n\u00eb forum se Rusia \u00ebsht\u00eb shum\u00eb prapa Kin\u00ebs dhe se inflacioni e ka tejkaluar shum\u00eb rritjen ekonomike. &#8220;Ne kemi humbur gjith\u00e7ka dhe jemi ende m\u00eb t\u00eb varfrit. Edhe n\u00eb rajonet m\u00eb t\u00eb varfra t\u00eb Kin\u00ebs, t\u00eb ardhurat jan\u00eb m\u00eb t\u00eb larta se n\u00eb tonat&#8221;, tha ai. &#8220;Rritja e PBB-s\u00eb q\u00eb nga viti 2015 &#8211; dometh\u00ebn\u00eb 11 vjet &#8211; \u00ebsht\u00eb rreth 1.5 p\u00ebrqind n\u00eb vit. A e dini se sa jan\u00eb rritur \u00e7mimet e konsumit? Shtat\u00ebdhjet\u00eb e shtat\u00eb p\u00ebrqind&#8221;, paralajm\u00ebroi ai. &#8220;A mund t\u00eb investojm\u00eb n\u00eb nj\u00eb vend me k\u00ebt\u00eb lloj lidershipi? Kjo nuk \u00ebsht\u00eb m\u00ebnyra se si drejtohet ekonomia&#8221;, tha ai me ashp\u00ebrsi.<\/p>\n\n\n\n<p>Nd\u00ebrkoh\u00eb, nj\u00eb video e postuar nga influencuesja me baz\u00eb n\u00eb Monako,\u00a0<strong>Viktoriya Bonya,<\/strong>\u00a0ku kritikon kufizimet e internetit dhe keqmenaxhimin e problemeve t\u00eb tjera me t\u00eb cilat p\u00ebrballen rus\u00ebt e zakonsh\u00ebm \u00ebsht\u00eb b\u00ebr\u00eb virale, duke e detyruar Kremlinin t\u00eb p\u00ebrgjigjet duke th\u00ebn\u00eb se po &#8220;punon n\u00eb m\u00ebnyr\u00eb aktive&#8221; p\u00ebr t\u00eb gjitha k\u00ebto \u00e7\u00ebshtje.\u00a0<strong>Gennady Zyuganov<\/strong>\u00a0, udh\u00ebheq\u00ebsi prej koh\u00ebsh i Partis\u00eb Komuniste t\u00eb Rusis\u00eb, shkoi nj\u00eb hap m\u00eb tej gjat\u00eb nj\u00eb fjalimi n\u00eb parlament jav\u00ebn e kaluar, duke paralajm\u00ebruar se &#8220;kolapsi ekonomik \u00ebsht\u00eb i pashmangsh\u00ebm&#8221; n\u00ebse problemet nuk adresohen. &#8220;Deri n\u00eb vjesht\u00eb, do t\u00eb p\u00ebrballemi me at\u00eb q\u00eb ndodhi n\u00eb vitin 1917&#8221;, tha ai, duke aluduar n\u00eb Revolucionin Bolshevik.<\/p>\n\n\n\n<figure class=\"wp-block-image\"><a class=\"se__anchor image-popup-vertical-fit open-gallery--photoswipe-embed photoswipe-event\" href=\"https:\/\/media.jutarnji.hr\/images\/slike\/2026\/04\/28\/38586467.jpg\"><img decoding=\"async\" src=\"https:\/\/media.jutarnji.hr\/images\/slike\/2026\/04\/28\/38586467.jpg?1777388317\" alt=\"imazh\"\/><\/a><\/figure>\n\n\n\n<p>Sanksionet dhe shpenzimet e larta ushtarake e kan\u00eb rritur inflacionin, duke e detyruar bank\u00ebn qendrore t\u00eb rris\u00eb normat e interesit mbi 20 p\u00ebrqind p\u00ebr t\u00eb ftohur ekonomin\u00eb. Edhe pse normat jan\u00eb ulur q\u00eb at\u00ebher\u00eb n\u00eb 14.5 p\u00ebrqind, ekonomist\u00ebt po paralajm\u00ebrojn\u00eb gjithnj\u00eb e m\u00eb shum\u00eb p\u00ebr nj\u00eb &#8220;ftohje t\u00eb tep\u00ebrt&#8221; t\u00eb ekonomis\u00eb dhe nj\u00eb recesion. Ministri rus i Zhvillimit Ekonomik,&nbsp;<strong>Maxim Reshetnikov,<\/strong>&nbsp;tha jav\u00ebn e kaluar se rezervat e Rusis\u00eb ishin &#8220;kryesisht t\u00eb shteruara&#8221;, dhe madje Putin pranoi publikisht n\u00eb fillim t\u00eb k\u00ebtij muaji se ekonomia po vuante dhe i b\u00ebri thirrje bank\u00ebs qendrore dhe qeveris\u00eb t\u00eb shpjegojn\u00eb ngadal\u00ebsimin.<\/p>\n\n\n\n<p>Ekonomia ruse, e cila varet shum\u00eb nga t\u00eb ardhurat nga nafta, ka gjetur p\u00ebrkoh\u00ebsisht nj\u00eb pushim nga rritja e \u00e7mimeve t\u00eb naft\u00ebs e shkaktuar nga lufta SHBA-Izrael kund\u00ebr Iranit, por ekonomist\u00ebt thon\u00eb se vet\u00ebm nj\u00eb periudh\u00eb e zgjatur dhe e q\u00ebndrueshme me \u00e7mime t\u00eb larta do t&#8217;i lejonte Rusis\u00eb t\u00eb balanconte buxhetin e saj. &#8220;Aktualisht, ekonomia ruse \u00ebsht\u00eb n\u00eb nj\u00eb lloj zone muzgu midis efekteve pozitive q\u00eb mund t\u00eb priten nga mbyllja e Ngushtic\u00ebs s\u00eb Hormuzit dhe \u00e7mimeve t\u00eb larta t\u00eb l\u00ebnd\u00ebve t\u00eb para, dhe, nga ana tjet\u00ebr, dinamik\u00ebs ekonomike t\u00eb vet\u00eb Rusis\u00eb, e cila \u00ebsht\u00eb p\u00ebrkeq\u00ebsuar ndjesh\u00ebm n\u00eb muajt e fundit&#8221;, tha&nbsp;<strong>Janis Kluge<\/strong>&nbsp;, nj\u00eb ekonomist n\u00eb Institutin Gjerman p\u00ebr \u00c7\u00ebshtje Nd\u00ebrkomb\u00ebtare dhe t\u00eb Siguris\u00eb, si\u00e7 raportohet nga WP.<\/p>\n\n\n\n<h3 class=\"wp-block-heading\">&#8216;Kemi paralajm\u00ebruar prej koh\u00ebsh&#8217;<\/h3>\n\n\n\n<p>P\u00ebrve\u00e7 k\u00ebsaj, rritja e sulmeve me dron\u00eb ukrainas\u00eb ndaj porteve dhe rafinerive ruse e detyroi Rusin\u00eb t\u00eb ul\u00eb prodhimin e naft\u00ebs me 300,000 deri n\u00eb 400,000 fu\u00e7i n\u00eb dit\u00eb n\u00eb prill, raportoi Reuters, gj\u00eb q\u00eb mund t\u00eb ul\u00eb ndjesh\u00ebm disa nga t\u00eb ardhurat q\u00eb Moska priste nga \u00e7mimet m\u00eb t\u00eb larta dhe nj\u00eb leht\u00ebsim i p\u00ebrkohsh\u00ebm i sanksioneve ndaj naft\u00ebs ruse nga Presidenti i SHBA-s\u00eb, Donald Trump. &#8220;Problemet po rriten dhe ne kemi paralajm\u00ebruar p\u00ebr nj\u00eb koh\u00eb t\u00eb gjat\u00eb se kjo koh\u00eb do t\u00eb vij\u00eb&#8221;, tha nj\u00eb akademik rus i af\u00ebrt me diplomat\u00eb t\u00eb lart\u00eb. Nd\u00ebrsa qytetar\u00ebt detyrohen t\u00eb ulin shpenzimet baz\u00eb dhe kufizimet e internetit prishin jet\u00ebn e p\u00ebrditshme, analist\u00ebt thon\u00eb se po shfaqen p\u00ebr\u00e7arje n\u00eb t\u00eb gjith\u00eb sektor\u00ebt e shoq\u00ebris\u00eb.<\/p>\n\n\n\n<figure class=\"wp-block-image\"><a class=\"se__anchor image-popup-vertical-fit open-gallery--photoswipe-embed photoswipe-event\" href=\"https:\/\/media.jutarnji.hr\/images\/slike\/2026\/04\/28\/38733745.jpg\"><img decoding=\"async\" src=\"https:\/\/media.jutarnji.hr\/images\/slike\/2026\/04\/28\/38733745.jpg?1777388317\" alt=\"imazh\"\/><\/a><\/figure>\n\n\n\n<p>&#8220;Pak\u00ebnaq\u00ebsia \u00ebsht\u00eb shum\u00eb e lart\u00eb&#8221;, thot\u00eb&nbsp;<strong>Tatyana Stanovaya<\/strong>&nbsp;, nj\u00eb shkenc\u00ebtare e shquar politike ruse dhe bashk\u00ebpun\u00ebtore e lart\u00eb n\u00eb Qendr\u00ebn Carnegie p\u00ebr Rusin\u00eb dhe Euroazin\u00eb n\u00eb Berlin. &#8220;Lufta \u00ebsht\u00eb zvarritur dhe ka sjell\u00eb v\u00ebshtir\u00ebsi financiare, nd\u00ebrsa t\u00eb rinjt\u00eb jan\u00eb t\u00eb pak\u00ebnaqur sepse jan\u00eb t\u00eb shk\u00ebputur nga mjedisi i tyre i zakonsh\u00ebm i mediave sociale. Kudo q\u00eb shikon, ka probleme&#8230; dhe se ku do t\u00eb \u00e7oj\u00eb kjo \u00ebsht\u00eb e v\u00ebshtir\u00eb t\u00eb thuhet&#8221;, thot\u00eb Stanovaya. &#8220;Njer\u00ebzit tani po fillojn\u00eb t\u00eb flasin m\u00eb me guxim&#8221;, shton ajo, por paralajm\u00ebron se autoritetet ka t\u00eb ngjar\u00eb t\u00eb reagojn\u00eb me shtypje shtes\u00eb dhe se nuk ka shenja se regjimi po humbet kontrollin.<\/p>\n\n\n\n<p><strong>Mikhail Khodorkovsky<\/strong>&nbsp;, dikur njeriu m\u00eb i pasur i Rusis\u00eb dhe tani nj\u00eb figur\u00eb kryesore e opozit\u00ebs me seli n\u00eb Lond\u00ebr, thot\u00eb se vrulli fillestar patriotik \u00ebsht\u00eb zbehur p\u00ebr shkak t\u00eb luft\u00ebs. &#8220;Lufta ka vazhduar p\u00ebr nj\u00eb koh\u00eb shum\u00eb t\u00eb gjat\u00eb dhe nuk ka ndryshime t\u00eb qarta&#8230; Fakti q\u00eb ata kan\u00eb pushtuar ose humbur tre fshatra nuk do t\u00eb thot\u00eb shum\u00eb&#8221;, thot\u00eb Khodorkovsky.<\/p>\n\n\n\n<p>P\u00ebr disa n\u00eb Rusi, vendimi n\u00eb dukje arbitrar i Donald Trump p\u00ebr t\u00eb shkuar n\u00eb luft\u00eb me Iranin ofron justifikim p\u00ebr luft\u00ebn e Putinit me Ukrain\u00ebn dhe mund ta inkurajoj\u00eb Kremlinin t\u00eb ndjek\u00eb q\u00ebllimet e tij ushtarake, ve\u00e7an\u00ebrisht pushtimin e Donetskut. &#8220;T\u00eb gjith\u00eb besojn\u00eb se lufta n\u00eb Gjirin Persik i jep Rusis\u00eb dhe Putinit nj\u00eb mund\u00ebsi p\u00ebr t\u00eb luftuar Ukrain\u00ebn m\u00eb gjat\u00eb dhe p\u00ebr t\u00eb pushtuar m\u00eb shum\u00eb territor&#8221;, tha nj\u00eb biznesmen nga Moska, sipas&nbsp;<a href=\"https:\/\/www.washingtonpost.com\/world\/2026\/04\/26\/russia-public-despair-war-ukraine\/\" target=\"_blank\" rel=\"noreferrer noopener\">WP<\/a>&nbsp;. &#8220;Askush nuk e di se sa do t\u00eb zgjas\u00eb lufta, dhe nga ana tjet\u00ebr, njer\u00ebzit kan\u00eb gjithnj\u00eb e m\u00eb shum\u00eb frik\u00eb se shteti do t&#8217;u marr\u00eb gjithnj\u00eb e m\u00eb shum\u00eb.&#8221;<\/p>\n\n\n\n<h3 class=\"wp-block-heading\">Askush nuk d\u00ebshiron ta lidh\u00eb t\u00eb ardhmen e vet me Rusin\u00eb<\/h3>\n\n\n\n<p>N\u00eb nj\u00eb kontekst t\u00eb till\u00eb, d\u00ebshp\u00ebrimi po rritet, ve\u00e7an\u00ebrisht p\u00ebr shkak t\u00eb kufizimeve n\u00eb internet q\u00eb sjellin kujtime t\u00eb forta t\u00eb represionit sovjetik. &#8220;Njer\u00ebz si ne jan\u00eb shum\u00eb t\u00eb shqet\u00ebsuar sepse kemi lindur n\u00eb nj\u00eb vend nga i cili nuk mund t\u00eb largoheshe&#8221;, thot\u00eb&nbsp;<strong>Tatyana<\/strong>&nbsp;, 53 vje\u00e7 , menaxhere n\u00eb nj\u00eb kompani logjistike. &#8220;Ne jetuam pas Perdes s\u00eb Hekurt dikur m\u00eb par\u00eb dhe ishim t\u00eb sigurt se kjo nuk do t\u00eb ndodhte m\u00eb kurr\u00eb. Por ndodhi. Tani kemi nj\u00eb Perde t\u00eb Hekurt dixhitale&#8221;, thot\u00eb ajo.<\/p>\n\n\n\n<p>T\u00eb tjer\u00eb, nga ana tjet\u00ebr, theksojn\u00eb situat\u00ebn e zymt\u00eb ekonomike. &#8220;Nga nj\u00eb perspektiv\u00eb biznesi, gjith\u00e7ka \u00ebsht\u00eb nj\u00eb kaos i plot\u00eb &#8211; shitjet kan\u00eb r\u00ebn\u00eb, njer\u00ebzit kan\u00eb gjithnj\u00eb e m\u00eb pak para, ka shum\u00eb m\u00eb pak njer\u00ebz n\u00eb qendrat tregtare, \u00e7mimet jan\u00eb dyfishuar dhe frutat dhe perimet jan\u00eb trefishuar&#8221;, thot\u00eb 46-vje\u00e7arja\u00a0<strong>Irina<\/strong>\u00a0, nj\u00eb menaxhere shitjesh. &#8220;Faturat e sh\u00ebrbimeve jan\u00eb rritur dhe taksat jan\u00eb rritur&#8221;, shton ai.<strong>Igori<\/strong>\u00a0, nj\u00eb student 19-vje\u00e7ar, p\u00ebrshkruan nj\u00eb ndjenj\u00eb n\u00eb rritje t\u00eb pashpres\u00ebs n\u00eb shoq\u00ebri. &#8220;N\u00eb p\u00ebrgjith\u00ebsi, si un\u00eb ashtu edhe njer\u00ebzit q\u00eb njoh ndiejm\u00eb nj\u00eb pafuqi t\u00eb plot\u00eb &#8211; sikur asgj\u00eb nuk mund t\u00eb ndryshoj\u00eb&#8221;, tha ai. &#8220;T\u00eb gjith\u00eb duan t\u00eb largohen, por shumica nuk e kan\u00eb k\u00ebt\u00eb mund\u00ebsi. Askush nuk d\u00ebshiron ta lidh\u00eb t\u00eb ardhmen e tij me k\u00ebt\u00eb vend. Jeta k\u00ebtu \u00ebsht\u00eb e v\u00ebshtir\u00eb, e kushtueshme dhe e zymt\u00eb&#8221;, p\u00ebrfundoi Igori, sipas Washington Post.<\/p>\n","protected":false},"excerpt":{"rendered":"<p>Lufta kund\u00ebr Ukrain\u00ebs ka hyr\u00eb tashm\u00eb n\u00eb vitin e saj t\u00eb pest\u00eb, negociatat jan\u00eb n\u00eb ng\u00ebr\u00e7, sanksionet po e godasin vendin gjithnj\u00eb e m\u00eb fort, vler\u00ebsimi i udh\u00ebheq\u00ebsit rus&nbsp;Vladimir Putin po bie dhe qytetar\u00ebt rus\u00eb po shprehin gjithnj\u00eb e m\u00eb hapur d\u00ebshp\u00ebrimin &#8211; k\u00ebshtu e p\u00ebrmbledh&nbsp;Washington Post&nbsp;situat\u00ebn n\u00eb Rusi n\u00eb fillim t\u00eb analiz\u00ebs&nbsp;. Putini po [&hellip;]<\/p>\n","protected":false},"author":4,"featured_media":12252,"comment_status":"open","ping_status":"open","sticky":false,"template":"","format":"standard","meta":{"footnotes":""},"categories":[33,30],"tags":[],"class_list":{"0":"post-12251","1":"post","2":"type-post","3":"status-publish","4":"format-standard","5":"has-post-thumbnail","7":"category-bote","8":"category-lajme"},"yoast_head":"<!-- This site is optimized with the Yoast SEO plugin v27.4 - https:\/\/yoast.com\/product\/yoast-seo-wordpress\/ -->\n<title>Si elitat e pasura ashtu edhe t\u00eb rinjt\u00eb po humbasin durimin, t\u00eb dh\u00ebna alarmante rreth vler\u00ebsimit t\u00eb Putinit ! - Kosova Times<\/title>\n<meta name=\"robots\" content=\"index, follow, max-snippet:-1, max-image-preview:large, max-video-preview:-1\" \/>\n<link rel=\"canonical\" href=\"https:\/\/kosovatimes.info\/index.php\/2026\/04\/28\/si-elitat-e-pasura-ashtu-edhe-te-rinjte-po-humbasin-durimin-te-dhena-alarmante-rreth-vleresimit-te-putinit-kane-mberritur-per-regjimin\/\" \/>\n<meta property=\"og:locale\" content=\"en_US\" \/>\n<meta property=\"og:type\" content=\"article\" \/>\n<meta property=\"og:title\" content=\"Si elitat e pasura ashtu edhe t\u00eb rinjt\u00eb po humbasin durimin, t\u00eb dh\u00ebna alarmante rreth vler\u00ebsimit t\u00eb Putinit ! - Kosova Times\" \/>\n<meta property=\"og:description\" content=\"Lufta kund\u00ebr Ukrain\u00ebs ka hyr\u00eb tashm\u00eb n\u00eb vitin e saj t\u00eb pest\u00eb, negociatat jan\u00eb n\u00eb ng\u00ebr\u00e7, sanksionet po e godasin vendin gjithnj\u00eb e m\u00eb fort, vler\u00ebsimi i udh\u00ebheq\u00ebsit rus&nbsp;Vladimir Putin po bie dhe qytetar\u00ebt rus\u00eb po shprehin gjithnj\u00eb e m\u00eb hapur d\u00ebshp\u00ebrimin &#8211; k\u00ebshtu e p\u00ebrmbledh&nbsp;Washington Post&nbsp;situat\u00ebn n\u00eb Rusi n\u00eb fillim t\u00eb analiz\u00ebs&nbsp;. Putini po [&hellip;]\" \/>\n<meta property=\"og:url\" content=\"https:\/\/kosovatimes.info\/index.php\/2026\/04\/28\/si-elitat-e-pasura-ashtu-edhe-te-rinjte-po-humbasin-durimin-te-dhena-alarmante-rreth-vleresimit-te-putinit-kane-mberritur-per-regjimin\/\" \/>\n<meta property=\"og:site_name\" content=\"Kosova Times\" \/>\n<meta property=\"article:published_time\" content=\"2026-04-28T16:32:16+00:00\" \/>\n<meta property=\"article:modified_time\" content=\"2026-04-28T16:33:05+00:00\" \/>\n<meta property=\"og:image\" content=\"https:\/\/kosovatimes.info\/wp-content\/uploads\/2026\/04\/Puta-2.jpg\" \/>\n\t<meta property=\"og:image:width\" content=\"1280\" \/>\n\t<meta property=\"og:image:height\" content=\"670\" \/>\n\t<meta property=\"og:image:type\" content=\"image\/jpeg\" \/>\n<meta name=\"author\" content=\"i l\" \/>\n<meta name=\"twitter:card\" content=\"summary_large_image\" \/>\n<meta name=\"twitter:label1\" content=\"Written by\" \/>\n\t<meta name=\"twitter:data1\" content=\"i l\" \/>\n\t<meta name=\"twitter:label2\" content=\"Est. reading time\" \/>\n\t<meta name=\"twitter:data2\" content=\"9 minutes\" \/>\n<script type=\"application\/ld+json\" class=\"yoast-schema-graph\">{\"@context\":\"https:\\\/\\\/schema.org\",\"@graph\":[{\"@type\":\"Article\",\"@id\":\"https:\\\/\\\/kosovatimes.info\\\/index.php\\\/2026\\\/04\\\/28\\\/si-elitat-e-pasura-ashtu-edhe-te-rinjte-po-humbasin-durimin-te-dhena-alarmante-rreth-vleresimit-te-putinit-kane-mberritur-per-regjimin\\\/#article\",\"isPartOf\":{\"@id\":\"https:\\\/\\\/kosovatimes.info\\\/index.php\\\/2026\\\/04\\\/28\\\/si-elitat-e-pasura-ashtu-edhe-te-rinjte-po-humbasin-durimin-te-dhena-alarmante-rreth-vleresimit-te-putinit-kane-mberritur-per-regjimin\\\/\"},\"author\":{\"name\":\"i l\",\"@id\":\"https:\\\/\\\/kosovatimes.info\\\/#\\\/schema\\\/person\\\/7586712b9c512fe68085de007378c915\"},\"headline\":\"Si elitat e pasura ashtu edhe t\u00eb rinjt\u00eb po humbasin durimin, t\u00eb dh\u00ebna alarmante rreth vler\u00ebsimit t\u00eb Putinit !\",\"datePublished\":\"2026-04-28T16:32:16+00:00\",\"dateModified\":\"2026-04-28T16:33:05+00:00\",\"mainEntityOfPage\":{\"@id\":\"https:\\\/\\\/kosovatimes.info\\\/index.php\\\/2026\\\/04\\\/28\\\/si-elitat-e-pasura-ashtu-edhe-te-rinjte-po-humbasin-durimin-te-dhena-alarmante-rreth-vleresimit-te-putinit-kane-mberritur-per-regjimin\\\/\"},\"wordCount\":1922,\"commentCount\":0,\"image\":{\"@id\":\"https:\\\/\\\/kosovatimes.info\\\/index.php\\\/2026\\\/04\\\/28\\\/si-elitat-e-pasura-ashtu-edhe-te-rinjte-po-humbasin-durimin-te-dhena-alarmante-rreth-vleresimit-te-putinit-kane-mberritur-per-regjimin\\\/#primaryimage\"},\"thumbnailUrl\":\"https:\\\/\\\/kosovatimes.info\\\/wp-content\\\/uploads\\\/2026\\\/04\\\/Puta-2.jpg\",\"articleSection\":[\"Bot\u00eb\",\"Lajme\"],\"inLanguage\":\"en-US\",\"potentialAction\":[{\"@type\":\"CommentAction\",\"name\":\"Comment\",\"target\":[\"https:\\\/\\\/kosovatimes.info\\\/index.php\\\/2026\\\/04\\\/28\\\/si-elitat-e-pasura-ashtu-edhe-te-rinjte-po-humbasin-durimin-te-dhena-alarmante-rreth-vleresimit-te-putinit-kane-mberritur-per-regjimin\\\/#respond\"]}]},{\"@type\":\"WebPage\",\"@id\":\"https:\\\/\\\/kosovatimes.info\\\/index.php\\\/2026\\\/04\\\/28\\\/si-elitat-e-pasura-ashtu-edhe-te-rinjte-po-humbasin-durimin-te-dhena-alarmante-rreth-vleresimit-te-putinit-kane-mberritur-per-regjimin\\\/\",\"url\":\"https:\\\/\\\/kosovatimes.info\\\/index.php\\\/2026\\\/04\\\/28\\\/si-elitat-e-pasura-ashtu-edhe-te-rinjte-po-humbasin-durimin-te-dhena-alarmante-rreth-vleresimit-te-putinit-kane-mberritur-per-regjimin\\\/\",\"name\":\"Si elitat e pasura ashtu edhe t\u00eb rinjt\u00eb po humbasin durimin, t\u00eb dh\u00ebna alarmante rreth vler\u00ebsimit t\u00eb Putinit ! - Kosova Times\",\"isPartOf\":{\"@id\":\"https:\\\/\\\/kosovatimes.info\\\/#website\"},\"primaryImageOfPage\":{\"@id\":\"https:\\\/\\\/kosovatimes.info\\\/index.php\\\/2026\\\/04\\\/28\\\/si-elitat-e-pasura-ashtu-edhe-te-rinjte-po-humbasin-durimin-te-dhena-alarmante-rreth-vleresimit-te-putinit-kane-mberritur-per-regjimin\\\/#primaryimage\"},\"image\":{\"@id\":\"https:\\\/\\\/kosovatimes.info\\\/index.php\\\/2026\\\/04\\\/28\\\/si-elitat-e-pasura-ashtu-edhe-te-rinjte-po-humbasin-durimin-te-dhena-alarmante-rreth-vleresimit-te-putinit-kane-mberritur-per-regjimin\\\/#primaryimage\"},\"thumbnailUrl\":\"https:\\\/\\\/kosovatimes.info\\\/wp-content\\\/uploads\\\/2026\\\/04\\\/Puta-2.jpg\",\"datePublished\":\"2026-04-28T16:32:16+00:00\",\"dateModified\":\"2026-04-28T16:33:05+00:00\",\"author\":{\"@id\":\"https:\\\/\\\/kosovatimes.info\\\/#\\\/schema\\\/person\\\/7586712b9c512fe68085de007378c915\"},\"breadcrumb\":{\"@id\":\"https:\\\/\\\/kosovatimes.info\\\/index.php\\\/2026\\\/04\\\/28\\\/si-elitat-e-pasura-ashtu-edhe-te-rinjte-po-humbasin-durimin-te-dhena-alarmante-rreth-vleresimit-te-putinit-kane-mberritur-per-regjimin\\\/#breadcrumb\"},\"inLanguage\":\"en-US\",\"potentialAction\":[{\"@type\":\"ReadAction\",\"target\":[\"https:\\\/\\\/kosovatimes.info\\\/index.php\\\/2026\\\/04\\\/28\\\/si-elitat-e-pasura-ashtu-edhe-te-rinjte-po-humbasin-durimin-te-dhena-alarmante-rreth-vleresimit-te-putinit-kane-mberritur-per-regjimin\\\/\"]}]},{\"@type\":\"ImageObject\",\"inLanguage\":\"en-US\",\"@id\":\"https:\\\/\\\/kosovatimes.info\\\/index.php\\\/2026\\\/04\\\/28\\\/si-elitat-e-pasura-ashtu-edhe-te-rinjte-po-humbasin-durimin-te-dhena-alarmante-rreth-vleresimit-te-putinit-kane-mberritur-per-regjimin\\\/#primaryimage\",\"url\":\"https:\\\/\\\/kosovatimes.info\\\/wp-content\\\/uploads\\\/2026\\\/04\\\/Puta-2.jpg\",\"contentUrl\":\"https:\\\/\\\/kosovatimes.info\\\/wp-content\\\/uploads\\\/2026\\\/04\\\/Puta-2.jpg\",\"width\":1280,\"height\":670},{\"@type\":\"BreadcrumbList\",\"@id\":\"https:\\\/\\\/kosovatimes.info\\\/index.php\\\/2026\\\/04\\\/28\\\/si-elitat-e-pasura-ashtu-edhe-te-rinjte-po-humbasin-durimin-te-dhena-alarmante-rreth-vleresimit-te-putinit-kane-mberritur-per-regjimin\\\/#breadcrumb\",\"itemListElement\":[{\"@type\":\"ListItem\",\"position\":1,\"name\":\"Home\",\"item\":\"https:\\\/\\\/kosovatimes.info\\\/\"},{\"@type\":\"ListItem\",\"position\":2,\"name\":\"Si elitat e pasura ashtu edhe t\u00eb rinjt\u00eb po humbasin durimin, t\u00eb dh\u00ebna alarmante rreth vler\u00ebsimit t\u00eb Putinit !\"}]},{\"@type\":\"WebSite\",\"@id\":\"https:\\\/\\\/kosovatimes.info\\\/#website\",\"url\":\"https:\\\/\\\/kosovatimes.info\\\/\",\"name\":\"Kosova Times\",\"description\":\"\",\"potentialAction\":[{\"@type\":\"SearchAction\",\"target\":{\"@type\":\"EntryPoint\",\"urlTemplate\":\"https:\\\/\\\/kosovatimes.info\\\/?s={search_term_string}\"},\"query-input\":{\"@type\":\"PropertyValueSpecification\",\"valueRequired\":true,\"valueName\":\"search_term_string\"}}],\"inLanguage\":\"en-US\"},{\"@type\":\"Person\",\"@id\":\"https:\\\/\\\/kosovatimes.info\\\/#\\\/schema\\\/person\\\/7586712b9c512fe68085de007378c915\",\"name\":\"i l\",\"image\":{\"@type\":\"ImageObject\",\"inLanguage\":\"en-US\",\"@id\":\"https:\\\/\\\/secure.gravatar.com\\\/avatar\\\/bad9296e02816160ae2e2435beda58222022298d5625d49fea74d18816fbb31d?s=96&d=mm&r=g\",\"url\":\"https:\\\/\\\/secure.gravatar.com\\\/avatar\\\/bad9296e02816160ae2e2435beda58222022298d5625d49fea74d18816fbb31d?s=96&d=mm&r=g\",\"contentUrl\":\"https:\\\/\\\/secure.gravatar.com\\\/avatar\\\/bad9296e02816160ae2e2435beda58222022298d5625d49fea74d18816fbb31d?s=96&d=mm&r=g\",\"caption\":\"i l\"},\"url\":\"https:\\\/\\\/kosovatimes.info\\\/index.php\\\/author\\\/iliri\\\/\"}]}<\/script>\n<!-- \/ Yoast SEO plugin. -->","yoast_head_json":{"title":"Si elitat e pasura ashtu edhe t\u00eb rinjt\u00eb po humbasin durimin, t\u00eb dh\u00ebna alarmante rreth vler\u00ebsimit t\u00eb Putinit ! - Kosova Times","robots":{"index":"index","follow":"follow","max-snippet":"max-snippet:-1","max-image-preview":"max-image-preview:large","max-video-preview":"max-video-preview:-1"},"canonical":"https:\/\/kosovatimes.info\/index.php\/2026\/04\/28\/si-elitat-e-pasura-ashtu-edhe-te-rinjte-po-humbasin-durimin-te-dhena-alarmante-rreth-vleresimit-te-putinit-kane-mberritur-per-regjimin\/","og_locale":"en_US","og_type":"article","og_title":"Si elitat e pasura ashtu edhe t\u00eb rinjt\u00eb po humbasin durimin, t\u00eb dh\u00ebna alarmante rreth vler\u00ebsimit t\u00eb Putinit ! - Kosova Times","og_description":"Lufta kund\u00ebr Ukrain\u00ebs ka hyr\u00eb tashm\u00eb n\u00eb vitin e saj t\u00eb pest\u00eb, negociatat jan\u00eb n\u00eb ng\u00ebr\u00e7, sanksionet po e godasin vendin gjithnj\u00eb e m\u00eb fort, vler\u00ebsimi i udh\u00ebheq\u00ebsit rus&nbsp;Vladimir Putin po bie dhe qytetar\u00ebt rus\u00eb po shprehin gjithnj\u00eb e m\u00eb hapur d\u00ebshp\u00ebrimin &#8211; k\u00ebshtu e p\u00ebrmbledh&nbsp;Washington Post&nbsp;situat\u00ebn n\u00eb Rusi n\u00eb fillim t\u00eb analiz\u00ebs&nbsp;. Putini po [&hellip;]","og_url":"https:\/\/kosovatimes.info\/index.php\/2026\/04\/28\/si-elitat-e-pasura-ashtu-edhe-te-rinjte-po-humbasin-durimin-te-dhena-alarmante-rreth-vleresimit-te-putinit-kane-mberritur-per-regjimin\/","og_site_name":"Kosova Times","article_published_time":"2026-04-28T16:32:16+00:00","article_modified_time":"2026-04-28T16:33:05+00:00","og_image":[{"width":1280,"height":670,"url":"https:\/\/kosovatimes.info\/wp-content\/uploads\/2026\/04\/Puta-2.jpg","type":"image\/jpeg"}],"author":"i l","twitter_card":"summary_large_image","twitter_misc":{"Written by":"i l","Est. reading time":"9 minutes"},"schema":{"@context":"https:\/\/schema.org","@graph":[{"@type":"Article","@id":"https:\/\/kosovatimes.info\/index.php\/2026\/04\/28\/si-elitat-e-pasura-ashtu-edhe-te-rinjte-po-humbasin-durimin-te-dhena-alarmante-rreth-vleresimit-te-putinit-kane-mberritur-per-regjimin\/#article","isPartOf":{"@id":"https:\/\/kosovatimes.info\/index.php\/2026\/04\/28\/si-elitat-e-pasura-ashtu-edhe-te-rinjte-po-humbasin-durimin-te-dhena-alarmante-rreth-vleresimit-te-putinit-kane-mberritur-per-regjimin\/"},"author":{"name":"i l","@id":"https:\/\/kosovatimes.info\/#\/schema\/person\/7586712b9c512fe68085de007378c915"},"headline":"Si elitat e pasura ashtu edhe t\u00eb rinjt\u00eb po humbasin durimin, t\u00eb dh\u00ebna alarmante rreth vler\u00ebsimit t\u00eb Putinit !","datePublished":"2026-04-28T16:32:16+00:00","dateModified":"2026-04-28T16:33:05+00:00","mainEntityOfPage":{"@id":"https:\/\/kosovatimes.info\/index.php\/2026\/04\/28\/si-elitat-e-pasura-ashtu-edhe-te-rinjte-po-humbasin-durimin-te-dhena-alarmante-rreth-vleresimit-te-putinit-kane-mberritur-per-regjimin\/"},"wordCount":1922,"commentCount":0,"image":{"@id":"https:\/\/kosovatimes.info\/index.php\/2026\/04\/28\/si-elitat-e-pasura-ashtu-edhe-te-rinjte-po-humbasin-durimin-te-dhena-alarmante-rreth-vleresimit-te-putinit-kane-mberritur-per-regjimin\/#primaryimage"},"thumbnailUrl":"https:\/\/kosovatimes.info\/wp-content\/uploads\/2026\/04\/Puta-2.jpg","articleSection":["Bot\u00eb","Lajme"],"inLanguage":"en-US","potentialAction":[{"@type":"CommentAction","name":"Comment","target":["https:\/\/kosovatimes.info\/index.php\/2026\/04\/28\/si-elitat-e-pasura-ashtu-edhe-te-rinjte-po-humbasin-durimin-te-dhena-alarmante-rreth-vleresimit-te-putinit-kane-mberritur-per-regjimin\/#respond"]}]},{"@type":"WebPage","@id":"https:\/\/kosovatimes.info\/index.php\/2026\/04\/28\/si-elitat-e-pasura-ashtu-edhe-te-rinjte-po-humbasin-durimin-te-dhena-alarmante-rreth-vleresimit-te-putinit-kane-mberritur-per-regjimin\/","url":"https:\/\/kosovatimes.info\/index.php\/2026\/04\/28\/si-elitat-e-pasura-ashtu-edhe-te-rinjte-po-humbasin-durimin-te-dhena-alarmante-rreth-vleresimit-te-putinit-kane-mberritur-per-regjimin\/","name":"Si elitat e pasura ashtu edhe t\u00eb rinjt\u00eb po humbasin durimin, t\u00eb dh\u00ebna alarmante rreth vler\u00ebsimit t\u00eb Putinit ! - Kosova Times","isPartOf":{"@id":"https:\/\/kosovatimes.info\/#website"},"primaryImageOfPage":{"@id":"https:\/\/kosovatimes.info\/index.php\/2026\/04\/28\/si-elitat-e-pasura-ashtu-edhe-te-rinjte-po-humbasin-durimin-te-dhena-alarmante-rreth-vleresimit-te-putinit-kane-mberritur-per-regjimin\/#primaryimage"},"image":{"@id":"https:\/\/kosovatimes.info\/index.php\/2026\/04\/28\/si-elitat-e-pasura-ashtu-edhe-te-rinjte-po-humbasin-durimin-te-dhena-alarmante-rreth-vleresimit-te-putinit-kane-mberritur-per-regjimin\/#primaryimage"},"thumbnailUrl":"https:\/\/kosovatimes.info\/wp-content\/uploads\/2026\/04\/Puta-2.jpg","datePublished":"2026-04-28T16:32:16+00:00","dateModified":"2026-04-28T16:33:05+00:00","author":{"@id":"https:\/\/kosovatimes.info\/#\/schema\/person\/7586712b9c512fe68085de007378c915"},"breadcrumb":{"@id":"https:\/\/kosovatimes.info\/index.php\/2026\/04\/28\/si-elitat-e-pasura-ashtu-edhe-te-rinjte-po-humbasin-durimin-te-dhena-alarmante-rreth-vleresimit-te-putinit-kane-mberritur-per-regjimin\/#breadcrumb"},"inLanguage":"en-US","potentialAction":[{"@type":"ReadAction","target":["https:\/\/kosovatimes.info\/index.php\/2026\/04\/28\/si-elitat-e-pasura-ashtu-edhe-te-rinjte-po-humbasin-durimin-te-dhena-alarmante-rreth-vleresimit-te-putinit-kane-mberritur-per-regjimin\/"]}]},{"@type":"ImageObject","inLanguage":"en-US","@id":"https:\/\/kosovatimes.info\/index.php\/2026\/04\/28\/si-elitat-e-pasura-ashtu-edhe-te-rinjte-po-humbasin-durimin-te-dhena-alarmante-rreth-vleresimit-te-putinit-kane-mberritur-per-regjimin\/#primaryimage","url":"https:\/\/kosovatimes.info\/wp-content\/uploads\/2026\/04\/Puta-2.jpg","contentUrl":"https:\/\/kosovatimes.info\/wp-content\/uploads\/2026\/04\/Puta-2.jpg","width":1280,"height":670},{"@type":"BreadcrumbList","@id":"https:\/\/kosovatimes.info\/index.php\/2026\/04\/28\/si-elitat-e-pasura-ashtu-edhe-te-rinjte-po-humbasin-durimin-te-dhena-alarmante-rreth-vleresimit-te-putinit-kane-mberritur-per-regjimin\/#breadcrumb","itemListElement":[{"@type":"ListItem","position":1,"name":"Home","item":"https:\/\/kosovatimes.info\/"},{"@type":"ListItem","position":2,"name":"Si elitat e pasura ashtu edhe t\u00eb rinjt\u00eb po humbasin durimin, t\u00eb dh\u00ebna alarmante rreth vler\u00ebsimit t\u00eb Putinit !"}]},{"@type":"WebSite","@id":"https:\/\/kosovatimes.info\/#website","url":"https:\/\/kosovatimes.info\/","name":"Kosova Times","description":"","potentialAction":[{"@type":"SearchAction","target":{"@type":"EntryPoint","urlTemplate":"https:\/\/kosovatimes.info\/?s={search_term_string}"},"query-input":{"@type":"PropertyValueSpecification","valueRequired":true,"valueName":"search_term_string"}}],"inLanguage":"en-US"},{"@type":"Person","@id":"https:\/\/kosovatimes.info\/#\/schema\/person\/7586712b9c512fe68085de007378c915","name":"i l","image":{"@type":"ImageObject","inLanguage":"en-US","@id":"https:\/\/secure.gravatar.com\/avatar\/bad9296e02816160ae2e2435beda58222022298d5625d49fea74d18816fbb31d?s=96&d=mm&r=g","url":"https:\/\/secure.gravatar.com\/avatar\/bad9296e02816160ae2e2435beda58222022298d5625d49fea74d18816fbb31d?s=96&d=mm&r=g","contentUrl":"https:\/\/secure.gravatar.com\/avatar\/bad9296e02816160ae2e2435beda58222022298d5625d49fea74d18816fbb31d?s=96&d=mm&r=g","caption":"i l"},"url":"https:\/\/kosovatimes.info\/index.php\/author\/iliri\/"}]}},"_links":{"self":[{"href":"https:\/\/kosovatimes.info\/index.php\/wp-json\/wp\/v2\/posts\/12251","targetHints":{"allow":["GET"]}}],"collection":[{"href":"https:\/\/kosovatimes.info\/index.php\/wp-json\/wp\/v2\/posts"}],"about":[{"href":"https:\/\/kosovatimes.info\/index.php\/wp-json\/wp\/v2\/types\/post"}],"author":[{"embeddable":true,"href":"https:\/\/kosovatimes.info\/index.php\/wp-json\/wp\/v2\/users\/4"}],"replies":[{"embeddable":true,"href":"https:\/\/kosovatimes.info\/index.php\/wp-json\/wp\/v2\/comments?post=12251"}],"version-history":[{"count":2,"href":"https:\/\/kosovatimes.info\/index.php\/wp-json\/wp\/v2\/posts\/12251\/revisions"}],"predecessor-version":[{"id":12254,"href":"https:\/\/kosovatimes.info\/index.php\/wp-json\/wp\/v2\/posts\/12251\/revisions\/12254"}],"wp:featuredmedia":[{"embeddable":true,"href":"https:\/\/kosovatimes.info\/index.php\/wp-json\/wp\/v2\/media\/12252"}],"wp:attachment":[{"href":"https:\/\/kosovatimes.info\/index.php\/wp-json\/wp\/v2\/media?parent=12251"}],"wp:term":[{"taxonomy":"category","embeddable":true,"href":"https:\/\/kosovatimes.info\/index.php\/wp-json\/wp\/v2\/categories?post=12251"},{"taxonomy":"post_tag","embeddable":true,"href":"https:\/\/kosovatimes.info\/index.php\/wp-json\/wp\/v2\/tags?post=12251"}],"curies":[{"name":"wp","href":"https:\/\/api.w.org\/{rel}","templated":true}]}}