{"id":12264,"date":"2026-04-28T18:48:00","date_gmt":"2026-04-28T16:48:00","guid":{"rendered":"https:\/\/kosovatimes.info\/?p=12264"},"modified":"2026-04-28T18:48:43","modified_gmt":"2026-04-28T16:48:43","slug":"solovyov-i-kerkoi-falje-bonyas-per-fyerjen-e-saj","status":"publish","type":"post","link":"https:\/\/kosovatimes.info\/index.php\/2026\/04\/28\/solovyov-i-kerkoi-falje-bonyas-per-fyerjen-e-saj\/","title":{"rendered":"Propagandisti i Kremlinit i k\u00ebrkoi falje Bonyas p\u00ebr fyerjen e saj"},"content":{"rendered":"\n<p>Prezantuesi televiziv rus Vladimir Solovyov i k\u00ebrkoi falje blogeres Victoria Bonya p\u00ebr fyerjen q\u00eb i b\u00ebri pasi ajo regjistroi nj\u00eb videomesazh drejtuar Presidentit rus Vladimir Putin.<\/p>\n\n\n\n<p>T\u00eb mart\u00ebn, gjat\u00eb nj\u00eb transmetimi t\u00eb p\u00ebrbashk\u00ebt me Bonyan n\u00eb programin &#8220;Full Contact&#8221;, Solovyov&nbsp;<a href=\"https:\/\/t.me\/ostorozhno_novosti\/49028\" target=\"_blank\" rel=\"noreferrer noopener\">tha<\/a>&nbsp;se ishte &#8220;shum\u00eb emocional&#8221;. &#8220;Para s\u00eb gjithash, dukesh mrekulluesh\u00ebm. Kjo \u00ebsht\u00eb nj\u00eb gj\u00eb. S\u00eb dyti, po, sigurisht, duhet t\u00eb k\u00ebrkoj falje. Ke plot\u00ebsisht t\u00eb drejt\u00eb. Sigurisht, isha shum\u00eb emocional. Dhe sigurisht, cilado qoft\u00eb motivimi, pse, p\u00ebr \u00e7far\u00eb dhe pse fola k\u00ebshtu, sigurisht, duhet t\u00eb kisha qen\u00eb shum\u00eb m\u00eb i rrept\u00eb n\u00eb lidhje me fjal\u00ebt e mia t\u00eb th\u00ebna drejtp\u00ebrdrejt n\u00eb transmetim&#8221;, tha Solovyov.<\/p>\n\n\n\n<p>Gjat\u00eb diskutimit, prezantuesi televiziv hodhi posht\u00eb pretendimin e Bonyas se &#8220;Putinit ia kan\u00eb frik\u00ebn n\u00eb Rusi&#8221;, sepse, sipas fjal\u00ebve t\u00eb tij, &#8220;populli rus n\u00eb t\u00eb v\u00ebrtet\u00eb e do presidentin&#8221;. Solovyov tha gjithashtu se ishte &#8220;mjaft e \u00e7uditshme&#8221; ta etiketonte at\u00eb si &#8220;nj\u00eb nga mizogjin\u00ebt kryesor\u00eb t\u00eb vendit&#8221;, sepse &#8220;nj\u00eb num\u00ebr i madh grash vijn\u00eb n\u00eb emisionet e tij&#8221;, t\u00eb cilat, sipas prezantuesit televiziv, ai &#8220;gjithmon\u00eb i trajton me respekt t\u00eb madh&#8221;.Victoria Bonya sugjeroi q\u00eb Solovyov t&#8217;i k\u00ebrkoj\u00eb falje edhe kryeministres italiane Giorgia Meloni, t\u00eb cil\u00ebn e quajti &#8220;kurv\u00eb&#8221; dhe &#8220;krijes\u00eb fashiste&#8221; n\u00eb nj\u00eb transmetim t\u00eb koh\u00ebve t\u00eb fundit, duke shtuar se &#8220;tradhtia \u00ebsht\u00eb emri i saj i mes\u00ebm&#8221;. Solovyov refuzoi t&#8217;i k\u00ebrkonte falje Melonit, duke shpjeguar se ajo ishte &#8220;nj\u00eb \u00e7\u00ebshtje m\u00eb vete&#8221; dhe se ai kishte &#8220;problemet e tij me italian\u00ebt&#8221;. Fyerjet e drejtuara ndaj Melonit m\u00eb her\u00ebt gjat\u00eb prillit \u00e7uan n\u00eb nj\u00eb skandal diplomatik. Ambasadori rus n\u00eb Rom\u00eb, Alexei Paramonov, u thirr n\u00eb Ministrin\u00eb e Jashtme italiane.<\/p>\n\n\n\n<p>M\u00eb 14 prill, Victoria Bonya postoi nj\u00eb apel &#8220;n\u00eb em\u00ebr t\u00eb popullit&#8221; drejtuar Vladimir Putinit n\u00eb Instagram. Ajo renditi disa \u00e7\u00ebshtje urgjente me t\u00eb cilat p\u00ebrballen rus\u00ebt, duke p\u00ebrfshir\u00eb p\u00ebrmbytjet n\u00eb Dagestan, nj\u00eb derdhje nafte n\u00eb Anapa dhe bllokime t\u00eb internetit. Bonya p\u00ebrmendi gjithashtu nj\u00eb &#8220;mur masiv&#8221; midis popullit dhe Putinit, duke pretenduar se t\u00eb gjith\u00eb, madje edhe &#8220;guvernator\u00ebt&#8221;, e kan\u00eb frik\u00eb at\u00eb, dhe se rrethi i ngusht\u00eb i presidentit rus ia fsheh gjendjen e v\u00ebrtet\u00eb t\u00eb pun\u00ebve n\u00eb vend. Solovyov m\u00eb pas e quajti blogerin nj\u00eb &#8220;agjent&#8221; t\u00eb Presidentit ukrainas Volodymyr Zelenskyy dhe nj\u00eb &#8220;kurv\u00eb t\u00eb sh\u00ebmtuar&#8221; e cila, tha ai, nuk duhet &#8220;t\u00eb hap\u00eb goj\u00ebn e saj t\u00eb ndyr\u00eb dhe t\u00eb ndot\u00eb hap\u00ebsir\u00ebn&#8221;. Bonya m\u00eb pas k\u00ebrc\u00ebnoi se do ta padiste Solovyov p\u00ebr fyerjen e saj.<\/p>\n","protected":false},"excerpt":{"rendered":"<p>Prezantuesi televiziv rus Vladimir Solovyov i k\u00ebrkoi falje blogeres Victoria Bonya p\u00ebr fyerjen q\u00eb i b\u00ebri pasi ajo regjistroi nj\u00eb videomesazh drejtuar Presidentit rus Vladimir Putin. T\u00eb mart\u00ebn, gjat\u00eb nj\u00eb transmetimi t\u00eb p\u00ebrbashk\u00ebt me Bonyan n\u00eb programin &#8220;Full Contact&#8221;, Solovyov&nbsp;tha&nbsp;se ishte &#8220;shum\u00eb emocional&#8221;. &#8220;Para s\u00eb gjithash, dukesh mrekulluesh\u00ebm. Kjo \u00ebsht\u00eb nj\u00eb gj\u00eb. S\u00eb dyti, po, [&hellip;]<\/p>\n","protected":false},"author":4,"featured_media":12265,"comment_status":"open","ping_status":"open","sticky":false,"template":"","format":"standard","meta":{"footnotes":""},"categories":[33,30],"tags":[],"class_list":{"0":"post-12264","1":"post","2":"type-post","3":"status-publish","4":"format-standard","5":"has-post-thumbnail","7":"category-bote","8":"category-lajme"},"yoast_head":"<!-- This site is optimized with the Yoast SEO plugin v27.4 - https:\/\/yoast.com\/product\/yoast-seo-wordpress\/ -->\n<title>Propagandisti i Kremlinit i k\u00ebrkoi falje Bonyas p\u00ebr fyerjen e saj - Kosova Times<\/title>\n<meta name=\"robots\" content=\"index, follow, max-snippet:-1, max-image-preview:large, max-video-preview:-1\" \/>\n<link rel=\"canonical\" href=\"https:\/\/kosovatimes.info\/index.php\/2026\/04\/28\/solovyov-i-kerkoi-falje-bonyas-per-fyerjen-e-saj\/\" \/>\n<meta property=\"og:locale\" content=\"en_US\" \/>\n<meta property=\"og:type\" content=\"article\" \/>\n<meta property=\"og:title\" content=\"Propagandisti i Kremlinit i k\u00ebrkoi falje Bonyas p\u00ebr fyerjen e saj - Kosova Times\" \/>\n<meta property=\"og:description\" content=\"Prezantuesi televiziv rus Vladimir Solovyov i k\u00ebrkoi falje blogeres Victoria Bonya p\u00ebr fyerjen q\u00eb i b\u00ebri pasi ajo regjistroi nj\u00eb videomesazh drejtuar Presidentit rus Vladimir Putin. T\u00eb mart\u00ebn, gjat\u00eb nj\u00eb transmetimi t\u00eb p\u00ebrbashk\u00ebt me Bonyan n\u00eb programin &#8220;Full Contact&#8221;, Solovyov&nbsp;tha&nbsp;se ishte &#8220;shum\u00eb emocional&#8221;. &#8220;Para s\u00eb gjithash, dukesh mrekulluesh\u00ebm. Kjo \u00ebsht\u00eb nj\u00eb gj\u00eb. S\u00eb dyti, po, [&hellip;]\" \/>\n<meta property=\"og:url\" content=\"https:\/\/kosovatimes.info\/index.php\/2026\/04\/28\/solovyov-i-kerkoi-falje-bonyas-per-fyerjen-e-saj\/\" \/>\n<meta property=\"og:site_name\" content=\"Kosova Times\" \/>\n<meta property=\"article:published_time\" content=\"2026-04-28T16:48:00+00:00\" \/>\n<meta property=\"article:modified_time\" content=\"2026-04-28T16:48:43+00:00\" \/>\n<meta name=\"author\" content=\"i l\" \/>\n<meta name=\"twitter:card\" content=\"summary_large_image\" \/>\n<meta name=\"twitter:label1\" content=\"Written by\" \/>\n\t<meta name=\"twitter:data1\" content=\"i l\" \/>\n\t<meta name=\"twitter:label2\" content=\"Est. reading time\" \/>\n\t<meta name=\"twitter:data2\" content=\"2 minutes\" \/>\n<script type=\"application\/ld+json\" class=\"yoast-schema-graph\">{\"@context\":\"https:\\\/\\\/schema.org\",\"@graph\":[{\"@type\":\"Article\",\"@id\":\"https:\\\/\\\/kosovatimes.info\\\/index.php\\\/2026\\\/04\\\/28\\\/solovyov-i-kerkoi-falje-bonyas-per-fyerjen-e-saj\\\/#article\",\"isPartOf\":{\"@id\":\"https:\\\/\\\/kosovatimes.info\\\/index.php\\\/2026\\\/04\\\/28\\\/solovyov-i-kerkoi-falje-bonyas-per-fyerjen-e-saj\\\/\"},\"author\":{\"name\":\"i l\",\"@id\":\"https:\\\/\\\/kosovatimes.info\\\/#\\\/schema\\\/person\\\/7586712b9c512fe68085de007378c915\"},\"headline\":\"Propagandisti i Kremlinit i k\u00ebrkoi falje Bonyas p\u00ebr fyerjen e saj\",\"datePublished\":\"2026-04-28T16:48:00+00:00\",\"dateModified\":\"2026-04-28T16:48:43+00:00\",\"mainEntityOfPage\":{\"@id\":\"https:\\\/\\\/kosovatimes.info\\\/index.php\\\/2026\\\/04\\\/28\\\/solovyov-i-kerkoi-falje-bonyas-per-fyerjen-e-saj\\\/\"},\"wordCount\":450,\"commentCount\":0,\"image\":{\"@id\":\"https:\\\/\\\/kosovatimes.info\\\/index.php\\\/2026\\\/04\\\/28\\\/solovyov-i-kerkoi-falje-bonyas-per-fyerjen-e-saj\\\/#primaryimage\"},\"thumbnailUrl\":\"https:\\\/\\\/kosovatimes.info\\\/wp-content\\\/uploads\\\/2026\\\/04\\\/Solovyov.avif\",\"articleSection\":[\"Bot\u00eb\",\"Lajme\"],\"inLanguage\":\"en-US\",\"potentialAction\":[{\"@type\":\"CommentAction\",\"name\":\"Comment\",\"target\":[\"https:\\\/\\\/kosovatimes.info\\\/index.php\\\/2026\\\/04\\\/28\\\/solovyov-i-kerkoi-falje-bonyas-per-fyerjen-e-saj\\\/#respond\"]}]},{\"@type\":\"WebPage\",\"@id\":\"https:\\\/\\\/kosovatimes.info\\\/index.php\\\/2026\\\/04\\\/28\\\/solovyov-i-kerkoi-falje-bonyas-per-fyerjen-e-saj\\\/\",\"url\":\"https:\\\/\\\/kosovatimes.info\\\/index.php\\\/2026\\\/04\\\/28\\\/solovyov-i-kerkoi-falje-bonyas-per-fyerjen-e-saj\\\/\",\"name\":\"Propagandisti i Kremlinit i k\u00ebrkoi falje Bonyas p\u00ebr fyerjen e saj - Kosova Times\",\"isPartOf\":{\"@id\":\"https:\\\/\\\/kosovatimes.info\\\/#website\"},\"primaryImageOfPage\":{\"@id\":\"https:\\\/\\\/kosovatimes.info\\\/index.php\\\/2026\\\/04\\\/28\\\/solovyov-i-kerkoi-falje-bonyas-per-fyerjen-e-saj\\\/#primaryimage\"},\"image\":{\"@id\":\"https:\\\/\\\/kosovatimes.info\\\/index.php\\\/2026\\\/04\\\/28\\\/solovyov-i-kerkoi-falje-bonyas-per-fyerjen-e-saj\\\/#primaryimage\"},\"thumbnailUrl\":\"https:\\\/\\\/kosovatimes.info\\\/wp-content\\\/uploads\\\/2026\\\/04\\\/Solovyov.avif\",\"datePublished\":\"2026-04-28T16:48:00+00:00\",\"dateModified\":\"2026-04-28T16:48:43+00:00\",\"author\":{\"@id\":\"https:\\\/\\\/kosovatimes.info\\\/#\\\/schema\\\/person\\\/7586712b9c512fe68085de007378c915\"},\"breadcrumb\":{\"@id\":\"https:\\\/\\\/kosovatimes.info\\\/index.php\\\/2026\\\/04\\\/28\\\/solovyov-i-kerkoi-falje-bonyas-per-fyerjen-e-saj\\\/#breadcrumb\"},\"inLanguage\":\"en-US\",\"potentialAction\":[{\"@type\":\"ReadAction\",\"target\":[\"https:\\\/\\\/kosovatimes.info\\\/index.php\\\/2026\\\/04\\\/28\\\/solovyov-i-kerkoi-falje-bonyas-per-fyerjen-e-saj\\\/\"]}]},{\"@type\":\"ImageObject\",\"inLanguage\":\"en-US\",\"@id\":\"https:\\\/\\\/kosovatimes.info\\\/index.php\\\/2026\\\/04\\\/28\\\/solovyov-i-kerkoi-falje-bonyas-per-fyerjen-e-saj\\\/#primaryimage\",\"url\":\"https:\\\/\\\/kosovatimes.info\\\/wp-content\\\/uploads\\\/2026\\\/04\\\/Solovyov.avif\",\"contentUrl\":\"https:\\\/\\\/kosovatimes.info\\\/wp-content\\\/uploads\\\/2026\\\/04\\\/Solovyov.avif\",\"width\":1023,\"height\":575},{\"@type\":\"BreadcrumbList\",\"@id\":\"https:\\\/\\\/kosovatimes.info\\\/index.php\\\/2026\\\/04\\\/28\\\/solovyov-i-kerkoi-falje-bonyas-per-fyerjen-e-saj\\\/#breadcrumb\",\"itemListElement\":[{\"@type\":\"ListItem\",\"position\":1,\"name\":\"Home\",\"item\":\"https:\\\/\\\/kosovatimes.info\\\/\"},{\"@type\":\"ListItem\",\"position\":2,\"name\":\"Propagandisti i Kremlinit i k\u00ebrkoi falje Bonyas p\u00ebr fyerjen e saj\"}]},{\"@type\":\"WebSite\",\"@id\":\"https:\\\/\\\/kosovatimes.info\\\/#website\",\"url\":\"https:\\\/\\\/kosovatimes.info\\\/\",\"name\":\"Kosova Times\",\"description\":\"\",\"potentialAction\":[{\"@type\":\"SearchAction\",\"target\":{\"@type\":\"EntryPoint\",\"urlTemplate\":\"https:\\\/\\\/kosovatimes.info\\\/?s={search_term_string}\"},\"query-input\":{\"@type\":\"PropertyValueSpecification\",\"valueRequired\":true,\"valueName\":\"search_term_string\"}}],\"inLanguage\":\"en-US\"},{\"@type\":\"Person\",\"@id\":\"https:\\\/\\\/kosovatimes.info\\\/#\\\/schema\\\/person\\\/7586712b9c512fe68085de007378c915\",\"name\":\"i l\",\"image\":{\"@type\":\"ImageObject\",\"inLanguage\":\"en-US\",\"@id\":\"https:\\\/\\\/secure.gravatar.com\\\/avatar\\\/bad9296e02816160ae2e2435beda58222022298d5625d49fea74d18816fbb31d?s=96&d=mm&r=g\",\"url\":\"https:\\\/\\\/secure.gravatar.com\\\/avatar\\\/bad9296e02816160ae2e2435beda58222022298d5625d49fea74d18816fbb31d?s=96&d=mm&r=g\",\"contentUrl\":\"https:\\\/\\\/secure.gravatar.com\\\/avatar\\\/bad9296e02816160ae2e2435beda58222022298d5625d49fea74d18816fbb31d?s=96&d=mm&r=g\",\"caption\":\"i l\"},\"url\":\"https:\\\/\\\/kosovatimes.info\\\/index.php\\\/author\\\/iliri\\\/\"}]}<\/script>\n<!-- \/ Yoast SEO plugin. -->","yoast_head_json":{"title":"Propagandisti i Kremlinit i k\u00ebrkoi falje Bonyas p\u00ebr fyerjen e saj - Kosova Times","robots":{"index":"index","follow":"follow","max-snippet":"max-snippet:-1","max-image-preview":"max-image-preview:large","max-video-preview":"max-video-preview:-1"},"canonical":"https:\/\/kosovatimes.info\/index.php\/2026\/04\/28\/solovyov-i-kerkoi-falje-bonyas-per-fyerjen-e-saj\/","og_locale":"en_US","og_type":"article","og_title":"Propagandisti i Kremlinit i k\u00ebrkoi falje Bonyas p\u00ebr fyerjen e saj - Kosova Times","og_description":"Prezantuesi televiziv rus Vladimir Solovyov i k\u00ebrkoi falje blogeres Victoria Bonya p\u00ebr fyerjen q\u00eb i b\u00ebri pasi ajo regjistroi nj\u00eb videomesazh drejtuar Presidentit rus Vladimir Putin. T\u00eb mart\u00ebn, gjat\u00eb nj\u00eb transmetimi t\u00eb p\u00ebrbashk\u00ebt me Bonyan n\u00eb programin &#8220;Full Contact&#8221;, Solovyov&nbsp;tha&nbsp;se ishte &#8220;shum\u00eb emocional&#8221;. &#8220;Para s\u00eb gjithash, dukesh mrekulluesh\u00ebm. Kjo \u00ebsht\u00eb nj\u00eb gj\u00eb. S\u00eb dyti, po, [&hellip;]","og_url":"https:\/\/kosovatimes.info\/index.php\/2026\/04\/28\/solovyov-i-kerkoi-falje-bonyas-per-fyerjen-e-saj\/","og_site_name":"Kosova Times","article_published_time":"2026-04-28T16:48:00+00:00","article_modified_time":"2026-04-28T16:48:43+00:00","author":"i l","twitter_card":"summary_large_image","twitter_misc":{"Written by":"i l","Est. reading time":"2 minutes"},"schema":{"@context":"https:\/\/schema.org","@graph":[{"@type":"Article","@id":"https:\/\/kosovatimes.info\/index.php\/2026\/04\/28\/solovyov-i-kerkoi-falje-bonyas-per-fyerjen-e-saj\/#article","isPartOf":{"@id":"https:\/\/kosovatimes.info\/index.php\/2026\/04\/28\/solovyov-i-kerkoi-falje-bonyas-per-fyerjen-e-saj\/"},"author":{"name":"i l","@id":"https:\/\/kosovatimes.info\/#\/schema\/person\/7586712b9c512fe68085de007378c915"},"headline":"Propagandisti i Kremlinit i k\u00ebrkoi falje Bonyas p\u00ebr fyerjen e saj","datePublished":"2026-04-28T16:48:00+00:00","dateModified":"2026-04-28T16:48:43+00:00","mainEntityOfPage":{"@id":"https:\/\/kosovatimes.info\/index.php\/2026\/04\/28\/solovyov-i-kerkoi-falje-bonyas-per-fyerjen-e-saj\/"},"wordCount":450,"commentCount":0,"image":{"@id":"https:\/\/kosovatimes.info\/index.php\/2026\/04\/28\/solovyov-i-kerkoi-falje-bonyas-per-fyerjen-e-saj\/#primaryimage"},"thumbnailUrl":"https:\/\/kosovatimes.info\/wp-content\/uploads\/2026\/04\/Solovyov.avif","articleSection":["Bot\u00eb","Lajme"],"inLanguage":"en-US","potentialAction":[{"@type":"CommentAction","name":"Comment","target":["https:\/\/kosovatimes.info\/index.php\/2026\/04\/28\/solovyov-i-kerkoi-falje-bonyas-per-fyerjen-e-saj\/#respond"]}]},{"@type":"WebPage","@id":"https:\/\/kosovatimes.info\/index.php\/2026\/04\/28\/solovyov-i-kerkoi-falje-bonyas-per-fyerjen-e-saj\/","url":"https:\/\/kosovatimes.info\/index.php\/2026\/04\/28\/solovyov-i-kerkoi-falje-bonyas-per-fyerjen-e-saj\/","name":"Propagandisti i Kremlinit i k\u00ebrkoi falje Bonyas p\u00ebr fyerjen e saj - Kosova Times","isPartOf":{"@id":"https:\/\/kosovatimes.info\/#website"},"primaryImageOfPage":{"@id":"https:\/\/kosovatimes.info\/index.php\/2026\/04\/28\/solovyov-i-kerkoi-falje-bonyas-per-fyerjen-e-saj\/#primaryimage"},"image":{"@id":"https:\/\/kosovatimes.info\/index.php\/2026\/04\/28\/solovyov-i-kerkoi-falje-bonyas-per-fyerjen-e-saj\/#primaryimage"},"thumbnailUrl":"https:\/\/kosovatimes.info\/wp-content\/uploads\/2026\/04\/Solovyov.avif","datePublished":"2026-04-28T16:48:00+00:00","dateModified":"2026-04-28T16:48:43+00:00","author":{"@id":"https:\/\/kosovatimes.info\/#\/schema\/person\/7586712b9c512fe68085de007378c915"},"breadcrumb":{"@id":"https:\/\/kosovatimes.info\/index.php\/2026\/04\/28\/solovyov-i-kerkoi-falje-bonyas-per-fyerjen-e-saj\/#breadcrumb"},"inLanguage":"en-US","potentialAction":[{"@type":"ReadAction","target":["https:\/\/kosovatimes.info\/index.php\/2026\/04\/28\/solovyov-i-kerkoi-falje-bonyas-per-fyerjen-e-saj\/"]}]},{"@type":"ImageObject","inLanguage":"en-US","@id":"https:\/\/kosovatimes.info\/index.php\/2026\/04\/28\/solovyov-i-kerkoi-falje-bonyas-per-fyerjen-e-saj\/#primaryimage","url":"https:\/\/kosovatimes.info\/wp-content\/uploads\/2026\/04\/Solovyov.avif","contentUrl":"https:\/\/kosovatimes.info\/wp-content\/uploads\/2026\/04\/Solovyov.avif","width":1023,"height":575},{"@type":"BreadcrumbList","@id":"https:\/\/kosovatimes.info\/index.php\/2026\/04\/28\/solovyov-i-kerkoi-falje-bonyas-per-fyerjen-e-saj\/#breadcrumb","itemListElement":[{"@type":"ListItem","position":1,"name":"Home","item":"https:\/\/kosovatimes.info\/"},{"@type":"ListItem","position":2,"name":"Propagandisti i Kremlinit i k\u00ebrkoi falje Bonyas p\u00ebr fyerjen e saj"}]},{"@type":"WebSite","@id":"https:\/\/kosovatimes.info\/#website","url":"https:\/\/kosovatimes.info\/","name":"Kosova Times","description":"","potentialAction":[{"@type":"SearchAction","target":{"@type":"EntryPoint","urlTemplate":"https:\/\/kosovatimes.info\/?s={search_term_string}"},"query-input":{"@type":"PropertyValueSpecification","valueRequired":true,"valueName":"search_term_string"}}],"inLanguage":"en-US"},{"@type":"Person","@id":"https:\/\/kosovatimes.info\/#\/schema\/person\/7586712b9c512fe68085de007378c915","name":"i l","image":{"@type":"ImageObject","inLanguage":"en-US","@id":"https:\/\/secure.gravatar.com\/avatar\/bad9296e02816160ae2e2435beda58222022298d5625d49fea74d18816fbb31d?s=96&d=mm&r=g","url":"https:\/\/secure.gravatar.com\/avatar\/bad9296e02816160ae2e2435beda58222022298d5625d49fea74d18816fbb31d?s=96&d=mm&r=g","contentUrl":"https:\/\/secure.gravatar.com\/avatar\/bad9296e02816160ae2e2435beda58222022298d5625d49fea74d18816fbb31d?s=96&d=mm&r=g","caption":"i l"},"url":"https:\/\/kosovatimes.info\/index.php\/author\/iliri\/"}]}},"_links":{"self":[{"href":"https:\/\/kosovatimes.info\/index.php\/wp-json\/wp\/v2\/posts\/12264","targetHints":{"allow":["GET"]}}],"collection":[{"href":"https:\/\/kosovatimes.info\/index.php\/wp-json\/wp\/v2\/posts"}],"about":[{"href":"https:\/\/kosovatimes.info\/index.php\/wp-json\/wp\/v2\/types\/post"}],"author":[{"embeddable":true,"href":"https:\/\/kosovatimes.info\/index.php\/wp-json\/wp\/v2\/users\/4"}],"replies":[{"embeddable":true,"href":"https:\/\/kosovatimes.info\/index.php\/wp-json\/wp\/v2\/comments?post=12264"}],"version-history":[{"count":2,"href":"https:\/\/kosovatimes.info\/index.php\/wp-json\/wp\/v2\/posts\/12264\/revisions"}],"predecessor-version":[{"id":12267,"href":"https:\/\/kosovatimes.info\/index.php\/wp-json\/wp\/v2\/posts\/12264\/revisions\/12267"}],"wp:featuredmedia":[{"embeddable":true,"href":"https:\/\/kosovatimes.info\/index.php\/wp-json\/wp\/v2\/media\/12265"}],"wp:attachment":[{"href":"https:\/\/kosovatimes.info\/index.php\/wp-json\/wp\/v2\/media?parent=12264"}],"wp:term":[{"taxonomy":"category","embeddable":true,"href":"https:\/\/kosovatimes.info\/index.php\/wp-json\/wp\/v2\/categories?post=12264"},{"taxonomy":"post_tag","embeddable":true,"href":"https:\/\/kosovatimes.info\/index.php\/wp-json\/wp\/v2\/tags?post=12264"}],"curies":[{"name":"wp","href":"https:\/\/api.w.org\/{rel}","templated":true}]}}