{"id":12268,"date":"2026-04-28T18:54:05","date_gmt":"2026-04-28T16:54:05","guid":{"rendered":"https:\/\/kosovatimes.info\/?p=12268"},"modified":"2026-04-28T18:54:08","modified_gmt":"2026-04-28T16:54:08","slug":"bonya-dhe-solovyov-bene-paqe-dhe-tani-e-duan-putinin-se-bashku-dhe-promovojne-max","status":"publish","type":"post","link":"https:\/\/kosovatimes.info\/index.php\/2026\/04\/28\/bonya-dhe-solovyov-bene-paqe-dhe-tani-e-duan-putinin-se-bashku-dhe-promovojne-max\/","title":{"rendered":"Bonya dhe Solovyov b\u00ebn\u00eb paqe &#8211; dhe tani e duan Putinin s\u00eb bashku dhe promovojn\u00eb &#8220;Max&#8221;"},"content":{"rendered":"\n<p><strong>Bonya:<\/strong>&nbsp;Regjistrova nj\u00eb apel drejtuar Putinit p\u00ebr m\u00ebnyr\u00ebn se si ndihesha dhe \u00e7far\u00eb m\u00eb shkruan njer\u00ebzit. \u00cbsht\u00eb e r\u00ebnd\u00ebsishme q\u00eb ata t\u00eb kuptojn\u00eb se problemet e tyre nuk jan\u00eb harruar. Nuk kisha asnj\u00eb skenar dhe askush nuk m\u00eb pagoi. Do t\u00eb doja q\u00eb t\u00eb m\u00eb k\u00ebrkonit falje p\u00ebr&nbsp;&nbsp;fjal\u00ebt fyese&nbsp;q\u00eb p\u00ebrdor\u00ebt kund\u00ebr meje. Dhe duhet t&#8217;i k\u00ebrkoni falje edhe [Kryeministrit italian Giorgio] Meloni.<\/p>\n\n\n\n<p><strong>Solovyov:<\/strong>&nbsp;Kur thirrja juaj u vu re n\u00eb krye, u zem\u00ebrova nga fjal\u00ebt se njer\u00ebzit kishin frik\u00eb nga Putini. Sepse populli rus e do Putinin, jo e ka frik\u00eb. Dhe p\u00ebr ushtar\u00ebt, kur ai mb\u00ebrrin n\u00eb front, \u00ebsht\u00eb nj\u00eb fest\u00eb. Ju u shfryt\u00ebzuat dhe kjo u kap nga burime per\u00ebndimore q\u00eb duan t\u00eb tregojn\u00eb se nuk ka demokraci n\u00eb Rusi dhe se Putini \u00ebsht\u00eb nj\u00eb diktator.<\/p>\n\n\n\n<p>Sigurisht, duhet t\u00eb k\u00ebrkoj falje. Isha shum\u00eb emocionale dhe duhet t\u00eb kisha qen\u00eb m\u00eb e rrept\u00eb me fjal\u00ebt e mia. Por \u00ebsht\u00eb e \u00e7uditshme t\u00eb m\u00eb etiketojn\u00eb si mizogjinia kryesore e vendit, sepse kaq shum\u00eb gra vijn\u00eb n\u00eb shfaqjet e mia.<\/p>\n\n\n\n<p>Po zhvillohet nj\u00eb luft\u00eb, Vik! A fluturove p\u00ebr n\u00eb Monako? Jemi n\u00eb luft\u00eb.&nbsp;Meloni&nbsp;? Jo, jo, jo. Po flet p\u00ebr t\u00eb si grua, por ajo \u00ebsht\u00eb kryeministre. Nuk po e fyej si grua; \u00ebsht\u00eb nj\u00eb term politik. Politikan\u00ebt italian\u00eb e quajt\u00ebn Putinin &#8220;ekzekutues t\u00eb p\u00ebrgjaksh\u00ebm&#8221; dhe &#8220;terrorist&#8221; &#8211; kush do t&#8217;i k\u00ebrkoj\u00eb falje Putinit? Popullit ton\u00eb, p\u00ebr fashist\u00ebt italian\u00eb q\u00eb furnizojn\u00eb me para njer\u00ebz n\u00eb rajonin kufitar?<\/p>\n\n\n\n<p><strong>Bonya:<\/strong>&nbsp;Jam e lumtur q\u00eb k\u00ebrkove falje. Si mund t\u2019i p\u00ebrmir\u00ebsoj gj\u00ebrat?<\/p>\n\n\n\n<p><strong>Solovyov:<\/strong>&nbsp;Le t\u00eb krijojm\u00eb nj\u00eb platform\u00eb t\u00eb p\u00ebrbashk\u00ebt n\u00eb Max n\u00eb m\u00ebnyr\u00eb q\u00eb t\u00eb mund t\u00eb p\u00ebrpunojm\u00eb ankesat e njer\u00ebzve, t\u00eb telefonojm\u00eb guvernator\u00ebt, t\u00eb telefonojm\u00eb ministrat.<\/p>\n\n\n\n<p><strong>Bonya:<\/strong>&nbsp;Vladimir, tani p\u00ebr tani mendoj se ajo q\u00eb po b\u00ebn po b\u00ebn nj\u00eb ndryshim. Pse nuk mund ta b\u00ebjm\u00eb thjesht n\u00eb k\u00ebt\u00eb m\u00ebnyr\u00eb? Duhet t\u00eb bashkohemi, Vladimir, jo t\u00eb luftojm\u00eb. Faleminderit p\u00ebr dialogun; nuk mendova kurr\u00eb se do ta thoja k\u00ebt\u00eb.<\/p>\n","protected":false},"excerpt":{"rendered":"<p>Bonya:&nbsp;Regjistrova nj\u00eb apel drejtuar Putinit p\u00ebr m\u00ebnyr\u00ebn se si ndihesha dhe \u00e7far\u00eb m\u00eb shkruan njer\u00ebzit. \u00cbsht\u00eb e r\u00ebnd\u00ebsishme q\u00eb ata t\u00eb kuptojn\u00eb se problemet e tyre nuk jan\u00eb harruar. Nuk kisha asnj\u00eb skenar dhe askush nuk m\u00eb pagoi. Do t\u00eb doja q\u00eb t\u00eb m\u00eb k\u00ebrkonit falje p\u00ebr&nbsp;&nbsp;fjal\u00ebt fyese&nbsp;q\u00eb p\u00ebrdor\u00ebt kund\u00ebr meje. Dhe duhet t&#8217;i k\u00ebrkoni [&hellip;]<\/p>\n","protected":false},"author":4,"featured_media":12269,"comment_status":"open","ping_status":"open","sticky":false,"template":"","format":"standard","meta":{"footnotes":""},"categories":[33,30],"tags":[],"class_list":{"0":"post-12268","1":"post","2":"type-post","3":"status-publish","4":"format-standard","5":"has-post-thumbnail","7":"category-bote","8":"category-lajme"},"yoast_head":"<!-- This site is optimized with the Yoast SEO plugin v27.4 - https:\/\/yoast.com\/product\/yoast-seo-wordpress\/ -->\n<title>Bonya dhe Solovyov b\u00ebn\u00eb paqe - dhe tani e duan Putinin s\u00eb bashku dhe promovojn\u00eb &quot;Max&quot; - Kosova Times<\/title>\n<meta name=\"robots\" content=\"index, follow, max-snippet:-1, max-image-preview:large, max-video-preview:-1\" \/>\n<link rel=\"canonical\" href=\"https:\/\/kosovatimes.info\/index.php\/2026\/04\/28\/bonya-dhe-solovyov-bene-paqe-dhe-tani-e-duan-putinin-se-bashku-dhe-promovojne-max\/\" \/>\n<meta property=\"og:locale\" content=\"en_US\" \/>\n<meta property=\"og:type\" content=\"article\" \/>\n<meta property=\"og:title\" content=\"Bonya dhe Solovyov b\u00ebn\u00eb paqe - dhe tani e duan Putinin s\u00eb bashku dhe promovojn\u00eb &quot;Max&quot; - Kosova Times\" \/>\n<meta property=\"og:description\" content=\"Bonya:&nbsp;Regjistrova nj\u00eb apel drejtuar Putinit p\u00ebr m\u00ebnyr\u00ebn se si ndihesha dhe \u00e7far\u00eb m\u00eb shkruan njer\u00ebzit. \u00cbsht\u00eb e r\u00ebnd\u00ebsishme q\u00eb ata t\u00eb kuptojn\u00eb se problemet e tyre nuk jan\u00eb harruar. Nuk kisha asnj\u00eb skenar dhe askush nuk m\u00eb pagoi. Do t\u00eb doja q\u00eb t\u00eb m\u00eb k\u00ebrkonit falje p\u00ebr&nbsp;&nbsp;fjal\u00ebt fyese&nbsp;q\u00eb p\u00ebrdor\u00ebt kund\u00ebr meje. Dhe duhet t&#8217;i k\u00ebrkoni [&hellip;]\" \/>\n<meta property=\"og:url\" content=\"https:\/\/kosovatimes.info\/index.php\/2026\/04\/28\/bonya-dhe-solovyov-bene-paqe-dhe-tani-e-duan-putinin-se-bashku-dhe-promovojne-max\/\" \/>\n<meta property=\"og:site_name\" content=\"Kosova Times\" \/>\n<meta property=\"article:published_time\" content=\"2026-04-28T16:54:05+00:00\" \/>\n<meta property=\"article:modified_time\" content=\"2026-04-28T16:54:08+00:00\" \/>\n<meta property=\"og:image\" content=\"https:\/\/kosovatimes.info\/wp-content\/uploads\/2026\/04\/bonya-solovyev.jpeg\" \/>\n\t<meta property=\"og:image:width\" content=\"275\" \/>\n\t<meta property=\"og:image:height\" content=\"183\" \/>\n\t<meta property=\"og:image:type\" content=\"image\/jpeg\" \/>\n<meta name=\"author\" content=\"i l\" \/>\n<meta name=\"twitter:card\" content=\"summary_large_image\" \/>\n<meta name=\"twitter:label1\" content=\"Written by\" \/>\n\t<meta name=\"twitter:data1\" content=\"i l\" \/>\n\t<meta name=\"twitter:label2\" content=\"Est. reading time\" \/>\n\t<meta name=\"twitter:data2\" content=\"2 minutes\" \/>\n<script type=\"application\/ld+json\" class=\"yoast-schema-graph\">{\"@context\":\"https:\\\/\\\/schema.org\",\"@graph\":[{\"@type\":\"Article\",\"@id\":\"https:\\\/\\\/kosovatimes.info\\\/index.php\\\/2026\\\/04\\\/28\\\/bonya-dhe-solovyov-bene-paqe-dhe-tani-e-duan-putinin-se-bashku-dhe-promovojne-max\\\/#article\",\"isPartOf\":{\"@id\":\"https:\\\/\\\/kosovatimes.info\\\/index.php\\\/2026\\\/04\\\/28\\\/bonya-dhe-solovyov-bene-paqe-dhe-tani-e-duan-putinin-se-bashku-dhe-promovojne-max\\\/\"},\"author\":{\"name\":\"i l\",\"@id\":\"https:\\\/\\\/kosovatimes.info\\\/#\\\/schema\\\/person\\\/7586712b9c512fe68085de007378c915\"},\"headline\":\"Bonya dhe Solovyov b\u00ebn\u00eb paqe &#8211; dhe tani e duan Putinin s\u00eb bashku dhe promovojn\u00eb &#8220;Max&#8221;\",\"datePublished\":\"2026-04-28T16:54:05+00:00\",\"dateModified\":\"2026-04-28T16:54:08+00:00\",\"mainEntityOfPage\":{\"@id\":\"https:\\\/\\\/kosovatimes.info\\\/index.php\\\/2026\\\/04\\\/28\\\/bonya-dhe-solovyov-bene-paqe-dhe-tani-e-duan-putinin-se-bashku-dhe-promovojne-max\\\/\"},\"wordCount\":399,\"commentCount\":0,\"image\":{\"@id\":\"https:\\\/\\\/kosovatimes.info\\\/index.php\\\/2026\\\/04\\\/28\\\/bonya-dhe-solovyov-bene-paqe-dhe-tani-e-duan-putinin-se-bashku-dhe-promovojne-max\\\/#primaryimage\"},\"thumbnailUrl\":\"https:\\\/\\\/kosovatimes.info\\\/wp-content\\\/uploads\\\/2026\\\/04\\\/bonya-solovyev.jpeg\",\"articleSection\":[\"Bot\u00eb\",\"Lajme\"],\"inLanguage\":\"en-US\",\"potentialAction\":[{\"@type\":\"CommentAction\",\"name\":\"Comment\",\"target\":[\"https:\\\/\\\/kosovatimes.info\\\/index.php\\\/2026\\\/04\\\/28\\\/bonya-dhe-solovyov-bene-paqe-dhe-tani-e-duan-putinin-se-bashku-dhe-promovojne-max\\\/#respond\"]}]},{\"@type\":\"WebPage\",\"@id\":\"https:\\\/\\\/kosovatimes.info\\\/index.php\\\/2026\\\/04\\\/28\\\/bonya-dhe-solovyov-bene-paqe-dhe-tani-e-duan-putinin-se-bashku-dhe-promovojne-max\\\/\",\"url\":\"https:\\\/\\\/kosovatimes.info\\\/index.php\\\/2026\\\/04\\\/28\\\/bonya-dhe-solovyov-bene-paqe-dhe-tani-e-duan-putinin-se-bashku-dhe-promovojne-max\\\/\",\"name\":\"Bonya dhe Solovyov b\u00ebn\u00eb paqe - dhe tani e duan Putinin s\u00eb bashku dhe promovojn\u00eb \\\"Max\\\" - Kosova Times\",\"isPartOf\":{\"@id\":\"https:\\\/\\\/kosovatimes.info\\\/#website\"},\"primaryImageOfPage\":{\"@id\":\"https:\\\/\\\/kosovatimes.info\\\/index.php\\\/2026\\\/04\\\/28\\\/bonya-dhe-solovyov-bene-paqe-dhe-tani-e-duan-putinin-se-bashku-dhe-promovojne-max\\\/#primaryimage\"},\"image\":{\"@id\":\"https:\\\/\\\/kosovatimes.info\\\/index.php\\\/2026\\\/04\\\/28\\\/bonya-dhe-solovyov-bene-paqe-dhe-tani-e-duan-putinin-se-bashku-dhe-promovojne-max\\\/#primaryimage\"},\"thumbnailUrl\":\"https:\\\/\\\/kosovatimes.info\\\/wp-content\\\/uploads\\\/2026\\\/04\\\/bonya-solovyev.jpeg\",\"datePublished\":\"2026-04-28T16:54:05+00:00\",\"dateModified\":\"2026-04-28T16:54:08+00:00\",\"author\":{\"@id\":\"https:\\\/\\\/kosovatimes.info\\\/#\\\/schema\\\/person\\\/7586712b9c512fe68085de007378c915\"},\"breadcrumb\":{\"@id\":\"https:\\\/\\\/kosovatimes.info\\\/index.php\\\/2026\\\/04\\\/28\\\/bonya-dhe-solovyov-bene-paqe-dhe-tani-e-duan-putinin-se-bashku-dhe-promovojne-max\\\/#breadcrumb\"},\"inLanguage\":\"en-US\",\"potentialAction\":[{\"@type\":\"ReadAction\",\"target\":[\"https:\\\/\\\/kosovatimes.info\\\/index.php\\\/2026\\\/04\\\/28\\\/bonya-dhe-solovyov-bene-paqe-dhe-tani-e-duan-putinin-se-bashku-dhe-promovojne-max\\\/\"]}]},{\"@type\":\"ImageObject\",\"inLanguage\":\"en-US\",\"@id\":\"https:\\\/\\\/kosovatimes.info\\\/index.php\\\/2026\\\/04\\\/28\\\/bonya-dhe-solovyov-bene-paqe-dhe-tani-e-duan-putinin-se-bashku-dhe-promovojne-max\\\/#primaryimage\",\"url\":\"https:\\\/\\\/kosovatimes.info\\\/wp-content\\\/uploads\\\/2026\\\/04\\\/bonya-solovyev.jpeg\",\"contentUrl\":\"https:\\\/\\\/kosovatimes.info\\\/wp-content\\\/uploads\\\/2026\\\/04\\\/bonya-solovyev.jpeg\",\"width\":275,\"height\":183},{\"@type\":\"BreadcrumbList\",\"@id\":\"https:\\\/\\\/kosovatimes.info\\\/index.php\\\/2026\\\/04\\\/28\\\/bonya-dhe-solovyov-bene-paqe-dhe-tani-e-duan-putinin-se-bashku-dhe-promovojne-max\\\/#breadcrumb\",\"itemListElement\":[{\"@type\":\"ListItem\",\"position\":1,\"name\":\"Home\",\"item\":\"https:\\\/\\\/kosovatimes.info\\\/\"},{\"@type\":\"ListItem\",\"position\":2,\"name\":\"Bonya dhe Solovyov b\u00ebn\u00eb paqe &#8211; dhe tani e duan Putinin s\u00eb bashku dhe promovojn\u00eb &#8220;Max&#8221;\"}]},{\"@type\":\"WebSite\",\"@id\":\"https:\\\/\\\/kosovatimes.info\\\/#website\",\"url\":\"https:\\\/\\\/kosovatimes.info\\\/\",\"name\":\"Kosova Times\",\"description\":\"\",\"potentialAction\":[{\"@type\":\"SearchAction\",\"target\":{\"@type\":\"EntryPoint\",\"urlTemplate\":\"https:\\\/\\\/kosovatimes.info\\\/?s={search_term_string}\"},\"query-input\":{\"@type\":\"PropertyValueSpecification\",\"valueRequired\":true,\"valueName\":\"search_term_string\"}}],\"inLanguage\":\"en-US\"},{\"@type\":\"Person\",\"@id\":\"https:\\\/\\\/kosovatimes.info\\\/#\\\/schema\\\/person\\\/7586712b9c512fe68085de007378c915\",\"name\":\"i l\",\"image\":{\"@type\":\"ImageObject\",\"inLanguage\":\"en-US\",\"@id\":\"https:\\\/\\\/secure.gravatar.com\\\/avatar\\\/bad9296e02816160ae2e2435beda58222022298d5625d49fea74d18816fbb31d?s=96&d=mm&r=g\",\"url\":\"https:\\\/\\\/secure.gravatar.com\\\/avatar\\\/bad9296e02816160ae2e2435beda58222022298d5625d49fea74d18816fbb31d?s=96&d=mm&r=g\",\"contentUrl\":\"https:\\\/\\\/secure.gravatar.com\\\/avatar\\\/bad9296e02816160ae2e2435beda58222022298d5625d49fea74d18816fbb31d?s=96&d=mm&r=g\",\"caption\":\"i l\"},\"url\":\"https:\\\/\\\/kosovatimes.info\\\/index.php\\\/author\\\/iliri\\\/\"}]}<\/script>\n<!-- \/ Yoast SEO plugin. -->","yoast_head_json":{"title":"Bonya dhe Solovyov b\u00ebn\u00eb paqe - dhe tani e duan Putinin s\u00eb bashku dhe promovojn\u00eb \"Max\" - Kosova Times","robots":{"index":"index","follow":"follow","max-snippet":"max-snippet:-1","max-image-preview":"max-image-preview:large","max-video-preview":"max-video-preview:-1"},"canonical":"https:\/\/kosovatimes.info\/index.php\/2026\/04\/28\/bonya-dhe-solovyov-bene-paqe-dhe-tani-e-duan-putinin-se-bashku-dhe-promovojne-max\/","og_locale":"en_US","og_type":"article","og_title":"Bonya dhe Solovyov b\u00ebn\u00eb paqe - dhe tani e duan Putinin s\u00eb bashku dhe promovojn\u00eb \"Max\" - Kosova Times","og_description":"Bonya:&nbsp;Regjistrova nj\u00eb apel drejtuar Putinit p\u00ebr m\u00ebnyr\u00ebn se si ndihesha dhe \u00e7far\u00eb m\u00eb shkruan njer\u00ebzit. \u00cbsht\u00eb e r\u00ebnd\u00ebsishme q\u00eb ata t\u00eb kuptojn\u00eb se problemet e tyre nuk jan\u00eb harruar. Nuk kisha asnj\u00eb skenar dhe askush nuk m\u00eb pagoi. Do t\u00eb doja q\u00eb t\u00eb m\u00eb k\u00ebrkonit falje p\u00ebr&nbsp;&nbsp;fjal\u00ebt fyese&nbsp;q\u00eb p\u00ebrdor\u00ebt kund\u00ebr meje. Dhe duhet t&#8217;i k\u00ebrkoni [&hellip;]","og_url":"https:\/\/kosovatimes.info\/index.php\/2026\/04\/28\/bonya-dhe-solovyov-bene-paqe-dhe-tani-e-duan-putinin-se-bashku-dhe-promovojne-max\/","og_site_name":"Kosova Times","article_published_time":"2026-04-28T16:54:05+00:00","article_modified_time":"2026-04-28T16:54:08+00:00","og_image":[{"width":275,"height":183,"url":"https:\/\/kosovatimes.info\/wp-content\/uploads\/2026\/04\/bonya-solovyev.jpeg","type":"image\/jpeg"}],"author":"i l","twitter_card":"summary_large_image","twitter_misc":{"Written by":"i l","Est. reading time":"2 minutes"},"schema":{"@context":"https:\/\/schema.org","@graph":[{"@type":"Article","@id":"https:\/\/kosovatimes.info\/index.php\/2026\/04\/28\/bonya-dhe-solovyov-bene-paqe-dhe-tani-e-duan-putinin-se-bashku-dhe-promovojne-max\/#article","isPartOf":{"@id":"https:\/\/kosovatimes.info\/index.php\/2026\/04\/28\/bonya-dhe-solovyov-bene-paqe-dhe-tani-e-duan-putinin-se-bashku-dhe-promovojne-max\/"},"author":{"name":"i l","@id":"https:\/\/kosovatimes.info\/#\/schema\/person\/7586712b9c512fe68085de007378c915"},"headline":"Bonya dhe Solovyov b\u00ebn\u00eb paqe &#8211; dhe tani e duan Putinin s\u00eb bashku dhe promovojn\u00eb &#8220;Max&#8221;","datePublished":"2026-04-28T16:54:05+00:00","dateModified":"2026-04-28T16:54:08+00:00","mainEntityOfPage":{"@id":"https:\/\/kosovatimes.info\/index.php\/2026\/04\/28\/bonya-dhe-solovyov-bene-paqe-dhe-tani-e-duan-putinin-se-bashku-dhe-promovojne-max\/"},"wordCount":399,"commentCount":0,"image":{"@id":"https:\/\/kosovatimes.info\/index.php\/2026\/04\/28\/bonya-dhe-solovyov-bene-paqe-dhe-tani-e-duan-putinin-se-bashku-dhe-promovojne-max\/#primaryimage"},"thumbnailUrl":"https:\/\/kosovatimes.info\/wp-content\/uploads\/2026\/04\/bonya-solovyev.jpeg","articleSection":["Bot\u00eb","Lajme"],"inLanguage":"en-US","potentialAction":[{"@type":"CommentAction","name":"Comment","target":["https:\/\/kosovatimes.info\/index.php\/2026\/04\/28\/bonya-dhe-solovyov-bene-paqe-dhe-tani-e-duan-putinin-se-bashku-dhe-promovojne-max\/#respond"]}]},{"@type":"WebPage","@id":"https:\/\/kosovatimes.info\/index.php\/2026\/04\/28\/bonya-dhe-solovyov-bene-paqe-dhe-tani-e-duan-putinin-se-bashku-dhe-promovojne-max\/","url":"https:\/\/kosovatimes.info\/index.php\/2026\/04\/28\/bonya-dhe-solovyov-bene-paqe-dhe-tani-e-duan-putinin-se-bashku-dhe-promovojne-max\/","name":"Bonya dhe Solovyov b\u00ebn\u00eb paqe - dhe tani e duan Putinin s\u00eb bashku dhe promovojn\u00eb \"Max\" - Kosova Times","isPartOf":{"@id":"https:\/\/kosovatimes.info\/#website"},"primaryImageOfPage":{"@id":"https:\/\/kosovatimes.info\/index.php\/2026\/04\/28\/bonya-dhe-solovyov-bene-paqe-dhe-tani-e-duan-putinin-se-bashku-dhe-promovojne-max\/#primaryimage"},"image":{"@id":"https:\/\/kosovatimes.info\/index.php\/2026\/04\/28\/bonya-dhe-solovyov-bene-paqe-dhe-tani-e-duan-putinin-se-bashku-dhe-promovojne-max\/#primaryimage"},"thumbnailUrl":"https:\/\/kosovatimes.info\/wp-content\/uploads\/2026\/04\/bonya-solovyev.jpeg","datePublished":"2026-04-28T16:54:05+00:00","dateModified":"2026-04-28T16:54:08+00:00","author":{"@id":"https:\/\/kosovatimes.info\/#\/schema\/person\/7586712b9c512fe68085de007378c915"},"breadcrumb":{"@id":"https:\/\/kosovatimes.info\/index.php\/2026\/04\/28\/bonya-dhe-solovyov-bene-paqe-dhe-tani-e-duan-putinin-se-bashku-dhe-promovojne-max\/#breadcrumb"},"inLanguage":"en-US","potentialAction":[{"@type":"ReadAction","target":["https:\/\/kosovatimes.info\/index.php\/2026\/04\/28\/bonya-dhe-solovyov-bene-paqe-dhe-tani-e-duan-putinin-se-bashku-dhe-promovojne-max\/"]}]},{"@type":"ImageObject","inLanguage":"en-US","@id":"https:\/\/kosovatimes.info\/index.php\/2026\/04\/28\/bonya-dhe-solovyov-bene-paqe-dhe-tani-e-duan-putinin-se-bashku-dhe-promovojne-max\/#primaryimage","url":"https:\/\/kosovatimes.info\/wp-content\/uploads\/2026\/04\/bonya-solovyev.jpeg","contentUrl":"https:\/\/kosovatimes.info\/wp-content\/uploads\/2026\/04\/bonya-solovyev.jpeg","width":275,"height":183},{"@type":"BreadcrumbList","@id":"https:\/\/kosovatimes.info\/index.php\/2026\/04\/28\/bonya-dhe-solovyov-bene-paqe-dhe-tani-e-duan-putinin-se-bashku-dhe-promovojne-max\/#breadcrumb","itemListElement":[{"@type":"ListItem","position":1,"name":"Home","item":"https:\/\/kosovatimes.info\/"},{"@type":"ListItem","position":2,"name":"Bonya dhe Solovyov b\u00ebn\u00eb paqe &#8211; dhe tani e duan Putinin s\u00eb bashku dhe promovojn\u00eb &#8220;Max&#8221;"}]},{"@type":"WebSite","@id":"https:\/\/kosovatimes.info\/#website","url":"https:\/\/kosovatimes.info\/","name":"Kosova Times","description":"","potentialAction":[{"@type":"SearchAction","target":{"@type":"EntryPoint","urlTemplate":"https:\/\/kosovatimes.info\/?s={search_term_string}"},"query-input":{"@type":"PropertyValueSpecification","valueRequired":true,"valueName":"search_term_string"}}],"inLanguage":"en-US"},{"@type":"Person","@id":"https:\/\/kosovatimes.info\/#\/schema\/person\/7586712b9c512fe68085de007378c915","name":"i l","image":{"@type":"ImageObject","inLanguage":"en-US","@id":"https:\/\/secure.gravatar.com\/avatar\/bad9296e02816160ae2e2435beda58222022298d5625d49fea74d18816fbb31d?s=96&d=mm&r=g","url":"https:\/\/secure.gravatar.com\/avatar\/bad9296e02816160ae2e2435beda58222022298d5625d49fea74d18816fbb31d?s=96&d=mm&r=g","contentUrl":"https:\/\/secure.gravatar.com\/avatar\/bad9296e02816160ae2e2435beda58222022298d5625d49fea74d18816fbb31d?s=96&d=mm&r=g","caption":"i l"},"url":"https:\/\/kosovatimes.info\/index.php\/author\/iliri\/"}]}},"_links":{"self":[{"href":"https:\/\/kosovatimes.info\/index.php\/wp-json\/wp\/v2\/posts\/12268","targetHints":{"allow":["GET"]}}],"collection":[{"href":"https:\/\/kosovatimes.info\/index.php\/wp-json\/wp\/v2\/posts"}],"about":[{"href":"https:\/\/kosovatimes.info\/index.php\/wp-json\/wp\/v2\/types\/post"}],"author":[{"embeddable":true,"href":"https:\/\/kosovatimes.info\/index.php\/wp-json\/wp\/v2\/users\/4"}],"replies":[{"embeddable":true,"href":"https:\/\/kosovatimes.info\/index.php\/wp-json\/wp\/v2\/comments?post=12268"}],"version-history":[{"count":1,"href":"https:\/\/kosovatimes.info\/index.php\/wp-json\/wp\/v2\/posts\/12268\/revisions"}],"predecessor-version":[{"id":12270,"href":"https:\/\/kosovatimes.info\/index.php\/wp-json\/wp\/v2\/posts\/12268\/revisions\/12270"}],"wp:featuredmedia":[{"embeddable":true,"href":"https:\/\/kosovatimes.info\/index.php\/wp-json\/wp\/v2\/media\/12269"}],"wp:attachment":[{"href":"https:\/\/kosovatimes.info\/index.php\/wp-json\/wp\/v2\/media?parent=12268"}],"wp:term":[{"taxonomy":"category","embeddable":true,"href":"https:\/\/kosovatimes.info\/index.php\/wp-json\/wp\/v2\/categories?post=12268"},{"taxonomy":"post_tag","embeddable":true,"href":"https:\/\/kosovatimes.info\/index.php\/wp-json\/wp\/v2\/tags?post=12268"}],"curies":[{"name":"wp","href":"https:\/\/api.w.org\/{rel}","templated":true}]}}