{"id":12271,"date":"2026-04-28T13:30:00","date_gmt":"2026-04-28T11:30:00","guid":{"rendered":"https:\/\/kosovatimes.info\/?p=12271"},"modified":"2026-04-28T18:57:32","modified_gmt":"2026-04-28T16:57:32","slug":"shtate-persona-humben-jeten-dhe-13-u-plagosen-ne-nje-zjarr-ne-veri-te-moskes-thane-sherbimet-e-emergjences-per-tass","status":"publish","type":"post","link":"https:\/\/kosovatimes.info\/index.php\/2026\/04\/28\/shtate-persona-humben-jeten-dhe-13-u-plagosen-ne-nje-zjarr-ne-veri-te-moskes-thane-sherbimet-e-emergjences-per-tass\/","title":{"rendered":"Shtat\u00eb persona humb\u00ebn jet\u00ebn dhe 13 u plagos\u00ebn n\u00eb nj\u00eb zjarr n\u00eb veri t\u00eb Mosk\u00ebs"},"content":{"rendered":"\n<p>Zjarri ndodhi n\u00eb nj\u00eb nd\u00ebrtes\u00eb banimi n\u00eb nd\u00ebrtim e sip\u00ebr n\u00eb adres\u00ebn 14 t\u00eb rrug\u00ebs s\u00eb dyt\u00eb Ambulatorny Proezd. Agjencia pretendon se b\u00ebhej fjal\u00eb p\u00ebr nj\u00eb kompleks luksoz banimi n\u00eb nd\u00ebrtim e sip\u00ebr. Zjarri ndodhi n\u00eb katin e dyt\u00eb dhe t\u00eb tret\u00eb.Zjarri fillimisht u vler\u00ebsua si niveli 5, niveli m\u00eb i lart\u00eb, por m\u00eb von\u00eb u ul n\u00eb nivelin 4. Flaka u p\u00ebrhap n\u00eb nj\u00eb sip\u00ebrfaqe prej 1,400 metrash katror\u00eb dhe tashm\u00eb \u00ebsht\u00eb shuar. Nj\u00eb total prej 120 personash dhe 30 pajisjesh u p\u00ebrfshin\u00eb n\u00eb p\u00ebrpjekjet p\u00ebr shuarjen e zjarrit.<\/p>\n\n\n\n<p>Sipas sh\u00ebrbimit p\u00ebr shtyp t\u00eb Ministris\u00eb s\u00eb Situatave t\u00eb Emergjencave Ruse, m\u00eb shum\u00eb se 200 persona mund t\u00eb ken\u00eb qen\u00eb brenda nd\u00ebrtes\u00ebs q\u00eb po digjej. Sipas raporteve t\u00eb fundit, 31 persona jan\u00eb shp\u00ebtuar nga kantieri i nd\u00ebrtimit.<\/p>\n\n\n\n<p>Nj\u00eb \u00e7\u00ebshtje penale \u00ebsht\u00eb hapur p\u00ebr shkelje t\u00eb rregullave t\u00eb siguris\u00eb gjat\u00eb punimeve t\u00eb nd\u00ebrtimit (Pjesa 3 e Nenit 216 t\u00eb Kodit Penal Rus). Shkaku i zjarrit nuk \u00ebsht\u00eb specifikuar.<\/p>\n\n\n\n<p><\/p>\n","protected":false},"excerpt":{"rendered":"<p>Zjarri ndodhi n\u00eb nj\u00eb nd\u00ebrtes\u00eb banimi n\u00eb nd\u00ebrtim e sip\u00ebr n\u00eb adres\u00ebn 14 t\u00eb rrug\u00ebs s\u00eb dyt\u00eb Ambulatorny Proezd. Agjencia pretendon se b\u00ebhej fjal\u00eb p\u00ebr nj\u00eb kompleks luksoz banimi n\u00eb nd\u00ebrtim e sip\u00ebr. Zjarri ndodhi n\u00eb katin e dyt\u00eb dhe t\u00eb tret\u00eb.Zjarri fillimisht u vler\u00ebsua si niveli 5, niveli m\u00eb i lart\u00eb, por m\u00eb von\u00eb [&hellip;]<\/p>\n","protected":false},"author":4,"featured_media":12272,"comment_status":"open","ping_status":"open","sticky":false,"template":"","format":"standard","meta":{"footnotes":""},"categories":[33,30],"tags":[],"class_list":{"0":"post-12271","1":"post","2":"type-post","3":"status-publish","4":"format-standard","5":"has-post-thumbnail","7":"category-bote","8":"category-lajme"},"yoast_head":"<!-- This site is optimized with the Yoast SEO plugin v27.4 - https:\/\/yoast.com\/product\/yoast-seo-wordpress\/ -->\n<title>Shtat\u00eb persona humb\u00ebn jet\u00ebn dhe 13 u plagos\u00ebn n\u00eb nj\u00eb zjarr n\u00eb veri t\u00eb Mosk\u00ebs - Kosova Times<\/title>\n<meta name=\"robots\" content=\"index, follow, max-snippet:-1, max-image-preview:large, max-video-preview:-1\" \/>\n<link rel=\"canonical\" href=\"https:\/\/kosovatimes.info\/index.php\/2026\/04\/28\/shtate-persona-humben-jeten-dhe-13-u-plagosen-ne-nje-zjarr-ne-veri-te-moskes-thane-sherbimet-e-emergjences-per-tass\/\" \/>\n<meta property=\"og:locale\" content=\"en_US\" \/>\n<meta property=\"og:type\" content=\"article\" \/>\n<meta property=\"og:title\" content=\"Shtat\u00eb persona humb\u00ebn jet\u00ebn dhe 13 u plagos\u00ebn n\u00eb nj\u00eb zjarr n\u00eb veri t\u00eb Mosk\u00ebs - Kosova Times\" \/>\n<meta property=\"og:description\" content=\"Zjarri ndodhi n\u00eb nj\u00eb nd\u00ebrtes\u00eb banimi n\u00eb nd\u00ebrtim e sip\u00ebr n\u00eb adres\u00ebn 14 t\u00eb rrug\u00ebs s\u00eb dyt\u00eb Ambulatorny Proezd. Agjencia pretendon se b\u00ebhej fjal\u00eb p\u00ebr nj\u00eb kompleks luksoz banimi n\u00eb nd\u00ebrtim e sip\u00ebr. Zjarri ndodhi n\u00eb katin e dyt\u00eb dhe t\u00eb tret\u00eb.Zjarri fillimisht u vler\u00ebsua si niveli 5, niveli m\u00eb i lart\u00eb, por m\u00eb von\u00eb [&hellip;]\" \/>\n<meta property=\"og:url\" content=\"https:\/\/kosovatimes.info\/index.php\/2026\/04\/28\/shtate-persona-humben-jeten-dhe-13-u-plagosen-ne-nje-zjarr-ne-veri-te-moskes-thane-sherbimet-e-emergjences-per-tass\/\" \/>\n<meta property=\"og:site_name\" content=\"Kosova Times\" \/>\n<meta property=\"article:published_time\" content=\"2026-04-28T11:30:00+00:00\" \/>\n<meta property=\"article:modified_time\" content=\"2026-04-28T16:57:32+00:00\" \/>\n<meta property=\"og:image\" content=\"https:\/\/kosovatimes.info\/wp-content\/uploads\/2026\/04\/zjarr-Moske.jpeg\" \/>\n\t<meta property=\"og:image:width\" content=\"300\" \/>\n\t<meta property=\"og:image:height\" content=\"168\" \/>\n\t<meta property=\"og:image:type\" content=\"image\/jpeg\" \/>\n<meta name=\"author\" content=\"i l\" \/>\n<meta name=\"twitter:card\" content=\"summary_large_image\" \/>\n<meta name=\"twitter:label1\" content=\"Written by\" \/>\n\t<meta name=\"twitter:data1\" content=\"i l\" \/>\n\t<meta name=\"twitter:label2\" content=\"Est. reading time\" \/>\n\t<meta name=\"twitter:data2\" content=\"1 minute\" \/>\n<script type=\"application\/ld+json\" class=\"yoast-schema-graph\">{\"@context\":\"https:\\\/\\\/schema.org\",\"@graph\":[{\"@type\":\"Article\",\"@id\":\"https:\\\/\\\/kosovatimes.info\\\/index.php\\\/2026\\\/04\\\/28\\\/shtate-persona-humben-jeten-dhe-13-u-plagosen-ne-nje-zjarr-ne-veri-te-moskes-thane-sherbimet-e-emergjences-per-tass\\\/#article\",\"isPartOf\":{\"@id\":\"https:\\\/\\\/kosovatimes.info\\\/index.php\\\/2026\\\/04\\\/28\\\/shtate-persona-humben-jeten-dhe-13-u-plagosen-ne-nje-zjarr-ne-veri-te-moskes-thane-sherbimet-e-emergjences-per-tass\\\/\"},\"author\":{\"name\":\"i l\",\"@id\":\"https:\\\/\\\/kosovatimes.info\\\/#\\\/schema\\\/person\\\/7586712b9c512fe68085de007378c915\"},\"headline\":\"Shtat\u00eb persona humb\u00ebn jet\u00ebn dhe 13 u plagos\u00ebn n\u00eb nj\u00eb zjarr n\u00eb veri t\u00eb Mosk\u00ebs\",\"datePublished\":\"2026-04-28T11:30:00+00:00\",\"dateModified\":\"2026-04-28T16:57:32+00:00\",\"mainEntityOfPage\":{\"@id\":\"https:\\\/\\\/kosovatimes.info\\\/index.php\\\/2026\\\/04\\\/28\\\/shtate-persona-humben-jeten-dhe-13-u-plagosen-ne-nje-zjarr-ne-veri-te-moskes-thane-sherbimet-e-emergjences-per-tass\\\/\"},\"wordCount\":189,\"commentCount\":0,\"image\":{\"@id\":\"https:\\\/\\\/kosovatimes.info\\\/index.php\\\/2026\\\/04\\\/28\\\/shtate-persona-humben-jeten-dhe-13-u-plagosen-ne-nje-zjarr-ne-veri-te-moskes-thane-sherbimet-e-emergjences-per-tass\\\/#primaryimage\"},\"thumbnailUrl\":\"https:\\\/\\\/kosovatimes.info\\\/wp-content\\\/uploads\\\/2026\\\/04\\\/zjarr-Moske.jpeg\",\"articleSection\":[\"Bot\u00eb\",\"Lajme\"],\"inLanguage\":\"en-US\",\"potentialAction\":[{\"@type\":\"CommentAction\",\"name\":\"Comment\",\"target\":[\"https:\\\/\\\/kosovatimes.info\\\/index.php\\\/2026\\\/04\\\/28\\\/shtate-persona-humben-jeten-dhe-13-u-plagosen-ne-nje-zjarr-ne-veri-te-moskes-thane-sherbimet-e-emergjences-per-tass\\\/#respond\"]}]},{\"@type\":\"WebPage\",\"@id\":\"https:\\\/\\\/kosovatimes.info\\\/index.php\\\/2026\\\/04\\\/28\\\/shtate-persona-humben-jeten-dhe-13-u-plagosen-ne-nje-zjarr-ne-veri-te-moskes-thane-sherbimet-e-emergjences-per-tass\\\/\",\"url\":\"https:\\\/\\\/kosovatimes.info\\\/index.php\\\/2026\\\/04\\\/28\\\/shtate-persona-humben-jeten-dhe-13-u-plagosen-ne-nje-zjarr-ne-veri-te-moskes-thane-sherbimet-e-emergjences-per-tass\\\/\",\"name\":\"Shtat\u00eb persona humb\u00ebn jet\u00ebn dhe 13 u plagos\u00ebn n\u00eb nj\u00eb zjarr n\u00eb veri t\u00eb Mosk\u00ebs - Kosova Times\",\"isPartOf\":{\"@id\":\"https:\\\/\\\/kosovatimes.info\\\/#website\"},\"primaryImageOfPage\":{\"@id\":\"https:\\\/\\\/kosovatimes.info\\\/index.php\\\/2026\\\/04\\\/28\\\/shtate-persona-humben-jeten-dhe-13-u-plagosen-ne-nje-zjarr-ne-veri-te-moskes-thane-sherbimet-e-emergjences-per-tass\\\/#primaryimage\"},\"image\":{\"@id\":\"https:\\\/\\\/kosovatimes.info\\\/index.php\\\/2026\\\/04\\\/28\\\/shtate-persona-humben-jeten-dhe-13-u-plagosen-ne-nje-zjarr-ne-veri-te-moskes-thane-sherbimet-e-emergjences-per-tass\\\/#primaryimage\"},\"thumbnailUrl\":\"https:\\\/\\\/kosovatimes.info\\\/wp-content\\\/uploads\\\/2026\\\/04\\\/zjarr-Moske.jpeg\",\"datePublished\":\"2026-04-28T11:30:00+00:00\",\"dateModified\":\"2026-04-28T16:57:32+00:00\",\"author\":{\"@id\":\"https:\\\/\\\/kosovatimes.info\\\/#\\\/schema\\\/person\\\/7586712b9c512fe68085de007378c915\"},\"breadcrumb\":{\"@id\":\"https:\\\/\\\/kosovatimes.info\\\/index.php\\\/2026\\\/04\\\/28\\\/shtate-persona-humben-jeten-dhe-13-u-plagosen-ne-nje-zjarr-ne-veri-te-moskes-thane-sherbimet-e-emergjences-per-tass\\\/#breadcrumb\"},\"inLanguage\":\"en-US\",\"potentialAction\":[{\"@type\":\"ReadAction\",\"target\":[\"https:\\\/\\\/kosovatimes.info\\\/index.php\\\/2026\\\/04\\\/28\\\/shtate-persona-humben-jeten-dhe-13-u-plagosen-ne-nje-zjarr-ne-veri-te-moskes-thane-sherbimet-e-emergjences-per-tass\\\/\"]}]},{\"@type\":\"ImageObject\",\"inLanguage\":\"en-US\",\"@id\":\"https:\\\/\\\/kosovatimes.info\\\/index.php\\\/2026\\\/04\\\/28\\\/shtate-persona-humben-jeten-dhe-13-u-plagosen-ne-nje-zjarr-ne-veri-te-moskes-thane-sherbimet-e-emergjences-per-tass\\\/#primaryimage\",\"url\":\"https:\\\/\\\/kosovatimes.info\\\/wp-content\\\/uploads\\\/2026\\\/04\\\/zjarr-Moske.jpeg\",\"contentUrl\":\"https:\\\/\\\/kosovatimes.info\\\/wp-content\\\/uploads\\\/2026\\\/04\\\/zjarr-Moske.jpeg\",\"width\":300,\"height\":168},{\"@type\":\"BreadcrumbList\",\"@id\":\"https:\\\/\\\/kosovatimes.info\\\/index.php\\\/2026\\\/04\\\/28\\\/shtate-persona-humben-jeten-dhe-13-u-plagosen-ne-nje-zjarr-ne-veri-te-moskes-thane-sherbimet-e-emergjences-per-tass\\\/#breadcrumb\",\"itemListElement\":[{\"@type\":\"ListItem\",\"position\":1,\"name\":\"Home\",\"item\":\"https:\\\/\\\/kosovatimes.info\\\/\"},{\"@type\":\"ListItem\",\"position\":2,\"name\":\"Shtat\u00eb persona humb\u00ebn jet\u00ebn dhe 13 u plagos\u00ebn n\u00eb nj\u00eb zjarr n\u00eb veri t\u00eb Mosk\u00ebs\"}]},{\"@type\":\"WebSite\",\"@id\":\"https:\\\/\\\/kosovatimes.info\\\/#website\",\"url\":\"https:\\\/\\\/kosovatimes.info\\\/\",\"name\":\"Kosova Times\",\"description\":\"\",\"potentialAction\":[{\"@type\":\"SearchAction\",\"target\":{\"@type\":\"EntryPoint\",\"urlTemplate\":\"https:\\\/\\\/kosovatimes.info\\\/?s={search_term_string}\"},\"query-input\":{\"@type\":\"PropertyValueSpecification\",\"valueRequired\":true,\"valueName\":\"search_term_string\"}}],\"inLanguage\":\"en-US\"},{\"@type\":\"Person\",\"@id\":\"https:\\\/\\\/kosovatimes.info\\\/#\\\/schema\\\/person\\\/7586712b9c512fe68085de007378c915\",\"name\":\"i l\",\"image\":{\"@type\":\"ImageObject\",\"inLanguage\":\"en-US\",\"@id\":\"https:\\\/\\\/secure.gravatar.com\\\/avatar\\\/bad9296e02816160ae2e2435beda58222022298d5625d49fea74d18816fbb31d?s=96&d=mm&r=g\",\"url\":\"https:\\\/\\\/secure.gravatar.com\\\/avatar\\\/bad9296e02816160ae2e2435beda58222022298d5625d49fea74d18816fbb31d?s=96&d=mm&r=g\",\"contentUrl\":\"https:\\\/\\\/secure.gravatar.com\\\/avatar\\\/bad9296e02816160ae2e2435beda58222022298d5625d49fea74d18816fbb31d?s=96&d=mm&r=g\",\"caption\":\"i l\"},\"url\":\"https:\\\/\\\/kosovatimes.info\\\/index.php\\\/author\\\/iliri\\\/\"}]}<\/script>\n<!-- \/ Yoast SEO plugin. -->","yoast_head_json":{"title":"Shtat\u00eb persona humb\u00ebn jet\u00ebn dhe 13 u plagos\u00ebn n\u00eb nj\u00eb zjarr n\u00eb veri t\u00eb Mosk\u00ebs - Kosova Times","robots":{"index":"index","follow":"follow","max-snippet":"max-snippet:-1","max-image-preview":"max-image-preview:large","max-video-preview":"max-video-preview:-1"},"canonical":"https:\/\/kosovatimes.info\/index.php\/2026\/04\/28\/shtate-persona-humben-jeten-dhe-13-u-plagosen-ne-nje-zjarr-ne-veri-te-moskes-thane-sherbimet-e-emergjences-per-tass\/","og_locale":"en_US","og_type":"article","og_title":"Shtat\u00eb persona humb\u00ebn jet\u00ebn dhe 13 u plagos\u00ebn n\u00eb nj\u00eb zjarr n\u00eb veri t\u00eb Mosk\u00ebs - Kosova Times","og_description":"Zjarri ndodhi n\u00eb nj\u00eb nd\u00ebrtes\u00eb banimi n\u00eb nd\u00ebrtim e sip\u00ebr n\u00eb adres\u00ebn 14 t\u00eb rrug\u00ebs s\u00eb dyt\u00eb Ambulatorny Proezd. Agjencia pretendon se b\u00ebhej fjal\u00eb p\u00ebr nj\u00eb kompleks luksoz banimi n\u00eb nd\u00ebrtim e sip\u00ebr. Zjarri ndodhi n\u00eb katin e dyt\u00eb dhe t\u00eb tret\u00eb.Zjarri fillimisht u vler\u00ebsua si niveli 5, niveli m\u00eb i lart\u00eb, por m\u00eb von\u00eb [&hellip;]","og_url":"https:\/\/kosovatimes.info\/index.php\/2026\/04\/28\/shtate-persona-humben-jeten-dhe-13-u-plagosen-ne-nje-zjarr-ne-veri-te-moskes-thane-sherbimet-e-emergjences-per-tass\/","og_site_name":"Kosova Times","article_published_time":"2026-04-28T11:30:00+00:00","article_modified_time":"2026-04-28T16:57:32+00:00","og_image":[{"width":300,"height":168,"url":"https:\/\/kosovatimes.info\/wp-content\/uploads\/2026\/04\/zjarr-Moske.jpeg","type":"image\/jpeg"}],"author":"i l","twitter_card":"summary_large_image","twitter_misc":{"Written by":"i l","Est. reading time":"1 minute"},"schema":{"@context":"https:\/\/schema.org","@graph":[{"@type":"Article","@id":"https:\/\/kosovatimes.info\/index.php\/2026\/04\/28\/shtate-persona-humben-jeten-dhe-13-u-plagosen-ne-nje-zjarr-ne-veri-te-moskes-thane-sherbimet-e-emergjences-per-tass\/#article","isPartOf":{"@id":"https:\/\/kosovatimes.info\/index.php\/2026\/04\/28\/shtate-persona-humben-jeten-dhe-13-u-plagosen-ne-nje-zjarr-ne-veri-te-moskes-thane-sherbimet-e-emergjences-per-tass\/"},"author":{"name":"i l","@id":"https:\/\/kosovatimes.info\/#\/schema\/person\/7586712b9c512fe68085de007378c915"},"headline":"Shtat\u00eb persona humb\u00ebn jet\u00ebn dhe 13 u plagos\u00ebn n\u00eb nj\u00eb zjarr n\u00eb veri t\u00eb Mosk\u00ebs","datePublished":"2026-04-28T11:30:00+00:00","dateModified":"2026-04-28T16:57:32+00:00","mainEntityOfPage":{"@id":"https:\/\/kosovatimes.info\/index.php\/2026\/04\/28\/shtate-persona-humben-jeten-dhe-13-u-plagosen-ne-nje-zjarr-ne-veri-te-moskes-thane-sherbimet-e-emergjences-per-tass\/"},"wordCount":189,"commentCount":0,"image":{"@id":"https:\/\/kosovatimes.info\/index.php\/2026\/04\/28\/shtate-persona-humben-jeten-dhe-13-u-plagosen-ne-nje-zjarr-ne-veri-te-moskes-thane-sherbimet-e-emergjences-per-tass\/#primaryimage"},"thumbnailUrl":"https:\/\/kosovatimes.info\/wp-content\/uploads\/2026\/04\/zjarr-Moske.jpeg","articleSection":["Bot\u00eb","Lajme"],"inLanguage":"en-US","potentialAction":[{"@type":"CommentAction","name":"Comment","target":["https:\/\/kosovatimes.info\/index.php\/2026\/04\/28\/shtate-persona-humben-jeten-dhe-13-u-plagosen-ne-nje-zjarr-ne-veri-te-moskes-thane-sherbimet-e-emergjences-per-tass\/#respond"]}]},{"@type":"WebPage","@id":"https:\/\/kosovatimes.info\/index.php\/2026\/04\/28\/shtate-persona-humben-jeten-dhe-13-u-plagosen-ne-nje-zjarr-ne-veri-te-moskes-thane-sherbimet-e-emergjences-per-tass\/","url":"https:\/\/kosovatimes.info\/index.php\/2026\/04\/28\/shtate-persona-humben-jeten-dhe-13-u-plagosen-ne-nje-zjarr-ne-veri-te-moskes-thane-sherbimet-e-emergjences-per-tass\/","name":"Shtat\u00eb persona humb\u00ebn jet\u00ebn dhe 13 u plagos\u00ebn n\u00eb nj\u00eb zjarr n\u00eb veri t\u00eb Mosk\u00ebs - Kosova Times","isPartOf":{"@id":"https:\/\/kosovatimes.info\/#website"},"primaryImageOfPage":{"@id":"https:\/\/kosovatimes.info\/index.php\/2026\/04\/28\/shtate-persona-humben-jeten-dhe-13-u-plagosen-ne-nje-zjarr-ne-veri-te-moskes-thane-sherbimet-e-emergjences-per-tass\/#primaryimage"},"image":{"@id":"https:\/\/kosovatimes.info\/index.php\/2026\/04\/28\/shtate-persona-humben-jeten-dhe-13-u-plagosen-ne-nje-zjarr-ne-veri-te-moskes-thane-sherbimet-e-emergjences-per-tass\/#primaryimage"},"thumbnailUrl":"https:\/\/kosovatimes.info\/wp-content\/uploads\/2026\/04\/zjarr-Moske.jpeg","datePublished":"2026-04-28T11:30:00+00:00","dateModified":"2026-04-28T16:57:32+00:00","author":{"@id":"https:\/\/kosovatimes.info\/#\/schema\/person\/7586712b9c512fe68085de007378c915"},"breadcrumb":{"@id":"https:\/\/kosovatimes.info\/index.php\/2026\/04\/28\/shtate-persona-humben-jeten-dhe-13-u-plagosen-ne-nje-zjarr-ne-veri-te-moskes-thane-sherbimet-e-emergjences-per-tass\/#breadcrumb"},"inLanguage":"en-US","potentialAction":[{"@type":"ReadAction","target":["https:\/\/kosovatimes.info\/index.php\/2026\/04\/28\/shtate-persona-humben-jeten-dhe-13-u-plagosen-ne-nje-zjarr-ne-veri-te-moskes-thane-sherbimet-e-emergjences-per-tass\/"]}]},{"@type":"ImageObject","inLanguage":"en-US","@id":"https:\/\/kosovatimes.info\/index.php\/2026\/04\/28\/shtate-persona-humben-jeten-dhe-13-u-plagosen-ne-nje-zjarr-ne-veri-te-moskes-thane-sherbimet-e-emergjences-per-tass\/#primaryimage","url":"https:\/\/kosovatimes.info\/wp-content\/uploads\/2026\/04\/zjarr-Moske.jpeg","contentUrl":"https:\/\/kosovatimes.info\/wp-content\/uploads\/2026\/04\/zjarr-Moske.jpeg","width":300,"height":168},{"@type":"BreadcrumbList","@id":"https:\/\/kosovatimes.info\/index.php\/2026\/04\/28\/shtate-persona-humben-jeten-dhe-13-u-plagosen-ne-nje-zjarr-ne-veri-te-moskes-thane-sherbimet-e-emergjences-per-tass\/#breadcrumb","itemListElement":[{"@type":"ListItem","position":1,"name":"Home","item":"https:\/\/kosovatimes.info\/"},{"@type":"ListItem","position":2,"name":"Shtat\u00eb persona humb\u00ebn jet\u00ebn dhe 13 u plagos\u00ebn n\u00eb nj\u00eb zjarr n\u00eb veri t\u00eb Mosk\u00ebs"}]},{"@type":"WebSite","@id":"https:\/\/kosovatimes.info\/#website","url":"https:\/\/kosovatimes.info\/","name":"Kosova Times","description":"","potentialAction":[{"@type":"SearchAction","target":{"@type":"EntryPoint","urlTemplate":"https:\/\/kosovatimes.info\/?s={search_term_string}"},"query-input":{"@type":"PropertyValueSpecification","valueRequired":true,"valueName":"search_term_string"}}],"inLanguage":"en-US"},{"@type":"Person","@id":"https:\/\/kosovatimes.info\/#\/schema\/person\/7586712b9c512fe68085de007378c915","name":"i l","image":{"@type":"ImageObject","inLanguage":"en-US","@id":"https:\/\/secure.gravatar.com\/avatar\/bad9296e02816160ae2e2435beda58222022298d5625d49fea74d18816fbb31d?s=96&d=mm&r=g","url":"https:\/\/secure.gravatar.com\/avatar\/bad9296e02816160ae2e2435beda58222022298d5625d49fea74d18816fbb31d?s=96&d=mm&r=g","contentUrl":"https:\/\/secure.gravatar.com\/avatar\/bad9296e02816160ae2e2435beda58222022298d5625d49fea74d18816fbb31d?s=96&d=mm&r=g","caption":"i l"},"url":"https:\/\/kosovatimes.info\/index.php\/author\/iliri\/"}]}},"_links":{"self":[{"href":"https:\/\/kosovatimes.info\/index.php\/wp-json\/wp\/v2\/posts\/12271","targetHints":{"allow":["GET"]}}],"collection":[{"href":"https:\/\/kosovatimes.info\/index.php\/wp-json\/wp\/v2\/posts"}],"about":[{"href":"https:\/\/kosovatimes.info\/index.php\/wp-json\/wp\/v2\/types\/post"}],"author":[{"embeddable":true,"href":"https:\/\/kosovatimes.info\/index.php\/wp-json\/wp\/v2\/users\/4"}],"replies":[{"embeddable":true,"href":"https:\/\/kosovatimes.info\/index.php\/wp-json\/wp\/v2\/comments?post=12271"}],"version-history":[{"count":2,"href":"https:\/\/kosovatimes.info\/index.php\/wp-json\/wp\/v2\/posts\/12271\/revisions"}],"predecessor-version":[{"id":12274,"href":"https:\/\/kosovatimes.info\/index.php\/wp-json\/wp\/v2\/posts\/12271\/revisions\/12274"}],"wp:featuredmedia":[{"embeddable":true,"href":"https:\/\/kosovatimes.info\/index.php\/wp-json\/wp\/v2\/media\/12272"}],"wp:attachment":[{"href":"https:\/\/kosovatimes.info\/index.php\/wp-json\/wp\/v2\/media?parent=12271"}],"wp:term":[{"taxonomy":"category","embeddable":true,"href":"https:\/\/kosovatimes.info\/index.php\/wp-json\/wp\/v2\/categories?post=12271"},{"taxonomy":"post_tag","embeddable":true,"href":"https:\/\/kosovatimes.info\/index.php\/wp-json\/wp\/v2\/tags?post=12271"}],"curies":[{"name":"wp","href":"https:\/\/api.w.org\/{rel}","templated":true}]}}