{"id":12282,"date":"2026-04-28T19:03:27","date_gmt":"2026-04-28T17:03:27","guid":{"rendered":"https:\/\/kosovatimes.info\/?p=12282"},"modified":"2026-04-28T19:03:29","modified_gmt":"2026-04-28T17:03:29","slug":"89-vjecari-donte-te-sulmonte-strasburgun","status":"publish","type":"post","link":"https:\/\/kosovatimes.info\/index.php\/2026\/04\/28\/89-vjecari-donte-te-sulmonte-strasburgun\/","title":{"rendered":"89-vje\u00e7ari donte t\u00eb sulmonte Strasburgun"},"content":{"rendered":"\n<p>Nj\u00eb sulm n\u00eb&nbsp;<strong><a href=\"https:\/\/www.kathimerini.gr\/tag\/strasvoyrgo\/\" target=\"_blank\" rel=\"noreferrer noopener\">Strasburg<\/a><\/strong>&nbsp;ishte planifikuar, sipas asaj q\u00eb shkroi n\u00eb nj\u00eb let\u00ebr, nga 89-vje\u00e7ari, i cili nisi sot nj\u00eb&nbsp;<a href=\"https:\/\/www.kathimerini.gr\/tag\/epithesi\/\" target=\"_blank\" rel=\"noreferrer noopener\">sulm<\/a>&nbsp;t\u00eb dyfisht\u00eb t\u00eb armatosur n\u00eb EFKA Kerameikos dhe gjykatat e Loukareos, duke plagosur gjithsej pes\u00eb persona.&nbsp;<\/p>\n\n\n\n<p>Sipas informacioneve nga &#8220;K&#8221;, burri, i cili udh\u00ebtoi me taksi p\u00ebr n\u00eb Patra dhe u pa n\u00eb nj\u00eb hotel pran\u00eb stacionit t\u00eb autobus\u00ebve, me nj\u00eb arm\u00eb n\u00eb zot\u00ebrim,&nbsp;<strong>kishte rezervuar tashm\u00eb nj\u00eb bilet\u00eb p\u00ebr n\u00eb Italin\u00eb fqinje, t\u00eb cil\u00ebn madje e tregoi n\u00eb pritje<\/strong>&nbsp;. I moshuari dyshohet se planifikonte t\u00eb udh\u00ebtonte p\u00ebr n\u00eb Strasburg n\u00ebp\u00ebrmjet Italis\u00eb.&nbsp;<\/p>\n\n\n\n<figure class=\"wp-block-image\"><img decoding=\"async\" src=\"https:\/\/www.kathimerini.gr\/wp-content\/uploads\/2026\/04\/Screenshot_2026-04-28_193453-960x344.jpg?1777394225579\" alt=\"89-vje\u00e7ari donte t\u00eb sulmonte Strasburgun \u2013 Bileta jasht\u00eb vendit-1\"\/><figcaption class=\"wp-element-caption\">Arma q\u00eb kishte me vete 89-vje\u00e7ari<\/figcaption><\/figure>\n\n\n\n<p>U publikua gjithashtu nj\u00eb foto e arm\u00ebs q\u00eb mbante me vete autori i moshuar. Sipas informacioneve, ishte nj\u00eb arm\u00eb kalibri .38, e cila ishte e mbushur.<\/p>\n\n\n\n<p>Burri thuhet se hyri n\u00eb hotel si klient dhe u ndal shkurtimisht n\u00eb bar.<\/p>\n\n\n\n<p>Punonj\u00ebsit e hotelit i than\u00eb gazet\u00ebs lokale thebest.gr se ai ishte i g\u00ebzuar dhe i buz\u00ebqeshur, por tregonte shenja t\u00eb paq\u00ebndrueshm\u00ebris\u00eb mendore. Ai nuk i rezistoi arrestimit dhe, nd\u00ebrsa po largohej, tha: &#8220;Do t\u00eb m\u00eb shihni n\u00eb lajme sonte.&#8221;Kronika<\/p>\n\n\n\n<p>Pak pas or\u00ebs 10:00 t\u00eb m\u00ebngjesit, 89-vje\u00e7ari hyri n\u00eb zyrat e EFKA-s\u00eb, i veshur me nj\u00eb xhaket\u00eb tren\u00e7i me ngjyr\u00eb t\u00eb err\u00ebt, n\u00eb t\u00eb cil\u00ebn kishte fshehur pushk\u00ebn, dhe u drejtua p\u00ebr n\u00eb katin e kat\u00ebrt t\u00eb nd\u00ebrtes\u00ebs, drejt zyr\u00ebs s\u00eb Regjistrimit.&nbsp;<\/p>\n\n\n\n<p>Atje ai nxori pushk\u00ebn e tij dhe e drejtoi nga punonj\u00ebsit. Madje i k\u00ebrkoi nj\u00ebrit prej punonj\u00ebsve t\u00eb p\u00ebrkulej dhe pastaj q\u00eblloi nj\u00eb tjet\u00ebr n\u00eb k\u00ebmb\u00eb.&nbsp;<\/p>\n\n\n\n<p>Rreth nj\u00eb or\u00eb pas incidentit t\u00eb par\u00eb, 89-vje\u00e7ari mb\u00ebrriti n\u00eb Gjykat\u00ebn e Magjistratur\u00ebs, ku arriti t\u00eb hynte n\u00eb nd\u00ebrtes\u00eb, duke kaluar kontrollin e siguris\u00eb pa u v\u00ebn\u00eb re, duke mbajtur me vete nj\u00eb pushk\u00eb gjahu t\u00eb prer\u00eb.<\/p>\n\n\n\n<p>Pasi hyri n\u00eb nd\u00ebrtes\u00eb, ai u drejtua p\u00ebr n\u00eb nj\u00eb zyr\u00eb, ku, sipas d\u00ebshmitar\u00ebve, hapi zjarr. Si\u00e7 raportohet nga ERT, ai nuk dukej se po synonte individ\u00eb t\u00eb caktuar, por shrapnelat nga t\u00eb sht\u00ebnat plagos\u00ebn kat\u00ebr persona.<\/p>\n\n\n\n<p>Sipas raportimeve, p\u00ebrpara se t\u00eb largohej, i moshuari hodhi letra n\u00ebp\u00ebr zon\u00eb, duke shkruar: &#8220;N\u00eb to do t\u00eb gjeni arsyet pse b\u00ebra at\u00eb q\u00eb b\u00ebra&#8221;.<\/p>\n\n\n\n<h3 class=\"wp-block-heading\">\u00c7far\u00eb tha ai n\u00eb letr\u00ebn e tij?&nbsp;<\/h3>\n\n\n\n<p>Zot\u00ebrinj t\u00eb gazetave, mir\u00ebm\u00ebngjes. Ky \u00ebsht\u00eb (\u2026) Un\u00eb kam lindur n\u00eb Mesini n\u00eb vitin 1937 dhe u bashkova me ushtrin\u00eb n\u00eb vitin 1959.<\/p>\n\n\n\n<p>N\u00eb vitin 1962 shkova n\u00eb Berlin p\u00ebr pun\u00eb dhe shkoll\u00eb. N\u00eb vitin 1970 udh\u00ebtova dhe u vendosa n\u00eb \u00c7ikago. N\u00eb vitin 2005 b\u00ebra k\u00ebrkes\u00eb p\u00ebr pension n\u00eb \u00c7ikago dhe Amerika m\u00eb dha pensionin brenda dy muajsh. Gjithashtu b\u00ebra k\u00ebrkes\u00eb p\u00ebr kart\u00ebn gjermane n\u00eb \u00c7ikago dhe brenda gjasht\u00eb muajsh m\u00eb d\u00ebrguan pensionin e p\u00ebrzier gjerman.<\/p>\n\n\n\n<p>N\u00eb t\u00eb nj\u00ebjt\u00ebn zyr\u00eb dhe n\u00eb t\u00eb nj\u00ebjt\u00ebn koh\u00eb, s\u00eb bashku me dy kartat, dor\u00ebzova edhe IKA-n greke: librez\u00ebn e pull\u00ebs dhe librez\u00ebn e s\u00ebmundjes. Amerikan\u00ebt m\u00eb than\u00eb se do t&#8217;i d\u00ebrgonin dokumentet n\u00eb Greqi dhe m\u00eb dhan\u00eb dy nga kopjet dhe disa dokumente t\u00eb tjera. Q\u00eb kur shkuan n\u00eb Greqi, filluan problemet e m\u00ebdha me IKA-n greke dhe gjykatat greke.<\/p>\n\n\n\n<p>IKA greke, ky komitet n\u00eb Sheshin e Atik\u00ebs, kur m\u00eb thirr\u00ebn n\u00eb zyr\u00ebn e tyre, m\u00eb fyen n\u00eb m\u00ebnyr\u00eb vulgare dhe m\u00eb quajt\u00ebn &#8220;jeni\u00e7er&#8221; sepse erdha n\u00eb Greqin\u00eb e tyre dhe k\u00ebrkova pension; edhe un\u00eb i fyeva ata. Dhe IKA greke, meqen\u00ebse e ka stilolapsin dhe stilolapsi ka pushtetin, s\u00eb pari falsifikoi nj\u00eb let\u00ebr dhe s\u00eb dyti m\u00eb sabotoi, duke i shkruar nj\u00eb let\u00ebr IKA gjermane ku thoshte se nuk do t\u00eb m\u00eb jepnin pension grek.<\/p>\n\n\n\n<p>PS: Sh\u00ebrbimet publike, gjykatat greke dhe IKA greke m\u00eb trajtuan k\u00ebtu n\u00eb Greqi &#8211; ku erdha dhe kam qen\u00eb prej 20 vjet\u00ebsh, me nj\u00eb pension n\u00eb SHBA prej 2,600 dollar\u00ebsh n\u00eb muaj, p\u00ebr 20 vjet &#8211; mbi gjysm\u00eb milioni dollar\u00eb &#8211; si nj\u00eb qen endacak q\u00eb e rrahin dhe e shqelmojn\u00eb.<\/p>\n\n\n\n<p>Dhe un\u00eb, qeni, tani jam i t\u00ebrbuar dhe jam i t\u00ebrbuar dhe nj\u00eb dit\u00eb do t\u00eb shkoj n\u00eb zyra dhe do t&#8217;i kafshoj, q\u00eb edhe ata t\u00eb t\u00ebrbohen.<\/p>\n","protected":false},"excerpt":{"rendered":"<p>Nj\u00eb sulm n\u00eb&nbsp;Strasburg&nbsp;ishte planifikuar, sipas asaj q\u00eb shkroi n\u00eb nj\u00eb let\u00ebr, nga 89-vje\u00e7ari, i cili nisi sot nj\u00eb&nbsp;sulm&nbsp;t\u00eb dyfisht\u00eb t\u00eb armatosur n\u00eb EFKA Kerameikos dhe gjykatat e Loukareos, duke plagosur gjithsej pes\u00eb persona.&nbsp; Sipas informacioneve nga &#8220;K&#8221;, burri, i cili udh\u00ebtoi me taksi p\u00ebr n\u00eb Patra dhe u pa n\u00eb nj\u00eb hotel pran\u00eb stacionit t\u00eb [&hellip;]<\/p>\n","protected":false},"author":4,"featured_media":12283,"comment_status":"open","ping_status":"open","sticky":false,"template":"","format":"standard","meta":{"footnotes":""},"categories":[30,32],"tags":[],"class_list":{"0":"post-12282","1":"post","2":"type-post","3":"status-publish","4":"format-standard","5":"has-post-thumbnail","7":"category-lajme","8":"category-rajon"},"yoast_head":"<!-- This site is optimized with the Yoast SEO plugin v27.4 - https:\/\/yoast.com\/product\/yoast-seo-wordpress\/ -->\n<title>89-vje\u00e7ari donte t\u00eb sulmonte Strasburgun - Kosova Times<\/title>\n<meta name=\"robots\" content=\"index, follow, max-snippet:-1, max-image-preview:large, max-video-preview:-1\" \/>\n<link rel=\"canonical\" href=\"https:\/\/kosovatimes.info\/index.php\/2026\/04\/28\/89-vjecari-donte-te-sulmonte-strasburgun\/\" \/>\n<meta property=\"og:locale\" content=\"en_US\" \/>\n<meta property=\"og:type\" content=\"article\" \/>\n<meta property=\"og:title\" content=\"89-vje\u00e7ari donte t\u00eb sulmonte Strasburgun - Kosova Times\" \/>\n<meta property=\"og:description\" content=\"Nj\u00eb sulm n\u00eb&nbsp;Strasburg&nbsp;ishte planifikuar, sipas asaj q\u00eb shkroi n\u00eb nj\u00eb let\u00ebr, nga 89-vje\u00e7ari, i cili nisi sot nj\u00eb&nbsp;sulm&nbsp;t\u00eb dyfisht\u00eb t\u00eb armatosur n\u00eb EFKA Kerameikos dhe gjykatat e Loukareos, duke plagosur gjithsej pes\u00eb persona.&nbsp; Sipas informacioneve nga &#8220;K&#8221;, burri, i cili udh\u00ebtoi me taksi p\u00ebr n\u00eb Patra dhe u pa n\u00eb nj\u00eb hotel pran\u00eb stacionit t\u00eb [&hellip;]\" \/>\n<meta property=\"og:url\" content=\"https:\/\/kosovatimes.info\/index.php\/2026\/04\/28\/89-vjecari-donte-te-sulmonte-strasburgun\/\" \/>\n<meta property=\"og:site_name\" content=\"Kosova Times\" \/>\n<meta property=\"article:published_time\" content=\"2026-04-28T17:03:27+00:00\" \/>\n<meta property=\"article:modified_time\" content=\"2026-04-28T17:03:29+00:00\" \/>\n<meta property=\"og:image\" content=\"https:\/\/kosovatimes.info\/wp-content\/uploads\/2026\/04\/Greqi.jpg\" \/>\n\t<meta property=\"og:image:width\" content=\"760\" \/>\n\t<meta property=\"og:image:height\" content=\"537\" \/>\n\t<meta property=\"og:image:type\" content=\"image\/jpeg\" \/>\n<meta name=\"author\" content=\"i l\" \/>\n<meta name=\"twitter:card\" content=\"summary_large_image\" \/>\n<meta name=\"twitter:label1\" content=\"Written by\" \/>\n\t<meta name=\"twitter:data1\" content=\"i l\" \/>\n\t<meta name=\"twitter:label2\" content=\"Est. reading time\" \/>\n\t<meta name=\"twitter:data2\" content=\"2 minutes\" \/>\n<script type=\"application\/ld+json\" class=\"yoast-schema-graph\">{\"@context\":\"https:\\\/\\\/schema.org\",\"@graph\":[{\"@type\":\"Article\",\"@id\":\"https:\\\/\\\/kosovatimes.info\\\/index.php\\\/2026\\\/04\\\/28\\\/89-vjecari-donte-te-sulmonte-strasburgun\\\/#article\",\"isPartOf\":{\"@id\":\"https:\\\/\\\/kosovatimes.info\\\/index.php\\\/2026\\\/04\\\/28\\\/89-vjecari-donte-te-sulmonte-strasburgun\\\/\"},\"author\":{\"name\":\"i l\",\"@id\":\"https:\\\/\\\/kosovatimes.info\\\/#\\\/schema\\\/person\\\/7586712b9c512fe68085de007378c915\"},\"headline\":\"89-vje\u00e7ari donte t\u00eb sulmonte Strasburgun\",\"datePublished\":\"2026-04-28T17:03:27+00:00\",\"dateModified\":\"2026-04-28T17:03:29+00:00\",\"mainEntityOfPage\":{\"@id\":\"https:\\\/\\\/kosovatimes.info\\\/index.php\\\/2026\\\/04\\\/28\\\/89-vjecari-donte-te-sulmonte-strasburgun\\\/\"},\"wordCount\":760,\"commentCount\":0,\"image\":{\"@id\":\"https:\\\/\\\/kosovatimes.info\\\/index.php\\\/2026\\\/04\\\/28\\\/89-vjecari-donte-te-sulmonte-strasburgun\\\/#primaryimage\"},\"thumbnailUrl\":\"https:\\\/\\\/kosovatimes.info\\\/wp-content\\\/uploads\\\/2026\\\/04\\\/Greqi.jpg\",\"articleSection\":[\"Lajme\",\"Rajon\"],\"inLanguage\":\"en-US\",\"potentialAction\":[{\"@type\":\"CommentAction\",\"name\":\"Comment\",\"target\":[\"https:\\\/\\\/kosovatimes.info\\\/index.php\\\/2026\\\/04\\\/28\\\/89-vjecari-donte-te-sulmonte-strasburgun\\\/#respond\"]}]},{\"@type\":\"WebPage\",\"@id\":\"https:\\\/\\\/kosovatimes.info\\\/index.php\\\/2026\\\/04\\\/28\\\/89-vjecari-donte-te-sulmonte-strasburgun\\\/\",\"url\":\"https:\\\/\\\/kosovatimes.info\\\/index.php\\\/2026\\\/04\\\/28\\\/89-vjecari-donte-te-sulmonte-strasburgun\\\/\",\"name\":\"89-vje\u00e7ari donte t\u00eb sulmonte Strasburgun - Kosova Times\",\"isPartOf\":{\"@id\":\"https:\\\/\\\/kosovatimes.info\\\/#website\"},\"primaryImageOfPage\":{\"@id\":\"https:\\\/\\\/kosovatimes.info\\\/index.php\\\/2026\\\/04\\\/28\\\/89-vjecari-donte-te-sulmonte-strasburgun\\\/#primaryimage\"},\"image\":{\"@id\":\"https:\\\/\\\/kosovatimes.info\\\/index.php\\\/2026\\\/04\\\/28\\\/89-vjecari-donte-te-sulmonte-strasburgun\\\/#primaryimage\"},\"thumbnailUrl\":\"https:\\\/\\\/kosovatimes.info\\\/wp-content\\\/uploads\\\/2026\\\/04\\\/Greqi.jpg\",\"datePublished\":\"2026-04-28T17:03:27+00:00\",\"dateModified\":\"2026-04-28T17:03:29+00:00\",\"author\":{\"@id\":\"https:\\\/\\\/kosovatimes.info\\\/#\\\/schema\\\/person\\\/7586712b9c512fe68085de007378c915\"},\"breadcrumb\":{\"@id\":\"https:\\\/\\\/kosovatimes.info\\\/index.php\\\/2026\\\/04\\\/28\\\/89-vjecari-donte-te-sulmonte-strasburgun\\\/#breadcrumb\"},\"inLanguage\":\"en-US\",\"potentialAction\":[{\"@type\":\"ReadAction\",\"target\":[\"https:\\\/\\\/kosovatimes.info\\\/index.php\\\/2026\\\/04\\\/28\\\/89-vjecari-donte-te-sulmonte-strasburgun\\\/\"]}]},{\"@type\":\"ImageObject\",\"inLanguage\":\"en-US\",\"@id\":\"https:\\\/\\\/kosovatimes.info\\\/index.php\\\/2026\\\/04\\\/28\\\/89-vjecari-donte-te-sulmonte-strasburgun\\\/#primaryimage\",\"url\":\"https:\\\/\\\/kosovatimes.info\\\/wp-content\\\/uploads\\\/2026\\\/04\\\/Greqi.jpg\",\"contentUrl\":\"https:\\\/\\\/kosovatimes.info\\\/wp-content\\\/uploads\\\/2026\\\/04\\\/Greqi.jpg\",\"width\":760,\"height\":537},{\"@type\":\"BreadcrumbList\",\"@id\":\"https:\\\/\\\/kosovatimes.info\\\/index.php\\\/2026\\\/04\\\/28\\\/89-vjecari-donte-te-sulmonte-strasburgun\\\/#breadcrumb\",\"itemListElement\":[{\"@type\":\"ListItem\",\"position\":1,\"name\":\"Home\",\"item\":\"https:\\\/\\\/kosovatimes.info\\\/\"},{\"@type\":\"ListItem\",\"position\":2,\"name\":\"89-vje\u00e7ari donte t\u00eb sulmonte Strasburgun\"}]},{\"@type\":\"WebSite\",\"@id\":\"https:\\\/\\\/kosovatimes.info\\\/#website\",\"url\":\"https:\\\/\\\/kosovatimes.info\\\/\",\"name\":\"Kosova Times\",\"description\":\"\",\"potentialAction\":[{\"@type\":\"SearchAction\",\"target\":{\"@type\":\"EntryPoint\",\"urlTemplate\":\"https:\\\/\\\/kosovatimes.info\\\/?s={search_term_string}\"},\"query-input\":{\"@type\":\"PropertyValueSpecification\",\"valueRequired\":true,\"valueName\":\"search_term_string\"}}],\"inLanguage\":\"en-US\"},{\"@type\":\"Person\",\"@id\":\"https:\\\/\\\/kosovatimes.info\\\/#\\\/schema\\\/person\\\/7586712b9c512fe68085de007378c915\",\"name\":\"i l\",\"image\":{\"@type\":\"ImageObject\",\"inLanguage\":\"en-US\",\"@id\":\"https:\\\/\\\/secure.gravatar.com\\\/avatar\\\/bad9296e02816160ae2e2435beda58222022298d5625d49fea74d18816fbb31d?s=96&d=mm&r=g\",\"url\":\"https:\\\/\\\/secure.gravatar.com\\\/avatar\\\/bad9296e02816160ae2e2435beda58222022298d5625d49fea74d18816fbb31d?s=96&d=mm&r=g\",\"contentUrl\":\"https:\\\/\\\/secure.gravatar.com\\\/avatar\\\/bad9296e02816160ae2e2435beda58222022298d5625d49fea74d18816fbb31d?s=96&d=mm&r=g\",\"caption\":\"i l\"},\"url\":\"https:\\\/\\\/kosovatimes.info\\\/index.php\\\/author\\\/iliri\\\/\"}]}<\/script>\n<!-- \/ Yoast SEO plugin. -->","yoast_head_json":{"title":"89-vje\u00e7ari donte t\u00eb sulmonte Strasburgun - Kosova Times","robots":{"index":"index","follow":"follow","max-snippet":"max-snippet:-1","max-image-preview":"max-image-preview:large","max-video-preview":"max-video-preview:-1"},"canonical":"https:\/\/kosovatimes.info\/index.php\/2026\/04\/28\/89-vjecari-donte-te-sulmonte-strasburgun\/","og_locale":"en_US","og_type":"article","og_title":"89-vje\u00e7ari donte t\u00eb sulmonte Strasburgun - Kosova Times","og_description":"Nj\u00eb sulm n\u00eb&nbsp;Strasburg&nbsp;ishte planifikuar, sipas asaj q\u00eb shkroi n\u00eb nj\u00eb let\u00ebr, nga 89-vje\u00e7ari, i cili nisi sot nj\u00eb&nbsp;sulm&nbsp;t\u00eb dyfisht\u00eb t\u00eb armatosur n\u00eb EFKA Kerameikos dhe gjykatat e Loukareos, duke plagosur gjithsej pes\u00eb persona.&nbsp; Sipas informacioneve nga &#8220;K&#8221;, burri, i cili udh\u00ebtoi me taksi p\u00ebr n\u00eb Patra dhe u pa n\u00eb nj\u00eb hotel pran\u00eb stacionit t\u00eb [&hellip;]","og_url":"https:\/\/kosovatimes.info\/index.php\/2026\/04\/28\/89-vjecari-donte-te-sulmonte-strasburgun\/","og_site_name":"Kosova Times","article_published_time":"2026-04-28T17:03:27+00:00","article_modified_time":"2026-04-28T17:03:29+00:00","og_image":[{"width":760,"height":537,"url":"https:\/\/kosovatimes.info\/wp-content\/uploads\/2026\/04\/Greqi.jpg","type":"image\/jpeg"}],"author":"i l","twitter_card":"summary_large_image","twitter_misc":{"Written by":"i l","Est. reading time":"2 minutes"},"schema":{"@context":"https:\/\/schema.org","@graph":[{"@type":"Article","@id":"https:\/\/kosovatimes.info\/index.php\/2026\/04\/28\/89-vjecari-donte-te-sulmonte-strasburgun\/#article","isPartOf":{"@id":"https:\/\/kosovatimes.info\/index.php\/2026\/04\/28\/89-vjecari-donte-te-sulmonte-strasburgun\/"},"author":{"name":"i l","@id":"https:\/\/kosovatimes.info\/#\/schema\/person\/7586712b9c512fe68085de007378c915"},"headline":"89-vje\u00e7ari donte t\u00eb sulmonte Strasburgun","datePublished":"2026-04-28T17:03:27+00:00","dateModified":"2026-04-28T17:03:29+00:00","mainEntityOfPage":{"@id":"https:\/\/kosovatimes.info\/index.php\/2026\/04\/28\/89-vjecari-donte-te-sulmonte-strasburgun\/"},"wordCount":760,"commentCount":0,"image":{"@id":"https:\/\/kosovatimes.info\/index.php\/2026\/04\/28\/89-vjecari-donte-te-sulmonte-strasburgun\/#primaryimage"},"thumbnailUrl":"https:\/\/kosovatimes.info\/wp-content\/uploads\/2026\/04\/Greqi.jpg","articleSection":["Lajme","Rajon"],"inLanguage":"en-US","potentialAction":[{"@type":"CommentAction","name":"Comment","target":["https:\/\/kosovatimes.info\/index.php\/2026\/04\/28\/89-vjecari-donte-te-sulmonte-strasburgun\/#respond"]}]},{"@type":"WebPage","@id":"https:\/\/kosovatimes.info\/index.php\/2026\/04\/28\/89-vjecari-donte-te-sulmonte-strasburgun\/","url":"https:\/\/kosovatimes.info\/index.php\/2026\/04\/28\/89-vjecari-donte-te-sulmonte-strasburgun\/","name":"89-vje\u00e7ari donte t\u00eb sulmonte Strasburgun - Kosova Times","isPartOf":{"@id":"https:\/\/kosovatimes.info\/#website"},"primaryImageOfPage":{"@id":"https:\/\/kosovatimes.info\/index.php\/2026\/04\/28\/89-vjecari-donte-te-sulmonte-strasburgun\/#primaryimage"},"image":{"@id":"https:\/\/kosovatimes.info\/index.php\/2026\/04\/28\/89-vjecari-donte-te-sulmonte-strasburgun\/#primaryimage"},"thumbnailUrl":"https:\/\/kosovatimes.info\/wp-content\/uploads\/2026\/04\/Greqi.jpg","datePublished":"2026-04-28T17:03:27+00:00","dateModified":"2026-04-28T17:03:29+00:00","author":{"@id":"https:\/\/kosovatimes.info\/#\/schema\/person\/7586712b9c512fe68085de007378c915"},"breadcrumb":{"@id":"https:\/\/kosovatimes.info\/index.php\/2026\/04\/28\/89-vjecari-donte-te-sulmonte-strasburgun\/#breadcrumb"},"inLanguage":"en-US","potentialAction":[{"@type":"ReadAction","target":["https:\/\/kosovatimes.info\/index.php\/2026\/04\/28\/89-vjecari-donte-te-sulmonte-strasburgun\/"]}]},{"@type":"ImageObject","inLanguage":"en-US","@id":"https:\/\/kosovatimes.info\/index.php\/2026\/04\/28\/89-vjecari-donte-te-sulmonte-strasburgun\/#primaryimage","url":"https:\/\/kosovatimes.info\/wp-content\/uploads\/2026\/04\/Greqi.jpg","contentUrl":"https:\/\/kosovatimes.info\/wp-content\/uploads\/2026\/04\/Greqi.jpg","width":760,"height":537},{"@type":"BreadcrumbList","@id":"https:\/\/kosovatimes.info\/index.php\/2026\/04\/28\/89-vjecari-donte-te-sulmonte-strasburgun\/#breadcrumb","itemListElement":[{"@type":"ListItem","position":1,"name":"Home","item":"https:\/\/kosovatimes.info\/"},{"@type":"ListItem","position":2,"name":"89-vje\u00e7ari donte t\u00eb sulmonte Strasburgun"}]},{"@type":"WebSite","@id":"https:\/\/kosovatimes.info\/#website","url":"https:\/\/kosovatimes.info\/","name":"Kosova Times","description":"","potentialAction":[{"@type":"SearchAction","target":{"@type":"EntryPoint","urlTemplate":"https:\/\/kosovatimes.info\/?s={search_term_string}"},"query-input":{"@type":"PropertyValueSpecification","valueRequired":true,"valueName":"search_term_string"}}],"inLanguage":"en-US"},{"@type":"Person","@id":"https:\/\/kosovatimes.info\/#\/schema\/person\/7586712b9c512fe68085de007378c915","name":"i l","image":{"@type":"ImageObject","inLanguage":"en-US","@id":"https:\/\/secure.gravatar.com\/avatar\/bad9296e02816160ae2e2435beda58222022298d5625d49fea74d18816fbb31d?s=96&d=mm&r=g","url":"https:\/\/secure.gravatar.com\/avatar\/bad9296e02816160ae2e2435beda58222022298d5625d49fea74d18816fbb31d?s=96&d=mm&r=g","contentUrl":"https:\/\/secure.gravatar.com\/avatar\/bad9296e02816160ae2e2435beda58222022298d5625d49fea74d18816fbb31d?s=96&d=mm&r=g","caption":"i l"},"url":"https:\/\/kosovatimes.info\/index.php\/author\/iliri\/"}]}},"_links":{"self":[{"href":"https:\/\/kosovatimes.info\/index.php\/wp-json\/wp\/v2\/posts\/12282","targetHints":{"allow":["GET"]}}],"collection":[{"href":"https:\/\/kosovatimes.info\/index.php\/wp-json\/wp\/v2\/posts"}],"about":[{"href":"https:\/\/kosovatimes.info\/index.php\/wp-json\/wp\/v2\/types\/post"}],"author":[{"embeddable":true,"href":"https:\/\/kosovatimes.info\/index.php\/wp-json\/wp\/v2\/users\/4"}],"replies":[{"embeddable":true,"href":"https:\/\/kosovatimes.info\/index.php\/wp-json\/wp\/v2\/comments?post=12282"}],"version-history":[{"count":1,"href":"https:\/\/kosovatimes.info\/index.php\/wp-json\/wp\/v2\/posts\/12282\/revisions"}],"predecessor-version":[{"id":12284,"href":"https:\/\/kosovatimes.info\/index.php\/wp-json\/wp\/v2\/posts\/12282\/revisions\/12284"}],"wp:featuredmedia":[{"embeddable":true,"href":"https:\/\/kosovatimes.info\/index.php\/wp-json\/wp\/v2\/media\/12283"}],"wp:attachment":[{"href":"https:\/\/kosovatimes.info\/index.php\/wp-json\/wp\/v2\/media?parent=12282"}],"wp:term":[{"taxonomy":"category","embeddable":true,"href":"https:\/\/kosovatimes.info\/index.php\/wp-json\/wp\/v2\/categories?post=12282"},{"taxonomy":"post_tag","embeddable":true,"href":"https:\/\/kosovatimes.info\/index.php\/wp-json\/wp\/v2\/tags?post=12282"}],"curies":[{"name":"wp","href":"https:\/\/api.w.org\/{rel}","templated":true}]}}