{"id":12285,"date":"2026-04-28T19:05:59","date_gmt":"2026-04-28T17:05:59","guid":{"rendered":"https:\/\/kosovatimes.info\/?p=12285"},"modified":"2026-04-28T19:06:01","modified_gmt":"2026-04-28T17:06:01","slug":"drejtoresha-e-shkolles-bie-nga-catia-e-nje-pallati-apartamentesh","status":"publish","type":"post","link":"https:\/\/kosovatimes.info\/index.php\/2026\/04\/28\/drejtoresha-e-shkolles-bie-nga-catia-e-nje-pallati-apartamentesh\/","title":{"rendered":"Drejtoresha e shkolles bie nga \u00e7atia e nj\u00eb pallati apartamentesh"},"content":{"rendered":"\n<p>Nj\u00eb grua humbi jet\u00ebn n\u00eb&nbsp;<strong>Kolonos<\/strong>&nbsp;kur ra nga \u00e7atia e sht\u00ebpis\u00eb s\u00eb saj n\u00eb rrug\u00ebn Dodonis. Sipas informacioneve t\u00eb cituara nga skai.gr, ajo ishte drejtoresh\u00eb shkolle.&nbsp;<\/p>\n\n\n\n<p>R\u00ebnia fatale ndodhi n\u00eb or\u00ebn 8 t\u00eb m\u00ebngjesit, nd\u00ebrsa autoritetet po shqyrtojn\u00eb \u00e7do mund\u00ebsi rreth rrethanave t\u00eb vdekjes s\u00eb saj.<\/p>\n\n\n\n<h3 class=\"wp-block-heading\">\u00c7far\u00eb tha burri i gruas?&nbsp;<\/h3>\n\n\n\n<p>Duke folur p\u00ebr Star TV, bashk\u00ebshorti i m\u00ebsueses b\u00ebri disa v\u00ebrejtje t\u00eb ashpra p\u00ebr koleg\u00ebt e saj n\u00eb shkoll\u00eb.&nbsp;<\/p>\n\n\n\n<p>&#8220;\u00cbsht\u00eb nj\u00eb koh\u00eb e v\u00ebshtir\u00eb. Po, ajo po kalonte nj\u00eb koh\u00eb shum\u00eb t\u00eb v\u00ebshtir\u00eb n\u00eb shkoll\u00eb. Gj\u00ebja e fundit p\u00ebr t\u00eb cil\u00ebn fol\u00ebm ishte se do ta \u00e7onin n\u00eb prokurori. Ajo po kalonte nj\u00eb koh\u00eb shum\u00eb t\u00eb v\u00ebshtir\u00eb n\u00eb shkoll\u00ebn e saj. Ishte n\u00ebn presion nga koleg\u00ebt dhe Shoqata e Prind\u00ebrve. Askush nuk ishte n\u00eb an\u00ebn e saj, t\u00eb gjith\u00eb ishin kund\u00ebr saj. Ajo nuk tha asgj\u00eb m\u00eb shum\u00eb&#8230; vet\u00ebm se &#8220;do t\u00eb m\u00eb \u00e7ojn\u00eb n\u00eb gjykat\u00eb, tani do t\u00eb m\u00eb \u00e7ojn\u00eb n\u00eb prokurori, jam n\u00eb nj\u00eb situat\u00eb t\u00eb keqe&#8221;. I thash\u00eb &#8220;dor\u00ebzohu, ik&#8221; dhe ajo u p\u00ebrgjigj &#8220;Nuk do t\u00eb arratisesha m\u00eb, t\u00eb gjith\u00eb do t\u00eb m\u00eb ndjekin&#8221;.&nbsp;&nbsp;<\/p>\n\n\n\n<p>U zgjova n\u00eb m\u00ebngjes dhe e pash\u00eb k\u00ebtu n\u00eb rrug\u00eb. Ajo dha frym\u00ebn e fundit. Derisa ambulanca e \u00e7oi lart\u2026 ajo nuk kishte puls nga k\u00ebtu. (\u2026) Kemi dy vajza t\u00eb vogla. Do t\u2019i ndjek penalisht, nuk do t\u00eb ndalem k\u00ebtu. Do t\u2019i ndjek t\u00eb gjith\u00eb ata q\u00eb jan\u00eb p\u00ebrgjegj\u00ebs. Ajo e kishte p\u00ebrjetuar k\u00ebt\u00eb p\u00ebr dy vjet\u201d, p\u00ebrfundoi ai.&nbsp;<\/p>\n","protected":false},"excerpt":{"rendered":"<p>Nj\u00eb grua humbi jet\u00ebn n\u00eb&nbsp;Kolonos&nbsp;kur ra nga \u00e7atia e sht\u00ebpis\u00eb s\u00eb saj n\u00eb rrug\u00ebn Dodonis. Sipas informacioneve t\u00eb cituara nga skai.gr, ajo ishte drejtoresh\u00eb shkolle.&nbsp; R\u00ebnia fatale ndodhi n\u00eb or\u00ebn 8 t\u00eb m\u00ebngjesit, nd\u00ebrsa autoritetet po shqyrtojn\u00eb \u00e7do mund\u00ebsi rreth rrethanave t\u00eb vdekjes s\u00eb saj. \u00c7far\u00eb tha burri i gruas?&nbsp; Duke folur p\u00ebr Star TV, [&hellip;]<\/p>\n","protected":false},"author":4,"featured_media":12286,"comment_status":"open","ping_status":"open","sticky":false,"template":"","format":"standard","meta":{"footnotes":""},"categories":[30,32],"tags":[],"class_list":{"0":"post-12285","1":"post","2":"type-post","3":"status-publish","4":"format-standard","5":"has-post-thumbnail","7":"category-lajme","8":"category-rajon"},"yoast_head":"<!-- This site is optimized with the Yoast SEO plugin v27.4 - https:\/\/yoast.com\/product\/yoast-seo-wordpress\/ -->\n<title>Drejtoresha e shkolles bie nga \u00e7atia e nj\u00eb pallati apartamentesh - Kosova Times<\/title>\n<meta name=\"robots\" content=\"index, follow, max-snippet:-1, max-image-preview:large, max-video-preview:-1\" \/>\n<link rel=\"canonical\" href=\"https:\/\/kosovatimes.info\/index.php\/2026\/04\/28\/drejtoresha-e-shkolles-bie-nga-catia-e-nje-pallati-apartamentesh\/\" \/>\n<meta property=\"og:locale\" content=\"en_US\" \/>\n<meta property=\"og:type\" content=\"article\" \/>\n<meta property=\"og:title\" content=\"Drejtoresha e shkolles bie nga \u00e7atia e nj\u00eb pallati apartamentesh - Kosova Times\" \/>\n<meta property=\"og:description\" content=\"Nj\u00eb grua humbi jet\u00ebn n\u00eb&nbsp;Kolonos&nbsp;kur ra nga \u00e7atia e sht\u00ebpis\u00eb s\u00eb saj n\u00eb rrug\u00ebn Dodonis. Sipas informacioneve t\u00eb cituara nga skai.gr, ajo ishte drejtoresh\u00eb shkolle.&nbsp; R\u00ebnia fatale ndodhi n\u00eb or\u00ebn 8 t\u00eb m\u00ebngjesit, nd\u00ebrsa autoritetet po shqyrtojn\u00eb \u00e7do mund\u00ebsi rreth rrethanave t\u00eb vdekjes s\u00eb saj. \u00c7far\u00eb tha burri i gruas?&nbsp; Duke folur p\u00ebr Star TV, [&hellip;]\" \/>\n<meta property=\"og:url\" content=\"https:\/\/kosovatimes.info\/index.php\/2026\/04\/28\/drejtoresha-e-shkolles-bie-nga-catia-e-nje-pallati-apartamentesh\/\" \/>\n<meta property=\"og:site_name\" content=\"Kosova Times\" \/>\n<meta property=\"article:published_time\" content=\"2026-04-28T17:05:59+00:00\" \/>\n<meta property=\"article:modified_time\" content=\"2026-04-28T17:06:01+00:00\" \/>\n<meta property=\"og:image\" content=\"https:\/\/kosovatimes.info\/wp-content\/uploads\/2026\/04\/Greqi-1.jpg\" \/>\n\t<meta property=\"og:image:width\" content=\"760\" \/>\n\t<meta property=\"og:image:height\" content=\"537\" \/>\n\t<meta property=\"og:image:type\" content=\"image\/jpeg\" \/>\n<meta name=\"author\" content=\"i l\" \/>\n<meta name=\"twitter:card\" content=\"summary_large_image\" \/>\n<meta name=\"twitter:label1\" content=\"Written by\" \/>\n\t<meta name=\"twitter:data1\" content=\"i l\" \/>\n\t<meta name=\"twitter:label2\" content=\"Est. reading time\" \/>\n\t<meta name=\"twitter:data2\" content=\"2 minutes\" \/>\n<script type=\"application\/ld+json\" class=\"yoast-schema-graph\">{\"@context\":\"https:\\\/\\\/schema.org\",\"@graph\":[{\"@type\":\"Article\",\"@id\":\"https:\\\/\\\/kosovatimes.info\\\/index.php\\\/2026\\\/04\\\/28\\\/drejtoresha-e-shkolles-bie-nga-catia-e-nje-pallati-apartamentesh\\\/#article\",\"isPartOf\":{\"@id\":\"https:\\\/\\\/kosovatimes.info\\\/index.php\\\/2026\\\/04\\\/28\\\/drejtoresha-e-shkolles-bie-nga-catia-e-nje-pallati-apartamentesh\\\/\"},\"author\":{\"name\":\"i l\",\"@id\":\"https:\\\/\\\/kosovatimes.info\\\/#\\\/schema\\\/person\\\/7586712b9c512fe68085de007378c915\"},\"headline\":\"Drejtoresha e shkolles bie nga \u00e7atia e nj\u00eb pallati apartamentesh\",\"datePublished\":\"2026-04-28T17:05:59+00:00\",\"dateModified\":\"2026-04-28T17:06:01+00:00\",\"mainEntityOfPage\":{\"@id\":\"https:\\\/\\\/kosovatimes.info\\\/index.php\\\/2026\\\/04\\\/28\\\/drejtoresha-e-shkolles-bie-nga-catia-e-nje-pallati-apartamentesh\\\/\"},\"wordCount\":301,\"commentCount\":0,\"image\":{\"@id\":\"https:\\\/\\\/kosovatimes.info\\\/index.php\\\/2026\\\/04\\\/28\\\/drejtoresha-e-shkolles-bie-nga-catia-e-nje-pallati-apartamentesh\\\/#primaryimage\"},\"thumbnailUrl\":\"https:\\\/\\\/kosovatimes.info\\\/wp-content\\\/uploads\\\/2026\\\/04\\\/Greqi-1.jpg\",\"articleSection\":[\"Lajme\",\"Rajon\"],\"inLanguage\":\"en-US\",\"potentialAction\":[{\"@type\":\"CommentAction\",\"name\":\"Comment\",\"target\":[\"https:\\\/\\\/kosovatimes.info\\\/index.php\\\/2026\\\/04\\\/28\\\/drejtoresha-e-shkolles-bie-nga-catia-e-nje-pallati-apartamentesh\\\/#respond\"]}]},{\"@type\":\"WebPage\",\"@id\":\"https:\\\/\\\/kosovatimes.info\\\/index.php\\\/2026\\\/04\\\/28\\\/drejtoresha-e-shkolles-bie-nga-catia-e-nje-pallati-apartamentesh\\\/\",\"url\":\"https:\\\/\\\/kosovatimes.info\\\/index.php\\\/2026\\\/04\\\/28\\\/drejtoresha-e-shkolles-bie-nga-catia-e-nje-pallati-apartamentesh\\\/\",\"name\":\"Drejtoresha e shkolles bie nga \u00e7atia e nj\u00eb pallati apartamentesh - Kosova Times\",\"isPartOf\":{\"@id\":\"https:\\\/\\\/kosovatimes.info\\\/#website\"},\"primaryImageOfPage\":{\"@id\":\"https:\\\/\\\/kosovatimes.info\\\/index.php\\\/2026\\\/04\\\/28\\\/drejtoresha-e-shkolles-bie-nga-catia-e-nje-pallati-apartamentesh\\\/#primaryimage\"},\"image\":{\"@id\":\"https:\\\/\\\/kosovatimes.info\\\/index.php\\\/2026\\\/04\\\/28\\\/drejtoresha-e-shkolles-bie-nga-catia-e-nje-pallati-apartamentesh\\\/#primaryimage\"},\"thumbnailUrl\":\"https:\\\/\\\/kosovatimes.info\\\/wp-content\\\/uploads\\\/2026\\\/04\\\/Greqi-1.jpg\",\"datePublished\":\"2026-04-28T17:05:59+00:00\",\"dateModified\":\"2026-04-28T17:06:01+00:00\",\"author\":{\"@id\":\"https:\\\/\\\/kosovatimes.info\\\/#\\\/schema\\\/person\\\/7586712b9c512fe68085de007378c915\"},\"breadcrumb\":{\"@id\":\"https:\\\/\\\/kosovatimes.info\\\/index.php\\\/2026\\\/04\\\/28\\\/drejtoresha-e-shkolles-bie-nga-catia-e-nje-pallati-apartamentesh\\\/#breadcrumb\"},\"inLanguage\":\"en-US\",\"potentialAction\":[{\"@type\":\"ReadAction\",\"target\":[\"https:\\\/\\\/kosovatimes.info\\\/index.php\\\/2026\\\/04\\\/28\\\/drejtoresha-e-shkolles-bie-nga-catia-e-nje-pallati-apartamentesh\\\/\"]}]},{\"@type\":\"ImageObject\",\"inLanguage\":\"en-US\",\"@id\":\"https:\\\/\\\/kosovatimes.info\\\/index.php\\\/2026\\\/04\\\/28\\\/drejtoresha-e-shkolles-bie-nga-catia-e-nje-pallati-apartamentesh\\\/#primaryimage\",\"url\":\"https:\\\/\\\/kosovatimes.info\\\/wp-content\\\/uploads\\\/2026\\\/04\\\/Greqi-1.jpg\",\"contentUrl\":\"https:\\\/\\\/kosovatimes.info\\\/wp-content\\\/uploads\\\/2026\\\/04\\\/Greqi-1.jpg\",\"width\":760,\"height\":537},{\"@type\":\"BreadcrumbList\",\"@id\":\"https:\\\/\\\/kosovatimes.info\\\/index.php\\\/2026\\\/04\\\/28\\\/drejtoresha-e-shkolles-bie-nga-catia-e-nje-pallati-apartamentesh\\\/#breadcrumb\",\"itemListElement\":[{\"@type\":\"ListItem\",\"position\":1,\"name\":\"Home\",\"item\":\"https:\\\/\\\/kosovatimes.info\\\/\"},{\"@type\":\"ListItem\",\"position\":2,\"name\":\"Drejtoresha e shkolles bie nga \u00e7atia e nj\u00eb pallati apartamentesh\"}]},{\"@type\":\"WebSite\",\"@id\":\"https:\\\/\\\/kosovatimes.info\\\/#website\",\"url\":\"https:\\\/\\\/kosovatimes.info\\\/\",\"name\":\"Kosova Times\",\"description\":\"\",\"potentialAction\":[{\"@type\":\"SearchAction\",\"target\":{\"@type\":\"EntryPoint\",\"urlTemplate\":\"https:\\\/\\\/kosovatimes.info\\\/?s={search_term_string}\"},\"query-input\":{\"@type\":\"PropertyValueSpecification\",\"valueRequired\":true,\"valueName\":\"search_term_string\"}}],\"inLanguage\":\"en-US\"},{\"@type\":\"Person\",\"@id\":\"https:\\\/\\\/kosovatimes.info\\\/#\\\/schema\\\/person\\\/7586712b9c512fe68085de007378c915\",\"name\":\"i l\",\"image\":{\"@type\":\"ImageObject\",\"inLanguage\":\"en-US\",\"@id\":\"https:\\\/\\\/secure.gravatar.com\\\/avatar\\\/bad9296e02816160ae2e2435beda58222022298d5625d49fea74d18816fbb31d?s=96&d=mm&r=g\",\"url\":\"https:\\\/\\\/secure.gravatar.com\\\/avatar\\\/bad9296e02816160ae2e2435beda58222022298d5625d49fea74d18816fbb31d?s=96&d=mm&r=g\",\"contentUrl\":\"https:\\\/\\\/secure.gravatar.com\\\/avatar\\\/bad9296e02816160ae2e2435beda58222022298d5625d49fea74d18816fbb31d?s=96&d=mm&r=g\",\"caption\":\"i l\"},\"url\":\"https:\\\/\\\/kosovatimes.info\\\/index.php\\\/author\\\/iliri\\\/\"}]}<\/script>\n<!-- \/ Yoast SEO plugin. -->","yoast_head_json":{"title":"Drejtoresha e shkolles bie nga \u00e7atia e nj\u00eb pallati apartamentesh - Kosova Times","robots":{"index":"index","follow":"follow","max-snippet":"max-snippet:-1","max-image-preview":"max-image-preview:large","max-video-preview":"max-video-preview:-1"},"canonical":"https:\/\/kosovatimes.info\/index.php\/2026\/04\/28\/drejtoresha-e-shkolles-bie-nga-catia-e-nje-pallati-apartamentesh\/","og_locale":"en_US","og_type":"article","og_title":"Drejtoresha e shkolles bie nga \u00e7atia e nj\u00eb pallati apartamentesh - Kosova Times","og_description":"Nj\u00eb grua humbi jet\u00ebn n\u00eb&nbsp;Kolonos&nbsp;kur ra nga \u00e7atia e sht\u00ebpis\u00eb s\u00eb saj n\u00eb rrug\u00ebn Dodonis. Sipas informacioneve t\u00eb cituara nga skai.gr, ajo ishte drejtoresh\u00eb shkolle.&nbsp; R\u00ebnia fatale ndodhi n\u00eb or\u00ebn 8 t\u00eb m\u00ebngjesit, nd\u00ebrsa autoritetet po shqyrtojn\u00eb \u00e7do mund\u00ebsi rreth rrethanave t\u00eb vdekjes s\u00eb saj. \u00c7far\u00eb tha burri i gruas?&nbsp; Duke folur p\u00ebr Star TV, [&hellip;]","og_url":"https:\/\/kosovatimes.info\/index.php\/2026\/04\/28\/drejtoresha-e-shkolles-bie-nga-catia-e-nje-pallati-apartamentesh\/","og_site_name":"Kosova Times","article_published_time":"2026-04-28T17:05:59+00:00","article_modified_time":"2026-04-28T17:06:01+00:00","og_image":[{"width":760,"height":537,"url":"https:\/\/kosovatimes.info\/wp-content\/uploads\/2026\/04\/Greqi-1.jpg","type":"image\/jpeg"}],"author":"i l","twitter_card":"summary_large_image","twitter_misc":{"Written by":"i l","Est. reading time":"2 minutes"},"schema":{"@context":"https:\/\/schema.org","@graph":[{"@type":"Article","@id":"https:\/\/kosovatimes.info\/index.php\/2026\/04\/28\/drejtoresha-e-shkolles-bie-nga-catia-e-nje-pallati-apartamentesh\/#article","isPartOf":{"@id":"https:\/\/kosovatimes.info\/index.php\/2026\/04\/28\/drejtoresha-e-shkolles-bie-nga-catia-e-nje-pallati-apartamentesh\/"},"author":{"name":"i l","@id":"https:\/\/kosovatimes.info\/#\/schema\/person\/7586712b9c512fe68085de007378c915"},"headline":"Drejtoresha e shkolles bie nga \u00e7atia e nj\u00eb pallati apartamentesh","datePublished":"2026-04-28T17:05:59+00:00","dateModified":"2026-04-28T17:06:01+00:00","mainEntityOfPage":{"@id":"https:\/\/kosovatimes.info\/index.php\/2026\/04\/28\/drejtoresha-e-shkolles-bie-nga-catia-e-nje-pallati-apartamentesh\/"},"wordCount":301,"commentCount":0,"image":{"@id":"https:\/\/kosovatimes.info\/index.php\/2026\/04\/28\/drejtoresha-e-shkolles-bie-nga-catia-e-nje-pallati-apartamentesh\/#primaryimage"},"thumbnailUrl":"https:\/\/kosovatimes.info\/wp-content\/uploads\/2026\/04\/Greqi-1.jpg","articleSection":["Lajme","Rajon"],"inLanguage":"en-US","potentialAction":[{"@type":"CommentAction","name":"Comment","target":["https:\/\/kosovatimes.info\/index.php\/2026\/04\/28\/drejtoresha-e-shkolles-bie-nga-catia-e-nje-pallati-apartamentesh\/#respond"]}]},{"@type":"WebPage","@id":"https:\/\/kosovatimes.info\/index.php\/2026\/04\/28\/drejtoresha-e-shkolles-bie-nga-catia-e-nje-pallati-apartamentesh\/","url":"https:\/\/kosovatimes.info\/index.php\/2026\/04\/28\/drejtoresha-e-shkolles-bie-nga-catia-e-nje-pallati-apartamentesh\/","name":"Drejtoresha e shkolles bie nga \u00e7atia e nj\u00eb pallati apartamentesh - Kosova Times","isPartOf":{"@id":"https:\/\/kosovatimes.info\/#website"},"primaryImageOfPage":{"@id":"https:\/\/kosovatimes.info\/index.php\/2026\/04\/28\/drejtoresha-e-shkolles-bie-nga-catia-e-nje-pallati-apartamentesh\/#primaryimage"},"image":{"@id":"https:\/\/kosovatimes.info\/index.php\/2026\/04\/28\/drejtoresha-e-shkolles-bie-nga-catia-e-nje-pallati-apartamentesh\/#primaryimage"},"thumbnailUrl":"https:\/\/kosovatimes.info\/wp-content\/uploads\/2026\/04\/Greqi-1.jpg","datePublished":"2026-04-28T17:05:59+00:00","dateModified":"2026-04-28T17:06:01+00:00","author":{"@id":"https:\/\/kosovatimes.info\/#\/schema\/person\/7586712b9c512fe68085de007378c915"},"breadcrumb":{"@id":"https:\/\/kosovatimes.info\/index.php\/2026\/04\/28\/drejtoresha-e-shkolles-bie-nga-catia-e-nje-pallati-apartamentesh\/#breadcrumb"},"inLanguage":"en-US","potentialAction":[{"@type":"ReadAction","target":["https:\/\/kosovatimes.info\/index.php\/2026\/04\/28\/drejtoresha-e-shkolles-bie-nga-catia-e-nje-pallati-apartamentesh\/"]}]},{"@type":"ImageObject","inLanguage":"en-US","@id":"https:\/\/kosovatimes.info\/index.php\/2026\/04\/28\/drejtoresha-e-shkolles-bie-nga-catia-e-nje-pallati-apartamentesh\/#primaryimage","url":"https:\/\/kosovatimes.info\/wp-content\/uploads\/2026\/04\/Greqi-1.jpg","contentUrl":"https:\/\/kosovatimes.info\/wp-content\/uploads\/2026\/04\/Greqi-1.jpg","width":760,"height":537},{"@type":"BreadcrumbList","@id":"https:\/\/kosovatimes.info\/index.php\/2026\/04\/28\/drejtoresha-e-shkolles-bie-nga-catia-e-nje-pallati-apartamentesh\/#breadcrumb","itemListElement":[{"@type":"ListItem","position":1,"name":"Home","item":"https:\/\/kosovatimes.info\/"},{"@type":"ListItem","position":2,"name":"Drejtoresha e shkolles bie nga \u00e7atia e nj\u00eb pallati apartamentesh"}]},{"@type":"WebSite","@id":"https:\/\/kosovatimes.info\/#website","url":"https:\/\/kosovatimes.info\/","name":"Kosova Times","description":"","potentialAction":[{"@type":"SearchAction","target":{"@type":"EntryPoint","urlTemplate":"https:\/\/kosovatimes.info\/?s={search_term_string}"},"query-input":{"@type":"PropertyValueSpecification","valueRequired":true,"valueName":"search_term_string"}}],"inLanguage":"en-US"},{"@type":"Person","@id":"https:\/\/kosovatimes.info\/#\/schema\/person\/7586712b9c512fe68085de007378c915","name":"i l","image":{"@type":"ImageObject","inLanguage":"en-US","@id":"https:\/\/secure.gravatar.com\/avatar\/bad9296e02816160ae2e2435beda58222022298d5625d49fea74d18816fbb31d?s=96&d=mm&r=g","url":"https:\/\/secure.gravatar.com\/avatar\/bad9296e02816160ae2e2435beda58222022298d5625d49fea74d18816fbb31d?s=96&d=mm&r=g","contentUrl":"https:\/\/secure.gravatar.com\/avatar\/bad9296e02816160ae2e2435beda58222022298d5625d49fea74d18816fbb31d?s=96&d=mm&r=g","caption":"i l"},"url":"https:\/\/kosovatimes.info\/index.php\/author\/iliri\/"}]}},"_links":{"self":[{"href":"https:\/\/kosovatimes.info\/index.php\/wp-json\/wp\/v2\/posts\/12285","targetHints":{"allow":["GET"]}}],"collection":[{"href":"https:\/\/kosovatimes.info\/index.php\/wp-json\/wp\/v2\/posts"}],"about":[{"href":"https:\/\/kosovatimes.info\/index.php\/wp-json\/wp\/v2\/types\/post"}],"author":[{"embeddable":true,"href":"https:\/\/kosovatimes.info\/index.php\/wp-json\/wp\/v2\/users\/4"}],"replies":[{"embeddable":true,"href":"https:\/\/kosovatimes.info\/index.php\/wp-json\/wp\/v2\/comments?post=12285"}],"version-history":[{"count":1,"href":"https:\/\/kosovatimes.info\/index.php\/wp-json\/wp\/v2\/posts\/12285\/revisions"}],"predecessor-version":[{"id":12287,"href":"https:\/\/kosovatimes.info\/index.php\/wp-json\/wp\/v2\/posts\/12285\/revisions\/12287"}],"wp:featuredmedia":[{"embeddable":true,"href":"https:\/\/kosovatimes.info\/index.php\/wp-json\/wp\/v2\/media\/12286"}],"wp:attachment":[{"href":"https:\/\/kosovatimes.info\/index.php\/wp-json\/wp\/v2\/media?parent=12285"}],"wp:term":[{"taxonomy":"category","embeddable":true,"href":"https:\/\/kosovatimes.info\/index.php\/wp-json\/wp\/v2\/categories?post=12285"},{"taxonomy":"post_tag","embeddable":true,"href":"https:\/\/kosovatimes.info\/index.php\/wp-json\/wp\/v2\/tags?post=12285"}],"curies":[{"name":"wp","href":"https:\/\/api.w.org\/{rel}","templated":true}]}}