{"id":12288,"date":"2026-04-28T19:32:00","date_gmt":"2026-04-28T17:32:00","guid":{"rendered":"https:\/\/kosovatimes.info\/?p=12288"},"modified":"2026-04-28T19:32:03","modified_gmt":"2026-04-28T17:32:03","slug":"kriza-ne-lindjen-e-mesme-kercenon-aeroportet-me-te-vogla-te-evropes","status":"publish","type":"post","link":"https:\/\/kosovatimes.info\/index.php\/2026\/04\/28\/kriza-ne-lindjen-e-mesme-kercenon-aeroportet-me-te-vogla-te-evropes\/","title":{"rendered":"Kriza n\u00eb Lindjen e Mesme k\u00ebrc\u00ebnon aeroportet m\u00eb t\u00eb vogla t\u00eb Evrop\u00ebs"},"content":{"rendered":"\n<p><a href=\"https:\/\/www.kathimerini.gr\/tag\/aerodromio\/\" target=\"_blank\" rel=\"noreferrer noopener\">eroportet<\/a>&nbsp;m\u00eb t\u00eb vogla t\u00eb Evrop\u00ebs&nbsp;&nbsp;mund t\u00eb mos mbijetojn\u00eb n\u00ebse&nbsp;<strong>mungesat e karburantit<\/strong>&nbsp;p\u00ebr avion\u00ebt e shkaktuara nga kriza n\u00eb&nbsp;<a href=\"https:\/\/www.kathimerini.gr\/tag\/mesi-anatoli\/\" target=\"_blank\" rel=\"noreferrer noopener\">Lindjen e Mesme<\/a>&nbsp;\u00e7ojn\u00eb n\u00eb anulime t\u00eb shumta fluturimesh, paralajm\u00ebroi sot K\u00ebshilli Nd\u00ebrkomb\u00ebtar i Aeroporteve t\u00eb Evrop\u00ebs.<\/p>\n\n\n\n<p>Edhe pse&nbsp;<a href=\"https:\/\/www.kathimerini.gr\/tag\/aeroporikes-etaireies\/\" target=\"_blank\" rel=\"noreferrer noopener\">linjat ajrore<\/a>&nbsp;k\u00ebmb\u00ebngulin se aktualisht nuk ka probleme me furnizimin brenda afatit kohor t\u00eb zakonsh\u00ebm prej kat\u00ebr deri n\u00eb gjasht\u00eb jav\u00eb, lufta SHBA-Izrael me Iranin dhe mbyllja e&nbsp;<strong>Ngushtic\u00ebs s\u00eb Hormuzit<\/strong>&nbsp;kan\u00eb dyfishuar \u00e7mimin e karburantit p\u00ebr avion\u00eb, duke b\u00ebr\u00eb q\u00eb disa transportues t\u00eb anulojn\u00eb fluturimet.<\/p>\n\n\n\n<p>K\u00ebshilli Evropian tha se aeroportet rajonale jan\u00eb m\u00eb t\u00eb ekspozuara dhe p\u00ebrballen me nj\u00eb \u201ck\u00ebrc\u00ebnim ekzistencial\u201d n\u00ebse&nbsp;<strong>linjat ajrore ulin fluturimet dhe rrisin \u00e7mimet e biletave<\/strong>&nbsp;. Lufthansa ka anuluar tashm\u00eb 20,000 fluturime verore t\u00eb operuara nga dega e saj rajonale, CityLine.<\/p>\n\n\n\n<p>Drejtori i p\u00ebrgjithsh\u00ebm i ACI Europe, Olivier Jankovec, tha se aeroportet m\u00eb t\u00eb vogla rajonale ende nuk jan\u00eb rikuperuar nga pandemia, me trafikun q\u00eb mbetet 30% n\u00ebn nivelet e vitit 2019, nd\u00ebrsa aeroportet m\u00eb t\u00eb m\u00ebdha tashm\u00eb i jan\u00eb rikthyer rritjes.<\/p>\n\n\n\n<p><a href=\"https:\/\/www.kathimerini.gr\/economy\/international\/564197713\/o-polemos-frenarei-ton-pagkosmio-toyrismo\/\" target=\"_blank\" rel=\"noreferrer noopener\"><\/a><\/p>\n\n\n\n<p><\/p>\n\n\n\n<p>Ai tha: &#8220;Nivelet aktuale t\u00eb \u00e7mimeve t\u00eb karburantit p\u00ebr avion\u00eb dhe perspektiva e nj\u00eb krize t\u00eb re t\u00eb kostos s\u00eb jetes\u00ebs n\u00ebnkuptojn\u00eb se shum\u00eb aeroporte rajonale n\u00eb t\u00eb gjith\u00eb kontinentin ton\u00eb ka t\u00eb ngjar\u00eb t\u00eb p\u00ebrballen me probleme t\u00eb r\u00ebnd\u00ebsishme si n\u00eb aspektin e ofert\u00ebs ashtu edhe t\u00eb k\u00ebrkes\u00ebs. P\u00ebr ta, ky \u00ebsht\u00eb nj\u00eb k\u00ebrc\u00ebnim ekzistencial.&#8221;<\/p>\n\n\n\n<p>Paralajm\u00ebrimi i aeroporteve erdhi nd\u00ebrsa kreu i shoqat\u00ebs globale t\u00eb linjave ajrore IATA, Willie Walsh, tha se&nbsp;<strong>kriza aktuale ende nuk e ka ulur k\u00ebrkes\u00ebn p\u00ebr udh\u00ebtime ajrore<\/strong>&nbsp;. Ai shtoi se \u00e7do munges\u00eb karburanti p\u00ebr avion\u00eb do t\u00eb prek\u00eb s\u00eb pari Azin\u00eb dhe m\u00eb pas Evrop\u00ebn dhe se racionimi i karburantit &#8220;mund t\u00eb \u00e7oj\u00eb n\u00eb anulime t\u00eb disa fluturimeve&#8221;.<\/p>\n\n\n\n<p>Kompanit\u00eb ajrore kan\u00eb k\u00ebrkuar masa t\u00eb tilla si leht\u00ebsimi i rregullave t\u00eb sloteve, i cili \u00ebsht\u00eb miratuar tashm\u00eb n\u00eb Mbret\u00ebrin\u00eb e Bashkuar, dhe e b\u00ebn m\u00eb t\u00eb leht\u00eb anulimin e fluturimeve pa rrezikun e humbjes s\u00eb t\u00eb drejt\u00ebs p\u00ebr t\u00eb p\u00ebrdorur t\u00eb nj\u00ebjt\u00ebn koh\u00eb n\u00eb nj\u00eb aeroport t\u00eb ngarkuar n\u00eb t\u00eb ardhmen.<\/p>\n\n\n\n<p>Josef Varady, Drejtor Ekzekutiv i Wizz Air \u2013 linja ajrore m\u00eb e madhe n\u00eb Evrop\u00ebn Qendrore dhe Lindore \u2013 tha se k\u00ebrkesat p\u00ebr slotet mbrojn\u00eb interesat e transportuesve tradicional\u00eb, si\u00e7 jan\u00eb Lufthansa dhe British Airways, n\u00eb vend t\u00eb t\u00eb gjitha kompanive.v<\/p>\n","protected":false},"excerpt":{"rendered":"<p>eroportet&nbsp;m\u00eb t\u00eb vogla t\u00eb Evrop\u00ebs&nbsp;&nbsp;mund t\u00eb mos mbijetojn\u00eb n\u00ebse&nbsp;mungesat e karburantit&nbsp;p\u00ebr avion\u00ebt e shkaktuara nga kriza n\u00eb&nbsp;Lindjen e Mesme&nbsp;\u00e7ojn\u00eb n\u00eb anulime t\u00eb shumta fluturimesh, paralajm\u00ebroi sot K\u00ebshilli Nd\u00ebrkomb\u00ebtar i Aeroporteve t\u00eb Evrop\u00ebs. Edhe pse&nbsp;linjat ajrore&nbsp;k\u00ebmb\u00ebngulin se aktualisht nuk ka probleme me furnizimin brenda afatit kohor t\u00eb zakonsh\u00ebm prej kat\u00ebr deri n\u00eb gjasht\u00eb jav\u00eb, lufta SHBA-Izrael [&hellip;]<\/p>\n","protected":false},"author":4,"featured_media":12289,"comment_status":"open","ping_status":"open","sticky":false,"template":"","format":"standard","meta":{"footnotes":""},"categories":[33,30],"tags":[],"class_list":{"0":"post-12288","1":"post","2":"type-post","3":"status-publish","4":"format-standard","5":"has-post-thumbnail","7":"category-bote","8":"category-lajme"},"yoast_head":"<!-- This site is optimized with the Yoast SEO plugin v27.4 - https:\/\/yoast.com\/product\/yoast-seo-wordpress\/ -->\n<title>Kriza n\u00eb Lindjen e Mesme k\u00ebrc\u00ebnon aeroportet m\u00eb t\u00eb vogla t\u00eb Evrop\u00ebs - Kosova Times<\/title>\n<meta name=\"robots\" content=\"index, follow, max-snippet:-1, max-image-preview:large, max-video-preview:-1\" \/>\n<link rel=\"canonical\" href=\"https:\/\/kosovatimes.info\/index.php\/2026\/04\/28\/kriza-ne-lindjen-e-mesme-kercenon-aeroportet-me-te-vogla-te-evropes\/\" \/>\n<meta property=\"og:locale\" content=\"en_US\" \/>\n<meta property=\"og:type\" content=\"article\" \/>\n<meta property=\"og:title\" content=\"Kriza n\u00eb Lindjen e Mesme k\u00ebrc\u00ebnon aeroportet m\u00eb t\u00eb vogla t\u00eb Evrop\u00ebs - Kosova Times\" \/>\n<meta property=\"og:description\" content=\"eroportet&nbsp;m\u00eb t\u00eb vogla t\u00eb Evrop\u00ebs&nbsp;&nbsp;mund t\u00eb mos mbijetojn\u00eb n\u00ebse&nbsp;mungesat e karburantit&nbsp;p\u00ebr avion\u00ebt e shkaktuara nga kriza n\u00eb&nbsp;Lindjen e Mesme&nbsp;\u00e7ojn\u00eb n\u00eb anulime t\u00eb shumta fluturimesh, paralajm\u00ebroi sot K\u00ebshilli Nd\u00ebrkomb\u00ebtar i Aeroporteve t\u00eb Evrop\u00ebs. Edhe pse&nbsp;linjat ajrore&nbsp;k\u00ebmb\u00ebngulin se aktualisht nuk ka probleme me furnizimin brenda afatit kohor t\u00eb zakonsh\u00ebm prej kat\u00ebr deri n\u00eb gjasht\u00eb jav\u00eb, lufta SHBA-Izrael [&hellip;]\" \/>\n<meta property=\"og:url\" content=\"https:\/\/kosovatimes.info\/index.php\/2026\/04\/28\/kriza-ne-lindjen-e-mesme-kercenon-aeroportet-me-te-vogla-te-evropes\/\" \/>\n<meta property=\"og:site_name\" content=\"Kosova Times\" \/>\n<meta property=\"article:published_time\" content=\"2026-04-28T17:32:00+00:00\" \/>\n<meta property=\"article:modified_time\" content=\"2026-04-28T17:32:03+00:00\" \/>\n<meta property=\"og:image\" content=\"https:\/\/kosovatimes.info\/wp-content\/uploads\/2026\/04\/Aeroport-2.jpg\" \/>\n\t<meta property=\"og:image:width\" content=\"1920\" \/>\n\t<meta property=\"og:image:height\" content=\"1080\" \/>\n\t<meta property=\"og:image:type\" content=\"image\/jpeg\" \/>\n<meta name=\"author\" content=\"i l\" \/>\n<meta name=\"twitter:card\" content=\"summary_large_image\" \/>\n<meta name=\"twitter:label1\" content=\"Written by\" \/>\n\t<meta name=\"twitter:data1\" content=\"i l\" \/>\n\t<meta name=\"twitter:label2\" content=\"Est. reading time\" \/>\n\t<meta name=\"twitter:data2\" content=\"2 minutes\" \/>\n<script type=\"application\/ld+json\" class=\"yoast-schema-graph\">{\"@context\":\"https:\\\/\\\/schema.org\",\"@graph\":[{\"@type\":\"Article\",\"@id\":\"https:\\\/\\\/kosovatimes.info\\\/index.php\\\/2026\\\/04\\\/28\\\/kriza-ne-lindjen-e-mesme-kercenon-aeroportet-me-te-vogla-te-evropes\\\/#article\",\"isPartOf\":{\"@id\":\"https:\\\/\\\/kosovatimes.info\\\/index.php\\\/2026\\\/04\\\/28\\\/kriza-ne-lindjen-e-mesme-kercenon-aeroportet-me-te-vogla-te-evropes\\\/\"},\"author\":{\"name\":\"i l\",\"@id\":\"https:\\\/\\\/kosovatimes.info\\\/#\\\/schema\\\/person\\\/7586712b9c512fe68085de007378c915\"},\"headline\":\"Kriza n\u00eb Lindjen e Mesme k\u00ebrc\u00ebnon aeroportet m\u00eb t\u00eb vogla t\u00eb Evrop\u00ebs\",\"datePublished\":\"2026-04-28T17:32:00+00:00\",\"dateModified\":\"2026-04-28T17:32:03+00:00\",\"mainEntityOfPage\":{\"@id\":\"https:\\\/\\\/kosovatimes.info\\\/index.php\\\/2026\\\/04\\\/28\\\/kriza-ne-lindjen-e-mesme-kercenon-aeroportet-me-te-vogla-te-evropes\\\/\"},\"wordCount\":461,\"commentCount\":0,\"image\":{\"@id\":\"https:\\\/\\\/kosovatimes.info\\\/index.php\\\/2026\\\/04\\\/28\\\/kriza-ne-lindjen-e-mesme-kercenon-aeroportet-me-te-vogla-te-evropes\\\/#primaryimage\"},\"thumbnailUrl\":\"https:\\\/\\\/kosovatimes.info\\\/wp-content\\\/uploads\\\/2026\\\/04\\\/Aeroport-2.jpg\",\"articleSection\":[\"Bot\u00eb\",\"Lajme\"],\"inLanguage\":\"en-US\",\"potentialAction\":[{\"@type\":\"CommentAction\",\"name\":\"Comment\",\"target\":[\"https:\\\/\\\/kosovatimes.info\\\/index.php\\\/2026\\\/04\\\/28\\\/kriza-ne-lindjen-e-mesme-kercenon-aeroportet-me-te-vogla-te-evropes\\\/#respond\"]}]},{\"@type\":\"WebPage\",\"@id\":\"https:\\\/\\\/kosovatimes.info\\\/index.php\\\/2026\\\/04\\\/28\\\/kriza-ne-lindjen-e-mesme-kercenon-aeroportet-me-te-vogla-te-evropes\\\/\",\"url\":\"https:\\\/\\\/kosovatimes.info\\\/index.php\\\/2026\\\/04\\\/28\\\/kriza-ne-lindjen-e-mesme-kercenon-aeroportet-me-te-vogla-te-evropes\\\/\",\"name\":\"Kriza n\u00eb Lindjen e Mesme k\u00ebrc\u00ebnon aeroportet m\u00eb t\u00eb vogla t\u00eb Evrop\u00ebs - Kosova Times\",\"isPartOf\":{\"@id\":\"https:\\\/\\\/kosovatimes.info\\\/#website\"},\"primaryImageOfPage\":{\"@id\":\"https:\\\/\\\/kosovatimes.info\\\/index.php\\\/2026\\\/04\\\/28\\\/kriza-ne-lindjen-e-mesme-kercenon-aeroportet-me-te-vogla-te-evropes\\\/#primaryimage\"},\"image\":{\"@id\":\"https:\\\/\\\/kosovatimes.info\\\/index.php\\\/2026\\\/04\\\/28\\\/kriza-ne-lindjen-e-mesme-kercenon-aeroportet-me-te-vogla-te-evropes\\\/#primaryimage\"},\"thumbnailUrl\":\"https:\\\/\\\/kosovatimes.info\\\/wp-content\\\/uploads\\\/2026\\\/04\\\/Aeroport-2.jpg\",\"datePublished\":\"2026-04-28T17:32:00+00:00\",\"dateModified\":\"2026-04-28T17:32:03+00:00\",\"author\":{\"@id\":\"https:\\\/\\\/kosovatimes.info\\\/#\\\/schema\\\/person\\\/7586712b9c512fe68085de007378c915\"},\"breadcrumb\":{\"@id\":\"https:\\\/\\\/kosovatimes.info\\\/index.php\\\/2026\\\/04\\\/28\\\/kriza-ne-lindjen-e-mesme-kercenon-aeroportet-me-te-vogla-te-evropes\\\/#breadcrumb\"},\"inLanguage\":\"en-US\",\"potentialAction\":[{\"@type\":\"ReadAction\",\"target\":[\"https:\\\/\\\/kosovatimes.info\\\/index.php\\\/2026\\\/04\\\/28\\\/kriza-ne-lindjen-e-mesme-kercenon-aeroportet-me-te-vogla-te-evropes\\\/\"]}]},{\"@type\":\"ImageObject\",\"inLanguage\":\"en-US\",\"@id\":\"https:\\\/\\\/kosovatimes.info\\\/index.php\\\/2026\\\/04\\\/28\\\/kriza-ne-lindjen-e-mesme-kercenon-aeroportet-me-te-vogla-te-evropes\\\/#primaryimage\",\"url\":\"https:\\\/\\\/kosovatimes.info\\\/wp-content\\\/uploads\\\/2026\\\/04\\\/Aeroport-2.jpg\",\"contentUrl\":\"https:\\\/\\\/kosovatimes.info\\\/wp-content\\\/uploads\\\/2026\\\/04\\\/Aeroport-2.jpg\",\"width\":1920,\"height\":1080},{\"@type\":\"BreadcrumbList\",\"@id\":\"https:\\\/\\\/kosovatimes.info\\\/index.php\\\/2026\\\/04\\\/28\\\/kriza-ne-lindjen-e-mesme-kercenon-aeroportet-me-te-vogla-te-evropes\\\/#breadcrumb\",\"itemListElement\":[{\"@type\":\"ListItem\",\"position\":1,\"name\":\"Home\",\"item\":\"https:\\\/\\\/kosovatimes.info\\\/\"},{\"@type\":\"ListItem\",\"position\":2,\"name\":\"Kriza n\u00eb Lindjen e Mesme k\u00ebrc\u00ebnon aeroportet m\u00eb t\u00eb vogla t\u00eb Evrop\u00ebs\"}]},{\"@type\":\"WebSite\",\"@id\":\"https:\\\/\\\/kosovatimes.info\\\/#website\",\"url\":\"https:\\\/\\\/kosovatimes.info\\\/\",\"name\":\"Kosova Times\",\"description\":\"\",\"potentialAction\":[{\"@type\":\"SearchAction\",\"target\":{\"@type\":\"EntryPoint\",\"urlTemplate\":\"https:\\\/\\\/kosovatimes.info\\\/?s={search_term_string}\"},\"query-input\":{\"@type\":\"PropertyValueSpecification\",\"valueRequired\":true,\"valueName\":\"search_term_string\"}}],\"inLanguage\":\"en-US\"},{\"@type\":\"Person\",\"@id\":\"https:\\\/\\\/kosovatimes.info\\\/#\\\/schema\\\/person\\\/7586712b9c512fe68085de007378c915\",\"name\":\"i l\",\"image\":{\"@type\":\"ImageObject\",\"inLanguage\":\"en-US\",\"@id\":\"https:\\\/\\\/secure.gravatar.com\\\/avatar\\\/bad9296e02816160ae2e2435beda58222022298d5625d49fea74d18816fbb31d?s=96&d=mm&r=g\",\"url\":\"https:\\\/\\\/secure.gravatar.com\\\/avatar\\\/bad9296e02816160ae2e2435beda58222022298d5625d49fea74d18816fbb31d?s=96&d=mm&r=g\",\"contentUrl\":\"https:\\\/\\\/secure.gravatar.com\\\/avatar\\\/bad9296e02816160ae2e2435beda58222022298d5625d49fea74d18816fbb31d?s=96&d=mm&r=g\",\"caption\":\"i l\"},\"url\":\"https:\\\/\\\/kosovatimes.info\\\/index.php\\\/author\\\/iliri\\\/\"}]}<\/script>\n<!-- \/ Yoast SEO plugin. -->","yoast_head_json":{"title":"Kriza n\u00eb Lindjen e Mesme k\u00ebrc\u00ebnon aeroportet m\u00eb t\u00eb vogla t\u00eb Evrop\u00ebs - Kosova Times","robots":{"index":"index","follow":"follow","max-snippet":"max-snippet:-1","max-image-preview":"max-image-preview:large","max-video-preview":"max-video-preview:-1"},"canonical":"https:\/\/kosovatimes.info\/index.php\/2026\/04\/28\/kriza-ne-lindjen-e-mesme-kercenon-aeroportet-me-te-vogla-te-evropes\/","og_locale":"en_US","og_type":"article","og_title":"Kriza n\u00eb Lindjen e Mesme k\u00ebrc\u00ebnon aeroportet m\u00eb t\u00eb vogla t\u00eb Evrop\u00ebs - Kosova Times","og_description":"eroportet&nbsp;m\u00eb t\u00eb vogla t\u00eb Evrop\u00ebs&nbsp;&nbsp;mund t\u00eb mos mbijetojn\u00eb n\u00ebse&nbsp;mungesat e karburantit&nbsp;p\u00ebr avion\u00ebt e shkaktuara nga kriza n\u00eb&nbsp;Lindjen e Mesme&nbsp;\u00e7ojn\u00eb n\u00eb anulime t\u00eb shumta fluturimesh, paralajm\u00ebroi sot K\u00ebshilli Nd\u00ebrkomb\u00ebtar i Aeroporteve t\u00eb Evrop\u00ebs. Edhe pse&nbsp;linjat ajrore&nbsp;k\u00ebmb\u00ebngulin se aktualisht nuk ka probleme me furnizimin brenda afatit kohor t\u00eb zakonsh\u00ebm prej kat\u00ebr deri n\u00eb gjasht\u00eb jav\u00eb, lufta SHBA-Izrael [&hellip;]","og_url":"https:\/\/kosovatimes.info\/index.php\/2026\/04\/28\/kriza-ne-lindjen-e-mesme-kercenon-aeroportet-me-te-vogla-te-evropes\/","og_site_name":"Kosova Times","article_published_time":"2026-04-28T17:32:00+00:00","article_modified_time":"2026-04-28T17:32:03+00:00","og_image":[{"width":1920,"height":1080,"url":"https:\/\/kosovatimes.info\/wp-content\/uploads\/2026\/04\/Aeroport-2.jpg","type":"image\/jpeg"}],"author":"i l","twitter_card":"summary_large_image","twitter_misc":{"Written by":"i l","Est. reading time":"2 minutes"},"schema":{"@context":"https:\/\/schema.org","@graph":[{"@type":"Article","@id":"https:\/\/kosovatimes.info\/index.php\/2026\/04\/28\/kriza-ne-lindjen-e-mesme-kercenon-aeroportet-me-te-vogla-te-evropes\/#article","isPartOf":{"@id":"https:\/\/kosovatimes.info\/index.php\/2026\/04\/28\/kriza-ne-lindjen-e-mesme-kercenon-aeroportet-me-te-vogla-te-evropes\/"},"author":{"name":"i l","@id":"https:\/\/kosovatimes.info\/#\/schema\/person\/7586712b9c512fe68085de007378c915"},"headline":"Kriza n\u00eb Lindjen e Mesme k\u00ebrc\u00ebnon aeroportet m\u00eb t\u00eb vogla t\u00eb Evrop\u00ebs","datePublished":"2026-04-28T17:32:00+00:00","dateModified":"2026-04-28T17:32:03+00:00","mainEntityOfPage":{"@id":"https:\/\/kosovatimes.info\/index.php\/2026\/04\/28\/kriza-ne-lindjen-e-mesme-kercenon-aeroportet-me-te-vogla-te-evropes\/"},"wordCount":461,"commentCount":0,"image":{"@id":"https:\/\/kosovatimes.info\/index.php\/2026\/04\/28\/kriza-ne-lindjen-e-mesme-kercenon-aeroportet-me-te-vogla-te-evropes\/#primaryimage"},"thumbnailUrl":"https:\/\/kosovatimes.info\/wp-content\/uploads\/2026\/04\/Aeroport-2.jpg","articleSection":["Bot\u00eb","Lajme"],"inLanguage":"en-US","potentialAction":[{"@type":"CommentAction","name":"Comment","target":["https:\/\/kosovatimes.info\/index.php\/2026\/04\/28\/kriza-ne-lindjen-e-mesme-kercenon-aeroportet-me-te-vogla-te-evropes\/#respond"]}]},{"@type":"WebPage","@id":"https:\/\/kosovatimes.info\/index.php\/2026\/04\/28\/kriza-ne-lindjen-e-mesme-kercenon-aeroportet-me-te-vogla-te-evropes\/","url":"https:\/\/kosovatimes.info\/index.php\/2026\/04\/28\/kriza-ne-lindjen-e-mesme-kercenon-aeroportet-me-te-vogla-te-evropes\/","name":"Kriza n\u00eb Lindjen e Mesme k\u00ebrc\u00ebnon aeroportet m\u00eb t\u00eb vogla t\u00eb Evrop\u00ebs - Kosova Times","isPartOf":{"@id":"https:\/\/kosovatimes.info\/#website"},"primaryImageOfPage":{"@id":"https:\/\/kosovatimes.info\/index.php\/2026\/04\/28\/kriza-ne-lindjen-e-mesme-kercenon-aeroportet-me-te-vogla-te-evropes\/#primaryimage"},"image":{"@id":"https:\/\/kosovatimes.info\/index.php\/2026\/04\/28\/kriza-ne-lindjen-e-mesme-kercenon-aeroportet-me-te-vogla-te-evropes\/#primaryimage"},"thumbnailUrl":"https:\/\/kosovatimes.info\/wp-content\/uploads\/2026\/04\/Aeroport-2.jpg","datePublished":"2026-04-28T17:32:00+00:00","dateModified":"2026-04-28T17:32:03+00:00","author":{"@id":"https:\/\/kosovatimes.info\/#\/schema\/person\/7586712b9c512fe68085de007378c915"},"breadcrumb":{"@id":"https:\/\/kosovatimes.info\/index.php\/2026\/04\/28\/kriza-ne-lindjen-e-mesme-kercenon-aeroportet-me-te-vogla-te-evropes\/#breadcrumb"},"inLanguage":"en-US","potentialAction":[{"@type":"ReadAction","target":["https:\/\/kosovatimes.info\/index.php\/2026\/04\/28\/kriza-ne-lindjen-e-mesme-kercenon-aeroportet-me-te-vogla-te-evropes\/"]}]},{"@type":"ImageObject","inLanguage":"en-US","@id":"https:\/\/kosovatimes.info\/index.php\/2026\/04\/28\/kriza-ne-lindjen-e-mesme-kercenon-aeroportet-me-te-vogla-te-evropes\/#primaryimage","url":"https:\/\/kosovatimes.info\/wp-content\/uploads\/2026\/04\/Aeroport-2.jpg","contentUrl":"https:\/\/kosovatimes.info\/wp-content\/uploads\/2026\/04\/Aeroport-2.jpg","width":1920,"height":1080},{"@type":"BreadcrumbList","@id":"https:\/\/kosovatimes.info\/index.php\/2026\/04\/28\/kriza-ne-lindjen-e-mesme-kercenon-aeroportet-me-te-vogla-te-evropes\/#breadcrumb","itemListElement":[{"@type":"ListItem","position":1,"name":"Home","item":"https:\/\/kosovatimes.info\/"},{"@type":"ListItem","position":2,"name":"Kriza n\u00eb Lindjen e Mesme k\u00ebrc\u00ebnon aeroportet m\u00eb t\u00eb vogla t\u00eb Evrop\u00ebs"}]},{"@type":"WebSite","@id":"https:\/\/kosovatimes.info\/#website","url":"https:\/\/kosovatimes.info\/","name":"Kosova Times","description":"","potentialAction":[{"@type":"SearchAction","target":{"@type":"EntryPoint","urlTemplate":"https:\/\/kosovatimes.info\/?s={search_term_string}"},"query-input":{"@type":"PropertyValueSpecification","valueRequired":true,"valueName":"search_term_string"}}],"inLanguage":"en-US"},{"@type":"Person","@id":"https:\/\/kosovatimes.info\/#\/schema\/person\/7586712b9c512fe68085de007378c915","name":"i l","image":{"@type":"ImageObject","inLanguage":"en-US","@id":"https:\/\/secure.gravatar.com\/avatar\/bad9296e02816160ae2e2435beda58222022298d5625d49fea74d18816fbb31d?s=96&d=mm&r=g","url":"https:\/\/secure.gravatar.com\/avatar\/bad9296e02816160ae2e2435beda58222022298d5625d49fea74d18816fbb31d?s=96&d=mm&r=g","contentUrl":"https:\/\/secure.gravatar.com\/avatar\/bad9296e02816160ae2e2435beda58222022298d5625d49fea74d18816fbb31d?s=96&d=mm&r=g","caption":"i l"},"url":"https:\/\/kosovatimes.info\/index.php\/author\/iliri\/"}]}},"_links":{"self":[{"href":"https:\/\/kosovatimes.info\/index.php\/wp-json\/wp\/v2\/posts\/12288","targetHints":{"allow":["GET"]}}],"collection":[{"href":"https:\/\/kosovatimes.info\/index.php\/wp-json\/wp\/v2\/posts"}],"about":[{"href":"https:\/\/kosovatimes.info\/index.php\/wp-json\/wp\/v2\/types\/post"}],"author":[{"embeddable":true,"href":"https:\/\/kosovatimes.info\/index.php\/wp-json\/wp\/v2\/users\/4"}],"replies":[{"embeddable":true,"href":"https:\/\/kosovatimes.info\/index.php\/wp-json\/wp\/v2\/comments?post=12288"}],"version-history":[{"count":1,"href":"https:\/\/kosovatimes.info\/index.php\/wp-json\/wp\/v2\/posts\/12288\/revisions"}],"predecessor-version":[{"id":12290,"href":"https:\/\/kosovatimes.info\/index.php\/wp-json\/wp\/v2\/posts\/12288\/revisions\/12290"}],"wp:featuredmedia":[{"embeddable":true,"href":"https:\/\/kosovatimes.info\/index.php\/wp-json\/wp\/v2\/media\/12289"}],"wp:attachment":[{"href":"https:\/\/kosovatimes.info\/index.php\/wp-json\/wp\/v2\/media?parent=12288"}],"wp:term":[{"taxonomy":"category","embeddable":true,"href":"https:\/\/kosovatimes.info\/index.php\/wp-json\/wp\/v2\/categories?post=12288"},{"taxonomy":"post_tag","embeddable":true,"href":"https:\/\/kosovatimes.info\/index.php\/wp-json\/wp\/v2\/tags?post=12288"}],"curies":[{"name":"wp","href":"https:\/\/api.w.org\/{rel}","templated":true}]}}