{"id":12298,"date":"2026-04-28T19:09:00","date_gmt":"2026-04-28T17:09:00","guid":{"rendered":"https:\/\/kosovatimes.info\/?p=12298"},"modified":"2026-04-28T19:44:37","modified_gmt":"2026-04-28T17:44:37","slug":"komiteti-ushtarak-i-nato-s-viziton-kfor-in","status":"publish","type":"post","link":"https:\/\/kosovatimes.info\/index.php\/2026\/04\/28\/komiteti-ushtarak-i-nato-s-viziton-kfor-in\/","title":{"rendered":"Komiteti Ushtarak i NATO-s viziton KFOR-in"},"content":{"rendered":"\n<p><strong>Komiteti Ushtarak i NATO-s (MC), i kryesuar nga Admirali Giuseppe Cavo Dragone, vizitoi Forc\u00ebn e Kosov\u00ebs t\u00eb udh\u00ebhequr nga NATO, KFOR.<\/strong><\/p>\n\n\n\n<p>NATO njofton se vizita n\u00eb Kampin Film City n\u00eb Prishtin\u00eb u fokusua n\u00eb kontributin e vazhduesh\u00ebm t\u00eb KFOR-it p\u00ebr ruajtjen e nj\u00eb mjedisi t\u00eb sigurt dhe t\u00eb qet\u00eb p\u00ebr t\u00eb gjith\u00eb qytetar\u00ebt q\u00eb jetojn\u00eb n\u00eb Kosov\u00eb.<\/p>\n\n\n\n<p>&#8220;Gjat\u00eb prezantimit hyr\u00ebs, Komandanti i KFOR-it, Gjeneralmajor \u00d6zkan Uluta\u015f, theksoi p\u00ebrpjekjet e q\u00ebndrueshme dhe efektive t\u00eb NATO-s si dhe kontributin ushtarak n\u00eb sigurin\u00eb n\u00eb Kosov\u00eb, p\u00ebrfshir\u00eb edhe garantimin e liris\u00eb s\u00eb l\u00ebvizjes&#8221;,&nbsp;<a href=\"https:\/\/www.nato.int\/en\/news-and-events\/articles\/news\/2026\/04\/28\/nato-military-committee-visited-kfor\"><strong>thuhet n\u00eb komunikat\u00ebn e NATO-s.<\/strong><\/a><\/p>\n\n\n\n<p>N\u00eb kuad\u00ebr t\u00eb takimeve, Komiteti Ushtarak u informua edhe nga p\u00ebrfaq\u00ebsues t\u00eb EULEX, OSBE-s\u00eb dhe UNMIK-ut.<\/p>\n\n\n\n<p>KFOR-i operon n\u00eb baz\u00eb t\u00eb Kapitullit VII t\u00eb Kart\u00ebs s\u00eb Kombeve t\u00eb Bashkuara dhe, si i till\u00eb, \u00ebsht\u00eb nj\u00eb operacion p\u00ebr zbatimin e paqes. Ai p\u00ebrb\u00ebhet nga rreth 4,600 trupa t\u00eb ofruara nga 31 vende aleate dhe partnere.<\/p>\n\n\n\n<p>Misioni i tyre \u00ebsht\u00eb t\u00eb kontribuojn\u00eb n\u00eb ruajtjen e nj\u00eb ambienti t\u00eb sigurt p\u00ebr t\u00eb gjitha komunitetet n\u00eb Kosov\u00eb dhe t\u00eb garantojn\u00eb lirin\u00eb e l\u00ebvizjes, n\u00eb koordinim me Policin\u00eb e Kosov\u00ebs dhe EULEX-in, sipas roleve t\u00eb tyre si p\u00ebrgjegj\u00ebs p\u00ebr sigurin\u00eb. KFOR-i gjithashtu mb\u00ebshtet zhvillimin e strukturave profesionale, demokratike dhe shumetnike t\u00eb siguris\u00eb n\u00eb Kosov\u00eb.<\/p>\n","protected":false},"excerpt":{"rendered":"<p>Komiteti Ushtarak i NATO-s (MC), i kryesuar nga Admirali Giuseppe Cavo Dragone, vizitoi Forc\u00ebn e Kosov\u00ebs t\u00eb udh\u00ebhequr nga NATO, KFOR. NATO njofton se vizita n\u00eb Kampin Film City n\u00eb Prishtin\u00eb u fokusua n\u00eb kontributin e vazhduesh\u00ebm t\u00eb KFOR-it p\u00ebr ruajtjen e nj\u00eb mjedisi t\u00eb sigurt dhe t\u00eb qet\u00eb p\u00ebr t\u00eb gjith\u00eb qytetar\u00ebt q\u00eb jetojn\u00eb [&hellip;]<\/p>\n","protected":false},"author":4,"featured_media":12299,"comment_status":"open","ping_status":"open","sticky":false,"template":"","format":"standard","meta":{"footnotes":""},"categories":[31,30],"tags":[],"class_list":{"0":"post-12298","1":"post","2":"type-post","3":"status-publish","4":"format-standard","5":"has-post-thumbnail","7":"category-kosove","8":"category-lajme"},"yoast_head":"<!-- This site is optimized with the Yoast SEO plugin v27.4 - https:\/\/yoast.com\/product\/yoast-seo-wordpress\/ -->\n<title>Komiteti Ushtarak i NATO-s viziton KFOR-in - Kosova Times<\/title>\n<meta name=\"robots\" content=\"index, follow, max-snippet:-1, max-image-preview:large, max-video-preview:-1\" \/>\n<link rel=\"canonical\" href=\"https:\/\/kosovatimes.info\/index.php\/2026\/04\/28\/komiteti-ushtarak-i-nato-s-viziton-kfor-in\/\" \/>\n<meta property=\"og:locale\" content=\"en_US\" \/>\n<meta property=\"og:type\" content=\"article\" \/>\n<meta property=\"og:title\" content=\"Komiteti Ushtarak i NATO-s viziton KFOR-in - Kosova Times\" \/>\n<meta property=\"og:description\" content=\"Komiteti Ushtarak i NATO-s (MC), i kryesuar nga Admirali Giuseppe Cavo Dragone, vizitoi Forc\u00ebn e Kosov\u00ebs t\u00eb udh\u00ebhequr nga NATO, KFOR. NATO njofton se vizita n\u00eb Kampin Film City n\u00eb Prishtin\u00eb u fokusua n\u00eb kontributin e vazhduesh\u00ebm t\u00eb KFOR-it p\u00ebr ruajtjen e nj\u00eb mjedisi t\u00eb sigurt dhe t\u00eb qet\u00eb p\u00ebr t\u00eb gjith\u00eb qytetar\u00ebt q\u00eb jetojn\u00eb [&hellip;]\" \/>\n<meta property=\"og:url\" content=\"https:\/\/kosovatimes.info\/index.php\/2026\/04\/28\/komiteti-ushtarak-i-nato-s-viziton-kfor-in\/\" \/>\n<meta property=\"og:site_name\" content=\"Kosova Times\" \/>\n<meta property=\"article:published_time\" content=\"2026-04-28T17:09:00+00:00\" \/>\n<meta property=\"article:modified_time\" content=\"2026-04-28T17:44:37+00:00\" \/>\n<meta property=\"og:image\" content=\"https:\/\/kosovatimes.info\/wp-content\/uploads\/2026\/04\/NATO.jpeg\" \/>\n\t<meta property=\"og:image:width\" content=\"780\" \/>\n\t<meta property=\"og:image:height\" content=\"500\" \/>\n\t<meta property=\"og:image:type\" content=\"image\/jpeg\" \/>\n<meta name=\"author\" content=\"i l\" \/>\n<meta name=\"twitter:card\" content=\"summary_large_image\" \/>\n<meta name=\"twitter:label1\" content=\"Written by\" \/>\n\t<meta name=\"twitter:data1\" content=\"i l\" \/>\n\t<meta name=\"twitter:label2\" content=\"Est. reading time\" \/>\n\t<meta name=\"twitter:data2\" content=\"2 minutes\" \/>\n<script type=\"application\/ld+json\" class=\"yoast-schema-graph\">{\"@context\":\"https:\\\/\\\/schema.org\",\"@graph\":[{\"@type\":\"Article\",\"@id\":\"https:\\\/\\\/kosovatimes.info\\\/index.php\\\/2026\\\/04\\\/28\\\/komiteti-ushtarak-i-nato-s-viziton-kfor-in\\\/#article\",\"isPartOf\":{\"@id\":\"https:\\\/\\\/kosovatimes.info\\\/index.php\\\/2026\\\/04\\\/28\\\/komiteti-ushtarak-i-nato-s-viziton-kfor-in\\\/\"},\"author\":{\"name\":\"i l\",\"@id\":\"https:\\\/\\\/kosovatimes.info\\\/#\\\/schema\\\/person\\\/7586712b9c512fe68085de007378c915\"},\"headline\":\"Komiteti Ushtarak i NATO-s viziton KFOR-in\",\"datePublished\":\"2026-04-28T17:09:00+00:00\",\"dateModified\":\"2026-04-28T17:44:37+00:00\",\"mainEntityOfPage\":{\"@id\":\"https:\\\/\\\/kosovatimes.info\\\/index.php\\\/2026\\\/04\\\/28\\\/komiteti-ushtarak-i-nato-s-viziton-kfor-in\\\/\"},\"wordCount\":235,\"commentCount\":0,\"image\":{\"@id\":\"https:\\\/\\\/kosovatimes.info\\\/index.php\\\/2026\\\/04\\\/28\\\/komiteti-ushtarak-i-nato-s-viziton-kfor-in\\\/#primaryimage\"},\"thumbnailUrl\":\"https:\\\/\\\/kosovatimes.info\\\/wp-content\\\/uploads\\\/2026\\\/04\\\/NATO.jpeg\",\"articleSection\":[\"Kosov\u00eb\",\"Lajme\"],\"inLanguage\":\"en-US\",\"potentialAction\":[{\"@type\":\"CommentAction\",\"name\":\"Comment\",\"target\":[\"https:\\\/\\\/kosovatimes.info\\\/index.php\\\/2026\\\/04\\\/28\\\/komiteti-ushtarak-i-nato-s-viziton-kfor-in\\\/#respond\"]}]},{\"@type\":\"WebPage\",\"@id\":\"https:\\\/\\\/kosovatimes.info\\\/index.php\\\/2026\\\/04\\\/28\\\/komiteti-ushtarak-i-nato-s-viziton-kfor-in\\\/\",\"url\":\"https:\\\/\\\/kosovatimes.info\\\/index.php\\\/2026\\\/04\\\/28\\\/komiteti-ushtarak-i-nato-s-viziton-kfor-in\\\/\",\"name\":\"Komiteti Ushtarak i NATO-s viziton KFOR-in - Kosova Times\",\"isPartOf\":{\"@id\":\"https:\\\/\\\/kosovatimes.info\\\/#website\"},\"primaryImageOfPage\":{\"@id\":\"https:\\\/\\\/kosovatimes.info\\\/index.php\\\/2026\\\/04\\\/28\\\/komiteti-ushtarak-i-nato-s-viziton-kfor-in\\\/#primaryimage\"},\"image\":{\"@id\":\"https:\\\/\\\/kosovatimes.info\\\/index.php\\\/2026\\\/04\\\/28\\\/komiteti-ushtarak-i-nato-s-viziton-kfor-in\\\/#primaryimage\"},\"thumbnailUrl\":\"https:\\\/\\\/kosovatimes.info\\\/wp-content\\\/uploads\\\/2026\\\/04\\\/NATO.jpeg\",\"datePublished\":\"2026-04-28T17:09:00+00:00\",\"dateModified\":\"2026-04-28T17:44:37+00:00\",\"author\":{\"@id\":\"https:\\\/\\\/kosovatimes.info\\\/#\\\/schema\\\/person\\\/7586712b9c512fe68085de007378c915\"},\"breadcrumb\":{\"@id\":\"https:\\\/\\\/kosovatimes.info\\\/index.php\\\/2026\\\/04\\\/28\\\/komiteti-ushtarak-i-nato-s-viziton-kfor-in\\\/#breadcrumb\"},\"inLanguage\":\"en-US\",\"potentialAction\":[{\"@type\":\"ReadAction\",\"target\":[\"https:\\\/\\\/kosovatimes.info\\\/index.php\\\/2026\\\/04\\\/28\\\/komiteti-ushtarak-i-nato-s-viziton-kfor-in\\\/\"]}]},{\"@type\":\"ImageObject\",\"inLanguage\":\"en-US\",\"@id\":\"https:\\\/\\\/kosovatimes.info\\\/index.php\\\/2026\\\/04\\\/28\\\/komiteti-ushtarak-i-nato-s-viziton-kfor-in\\\/#primaryimage\",\"url\":\"https:\\\/\\\/kosovatimes.info\\\/wp-content\\\/uploads\\\/2026\\\/04\\\/NATO.jpeg\",\"contentUrl\":\"https:\\\/\\\/kosovatimes.info\\\/wp-content\\\/uploads\\\/2026\\\/04\\\/NATO.jpeg\",\"width\":780,\"height\":500},{\"@type\":\"BreadcrumbList\",\"@id\":\"https:\\\/\\\/kosovatimes.info\\\/index.php\\\/2026\\\/04\\\/28\\\/komiteti-ushtarak-i-nato-s-viziton-kfor-in\\\/#breadcrumb\",\"itemListElement\":[{\"@type\":\"ListItem\",\"position\":1,\"name\":\"Home\",\"item\":\"https:\\\/\\\/kosovatimes.info\\\/\"},{\"@type\":\"ListItem\",\"position\":2,\"name\":\"Komiteti Ushtarak i NATO-s viziton KFOR-in\"}]},{\"@type\":\"WebSite\",\"@id\":\"https:\\\/\\\/kosovatimes.info\\\/#website\",\"url\":\"https:\\\/\\\/kosovatimes.info\\\/\",\"name\":\"Kosova Times\",\"description\":\"\",\"potentialAction\":[{\"@type\":\"SearchAction\",\"target\":{\"@type\":\"EntryPoint\",\"urlTemplate\":\"https:\\\/\\\/kosovatimes.info\\\/?s={search_term_string}\"},\"query-input\":{\"@type\":\"PropertyValueSpecification\",\"valueRequired\":true,\"valueName\":\"search_term_string\"}}],\"inLanguage\":\"en-US\"},{\"@type\":\"Person\",\"@id\":\"https:\\\/\\\/kosovatimes.info\\\/#\\\/schema\\\/person\\\/7586712b9c512fe68085de007378c915\",\"name\":\"i l\",\"image\":{\"@type\":\"ImageObject\",\"inLanguage\":\"en-US\",\"@id\":\"https:\\\/\\\/secure.gravatar.com\\\/avatar\\\/bad9296e02816160ae2e2435beda58222022298d5625d49fea74d18816fbb31d?s=96&d=mm&r=g\",\"url\":\"https:\\\/\\\/secure.gravatar.com\\\/avatar\\\/bad9296e02816160ae2e2435beda58222022298d5625d49fea74d18816fbb31d?s=96&d=mm&r=g\",\"contentUrl\":\"https:\\\/\\\/secure.gravatar.com\\\/avatar\\\/bad9296e02816160ae2e2435beda58222022298d5625d49fea74d18816fbb31d?s=96&d=mm&r=g\",\"caption\":\"i l\"},\"url\":\"https:\\\/\\\/kosovatimes.info\\\/index.php\\\/author\\\/iliri\\\/\"}]}<\/script>\n<!-- \/ Yoast SEO plugin. -->","yoast_head_json":{"title":"Komiteti Ushtarak i NATO-s viziton KFOR-in - Kosova Times","robots":{"index":"index","follow":"follow","max-snippet":"max-snippet:-1","max-image-preview":"max-image-preview:large","max-video-preview":"max-video-preview:-1"},"canonical":"https:\/\/kosovatimes.info\/index.php\/2026\/04\/28\/komiteti-ushtarak-i-nato-s-viziton-kfor-in\/","og_locale":"en_US","og_type":"article","og_title":"Komiteti Ushtarak i NATO-s viziton KFOR-in - Kosova Times","og_description":"Komiteti Ushtarak i NATO-s (MC), i kryesuar nga Admirali Giuseppe Cavo Dragone, vizitoi Forc\u00ebn e Kosov\u00ebs t\u00eb udh\u00ebhequr nga NATO, KFOR. NATO njofton se vizita n\u00eb Kampin Film City n\u00eb Prishtin\u00eb u fokusua n\u00eb kontributin e vazhduesh\u00ebm t\u00eb KFOR-it p\u00ebr ruajtjen e nj\u00eb mjedisi t\u00eb sigurt dhe t\u00eb qet\u00eb p\u00ebr t\u00eb gjith\u00eb qytetar\u00ebt q\u00eb jetojn\u00eb [&hellip;]","og_url":"https:\/\/kosovatimes.info\/index.php\/2026\/04\/28\/komiteti-ushtarak-i-nato-s-viziton-kfor-in\/","og_site_name":"Kosova Times","article_published_time":"2026-04-28T17:09:00+00:00","article_modified_time":"2026-04-28T17:44:37+00:00","og_image":[{"width":780,"height":500,"url":"https:\/\/kosovatimes.info\/wp-content\/uploads\/2026\/04\/NATO.jpeg","type":"image\/jpeg"}],"author":"i l","twitter_card":"summary_large_image","twitter_misc":{"Written by":"i l","Est. reading time":"2 minutes"},"schema":{"@context":"https:\/\/schema.org","@graph":[{"@type":"Article","@id":"https:\/\/kosovatimes.info\/index.php\/2026\/04\/28\/komiteti-ushtarak-i-nato-s-viziton-kfor-in\/#article","isPartOf":{"@id":"https:\/\/kosovatimes.info\/index.php\/2026\/04\/28\/komiteti-ushtarak-i-nato-s-viziton-kfor-in\/"},"author":{"name":"i l","@id":"https:\/\/kosovatimes.info\/#\/schema\/person\/7586712b9c512fe68085de007378c915"},"headline":"Komiteti Ushtarak i NATO-s viziton KFOR-in","datePublished":"2026-04-28T17:09:00+00:00","dateModified":"2026-04-28T17:44:37+00:00","mainEntityOfPage":{"@id":"https:\/\/kosovatimes.info\/index.php\/2026\/04\/28\/komiteti-ushtarak-i-nato-s-viziton-kfor-in\/"},"wordCount":235,"commentCount":0,"image":{"@id":"https:\/\/kosovatimes.info\/index.php\/2026\/04\/28\/komiteti-ushtarak-i-nato-s-viziton-kfor-in\/#primaryimage"},"thumbnailUrl":"https:\/\/kosovatimes.info\/wp-content\/uploads\/2026\/04\/NATO.jpeg","articleSection":["Kosov\u00eb","Lajme"],"inLanguage":"en-US","potentialAction":[{"@type":"CommentAction","name":"Comment","target":["https:\/\/kosovatimes.info\/index.php\/2026\/04\/28\/komiteti-ushtarak-i-nato-s-viziton-kfor-in\/#respond"]}]},{"@type":"WebPage","@id":"https:\/\/kosovatimes.info\/index.php\/2026\/04\/28\/komiteti-ushtarak-i-nato-s-viziton-kfor-in\/","url":"https:\/\/kosovatimes.info\/index.php\/2026\/04\/28\/komiteti-ushtarak-i-nato-s-viziton-kfor-in\/","name":"Komiteti Ushtarak i NATO-s viziton KFOR-in - Kosova Times","isPartOf":{"@id":"https:\/\/kosovatimes.info\/#website"},"primaryImageOfPage":{"@id":"https:\/\/kosovatimes.info\/index.php\/2026\/04\/28\/komiteti-ushtarak-i-nato-s-viziton-kfor-in\/#primaryimage"},"image":{"@id":"https:\/\/kosovatimes.info\/index.php\/2026\/04\/28\/komiteti-ushtarak-i-nato-s-viziton-kfor-in\/#primaryimage"},"thumbnailUrl":"https:\/\/kosovatimes.info\/wp-content\/uploads\/2026\/04\/NATO.jpeg","datePublished":"2026-04-28T17:09:00+00:00","dateModified":"2026-04-28T17:44:37+00:00","author":{"@id":"https:\/\/kosovatimes.info\/#\/schema\/person\/7586712b9c512fe68085de007378c915"},"breadcrumb":{"@id":"https:\/\/kosovatimes.info\/index.php\/2026\/04\/28\/komiteti-ushtarak-i-nato-s-viziton-kfor-in\/#breadcrumb"},"inLanguage":"en-US","potentialAction":[{"@type":"ReadAction","target":["https:\/\/kosovatimes.info\/index.php\/2026\/04\/28\/komiteti-ushtarak-i-nato-s-viziton-kfor-in\/"]}]},{"@type":"ImageObject","inLanguage":"en-US","@id":"https:\/\/kosovatimes.info\/index.php\/2026\/04\/28\/komiteti-ushtarak-i-nato-s-viziton-kfor-in\/#primaryimage","url":"https:\/\/kosovatimes.info\/wp-content\/uploads\/2026\/04\/NATO.jpeg","contentUrl":"https:\/\/kosovatimes.info\/wp-content\/uploads\/2026\/04\/NATO.jpeg","width":780,"height":500},{"@type":"BreadcrumbList","@id":"https:\/\/kosovatimes.info\/index.php\/2026\/04\/28\/komiteti-ushtarak-i-nato-s-viziton-kfor-in\/#breadcrumb","itemListElement":[{"@type":"ListItem","position":1,"name":"Home","item":"https:\/\/kosovatimes.info\/"},{"@type":"ListItem","position":2,"name":"Komiteti Ushtarak i NATO-s viziton KFOR-in"}]},{"@type":"WebSite","@id":"https:\/\/kosovatimes.info\/#website","url":"https:\/\/kosovatimes.info\/","name":"Kosova Times","description":"","potentialAction":[{"@type":"SearchAction","target":{"@type":"EntryPoint","urlTemplate":"https:\/\/kosovatimes.info\/?s={search_term_string}"},"query-input":{"@type":"PropertyValueSpecification","valueRequired":true,"valueName":"search_term_string"}}],"inLanguage":"en-US"},{"@type":"Person","@id":"https:\/\/kosovatimes.info\/#\/schema\/person\/7586712b9c512fe68085de007378c915","name":"i l","image":{"@type":"ImageObject","inLanguage":"en-US","@id":"https:\/\/secure.gravatar.com\/avatar\/bad9296e02816160ae2e2435beda58222022298d5625d49fea74d18816fbb31d?s=96&d=mm&r=g","url":"https:\/\/secure.gravatar.com\/avatar\/bad9296e02816160ae2e2435beda58222022298d5625d49fea74d18816fbb31d?s=96&d=mm&r=g","contentUrl":"https:\/\/secure.gravatar.com\/avatar\/bad9296e02816160ae2e2435beda58222022298d5625d49fea74d18816fbb31d?s=96&d=mm&r=g","caption":"i l"},"url":"https:\/\/kosovatimes.info\/index.php\/author\/iliri\/"}]}},"_links":{"self":[{"href":"https:\/\/kosovatimes.info\/index.php\/wp-json\/wp\/v2\/posts\/12298","targetHints":{"allow":["GET"]}}],"collection":[{"href":"https:\/\/kosovatimes.info\/index.php\/wp-json\/wp\/v2\/posts"}],"about":[{"href":"https:\/\/kosovatimes.info\/index.php\/wp-json\/wp\/v2\/types\/post"}],"author":[{"embeddable":true,"href":"https:\/\/kosovatimes.info\/index.php\/wp-json\/wp\/v2\/users\/4"}],"replies":[{"embeddable":true,"href":"https:\/\/kosovatimes.info\/index.php\/wp-json\/wp\/v2\/comments?post=12298"}],"version-history":[{"count":1,"href":"https:\/\/kosovatimes.info\/index.php\/wp-json\/wp\/v2\/posts\/12298\/revisions"}],"predecessor-version":[{"id":12300,"href":"https:\/\/kosovatimes.info\/index.php\/wp-json\/wp\/v2\/posts\/12298\/revisions\/12300"}],"wp:featuredmedia":[{"embeddable":true,"href":"https:\/\/kosovatimes.info\/index.php\/wp-json\/wp\/v2\/media\/12299"}],"wp:attachment":[{"href":"https:\/\/kosovatimes.info\/index.php\/wp-json\/wp\/v2\/media?parent=12298"}],"wp:term":[{"taxonomy":"category","embeddable":true,"href":"https:\/\/kosovatimes.info\/index.php\/wp-json\/wp\/v2\/categories?post=12298"},{"taxonomy":"post_tag","embeddable":true,"href":"https:\/\/kosovatimes.info\/index.php\/wp-json\/wp\/v2\/tags?post=12298"}],"curies":[{"name":"wp","href":"https:\/\/api.w.org\/{rel}","templated":true}]}}