{"id":12301,"date":"2026-04-28T19:15:00","date_gmt":"2026-04-28T17:15:00","guid":{"rendered":"https:\/\/kosovatimes.info\/?p=12301"},"modified":"2026-04-28T19:45:28","modified_gmt":"2026-04-28T17:45:28","slug":"akcize-per-stabilizimin-e-tregut-te-qumeshtit-e-mbrojtjen-e-konsumatorit","status":"publish","type":"post","link":"https:\/\/kosovatimes.info\/index.php\/2026\/04\/28\/akcize-per-stabilizimin-e-tregut-te-qumeshtit-e-mbrojtjen-e-konsumatorit\/","title":{"rendered":"Akciz\u00eb p\u00ebr stabilizimin e tregut t\u00eb qum\u00ebshtit e mbrojtjen e konsumatorit"},"content":{"rendered":"\n<p><strong>Ministri i Bujq\u00ebsis\u00eb, Pylltaris\u00eb dhe Zhvillimit Rural njofton p\u00ebr nj\u00eb paket\u00eb t\u00eb integruar masash p\u00ebr stabilizimin e tregut t\u00eb qum\u00ebshtit, mbrojtjen e prodhimit vendor dhe forcimin e siguris\u00eb ushqimore, t\u00eb nd\u00ebrmarra pas konsultimeve me Shoqat\u00ebn e Prodhuesve t\u00eb Qum\u00ebshtit, Ministrin\u00eb e Industris\u00eb, Nd\u00ebrmarr\u00ebsis\u00eb dhe Tregtis\u00eb, Ministrin\u00eb e Financave dhe Dogan\u00ebn e Kosov\u00ebs, duke kombinuar instrumente fiskale dhe masa t\u00eb forta rregullatore n\u00eb kufi dhe n\u00eb treg.<\/strong><\/p>\n\n\n\n<p>K\u00ebto masa vijn\u00eb si p\u00ebrgjigje ndaj zhvillimeve strukturore n\u00eb tregun e qum\u00ebshtit, ku prodhimi vendor mbetet i q\u00ebndruesh\u00ebm, por k\u00ebrkesa efektive p\u00ebr t\u00eb \u00ebsht\u00eb n\u00ebn presion t\u00eb vazhduesh\u00ebm nga p\u00ebrdorimi n\u00eb rritje i inputeve alternative, si qum\u00ebshti pluhur dhe yndyrat bimore. Analizat tregojn\u00eb se nj\u00eb pjes\u00eb e konsiderueshme e prodhimit vendor nuk absorbohet nga industria p\u00ebrpunuese, nd\u00ebrsa importet dhe produktet z\u00ebvend\u00ebsuese ushtrojn\u00eb presion t\u00eb drejtp\u00ebrdrejt\u00eb mbi tregun dhe \u00e7mimet e fermer\u00ebve.<\/p>\n\n\n\n<p>N\u00eb k\u00ebt\u00eb kuad\u00ebr, Ministria e Bujq\u00ebsis\u00eb i ka propozuar Ministris\u00eb s\u00eb Financave vendosjen e akciz\u00ebs p\u00ebr qum\u00ebshtin e koncentruar (HS 0402), propozim i cili \u00ebsht\u00eb miratuar nga Qeveria e Republik\u00ebs s\u00eb Kosov\u00ebs. Kjo mas\u00eb do t\u00eb mbetet n\u00eb fuqi me q\u00ebllim korrigjimin e shtremb\u00ebrimeve n\u00eb treg dhe krijimin e kushteve m\u00eb t\u00eb drejta konkurrence p\u00ebr prodhuesit vendor\u00eb.<\/p>\n\n\n\n<p>Ministri gjithashtu ka marr\u00eb vendim p\u00ebr forcimin e kontrolleve zyrtare n\u00eb kufi dhe n\u00eb treg, p\u00ebrmes t\u00eb cilit obligohet Agjencia e Ushqimit dhe Veterinaris\u00eb (AUV) t\u00eb zbatoj\u00eb nj\u00eb regjim t\u00eb shtuar kontrolli p\u00ebr produktet q\u00eb p\u00ebrmbajn\u00eb qum\u00ebsht pluhur dhe vaj palme, duke p\u00ebrfshir\u00eb verifikimin e identitetit t\u00eb produkteve, kontrollin fizik dhe analizat laboratorike, me q\u00ebllim q\u00eb \u00e7do produkt i vendosur n\u00eb treg t\u00eb jet\u00eb n\u00eb p\u00ebrputhje t\u00eb plot\u00eb me p\u00ebrb\u00ebrjen reale dhe k\u00ebrkesat ligjore.<\/p>\n\n\n\n<p>Po ashtu, jan\u00eb vendosur rregulla m\u00eb t\u00eb rrepta p\u00ebr transparenc\u00eb dhe etiketim, duke obliguar operator\u00ebt ekonomik\u00eb t\u00eb deklarojn\u00eb sakt\u00eb p\u00ebrb\u00ebrjen e produkteve t\u00eb qum\u00ebshtit, qum\u00ebshtit pluhur dhe atyre q\u00eb p\u00ebrmbajn\u00eb vaj palme, si dhe duke ndaluar \u00e7do praktik\u00eb q\u00eb mund t\u00eb \u00e7oj\u00eb n\u00eb mashtrim t\u00eb konsumatorit. N\u00eb rast t\u00eb mosp\u00ebrputhjeve, parashihen masa t\u00eb menj\u00ebhershme p\u00ebr ndalimin, t\u00ebrheqjen nga tregu dhe sanksionimin e produkteve jo-konforme.<\/p>\n\n\n\n<p>Masat e kontrollit do t\u00eb zbatohen p\u00ebr nj\u00eb periudh\u00eb fillestare prej 90 dit\u00ebsh, me kontroll t\u00eb intensifikuar p\u00ebr produktet me rrezik t\u00eb lart\u00eb, monitorim t\u00eb vazhduesh\u00ebm t\u00eb tregut dhe vler\u00ebsim t\u00eb efekteve t\u00eb nd\u00ebrhyrjes, nd\u00ebrsa masa e akciz\u00ebs do t\u00eb mbetet n\u00eb fuqi si instrument afatgjat\u00eb p\u00ebr stabilizimin e tregut dhe mb\u00ebshtetjen e prodhimit vendor.<\/p>\n","protected":false},"excerpt":{"rendered":"<p>Ministri i Bujq\u00ebsis\u00eb, Pylltaris\u00eb dhe Zhvillimit Rural njofton p\u00ebr nj\u00eb paket\u00eb t\u00eb integruar masash p\u00ebr stabilizimin e tregut t\u00eb qum\u00ebshtit, mbrojtjen e prodhimit vendor dhe forcimin e siguris\u00eb ushqimore, t\u00eb nd\u00ebrmarra pas konsultimeve me Shoqat\u00ebn e Prodhuesve t\u00eb Qum\u00ebshtit, Ministrin\u00eb e Industris\u00eb, Nd\u00ebrmarr\u00ebsis\u00eb dhe Tregtis\u00eb, Ministrin\u00eb e Financave dhe Dogan\u00ebn e Kosov\u00ebs, duke kombinuar instrumente [&hellip;]<\/p>\n","protected":false},"author":4,"featured_media":12302,"comment_status":"open","ping_status":"open","sticky":false,"template":"","format":"standard","meta":{"footnotes":""},"categories":[31,30],"tags":[],"class_list":{"0":"post-12301","1":"post","2":"type-post","3":"status-publish","4":"format-standard","5":"has-post-thumbnail","7":"category-kosove","8":"category-lajme"},"yoast_head":"<!-- This site is optimized with the Yoast SEO plugin v27.4 - https:\/\/yoast.com\/product\/yoast-seo-wordpress\/ -->\n<title>Akciz\u00eb p\u00ebr stabilizimin e tregut t\u00eb qum\u00ebshtit e mbrojtjen e konsumatorit - Kosova Times<\/title>\n<meta name=\"robots\" content=\"index, follow, max-snippet:-1, max-image-preview:large, max-video-preview:-1\" \/>\n<link rel=\"canonical\" href=\"https:\/\/kosovatimes.info\/index.php\/2026\/04\/28\/akcize-per-stabilizimin-e-tregut-te-qumeshtit-e-mbrojtjen-e-konsumatorit\/\" \/>\n<meta property=\"og:locale\" content=\"en_US\" \/>\n<meta property=\"og:type\" content=\"article\" \/>\n<meta property=\"og:title\" content=\"Akciz\u00eb p\u00ebr stabilizimin e tregut t\u00eb qum\u00ebshtit e mbrojtjen e konsumatorit - Kosova Times\" \/>\n<meta property=\"og:description\" content=\"Ministri i Bujq\u00ebsis\u00eb, Pylltaris\u00eb dhe Zhvillimit Rural njofton p\u00ebr nj\u00eb paket\u00eb t\u00eb integruar masash p\u00ebr stabilizimin e tregut t\u00eb qum\u00ebshtit, mbrojtjen e prodhimit vendor dhe forcimin e siguris\u00eb ushqimore, t\u00eb nd\u00ebrmarra pas konsultimeve me Shoqat\u00ebn e Prodhuesve t\u00eb Qum\u00ebshtit, Ministrin\u00eb e Industris\u00eb, Nd\u00ebrmarr\u00ebsis\u00eb dhe Tregtis\u00eb, Ministrin\u00eb e Financave dhe Dogan\u00ebn e Kosov\u00ebs, duke kombinuar instrumente [&hellip;]\" \/>\n<meta property=\"og:url\" content=\"https:\/\/kosovatimes.info\/index.php\/2026\/04\/28\/akcize-per-stabilizimin-e-tregut-te-qumeshtit-e-mbrojtjen-e-konsumatorit\/\" \/>\n<meta property=\"og:site_name\" content=\"Kosova Times\" \/>\n<meta property=\"article:published_time\" content=\"2026-04-28T17:15:00+00:00\" \/>\n<meta property=\"article:modified_time\" content=\"2026-04-28T17:45:28+00:00\" \/>\n<meta property=\"og:image\" content=\"https:\/\/kosovatimes.info\/wp-content\/uploads\/2026\/04\/Akcize.jpg\" \/>\n\t<meta property=\"og:image:width\" content=\"780\" \/>\n\t<meta property=\"og:image:height\" content=\"500\" \/>\n\t<meta property=\"og:image:type\" content=\"image\/jpeg\" \/>\n<meta name=\"author\" content=\"i l\" \/>\n<meta name=\"twitter:card\" content=\"summary_large_image\" \/>\n<meta name=\"twitter:label1\" content=\"Written by\" \/>\n\t<meta name=\"twitter:data1\" content=\"i l\" \/>\n\t<meta name=\"twitter:label2\" content=\"Est. reading time\" \/>\n\t<meta name=\"twitter:data2\" content=\"1 minute\" \/>\n<script type=\"application\/ld+json\" class=\"yoast-schema-graph\">{\"@context\":\"https:\\\/\\\/schema.org\",\"@graph\":[{\"@type\":\"Article\",\"@id\":\"https:\\\/\\\/kosovatimes.info\\\/index.php\\\/2026\\\/04\\\/28\\\/akcize-per-stabilizimin-e-tregut-te-qumeshtit-e-mbrojtjen-e-konsumatorit\\\/#article\",\"isPartOf\":{\"@id\":\"https:\\\/\\\/kosovatimes.info\\\/index.php\\\/2026\\\/04\\\/28\\\/akcize-per-stabilizimin-e-tregut-te-qumeshtit-e-mbrojtjen-e-konsumatorit\\\/\"},\"author\":{\"name\":\"i l\",\"@id\":\"https:\\\/\\\/kosovatimes.info\\\/#\\\/schema\\\/person\\\/7586712b9c512fe68085de007378c915\"},\"headline\":\"Akciz\u00eb p\u00ebr stabilizimin e tregut t\u00eb qum\u00ebshtit e mbrojtjen e konsumatorit\",\"datePublished\":\"2026-04-28T17:15:00+00:00\",\"dateModified\":\"2026-04-28T17:45:28+00:00\",\"mainEntityOfPage\":{\"@id\":\"https:\\\/\\\/kosovatimes.info\\\/index.php\\\/2026\\\/04\\\/28\\\/akcize-per-stabilizimin-e-tregut-te-qumeshtit-e-mbrojtjen-e-konsumatorit\\\/\"},\"wordCount\":469,\"commentCount\":0,\"image\":{\"@id\":\"https:\\\/\\\/kosovatimes.info\\\/index.php\\\/2026\\\/04\\\/28\\\/akcize-per-stabilizimin-e-tregut-te-qumeshtit-e-mbrojtjen-e-konsumatorit\\\/#primaryimage\"},\"thumbnailUrl\":\"https:\\\/\\\/kosovatimes.info\\\/wp-content\\\/uploads\\\/2026\\\/04\\\/Akcize.jpg\",\"articleSection\":[\"Kosov\u00eb\",\"Lajme\"],\"inLanguage\":\"en-US\",\"potentialAction\":[{\"@type\":\"CommentAction\",\"name\":\"Comment\",\"target\":[\"https:\\\/\\\/kosovatimes.info\\\/index.php\\\/2026\\\/04\\\/28\\\/akcize-per-stabilizimin-e-tregut-te-qumeshtit-e-mbrojtjen-e-konsumatorit\\\/#respond\"]}]},{\"@type\":\"WebPage\",\"@id\":\"https:\\\/\\\/kosovatimes.info\\\/index.php\\\/2026\\\/04\\\/28\\\/akcize-per-stabilizimin-e-tregut-te-qumeshtit-e-mbrojtjen-e-konsumatorit\\\/\",\"url\":\"https:\\\/\\\/kosovatimes.info\\\/index.php\\\/2026\\\/04\\\/28\\\/akcize-per-stabilizimin-e-tregut-te-qumeshtit-e-mbrojtjen-e-konsumatorit\\\/\",\"name\":\"Akciz\u00eb p\u00ebr stabilizimin e tregut t\u00eb qum\u00ebshtit e mbrojtjen e konsumatorit - Kosova Times\",\"isPartOf\":{\"@id\":\"https:\\\/\\\/kosovatimes.info\\\/#website\"},\"primaryImageOfPage\":{\"@id\":\"https:\\\/\\\/kosovatimes.info\\\/index.php\\\/2026\\\/04\\\/28\\\/akcize-per-stabilizimin-e-tregut-te-qumeshtit-e-mbrojtjen-e-konsumatorit\\\/#primaryimage\"},\"image\":{\"@id\":\"https:\\\/\\\/kosovatimes.info\\\/index.php\\\/2026\\\/04\\\/28\\\/akcize-per-stabilizimin-e-tregut-te-qumeshtit-e-mbrojtjen-e-konsumatorit\\\/#primaryimage\"},\"thumbnailUrl\":\"https:\\\/\\\/kosovatimes.info\\\/wp-content\\\/uploads\\\/2026\\\/04\\\/Akcize.jpg\",\"datePublished\":\"2026-04-28T17:15:00+00:00\",\"dateModified\":\"2026-04-28T17:45:28+00:00\",\"author\":{\"@id\":\"https:\\\/\\\/kosovatimes.info\\\/#\\\/schema\\\/person\\\/7586712b9c512fe68085de007378c915\"},\"breadcrumb\":{\"@id\":\"https:\\\/\\\/kosovatimes.info\\\/index.php\\\/2026\\\/04\\\/28\\\/akcize-per-stabilizimin-e-tregut-te-qumeshtit-e-mbrojtjen-e-konsumatorit\\\/#breadcrumb\"},\"inLanguage\":\"en-US\",\"potentialAction\":[{\"@type\":\"ReadAction\",\"target\":[\"https:\\\/\\\/kosovatimes.info\\\/index.php\\\/2026\\\/04\\\/28\\\/akcize-per-stabilizimin-e-tregut-te-qumeshtit-e-mbrojtjen-e-konsumatorit\\\/\"]}]},{\"@type\":\"ImageObject\",\"inLanguage\":\"en-US\",\"@id\":\"https:\\\/\\\/kosovatimes.info\\\/index.php\\\/2026\\\/04\\\/28\\\/akcize-per-stabilizimin-e-tregut-te-qumeshtit-e-mbrojtjen-e-konsumatorit\\\/#primaryimage\",\"url\":\"https:\\\/\\\/kosovatimes.info\\\/wp-content\\\/uploads\\\/2026\\\/04\\\/Akcize.jpg\",\"contentUrl\":\"https:\\\/\\\/kosovatimes.info\\\/wp-content\\\/uploads\\\/2026\\\/04\\\/Akcize.jpg\",\"width\":780,\"height\":500},{\"@type\":\"BreadcrumbList\",\"@id\":\"https:\\\/\\\/kosovatimes.info\\\/index.php\\\/2026\\\/04\\\/28\\\/akcize-per-stabilizimin-e-tregut-te-qumeshtit-e-mbrojtjen-e-konsumatorit\\\/#breadcrumb\",\"itemListElement\":[{\"@type\":\"ListItem\",\"position\":1,\"name\":\"Home\",\"item\":\"https:\\\/\\\/kosovatimes.info\\\/\"},{\"@type\":\"ListItem\",\"position\":2,\"name\":\"Akciz\u00eb p\u00ebr stabilizimin e tregut t\u00eb qum\u00ebshtit e mbrojtjen e konsumatorit\"}]},{\"@type\":\"WebSite\",\"@id\":\"https:\\\/\\\/kosovatimes.info\\\/#website\",\"url\":\"https:\\\/\\\/kosovatimes.info\\\/\",\"name\":\"Kosova Times\",\"description\":\"\",\"potentialAction\":[{\"@type\":\"SearchAction\",\"target\":{\"@type\":\"EntryPoint\",\"urlTemplate\":\"https:\\\/\\\/kosovatimes.info\\\/?s={search_term_string}\"},\"query-input\":{\"@type\":\"PropertyValueSpecification\",\"valueRequired\":true,\"valueName\":\"search_term_string\"}}],\"inLanguage\":\"en-US\"},{\"@type\":\"Person\",\"@id\":\"https:\\\/\\\/kosovatimes.info\\\/#\\\/schema\\\/person\\\/7586712b9c512fe68085de007378c915\",\"name\":\"i l\",\"image\":{\"@type\":\"ImageObject\",\"inLanguage\":\"en-US\",\"@id\":\"https:\\\/\\\/secure.gravatar.com\\\/avatar\\\/bad9296e02816160ae2e2435beda58222022298d5625d49fea74d18816fbb31d?s=96&d=mm&r=g\",\"url\":\"https:\\\/\\\/secure.gravatar.com\\\/avatar\\\/bad9296e02816160ae2e2435beda58222022298d5625d49fea74d18816fbb31d?s=96&d=mm&r=g\",\"contentUrl\":\"https:\\\/\\\/secure.gravatar.com\\\/avatar\\\/bad9296e02816160ae2e2435beda58222022298d5625d49fea74d18816fbb31d?s=96&d=mm&r=g\",\"caption\":\"i l\"},\"url\":\"https:\\\/\\\/kosovatimes.info\\\/index.php\\\/author\\\/iliri\\\/\"}]}<\/script>\n<!-- \/ Yoast SEO plugin. -->","yoast_head_json":{"title":"Akciz\u00eb p\u00ebr stabilizimin e tregut t\u00eb qum\u00ebshtit e mbrojtjen e konsumatorit - Kosova Times","robots":{"index":"index","follow":"follow","max-snippet":"max-snippet:-1","max-image-preview":"max-image-preview:large","max-video-preview":"max-video-preview:-1"},"canonical":"https:\/\/kosovatimes.info\/index.php\/2026\/04\/28\/akcize-per-stabilizimin-e-tregut-te-qumeshtit-e-mbrojtjen-e-konsumatorit\/","og_locale":"en_US","og_type":"article","og_title":"Akciz\u00eb p\u00ebr stabilizimin e tregut t\u00eb qum\u00ebshtit e mbrojtjen e konsumatorit - Kosova Times","og_description":"Ministri i Bujq\u00ebsis\u00eb, Pylltaris\u00eb dhe Zhvillimit Rural njofton p\u00ebr nj\u00eb paket\u00eb t\u00eb integruar masash p\u00ebr stabilizimin e tregut t\u00eb qum\u00ebshtit, mbrojtjen e prodhimit vendor dhe forcimin e siguris\u00eb ushqimore, t\u00eb nd\u00ebrmarra pas konsultimeve me Shoqat\u00ebn e Prodhuesve t\u00eb Qum\u00ebshtit, Ministrin\u00eb e Industris\u00eb, Nd\u00ebrmarr\u00ebsis\u00eb dhe Tregtis\u00eb, Ministrin\u00eb e Financave dhe Dogan\u00ebn e Kosov\u00ebs, duke kombinuar instrumente [&hellip;]","og_url":"https:\/\/kosovatimes.info\/index.php\/2026\/04\/28\/akcize-per-stabilizimin-e-tregut-te-qumeshtit-e-mbrojtjen-e-konsumatorit\/","og_site_name":"Kosova Times","article_published_time":"2026-04-28T17:15:00+00:00","article_modified_time":"2026-04-28T17:45:28+00:00","og_image":[{"width":780,"height":500,"url":"https:\/\/kosovatimes.info\/wp-content\/uploads\/2026\/04\/Akcize.jpg","type":"image\/jpeg"}],"author":"i l","twitter_card":"summary_large_image","twitter_misc":{"Written by":"i l","Est. reading time":"1 minute"},"schema":{"@context":"https:\/\/schema.org","@graph":[{"@type":"Article","@id":"https:\/\/kosovatimes.info\/index.php\/2026\/04\/28\/akcize-per-stabilizimin-e-tregut-te-qumeshtit-e-mbrojtjen-e-konsumatorit\/#article","isPartOf":{"@id":"https:\/\/kosovatimes.info\/index.php\/2026\/04\/28\/akcize-per-stabilizimin-e-tregut-te-qumeshtit-e-mbrojtjen-e-konsumatorit\/"},"author":{"name":"i l","@id":"https:\/\/kosovatimes.info\/#\/schema\/person\/7586712b9c512fe68085de007378c915"},"headline":"Akciz\u00eb p\u00ebr stabilizimin e tregut t\u00eb qum\u00ebshtit e mbrojtjen e konsumatorit","datePublished":"2026-04-28T17:15:00+00:00","dateModified":"2026-04-28T17:45:28+00:00","mainEntityOfPage":{"@id":"https:\/\/kosovatimes.info\/index.php\/2026\/04\/28\/akcize-per-stabilizimin-e-tregut-te-qumeshtit-e-mbrojtjen-e-konsumatorit\/"},"wordCount":469,"commentCount":0,"image":{"@id":"https:\/\/kosovatimes.info\/index.php\/2026\/04\/28\/akcize-per-stabilizimin-e-tregut-te-qumeshtit-e-mbrojtjen-e-konsumatorit\/#primaryimage"},"thumbnailUrl":"https:\/\/kosovatimes.info\/wp-content\/uploads\/2026\/04\/Akcize.jpg","articleSection":["Kosov\u00eb","Lajme"],"inLanguage":"en-US","potentialAction":[{"@type":"CommentAction","name":"Comment","target":["https:\/\/kosovatimes.info\/index.php\/2026\/04\/28\/akcize-per-stabilizimin-e-tregut-te-qumeshtit-e-mbrojtjen-e-konsumatorit\/#respond"]}]},{"@type":"WebPage","@id":"https:\/\/kosovatimes.info\/index.php\/2026\/04\/28\/akcize-per-stabilizimin-e-tregut-te-qumeshtit-e-mbrojtjen-e-konsumatorit\/","url":"https:\/\/kosovatimes.info\/index.php\/2026\/04\/28\/akcize-per-stabilizimin-e-tregut-te-qumeshtit-e-mbrojtjen-e-konsumatorit\/","name":"Akciz\u00eb p\u00ebr stabilizimin e tregut t\u00eb qum\u00ebshtit e mbrojtjen e konsumatorit - Kosova Times","isPartOf":{"@id":"https:\/\/kosovatimes.info\/#website"},"primaryImageOfPage":{"@id":"https:\/\/kosovatimes.info\/index.php\/2026\/04\/28\/akcize-per-stabilizimin-e-tregut-te-qumeshtit-e-mbrojtjen-e-konsumatorit\/#primaryimage"},"image":{"@id":"https:\/\/kosovatimes.info\/index.php\/2026\/04\/28\/akcize-per-stabilizimin-e-tregut-te-qumeshtit-e-mbrojtjen-e-konsumatorit\/#primaryimage"},"thumbnailUrl":"https:\/\/kosovatimes.info\/wp-content\/uploads\/2026\/04\/Akcize.jpg","datePublished":"2026-04-28T17:15:00+00:00","dateModified":"2026-04-28T17:45:28+00:00","author":{"@id":"https:\/\/kosovatimes.info\/#\/schema\/person\/7586712b9c512fe68085de007378c915"},"breadcrumb":{"@id":"https:\/\/kosovatimes.info\/index.php\/2026\/04\/28\/akcize-per-stabilizimin-e-tregut-te-qumeshtit-e-mbrojtjen-e-konsumatorit\/#breadcrumb"},"inLanguage":"en-US","potentialAction":[{"@type":"ReadAction","target":["https:\/\/kosovatimes.info\/index.php\/2026\/04\/28\/akcize-per-stabilizimin-e-tregut-te-qumeshtit-e-mbrojtjen-e-konsumatorit\/"]}]},{"@type":"ImageObject","inLanguage":"en-US","@id":"https:\/\/kosovatimes.info\/index.php\/2026\/04\/28\/akcize-per-stabilizimin-e-tregut-te-qumeshtit-e-mbrojtjen-e-konsumatorit\/#primaryimage","url":"https:\/\/kosovatimes.info\/wp-content\/uploads\/2026\/04\/Akcize.jpg","contentUrl":"https:\/\/kosovatimes.info\/wp-content\/uploads\/2026\/04\/Akcize.jpg","width":780,"height":500},{"@type":"BreadcrumbList","@id":"https:\/\/kosovatimes.info\/index.php\/2026\/04\/28\/akcize-per-stabilizimin-e-tregut-te-qumeshtit-e-mbrojtjen-e-konsumatorit\/#breadcrumb","itemListElement":[{"@type":"ListItem","position":1,"name":"Home","item":"https:\/\/kosovatimes.info\/"},{"@type":"ListItem","position":2,"name":"Akciz\u00eb p\u00ebr stabilizimin e tregut t\u00eb qum\u00ebshtit e mbrojtjen e konsumatorit"}]},{"@type":"WebSite","@id":"https:\/\/kosovatimes.info\/#website","url":"https:\/\/kosovatimes.info\/","name":"Kosova Times","description":"","potentialAction":[{"@type":"SearchAction","target":{"@type":"EntryPoint","urlTemplate":"https:\/\/kosovatimes.info\/?s={search_term_string}"},"query-input":{"@type":"PropertyValueSpecification","valueRequired":true,"valueName":"search_term_string"}}],"inLanguage":"en-US"},{"@type":"Person","@id":"https:\/\/kosovatimes.info\/#\/schema\/person\/7586712b9c512fe68085de007378c915","name":"i l","image":{"@type":"ImageObject","inLanguage":"en-US","@id":"https:\/\/secure.gravatar.com\/avatar\/bad9296e02816160ae2e2435beda58222022298d5625d49fea74d18816fbb31d?s=96&d=mm&r=g","url":"https:\/\/secure.gravatar.com\/avatar\/bad9296e02816160ae2e2435beda58222022298d5625d49fea74d18816fbb31d?s=96&d=mm&r=g","contentUrl":"https:\/\/secure.gravatar.com\/avatar\/bad9296e02816160ae2e2435beda58222022298d5625d49fea74d18816fbb31d?s=96&d=mm&r=g","caption":"i l"},"url":"https:\/\/kosovatimes.info\/index.php\/author\/iliri\/"}]}},"_links":{"self":[{"href":"https:\/\/kosovatimes.info\/index.php\/wp-json\/wp\/v2\/posts\/12301","targetHints":{"allow":["GET"]}}],"collection":[{"href":"https:\/\/kosovatimes.info\/index.php\/wp-json\/wp\/v2\/posts"}],"about":[{"href":"https:\/\/kosovatimes.info\/index.php\/wp-json\/wp\/v2\/types\/post"}],"author":[{"embeddable":true,"href":"https:\/\/kosovatimes.info\/index.php\/wp-json\/wp\/v2\/users\/4"}],"replies":[{"embeddable":true,"href":"https:\/\/kosovatimes.info\/index.php\/wp-json\/wp\/v2\/comments?post=12301"}],"version-history":[{"count":1,"href":"https:\/\/kosovatimes.info\/index.php\/wp-json\/wp\/v2\/posts\/12301\/revisions"}],"predecessor-version":[{"id":12303,"href":"https:\/\/kosovatimes.info\/index.php\/wp-json\/wp\/v2\/posts\/12301\/revisions\/12303"}],"wp:featuredmedia":[{"embeddable":true,"href":"https:\/\/kosovatimes.info\/index.php\/wp-json\/wp\/v2\/media\/12302"}],"wp:attachment":[{"href":"https:\/\/kosovatimes.info\/index.php\/wp-json\/wp\/v2\/media?parent=12301"}],"wp:term":[{"taxonomy":"category","embeddable":true,"href":"https:\/\/kosovatimes.info\/index.php\/wp-json\/wp\/v2\/categories?post=12301"},{"taxonomy":"post_tag","embeddable":true,"href":"https:\/\/kosovatimes.info\/index.php\/wp-json\/wp\/v2\/tags?post=12301"}],"curies":[{"name":"wp","href":"https:\/\/api.w.org\/{rel}","templated":true}]}}