{"id":12304,"date":"2026-04-28T19:19:00","date_gmt":"2026-04-28T17:19:00","guid":{"rendered":"https:\/\/kosovatimes.info\/?p=12304"},"modified":"2026-04-28T19:46:19","modified_gmt":"2026-04-28T17:46:19","slug":"up-ja-lidh-marreveshje-me-ministrine-e-drejtesise-per-ekspertize-akademike","status":"publish","type":"post","link":"https:\/\/kosovatimes.info\/index.php\/2026\/04\/28\/up-ja-lidh-marreveshje-me-ministrine-e-drejtesise-per-ekspertize-akademike\/","title":{"rendered":"UP-ja lidh marr\u00ebveshje me Ministrin\u00eb e Drejt\u00ebsis\u00eb p\u00ebr ekspertiz\u00eb akademike"},"content":{"rendered":"\n<p><strong>Universiteti i Prishtin\u00ebs n\u00ebnshkroi sot marr\u00ebveshje bashk\u00ebpunimi me Ministrin\u00eb e Drejt\u00ebsis\u00eb p\u00ebr aktivitete t\u00eb p\u00ebrbashk\u00ebta n\u00eb t\u00eb mir\u00eb t\u00eb institucioneve publike.<\/strong><\/p>\n\n\n\n<p>Sipas marr\u00ebveshjes, UP-ja do t\u00eb ofroj\u00eb ekspertiz\u00eb akademike e profesionale n\u00eb fushat q\u00eb lidhen me kompetencat e Ministris\u00eb s\u00eb Drejt\u00ebsis\u00eb. Personeli akademik i UP-s\u00eb do t\u00eb p\u00ebrfshihet edhe n\u00eb studime, analiza, propozime, hartime t\u00eb dokumenteve teknike dhe aktivitete profesionale.<\/p>\n\n\n\n<p>Marr\u00ebveshja u n\u00ebnshkrua nga rektori i Universitetit t\u00eb Prishtin\u00ebs, prof. Arben Hajrullahu dhe ministrja e Drejt\u00ebsis\u00eb, Donika G\u00ebrvalla-Schwarz.<\/p>\n\n\n\n<p>Rektori Hajrullahu tha se pa UP-n\u00eb Kosova nuk mund t\u00eb b\u00ebj\u00eb hapa dometh\u00ebn\u00ebs p\u00ebrpara, nd\u00ebrsa ministrja G\u00ebrvalla-Schwarz shprehu bindjen se n\u00eb t\u00eb ardhmen vendimet dhe draft-ligjet e ministris\u00eb do t\u00eb jen\u00eb m\u00eb t\u00eb mira me p\u00ebrfshirjen edhe m\u00eb t\u00eb madhe t\u00eb profesionist\u00ebve t\u00eb Universitetit t\u00eb Prishtin\u00ebs.<\/p>\n\n\n\n<p>N\u00eb takim dhe n\u00ebnshkrimin e marr\u00ebveshjes mor\u00ebn pjes\u00eb edhe prorektorja p\u00ebr nd\u00ebrkomb\u00ebtarizim dhe shk\u00ebmbim akademik, prof. Rozafa Basha dhe sekretari i p\u00ebrgjithsh\u00ebm i UP-s\u00eb, Safet Tha\u00e7i, nd\u00ebrsa ministrja G\u00ebrvalla erdhi e shoq\u00ebruar nga zyrtar\u00ebt e kabinetit t\u00eb saj Flutura Mehmeti e Dardan Tolaj.<\/p>\n\n\n\n<p>Gjat\u00eb k\u00ebtij viti drejtues t\u00eb UP-s\u00eb jan\u00eb takuar edhe me&nbsp;ministren&nbsp;e Mjedisit dhe Planifikimit Hap\u00ebsinor, Fitore Pacolli-Dalipi dhe zyrtar\u00eb t\u00eb&nbsp;nd\u00ebrmarrjeve&nbsp;publike me q\u00ebllimin e rritjes s\u00eb bashk\u00ebpunimit p\u00ebr t\u00eb mir\u00ebn e p\u00ebrbashk\u00ebt.<\/p>\n","protected":false},"excerpt":{"rendered":"<p>Universiteti i Prishtin\u00ebs n\u00ebnshkroi sot marr\u00ebveshje bashk\u00ebpunimi me Ministrin\u00eb e Drejt\u00ebsis\u00eb p\u00ebr aktivitete t\u00eb p\u00ebrbashk\u00ebta n\u00eb t\u00eb mir\u00eb t\u00eb institucioneve publike. Sipas marr\u00ebveshjes, UP-ja do t\u00eb ofroj\u00eb ekspertiz\u00eb akademike e profesionale n\u00eb fushat q\u00eb lidhen me kompetencat e Ministris\u00eb s\u00eb Drejt\u00ebsis\u00eb. Personeli akademik i UP-s\u00eb do t\u00eb p\u00ebrfshihet edhe n\u00eb studime, analiza, propozime, hartime t\u00eb [&hellip;]<\/p>\n","protected":false},"author":4,"featured_media":12305,"comment_status":"open","ping_status":"open","sticky":false,"template":"","format":"standard","meta":{"footnotes":""},"categories":[31,30],"tags":[],"class_list":{"0":"post-12304","1":"post","2":"type-post","3":"status-publish","4":"format-standard","5":"has-post-thumbnail","7":"category-kosove","8":"category-lajme"},"yoast_head":"<!-- This site is optimized with the Yoast SEO plugin v27.4 - https:\/\/yoast.com\/product\/yoast-seo-wordpress\/ -->\n<title>UP-ja lidh marr\u00ebveshje me Ministrin\u00eb e Drejt\u00ebsis\u00eb p\u00ebr ekspertiz\u00eb akademike - Kosova Times<\/title>\n<meta name=\"robots\" content=\"index, follow, max-snippet:-1, max-image-preview:large, max-video-preview:-1\" \/>\n<link rel=\"canonical\" href=\"https:\/\/kosovatimes.info\/index.php\/2026\/04\/28\/up-ja-lidh-marreveshje-me-ministrine-e-drejtesise-per-ekspertize-akademike\/\" \/>\n<meta property=\"og:locale\" content=\"en_US\" \/>\n<meta property=\"og:type\" content=\"article\" \/>\n<meta property=\"og:title\" content=\"UP-ja lidh marr\u00ebveshje me Ministrin\u00eb e Drejt\u00ebsis\u00eb p\u00ebr ekspertiz\u00eb akademike - Kosova Times\" \/>\n<meta property=\"og:description\" content=\"Universiteti i Prishtin\u00ebs n\u00ebnshkroi sot marr\u00ebveshje bashk\u00ebpunimi me Ministrin\u00eb e Drejt\u00ebsis\u00eb p\u00ebr aktivitete t\u00eb p\u00ebrbashk\u00ebta n\u00eb t\u00eb mir\u00eb t\u00eb institucioneve publike. Sipas marr\u00ebveshjes, UP-ja do t\u00eb ofroj\u00eb ekspertiz\u00eb akademike e profesionale n\u00eb fushat q\u00eb lidhen me kompetencat e Ministris\u00eb s\u00eb Drejt\u00ebsis\u00eb. Personeli akademik i UP-s\u00eb do t\u00eb p\u00ebrfshihet edhe n\u00eb studime, analiza, propozime, hartime t\u00eb [&hellip;]\" \/>\n<meta property=\"og:url\" content=\"https:\/\/kosovatimes.info\/index.php\/2026\/04\/28\/up-ja-lidh-marreveshje-me-ministrine-e-drejtesise-per-ekspertize-akademike\/\" \/>\n<meta property=\"og:site_name\" content=\"Kosova Times\" \/>\n<meta property=\"article:published_time\" content=\"2026-04-28T17:19:00+00:00\" \/>\n<meta property=\"article:modified_time\" content=\"2026-04-28T17:46:19+00:00\" \/>\n<meta property=\"og:image\" content=\"https:\/\/kosovatimes.info\/wp-content\/uploads\/2026\/04\/UP.jpg\" \/>\n\t<meta property=\"og:image:width\" content=\"780\" \/>\n\t<meta property=\"og:image:height\" content=\"500\" \/>\n\t<meta property=\"og:image:type\" content=\"image\/jpeg\" \/>\n<meta name=\"author\" content=\"i l\" \/>\n<meta name=\"twitter:card\" content=\"summary_large_image\" \/>\n<meta name=\"twitter:label1\" content=\"Written by\" \/>\n\t<meta name=\"twitter:data1\" content=\"i l\" \/>\n\t<meta name=\"twitter:label2\" content=\"Est. reading time\" \/>\n\t<meta name=\"twitter:data2\" content=\"2 minutes\" \/>\n<script type=\"application\/ld+json\" class=\"yoast-schema-graph\">{\"@context\":\"https:\\\/\\\/schema.org\",\"@graph\":[{\"@type\":\"Article\",\"@id\":\"https:\\\/\\\/kosovatimes.info\\\/index.php\\\/2026\\\/04\\\/28\\\/up-ja-lidh-marreveshje-me-ministrine-e-drejtesise-per-ekspertize-akademike\\\/#article\",\"isPartOf\":{\"@id\":\"https:\\\/\\\/kosovatimes.info\\\/index.php\\\/2026\\\/04\\\/28\\\/up-ja-lidh-marreveshje-me-ministrine-e-drejtesise-per-ekspertize-akademike\\\/\"},\"author\":{\"name\":\"i l\",\"@id\":\"https:\\\/\\\/kosovatimes.info\\\/#\\\/schema\\\/person\\\/7586712b9c512fe68085de007378c915\"},\"headline\":\"UP-ja lidh marr\u00ebveshje me Ministrin\u00eb e Drejt\u00ebsis\u00eb p\u00ebr ekspertiz\u00eb akademike\",\"datePublished\":\"2026-04-28T17:19:00+00:00\",\"dateModified\":\"2026-04-28T17:46:19+00:00\",\"mainEntityOfPage\":{\"@id\":\"https:\\\/\\\/kosovatimes.info\\\/index.php\\\/2026\\\/04\\\/28\\\/up-ja-lidh-marreveshje-me-ministrine-e-drejtesise-per-ekspertize-akademike\\\/\"},\"wordCount\":266,\"commentCount\":0,\"image\":{\"@id\":\"https:\\\/\\\/kosovatimes.info\\\/index.php\\\/2026\\\/04\\\/28\\\/up-ja-lidh-marreveshje-me-ministrine-e-drejtesise-per-ekspertize-akademike\\\/#primaryimage\"},\"thumbnailUrl\":\"https:\\\/\\\/kosovatimes.info\\\/wp-content\\\/uploads\\\/2026\\\/04\\\/UP.jpg\",\"articleSection\":[\"Kosov\u00eb\",\"Lajme\"],\"inLanguage\":\"en-US\",\"potentialAction\":[{\"@type\":\"CommentAction\",\"name\":\"Comment\",\"target\":[\"https:\\\/\\\/kosovatimes.info\\\/index.php\\\/2026\\\/04\\\/28\\\/up-ja-lidh-marreveshje-me-ministrine-e-drejtesise-per-ekspertize-akademike\\\/#respond\"]}]},{\"@type\":\"WebPage\",\"@id\":\"https:\\\/\\\/kosovatimes.info\\\/index.php\\\/2026\\\/04\\\/28\\\/up-ja-lidh-marreveshje-me-ministrine-e-drejtesise-per-ekspertize-akademike\\\/\",\"url\":\"https:\\\/\\\/kosovatimes.info\\\/index.php\\\/2026\\\/04\\\/28\\\/up-ja-lidh-marreveshje-me-ministrine-e-drejtesise-per-ekspertize-akademike\\\/\",\"name\":\"UP-ja lidh marr\u00ebveshje me Ministrin\u00eb e Drejt\u00ebsis\u00eb p\u00ebr ekspertiz\u00eb akademike - Kosova Times\",\"isPartOf\":{\"@id\":\"https:\\\/\\\/kosovatimes.info\\\/#website\"},\"primaryImageOfPage\":{\"@id\":\"https:\\\/\\\/kosovatimes.info\\\/index.php\\\/2026\\\/04\\\/28\\\/up-ja-lidh-marreveshje-me-ministrine-e-drejtesise-per-ekspertize-akademike\\\/#primaryimage\"},\"image\":{\"@id\":\"https:\\\/\\\/kosovatimes.info\\\/index.php\\\/2026\\\/04\\\/28\\\/up-ja-lidh-marreveshje-me-ministrine-e-drejtesise-per-ekspertize-akademike\\\/#primaryimage\"},\"thumbnailUrl\":\"https:\\\/\\\/kosovatimes.info\\\/wp-content\\\/uploads\\\/2026\\\/04\\\/UP.jpg\",\"datePublished\":\"2026-04-28T17:19:00+00:00\",\"dateModified\":\"2026-04-28T17:46:19+00:00\",\"author\":{\"@id\":\"https:\\\/\\\/kosovatimes.info\\\/#\\\/schema\\\/person\\\/7586712b9c512fe68085de007378c915\"},\"breadcrumb\":{\"@id\":\"https:\\\/\\\/kosovatimes.info\\\/index.php\\\/2026\\\/04\\\/28\\\/up-ja-lidh-marreveshje-me-ministrine-e-drejtesise-per-ekspertize-akademike\\\/#breadcrumb\"},\"inLanguage\":\"en-US\",\"potentialAction\":[{\"@type\":\"ReadAction\",\"target\":[\"https:\\\/\\\/kosovatimes.info\\\/index.php\\\/2026\\\/04\\\/28\\\/up-ja-lidh-marreveshje-me-ministrine-e-drejtesise-per-ekspertize-akademike\\\/\"]}]},{\"@type\":\"ImageObject\",\"inLanguage\":\"en-US\",\"@id\":\"https:\\\/\\\/kosovatimes.info\\\/index.php\\\/2026\\\/04\\\/28\\\/up-ja-lidh-marreveshje-me-ministrine-e-drejtesise-per-ekspertize-akademike\\\/#primaryimage\",\"url\":\"https:\\\/\\\/kosovatimes.info\\\/wp-content\\\/uploads\\\/2026\\\/04\\\/UP.jpg\",\"contentUrl\":\"https:\\\/\\\/kosovatimes.info\\\/wp-content\\\/uploads\\\/2026\\\/04\\\/UP.jpg\",\"width\":780,\"height\":500},{\"@type\":\"BreadcrumbList\",\"@id\":\"https:\\\/\\\/kosovatimes.info\\\/index.php\\\/2026\\\/04\\\/28\\\/up-ja-lidh-marreveshje-me-ministrine-e-drejtesise-per-ekspertize-akademike\\\/#breadcrumb\",\"itemListElement\":[{\"@type\":\"ListItem\",\"position\":1,\"name\":\"Home\",\"item\":\"https:\\\/\\\/kosovatimes.info\\\/\"},{\"@type\":\"ListItem\",\"position\":2,\"name\":\"UP-ja lidh marr\u00ebveshje me Ministrin\u00eb e Drejt\u00ebsis\u00eb p\u00ebr ekspertiz\u00eb akademike\"}]},{\"@type\":\"WebSite\",\"@id\":\"https:\\\/\\\/kosovatimes.info\\\/#website\",\"url\":\"https:\\\/\\\/kosovatimes.info\\\/\",\"name\":\"Kosova Times\",\"description\":\"\",\"potentialAction\":[{\"@type\":\"SearchAction\",\"target\":{\"@type\":\"EntryPoint\",\"urlTemplate\":\"https:\\\/\\\/kosovatimes.info\\\/?s={search_term_string}\"},\"query-input\":{\"@type\":\"PropertyValueSpecification\",\"valueRequired\":true,\"valueName\":\"search_term_string\"}}],\"inLanguage\":\"en-US\"},{\"@type\":\"Person\",\"@id\":\"https:\\\/\\\/kosovatimes.info\\\/#\\\/schema\\\/person\\\/7586712b9c512fe68085de007378c915\",\"name\":\"i l\",\"image\":{\"@type\":\"ImageObject\",\"inLanguage\":\"en-US\",\"@id\":\"https:\\\/\\\/secure.gravatar.com\\\/avatar\\\/bad9296e02816160ae2e2435beda58222022298d5625d49fea74d18816fbb31d?s=96&d=mm&r=g\",\"url\":\"https:\\\/\\\/secure.gravatar.com\\\/avatar\\\/bad9296e02816160ae2e2435beda58222022298d5625d49fea74d18816fbb31d?s=96&d=mm&r=g\",\"contentUrl\":\"https:\\\/\\\/secure.gravatar.com\\\/avatar\\\/bad9296e02816160ae2e2435beda58222022298d5625d49fea74d18816fbb31d?s=96&d=mm&r=g\",\"caption\":\"i l\"},\"url\":\"https:\\\/\\\/kosovatimes.info\\\/index.php\\\/author\\\/iliri\\\/\"}]}<\/script>\n<!-- \/ Yoast SEO plugin. -->","yoast_head_json":{"title":"UP-ja lidh marr\u00ebveshje me Ministrin\u00eb e Drejt\u00ebsis\u00eb p\u00ebr ekspertiz\u00eb akademike - Kosova Times","robots":{"index":"index","follow":"follow","max-snippet":"max-snippet:-1","max-image-preview":"max-image-preview:large","max-video-preview":"max-video-preview:-1"},"canonical":"https:\/\/kosovatimes.info\/index.php\/2026\/04\/28\/up-ja-lidh-marreveshje-me-ministrine-e-drejtesise-per-ekspertize-akademike\/","og_locale":"en_US","og_type":"article","og_title":"UP-ja lidh marr\u00ebveshje me Ministrin\u00eb e Drejt\u00ebsis\u00eb p\u00ebr ekspertiz\u00eb akademike - Kosova Times","og_description":"Universiteti i Prishtin\u00ebs n\u00ebnshkroi sot marr\u00ebveshje bashk\u00ebpunimi me Ministrin\u00eb e Drejt\u00ebsis\u00eb p\u00ebr aktivitete t\u00eb p\u00ebrbashk\u00ebta n\u00eb t\u00eb mir\u00eb t\u00eb institucioneve publike. Sipas marr\u00ebveshjes, UP-ja do t\u00eb ofroj\u00eb ekspertiz\u00eb akademike e profesionale n\u00eb fushat q\u00eb lidhen me kompetencat e Ministris\u00eb s\u00eb Drejt\u00ebsis\u00eb. Personeli akademik i UP-s\u00eb do t\u00eb p\u00ebrfshihet edhe n\u00eb studime, analiza, propozime, hartime t\u00eb [&hellip;]","og_url":"https:\/\/kosovatimes.info\/index.php\/2026\/04\/28\/up-ja-lidh-marreveshje-me-ministrine-e-drejtesise-per-ekspertize-akademike\/","og_site_name":"Kosova Times","article_published_time":"2026-04-28T17:19:00+00:00","article_modified_time":"2026-04-28T17:46:19+00:00","og_image":[{"width":780,"height":500,"url":"https:\/\/kosovatimes.info\/wp-content\/uploads\/2026\/04\/UP.jpg","type":"image\/jpeg"}],"author":"i l","twitter_card":"summary_large_image","twitter_misc":{"Written by":"i l","Est. reading time":"2 minutes"},"schema":{"@context":"https:\/\/schema.org","@graph":[{"@type":"Article","@id":"https:\/\/kosovatimes.info\/index.php\/2026\/04\/28\/up-ja-lidh-marreveshje-me-ministrine-e-drejtesise-per-ekspertize-akademike\/#article","isPartOf":{"@id":"https:\/\/kosovatimes.info\/index.php\/2026\/04\/28\/up-ja-lidh-marreveshje-me-ministrine-e-drejtesise-per-ekspertize-akademike\/"},"author":{"name":"i l","@id":"https:\/\/kosovatimes.info\/#\/schema\/person\/7586712b9c512fe68085de007378c915"},"headline":"UP-ja lidh marr\u00ebveshje me Ministrin\u00eb e Drejt\u00ebsis\u00eb p\u00ebr ekspertiz\u00eb akademike","datePublished":"2026-04-28T17:19:00+00:00","dateModified":"2026-04-28T17:46:19+00:00","mainEntityOfPage":{"@id":"https:\/\/kosovatimes.info\/index.php\/2026\/04\/28\/up-ja-lidh-marreveshje-me-ministrine-e-drejtesise-per-ekspertize-akademike\/"},"wordCount":266,"commentCount":0,"image":{"@id":"https:\/\/kosovatimes.info\/index.php\/2026\/04\/28\/up-ja-lidh-marreveshje-me-ministrine-e-drejtesise-per-ekspertize-akademike\/#primaryimage"},"thumbnailUrl":"https:\/\/kosovatimes.info\/wp-content\/uploads\/2026\/04\/UP.jpg","articleSection":["Kosov\u00eb","Lajme"],"inLanguage":"en-US","potentialAction":[{"@type":"CommentAction","name":"Comment","target":["https:\/\/kosovatimes.info\/index.php\/2026\/04\/28\/up-ja-lidh-marreveshje-me-ministrine-e-drejtesise-per-ekspertize-akademike\/#respond"]}]},{"@type":"WebPage","@id":"https:\/\/kosovatimes.info\/index.php\/2026\/04\/28\/up-ja-lidh-marreveshje-me-ministrine-e-drejtesise-per-ekspertize-akademike\/","url":"https:\/\/kosovatimes.info\/index.php\/2026\/04\/28\/up-ja-lidh-marreveshje-me-ministrine-e-drejtesise-per-ekspertize-akademike\/","name":"UP-ja lidh marr\u00ebveshje me Ministrin\u00eb e Drejt\u00ebsis\u00eb p\u00ebr ekspertiz\u00eb akademike - Kosova Times","isPartOf":{"@id":"https:\/\/kosovatimes.info\/#website"},"primaryImageOfPage":{"@id":"https:\/\/kosovatimes.info\/index.php\/2026\/04\/28\/up-ja-lidh-marreveshje-me-ministrine-e-drejtesise-per-ekspertize-akademike\/#primaryimage"},"image":{"@id":"https:\/\/kosovatimes.info\/index.php\/2026\/04\/28\/up-ja-lidh-marreveshje-me-ministrine-e-drejtesise-per-ekspertize-akademike\/#primaryimage"},"thumbnailUrl":"https:\/\/kosovatimes.info\/wp-content\/uploads\/2026\/04\/UP.jpg","datePublished":"2026-04-28T17:19:00+00:00","dateModified":"2026-04-28T17:46:19+00:00","author":{"@id":"https:\/\/kosovatimes.info\/#\/schema\/person\/7586712b9c512fe68085de007378c915"},"breadcrumb":{"@id":"https:\/\/kosovatimes.info\/index.php\/2026\/04\/28\/up-ja-lidh-marreveshje-me-ministrine-e-drejtesise-per-ekspertize-akademike\/#breadcrumb"},"inLanguage":"en-US","potentialAction":[{"@type":"ReadAction","target":["https:\/\/kosovatimes.info\/index.php\/2026\/04\/28\/up-ja-lidh-marreveshje-me-ministrine-e-drejtesise-per-ekspertize-akademike\/"]}]},{"@type":"ImageObject","inLanguage":"en-US","@id":"https:\/\/kosovatimes.info\/index.php\/2026\/04\/28\/up-ja-lidh-marreveshje-me-ministrine-e-drejtesise-per-ekspertize-akademike\/#primaryimage","url":"https:\/\/kosovatimes.info\/wp-content\/uploads\/2026\/04\/UP.jpg","contentUrl":"https:\/\/kosovatimes.info\/wp-content\/uploads\/2026\/04\/UP.jpg","width":780,"height":500},{"@type":"BreadcrumbList","@id":"https:\/\/kosovatimes.info\/index.php\/2026\/04\/28\/up-ja-lidh-marreveshje-me-ministrine-e-drejtesise-per-ekspertize-akademike\/#breadcrumb","itemListElement":[{"@type":"ListItem","position":1,"name":"Home","item":"https:\/\/kosovatimes.info\/"},{"@type":"ListItem","position":2,"name":"UP-ja lidh marr\u00ebveshje me Ministrin\u00eb e Drejt\u00ebsis\u00eb p\u00ebr ekspertiz\u00eb akademike"}]},{"@type":"WebSite","@id":"https:\/\/kosovatimes.info\/#website","url":"https:\/\/kosovatimes.info\/","name":"Kosova Times","description":"","potentialAction":[{"@type":"SearchAction","target":{"@type":"EntryPoint","urlTemplate":"https:\/\/kosovatimes.info\/?s={search_term_string}"},"query-input":{"@type":"PropertyValueSpecification","valueRequired":true,"valueName":"search_term_string"}}],"inLanguage":"en-US"},{"@type":"Person","@id":"https:\/\/kosovatimes.info\/#\/schema\/person\/7586712b9c512fe68085de007378c915","name":"i l","image":{"@type":"ImageObject","inLanguage":"en-US","@id":"https:\/\/secure.gravatar.com\/avatar\/bad9296e02816160ae2e2435beda58222022298d5625d49fea74d18816fbb31d?s=96&d=mm&r=g","url":"https:\/\/secure.gravatar.com\/avatar\/bad9296e02816160ae2e2435beda58222022298d5625d49fea74d18816fbb31d?s=96&d=mm&r=g","contentUrl":"https:\/\/secure.gravatar.com\/avatar\/bad9296e02816160ae2e2435beda58222022298d5625d49fea74d18816fbb31d?s=96&d=mm&r=g","caption":"i l"},"url":"https:\/\/kosovatimes.info\/index.php\/author\/iliri\/"}]}},"_links":{"self":[{"href":"https:\/\/kosovatimes.info\/index.php\/wp-json\/wp\/v2\/posts\/12304","targetHints":{"allow":["GET"]}}],"collection":[{"href":"https:\/\/kosovatimes.info\/index.php\/wp-json\/wp\/v2\/posts"}],"about":[{"href":"https:\/\/kosovatimes.info\/index.php\/wp-json\/wp\/v2\/types\/post"}],"author":[{"embeddable":true,"href":"https:\/\/kosovatimes.info\/index.php\/wp-json\/wp\/v2\/users\/4"}],"replies":[{"embeddable":true,"href":"https:\/\/kosovatimes.info\/index.php\/wp-json\/wp\/v2\/comments?post=12304"}],"version-history":[{"count":1,"href":"https:\/\/kosovatimes.info\/index.php\/wp-json\/wp\/v2\/posts\/12304\/revisions"}],"predecessor-version":[{"id":12306,"href":"https:\/\/kosovatimes.info\/index.php\/wp-json\/wp\/v2\/posts\/12304\/revisions\/12306"}],"wp:featuredmedia":[{"embeddable":true,"href":"https:\/\/kosovatimes.info\/index.php\/wp-json\/wp\/v2\/media\/12305"}],"wp:attachment":[{"href":"https:\/\/kosovatimes.info\/index.php\/wp-json\/wp\/v2\/media?parent=12304"}],"wp:term":[{"taxonomy":"category","embeddable":true,"href":"https:\/\/kosovatimes.info\/index.php\/wp-json\/wp\/v2\/categories?post=12304"},{"taxonomy":"post_tag","embeddable":true,"href":"https:\/\/kosovatimes.info\/index.php\/wp-json\/wp\/v2\/tags?post=12304"}],"curies":[{"name":"wp","href":"https:\/\/api.w.org\/{rel}","templated":true}]}}