{"id":12307,"date":"2026-04-28T19:37:00","date_gmt":"2026-04-28T17:37:00","guid":{"rendered":"https:\/\/kosovatimes.info\/?p=12307"},"modified":"2026-04-28T19:48:15","modified_gmt":"2026-04-28T17:48:15","slug":"seanca-per-zgjedhjen-e-presidentit-do-te-vazhdoje-sonte-ne-ora-2300","status":"publish","type":"post","link":"https:\/\/kosovatimes.info\/index.php\/2026\/04\/28\/seanca-per-zgjedhjen-e-presidentit-do-te-vazhdoje-sonte-ne-ora-2300\/","title":{"rendered":"Seanca p\u00ebr zgjedhjen e presidentit do t\u00eb vazhdoj\u00eb sonte n\u00eb ora 23:00"},"content":{"rendered":"\n<p><strong>Seanca p\u00ebr zgjedhjen e presidentit do t\u00eb vazhdoj\u00eb sonte n\u00eb ora 23:00.<\/strong><\/p>\n\n\n\n<p><strong>Live| Vazhdimi i seanc\u00ebs p\u00ebr zgjedhjen e presidentit n\u00eb ora 23:00<\/strong><\/p>\n\n\n\n<p>Kuvendi i Kosov\u00ebs ka filluar seanc\u00ebn e Jasht\u00ebzakonshme plenare, ku n\u00eb rend dite \u00ebsht\u00eb zgjedhja e Presidentit t\u00eb Republik\u00ebs s\u00eb Kosov\u00ebs.<\/p>\n\n\n\n<p><a href=\"https:\/\/www.facebook.com\/plugins\/video.php?height=314&amp;href=https%3A%2F%2Fwww.facebook.com%2Frtklivecom%2Fvideos%2F1246527730802444%2F&amp;show_text=true&amp;width=560&amp;t=0\">https:\/\/www.facebook.com\/plugins\/video.php?height=314&amp;href=https%3A%2F%2Fwww.facebook.com%2Frtklivecom%2Fvideos%2F1246527730802444%2F&amp;show_text=true&amp;width=560&amp;t=0<\/a><\/p>\n","protected":false},"excerpt":{"rendered":"<p>Seanca p\u00ebr zgjedhjen e presidentit do t\u00eb vazhdoj\u00eb sonte n\u00eb ora 23:00. Live| Vazhdimi i seanc\u00ebs p\u00ebr zgjedhjen e presidentit n\u00eb ora 23:00 Kuvendi i Kosov\u00ebs ka filluar seanc\u00ebn e Jasht\u00ebzakonshme plenare, ku n\u00eb rend dite \u00ebsht\u00eb zgjedhja e Presidentit t\u00eb Republik\u00ebs s\u00eb Kosov\u00ebs. https:\/\/www.facebook.com\/plugins\/video.php?height=314&amp;href=https%3A%2F%2Fwww.facebook.com%2Frtklivecom%2Fvideos%2F1246527730802444%2F&amp;show_text=true&amp;width=560&amp;t=0<\/p>\n","protected":false},"author":4,"featured_media":12308,"comment_status":"open","ping_status":"open","sticky":true,"template":"","format":"standard","meta":{"footnotes":""},"categories":[31,30],"tags":[],"class_list":{"0":"post-12307","1":"post","2":"type-post","3":"status-publish","4":"format-standard","5":"has-post-thumbnail","7":"category-kosove","8":"category-lajme"},"yoast_head":"<!-- This site is optimized with the Yoast SEO plugin v27.4 - https:\/\/yoast.com\/product\/yoast-seo-wordpress\/ -->\n<title>Seanca p\u00ebr zgjedhjen e presidentit do t\u00eb vazhdoj\u00eb sonte n\u00eb ora 23:00 - Kosova Times<\/title>\n<meta name=\"robots\" content=\"index, follow, max-snippet:-1, max-image-preview:large, max-video-preview:-1\" \/>\n<link rel=\"canonical\" href=\"https:\/\/kosovatimes.info\/index.php\/2026\/04\/28\/seanca-per-zgjedhjen-e-presidentit-do-te-vazhdoje-sonte-ne-ora-2300\/\" \/>\n<meta property=\"og:locale\" content=\"en_US\" \/>\n<meta property=\"og:type\" content=\"article\" \/>\n<meta property=\"og:title\" content=\"Seanca p\u00ebr zgjedhjen e presidentit do t\u00eb vazhdoj\u00eb sonte n\u00eb ora 23:00 - Kosova Times\" \/>\n<meta property=\"og:description\" content=\"Seanca p\u00ebr zgjedhjen e presidentit do t\u00eb vazhdoj\u00eb sonte n\u00eb ora 23:00. Live| Vazhdimi i seanc\u00ebs p\u00ebr zgjedhjen e presidentit n\u00eb ora 23:00 Kuvendi i Kosov\u00ebs ka filluar seanc\u00ebn e Jasht\u00ebzakonshme plenare, ku n\u00eb rend dite \u00ebsht\u00eb zgjedhja e Presidentit t\u00eb Republik\u00ebs s\u00eb Kosov\u00ebs. https:\/\/www.facebook.com\/plugins\/video.php?height=314&amp;href=https%3A%2F%2Fwww.facebook.com%2Frtklivecom%2Fvideos%2F1246527730802444%2F&amp;show_text=true&amp;width=560&amp;t=0\" \/>\n<meta property=\"og:url\" content=\"https:\/\/kosovatimes.info\/index.php\/2026\/04\/28\/seanca-per-zgjedhjen-e-presidentit-do-te-vazhdoje-sonte-ne-ora-2300\/\" \/>\n<meta property=\"og:site_name\" content=\"Kosova Times\" \/>\n<meta property=\"article:published_time\" content=\"2026-04-28T17:37:00+00:00\" \/>\n<meta property=\"article:modified_time\" content=\"2026-04-28T17:48:15+00:00\" \/>\n<meta property=\"og:image\" content=\"https:\/\/kosovatimes.info\/wp-content\/uploads\/2026\/04\/Kuvendi-2.png\" \/>\n\t<meta property=\"og:image:width\" content=\"729\" \/>\n\t<meta property=\"og:image:height\" content=\"430\" \/>\n\t<meta property=\"og:image:type\" content=\"image\/png\" \/>\n<meta name=\"author\" content=\"i l\" \/>\n<meta name=\"twitter:card\" content=\"summary_large_image\" \/>\n<meta name=\"twitter:label1\" content=\"Written by\" \/>\n\t<meta name=\"twitter:data1\" content=\"i l\" \/>\n\t<meta name=\"twitter:label2\" content=\"Est. reading time\" \/>\n\t<meta name=\"twitter:data2\" content=\"1 minute\" \/>\n<script type=\"application\/ld+json\" class=\"yoast-schema-graph\">{\"@context\":\"https:\\\/\\\/schema.org\",\"@graph\":[{\"@type\":\"Article\",\"@id\":\"https:\\\/\\\/kosovatimes.info\\\/index.php\\\/2026\\\/04\\\/28\\\/seanca-per-zgjedhjen-e-presidentit-do-te-vazhdoje-sonte-ne-ora-2300\\\/#article\",\"isPartOf\":{\"@id\":\"https:\\\/\\\/kosovatimes.info\\\/index.php\\\/2026\\\/04\\\/28\\\/seanca-per-zgjedhjen-e-presidentit-do-te-vazhdoje-sonte-ne-ora-2300\\\/\"},\"author\":{\"name\":\"i l\",\"@id\":\"https:\\\/\\\/kosovatimes.info\\\/#\\\/schema\\\/person\\\/7586712b9c512fe68085de007378c915\"},\"headline\":\"Seanca p\u00ebr zgjedhjen e presidentit do t\u00eb vazhdoj\u00eb sonte n\u00eb ora 23:00\",\"datePublished\":\"2026-04-28T17:37:00+00:00\",\"dateModified\":\"2026-04-28T17:48:15+00:00\",\"mainEntityOfPage\":{\"@id\":\"https:\\\/\\\/kosovatimes.info\\\/index.php\\\/2026\\\/04\\\/28\\\/seanca-per-zgjedhjen-e-presidentit-do-te-vazhdoje-sonte-ne-ora-2300\\\/\"},\"wordCount\":90,\"commentCount\":0,\"image\":{\"@id\":\"https:\\\/\\\/kosovatimes.info\\\/index.php\\\/2026\\\/04\\\/28\\\/seanca-per-zgjedhjen-e-presidentit-do-te-vazhdoje-sonte-ne-ora-2300\\\/#primaryimage\"},\"thumbnailUrl\":\"https:\\\/\\\/kosovatimes.info\\\/wp-content\\\/uploads\\\/2026\\\/04\\\/Kuvendi-2.png\",\"articleSection\":[\"Kosov\u00eb\",\"Lajme\"],\"inLanguage\":\"en-US\",\"potentialAction\":[{\"@type\":\"CommentAction\",\"name\":\"Comment\",\"target\":[\"https:\\\/\\\/kosovatimes.info\\\/index.php\\\/2026\\\/04\\\/28\\\/seanca-per-zgjedhjen-e-presidentit-do-te-vazhdoje-sonte-ne-ora-2300\\\/#respond\"]}]},{\"@type\":\"WebPage\",\"@id\":\"https:\\\/\\\/kosovatimes.info\\\/index.php\\\/2026\\\/04\\\/28\\\/seanca-per-zgjedhjen-e-presidentit-do-te-vazhdoje-sonte-ne-ora-2300\\\/\",\"url\":\"https:\\\/\\\/kosovatimes.info\\\/index.php\\\/2026\\\/04\\\/28\\\/seanca-per-zgjedhjen-e-presidentit-do-te-vazhdoje-sonte-ne-ora-2300\\\/\",\"name\":\"Seanca p\u00ebr zgjedhjen e presidentit do t\u00eb vazhdoj\u00eb sonte n\u00eb ora 23:00 - Kosova Times\",\"isPartOf\":{\"@id\":\"https:\\\/\\\/kosovatimes.info\\\/#website\"},\"primaryImageOfPage\":{\"@id\":\"https:\\\/\\\/kosovatimes.info\\\/index.php\\\/2026\\\/04\\\/28\\\/seanca-per-zgjedhjen-e-presidentit-do-te-vazhdoje-sonte-ne-ora-2300\\\/#primaryimage\"},\"image\":{\"@id\":\"https:\\\/\\\/kosovatimes.info\\\/index.php\\\/2026\\\/04\\\/28\\\/seanca-per-zgjedhjen-e-presidentit-do-te-vazhdoje-sonte-ne-ora-2300\\\/#primaryimage\"},\"thumbnailUrl\":\"https:\\\/\\\/kosovatimes.info\\\/wp-content\\\/uploads\\\/2026\\\/04\\\/Kuvendi-2.png\",\"datePublished\":\"2026-04-28T17:37:00+00:00\",\"dateModified\":\"2026-04-28T17:48:15+00:00\",\"author\":{\"@id\":\"https:\\\/\\\/kosovatimes.info\\\/#\\\/schema\\\/person\\\/7586712b9c512fe68085de007378c915\"},\"breadcrumb\":{\"@id\":\"https:\\\/\\\/kosovatimes.info\\\/index.php\\\/2026\\\/04\\\/28\\\/seanca-per-zgjedhjen-e-presidentit-do-te-vazhdoje-sonte-ne-ora-2300\\\/#breadcrumb\"},\"inLanguage\":\"en-US\",\"potentialAction\":[{\"@type\":\"ReadAction\",\"target\":[\"https:\\\/\\\/kosovatimes.info\\\/index.php\\\/2026\\\/04\\\/28\\\/seanca-per-zgjedhjen-e-presidentit-do-te-vazhdoje-sonte-ne-ora-2300\\\/\"]}]},{\"@type\":\"ImageObject\",\"inLanguage\":\"en-US\",\"@id\":\"https:\\\/\\\/kosovatimes.info\\\/index.php\\\/2026\\\/04\\\/28\\\/seanca-per-zgjedhjen-e-presidentit-do-te-vazhdoje-sonte-ne-ora-2300\\\/#primaryimage\",\"url\":\"https:\\\/\\\/kosovatimes.info\\\/wp-content\\\/uploads\\\/2026\\\/04\\\/Kuvendi-2.png\",\"contentUrl\":\"https:\\\/\\\/kosovatimes.info\\\/wp-content\\\/uploads\\\/2026\\\/04\\\/Kuvendi-2.png\",\"width\":729,\"height\":430},{\"@type\":\"BreadcrumbList\",\"@id\":\"https:\\\/\\\/kosovatimes.info\\\/index.php\\\/2026\\\/04\\\/28\\\/seanca-per-zgjedhjen-e-presidentit-do-te-vazhdoje-sonte-ne-ora-2300\\\/#breadcrumb\",\"itemListElement\":[{\"@type\":\"ListItem\",\"position\":1,\"name\":\"Home\",\"item\":\"https:\\\/\\\/kosovatimes.info\\\/\"},{\"@type\":\"ListItem\",\"position\":2,\"name\":\"Seanca p\u00ebr zgjedhjen e presidentit do t\u00eb vazhdoj\u00eb sonte n\u00eb ora 23:00\"}]},{\"@type\":\"WebSite\",\"@id\":\"https:\\\/\\\/kosovatimes.info\\\/#website\",\"url\":\"https:\\\/\\\/kosovatimes.info\\\/\",\"name\":\"Kosova Times\",\"description\":\"\",\"potentialAction\":[{\"@type\":\"SearchAction\",\"target\":{\"@type\":\"EntryPoint\",\"urlTemplate\":\"https:\\\/\\\/kosovatimes.info\\\/?s={search_term_string}\"},\"query-input\":{\"@type\":\"PropertyValueSpecification\",\"valueRequired\":true,\"valueName\":\"search_term_string\"}}],\"inLanguage\":\"en-US\"},{\"@type\":\"Person\",\"@id\":\"https:\\\/\\\/kosovatimes.info\\\/#\\\/schema\\\/person\\\/7586712b9c512fe68085de007378c915\",\"name\":\"i l\",\"image\":{\"@type\":\"ImageObject\",\"inLanguage\":\"en-US\",\"@id\":\"https:\\\/\\\/secure.gravatar.com\\\/avatar\\\/bad9296e02816160ae2e2435beda58222022298d5625d49fea74d18816fbb31d?s=96&d=mm&r=g\",\"url\":\"https:\\\/\\\/secure.gravatar.com\\\/avatar\\\/bad9296e02816160ae2e2435beda58222022298d5625d49fea74d18816fbb31d?s=96&d=mm&r=g\",\"contentUrl\":\"https:\\\/\\\/secure.gravatar.com\\\/avatar\\\/bad9296e02816160ae2e2435beda58222022298d5625d49fea74d18816fbb31d?s=96&d=mm&r=g\",\"caption\":\"i l\"},\"url\":\"https:\\\/\\\/kosovatimes.info\\\/index.php\\\/author\\\/iliri\\\/\"}]}<\/script>\n<!-- \/ Yoast SEO plugin. -->","yoast_head_json":{"title":"Seanca p\u00ebr zgjedhjen e presidentit do t\u00eb vazhdoj\u00eb sonte n\u00eb ora 23:00 - Kosova Times","robots":{"index":"index","follow":"follow","max-snippet":"max-snippet:-1","max-image-preview":"max-image-preview:large","max-video-preview":"max-video-preview:-1"},"canonical":"https:\/\/kosovatimes.info\/index.php\/2026\/04\/28\/seanca-per-zgjedhjen-e-presidentit-do-te-vazhdoje-sonte-ne-ora-2300\/","og_locale":"en_US","og_type":"article","og_title":"Seanca p\u00ebr zgjedhjen e presidentit do t\u00eb vazhdoj\u00eb sonte n\u00eb ora 23:00 - Kosova Times","og_description":"Seanca p\u00ebr zgjedhjen e presidentit do t\u00eb vazhdoj\u00eb sonte n\u00eb ora 23:00. Live| Vazhdimi i seanc\u00ebs p\u00ebr zgjedhjen e presidentit n\u00eb ora 23:00 Kuvendi i Kosov\u00ebs ka filluar seanc\u00ebn e Jasht\u00ebzakonshme plenare, ku n\u00eb rend dite \u00ebsht\u00eb zgjedhja e Presidentit t\u00eb Republik\u00ebs s\u00eb Kosov\u00ebs. https:\/\/www.facebook.com\/plugins\/video.php?height=314&amp;href=https%3A%2F%2Fwww.facebook.com%2Frtklivecom%2Fvideos%2F1246527730802444%2F&amp;show_text=true&amp;width=560&amp;t=0","og_url":"https:\/\/kosovatimes.info\/index.php\/2026\/04\/28\/seanca-per-zgjedhjen-e-presidentit-do-te-vazhdoje-sonte-ne-ora-2300\/","og_site_name":"Kosova Times","article_published_time":"2026-04-28T17:37:00+00:00","article_modified_time":"2026-04-28T17:48:15+00:00","og_image":[{"width":729,"height":430,"url":"https:\/\/kosovatimes.info\/wp-content\/uploads\/2026\/04\/Kuvendi-2.png","type":"image\/png"}],"author":"i l","twitter_card":"summary_large_image","twitter_misc":{"Written by":"i l","Est. reading time":"1 minute"},"schema":{"@context":"https:\/\/schema.org","@graph":[{"@type":"Article","@id":"https:\/\/kosovatimes.info\/index.php\/2026\/04\/28\/seanca-per-zgjedhjen-e-presidentit-do-te-vazhdoje-sonte-ne-ora-2300\/#article","isPartOf":{"@id":"https:\/\/kosovatimes.info\/index.php\/2026\/04\/28\/seanca-per-zgjedhjen-e-presidentit-do-te-vazhdoje-sonte-ne-ora-2300\/"},"author":{"name":"i l","@id":"https:\/\/kosovatimes.info\/#\/schema\/person\/7586712b9c512fe68085de007378c915"},"headline":"Seanca p\u00ebr zgjedhjen e presidentit do t\u00eb vazhdoj\u00eb sonte n\u00eb ora 23:00","datePublished":"2026-04-28T17:37:00+00:00","dateModified":"2026-04-28T17:48:15+00:00","mainEntityOfPage":{"@id":"https:\/\/kosovatimes.info\/index.php\/2026\/04\/28\/seanca-per-zgjedhjen-e-presidentit-do-te-vazhdoje-sonte-ne-ora-2300\/"},"wordCount":90,"commentCount":0,"image":{"@id":"https:\/\/kosovatimes.info\/index.php\/2026\/04\/28\/seanca-per-zgjedhjen-e-presidentit-do-te-vazhdoje-sonte-ne-ora-2300\/#primaryimage"},"thumbnailUrl":"https:\/\/kosovatimes.info\/wp-content\/uploads\/2026\/04\/Kuvendi-2.png","articleSection":["Kosov\u00eb","Lajme"],"inLanguage":"en-US","potentialAction":[{"@type":"CommentAction","name":"Comment","target":["https:\/\/kosovatimes.info\/index.php\/2026\/04\/28\/seanca-per-zgjedhjen-e-presidentit-do-te-vazhdoje-sonte-ne-ora-2300\/#respond"]}]},{"@type":"WebPage","@id":"https:\/\/kosovatimes.info\/index.php\/2026\/04\/28\/seanca-per-zgjedhjen-e-presidentit-do-te-vazhdoje-sonte-ne-ora-2300\/","url":"https:\/\/kosovatimes.info\/index.php\/2026\/04\/28\/seanca-per-zgjedhjen-e-presidentit-do-te-vazhdoje-sonte-ne-ora-2300\/","name":"Seanca p\u00ebr zgjedhjen e presidentit do t\u00eb vazhdoj\u00eb sonte n\u00eb ora 23:00 - Kosova Times","isPartOf":{"@id":"https:\/\/kosovatimes.info\/#website"},"primaryImageOfPage":{"@id":"https:\/\/kosovatimes.info\/index.php\/2026\/04\/28\/seanca-per-zgjedhjen-e-presidentit-do-te-vazhdoje-sonte-ne-ora-2300\/#primaryimage"},"image":{"@id":"https:\/\/kosovatimes.info\/index.php\/2026\/04\/28\/seanca-per-zgjedhjen-e-presidentit-do-te-vazhdoje-sonte-ne-ora-2300\/#primaryimage"},"thumbnailUrl":"https:\/\/kosovatimes.info\/wp-content\/uploads\/2026\/04\/Kuvendi-2.png","datePublished":"2026-04-28T17:37:00+00:00","dateModified":"2026-04-28T17:48:15+00:00","author":{"@id":"https:\/\/kosovatimes.info\/#\/schema\/person\/7586712b9c512fe68085de007378c915"},"breadcrumb":{"@id":"https:\/\/kosovatimes.info\/index.php\/2026\/04\/28\/seanca-per-zgjedhjen-e-presidentit-do-te-vazhdoje-sonte-ne-ora-2300\/#breadcrumb"},"inLanguage":"en-US","potentialAction":[{"@type":"ReadAction","target":["https:\/\/kosovatimes.info\/index.php\/2026\/04\/28\/seanca-per-zgjedhjen-e-presidentit-do-te-vazhdoje-sonte-ne-ora-2300\/"]}]},{"@type":"ImageObject","inLanguage":"en-US","@id":"https:\/\/kosovatimes.info\/index.php\/2026\/04\/28\/seanca-per-zgjedhjen-e-presidentit-do-te-vazhdoje-sonte-ne-ora-2300\/#primaryimage","url":"https:\/\/kosovatimes.info\/wp-content\/uploads\/2026\/04\/Kuvendi-2.png","contentUrl":"https:\/\/kosovatimes.info\/wp-content\/uploads\/2026\/04\/Kuvendi-2.png","width":729,"height":430},{"@type":"BreadcrumbList","@id":"https:\/\/kosovatimes.info\/index.php\/2026\/04\/28\/seanca-per-zgjedhjen-e-presidentit-do-te-vazhdoje-sonte-ne-ora-2300\/#breadcrumb","itemListElement":[{"@type":"ListItem","position":1,"name":"Home","item":"https:\/\/kosovatimes.info\/"},{"@type":"ListItem","position":2,"name":"Seanca p\u00ebr zgjedhjen e presidentit do t\u00eb vazhdoj\u00eb sonte n\u00eb ora 23:00"}]},{"@type":"WebSite","@id":"https:\/\/kosovatimes.info\/#website","url":"https:\/\/kosovatimes.info\/","name":"Kosova Times","description":"","potentialAction":[{"@type":"SearchAction","target":{"@type":"EntryPoint","urlTemplate":"https:\/\/kosovatimes.info\/?s={search_term_string}"},"query-input":{"@type":"PropertyValueSpecification","valueRequired":true,"valueName":"search_term_string"}}],"inLanguage":"en-US"},{"@type":"Person","@id":"https:\/\/kosovatimes.info\/#\/schema\/person\/7586712b9c512fe68085de007378c915","name":"i l","image":{"@type":"ImageObject","inLanguage":"en-US","@id":"https:\/\/secure.gravatar.com\/avatar\/bad9296e02816160ae2e2435beda58222022298d5625d49fea74d18816fbb31d?s=96&d=mm&r=g","url":"https:\/\/secure.gravatar.com\/avatar\/bad9296e02816160ae2e2435beda58222022298d5625d49fea74d18816fbb31d?s=96&d=mm&r=g","contentUrl":"https:\/\/secure.gravatar.com\/avatar\/bad9296e02816160ae2e2435beda58222022298d5625d49fea74d18816fbb31d?s=96&d=mm&r=g","caption":"i l"},"url":"https:\/\/kosovatimes.info\/index.php\/author\/iliri\/"}]}},"_links":{"self":[{"href":"https:\/\/kosovatimes.info\/index.php\/wp-json\/wp\/v2\/posts\/12307","targetHints":{"allow":["GET"]}}],"collection":[{"href":"https:\/\/kosovatimes.info\/index.php\/wp-json\/wp\/v2\/posts"}],"about":[{"href":"https:\/\/kosovatimes.info\/index.php\/wp-json\/wp\/v2\/types\/post"}],"author":[{"embeddable":true,"href":"https:\/\/kosovatimes.info\/index.php\/wp-json\/wp\/v2\/users\/4"}],"replies":[{"embeddable":true,"href":"https:\/\/kosovatimes.info\/index.php\/wp-json\/wp\/v2\/comments?post=12307"}],"version-history":[{"count":1,"href":"https:\/\/kosovatimes.info\/index.php\/wp-json\/wp\/v2\/posts\/12307\/revisions"}],"predecessor-version":[{"id":12309,"href":"https:\/\/kosovatimes.info\/index.php\/wp-json\/wp\/v2\/posts\/12307\/revisions\/12309"}],"wp:featuredmedia":[{"embeddable":true,"href":"https:\/\/kosovatimes.info\/index.php\/wp-json\/wp\/v2\/media\/12308"}],"wp:attachment":[{"href":"https:\/\/kosovatimes.info\/index.php\/wp-json\/wp\/v2\/media?parent=12307"}],"wp:term":[{"taxonomy":"category","embeddable":true,"href":"https:\/\/kosovatimes.info\/index.php\/wp-json\/wp\/v2\/categories?post=12307"},{"taxonomy":"post_tag","embeddable":true,"href":"https:\/\/kosovatimes.info\/index.php\/wp-json\/wp\/v2\/tags?post=12307"}],"curies":[{"name":"wp","href":"https:\/\/api.w.org\/{rel}","templated":true}]}}