{"id":12323,"date":"2026-04-28T19:12:00","date_gmt":"2026-04-28T17:12:00","guid":{"rendered":"https:\/\/kosovatimes.info\/?p=12323"},"modified":"2026-04-28T22:42:44","modified_gmt":"2026-04-28T20:42:44","slug":"begaj-ne-samitin-e-dubrovnikut-veprimet-tona-sot-formesojne-evropen","status":"publish","type":"post","link":"https:\/\/kosovatimes.info\/index.php\/2026\/04\/28\/begaj-ne-samitin-e-dubrovnikut-veprimet-tona-sot-formesojne-evropen\/","title":{"rendered":"Begaj n\u00eb Samitin e Dubrovnikut: Veprimet tona sot form\u00ebsojn\u00eb Evrop\u00ebn"},"content":{"rendered":"\n<p>RTSH<\/p>\n\n\n\n<p><strong>Presidenti i Republik\u00ebs, Bajram Begaj, p\u00ebrfaq\u00ebsoi vendin k\u00ebt\u00eb t\u00eb mart\u00eb n\u00eb punimet e Samitit t\u00eb Nism\u00ebs s\u00eb Tre Deteve, i cili po zhvillohet n\u00eb Dubrovnik t\u00eb Kroacis\u00eb, duke sh\u00ebnuar nj\u00eb dekad\u00eb nga themelimi i k\u00ebsaj platforme strategjike evropiane.<\/strong><\/p>\n\n\n\n<p>P\u00ebrmes nj\u00eb komunikimi zyrtar n\u00eb rrjetet sociale, Kreu i Shtetit shqiptar b\u00ebri nj\u00eb bilanc t\u00eb arritjeve t\u00eb k\u00ebsaj nisme gjat\u00eb dhjet\u00eb viteve t\u00eb fundit, duke theksuar domosdoshm\u00ebrin\u00eb e kalimit nga retorika politike n\u00eb hapa praktik\u00eb q\u00eb nxisin zhvillimin e q\u00ebndruesh\u00ebm.<\/p>\n\n\n\n<p>\u201cAjo q\u00eb ka r\u00ebnd\u00ebsi tani nuk \u00ebsht\u00eb ajo q\u00eb themi, por ajo q\u00eb b\u00ebjm\u00eb, sepse veprimet tona sot do t\u00eb ken\u00eb pasoja p\u00ebr dekadat q\u00eb do t\u00eb vijn\u00eb. Lidhshm\u00ebria do t\u00eb form\u00ebsoj\u00eb m\u00ebnyr\u00ebn se si rritet Evropa, nd\u00ebrsa vlerat do t\u00eb p\u00ebrcaktojn\u00eb se \u00e7far\u00eb do t\u00eb b\u00ebhet ajo,\u201d&nbsp;u shpreh Presidenti Begaj.<\/p>\n\n\n\n<p>Zgjerimi i BE-s\u00eb, nj\u00eb Investim Strategjik p\u00ebr Paqen<\/p>\n\n\n\n<p>Nj\u00eb nga momentet ky\u00e7e t\u00eb k\u00ebtij takimi t\u00eb nivelit t\u00eb lart\u00eb ishte miratimi i deklarat\u00ebs s\u00eb p\u00ebrbashk\u00ebt. Sipas Presidentit Begaj, dokumenti i miratuar konfirmon vizionin se zgjerimi i Bashkimit Evropian nuk \u00ebsht\u00eb thjesht nj\u00eb procedur\u00eb burokratike, por nj\u00eb investim thelb\u00ebsor strategjik p\u00ebr ruajtjen e paqes dhe begatis\u00eb n\u00eb mbar\u00eb Evrop\u00ebn.<\/p>\n\n\n\n<p>Deklarata e Samitit i b\u00ebn jehon\u00eb nevoj\u00ebs urgjente p\u00ebr nj\u00eb proces pranimi n\u00eb familjen evropiane q\u00eb \u00ebsht\u00eb transparent, i besuesh\u00ebm, i parashikuesh\u00ebm dhe i bazuar rrept\u00ebsisht n\u00eb sistemin e meritokracis\u00eb p\u00ebr t\u00eb gjitha vendet kandidate. N\u00eb k\u00ebt\u00eb kontekst, Samiti ka b\u00ebr\u00eb nj\u00eb referenc\u00eb t\u00eb ve\u00e7ant\u00eb vler\u00ebsuese p\u00ebr progresin e Shqip\u00ebris\u00eb n\u00eb rrug\u00ebtimin e saj integrues.<\/p>\n\n\n\n<p>Gatishm\u00ebria e Shqip\u00ebris\u00eb p\u00ebr projekte konkrete<\/p>\n\n\n\n<p>Si nj\u00eb vend q\u00eb synon t\u00eb thelloj\u00eb rolin e tij n\u00eb rajon, Shqip\u00ebria e sheh Nism\u00ebn e Tre Deteve si nj\u00eb mund\u00ebsi t\u00eb art\u00eb p\u00ebr rritjen e lidhshm\u00ebris\u00eb n\u00eb infrastruktur\u00eb, energji dhe dixhitalizim me vendet e tjera evropiane.<\/p>\n\n\n\n<p>N\u00eb p\u00ebrmbyllje t\u00eb q\u00ebndrimit t\u00eb tij, Begaj siguroi partner\u00ebt nd\u00ebrkomb\u00ebtar\u00eb p\u00ebr vullnetin e plot\u00eb t\u00eb Tiran\u00ebs zyrtare p\u00ebr t\u00eb bashk\u00ebpunuar.<\/p>\n\n\n\n<p>\u201cShqip\u00ebria \u00ebsht\u00eb e gatshme t\u00eb kontribuoj\u00eb p\u00ebrmes projekteve konkrete, bashk\u00ebpunimit dhe nj\u00eb angazhimi t\u00eb qart\u00eb ndaj objektivave t\u00eb p\u00ebrbashk\u00ebta,\u201d&nbsp;n\u00ebnvizoi ai, duke theksuar pozicionin proaktiv t\u00eb vendit n\u00eb sfidat e p\u00ebrbashk\u00ebta zhvillimore t\u00eb Evrop\u00ebs Qendrore dhe Lindore.<\/p>\n","protected":false},"excerpt":{"rendered":"<p>RTSH Presidenti i Republik\u00ebs, Bajram Begaj, p\u00ebrfaq\u00ebsoi vendin k\u00ebt\u00eb t\u00eb mart\u00eb n\u00eb punimet e Samitit t\u00eb Nism\u00ebs s\u00eb Tre Deteve, i cili po zhvillohet n\u00eb Dubrovnik t\u00eb Kroacis\u00eb, duke sh\u00ebnuar nj\u00eb dekad\u00eb nga themelimi i k\u00ebsaj platforme strategjike evropiane. P\u00ebrmes nj\u00eb komunikimi zyrtar n\u00eb rrjetet sociale, Kreu i Shtetit shqiptar b\u00ebri nj\u00eb bilanc t\u00eb arritjeve [&hellip;]<\/p>\n","protected":false},"author":4,"featured_media":0,"comment_status":"open","ping_status":"open","sticky":false,"template":"","format":"standard","meta":{"footnotes":""},"categories":[31,30],"tags":[],"class_list":{"0":"post-12323","1":"post","2":"type-post","3":"status-publish","4":"format-standard","6":"category-kosove","7":"category-lajme"},"yoast_head":"<!-- This site is optimized with the Yoast SEO plugin v27.4 - https:\/\/yoast.com\/product\/yoast-seo-wordpress\/ -->\n<title>Begaj n\u00eb Samitin e Dubrovnikut: Veprimet tona sot form\u00ebsojn\u00eb Evrop\u00ebn - Kosova Times<\/title>\n<meta name=\"robots\" content=\"index, follow, max-snippet:-1, max-image-preview:large, max-video-preview:-1\" \/>\n<link rel=\"canonical\" href=\"https:\/\/kosovatimes.info\/index.php\/2026\/04\/28\/begaj-ne-samitin-e-dubrovnikut-veprimet-tona-sot-formesojne-evropen\/\" \/>\n<meta property=\"og:locale\" content=\"en_US\" \/>\n<meta property=\"og:type\" content=\"article\" \/>\n<meta property=\"og:title\" content=\"Begaj n\u00eb Samitin e Dubrovnikut: Veprimet tona sot form\u00ebsojn\u00eb Evrop\u00ebn - Kosova Times\" \/>\n<meta property=\"og:description\" content=\"RTSH Presidenti i Republik\u00ebs, Bajram Begaj, p\u00ebrfaq\u00ebsoi vendin k\u00ebt\u00eb t\u00eb mart\u00eb n\u00eb punimet e Samitit t\u00eb Nism\u00ebs s\u00eb Tre Deteve, i cili po zhvillohet n\u00eb Dubrovnik t\u00eb Kroacis\u00eb, duke sh\u00ebnuar nj\u00eb dekad\u00eb nga themelimi i k\u00ebsaj platforme strategjike evropiane. P\u00ebrmes nj\u00eb komunikimi zyrtar n\u00eb rrjetet sociale, Kreu i Shtetit shqiptar b\u00ebri nj\u00eb bilanc t\u00eb arritjeve [&hellip;]\" \/>\n<meta property=\"og:url\" content=\"https:\/\/kosovatimes.info\/index.php\/2026\/04\/28\/begaj-ne-samitin-e-dubrovnikut-veprimet-tona-sot-formesojne-evropen\/\" \/>\n<meta property=\"og:site_name\" content=\"Kosova Times\" \/>\n<meta property=\"article:published_time\" content=\"2026-04-28T17:12:00+00:00\" \/>\n<meta property=\"article:modified_time\" content=\"2026-04-28T20:42:44+00:00\" \/>\n<meta name=\"author\" content=\"i l\" \/>\n<meta name=\"twitter:card\" content=\"summary_large_image\" \/>\n<meta name=\"twitter:label1\" content=\"Written by\" \/>\n\t<meta name=\"twitter:data1\" content=\"i l\" \/>\n\t<meta name=\"twitter:label2\" content=\"Est. reading time\" \/>\n\t<meta name=\"twitter:data2\" content=\"2 minutes\" \/>\n<script type=\"application\/ld+json\" class=\"yoast-schema-graph\">{\"@context\":\"https:\\\/\\\/schema.org\",\"@graph\":[{\"@type\":\"Article\",\"@id\":\"https:\\\/\\\/kosovatimes.info\\\/index.php\\\/2026\\\/04\\\/28\\\/begaj-ne-samitin-e-dubrovnikut-veprimet-tona-sot-formesojne-evropen\\\/#article\",\"isPartOf\":{\"@id\":\"https:\\\/\\\/kosovatimes.info\\\/index.php\\\/2026\\\/04\\\/28\\\/begaj-ne-samitin-e-dubrovnikut-veprimet-tona-sot-formesojne-evropen\\\/\"},\"author\":{\"name\":\"i l\",\"@id\":\"https:\\\/\\\/kosovatimes.info\\\/#\\\/schema\\\/person\\\/7586712b9c512fe68085de007378c915\"},\"headline\":\"Begaj n\u00eb Samitin e Dubrovnikut: Veprimet tona sot form\u00ebsojn\u00eb Evrop\u00ebn\",\"datePublished\":\"2026-04-28T17:12:00+00:00\",\"dateModified\":\"2026-04-28T20:42:44+00:00\",\"mainEntityOfPage\":{\"@id\":\"https:\\\/\\\/kosovatimes.info\\\/index.php\\\/2026\\\/04\\\/28\\\/begaj-ne-samitin-e-dubrovnikut-veprimet-tona-sot-formesojne-evropen\\\/\"},\"wordCount\":432,\"commentCount\":0,\"articleSection\":[\"Kosov\u00eb\",\"Lajme\"],\"inLanguage\":\"en-US\",\"potentialAction\":[{\"@type\":\"CommentAction\",\"name\":\"Comment\",\"target\":[\"https:\\\/\\\/kosovatimes.info\\\/index.php\\\/2026\\\/04\\\/28\\\/begaj-ne-samitin-e-dubrovnikut-veprimet-tona-sot-formesojne-evropen\\\/#respond\"]}]},{\"@type\":\"WebPage\",\"@id\":\"https:\\\/\\\/kosovatimes.info\\\/index.php\\\/2026\\\/04\\\/28\\\/begaj-ne-samitin-e-dubrovnikut-veprimet-tona-sot-formesojne-evropen\\\/\",\"url\":\"https:\\\/\\\/kosovatimes.info\\\/index.php\\\/2026\\\/04\\\/28\\\/begaj-ne-samitin-e-dubrovnikut-veprimet-tona-sot-formesojne-evropen\\\/\",\"name\":\"Begaj n\u00eb Samitin e Dubrovnikut: Veprimet tona sot form\u00ebsojn\u00eb Evrop\u00ebn - Kosova Times\",\"isPartOf\":{\"@id\":\"https:\\\/\\\/kosovatimes.info\\\/#website\"},\"datePublished\":\"2026-04-28T17:12:00+00:00\",\"dateModified\":\"2026-04-28T20:42:44+00:00\",\"author\":{\"@id\":\"https:\\\/\\\/kosovatimes.info\\\/#\\\/schema\\\/person\\\/7586712b9c512fe68085de007378c915\"},\"breadcrumb\":{\"@id\":\"https:\\\/\\\/kosovatimes.info\\\/index.php\\\/2026\\\/04\\\/28\\\/begaj-ne-samitin-e-dubrovnikut-veprimet-tona-sot-formesojne-evropen\\\/#breadcrumb\"},\"inLanguage\":\"en-US\",\"potentialAction\":[{\"@type\":\"ReadAction\",\"target\":[\"https:\\\/\\\/kosovatimes.info\\\/index.php\\\/2026\\\/04\\\/28\\\/begaj-ne-samitin-e-dubrovnikut-veprimet-tona-sot-formesojne-evropen\\\/\"]}]},{\"@type\":\"BreadcrumbList\",\"@id\":\"https:\\\/\\\/kosovatimes.info\\\/index.php\\\/2026\\\/04\\\/28\\\/begaj-ne-samitin-e-dubrovnikut-veprimet-tona-sot-formesojne-evropen\\\/#breadcrumb\",\"itemListElement\":[{\"@type\":\"ListItem\",\"position\":1,\"name\":\"Home\",\"item\":\"https:\\\/\\\/kosovatimes.info\\\/\"},{\"@type\":\"ListItem\",\"position\":2,\"name\":\"Begaj n\u00eb Samitin e Dubrovnikut: Veprimet tona sot form\u00ebsojn\u00eb Evrop\u00ebn\"}]},{\"@type\":\"WebSite\",\"@id\":\"https:\\\/\\\/kosovatimes.info\\\/#website\",\"url\":\"https:\\\/\\\/kosovatimes.info\\\/\",\"name\":\"Kosova Times\",\"description\":\"\",\"potentialAction\":[{\"@type\":\"SearchAction\",\"target\":{\"@type\":\"EntryPoint\",\"urlTemplate\":\"https:\\\/\\\/kosovatimes.info\\\/?s={search_term_string}\"},\"query-input\":{\"@type\":\"PropertyValueSpecification\",\"valueRequired\":true,\"valueName\":\"search_term_string\"}}],\"inLanguage\":\"en-US\"},{\"@type\":\"Person\",\"@id\":\"https:\\\/\\\/kosovatimes.info\\\/#\\\/schema\\\/person\\\/7586712b9c512fe68085de007378c915\",\"name\":\"i l\",\"image\":{\"@type\":\"ImageObject\",\"inLanguage\":\"en-US\",\"@id\":\"https:\\\/\\\/secure.gravatar.com\\\/avatar\\\/bad9296e02816160ae2e2435beda58222022298d5625d49fea74d18816fbb31d?s=96&d=mm&r=g\",\"url\":\"https:\\\/\\\/secure.gravatar.com\\\/avatar\\\/bad9296e02816160ae2e2435beda58222022298d5625d49fea74d18816fbb31d?s=96&d=mm&r=g\",\"contentUrl\":\"https:\\\/\\\/secure.gravatar.com\\\/avatar\\\/bad9296e02816160ae2e2435beda58222022298d5625d49fea74d18816fbb31d?s=96&d=mm&r=g\",\"caption\":\"i l\"},\"url\":\"https:\\\/\\\/kosovatimes.info\\\/index.php\\\/author\\\/iliri\\\/\"}]}<\/script>\n<!-- \/ Yoast SEO plugin. -->","yoast_head_json":{"title":"Begaj n\u00eb Samitin e Dubrovnikut: Veprimet tona sot form\u00ebsojn\u00eb Evrop\u00ebn - Kosova Times","robots":{"index":"index","follow":"follow","max-snippet":"max-snippet:-1","max-image-preview":"max-image-preview:large","max-video-preview":"max-video-preview:-1"},"canonical":"https:\/\/kosovatimes.info\/index.php\/2026\/04\/28\/begaj-ne-samitin-e-dubrovnikut-veprimet-tona-sot-formesojne-evropen\/","og_locale":"en_US","og_type":"article","og_title":"Begaj n\u00eb Samitin e Dubrovnikut: Veprimet tona sot form\u00ebsojn\u00eb Evrop\u00ebn - Kosova Times","og_description":"RTSH Presidenti i Republik\u00ebs, Bajram Begaj, p\u00ebrfaq\u00ebsoi vendin k\u00ebt\u00eb t\u00eb mart\u00eb n\u00eb punimet e Samitit t\u00eb Nism\u00ebs s\u00eb Tre Deteve, i cili po zhvillohet n\u00eb Dubrovnik t\u00eb Kroacis\u00eb, duke sh\u00ebnuar nj\u00eb dekad\u00eb nga themelimi i k\u00ebsaj platforme strategjike evropiane. P\u00ebrmes nj\u00eb komunikimi zyrtar n\u00eb rrjetet sociale, Kreu i Shtetit shqiptar b\u00ebri nj\u00eb bilanc t\u00eb arritjeve [&hellip;]","og_url":"https:\/\/kosovatimes.info\/index.php\/2026\/04\/28\/begaj-ne-samitin-e-dubrovnikut-veprimet-tona-sot-formesojne-evropen\/","og_site_name":"Kosova Times","article_published_time":"2026-04-28T17:12:00+00:00","article_modified_time":"2026-04-28T20:42:44+00:00","author":"i l","twitter_card":"summary_large_image","twitter_misc":{"Written by":"i l","Est. reading time":"2 minutes"},"schema":{"@context":"https:\/\/schema.org","@graph":[{"@type":"Article","@id":"https:\/\/kosovatimes.info\/index.php\/2026\/04\/28\/begaj-ne-samitin-e-dubrovnikut-veprimet-tona-sot-formesojne-evropen\/#article","isPartOf":{"@id":"https:\/\/kosovatimes.info\/index.php\/2026\/04\/28\/begaj-ne-samitin-e-dubrovnikut-veprimet-tona-sot-formesojne-evropen\/"},"author":{"name":"i l","@id":"https:\/\/kosovatimes.info\/#\/schema\/person\/7586712b9c512fe68085de007378c915"},"headline":"Begaj n\u00eb Samitin e Dubrovnikut: Veprimet tona sot form\u00ebsojn\u00eb Evrop\u00ebn","datePublished":"2026-04-28T17:12:00+00:00","dateModified":"2026-04-28T20:42:44+00:00","mainEntityOfPage":{"@id":"https:\/\/kosovatimes.info\/index.php\/2026\/04\/28\/begaj-ne-samitin-e-dubrovnikut-veprimet-tona-sot-formesojne-evropen\/"},"wordCount":432,"commentCount":0,"articleSection":["Kosov\u00eb","Lajme"],"inLanguage":"en-US","potentialAction":[{"@type":"CommentAction","name":"Comment","target":["https:\/\/kosovatimes.info\/index.php\/2026\/04\/28\/begaj-ne-samitin-e-dubrovnikut-veprimet-tona-sot-formesojne-evropen\/#respond"]}]},{"@type":"WebPage","@id":"https:\/\/kosovatimes.info\/index.php\/2026\/04\/28\/begaj-ne-samitin-e-dubrovnikut-veprimet-tona-sot-formesojne-evropen\/","url":"https:\/\/kosovatimes.info\/index.php\/2026\/04\/28\/begaj-ne-samitin-e-dubrovnikut-veprimet-tona-sot-formesojne-evropen\/","name":"Begaj n\u00eb Samitin e Dubrovnikut: Veprimet tona sot form\u00ebsojn\u00eb Evrop\u00ebn - Kosova Times","isPartOf":{"@id":"https:\/\/kosovatimes.info\/#website"},"datePublished":"2026-04-28T17:12:00+00:00","dateModified":"2026-04-28T20:42:44+00:00","author":{"@id":"https:\/\/kosovatimes.info\/#\/schema\/person\/7586712b9c512fe68085de007378c915"},"breadcrumb":{"@id":"https:\/\/kosovatimes.info\/index.php\/2026\/04\/28\/begaj-ne-samitin-e-dubrovnikut-veprimet-tona-sot-formesojne-evropen\/#breadcrumb"},"inLanguage":"en-US","potentialAction":[{"@type":"ReadAction","target":["https:\/\/kosovatimes.info\/index.php\/2026\/04\/28\/begaj-ne-samitin-e-dubrovnikut-veprimet-tona-sot-formesojne-evropen\/"]}]},{"@type":"BreadcrumbList","@id":"https:\/\/kosovatimes.info\/index.php\/2026\/04\/28\/begaj-ne-samitin-e-dubrovnikut-veprimet-tona-sot-formesojne-evropen\/#breadcrumb","itemListElement":[{"@type":"ListItem","position":1,"name":"Home","item":"https:\/\/kosovatimes.info\/"},{"@type":"ListItem","position":2,"name":"Begaj n\u00eb Samitin e Dubrovnikut: Veprimet tona sot form\u00ebsojn\u00eb Evrop\u00ebn"}]},{"@type":"WebSite","@id":"https:\/\/kosovatimes.info\/#website","url":"https:\/\/kosovatimes.info\/","name":"Kosova Times","description":"","potentialAction":[{"@type":"SearchAction","target":{"@type":"EntryPoint","urlTemplate":"https:\/\/kosovatimes.info\/?s={search_term_string}"},"query-input":{"@type":"PropertyValueSpecification","valueRequired":true,"valueName":"search_term_string"}}],"inLanguage":"en-US"},{"@type":"Person","@id":"https:\/\/kosovatimes.info\/#\/schema\/person\/7586712b9c512fe68085de007378c915","name":"i l","image":{"@type":"ImageObject","inLanguage":"en-US","@id":"https:\/\/secure.gravatar.com\/avatar\/bad9296e02816160ae2e2435beda58222022298d5625d49fea74d18816fbb31d?s=96&d=mm&r=g","url":"https:\/\/secure.gravatar.com\/avatar\/bad9296e02816160ae2e2435beda58222022298d5625d49fea74d18816fbb31d?s=96&d=mm&r=g","contentUrl":"https:\/\/secure.gravatar.com\/avatar\/bad9296e02816160ae2e2435beda58222022298d5625d49fea74d18816fbb31d?s=96&d=mm&r=g","caption":"i l"},"url":"https:\/\/kosovatimes.info\/index.php\/author\/iliri\/"}]}},"_links":{"self":[{"href":"https:\/\/kosovatimes.info\/index.php\/wp-json\/wp\/v2\/posts\/12323","targetHints":{"allow":["GET"]}}],"collection":[{"href":"https:\/\/kosovatimes.info\/index.php\/wp-json\/wp\/v2\/posts"}],"about":[{"href":"https:\/\/kosovatimes.info\/index.php\/wp-json\/wp\/v2\/types\/post"}],"author":[{"embeddable":true,"href":"https:\/\/kosovatimes.info\/index.php\/wp-json\/wp\/v2\/users\/4"}],"replies":[{"embeddable":true,"href":"https:\/\/kosovatimes.info\/index.php\/wp-json\/wp\/v2\/comments?post=12323"}],"version-history":[{"count":1,"href":"https:\/\/kosovatimes.info\/index.php\/wp-json\/wp\/v2\/posts\/12323\/revisions"}],"predecessor-version":[{"id":12324,"href":"https:\/\/kosovatimes.info\/index.php\/wp-json\/wp\/v2\/posts\/12323\/revisions\/12324"}],"wp:attachment":[{"href":"https:\/\/kosovatimes.info\/index.php\/wp-json\/wp\/v2\/media?parent=12323"}],"wp:term":[{"taxonomy":"category","embeddable":true,"href":"https:\/\/kosovatimes.info\/index.php\/wp-json\/wp\/v2\/categories?post=12323"},{"taxonomy":"post_tag","embeddable":true,"href":"https:\/\/kosovatimes.info\/index.php\/wp-json\/wp\/v2\/tags?post=12323"}],"curies":[{"name":"wp","href":"https:\/\/api.w.org\/{rel}","templated":true}]}}