{"id":12325,"date":"2026-04-28T19:23:00","date_gmt":"2026-04-28T17:23:00","guid":{"rendered":"https:\/\/kosovatimes.info\/?p=12325"},"modified":"2026-04-28T22:44:11","modified_gmt":"2026-04-28T20:44:11","slug":"abdixhiku-nenshkrimet-nuk-dorezohen-te-lvv-ja","status":"publish","type":"post","link":"https:\/\/kosovatimes.info\/index.php\/2026\/04\/28\/abdixhiku-nenshkrimet-nuk-dorezohen-te-lvv-ja\/","title":{"rendered":"Abdixhiku: N\u00ebnshkrimet nuk dor\u00ebzohen te LVV-ja"},"content":{"rendered":"\n<p><strong>Kryetari i Lidhjes Demokratike t\u00eb Kosov\u00ebs, Lumir Abdixhiku, para tentimit t\u00eb tret\u00eb p\u00ebr mbajtjen e seanc\u00ebs p\u00ebr zgjedhjen e presidentit t\u00eb shtetit, pak or\u00eb para se t\u00eb p\u00ebrfundoj\u00eb afati i p\u00ebrcaktuar nga Gjykata Kushtetuese p\u00ebr zgjedhjen e kreut t\u00eb shtetit, i \u00ebsht\u00eb p\u00ebrgjigjur liderit t\u00eb Vet\u00ebvendosjes dhe kryeministrit Albin Kurti, duke th\u00ebn\u00eb se pes\u00ebmb\u00ebdhjet\u00eb n\u00ebnshkrimet e deputet\u00ebve t\u00eb LDK-s\u00eb nuk dor\u00ebzohen te LVV-ja.<\/strong><\/p>\n\n\n\n<p>\u201cN\u00ebnshkrimet nuk dor\u00ebzohen te L\u00ebvizja Vet\u00ebvendosje, sepse L\u00ebvizja Vet\u00ebvendosje nuk \u00ebsht\u00eb subjekt ku duhet t\u2019i dor\u00ebzosh n\u00ebnshkrimet; po t\u00eb ishte KQZ-ja ndoshta i kishim dor\u00ebzuar\u201d, tha Abdixhiku para gazetar\u00ebve.<\/p>\n\n\n\n<p>Sipas tij, \u00ebsht\u00eb e qart\u00eb se Kurti po d\u00ebshiron kund\u00ebrkandidat, q\u00eb ta zgjedh\u00eb nj\u00ebrin nga kandidat\u00ebt e vet p\u00ebr president.<\/p>\n\n\n\n<p>\u201cKurti do nj\u00eb kund\u00ebrkandidat p\u00ebr nj\u00ebrin nga kandidat\u00ebt e vet, pra do kuorum p\u00ebr t\u00eb zgjedhur presidentin \u2018karate\u2019, e ne nuk mund t\u00eb kemi president \u2018karate\u2019\u201d, tha tutje ai.<\/p>\n\n\n\n<p>Abdixhiku deklaroi se q\u00ebndrimi i LDK-s\u00eb \u00ebsht\u00eb shum\u00eb m\u00eb i qart\u00eb se ai i Kurtit dhe LVV-s\u00eb.<\/p>\n\n\n\n<p>\u201cNe i kemi 15 n\u00ebnshkrime p\u00ebr kandidatin e propozuar t\u00eb LDK-s\u00eb. P\u00ebr t\u00eb propozuar kandidatin duhet t\u00eb merresh vesh me pal\u00ebn tjet\u00ebr se cili \u00ebsht\u00eb kandidati, dhe ai duhet t\u00eb na tregoj\u00eb a i ka pasur votat p\u00ebr Vjosa Osmanin. Un\u00eb sa kuptova, ai tha: un\u00eb kam vota p\u00ebr ta b\u00ebr\u00eb Vjosa Osmanin kund\u00ebrkandidate t\u00eb Ferid\u00ebs\u201d, deklaroi Abdixhiku.<\/p>\n\n\n\n<p>Tha se jan\u00eb or\u00ebt e fundit dhe po shkohet drejt nj\u00eb situate t\u00eb zgjedhjeve t\u00eb jasht\u00ebzakonshme.<\/p>\n\n\n\n<p>\u201cNdjej keqardhje q\u00eb fillimisht \u00ebsht\u00eb tentuar t\u00eb p\u00ebrmbyset rendi kushtetues. Ndjej keqardhje ve\u00e7an\u00ebrisht q\u00eb Kurti nuk ka arritur as minimalisht t\u00eb shpreh\u00eb gatishm\u00ebri p\u00ebr nj\u00eb konsensus, p\u00ebr nj\u00eb em\u00ebr q\u00eb un\u00eb e konsideroj dhe e vler\u00ebsoj shum\u00eb, ai duket nuk e vler\u00ebson. E tani \u00e7ka nuk arrij t\u00eb kuptoj un\u00eb, pse po i pengon kaq shum\u00eb Vjosa Osmani Albin Kurtit. Ndoshta Kurti nuk do ta zgjedh\u00eb, por jam e bindur q\u00eb populli i Kosov\u00ebs do ta zgjedh\u00eb\u201d, tha Abdixhiku.<\/p>\n","protected":false},"excerpt":{"rendered":"<p>Kryetari i Lidhjes Demokratike t\u00eb Kosov\u00ebs, Lumir Abdixhiku, para tentimit t\u00eb tret\u00eb p\u00ebr mbajtjen e seanc\u00ebs p\u00ebr zgjedhjen e presidentit t\u00eb shtetit, pak or\u00eb para se t\u00eb p\u00ebrfundoj\u00eb afati i p\u00ebrcaktuar nga Gjykata Kushtetuese p\u00ebr zgjedhjen e kreut t\u00eb shtetit, i \u00ebsht\u00eb p\u00ebrgjigjur liderit t\u00eb Vet\u00ebvendosjes dhe kryeministrit Albin Kurti, duke th\u00ebn\u00eb se pes\u00ebmb\u00ebdhjet\u00eb n\u00ebnshkrimet [&hellip;]<\/p>\n","protected":false},"author":4,"featured_media":12326,"comment_status":"open","ping_status":"open","sticky":false,"template":"","format":"standard","meta":{"footnotes":""},"categories":[31,30],"tags":[],"class_list":{"0":"post-12325","1":"post","2":"type-post","3":"status-publish","4":"format-standard","5":"has-post-thumbnail","7":"category-kosove","8":"category-lajme"},"yoast_head":"<!-- This site is optimized with the Yoast SEO plugin v27.4 - https:\/\/yoast.com\/product\/yoast-seo-wordpress\/ -->\n<title>Abdixhiku: N\u00ebnshkrimet nuk dor\u00ebzohen te LVV-ja - Kosova Times<\/title>\n<meta name=\"robots\" content=\"index, follow, max-snippet:-1, max-image-preview:large, max-video-preview:-1\" \/>\n<link rel=\"canonical\" href=\"https:\/\/kosovatimes.info\/index.php\/2026\/04\/28\/abdixhiku-nenshkrimet-nuk-dorezohen-te-lvv-ja\/\" \/>\n<meta property=\"og:locale\" content=\"en_US\" \/>\n<meta property=\"og:type\" content=\"article\" \/>\n<meta property=\"og:title\" content=\"Abdixhiku: N\u00ebnshkrimet nuk dor\u00ebzohen te LVV-ja - Kosova Times\" \/>\n<meta property=\"og:description\" content=\"Kryetari i Lidhjes Demokratike t\u00eb Kosov\u00ebs, Lumir Abdixhiku, para tentimit t\u00eb tret\u00eb p\u00ebr mbajtjen e seanc\u00ebs p\u00ebr zgjedhjen e presidentit t\u00eb shtetit, pak or\u00eb para se t\u00eb p\u00ebrfundoj\u00eb afati i p\u00ebrcaktuar nga Gjykata Kushtetuese p\u00ebr zgjedhjen e kreut t\u00eb shtetit, i \u00ebsht\u00eb p\u00ebrgjigjur liderit t\u00eb Vet\u00ebvendosjes dhe kryeministrit Albin Kurti, duke th\u00ebn\u00eb se pes\u00ebmb\u00ebdhjet\u00eb n\u00ebnshkrimet [&hellip;]\" \/>\n<meta property=\"og:url\" content=\"https:\/\/kosovatimes.info\/index.php\/2026\/04\/28\/abdixhiku-nenshkrimet-nuk-dorezohen-te-lvv-ja\/\" \/>\n<meta property=\"og:site_name\" content=\"Kosova Times\" \/>\n<meta property=\"article:published_time\" content=\"2026-04-28T17:23:00+00:00\" \/>\n<meta property=\"article:modified_time\" content=\"2026-04-28T20:44:11+00:00\" \/>\n<meta property=\"og:image\" content=\"https:\/\/kosovatimes.info\/wp-content\/uploads\/2026\/04\/Abdixhiku-5.jpg\" \/>\n\t<meta property=\"og:image:width\" content=\"780\" \/>\n\t<meta property=\"og:image:height\" content=\"500\" \/>\n\t<meta property=\"og:image:type\" content=\"image\/jpeg\" \/>\n<meta name=\"author\" content=\"i l\" \/>\n<meta name=\"twitter:card\" content=\"summary_large_image\" \/>\n<meta name=\"twitter:label1\" content=\"Written by\" \/>\n\t<meta name=\"twitter:data1\" content=\"i l\" \/>\n\t<meta name=\"twitter:label2\" content=\"Est. reading time\" \/>\n\t<meta name=\"twitter:data2\" content=\"2 minutes\" \/>\n<script type=\"application\/ld+json\" class=\"yoast-schema-graph\">{\"@context\":\"https:\\\/\\\/schema.org\",\"@graph\":[{\"@type\":\"Article\",\"@id\":\"https:\\\/\\\/kosovatimes.info\\\/index.php\\\/2026\\\/04\\\/28\\\/abdixhiku-nenshkrimet-nuk-dorezohen-te-lvv-ja\\\/#article\",\"isPartOf\":{\"@id\":\"https:\\\/\\\/kosovatimes.info\\\/index.php\\\/2026\\\/04\\\/28\\\/abdixhiku-nenshkrimet-nuk-dorezohen-te-lvv-ja\\\/\"},\"author\":{\"name\":\"i l\",\"@id\":\"https:\\\/\\\/kosovatimes.info\\\/#\\\/schema\\\/person\\\/7586712b9c512fe68085de007378c915\"},\"headline\":\"Abdixhiku: N\u00ebnshkrimet nuk dor\u00ebzohen te LVV-ja\",\"datePublished\":\"2026-04-28T17:23:00+00:00\",\"dateModified\":\"2026-04-28T20:44:11+00:00\",\"mainEntityOfPage\":{\"@id\":\"https:\\\/\\\/kosovatimes.info\\\/index.php\\\/2026\\\/04\\\/28\\\/abdixhiku-nenshkrimet-nuk-dorezohen-te-lvv-ja\\\/\"},\"wordCount\":377,\"commentCount\":0,\"image\":{\"@id\":\"https:\\\/\\\/kosovatimes.info\\\/index.php\\\/2026\\\/04\\\/28\\\/abdixhiku-nenshkrimet-nuk-dorezohen-te-lvv-ja\\\/#primaryimage\"},\"thumbnailUrl\":\"https:\\\/\\\/kosovatimes.info\\\/wp-content\\\/uploads\\\/2026\\\/04\\\/Abdixhiku-5.jpg\",\"articleSection\":[\"Kosov\u00eb\",\"Lajme\"],\"inLanguage\":\"en-US\",\"potentialAction\":[{\"@type\":\"CommentAction\",\"name\":\"Comment\",\"target\":[\"https:\\\/\\\/kosovatimes.info\\\/index.php\\\/2026\\\/04\\\/28\\\/abdixhiku-nenshkrimet-nuk-dorezohen-te-lvv-ja\\\/#respond\"]}]},{\"@type\":\"WebPage\",\"@id\":\"https:\\\/\\\/kosovatimes.info\\\/index.php\\\/2026\\\/04\\\/28\\\/abdixhiku-nenshkrimet-nuk-dorezohen-te-lvv-ja\\\/\",\"url\":\"https:\\\/\\\/kosovatimes.info\\\/index.php\\\/2026\\\/04\\\/28\\\/abdixhiku-nenshkrimet-nuk-dorezohen-te-lvv-ja\\\/\",\"name\":\"Abdixhiku: N\u00ebnshkrimet nuk dor\u00ebzohen te LVV-ja - Kosova Times\",\"isPartOf\":{\"@id\":\"https:\\\/\\\/kosovatimes.info\\\/#website\"},\"primaryImageOfPage\":{\"@id\":\"https:\\\/\\\/kosovatimes.info\\\/index.php\\\/2026\\\/04\\\/28\\\/abdixhiku-nenshkrimet-nuk-dorezohen-te-lvv-ja\\\/#primaryimage\"},\"image\":{\"@id\":\"https:\\\/\\\/kosovatimes.info\\\/index.php\\\/2026\\\/04\\\/28\\\/abdixhiku-nenshkrimet-nuk-dorezohen-te-lvv-ja\\\/#primaryimage\"},\"thumbnailUrl\":\"https:\\\/\\\/kosovatimes.info\\\/wp-content\\\/uploads\\\/2026\\\/04\\\/Abdixhiku-5.jpg\",\"datePublished\":\"2026-04-28T17:23:00+00:00\",\"dateModified\":\"2026-04-28T20:44:11+00:00\",\"author\":{\"@id\":\"https:\\\/\\\/kosovatimes.info\\\/#\\\/schema\\\/person\\\/7586712b9c512fe68085de007378c915\"},\"breadcrumb\":{\"@id\":\"https:\\\/\\\/kosovatimes.info\\\/index.php\\\/2026\\\/04\\\/28\\\/abdixhiku-nenshkrimet-nuk-dorezohen-te-lvv-ja\\\/#breadcrumb\"},\"inLanguage\":\"en-US\",\"potentialAction\":[{\"@type\":\"ReadAction\",\"target\":[\"https:\\\/\\\/kosovatimes.info\\\/index.php\\\/2026\\\/04\\\/28\\\/abdixhiku-nenshkrimet-nuk-dorezohen-te-lvv-ja\\\/\"]}]},{\"@type\":\"ImageObject\",\"inLanguage\":\"en-US\",\"@id\":\"https:\\\/\\\/kosovatimes.info\\\/index.php\\\/2026\\\/04\\\/28\\\/abdixhiku-nenshkrimet-nuk-dorezohen-te-lvv-ja\\\/#primaryimage\",\"url\":\"https:\\\/\\\/kosovatimes.info\\\/wp-content\\\/uploads\\\/2026\\\/04\\\/Abdixhiku-5.jpg\",\"contentUrl\":\"https:\\\/\\\/kosovatimes.info\\\/wp-content\\\/uploads\\\/2026\\\/04\\\/Abdixhiku-5.jpg\",\"width\":780,\"height\":500},{\"@type\":\"BreadcrumbList\",\"@id\":\"https:\\\/\\\/kosovatimes.info\\\/index.php\\\/2026\\\/04\\\/28\\\/abdixhiku-nenshkrimet-nuk-dorezohen-te-lvv-ja\\\/#breadcrumb\",\"itemListElement\":[{\"@type\":\"ListItem\",\"position\":1,\"name\":\"Home\",\"item\":\"https:\\\/\\\/kosovatimes.info\\\/\"},{\"@type\":\"ListItem\",\"position\":2,\"name\":\"Abdixhiku: N\u00ebnshkrimet nuk dor\u00ebzohen te LVV-ja\"}]},{\"@type\":\"WebSite\",\"@id\":\"https:\\\/\\\/kosovatimes.info\\\/#website\",\"url\":\"https:\\\/\\\/kosovatimes.info\\\/\",\"name\":\"Kosova Times\",\"description\":\"\",\"potentialAction\":[{\"@type\":\"SearchAction\",\"target\":{\"@type\":\"EntryPoint\",\"urlTemplate\":\"https:\\\/\\\/kosovatimes.info\\\/?s={search_term_string}\"},\"query-input\":{\"@type\":\"PropertyValueSpecification\",\"valueRequired\":true,\"valueName\":\"search_term_string\"}}],\"inLanguage\":\"en-US\"},{\"@type\":\"Person\",\"@id\":\"https:\\\/\\\/kosovatimes.info\\\/#\\\/schema\\\/person\\\/7586712b9c512fe68085de007378c915\",\"name\":\"i l\",\"image\":{\"@type\":\"ImageObject\",\"inLanguage\":\"en-US\",\"@id\":\"https:\\\/\\\/secure.gravatar.com\\\/avatar\\\/bad9296e02816160ae2e2435beda58222022298d5625d49fea74d18816fbb31d?s=96&d=mm&r=g\",\"url\":\"https:\\\/\\\/secure.gravatar.com\\\/avatar\\\/bad9296e02816160ae2e2435beda58222022298d5625d49fea74d18816fbb31d?s=96&d=mm&r=g\",\"contentUrl\":\"https:\\\/\\\/secure.gravatar.com\\\/avatar\\\/bad9296e02816160ae2e2435beda58222022298d5625d49fea74d18816fbb31d?s=96&d=mm&r=g\",\"caption\":\"i l\"},\"url\":\"https:\\\/\\\/kosovatimes.info\\\/index.php\\\/author\\\/iliri\\\/\"}]}<\/script>\n<!-- \/ Yoast SEO plugin. -->","yoast_head_json":{"title":"Abdixhiku: N\u00ebnshkrimet nuk dor\u00ebzohen te LVV-ja - Kosova Times","robots":{"index":"index","follow":"follow","max-snippet":"max-snippet:-1","max-image-preview":"max-image-preview:large","max-video-preview":"max-video-preview:-1"},"canonical":"https:\/\/kosovatimes.info\/index.php\/2026\/04\/28\/abdixhiku-nenshkrimet-nuk-dorezohen-te-lvv-ja\/","og_locale":"en_US","og_type":"article","og_title":"Abdixhiku: N\u00ebnshkrimet nuk dor\u00ebzohen te LVV-ja - Kosova Times","og_description":"Kryetari i Lidhjes Demokratike t\u00eb Kosov\u00ebs, Lumir Abdixhiku, para tentimit t\u00eb tret\u00eb p\u00ebr mbajtjen e seanc\u00ebs p\u00ebr zgjedhjen e presidentit t\u00eb shtetit, pak or\u00eb para se t\u00eb p\u00ebrfundoj\u00eb afati i p\u00ebrcaktuar nga Gjykata Kushtetuese p\u00ebr zgjedhjen e kreut t\u00eb shtetit, i \u00ebsht\u00eb p\u00ebrgjigjur liderit t\u00eb Vet\u00ebvendosjes dhe kryeministrit Albin Kurti, duke th\u00ebn\u00eb se pes\u00ebmb\u00ebdhjet\u00eb n\u00ebnshkrimet [&hellip;]","og_url":"https:\/\/kosovatimes.info\/index.php\/2026\/04\/28\/abdixhiku-nenshkrimet-nuk-dorezohen-te-lvv-ja\/","og_site_name":"Kosova Times","article_published_time":"2026-04-28T17:23:00+00:00","article_modified_time":"2026-04-28T20:44:11+00:00","og_image":[{"width":780,"height":500,"url":"https:\/\/kosovatimes.info\/wp-content\/uploads\/2026\/04\/Abdixhiku-5.jpg","type":"image\/jpeg"}],"author":"i l","twitter_card":"summary_large_image","twitter_misc":{"Written by":"i l","Est. reading time":"2 minutes"},"schema":{"@context":"https:\/\/schema.org","@graph":[{"@type":"Article","@id":"https:\/\/kosovatimes.info\/index.php\/2026\/04\/28\/abdixhiku-nenshkrimet-nuk-dorezohen-te-lvv-ja\/#article","isPartOf":{"@id":"https:\/\/kosovatimes.info\/index.php\/2026\/04\/28\/abdixhiku-nenshkrimet-nuk-dorezohen-te-lvv-ja\/"},"author":{"name":"i l","@id":"https:\/\/kosovatimes.info\/#\/schema\/person\/7586712b9c512fe68085de007378c915"},"headline":"Abdixhiku: N\u00ebnshkrimet nuk dor\u00ebzohen te LVV-ja","datePublished":"2026-04-28T17:23:00+00:00","dateModified":"2026-04-28T20:44:11+00:00","mainEntityOfPage":{"@id":"https:\/\/kosovatimes.info\/index.php\/2026\/04\/28\/abdixhiku-nenshkrimet-nuk-dorezohen-te-lvv-ja\/"},"wordCount":377,"commentCount":0,"image":{"@id":"https:\/\/kosovatimes.info\/index.php\/2026\/04\/28\/abdixhiku-nenshkrimet-nuk-dorezohen-te-lvv-ja\/#primaryimage"},"thumbnailUrl":"https:\/\/kosovatimes.info\/wp-content\/uploads\/2026\/04\/Abdixhiku-5.jpg","articleSection":["Kosov\u00eb","Lajme"],"inLanguage":"en-US","potentialAction":[{"@type":"CommentAction","name":"Comment","target":["https:\/\/kosovatimes.info\/index.php\/2026\/04\/28\/abdixhiku-nenshkrimet-nuk-dorezohen-te-lvv-ja\/#respond"]}]},{"@type":"WebPage","@id":"https:\/\/kosovatimes.info\/index.php\/2026\/04\/28\/abdixhiku-nenshkrimet-nuk-dorezohen-te-lvv-ja\/","url":"https:\/\/kosovatimes.info\/index.php\/2026\/04\/28\/abdixhiku-nenshkrimet-nuk-dorezohen-te-lvv-ja\/","name":"Abdixhiku: N\u00ebnshkrimet nuk dor\u00ebzohen te LVV-ja - Kosova Times","isPartOf":{"@id":"https:\/\/kosovatimes.info\/#website"},"primaryImageOfPage":{"@id":"https:\/\/kosovatimes.info\/index.php\/2026\/04\/28\/abdixhiku-nenshkrimet-nuk-dorezohen-te-lvv-ja\/#primaryimage"},"image":{"@id":"https:\/\/kosovatimes.info\/index.php\/2026\/04\/28\/abdixhiku-nenshkrimet-nuk-dorezohen-te-lvv-ja\/#primaryimage"},"thumbnailUrl":"https:\/\/kosovatimes.info\/wp-content\/uploads\/2026\/04\/Abdixhiku-5.jpg","datePublished":"2026-04-28T17:23:00+00:00","dateModified":"2026-04-28T20:44:11+00:00","author":{"@id":"https:\/\/kosovatimes.info\/#\/schema\/person\/7586712b9c512fe68085de007378c915"},"breadcrumb":{"@id":"https:\/\/kosovatimes.info\/index.php\/2026\/04\/28\/abdixhiku-nenshkrimet-nuk-dorezohen-te-lvv-ja\/#breadcrumb"},"inLanguage":"en-US","potentialAction":[{"@type":"ReadAction","target":["https:\/\/kosovatimes.info\/index.php\/2026\/04\/28\/abdixhiku-nenshkrimet-nuk-dorezohen-te-lvv-ja\/"]}]},{"@type":"ImageObject","inLanguage":"en-US","@id":"https:\/\/kosovatimes.info\/index.php\/2026\/04\/28\/abdixhiku-nenshkrimet-nuk-dorezohen-te-lvv-ja\/#primaryimage","url":"https:\/\/kosovatimes.info\/wp-content\/uploads\/2026\/04\/Abdixhiku-5.jpg","contentUrl":"https:\/\/kosovatimes.info\/wp-content\/uploads\/2026\/04\/Abdixhiku-5.jpg","width":780,"height":500},{"@type":"BreadcrumbList","@id":"https:\/\/kosovatimes.info\/index.php\/2026\/04\/28\/abdixhiku-nenshkrimet-nuk-dorezohen-te-lvv-ja\/#breadcrumb","itemListElement":[{"@type":"ListItem","position":1,"name":"Home","item":"https:\/\/kosovatimes.info\/"},{"@type":"ListItem","position":2,"name":"Abdixhiku: N\u00ebnshkrimet nuk dor\u00ebzohen te LVV-ja"}]},{"@type":"WebSite","@id":"https:\/\/kosovatimes.info\/#website","url":"https:\/\/kosovatimes.info\/","name":"Kosova Times","description":"","potentialAction":[{"@type":"SearchAction","target":{"@type":"EntryPoint","urlTemplate":"https:\/\/kosovatimes.info\/?s={search_term_string}"},"query-input":{"@type":"PropertyValueSpecification","valueRequired":true,"valueName":"search_term_string"}}],"inLanguage":"en-US"},{"@type":"Person","@id":"https:\/\/kosovatimes.info\/#\/schema\/person\/7586712b9c512fe68085de007378c915","name":"i l","image":{"@type":"ImageObject","inLanguage":"en-US","@id":"https:\/\/secure.gravatar.com\/avatar\/bad9296e02816160ae2e2435beda58222022298d5625d49fea74d18816fbb31d?s=96&d=mm&r=g","url":"https:\/\/secure.gravatar.com\/avatar\/bad9296e02816160ae2e2435beda58222022298d5625d49fea74d18816fbb31d?s=96&d=mm&r=g","contentUrl":"https:\/\/secure.gravatar.com\/avatar\/bad9296e02816160ae2e2435beda58222022298d5625d49fea74d18816fbb31d?s=96&d=mm&r=g","caption":"i l"},"url":"https:\/\/kosovatimes.info\/index.php\/author\/iliri\/"}]}},"_links":{"self":[{"href":"https:\/\/kosovatimes.info\/index.php\/wp-json\/wp\/v2\/posts\/12325","targetHints":{"allow":["GET"]}}],"collection":[{"href":"https:\/\/kosovatimes.info\/index.php\/wp-json\/wp\/v2\/posts"}],"about":[{"href":"https:\/\/kosovatimes.info\/index.php\/wp-json\/wp\/v2\/types\/post"}],"author":[{"embeddable":true,"href":"https:\/\/kosovatimes.info\/index.php\/wp-json\/wp\/v2\/users\/4"}],"replies":[{"embeddable":true,"href":"https:\/\/kosovatimes.info\/index.php\/wp-json\/wp\/v2\/comments?post=12325"}],"version-history":[{"count":1,"href":"https:\/\/kosovatimes.info\/index.php\/wp-json\/wp\/v2\/posts\/12325\/revisions"}],"predecessor-version":[{"id":12327,"href":"https:\/\/kosovatimes.info\/index.php\/wp-json\/wp\/v2\/posts\/12325\/revisions\/12327"}],"wp:featuredmedia":[{"embeddable":true,"href":"https:\/\/kosovatimes.info\/index.php\/wp-json\/wp\/v2\/media\/12326"}],"wp:attachment":[{"href":"https:\/\/kosovatimes.info\/index.php\/wp-json\/wp\/v2\/media?parent=12325"}],"wp:term":[{"taxonomy":"category","embeddable":true,"href":"https:\/\/kosovatimes.info\/index.php\/wp-json\/wp\/v2\/categories?post=12325"},{"taxonomy":"post_tag","embeddable":true,"href":"https:\/\/kosovatimes.info\/index.php\/wp-json\/wp\/v2\/tags?post=12325"}],"curies":[{"name":"wp","href":"https:\/\/api.w.org\/{rel}","templated":true}]}}