{"id":12328,"date":"2026-04-28T22:45:58","date_gmt":"2026-04-28T20:45:58","guid":{"rendered":"https:\/\/kosovatimes.info\/?p=12328"},"modified":"2026-04-28T22:46:01","modified_gmt":"2026-04-28T20:46:01","slug":"kryeziu-hyseni-opozita-nuk-eshte-e-gatshme-te-zgjedhe-presidentin","status":"publish","type":"post","link":"https:\/\/kosovatimes.info\/index.php\/2026\/04\/28\/kryeziu-hyseni-opozita-nuk-eshte-e-gatshme-te-zgjedhe-presidentin\/","title":{"rendered":"Kryeziu-Hyseni: Opozita nuk \u00ebsht\u00eb e gatshme t\u00eb zgjedh\u00eb presidentin"},"content":{"rendered":"\n<p><strong>Deputetja e L\u00ebvizjes Vet\u00ebvendosje, Arb\u00ebresha Kryeziu-Hyseni, ka deklaruar se subjekti i saj ka b\u00ebr\u00eb p\u00ebrpjekje t\u00eb vazhdueshme p\u00ebr zgjedhjen e presidentit t\u00eb ri t\u00eb Republik\u00ebs s\u00eb Kosov\u00ebs, para fillimit t\u00eb seanc\u00ebs s\u00eb jasht\u00ebzakonshme t\u00eb Kuvendit.<\/strong><\/p>\n\n\n\n<p>Ajo ka theksuar se Vet\u00ebvendosje ka qen\u00eb e gatshme edhe p\u00ebr kompromise, p\u00ebrfshir\u00eb t\u00ebrheqjen e nj\u00eb kandidature n\u00ebse opozita do t\u00eb propozonte nj\u00eb em\u00ebr t\u00eb pranuesh\u00ebm.<\/p>\n\n\n\n<p>Sipas saj, opozita nuk ka qen\u00eb dhe nuk \u00ebsht\u00eb e gatshme t\u00eb kontribuoj\u00eb n\u00eb zgjedhjen e presidentit.<\/p>\n\n\n\n<p>\u201cBesoj i dini hapat e vazhdueshme, gjeneroze, q\u00eb L\u00ebvizja Vet\u00ebvendosje i ka pasur p\u00ebr me e zgjedh presidentin e ri t\u00eb Republik\u00ebs s\u00eb Kosov\u00ebs. Madje tash s\u00eb fundmi, edhe ma e reja, pra kemi th\u00ebn\u00eb q\u00eb jemi t\u00eb gatsh\u00ebm ta t\u00ebrheqim nj\u00ebr\u00ebn kandidatur\u00eb n\u00ebse opozita vler\u00ebson se ka nj\u00eb kandidat,\u201d ka deklaruar Kryeziu-Hyseni.<\/p>\n\n\n\n<p>Sipas saj, mungesa e nj\u00eb kandidati nga opozita deri n\u00eb k\u00ebt\u00eb faz\u00eb tregon munges\u00eb vullneti p\u00ebr zgjidhje.<\/p>\n\n\n\n<p>\u201cPor n\u00ebse m\u00eb pyesni mua, n\u00ebse ata s\u2019kan\u00eb pasur nj\u00eb kandidat deri m\u00eb tani, s\u2019besoj q\u00eb do t\u00eb mund t\u00eb jen\u00eb p\u00ebrcaktuar brenda k\u00ebtyre dy or\u00ebve t\u00eb fundit p\u00ebr nj\u00eb em\u00ebr\u2026 sepse nuk po duan t\u2019i ofrojn\u00eb vendit zgjidhjen n\u00ebp\u00ebrmjet votimit p\u00ebr zgjedhur presidentin e ri t\u00eb Republik\u00ebs s\u00eb Kosov\u00ebs, por po duan q\u00eb ta \u00e7ojn\u00eb vendin n\u00eb nj\u00eb proces t\u00eb ri zgjedhor,\u201d \u00ebsht\u00eb shprehur ajo.<\/p>\n\n\n\n<p>Deputetja e VV-s\u00eb ka akuzuar opozit\u00ebn se q\u00ebllimi i saj i vet\u00ebm \u00ebsht\u00eb bllokimi institucional dhe d\u00ebrgimi i vendit n\u00eb zgjedhje t\u00eb reja.<\/p>\n\n\n\n<p>\u201cSepse k\u00ebshtu, n\u00ebp\u00ebrmjet k\u00ebsaj, ata do ta pamund\u00ebsojn\u00eb pun\u00ebn e qeveris\u00eb Albin Kurti dhe po besoj q\u00eb po shp\u00ebrfaqet mjaftuesh\u00ebm mir\u00eb e qart\u00eb q\u00eb ky \u00ebsht\u00eb i vetmi q\u00ebllim i opozit\u00ebs,\u201d ka th\u00ebn\u00eb ajo.<\/p>\n\n\n\n<p>Ajo ka p\u00ebrmendur edhe kandidatur\u00ebn e Feride Rushiti, duke e cil\u00ebsuar si figur\u00eb apartiake me mb\u00ebshtetje t\u00eb konsiderueshme n\u00eb Kuvend.<\/p>\n\n\n\n<p>\u201cN\u00eb kund\u00ebrt\u00ebn, ju e keni par\u00eb mbr\u00ebm\u00eb q\u00eb ne tashm\u00eb e kemi nj\u00eb kandidate, e cila \u00ebsht\u00eb apartiake, zonja Feride Rushiti, e cila dje me vot\u00eb ka d\u00ebshmuar q\u00eb \u00ebsht\u00eb e vetmja kandidate deri sot q\u00eb ka pasur 63 vota t\u00eb deputet\u00ebve n\u00eb Kuvend n\u00eb raundin e par\u00eb t\u00eb votimit,\u201d ka deklaruar Kryeziu-Hyseni.<\/p>\n\n\n\n<p>Ajo ka shtuar se zgjedhja e presidentit do t\u00eb ishte e mundur n\u00ebse opozita merr pjes\u00eb n\u00eb proces. \u201cPra ne tashm\u00eb e kemi nj\u00eb kandidate e cila ka potencialin p\u00ebr t\u2019u zgjedh presidente n\u00eb rast se opozita do t\u00eb merrte pjes\u00eb n\u00eb seanc\u00eb. Por bojkotimi i opozit\u00ebs tregon q\u00eb ata jan\u00eb t\u00eb interesuar ta shkaktojn\u00eb nj\u00eb tjet\u00ebr d\u00ebm t\u00eb madh p\u00ebr qytetar\u00ebt e vendit ton\u00eb,\u201d ka shtuar ajo.<\/p>\n","protected":false},"excerpt":{"rendered":"<p>Deputetja e L\u00ebvizjes Vet\u00ebvendosje, Arb\u00ebresha Kryeziu-Hyseni, ka deklaruar se subjekti i saj ka b\u00ebr\u00eb p\u00ebrpjekje t\u00eb vazhdueshme p\u00ebr zgjedhjen e presidentit t\u00eb ri t\u00eb Republik\u00ebs s\u00eb Kosov\u00ebs, para fillimit t\u00eb seanc\u00ebs s\u00eb jasht\u00ebzakonshme t\u00eb Kuvendit. Ajo ka theksuar se Vet\u00ebvendosje ka qen\u00eb e gatshme edhe p\u00ebr kompromise, p\u00ebrfshir\u00eb t\u00ebrheqjen e nj\u00eb kandidature n\u00ebse opozita do [&hellip;]<\/p>\n","protected":false},"author":4,"featured_media":12329,"comment_status":"open","ping_status":"open","sticky":false,"template":"","format":"standard","meta":{"footnotes":""},"categories":[31,30],"tags":[],"class_list":{"0":"post-12328","1":"post","2":"type-post","3":"status-publish","4":"format-standard","5":"has-post-thumbnail","7":"category-kosove","8":"category-lajme"},"yoast_head":"<!-- This site is optimized with the Yoast SEO plugin v27.4 - https:\/\/yoast.com\/product\/yoast-seo-wordpress\/ -->\n<title>Kryeziu-Hyseni: Opozita nuk \u00ebsht\u00eb e gatshme t\u00eb zgjedh\u00eb presidentin - Kosova Times<\/title>\n<meta name=\"robots\" content=\"index, follow, max-snippet:-1, max-image-preview:large, max-video-preview:-1\" \/>\n<link rel=\"canonical\" href=\"https:\/\/kosovatimes.info\/index.php\/2026\/04\/28\/kryeziu-hyseni-opozita-nuk-eshte-e-gatshme-te-zgjedhe-presidentin\/\" \/>\n<meta property=\"og:locale\" content=\"en_US\" \/>\n<meta property=\"og:type\" content=\"article\" \/>\n<meta property=\"og:title\" content=\"Kryeziu-Hyseni: Opozita nuk \u00ebsht\u00eb e gatshme t\u00eb zgjedh\u00eb presidentin - Kosova Times\" \/>\n<meta property=\"og:description\" content=\"Deputetja e L\u00ebvizjes Vet\u00ebvendosje, Arb\u00ebresha Kryeziu-Hyseni, ka deklaruar se subjekti i saj ka b\u00ebr\u00eb p\u00ebrpjekje t\u00eb vazhdueshme p\u00ebr zgjedhjen e presidentit t\u00eb ri t\u00eb Republik\u00ebs s\u00eb Kosov\u00ebs, para fillimit t\u00eb seanc\u00ebs s\u00eb jasht\u00ebzakonshme t\u00eb Kuvendit. Ajo ka theksuar se Vet\u00ebvendosje ka qen\u00eb e gatshme edhe p\u00ebr kompromise, p\u00ebrfshir\u00eb t\u00ebrheqjen e nj\u00eb kandidature n\u00ebse opozita do [&hellip;]\" \/>\n<meta property=\"og:url\" content=\"https:\/\/kosovatimes.info\/index.php\/2026\/04\/28\/kryeziu-hyseni-opozita-nuk-eshte-e-gatshme-te-zgjedhe-presidentin\/\" \/>\n<meta property=\"og:site_name\" content=\"Kosova Times\" \/>\n<meta property=\"article:published_time\" content=\"2026-04-28T20:45:58+00:00\" \/>\n<meta property=\"article:modified_time\" content=\"2026-04-28T20:46:01+00:00\" \/>\n<meta property=\"og:image\" content=\"https:\/\/kosovatimes.info\/wp-content\/uploads\/2026\/04\/Kryeziu.jpg\" \/>\n\t<meta property=\"og:image:width\" content=\"780\" \/>\n\t<meta property=\"og:image:height\" content=\"500\" \/>\n\t<meta property=\"og:image:type\" content=\"image\/jpeg\" \/>\n<meta name=\"author\" content=\"i l\" \/>\n<meta name=\"twitter:card\" content=\"summary_large_image\" \/>\n<meta name=\"twitter:label1\" content=\"Written by\" \/>\n\t<meta name=\"twitter:data1\" content=\"i l\" \/>\n\t<meta name=\"twitter:label2\" content=\"Est. reading time\" \/>\n\t<meta name=\"twitter:data2\" content=\"3 minutes\" \/>\n<script type=\"application\/ld+json\" class=\"yoast-schema-graph\">{\"@context\":\"https:\\\/\\\/schema.org\",\"@graph\":[{\"@type\":\"Article\",\"@id\":\"https:\\\/\\\/kosovatimes.info\\\/index.php\\\/2026\\\/04\\\/28\\\/kryeziu-hyseni-opozita-nuk-eshte-e-gatshme-te-zgjedhe-presidentin\\\/#article\",\"isPartOf\":{\"@id\":\"https:\\\/\\\/kosovatimes.info\\\/index.php\\\/2026\\\/04\\\/28\\\/kryeziu-hyseni-opozita-nuk-eshte-e-gatshme-te-zgjedhe-presidentin\\\/\"},\"author\":{\"name\":\"i l\",\"@id\":\"https:\\\/\\\/kosovatimes.info\\\/#\\\/schema\\\/person\\\/7586712b9c512fe68085de007378c915\"},\"headline\":\"Kryeziu-Hyseni: Opozita nuk \u00ebsht\u00eb e gatshme t\u00eb zgjedh\u00eb presidentin\",\"datePublished\":\"2026-04-28T20:45:58+00:00\",\"dateModified\":\"2026-04-28T20:46:01+00:00\",\"mainEntityOfPage\":{\"@id\":\"https:\\\/\\\/kosovatimes.info\\\/index.php\\\/2026\\\/04\\\/28\\\/kryeziu-hyseni-opozita-nuk-eshte-e-gatshme-te-zgjedhe-presidentin\\\/\"},\"wordCount\":498,\"commentCount\":0,\"image\":{\"@id\":\"https:\\\/\\\/kosovatimes.info\\\/index.php\\\/2026\\\/04\\\/28\\\/kryeziu-hyseni-opozita-nuk-eshte-e-gatshme-te-zgjedhe-presidentin\\\/#primaryimage\"},\"thumbnailUrl\":\"https:\\\/\\\/kosovatimes.info\\\/wp-content\\\/uploads\\\/2026\\\/04\\\/Kryeziu.jpg\",\"articleSection\":[\"Kosov\u00eb\",\"Lajme\"],\"inLanguage\":\"en-US\",\"potentialAction\":[{\"@type\":\"CommentAction\",\"name\":\"Comment\",\"target\":[\"https:\\\/\\\/kosovatimes.info\\\/index.php\\\/2026\\\/04\\\/28\\\/kryeziu-hyseni-opozita-nuk-eshte-e-gatshme-te-zgjedhe-presidentin\\\/#respond\"]}]},{\"@type\":\"WebPage\",\"@id\":\"https:\\\/\\\/kosovatimes.info\\\/index.php\\\/2026\\\/04\\\/28\\\/kryeziu-hyseni-opozita-nuk-eshte-e-gatshme-te-zgjedhe-presidentin\\\/\",\"url\":\"https:\\\/\\\/kosovatimes.info\\\/index.php\\\/2026\\\/04\\\/28\\\/kryeziu-hyseni-opozita-nuk-eshte-e-gatshme-te-zgjedhe-presidentin\\\/\",\"name\":\"Kryeziu-Hyseni: Opozita nuk \u00ebsht\u00eb e gatshme t\u00eb zgjedh\u00eb presidentin - Kosova Times\",\"isPartOf\":{\"@id\":\"https:\\\/\\\/kosovatimes.info\\\/#website\"},\"primaryImageOfPage\":{\"@id\":\"https:\\\/\\\/kosovatimes.info\\\/index.php\\\/2026\\\/04\\\/28\\\/kryeziu-hyseni-opozita-nuk-eshte-e-gatshme-te-zgjedhe-presidentin\\\/#primaryimage\"},\"image\":{\"@id\":\"https:\\\/\\\/kosovatimes.info\\\/index.php\\\/2026\\\/04\\\/28\\\/kryeziu-hyseni-opozita-nuk-eshte-e-gatshme-te-zgjedhe-presidentin\\\/#primaryimage\"},\"thumbnailUrl\":\"https:\\\/\\\/kosovatimes.info\\\/wp-content\\\/uploads\\\/2026\\\/04\\\/Kryeziu.jpg\",\"datePublished\":\"2026-04-28T20:45:58+00:00\",\"dateModified\":\"2026-04-28T20:46:01+00:00\",\"author\":{\"@id\":\"https:\\\/\\\/kosovatimes.info\\\/#\\\/schema\\\/person\\\/7586712b9c512fe68085de007378c915\"},\"breadcrumb\":{\"@id\":\"https:\\\/\\\/kosovatimes.info\\\/index.php\\\/2026\\\/04\\\/28\\\/kryeziu-hyseni-opozita-nuk-eshte-e-gatshme-te-zgjedhe-presidentin\\\/#breadcrumb\"},\"inLanguage\":\"en-US\",\"potentialAction\":[{\"@type\":\"ReadAction\",\"target\":[\"https:\\\/\\\/kosovatimes.info\\\/index.php\\\/2026\\\/04\\\/28\\\/kryeziu-hyseni-opozita-nuk-eshte-e-gatshme-te-zgjedhe-presidentin\\\/\"]}]},{\"@type\":\"ImageObject\",\"inLanguage\":\"en-US\",\"@id\":\"https:\\\/\\\/kosovatimes.info\\\/index.php\\\/2026\\\/04\\\/28\\\/kryeziu-hyseni-opozita-nuk-eshte-e-gatshme-te-zgjedhe-presidentin\\\/#primaryimage\",\"url\":\"https:\\\/\\\/kosovatimes.info\\\/wp-content\\\/uploads\\\/2026\\\/04\\\/Kryeziu.jpg\",\"contentUrl\":\"https:\\\/\\\/kosovatimes.info\\\/wp-content\\\/uploads\\\/2026\\\/04\\\/Kryeziu.jpg\",\"width\":780,\"height\":500},{\"@type\":\"BreadcrumbList\",\"@id\":\"https:\\\/\\\/kosovatimes.info\\\/index.php\\\/2026\\\/04\\\/28\\\/kryeziu-hyseni-opozita-nuk-eshte-e-gatshme-te-zgjedhe-presidentin\\\/#breadcrumb\",\"itemListElement\":[{\"@type\":\"ListItem\",\"position\":1,\"name\":\"Home\",\"item\":\"https:\\\/\\\/kosovatimes.info\\\/\"},{\"@type\":\"ListItem\",\"position\":2,\"name\":\"Kryeziu-Hyseni: Opozita nuk \u00ebsht\u00eb e gatshme t\u00eb zgjedh\u00eb presidentin\"}]},{\"@type\":\"WebSite\",\"@id\":\"https:\\\/\\\/kosovatimes.info\\\/#website\",\"url\":\"https:\\\/\\\/kosovatimes.info\\\/\",\"name\":\"Kosova Times\",\"description\":\"\",\"potentialAction\":[{\"@type\":\"SearchAction\",\"target\":{\"@type\":\"EntryPoint\",\"urlTemplate\":\"https:\\\/\\\/kosovatimes.info\\\/?s={search_term_string}\"},\"query-input\":{\"@type\":\"PropertyValueSpecification\",\"valueRequired\":true,\"valueName\":\"search_term_string\"}}],\"inLanguage\":\"en-US\"},{\"@type\":\"Person\",\"@id\":\"https:\\\/\\\/kosovatimes.info\\\/#\\\/schema\\\/person\\\/7586712b9c512fe68085de007378c915\",\"name\":\"i l\",\"image\":{\"@type\":\"ImageObject\",\"inLanguage\":\"en-US\",\"@id\":\"https:\\\/\\\/secure.gravatar.com\\\/avatar\\\/bad9296e02816160ae2e2435beda58222022298d5625d49fea74d18816fbb31d?s=96&d=mm&r=g\",\"url\":\"https:\\\/\\\/secure.gravatar.com\\\/avatar\\\/bad9296e02816160ae2e2435beda58222022298d5625d49fea74d18816fbb31d?s=96&d=mm&r=g\",\"contentUrl\":\"https:\\\/\\\/secure.gravatar.com\\\/avatar\\\/bad9296e02816160ae2e2435beda58222022298d5625d49fea74d18816fbb31d?s=96&d=mm&r=g\",\"caption\":\"i l\"},\"url\":\"https:\\\/\\\/kosovatimes.info\\\/index.php\\\/author\\\/iliri\\\/\"}]}<\/script>\n<!-- \/ Yoast SEO plugin. -->","yoast_head_json":{"title":"Kryeziu-Hyseni: Opozita nuk \u00ebsht\u00eb e gatshme t\u00eb zgjedh\u00eb presidentin - Kosova Times","robots":{"index":"index","follow":"follow","max-snippet":"max-snippet:-1","max-image-preview":"max-image-preview:large","max-video-preview":"max-video-preview:-1"},"canonical":"https:\/\/kosovatimes.info\/index.php\/2026\/04\/28\/kryeziu-hyseni-opozita-nuk-eshte-e-gatshme-te-zgjedhe-presidentin\/","og_locale":"en_US","og_type":"article","og_title":"Kryeziu-Hyseni: Opozita nuk \u00ebsht\u00eb e gatshme t\u00eb zgjedh\u00eb presidentin - Kosova Times","og_description":"Deputetja e L\u00ebvizjes Vet\u00ebvendosje, Arb\u00ebresha Kryeziu-Hyseni, ka deklaruar se subjekti i saj ka b\u00ebr\u00eb p\u00ebrpjekje t\u00eb vazhdueshme p\u00ebr zgjedhjen e presidentit t\u00eb ri t\u00eb Republik\u00ebs s\u00eb Kosov\u00ebs, para fillimit t\u00eb seanc\u00ebs s\u00eb jasht\u00ebzakonshme t\u00eb Kuvendit. Ajo ka theksuar se Vet\u00ebvendosje ka qen\u00eb e gatshme edhe p\u00ebr kompromise, p\u00ebrfshir\u00eb t\u00ebrheqjen e nj\u00eb kandidature n\u00ebse opozita do [&hellip;]","og_url":"https:\/\/kosovatimes.info\/index.php\/2026\/04\/28\/kryeziu-hyseni-opozita-nuk-eshte-e-gatshme-te-zgjedhe-presidentin\/","og_site_name":"Kosova Times","article_published_time":"2026-04-28T20:45:58+00:00","article_modified_time":"2026-04-28T20:46:01+00:00","og_image":[{"width":780,"height":500,"url":"https:\/\/kosovatimes.info\/wp-content\/uploads\/2026\/04\/Kryeziu.jpg","type":"image\/jpeg"}],"author":"i l","twitter_card":"summary_large_image","twitter_misc":{"Written by":"i l","Est. reading time":"3 minutes"},"schema":{"@context":"https:\/\/schema.org","@graph":[{"@type":"Article","@id":"https:\/\/kosovatimes.info\/index.php\/2026\/04\/28\/kryeziu-hyseni-opozita-nuk-eshte-e-gatshme-te-zgjedhe-presidentin\/#article","isPartOf":{"@id":"https:\/\/kosovatimes.info\/index.php\/2026\/04\/28\/kryeziu-hyseni-opozita-nuk-eshte-e-gatshme-te-zgjedhe-presidentin\/"},"author":{"name":"i l","@id":"https:\/\/kosovatimes.info\/#\/schema\/person\/7586712b9c512fe68085de007378c915"},"headline":"Kryeziu-Hyseni: Opozita nuk \u00ebsht\u00eb e gatshme t\u00eb zgjedh\u00eb presidentin","datePublished":"2026-04-28T20:45:58+00:00","dateModified":"2026-04-28T20:46:01+00:00","mainEntityOfPage":{"@id":"https:\/\/kosovatimes.info\/index.php\/2026\/04\/28\/kryeziu-hyseni-opozita-nuk-eshte-e-gatshme-te-zgjedhe-presidentin\/"},"wordCount":498,"commentCount":0,"image":{"@id":"https:\/\/kosovatimes.info\/index.php\/2026\/04\/28\/kryeziu-hyseni-opozita-nuk-eshte-e-gatshme-te-zgjedhe-presidentin\/#primaryimage"},"thumbnailUrl":"https:\/\/kosovatimes.info\/wp-content\/uploads\/2026\/04\/Kryeziu.jpg","articleSection":["Kosov\u00eb","Lajme"],"inLanguage":"en-US","potentialAction":[{"@type":"CommentAction","name":"Comment","target":["https:\/\/kosovatimes.info\/index.php\/2026\/04\/28\/kryeziu-hyseni-opozita-nuk-eshte-e-gatshme-te-zgjedhe-presidentin\/#respond"]}]},{"@type":"WebPage","@id":"https:\/\/kosovatimes.info\/index.php\/2026\/04\/28\/kryeziu-hyseni-opozita-nuk-eshte-e-gatshme-te-zgjedhe-presidentin\/","url":"https:\/\/kosovatimes.info\/index.php\/2026\/04\/28\/kryeziu-hyseni-opozita-nuk-eshte-e-gatshme-te-zgjedhe-presidentin\/","name":"Kryeziu-Hyseni: Opozita nuk \u00ebsht\u00eb e gatshme t\u00eb zgjedh\u00eb presidentin - Kosova Times","isPartOf":{"@id":"https:\/\/kosovatimes.info\/#website"},"primaryImageOfPage":{"@id":"https:\/\/kosovatimes.info\/index.php\/2026\/04\/28\/kryeziu-hyseni-opozita-nuk-eshte-e-gatshme-te-zgjedhe-presidentin\/#primaryimage"},"image":{"@id":"https:\/\/kosovatimes.info\/index.php\/2026\/04\/28\/kryeziu-hyseni-opozita-nuk-eshte-e-gatshme-te-zgjedhe-presidentin\/#primaryimage"},"thumbnailUrl":"https:\/\/kosovatimes.info\/wp-content\/uploads\/2026\/04\/Kryeziu.jpg","datePublished":"2026-04-28T20:45:58+00:00","dateModified":"2026-04-28T20:46:01+00:00","author":{"@id":"https:\/\/kosovatimes.info\/#\/schema\/person\/7586712b9c512fe68085de007378c915"},"breadcrumb":{"@id":"https:\/\/kosovatimes.info\/index.php\/2026\/04\/28\/kryeziu-hyseni-opozita-nuk-eshte-e-gatshme-te-zgjedhe-presidentin\/#breadcrumb"},"inLanguage":"en-US","potentialAction":[{"@type":"ReadAction","target":["https:\/\/kosovatimes.info\/index.php\/2026\/04\/28\/kryeziu-hyseni-opozita-nuk-eshte-e-gatshme-te-zgjedhe-presidentin\/"]}]},{"@type":"ImageObject","inLanguage":"en-US","@id":"https:\/\/kosovatimes.info\/index.php\/2026\/04\/28\/kryeziu-hyseni-opozita-nuk-eshte-e-gatshme-te-zgjedhe-presidentin\/#primaryimage","url":"https:\/\/kosovatimes.info\/wp-content\/uploads\/2026\/04\/Kryeziu.jpg","contentUrl":"https:\/\/kosovatimes.info\/wp-content\/uploads\/2026\/04\/Kryeziu.jpg","width":780,"height":500},{"@type":"BreadcrumbList","@id":"https:\/\/kosovatimes.info\/index.php\/2026\/04\/28\/kryeziu-hyseni-opozita-nuk-eshte-e-gatshme-te-zgjedhe-presidentin\/#breadcrumb","itemListElement":[{"@type":"ListItem","position":1,"name":"Home","item":"https:\/\/kosovatimes.info\/"},{"@type":"ListItem","position":2,"name":"Kryeziu-Hyseni: Opozita nuk \u00ebsht\u00eb e gatshme t\u00eb zgjedh\u00eb presidentin"}]},{"@type":"WebSite","@id":"https:\/\/kosovatimes.info\/#website","url":"https:\/\/kosovatimes.info\/","name":"Kosova Times","description":"","potentialAction":[{"@type":"SearchAction","target":{"@type":"EntryPoint","urlTemplate":"https:\/\/kosovatimes.info\/?s={search_term_string}"},"query-input":{"@type":"PropertyValueSpecification","valueRequired":true,"valueName":"search_term_string"}}],"inLanguage":"en-US"},{"@type":"Person","@id":"https:\/\/kosovatimes.info\/#\/schema\/person\/7586712b9c512fe68085de007378c915","name":"i l","image":{"@type":"ImageObject","inLanguage":"en-US","@id":"https:\/\/secure.gravatar.com\/avatar\/bad9296e02816160ae2e2435beda58222022298d5625d49fea74d18816fbb31d?s=96&d=mm&r=g","url":"https:\/\/secure.gravatar.com\/avatar\/bad9296e02816160ae2e2435beda58222022298d5625d49fea74d18816fbb31d?s=96&d=mm&r=g","contentUrl":"https:\/\/secure.gravatar.com\/avatar\/bad9296e02816160ae2e2435beda58222022298d5625d49fea74d18816fbb31d?s=96&d=mm&r=g","caption":"i l"},"url":"https:\/\/kosovatimes.info\/index.php\/author\/iliri\/"}]}},"_links":{"self":[{"href":"https:\/\/kosovatimes.info\/index.php\/wp-json\/wp\/v2\/posts\/12328","targetHints":{"allow":["GET"]}}],"collection":[{"href":"https:\/\/kosovatimes.info\/index.php\/wp-json\/wp\/v2\/posts"}],"about":[{"href":"https:\/\/kosovatimes.info\/index.php\/wp-json\/wp\/v2\/types\/post"}],"author":[{"embeddable":true,"href":"https:\/\/kosovatimes.info\/index.php\/wp-json\/wp\/v2\/users\/4"}],"replies":[{"embeddable":true,"href":"https:\/\/kosovatimes.info\/index.php\/wp-json\/wp\/v2\/comments?post=12328"}],"version-history":[{"count":1,"href":"https:\/\/kosovatimes.info\/index.php\/wp-json\/wp\/v2\/posts\/12328\/revisions"}],"predecessor-version":[{"id":12330,"href":"https:\/\/kosovatimes.info\/index.php\/wp-json\/wp\/v2\/posts\/12328\/revisions\/12330"}],"wp:featuredmedia":[{"embeddable":true,"href":"https:\/\/kosovatimes.info\/index.php\/wp-json\/wp\/v2\/media\/12329"}],"wp:attachment":[{"href":"https:\/\/kosovatimes.info\/index.php\/wp-json\/wp\/v2\/media?parent=12328"}],"wp:term":[{"taxonomy":"category","embeddable":true,"href":"https:\/\/kosovatimes.info\/index.php\/wp-json\/wp\/v2\/categories?post=12328"},{"taxonomy":"post_tag","embeddable":true,"href":"https:\/\/kosovatimes.info\/index.php\/wp-json\/wp\/v2\/tags?post=12328"}],"curies":[{"name":"wp","href":"https:\/\/api.w.org\/{rel}","templated":true}]}}