{"id":12331,"date":"2026-04-28T19:36:00","date_gmt":"2026-04-28T17:36:00","guid":{"rendered":"https:\/\/kosovatimes.info\/?p=12331"},"modified":"2026-04-28T22:48:00","modified_gmt":"2026-04-28T20:48:00","slug":"shqiperi-shba-greqi-marreveshje-per-hub-in-energjetik-ne-vlorev","status":"publish","type":"post","link":"https:\/\/kosovatimes.info\/index.php\/2026\/04\/28\/shqiperi-shba-greqi-marreveshje-per-hub-in-energjetik-ne-vlorev\/","title":{"rendered":"Shqip\u00ebri\u2013SHBA\u2013Greqi: Marr\u00ebveshje p\u00ebr hub-in energjetik n\u00eb Vlor\u00ebv"},"content":{"rendered":"\n<p><strong>Shqip\u00ebria ka firmosur sot Memorandumin p\u00ebr zhvillimin e hub-it energjetik t\u00eb Vlor\u00ebs dhe Marr\u00ebveshja kuad\u00ebr p\u00ebr furnizimin me gaz t\u00eb l\u00ebngsh\u00ebm natyror, si hapa t\u00eb r\u00ebnd\u00ebsish\u00ebm drejt diversifikimit t\u00eb burimeve t\u00eb energjis\u00eb dhe forcimit t\u00eb pavar\u00ebsis\u00eb energjetike, n\u00eb bashk\u00ebpunim t\u00eb ngusht\u00eb me Shtetet e Bashkuara, si edhe nd\u00ebrveprim konkret me Greqin\u00eb fqinje.<\/strong><\/p>\n\n\n\n<p>Kryeministri shqiptar Edi Rama vler\u00ebsoi partneritetin me SHBA-n\u00eb n\u00eb drejtim t\u00eb konsolidimit t\u00eb siguris\u00eb energjetike, nd\u00ebrsa theksoi se po investohet p\u00ebr t\u00eb diversifikuar portofolin energjetik.<\/p>\n\n\n\n<p>N\u00eb fjal\u00ebn e mbajtur n\u00eb nj\u00eb aktivitet mbi sigurin\u00eb energjetike, kryeministri shqiptar solli n\u00eb v\u00ebmendje situat\u00ebn energjetike ku ndodhej vendi nj\u00eb dekad\u00eb m\u00eb par\u00eb, kur sipas tij kjo pasuri ishte e keqmenaxhuar.<\/p>\n\n\n\n<p>\u201cKa qen\u00eb dikur nj\u00eb moment n\u00eb jet\u00ebn ton\u00eb kur energjia ishte thjesht \u00e7\u00ebshtje furnizimi p\u00ebr t\u00eb mbajtur dritat ndezur sa m\u00eb gjat\u00eb t\u00eb jet\u00eb e mundur n\u00eb harkun e 24 or\u00ebve. Nga ana tjet\u00ebr jetojm\u00eb n\u00eb nj\u00eb vend ku deri nj\u00eb dekad\u00eb m\u00eb par\u00eb gjysma e popullsis\u00eb paguante p\u00ebr gjysm\u00ebn tjet\u00ebr\u201d, tha Rama.<\/p>\n\n\n\n<p>Ai kujtoi se kompania e shp\u00ebrndarjes energjetike deri nj\u00eb dekad\u00eb m\u00eb par\u00eb ishte n\u00eb buz\u00eb t\u00eb falimentit dhe mbahej gjall\u00eb vet\u00ebm nga subvencionet qeveritare, nd\u00ebrkoh\u00eb q\u00eb borxhi i saj ishte m\u00eb shum\u00eb se 5% e Produktit t\u00eb Brendsh\u00ebm Bruto.<\/p>\n\n\n\n<p>Nd\u00ebrkoh\u00eb sot, kryeministri Rama theksoi se historia \u00ebsht\u00eb krejt ndryshe dhe \u201cenergjia p\u00ebrcakton sigurin\u00eb, fuqin\u00eb ekonomike dhe ambicien ton\u00eb p\u00ebr vendin q\u00eb z\u00eb n\u00eb k\u00ebt\u00eb rajon dhe n\u00eb Europ\u00eb\u201d.<\/p>\n\n\n\n<p>\u201cShqip\u00ebria ka zgjedhur t\u00eb kaloj\u00eb p\u00ebrmes nj\u00eb procesi mjaft t\u00eb dhimbsh\u00ebm reformash energjetike. Nd\u00ebrkoh\u00eb q\u00eb flasim nuk ka m\u00eb padrejt\u00ebsi n\u00eb sistem si m\u00eb par\u00eb. Gjithkush paguan at\u00eb q\u00eb konsumon\u201d, tha Rama.<\/p>\n\n\n\n<p>Nd\u00ebrkoh\u00eb, ai potencoi se po investohet p\u00ebr t\u00eb diversifikuar portofolin energjetik dhe p\u00ebr t\u00eb shkuar nga nj\u00eb vend q\u00eb varet t\u00ebr\u00ebsisht nga energjia hidrike dhe importet, n\u00eb nj\u00eb vend q\u00eb brenda k\u00ebtij mandati t\u00eb shnd\u00ebrrohet n\u00eb nj\u00eb vend eksportues neto t\u00eb energjis\u00eb 100% t\u00eb rip\u00ebrt\u00ebritshme.<\/p>\n\n\n\n<p>N\u00eb k\u00ebt\u00eb rrug\u00ebtim, Rama konsideroi element ky\u00e7 partneritetin me SHBA-n\u00eb q\u00eb mb\u00ebshtetet n\u00eb zotimin e p\u00ebrbashk\u00ebt ndaj siguris\u00eb energjetike dhe p\u00ebr nj\u00eb rajon t\u00eb q\u00ebndruesh\u00ebm e t\u00eb begat\u00eb.<\/p>\n","protected":false},"excerpt":{"rendered":"<p>Shqip\u00ebria ka firmosur sot Memorandumin p\u00ebr zhvillimin e hub-it energjetik t\u00eb Vlor\u00ebs dhe Marr\u00ebveshja kuad\u00ebr p\u00ebr furnizimin me gaz t\u00eb l\u00ebngsh\u00ebm natyror, si hapa t\u00eb r\u00ebnd\u00ebsish\u00ebm drejt diversifikimit t\u00eb burimeve t\u00eb energjis\u00eb dhe forcimit t\u00eb pavar\u00ebsis\u00eb energjetike, n\u00eb bashk\u00ebpunim t\u00eb ngusht\u00eb me Shtetet e Bashkuara, si edhe nd\u00ebrveprim konkret me Greqin\u00eb fqinje. Kryeministri shqiptar Edi [&hellip;]<\/p>\n","protected":false},"author":4,"featured_media":12332,"comment_status":"open","ping_status":"open","sticky":false,"template":"","format":"standard","meta":{"footnotes":""},"categories":[30,32],"tags":[],"class_list":{"0":"post-12331","1":"post","2":"type-post","3":"status-publish","4":"format-standard","5":"has-post-thumbnail","7":"category-lajme","8":"category-rajon"},"yoast_head":"<!-- This site is optimized with the Yoast SEO plugin v27.4 - https:\/\/yoast.com\/product\/yoast-seo-wordpress\/ -->\n<title>Shqip\u00ebri\u2013SHBA\u2013Greqi: Marr\u00ebveshje p\u00ebr hub-in energjetik n\u00eb Vlor\u00ebv - Kosova Times<\/title>\n<meta name=\"robots\" content=\"index, follow, max-snippet:-1, max-image-preview:large, max-video-preview:-1\" \/>\n<link rel=\"canonical\" href=\"https:\/\/kosovatimes.info\/index.php\/2026\/04\/28\/shqiperi-shba-greqi-marreveshje-per-hub-in-energjetik-ne-vlorev\/\" \/>\n<meta property=\"og:locale\" content=\"en_US\" \/>\n<meta property=\"og:type\" content=\"article\" \/>\n<meta property=\"og:title\" content=\"Shqip\u00ebri\u2013SHBA\u2013Greqi: Marr\u00ebveshje p\u00ebr hub-in energjetik n\u00eb Vlor\u00ebv - Kosova Times\" \/>\n<meta property=\"og:description\" content=\"Shqip\u00ebria ka firmosur sot Memorandumin p\u00ebr zhvillimin e hub-it energjetik t\u00eb Vlor\u00ebs dhe Marr\u00ebveshja kuad\u00ebr p\u00ebr furnizimin me gaz t\u00eb l\u00ebngsh\u00ebm natyror, si hapa t\u00eb r\u00ebnd\u00ebsish\u00ebm drejt diversifikimit t\u00eb burimeve t\u00eb energjis\u00eb dhe forcimit t\u00eb pavar\u00ebsis\u00eb energjetike, n\u00eb bashk\u00ebpunim t\u00eb ngusht\u00eb me Shtetet e Bashkuara, si edhe nd\u00ebrveprim konkret me Greqin\u00eb fqinje. Kryeministri shqiptar Edi [&hellip;]\" \/>\n<meta property=\"og:url\" content=\"https:\/\/kosovatimes.info\/index.php\/2026\/04\/28\/shqiperi-shba-greqi-marreveshje-per-hub-in-energjetik-ne-vlorev\/\" \/>\n<meta property=\"og:site_name\" content=\"Kosova Times\" \/>\n<meta property=\"article:published_time\" content=\"2026-04-28T17:36:00+00:00\" \/>\n<meta property=\"article:modified_time\" content=\"2026-04-28T20:48:00+00:00\" \/>\n<meta property=\"og:image\" content=\"https:\/\/kosovatimes.info\/wp-content\/uploads\/2026\/04\/Greqi-2.jpg\" \/>\n\t<meta property=\"og:image:width\" content=\"780\" \/>\n\t<meta property=\"og:image:height\" content=\"500\" \/>\n\t<meta property=\"og:image:type\" content=\"image\/jpeg\" \/>\n<meta name=\"author\" content=\"i l\" \/>\n<meta name=\"twitter:card\" content=\"summary_large_image\" \/>\n<meta name=\"twitter:label1\" content=\"Written by\" \/>\n\t<meta name=\"twitter:data1\" content=\"i l\" \/>\n\t<meta name=\"twitter:label2\" content=\"Est. reading time\" \/>\n\t<meta name=\"twitter:data2\" content=\"2 minutes\" \/>\n<script type=\"application\/ld+json\" class=\"yoast-schema-graph\">{\"@context\":\"https:\\\/\\\/schema.org\",\"@graph\":[{\"@type\":\"Article\",\"@id\":\"https:\\\/\\\/kosovatimes.info\\\/index.php\\\/2026\\\/04\\\/28\\\/shqiperi-shba-greqi-marreveshje-per-hub-in-energjetik-ne-vlorev\\\/#article\",\"isPartOf\":{\"@id\":\"https:\\\/\\\/kosovatimes.info\\\/index.php\\\/2026\\\/04\\\/28\\\/shqiperi-shba-greqi-marreveshje-per-hub-in-energjetik-ne-vlorev\\\/\"},\"author\":{\"name\":\"i l\",\"@id\":\"https:\\\/\\\/kosovatimes.info\\\/#\\\/schema\\\/person\\\/7586712b9c512fe68085de007378c915\"},\"headline\":\"Shqip\u00ebri\u2013SHBA\u2013Greqi: Marr\u00ebveshje p\u00ebr hub-in energjetik n\u00eb Vlor\u00ebv\",\"datePublished\":\"2026-04-28T17:36:00+00:00\",\"dateModified\":\"2026-04-28T20:48:00+00:00\",\"mainEntityOfPage\":{\"@id\":\"https:\\\/\\\/kosovatimes.info\\\/index.php\\\/2026\\\/04\\\/28\\\/shqiperi-shba-greqi-marreveshje-per-hub-in-energjetik-ne-vlorev\\\/\"},\"wordCount\":402,\"commentCount\":0,\"image\":{\"@id\":\"https:\\\/\\\/kosovatimes.info\\\/index.php\\\/2026\\\/04\\\/28\\\/shqiperi-shba-greqi-marreveshje-per-hub-in-energjetik-ne-vlorev\\\/#primaryimage\"},\"thumbnailUrl\":\"https:\\\/\\\/kosovatimes.info\\\/wp-content\\\/uploads\\\/2026\\\/04\\\/Greqi-2.jpg\",\"articleSection\":[\"Lajme\",\"Rajon\"],\"inLanguage\":\"en-US\",\"potentialAction\":[{\"@type\":\"CommentAction\",\"name\":\"Comment\",\"target\":[\"https:\\\/\\\/kosovatimes.info\\\/index.php\\\/2026\\\/04\\\/28\\\/shqiperi-shba-greqi-marreveshje-per-hub-in-energjetik-ne-vlorev\\\/#respond\"]}]},{\"@type\":\"WebPage\",\"@id\":\"https:\\\/\\\/kosovatimes.info\\\/index.php\\\/2026\\\/04\\\/28\\\/shqiperi-shba-greqi-marreveshje-per-hub-in-energjetik-ne-vlorev\\\/\",\"url\":\"https:\\\/\\\/kosovatimes.info\\\/index.php\\\/2026\\\/04\\\/28\\\/shqiperi-shba-greqi-marreveshje-per-hub-in-energjetik-ne-vlorev\\\/\",\"name\":\"Shqip\u00ebri\u2013SHBA\u2013Greqi: Marr\u00ebveshje p\u00ebr hub-in energjetik n\u00eb Vlor\u00ebv - Kosova Times\",\"isPartOf\":{\"@id\":\"https:\\\/\\\/kosovatimes.info\\\/#website\"},\"primaryImageOfPage\":{\"@id\":\"https:\\\/\\\/kosovatimes.info\\\/index.php\\\/2026\\\/04\\\/28\\\/shqiperi-shba-greqi-marreveshje-per-hub-in-energjetik-ne-vlorev\\\/#primaryimage\"},\"image\":{\"@id\":\"https:\\\/\\\/kosovatimes.info\\\/index.php\\\/2026\\\/04\\\/28\\\/shqiperi-shba-greqi-marreveshje-per-hub-in-energjetik-ne-vlorev\\\/#primaryimage\"},\"thumbnailUrl\":\"https:\\\/\\\/kosovatimes.info\\\/wp-content\\\/uploads\\\/2026\\\/04\\\/Greqi-2.jpg\",\"datePublished\":\"2026-04-28T17:36:00+00:00\",\"dateModified\":\"2026-04-28T20:48:00+00:00\",\"author\":{\"@id\":\"https:\\\/\\\/kosovatimes.info\\\/#\\\/schema\\\/person\\\/7586712b9c512fe68085de007378c915\"},\"breadcrumb\":{\"@id\":\"https:\\\/\\\/kosovatimes.info\\\/index.php\\\/2026\\\/04\\\/28\\\/shqiperi-shba-greqi-marreveshje-per-hub-in-energjetik-ne-vlorev\\\/#breadcrumb\"},\"inLanguage\":\"en-US\",\"potentialAction\":[{\"@type\":\"ReadAction\",\"target\":[\"https:\\\/\\\/kosovatimes.info\\\/index.php\\\/2026\\\/04\\\/28\\\/shqiperi-shba-greqi-marreveshje-per-hub-in-energjetik-ne-vlorev\\\/\"]}]},{\"@type\":\"ImageObject\",\"inLanguage\":\"en-US\",\"@id\":\"https:\\\/\\\/kosovatimes.info\\\/index.php\\\/2026\\\/04\\\/28\\\/shqiperi-shba-greqi-marreveshje-per-hub-in-energjetik-ne-vlorev\\\/#primaryimage\",\"url\":\"https:\\\/\\\/kosovatimes.info\\\/wp-content\\\/uploads\\\/2026\\\/04\\\/Greqi-2.jpg\",\"contentUrl\":\"https:\\\/\\\/kosovatimes.info\\\/wp-content\\\/uploads\\\/2026\\\/04\\\/Greqi-2.jpg\",\"width\":780,\"height\":500},{\"@type\":\"BreadcrumbList\",\"@id\":\"https:\\\/\\\/kosovatimes.info\\\/index.php\\\/2026\\\/04\\\/28\\\/shqiperi-shba-greqi-marreveshje-per-hub-in-energjetik-ne-vlorev\\\/#breadcrumb\",\"itemListElement\":[{\"@type\":\"ListItem\",\"position\":1,\"name\":\"Home\",\"item\":\"https:\\\/\\\/kosovatimes.info\\\/\"},{\"@type\":\"ListItem\",\"position\":2,\"name\":\"Shqip\u00ebri\u2013SHBA\u2013Greqi: Marr\u00ebveshje p\u00ebr hub-in energjetik n\u00eb Vlor\u00ebv\"}]},{\"@type\":\"WebSite\",\"@id\":\"https:\\\/\\\/kosovatimes.info\\\/#website\",\"url\":\"https:\\\/\\\/kosovatimes.info\\\/\",\"name\":\"Kosova Times\",\"description\":\"\",\"potentialAction\":[{\"@type\":\"SearchAction\",\"target\":{\"@type\":\"EntryPoint\",\"urlTemplate\":\"https:\\\/\\\/kosovatimes.info\\\/?s={search_term_string}\"},\"query-input\":{\"@type\":\"PropertyValueSpecification\",\"valueRequired\":true,\"valueName\":\"search_term_string\"}}],\"inLanguage\":\"en-US\"},{\"@type\":\"Person\",\"@id\":\"https:\\\/\\\/kosovatimes.info\\\/#\\\/schema\\\/person\\\/7586712b9c512fe68085de007378c915\",\"name\":\"i l\",\"image\":{\"@type\":\"ImageObject\",\"inLanguage\":\"en-US\",\"@id\":\"https:\\\/\\\/secure.gravatar.com\\\/avatar\\\/bad9296e02816160ae2e2435beda58222022298d5625d49fea74d18816fbb31d?s=96&d=mm&r=g\",\"url\":\"https:\\\/\\\/secure.gravatar.com\\\/avatar\\\/bad9296e02816160ae2e2435beda58222022298d5625d49fea74d18816fbb31d?s=96&d=mm&r=g\",\"contentUrl\":\"https:\\\/\\\/secure.gravatar.com\\\/avatar\\\/bad9296e02816160ae2e2435beda58222022298d5625d49fea74d18816fbb31d?s=96&d=mm&r=g\",\"caption\":\"i l\"},\"url\":\"https:\\\/\\\/kosovatimes.info\\\/index.php\\\/author\\\/iliri\\\/\"}]}<\/script>\n<!-- \/ Yoast SEO plugin. -->","yoast_head_json":{"title":"Shqip\u00ebri\u2013SHBA\u2013Greqi: Marr\u00ebveshje p\u00ebr hub-in energjetik n\u00eb Vlor\u00ebv - Kosova Times","robots":{"index":"index","follow":"follow","max-snippet":"max-snippet:-1","max-image-preview":"max-image-preview:large","max-video-preview":"max-video-preview:-1"},"canonical":"https:\/\/kosovatimes.info\/index.php\/2026\/04\/28\/shqiperi-shba-greqi-marreveshje-per-hub-in-energjetik-ne-vlorev\/","og_locale":"en_US","og_type":"article","og_title":"Shqip\u00ebri\u2013SHBA\u2013Greqi: Marr\u00ebveshje p\u00ebr hub-in energjetik n\u00eb Vlor\u00ebv - Kosova Times","og_description":"Shqip\u00ebria ka firmosur sot Memorandumin p\u00ebr zhvillimin e hub-it energjetik t\u00eb Vlor\u00ebs dhe Marr\u00ebveshja kuad\u00ebr p\u00ebr furnizimin me gaz t\u00eb l\u00ebngsh\u00ebm natyror, si hapa t\u00eb r\u00ebnd\u00ebsish\u00ebm drejt diversifikimit t\u00eb burimeve t\u00eb energjis\u00eb dhe forcimit t\u00eb pavar\u00ebsis\u00eb energjetike, n\u00eb bashk\u00ebpunim t\u00eb ngusht\u00eb me Shtetet e Bashkuara, si edhe nd\u00ebrveprim konkret me Greqin\u00eb fqinje. Kryeministri shqiptar Edi [&hellip;]","og_url":"https:\/\/kosovatimes.info\/index.php\/2026\/04\/28\/shqiperi-shba-greqi-marreveshje-per-hub-in-energjetik-ne-vlorev\/","og_site_name":"Kosova Times","article_published_time":"2026-04-28T17:36:00+00:00","article_modified_time":"2026-04-28T20:48:00+00:00","og_image":[{"width":780,"height":500,"url":"https:\/\/kosovatimes.info\/wp-content\/uploads\/2026\/04\/Greqi-2.jpg","type":"image\/jpeg"}],"author":"i l","twitter_card":"summary_large_image","twitter_misc":{"Written by":"i l","Est. reading time":"2 minutes"},"schema":{"@context":"https:\/\/schema.org","@graph":[{"@type":"Article","@id":"https:\/\/kosovatimes.info\/index.php\/2026\/04\/28\/shqiperi-shba-greqi-marreveshje-per-hub-in-energjetik-ne-vlorev\/#article","isPartOf":{"@id":"https:\/\/kosovatimes.info\/index.php\/2026\/04\/28\/shqiperi-shba-greqi-marreveshje-per-hub-in-energjetik-ne-vlorev\/"},"author":{"name":"i l","@id":"https:\/\/kosovatimes.info\/#\/schema\/person\/7586712b9c512fe68085de007378c915"},"headline":"Shqip\u00ebri\u2013SHBA\u2013Greqi: Marr\u00ebveshje p\u00ebr hub-in energjetik n\u00eb Vlor\u00ebv","datePublished":"2026-04-28T17:36:00+00:00","dateModified":"2026-04-28T20:48:00+00:00","mainEntityOfPage":{"@id":"https:\/\/kosovatimes.info\/index.php\/2026\/04\/28\/shqiperi-shba-greqi-marreveshje-per-hub-in-energjetik-ne-vlorev\/"},"wordCount":402,"commentCount":0,"image":{"@id":"https:\/\/kosovatimes.info\/index.php\/2026\/04\/28\/shqiperi-shba-greqi-marreveshje-per-hub-in-energjetik-ne-vlorev\/#primaryimage"},"thumbnailUrl":"https:\/\/kosovatimes.info\/wp-content\/uploads\/2026\/04\/Greqi-2.jpg","articleSection":["Lajme","Rajon"],"inLanguage":"en-US","potentialAction":[{"@type":"CommentAction","name":"Comment","target":["https:\/\/kosovatimes.info\/index.php\/2026\/04\/28\/shqiperi-shba-greqi-marreveshje-per-hub-in-energjetik-ne-vlorev\/#respond"]}]},{"@type":"WebPage","@id":"https:\/\/kosovatimes.info\/index.php\/2026\/04\/28\/shqiperi-shba-greqi-marreveshje-per-hub-in-energjetik-ne-vlorev\/","url":"https:\/\/kosovatimes.info\/index.php\/2026\/04\/28\/shqiperi-shba-greqi-marreveshje-per-hub-in-energjetik-ne-vlorev\/","name":"Shqip\u00ebri\u2013SHBA\u2013Greqi: Marr\u00ebveshje p\u00ebr hub-in energjetik n\u00eb Vlor\u00ebv - Kosova Times","isPartOf":{"@id":"https:\/\/kosovatimes.info\/#website"},"primaryImageOfPage":{"@id":"https:\/\/kosovatimes.info\/index.php\/2026\/04\/28\/shqiperi-shba-greqi-marreveshje-per-hub-in-energjetik-ne-vlorev\/#primaryimage"},"image":{"@id":"https:\/\/kosovatimes.info\/index.php\/2026\/04\/28\/shqiperi-shba-greqi-marreveshje-per-hub-in-energjetik-ne-vlorev\/#primaryimage"},"thumbnailUrl":"https:\/\/kosovatimes.info\/wp-content\/uploads\/2026\/04\/Greqi-2.jpg","datePublished":"2026-04-28T17:36:00+00:00","dateModified":"2026-04-28T20:48:00+00:00","author":{"@id":"https:\/\/kosovatimes.info\/#\/schema\/person\/7586712b9c512fe68085de007378c915"},"breadcrumb":{"@id":"https:\/\/kosovatimes.info\/index.php\/2026\/04\/28\/shqiperi-shba-greqi-marreveshje-per-hub-in-energjetik-ne-vlorev\/#breadcrumb"},"inLanguage":"en-US","potentialAction":[{"@type":"ReadAction","target":["https:\/\/kosovatimes.info\/index.php\/2026\/04\/28\/shqiperi-shba-greqi-marreveshje-per-hub-in-energjetik-ne-vlorev\/"]}]},{"@type":"ImageObject","inLanguage":"en-US","@id":"https:\/\/kosovatimes.info\/index.php\/2026\/04\/28\/shqiperi-shba-greqi-marreveshje-per-hub-in-energjetik-ne-vlorev\/#primaryimage","url":"https:\/\/kosovatimes.info\/wp-content\/uploads\/2026\/04\/Greqi-2.jpg","contentUrl":"https:\/\/kosovatimes.info\/wp-content\/uploads\/2026\/04\/Greqi-2.jpg","width":780,"height":500},{"@type":"BreadcrumbList","@id":"https:\/\/kosovatimes.info\/index.php\/2026\/04\/28\/shqiperi-shba-greqi-marreveshje-per-hub-in-energjetik-ne-vlorev\/#breadcrumb","itemListElement":[{"@type":"ListItem","position":1,"name":"Home","item":"https:\/\/kosovatimes.info\/"},{"@type":"ListItem","position":2,"name":"Shqip\u00ebri\u2013SHBA\u2013Greqi: Marr\u00ebveshje p\u00ebr hub-in energjetik n\u00eb Vlor\u00ebv"}]},{"@type":"WebSite","@id":"https:\/\/kosovatimes.info\/#website","url":"https:\/\/kosovatimes.info\/","name":"Kosova Times","description":"","potentialAction":[{"@type":"SearchAction","target":{"@type":"EntryPoint","urlTemplate":"https:\/\/kosovatimes.info\/?s={search_term_string}"},"query-input":{"@type":"PropertyValueSpecification","valueRequired":true,"valueName":"search_term_string"}}],"inLanguage":"en-US"},{"@type":"Person","@id":"https:\/\/kosovatimes.info\/#\/schema\/person\/7586712b9c512fe68085de007378c915","name":"i l","image":{"@type":"ImageObject","inLanguage":"en-US","@id":"https:\/\/secure.gravatar.com\/avatar\/bad9296e02816160ae2e2435beda58222022298d5625d49fea74d18816fbb31d?s=96&d=mm&r=g","url":"https:\/\/secure.gravatar.com\/avatar\/bad9296e02816160ae2e2435beda58222022298d5625d49fea74d18816fbb31d?s=96&d=mm&r=g","contentUrl":"https:\/\/secure.gravatar.com\/avatar\/bad9296e02816160ae2e2435beda58222022298d5625d49fea74d18816fbb31d?s=96&d=mm&r=g","caption":"i l"},"url":"https:\/\/kosovatimes.info\/index.php\/author\/iliri\/"}]}},"_links":{"self":[{"href":"https:\/\/kosovatimes.info\/index.php\/wp-json\/wp\/v2\/posts\/12331","targetHints":{"allow":["GET"]}}],"collection":[{"href":"https:\/\/kosovatimes.info\/index.php\/wp-json\/wp\/v2\/posts"}],"about":[{"href":"https:\/\/kosovatimes.info\/index.php\/wp-json\/wp\/v2\/types\/post"}],"author":[{"embeddable":true,"href":"https:\/\/kosovatimes.info\/index.php\/wp-json\/wp\/v2\/users\/4"}],"replies":[{"embeddable":true,"href":"https:\/\/kosovatimes.info\/index.php\/wp-json\/wp\/v2\/comments?post=12331"}],"version-history":[{"count":1,"href":"https:\/\/kosovatimes.info\/index.php\/wp-json\/wp\/v2\/posts\/12331\/revisions"}],"predecessor-version":[{"id":12333,"href":"https:\/\/kosovatimes.info\/index.php\/wp-json\/wp\/v2\/posts\/12331\/revisions\/12333"}],"wp:featuredmedia":[{"embeddable":true,"href":"https:\/\/kosovatimes.info\/index.php\/wp-json\/wp\/v2\/media\/12332"}],"wp:attachment":[{"href":"https:\/\/kosovatimes.info\/index.php\/wp-json\/wp\/v2\/media?parent=12331"}],"wp:term":[{"taxonomy":"category","embeddable":true,"href":"https:\/\/kosovatimes.info\/index.php\/wp-json\/wp\/v2\/categories?post=12331"},{"taxonomy":"post_tag","embeddable":true,"href":"https:\/\/kosovatimes.info\/index.php\/wp-json\/wp\/v2\/tags?post=12331"}],"curies":[{"name":"wp","href":"https:\/\/api.w.org\/{rel}","templated":true}]}}