{"id":12334,"date":"2026-04-28T20:12:00","date_gmt":"2026-04-28T18:12:00","guid":{"rendered":"https:\/\/kosovatimes.info\/?p=12334"},"modified":"2026-04-28T22:50:17","modified_gmt":"2026-04-28T20:50:17","slug":"kurti-asnje-problem-nuk-kemi-me-asnje-kandidat-qe-e-sjelle-ldk","status":"publish","type":"post","link":"https:\/\/kosovatimes.info\/index.php\/2026\/04\/28\/kurti-asnje-problem-nuk-kemi-me-asnje-kandidat-qe-e-sjelle-ldk\/","title":{"rendered":"Kurti: Asnj\u00eb problem nuk kemi me asnj\u00eb kandidat q\u00eb e sjell\u00eb LDK"},"content":{"rendered":"\n<p><strong>Kryeministri i Kosov\u00ebs, Albin Kurti, n\u00eb nj\u00eb konferenc\u00eb p\u00ebr media, tha se asnj\u00eb problem ne nuk e kan\u00eb me asnj\u00eb kandidat q\u00eb e sjell\u00eb LDK.<\/strong><\/p>\n\n\n\n<p>\u201cAsnj\u00eb problem ne nuk kemi me asnj\u00eb kandidat q\u00eb na e sjell\u00eb LDK, vet\u00ebm le t\u00eb na i sjellin 15 n\u00ebnshkrime, por edhe 14 e 13, vet\u00ebm le ta i sjellin me dat\u00eb t\u00eb sotme dhe mandej kur t\u00eb vijn\u00eb ne ia plot\u00ebsojm\u00eb \u00e7ka i mungojn\u00eb. Vet\u00ebm n\u00eb kuti \u00ebsht\u00eb votimi i fsheht\u00eb, ne do t\u00eb ulemi prap\u00eb e t\u00eb bisedojm\u00eb, mir\u00ebpo ju duhet ta kuptoni q\u00eb un\u00eb nuk jam kurrfar\u00eb personi i cili shikon edhe brenda kutive. Un\u00eb nuk e kam ditur sa vota mbr\u00ebm\u00eb do t\u2019i kishte Feride Rushiti. Pra un\u00eb nuk mund ta di si do t\u00eb votojn\u00eb\u201d\u201d, tha Kurti.<\/p>\n\n\n\n<p><strong>Kurti: I ofrojm\u00eb LDK-s\u00eb edhe 15 n\u00ebnshkrime p\u00ebr kandidatin e tyre|VIDEO<\/strong><\/p>\n\n\n\n<p>(E p\u00ebrdit\u00ebsuar) Kryeministri i Kosov\u00ebs, Albin Kurti, n\u00eb nj\u00eb konferenc\u00eb p\u00ebr media, tha se me Hatixhe Hoxh\u00ebn&nbsp;ka biseduar me rast ajo \u00ebsht\u00eb dakorduar q\u00eb t\u00eb t\u00ebrhiqet nga kandidatura, n\u00ebse LDK i sjell\u00eb 15 n\u00ebnshkrime.<\/p>\n\n\n\n<p>\u201cShum\u00eb&nbsp; jam p\u00ebrballur me pyetjet tuaja lidhur me at\u00eb list\u00ebn e LDK-s\u00eb me 15 n\u00ebnshkrime e cila kishte dat\u00ebn e pardjeshmit mbr\u00ebm\u00eb, por nuk kishte em\u00ebr sip\u00ebr se p\u00ebr k\u00eb jan\u00eb ato 15 n\u00ebnshkrime. Pasi p\u00ebrfundoi edhe ky vazhdim i nj\u00eb seanc\u00eb q\u00eb nuk po p\u00ebrfundon e do t\u00eb vazhdoj\u00eb n\u00eb ora 23:00 un\u00eb kam komunikuar menj\u00ebher\u00eb me kandidaten, profesoresh\u00ebn Hatixhe Hoxha dhe kam biseduar me t\u00eb me rast ajo \u00ebsht\u00eb dakorduar q\u00eb t\u00eb t\u00ebrhiqet nga kandidatura, n\u00ebse LDK i sjell\u00eb 15 n\u00ebnshkrime p\u00ebr kandidatin e saj kushdo q\u00eb \u00ebsht\u00eb, me at\u00eb rast LVV i plot\u00ebson edhe 15 n\u00ebnshkrime t\u00eb tjera nga mazhoranca meq\u00eb lirohen ato n\u00ebnshkrime me t\u00ebrheqjen e e Hatixhe Hoxh\u00ebs, dhe n\u00eb k\u00ebt\u00eb m\u00ebnyr\u00eb do ta kishim nj\u00eb kandidat nga shoq\u00ebria civile dhe nj\u00eb nga LDK dhe sonte le ta zgjedhim presidenten apo presidentin e ri t\u00eb Kosov\u00ebs\u201d, tha Kurti.<\/p>\n\n\n\n<p>Ai tha se LDK-ja mund ta gjej\u00eb at\u00eb n\u00eb zyr\u00ebn e Grupit Parlamentar p\u00ebr t\u2019ia \u00e7uar 15 n\u00ebnshkrimet e LDK-s\u00eb.<\/p>\n\n\n\n<p>\u201cHatixhe Hoxha ka shprehur gatishm\u00ebrin\u00eb dhe un\u00eb jam mir\u00ebnjoh\u00ebs dhe e fal\u00ebnderoj p\u00ebr qasjen e saj q\u00eb t\u00eb t\u00ebrhiqet n\u00ebse na vijn\u00eb k\u00ebto 15 n\u00ebnshkrime nga LDK me emrin e kandidatin dhe me dat\u00ebn e sotme. K\u00ebrkoj q\u00eb edhe data t\u00eb jet\u00eb sot, jo me ndonj\u00eb dat\u00eb tjet\u00ebr, pardje, por sot. Mund t\u00eb mos i ken\u00eb 15 n\u00ebnshkrime, ndoshta i kan\u00eb 14, por n\u00ebse nuk i kan\u00eb 14, ndoshta i kan\u00eb 13. 14&nbsp; 13 sa t\u2019i ken\u00eb le t\u00eb mi bijn\u00eb. Un\u00eb i marr\u00eb ato edhe \u00e7ka mungojn\u00eb i plot\u00ebsoj, ve\u00e7 le t\u00eb na sjellin kandidatin e tyre LDK ne ia plot\u00ebsojm\u00eb \u00e7ka i mungojn\u00eb\u201d\u201d, tha Kurti.<\/p>\n\n\n\n<p><strong>Kurti: Feride Rushiti i ka votat p\u00ebr presidente| VIDEO<\/strong><\/p>\n\n\n\n<p>(E p\u00ebrdit\u00ebsuar) Kryeministri i Kosov\u00ebs, Albin Kurti, n\u00eb nj\u00eb konferenc\u00eb p\u00ebr media, tha se Feride Rushiti i ka votat p\u00ebr presidente.<\/p>\n\n\n\n<p>\u201cNata e mbr\u00ebmshme d\u00ebshmoi q\u00eb Republika e Kosov\u00ebs mund t\u00eb ket\u00eb presidente t\u00eb re, ajo \u00ebsht\u00eb doktorja Feride Rushiti, meqen\u00ebse n\u00eb kuti me votim t\u00eb fsheht\u00eb i kishte 63 vota. 63 vota n\u00eb nj\u00eb kuvend me 120 deputet\u00eb, \u00ebsht\u00eb shumica. Pra, Feride Rushiti i ka votat p\u00ebr presidente, ajo \u00e7far\u00eb nuk \u00ebsht\u00eb kuorumi n\u00eb Kuvend, Kuvendi nuk po ka kuorum nd\u00ebrkaq Feride Rushiti i ka votat, Mos harroi q\u00eb 63 vota t\u00eb fshehta jan\u00eb m\u00eb shum\u00eb se votat e qeveris\u00eb \u2018Tha\u00e7i 2 dhe m\u00eb shum\u00eb se qeveria e PAN-it me Haradinajn kryeminist\u00ebr. Plus jan\u00eb vota nga votimi i fsheht\u00eb q\u00eb jan\u00eb vota m\u00eb t\u00eb v\u00ebshtira se sa ato me votim t\u00eb hapur. Pra, Feride Rushiti i ka votat p\u00ebr presidente, ajo \u00e7far\u00eb nuk kemi \u00ebsht\u00eb kuorumi n\u00eb kuvend, jo p\u00ebr fajin e mazhoranc\u00ebs, p\u00ebr fajin e partive opozitare. Dhe beso t\u00eb gjith\u00eb e keni v\u00ebrejtur q\u00eb kat\u00ebr parti&nbsp; mungojn\u00eb n\u00eb Kuvend. PDK, LDK, AAK e Lista Serbe.<\/p>\n\n\n\n<p><strong>LIVE| Kurti: Moszgjedhja e presidentit na shpie n\u00eb zgjedhje t\u00eb reja<\/strong><\/p>\n\n\n\n<p>Kryeministri i Kosov\u00ebs, Albin Kurti, n\u00eb nj\u00eb konferenc\u00eb p\u00ebr media, tha se kandidatja p\u00ebr presidente Feride Rushiti i ka votat n\u00eb Kuvend, por nuk ka kuorum n\u00eb Kuvend.<\/p>\n\n\n\n<p>\u201cLVV dhe un\u00eb si kryetar i saj kemi b\u00ebr\u00eb nj\u00eb mori ofertash mir\u00ebpo deri&nbsp; m\u00eb sot t\u00eb gjitha propozimet tona kan\u00eb hasur vet\u00ebm n\u00eb refuzimet e tyre, nga ana tjet\u00ebr nuk kemi pasur asnj\u00eb propozim nga pala tjet\u00ebr se si t\u00eb dalim nga ky ng\u00ebr\u00e7 nga jo kriz\u00eb. Ne nj\u00ebmend kemi fituar 51.1 p\u00ebr qind t\u00eb votave t\u00eb qytetar\u00ebve, LVV me partner\u00ebt e saj nj\u00ebmend i ka 57 deputet\u00eb, nj\u00ebmend mazhoranca i ka 66 deputet\u00eb edhe me pakicat, mir\u00ebpo p\u00ebrgjegj\u00ebsi ap\u00eb r t\u2019i dh\u00ebn\u00eb republik\u00ebs s\u00eb Kosov\u00ebs institucionet e saj t\u00eb plota, nuk \u00ebsht\u00eb vet\u00ebm e fituesit, nuk \u00ebsht\u00eb vet\u00ebm e mazhoranc\u00ebs. Edhe p\u00ebr opozit\u00ebn ka p\u00ebrgjegj\u00ebsi n\u00eb konstituimin e institucioneve n\u00eb p\u00ebrmbushjen e \u00eb gjitha p\u00ebrgjegj\u00ebsive tona si pjes\u00ebmarr\u00ebs e vendimmarr\u00ebs, si p\u00ebrfaq\u00ebsues qytetar\u00eb. Andaj kemi b\u00ebr\u00eb thirrje, kemi b\u00ebr\u00eb propozime, kemi k\u00ebrkuar takime , mir\u00ebpo nuk kan\u00eb qen\u00eb t\u00eb suksesshme deri m\u00eb tani, asnj\u00ebra p\u00ebr fajin e LVV dhe mazhoranc\u00ebs, q\u00eb t\u00eb gjitha p\u00ebr shkak se propozimeve tona i jan\u00eb p\u00ebrgjigjur me refuzime\u201d, tha Kurti.<\/p>\n","protected":false},"excerpt":{"rendered":"<p>Kryeministri i Kosov\u00ebs, Albin Kurti, n\u00eb nj\u00eb konferenc\u00eb p\u00ebr media, tha se asnj\u00eb problem ne nuk e kan\u00eb me asnj\u00eb kandidat q\u00eb e sjell\u00eb LDK. \u201cAsnj\u00eb problem ne nuk kemi me asnj\u00eb kandidat q\u00eb na e sjell\u00eb LDK, vet\u00ebm le t\u00eb na i sjellin 15 n\u00ebnshkrime, por edhe 14 e 13, vet\u00ebm le ta i [&hellip;]<\/p>\n","protected":false},"author":4,"featured_media":12336,"comment_status":"open","ping_status":"open","sticky":true,"template":"","format":"standard","meta":{"footnotes":""},"categories":[31,30],"tags":[],"class_list":{"0":"post-12334","1":"post","2":"type-post","3":"status-publish","4":"format-standard","5":"has-post-thumbnail","7":"category-kosove","8":"category-lajme"},"yoast_head":"<!-- This site is optimized with the Yoast SEO plugin v27.4 - https:\/\/yoast.com\/product\/yoast-seo-wordpress\/ -->\n<title>Kurti: Asnj\u00eb problem nuk kemi me asnj\u00eb kandidat q\u00eb e sjell\u00eb LDK - Kosova Times<\/title>\n<meta name=\"robots\" content=\"index, follow, max-snippet:-1, max-image-preview:large, max-video-preview:-1\" \/>\n<link rel=\"canonical\" href=\"https:\/\/kosovatimes.info\/index.php\/2026\/04\/28\/kurti-asnje-problem-nuk-kemi-me-asnje-kandidat-qe-e-sjelle-ldk\/\" \/>\n<meta property=\"og:locale\" content=\"en_US\" \/>\n<meta property=\"og:type\" content=\"article\" \/>\n<meta property=\"og:title\" content=\"Kurti: Asnj\u00eb problem nuk kemi me asnj\u00eb kandidat q\u00eb e sjell\u00eb LDK - Kosova Times\" \/>\n<meta property=\"og:description\" content=\"Kryeministri i Kosov\u00ebs, Albin Kurti, n\u00eb nj\u00eb konferenc\u00eb p\u00ebr media, tha se asnj\u00eb problem ne nuk e kan\u00eb me asnj\u00eb kandidat q\u00eb e sjell\u00eb LDK. \u201cAsnj\u00eb problem ne nuk kemi me asnj\u00eb kandidat q\u00eb na e sjell\u00eb LDK, vet\u00ebm le t\u00eb na i sjellin 15 n\u00ebnshkrime, por edhe 14 e 13, vet\u00ebm le ta i [&hellip;]\" \/>\n<meta property=\"og:url\" content=\"https:\/\/kosovatimes.info\/index.php\/2026\/04\/28\/kurti-asnje-problem-nuk-kemi-me-asnje-kandidat-qe-e-sjelle-ldk\/\" \/>\n<meta property=\"og:site_name\" content=\"Kosova Times\" \/>\n<meta property=\"article:published_time\" content=\"2026-04-28T18:12:00+00:00\" \/>\n<meta property=\"article:modified_time\" content=\"2026-04-28T20:50:17+00:00\" \/>\n<meta property=\"og:image\" content=\"https:\/\/kosovatimes.info\/wp-content\/uploads\/2026\/04\/Albin-15.jpg\" \/>\n\t<meta property=\"og:image:width\" content=\"780\" \/>\n\t<meta property=\"og:image:height\" content=\"500\" \/>\n\t<meta property=\"og:image:type\" content=\"image\/jpeg\" \/>\n<meta name=\"author\" content=\"i l\" \/>\n<meta name=\"twitter:card\" content=\"summary_large_image\" \/>\n<meta name=\"twitter:label1\" content=\"Written by\" \/>\n\t<meta name=\"twitter:data1\" content=\"i l\" \/>\n\t<meta name=\"twitter:label2\" content=\"Est. reading time\" \/>\n\t<meta name=\"twitter:data2\" content=\"4 minutes\" \/>\n<script type=\"application\/ld+json\" class=\"yoast-schema-graph\">{\"@context\":\"https:\\\/\\\/schema.org\",\"@graph\":[{\"@type\":\"Article\",\"@id\":\"https:\\\/\\\/kosovatimes.info\\\/index.php\\\/2026\\\/04\\\/28\\\/kurti-asnje-problem-nuk-kemi-me-asnje-kandidat-qe-e-sjelle-ldk\\\/#article\",\"isPartOf\":{\"@id\":\"https:\\\/\\\/kosovatimes.info\\\/index.php\\\/2026\\\/04\\\/28\\\/kurti-asnje-problem-nuk-kemi-me-asnje-kandidat-qe-e-sjelle-ldk\\\/\"},\"author\":{\"name\":\"i l\",\"@id\":\"https:\\\/\\\/kosovatimes.info\\\/#\\\/schema\\\/person\\\/7586712b9c512fe68085de007378c915\"},\"headline\":\"Kurti: Asnj\u00eb problem nuk kemi me asnj\u00eb kandidat q\u00eb e sjell\u00eb LDK\",\"datePublished\":\"2026-04-28T18:12:00+00:00\",\"dateModified\":\"2026-04-28T20:50:17+00:00\",\"mainEntityOfPage\":{\"@id\":\"https:\\\/\\\/kosovatimes.info\\\/index.php\\\/2026\\\/04\\\/28\\\/kurti-asnje-problem-nuk-kemi-me-asnje-kandidat-qe-e-sjelle-ldk\\\/\"},\"wordCount\":961,\"commentCount\":0,\"image\":{\"@id\":\"https:\\\/\\\/kosovatimes.info\\\/index.php\\\/2026\\\/04\\\/28\\\/kurti-asnje-problem-nuk-kemi-me-asnje-kandidat-qe-e-sjelle-ldk\\\/#primaryimage\"},\"thumbnailUrl\":\"https:\\\/\\\/kosovatimes.info\\\/wp-content\\\/uploads\\\/2026\\\/04\\\/Albin-15.jpg\",\"articleSection\":[\"Kosov\u00eb\",\"Lajme\"],\"inLanguage\":\"en-US\",\"potentialAction\":[{\"@type\":\"CommentAction\",\"name\":\"Comment\",\"target\":[\"https:\\\/\\\/kosovatimes.info\\\/index.php\\\/2026\\\/04\\\/28\\\/kurti-asnje-problem-nuk-kemi-me-asnje-kandidat-qe-e-sjelle-ldk\\\/#respond\"]}]},{\"@type\":\"WebPage\",\"@id\":\"https:\\\/\\\/kosovatimes.info\\\/index.php\\\/2026\\\/04\\\/28\\\/kurti-asnje-problem-nuk-kemi-me-asnje-kandidat-qe-e-sjelle-ldk\\\/\",\"url\":\"https:\\\/\\\/kosovatimes.info\\\/index.php\\\/2026\\\/04\\\/28\\\/kurti-asnje-problem-nuk-kemi-me-asnje-kandidat-qe-e-sjelle-ldk\\\/\",\"name\":\"Kurti: Asnj\u00eb problem nuk kemi me asnj\u00eb kandidat q\u00eb e sjell\u00eb LDK - Kosova Times\",\"isPartOf\":{\"@id\":\"https:\\\/\\\/kosovatimes.info\\\/#website\"},\"primaryImageOfPage\":{\"@id\":\"https:\\\/\\\/kosovatimes.info\\\/index.php\\\/2026\\\/04\\\/28\\\/kurti-asnje-problem-nuk-kemi-me-asnje-kandidat-qe-e-sjelle-ldk\\\/#primaryimage\"},\"image\":{\"@id\":\"https:\\\/\\\/kosovatimes.info\\\/index.php\\\/2026\\\/04\\\/28\\\/kurti-asnje-problem-nuk-kemi-me-asnje-kandidat-qe-e-sjelle-ldk\\\/#primaryimage\"},\"thumbnailUrl\":\"https:\\\/\\\/kosovatimes.info\\\/wp-content\\\/uploads\\\/2026\\\/04\\\/Albin-15.jpg\",\"datePublished\":\"2026-04-28T18:12:00+00:00\",\"dateModified\":\"2026-04-28T20:50:17+00:00\",\"author\":{\"@id\":\"https:\\\/\\\/kosovatimes.info\\\/#\\\/schema\\\/person\\\/7586712b9c512fe68085de007378c915\"},\"breadcrumb\":{\"@id\":\"https:\\\/\\\/kosovatimes.info\\\/index.php\\\/2026\\\/04\\\/28\\\/kurti-asnje-problem-nuk-kemi-me-asnje-kandidat-qe-e-sjelle-ldk\\\/#breadcrumb\"},\"inLanguage\":\"en-US\",\"potentialAction\":[{\"@type\":\"ReadAction\",\"target\":[\"https:\\\/\\\/kosovatimes.info\\\/index.php\\\/2026\\\/04\\\/28\\\/kurti-asnje-problem-nuk-kemi-me-asnje-kandidat-qe-e-sjelle-ldk\\\/\"]}]},{\"@type\":\"ImageObject\",\"inLanguage\":\"en-US\",\"@id\":\"https:\\\/\\\/kosovatimes.info\\\/index.php\\\/2026\\\/04\\\/28\\\/kurti-asnje-problem-nuk-kemi-me-asnje-kandidat-qe-e-sjelle-ldk\\\/#primaryimage\",\"url\":\"https:\\\/\\\/kosovatimes.info\\\/wp-content\\\/uploads\\\/2026\\\/04\\\/Albin-15.jpg\",\"contentUrl\":\"https:\\\/\\\/kosovatimes.info\\\/wp-content\\\/uploads\\\/2026\\\/04\\\/Albin-15.jpg\",\"width\":780,\"height\":500},{\"@type\":\"BreadcrumbList\",\"@id\":\"https:\\\/\\\/kosovatimes.info\\\/index.php\\\/2026\\\/04\\\/28\\\/kurti-asnje-problem-nuk-kemi-me-asnje-kandidat-qe-e-sjelle-ldk\\\/#breadcrumb\",\"itemListElement\":[{\"@type\":\"ListItem\",\"position\":1,\"name\":\"Home\",\"item\":\"https:\\\/\\\/kosovatimes.info\\\/\"},{\"@type\":\"ListItem\",\"position\":2,\"name\":\"Kurti: Asnj\u00eb problem nuk kemi me asnj\u00eb kandidat q\u00eb e sjell\u00eb LDK\"}]},{\"@type\":\"WebSite\",\"@id\":\"https:\\\/\\\/kosovatimes.info\\\/#website\",\"url\":\"https:\\\/\\\/kosovatimes.info\\\/\",\"name\":\"Kosova Times\",\"description\":\"\",\"potentialAction\":[{\"@type\":\"SearchAction\",\"target\":{\"@type\":\"EntryPoint\",\"urlTemplate\":\"https:\\\/\\\/kosovatimes.info\\\/?s={search_term_string}\"},\"query-input\":{\"@type\":\"PropertyValueSpecification\",\"valueRequired\":true,\"valueName\":\"search_term_string\"}}],\"inLanguage\":\"en-US\"},{\"@type\":\"Person\",\"@id\":\"https:\\\/\\\/kosovatimes.info\\\/#\\\/schema\\\/person\\\/7586712b9c512fe68085de007378c915\",\"name\":\"i l\",\"image\":{\"@type\":\"ImageObject\",\"inLanguage\":\"en-US\",\"@id\":\"https:\\\/\\\/secure.gravatar.com\\\/avatar\\\/bad9296e02816160ae2e2435beda58222022298d5625d49fea74d18816fbb31d?s=96&d=mm&r=g\",\"url\":\"https:\\\/\\\/secure.gravatar.com\\\/avatar\\\/bad9296e02816160ae2e2435beda58222022298d5625d49fea74d18816fbb31d?s=96&d=mm&r=g\",\"contentUrl\":\"https:\\\/\\\/secure.gravatar.com\\\/avatar\\\/bad9296e02816160ae2e2435beda58222022298d5625d49fea74d18816fbb31d?s=96&d=mm&r=g\",\"caption\":\"i l\"},\"url\":\"https:\\\/\\\/kosovatimes.info\\\/index.php\\\/author\\\/iliri\\\/\"}]}<\/script>\n<!-- \/ Yoast SEO plugin. -->","yoast_head_json":{"title":"Kurti: Asnj\u00eb problem nuk kemi me asnj\u00eb kandidat q\u00eb e sjell\u00eb LDK - Kosova Times","robots":{"index":"index","follow":"follow","max-snippet":"max-snippet:-1","max-image-preview":"max-image-preview:large","max-video-preview":"max-video-preview:-1"},"canonical":"https:\/\/kosovatimes.info\/index.php\/2026\/04\/28\/kurti-asnje-problem-nuk-kemi-me-asnje-kandidat-qe-e-sjelle-ldk\/","og_locale":"en_US","og_type":"article","og_title":"Kurti: Asnj\u00eb problem nuk kemi me asnj\u00eb kandidat q\u00eb e sjell\u00eb LDK - Kosova Times","og_description":"Kryeministri i Kosov\u00ebs, Albin Kurti, n\u00eb nj\u00eb konferenc\u00eb p\u00ebr media, tha se asnj\u00eb problem ne nuk e kan\u00eb me asnj\u00eb kandidat q\u00eb e sjell\u00eb LDK. \u201cAsnj\u00eb problem ne nuk kemi me asnj\u00eb kandidat q\u00eb na e sjell\u00eb LDK, vet\u00ebm le t\u00eb na i sjellin 15 n\u00ebnshkrime, por edhe 14 e 13, vet\u00ebm le ta i [&hellip;]","og_url":"https:\/\/kosovatimes.info\/index.php\/2026\/04\/28\/kurti-asnje-problem-nuk-kemi-me-asnje-kandidat-qe-e-sjelle-ldk\/","og_site_name":"Kosova Times","article_published_time":"2026-04-28T18:12:00+00:00","article_modified_time":"2026-04-28T20:50:17+00:00","og_image":[{"width":780,"height":500,"url":"https:\/\/kosovatimes.info\/wp-content\/uploads\/2026\/04\/Albin-15.jpg","type":"image\/jpeg"}],"author":"i l","twitter_card":"summary_large_image","twitter_misc":{"Written by":"i l","Est. reading time":"4 minutes"},"schema":{"@context":"https:\/\/schema.org","@graph":[{"@type":"Article","@id":"https:\/\/kosovatimes.info\/index.php\/2026\/04\/28\/kurti-asnje-problem-nuk-kemi-me-asnje-kandidat-qe-e-sjelle-ldk\/#article","isPartOf":{"@id":"https:\/\/kosovatimes.info\/index.php\/2026\/04\/28\/kurti-asnje-problem-nuk-kemi-me-asnje-kandidat-qe-e-sjelle-ldk\/"},"author":{"name":"i l","@id":"https:\/\/kosovatimes.info\/#\/schema\/person\/7586712b9c512fe68085de007378c915"},"headline":"Kurti: Asnj\u00eb problem nuk kemi me asnj\u00eb kandidat q\u00eb e sjell\u00eb LDK","datePublished":"2026-04-28T18:12:00+00:00","dateModified":"2026-04-28T20:50:17+00:00","mainEntityOfPage":{"@id":"https:\/\/kosovatimes.info\/index.php\/2026\/04\/28\/kurti-asnje-problem-nuk-kemi-me-asnje-kandidat-qe-e-sjelle-ldk\/"},"wordCount":961,"commentCount":0,"image":{"@id":"https:\/\/kosovatimes.info\/index.php\/2026\/04\/28\/kurti-asnje-problem-nuk-kemi-me-asnje-kandidat-qe-e-sjelle-ldk\/#primaryimage"},"thumbnailUrl":"https:\/\/kosovatimes.info\/wp-content\/uploads\/2026\/04\/Albin-15.jpg","articleSection":["Kosov\u00eb","Lajme"],"inLanguage":"en-US","potentialAction":[{"@type":"CommentAction","name":"Comment","target":["https:\/\/kosovatimes.info\/index.php\/2026\/04\/28\/kurti-asnje-problem-nuk-kemi-me-asnje-kandidat-qe-e-sjelle-ldk\/#respond"]}]},{"@type":"WebPage","@id":"https:\/\/kosovatimes.info\/index.php\/2026\/04\/28\/kurti-asnje-problem-nuk-kemi-me-asnje-kandidat-qe-e-sjelle-ldk\/","url":"https:\/\/kosovatimes.info\/index.php\/2026\/04\/28\/kurti-asnje-problem-nuk-kemi-me-asnje-kandidat-qe-e-sjelle-ldk\/","name":"Kurti: Asnj\u00eb problem nuk kemi me asnj\u00eb kandidat q\u00eb e sjell\u00eb LDK - Kosova Times","isPartOf":{"@id":"https:\/\/kosovatimes.info\/#website"},"primaryImageOfPage":{"@id":"https:\/\/kosovatimes.info\/index.php\/2026\/04\/28\/kurti-asnje-problem-nuk-kemi-me-asnje-kandidat-qe-e-sjelle-ldk\/#primaryimage"},"image":{"@id":"https:\/\/kosovatimes.info\/index.php\/2026\/04\/28\/kurti-asnje-problem-nuk-kemi-me-asnje-kandidat-qe-e-sjelle-ldk\/#primaryimage"},"thumbnailUrl":"https:\/\/kosovatimes.info\/wp-content\/uploads\/2026\/04\/Albin-15.jpg","datePublished":"2026-04-28T18:12:00+00:00","dateModified":"2026-04-28T20:50:17+00:00","author":{"@id":"https:\/\/kosovatimes.info\/#\/schema\/person\/7586712b9c512fe68085de007378c915"},"breadcrumb":{"@id":"https:\/\/kosovatimes.info\/index.php\/2026\/04\/28\/kurti-asnje-problem-nuk-kemi-me-asnje-kandidat-qe-e-sjelle-ldk\/#breadcrumb"},"inLanguage":"en-US","potentialAction":[{"@type":"ReadAction","target":["https:\/\/kosovatimes.info\/index.php\/2026\/04\/28\/kurti-asnje-problem-nuk-kemi-me-asnje-kandidat-qe-e-sjelle-ldk\/"]}]},{"@type":"ImageObject","inLanguage":"en-US","@id":"https:\/\/kosovatimes.info\/index.php\/2026\/04\/28\/kurti-asnje-problem-nuk-kemi-me-asnje-kandidat-qe-e-sjelle-ldk\/#primaryimage","url":"https:\/\/kosovatimes.info\/wp-content\/uploads\/2026\/04\/Albin-15.jpg","contentUrl":"https:\/\/kosovatimes.info\/wp-content\/uploads\/2026\/04\/Albin-15.jpg","width":780,"height":500},{"@type":"BreadcrumbList","@id":"https:\/\/kosovatimes.info\/index.php\/2026\/04\/28\/kurti-asnje-problem-nuk-kemi-me-asnje-kandidat-qe-e-sjelle-ldk\/#breadcrumb","itemListElement":[{"@type":"ListItem","position":1,"name":"Home","item":"https:\/\/kosovatimes.info\/"},{"@type":"ListItem","position":2,"name":"Kurti: Asnj\u00eb problem nuk kemi me asnj\u00eb kandidat q\u00eb e sjell\u00eb LDK"}]},{"@type":"WebSite","@id":"https:\/\/kosovatimes.info\/#website","url":"https:\/\/kosovatimes.info\/","name":"Kosova Times","description":"","potentialAction":[{"@type":"SearchAction","target":{"@type":"EntryPoint","urlTemplate":"https:\/\/kosovatimes.info\/?s={search_term_string}"},"query-input":{"@type":"PropertyValueSpecification","valueRequired":true,"valueName":"search_term_string"}}],"inLanguage":"en-US"},{"@type":"Person","@id":"https:\/\/kosovatimes.info\/#\/schema\/person\/7586712b9c512fe68085de007378c915","name":"i l","image":{"@type":"ImageObject","inLanguage":"en-US","@id":"https:\/\/secure.gravatar.com\/avatar\/bad9296e02816160ae2e2435beda58222022298d5625d49fea74d18816fbb31d?s=96&d=mm&r=g","url":"https:\/\/secure.gravatar.com\/avatar\/bad9296e02816160ae2e2435beda58222022298d5625d49fea74d18816fbb31d?s=96&d=mm&r=g","contentUrl":"https:\/\/secure.gravatar.com\/avatar\/bad9296e02816160ae2e2435beda58222022298d5625d49fea74d18816fbb31d?s=96&d=mm&r=g","caption":"i l"},"url":"https:\/\/kosovatimes.info\/index.php\/author\/iliri\/"}]}},"_links":{"self":[{"href":"https:\/\/kosovatimes.info\/index.php\/wp-json\/wp\/v2\/posts\/12334","targetHints":{"allow":["GET"]}}],"collection":[{"href":"https:\/\/kosovatimes.info\/index.php\/wp-json\/wp\/v2\/posts"}],"about":[{"href":"https:\/\/kosovatimes.info\/index.php\/wp-json\/wp\/v2\/types\/post"}],"author":[{"embeddable":true,"href":"https:\/\/kosovatimes.info\/index.php\/wp-json\/wp\/v2\/users\/4"}],"replies":[{"embeddable":true,"href":"https:\/\/kosovatimes.info\/index.php\/wp-json\/wp\/v2\/comments?post=12334"}],"version-history":[{"count":1,"href":"https:\/\/kosovatimes.info\/index.php\/wp-json\/wp\/v2\/posts\/12334\/revisions"}],"predecessor-version":[{"id":12335,"href":"https:\/\/kosovatimes.info\/index.php\/wp-json\/wp\/v2\/posts\/12334\/revisions\/12335"}],"wp:featuredmedia":[{"embeddable":true,"href":"https:\/\/kosovatimes.info\/index.php\/wp-json\/wp\/v2\/media\/12336"}],"wp:attachment":[{"href":"https:\/\/kosovatimes.info\/index.php\/wp-json\/wp\/v2\/media?parent=12334"}],"wp:term":[{"taxonomy":"category","embeddable":true,"href":"https:\/\/kosovatimes.info\/index.php\/wp-json\/wp\/v2\/categories?post=12334"},{"taxonomy":"post_tag","embeddable":true,"href":"https:\/\/kosovatimes.info\/index.php\/wp-json\/wp\/v2\/tags?post=12334"}],"curies":[{"name":"wp","href":"https:\/\/api.w.org\/{rel}","templated":true}]}}