{"id":12346,"date":"2026-04-28T21:21:00","date_gmt":"2026-04-28T19:21:00","guid":{"rendered":"https:\/\/kosovatimes.info\/?p=12346"},"modified":"2026-04-28T22:57:41","modified_gmt":"2026-04-28T20:57:41","slug":"rama-kosova-nuk-i-perket-nje-levizjeje-nje-lideri-apo-nje-narrative","status":"publish","type":"post","link":"https:\/\/kosovatimes.info\/index.php\/2026\/04\/28\/rama-kosova-nuk-i-perket-nje-levizjeje-nje-lideri-apo-nje-narrative\/","title":{"rendered":"Rama: Kosova nuk i p\u00ebrket nj\u00eb l\u00ebvizjeje, nj\u00eb lideri apo nj\u00eb narrative"},"content":{"rendered":"\n<p><strong>Kryetari i Komun\u00ebs s\u00eb Prishtin\u00ebs, P\u00ebrparim Rama, ka reaguar lidhur me situat\u00ebn politike n\u00eb vend dhe zhvillimet n\u00eb Kuvendin e Kosov\u00ebs, duke shprehur shqet\u00ebsim p\u00ebr m\u00ebnyr\u00ebn e ushtrimit t\u00eb pushtetit dhe funksionimin e institucioneve demokratike.<\/strong><\/p>\n\n\n\n<p>Ai ka th\u00ebn\u00eb se Kosova nuk i p\u00ebrket nj\u00eb force t\u00eb vetme politike apo nj\u00eb lideri t\u00eb vet\u00ebm.<\/p>\n\n\n\n<p>\u201cKosova nuk i p\u00ebrket nj\u00eb l\u00ebvizjeje, nj\u00eb lideri apo nj\u00eb narrative t\u00eb vetme. Ajo u p\u00ebrket qytetar\u00ebve t\u00eb saj,\u201d ka th\u00ebn\u00eb Rama.<\/p>\n\n\n\n<p>Duke komentuar situat\u00ebn n\u00eb Kuvend, ai ka vler\u00ebsuar se ajo \u00ebsht\u00eb shqet\u00ebsuese dhe tregon, sipas tij, p\u00ebr p\u00ebrqendrim t\u00eb rreziksh\u00ebm t\u00eb pushtetit.<\/p>\n\n\n\n<p>\u201cSituata q\u00eb po zhvillohet n\u00eb Kuvendin e Kosov\u00ebs \u00ebsht\u00eb thell\u00ebsisht shqet\u00ebsuese dhe pasqyron nj\u00eb p\u00ebrqendrim t\u00eb rreziksh\u00ebm t\u00eb pushtetit, q\u00eb minon vet\u00eb themelet e republik\u00ebs son\u00eb demokratike,\u201d ka deklaruar ai.<\/p>\n\n\n\n<p>Rama ka shtuar se ajo q\u00eb po ndodh nuk p\u00ebrfaq\u00ebson nj\u00eb qeverisje t\u00eb sh\u00ebndetshme.<\/p>\n\n\n\n<p>\u201cAjo q\u00eb po shohim nuk \u00ebsht\u00eb qeverisje e sh\u00ebndetshme, por nj\u00eb model alarmues kontrolli, p\u00ebrjashtimi dhe kapjeje t\u00eb institucioneve,\u201d ka th\u00ebn\u00eb ai.<\/p>\n\n\n\n<p>Ai ka theksuar se Kosova \u00ebsht\u00eb nd\u00ebrtuar mbi parime demokratike dhe se asnj\u00eb parti nuk duhet t\u2019i tejkaloj\u00eb ato.<\/p>\n\n\n\n<p>\u201cKosova \u00ebsht\u00eb nd\u00ebrtuar mbi parimet e pluralizmit, transparenc\u00ebs dhe llogaridh\u00ebnies. Asnj\u00eb parti e vetme, pavar\u00ebsisht fuqis\u00eb s\u00eb mandatit q\u00eb ka, nuk ka t\u00eb drejt\u00eb t\u2019i tejkaloj\u00eb k\u00ebto parime apo t\u2019i trajtoj\u00eb institucionet shtet\u00ebrore si zgjatje t\u00eb makineris\u00eb s\u00eb saj politike,\u201d ka th\u00ebn\u00eb Rama.<\/p>\n\n\n\n<p>Ai ka shtuar se sipas tij, po v\u00ebrehet nj\u00eb zbehje e ndarjes mes shtetit dhe partis\u00eb.<\/p>\n\n\n\n<p>\u201cVet\u00ebvendosje gjithnj\u00eb e m\u00eb shum\u00eb e ka zbehur vij\u00ebn ndar\u00ebse mes partis\u00eb dhe shtetit. Vendimet po centralizohen, z\u00ebrat kund\u00ebrshtues po anashkalohen dhe proceset demokratike po dob\u00ebsohen,\u201d ka deklaruar ai.<\/p>\n\n\n\n<p>Rama ka theksuar se Kuvendi rrezikon t\u00eb humbas\u00eb rolin e tij.<\/p>\n\n\n\n<p>\u201cKuvendi, q\u00eb duhet t\u00eb jet\u00eb zemra e debatit t\u00eb hapur dhe p\u00ebrfaq\u00ebsimit, rrezikon t\u00eb shnd\u00ebrrohet n\u00eb nj\u00eb vul\u00eb formale, n\u00eb vend se t\u00eb mbetet nj\u00eb forum i v\u00ebrtet\u00eb i llogaridh\u00ebnies,\u201d ka th\u00ebn\u00eb ai.<\/p>\n\n\n\n<p>Duke folur si kryetar i Prishtin\u00ebs, ai ka p\u00ebrmendur edhe ndikimin n\u00eb nivel lokal.<\/p>\n\n\n\n<p>\u201cQeverisja duhet t\u2019i fuqizoj\u00eb komunat, t\u00eb nxis\u00eb bashk\u00ebpunimin dhe t\u2019u sh\u00ebrbej\u00eb nevojave reale t\u00eb njer\u00ebzve, jo t\u00eb shtr\u00ebngoj\u00eb kontrollin politik nga qendra,\u201d ka deklaruar Rama.<\/p>\n\n\n\n<p>Ai ka b\u00ebr\u00eb thirrje p\u00ebr rezistenc\u00eb ndaj, si\u00e7 e ka quajtur, monopolizimit politik.<\/p>\n\n\n\n<p>\u201cDuhet t\u2019i rezistojm\u00eb \u00e7do tendence p\u00ebr monopolizim politik. Demokracia nuk \u00ebsht\u00eb vet\u00ebm \u00e7\u00ebshtje e fitimit t\u00eb zgjedhjeve, \u00ebsht\u00eb m\u00ebnyra se si ushtrohet pushteti m\u00eb pas,\u201d ka th\u00ebn\u00eb ai.<\/p>\n\n\n\n<p>N\u00eb fund, Rama ka theksuar nevoj\u00ebn p\u00ebr dialog dhe balanc\u00eb politike.<\/p>\n\n\n\n<p>\u201cSot, m\u00eb shum\u00eb se kurr\u00eb, Kosov\u00ebs i duhet balanc\u00eb, dialog dhe lidership q\u00eb bashkon, e jo q\u00eb ndan. E ardhmja jon\u00eb varet nga mbrojtja e normave demokratike, jo nga zbehja e tyre,\u201d ka deklaruar ai.<\/p>\n","protected":false},"excerpt":{"rendered":"<p>Kryetari i Komun\u00ebs s\u00eb Prishtin\u00ebs, P\u00ebrparim Rama, ka reaguar lidhur me situat\u00ebn politike n\u00eb vend dhe zhvillimet n\u00eb Kuvendin e Kosov\u00ebs, duke shprehur shqet\u00ebsim p\u00ebr m\u00ebnyr\u00ebn e ushtrimit t\u00eb pushtetit dhe funksionimin e institucioneve demokratike. Ai ka th\u00ebn\u00eb se Kosova nuk i p\u00ebrket nj\u00eb force t\u00eb vetme politike apo nj\u00eb lideri t\u00eb vet\u00ebm. \u201cKosova nuk [&hellip;]<\/p>\n","protected":false},"author":4,"featured_media":12347,"comment_status":"open","ping_status":"open","sticky":false,"template":"","format":"standard","meta":{"footnotes":""},"categories":[31,30],"tags":[],"class_list":{"0":"post-12346","1":"post","2":"type-post","3":"status-publish","4":"format-standard","5":"has-post-thumbnail","7":"category-kosove","8":"category-lajme"},"yoast_head":"<!-- This site is optimized with the Yoast SEO plugin v27.4 - https:\/\/yoast.com\/product\/yoast-seo-wordpress\/ -->\n<title>Rama: Kosova nuk i p\u00ebrket nj\u00eb l\u00ebvizjeje, nj\u00eb lideri apo nj\u00eb narrative - Kosova Times<\/title>\n<meta name=\"robots\" content=\"index, follow, max-snippet:-1, max-image-preview:large, max-video-preview:-1\" \/>\n<link rel=\"canonical\" href=\"https:\/\/kosovatimes.info\/index.php\/2026\/04\/28\/rama-kosova-nuk-i-perket-nje-levizjeje-nje-lideri-apo-nje-narrative\/\" \/>\n<meta property=\"og:locale\" content=\"en_US\" \/>\n<meta property=\"og:type\" content=\"article\" \/>\n<meta property=\"og:title\" content=\"Rama: Kosova nuk i p\u00ebrket nj\u00eb l\u00ebvizjeje, nj\u00eb lideri apo nj\u00eb narrative - Kosova Times\" \/>\n<meta property=\"og:description\" content=\"Kryetari i Komun\u00ebs s\u00eb Prishtin\u00ebs, P\u00ebrparim Rama, ka reaguar lidhur me situat\u00ebn politike n\u00eb vend dhe zhvillimet n\u00eb Kuvendin e Kosov\u00ebs, duke shprehur shqet\u00ebsim p\u00ebr m\u00ebnyr\u00ebn e ushtrimit t\u00eb pushtetit dhe funksionimin e institucioneve demokratike. Ai ka th\u00ebn\u00eb se Kosova nuk i p\u00ebrket nj\u00eb force t\u00eb vetme politike apo nj\u00eb lideri t\u00eb vet\u00ebm. \u201cKosova nuk [&hellip;]\" \/>\n<meta property=\"og:url\" content=\"https:\/\/kosovatimes.info\/index.php\/2026\/04\/28\/rama-kosova-nuk-i-perket-nje-levizjeje-nje-lideri-apo-nje-narrative\/\" \/>\n<meta property=\"og:site_name\" content=\"Kosova Times\" \/>\n<meta property=\"article:published_time\" content=\"2026-04-28T19:21:00+00:00\" \/>\n<meta property=\"article:modified_time\" content=\"2026-04-28T20:57:41+00:00\" \/>\n<meta property=\"og:image\" content=\"https:\/\/kosovatimes.info\/wp-content\/uploads\/2026\/04\/Rama-9.jpg\" \/>\n\t<meta property=\"og:image:width\" content=\"780\" \/>\n\t<meta property=\"og:image:height\" content=\"500\" \/>\n\t<meta property=\"og:image:type\" content=\"image\/jpeg\" \/>\n<meta name=\"author\" content=\"i l\" \/>\n<meta name=\"twitter:card\" content=\"summary_large_image\" \/>\n<meta name=\"twitter:label1\" content=\"Written by\" \/>\n\t<meta name=\"twitter:data1\" content=\"i l\" \/>\n\t<meta name=\"twitter:label2\" content=\"Est. reading time\" \/>\n\t<meta name=\"twitter:data2\" content=\"3 minutes\" \/>\n<script type=\"application\/ld+json\" class=\"yoast-schema-graph\">{\"@context\":\"https:\\\/\\\/schema.org\",\"@graph\":[{\"@type\":\"Article\",\"@id\":\"https:\\\/\\\/kosovatimes.info\\\/index.php\\\/2026\\\/04\\\/28\\\/rama-kosova-nuk-i-perket-nje-levizjeje-nje-lideri-apo-nje-narrative\\\/#article\",\"isPartOf\":{\"@id\":\"https:\\\/\\\/kosovatimes.info\\\/index.php\\\/2026\\\/04\\\/28\\\/rama-kosova-nuk-i-perket-nje-levizjeje-nje-lideri-apo-nje-narrative\\\/\"},\"author\":{\"name\":\"i l\",\"@id\":\"https:\\\/\\\/kosovatimes.info\\\/#\\\/schema\\\/person\\\/7586712b9c512fe68085de007378c915\"},\"headline\":\"Rama: Kosova nuk i p\u00ebrket nj\u00eb l\u00ebvizjeje, nj\u00eb lideri apo nj\u00eb narrative\",\"datePublished\":\"2026-04-28T19:21:00+00:00\",\"dateModified\":\"2026-04-28T20:57:41+00:00\",\"mainEntityOfPage\":{\"@id\":\"https:\\\/\\\/kosovatimes.info\\\/index.php\\\/2026\\\/04\\\/28\\\/rama-kosova-nuk-i-perket-nje-levizjeje-nje-lideri-apo-nje-narrative\\\/\"},\"wordCount\":531,\"commentCount\":0,\"image\":{\"@id\":\"https:\\\/\\\/kosovatimes.info\\\/index.php\\\/2026\\\/04\\\/28\\\/rama-kosova-nuk-i-perket-nje-levizjeje-nje-lideri-apo-nje-narrative\\\/#primaryimage\"},\"thumbnailUrl\":\"https:\\\/\\\/kosovatimes.info\\\/wp-content\\\/uploads\\\/2026\\\/04\\\/Rama-9.jpg\",\"articleSection\":[\"Kosov\u00eb\",\"Lajme\"],\"inLanguage\":\"en-US\",\"potentialAction\":[{\"@type\":\"CommentAction\",\"name\":\"Comment\",\"target\":[\"https:\\\/\\\/kosovatimes.info\\\/index.php\\\/2026\\\/04\\\/28\\\/rama-kosova-nuk-i-perket-nje-levizjeje-nje-lideri-apo-nje-narrative\\\/#respond\"]}]},{\"@type\":\"WebPage\",\"@id\":\"https:\\\/\\\/kosovatimes.info\\\/index.php\\\/2026\\\/04\\\/28\\\/rama-kosova-nuk-i-perket-nje-levizjeje-nje-lideri-apo-nje-narrative\\\/\",\"url\":\"https:\\\/\\\/kosovatimes.info\\\/index.php\\\/2026\\\/04\\\/28\\\/rama-kosova-nuk-i-perket-nje-levizjeje-nje-lideri-apo-nje-narrative\\\/\",\"name\":\"Rama: Kosova nuk i p\u00ebrket nj\u00eb l\u00ebvizjeje, nj\u00eb lideri apo nj\u00eb narrative - Kosova Times\",\"isPartOf\":{\"@id\":\"https:\\\/\\\/kosovatimes.info\\\/#website\"},\"primaryImageOfPage\":{\"@id\":\"https:\\\/\\\/kosovatimes.info\\\/index.php\\\/2026\\\/04\\\/28\\\/rama-kosova-nuk-i-perket-nje-levizjeje-nje-lideri-apo-nje-narrative\\\/#primaryimage\"},\"image\":{\"@id\":\"https:\\\/\\\/kosovatimes.info\\\/index.php\\\/2026\\\/04\\\/28\\\/rama-kosova-nuk-i-perket-nje-levizjeje-nje-lideri-apo-nje-narrative\\\/#primaryimage\"},\"thumbnailUrl\":\"https:\\\/\\\/kosovatimes.info\\\/wp-content\\\/uploads\\\/2026\\\/04\\\/Rama-9.jpg\",\"datePublished\":\"2026-04-28T19:21:00+00:00\",\"dateModified\":\"2026-04-28T20:57:41+00:00\",\"author\":{\"@id\":\"https:\\\/\\\/kosovatimes.info\\\/#\\\/schema\\\/person\\\/7586712b9c512fe68085de007378c915\"},\"breadcrumb\":{\"@id\":\"https:\\\/\\\/kosovatimes.info\\\/index.php\\\/2026\\\/04\\\/28\\\/rama-kosova-nuk-i-perket-nje-levizjeje-nje-lideri-apo-nje-narrative\\\/#breadcrumb\"},\"inLanguage\":\"en-US\",\"potentialAction\":[{\"@type\":\"ReadAction\",\"target\":[\"https:\\\/\\\/kosovatimes.info\\\/index.php\\\/2026\\\/04\\\/28\\\/rama-kosova-nuk-i-perket-nje-levizjeje-nje-lideri-apo-nje-narrative\\\/\"]}]},{\"@type\":\"ImageObject\",\"inLanguage\":\"en-US\",\"@id\":\"https:\\\/\\\/kosovatimes.info\\\/index.php\\\/2026\\\/04\\\/28\\\/rama-kosova-nuk-i-perket-nje-levizjeje-nje-lideri-apo-nje-narrative\\\/#primaryimage\",\"url\":\"https:\\\/\\\/kosovatimes.info\\\/wp-content\\\/uploads\\\/2026\\\/04\\\/Rama-9.jpg\",\"contentUrl\":\"https:\\\/\\\/kosovatimes.info\\\/wp-content\\\/uploads\\\/2026\\\/04\\\/Rama-9.jpg\",\"width\":780,\"height\":500},{\"@type\":\"BreadcrumbList\",\"@id\":\"https:\\\/\\\/kosovatimes.info\\\/index.php\\\/2026\\\/04\\\/28\\\/rama-kosova-nuk-i-perket-nje-levizjeje-nje-lideri-apo-nje-narrative\\\/#breadcrumb\",\"itemListElement\":[{\"@type\":\"ListItem\",\"position\":1,\"name\":\"Home\",\"item\":\"https:\\\/\\\/kosovatimes.info\\\/\"},{\"@type\":\"ListItem\",\"position\":2,\"name\":\"Rama: Kosova nuk i p\u00ebrket nj\u00eb l\u00ebvizjeje, nj\u00eb lideri apo nj\u00eb narrative\"}]},{\"@type\":\"WebSite\",\"@id\":\"https:\\\/\\\/kosovatimes.info\\\/#website\",\"url\":\"https:\\\/\\\/kosovatimes.info\\\/\",\"name\":\"Kosova Times\",\"description\":\"\",\"potentialAction\":[{\"@type\":\"SearchAction\",\"target\":{\"@type\":\"EntryPoint\",\"urlTemplate\":\"https:\\\/\\\/kosovatimes.info\\\/?s={search_term_string}\"},\"query-input\":{\"@type\":\"PropertyValueSpecification\",\"valueRequired\":true,\"valueName\":\"search_term_string\"}}],\"inLanguage\":\"en-US\"},{\"@type\":\"Person\",\"@id\":\"https:\\\/\\\/kosovatimes.info\\\/#\\\/schema\\\/person\\\/7586712b9c512fe68085de007378c915\",\"name\":\"i l\",\"image\":{\"@type\":\"ImageObject\",\"inLanguage\":\"en-US\",\"@id\":\"https:\\\/\\\/secure.gravatar.com\\\/avatar\\\/bad9296e02816160ae2e2435beda58222022298d5625d49fea74d18816fbb31d?s=96&d=mm&r=g\",\"url\":\"https:\\\/\\\/secure.gravatar.com\\\/avatar\\\/bad9296e02816160ae2e2435beda58222022298d5625d49fea74d18816fbb31d?s=96&d=mm&r=g\",\"contentUrl\":\"https:\\\/\\\/secure.gravatar.com\\\/avatar\\\/bad9296e02816160ae2e2435beda58222022298d5625d49fea74d18816fbb31d?s=96&d=mm&r=g\",\"caption\":\"i l\"},\"url\":\"https:\\\/\\\/kosovatimes.info\\\/index.php\\\/author\\\/iliri\\\/\"}]}<\/script>\n<!-- \/ Yoast SEO plugin. -->","yoast_head_json":{"title":"Rama: Kosova nuk i p\u00ebrket nj\u00eb l\u00ebvizjeje, nj\u00eb lideri apo nj\u00eb narrative - Kosova Times","robots":{"index":"index","follow":"follow","max-snippet":"max-snippet:-1","max-image-preview":"max-image-preview:large","max-video-preview":"max-video-preview:-1"},"canonical":"https:\/\/kosovatimes.info\/index.php\/2026\/04\/28\/rama-kosova-nuk-i-perket-nje-levizjeje-nje-lideri-apo-nje-narrative\/","og_locale":"en_US","og_type":"article","og_title":"Rama: Kosova nuk i p\u00ebrket nj\u00eb l\u00ebvizjeje, nj\u00eb lideri apo nj\u00eb narrative - Kosova Times","og_description":"Kryetari i Komun\u00ebs s\u00eb Prishtin\u00ebs, P\u00ebrparim Rama, ka reaguar lidhur me situat\u00ebn politike n\u00eb vend dhe zhvillimet n\u00eb Kuvendin e Kosov\u00ebs, duke shprehur shqet\u00ebsim p\u00ebr m\u00ebnyr\u00ebn e ushtrimit t\u00eb pushtetit dhe funksionimin e institucioneve demokratike. Ai ka th\u00ebn\u00eb se Kosova nuk i p\u00ebrket nj\u00eb force t\u00eb vetme politike apo nj\u00eb lideri t\u00eb vet\u00ebm. \u201cKosova nuk [&hellip;]","og_url":"https:\/\/kosovatimes.info\/index.php\/2026\/04\/28\/rama-kosova-nuk-i-perket-nje-levizjeje-nje-lideri-apo-nje-narrative\/","og_site_name":"Kosova Times","article_published_time":"2026-04-28T19:21:00+00:00","article_modified_time":"2026-04-28T20:57:41+00:00","og_image":[{"width":780,"height":500,"url":"https:\/\/kosovatimes.info\/wp-content\/uploads\/2026\/04\/Rama-9.jpg","type":"image\/jpeg"}],"author":"i l","twitter_card":"summary_large_image","twitter_misc":{"Written by":"i l","Est. reading time":"3 minutes"},"schema":{"@context":"https:\/\/schema.org","@graph":[{"@type":"Article","@id":"https:\/\/kosovatimes.info\/index.php\/2026\/04\/28\/rama-kosova-nuk-i-perket-nje-levizjeje-nje-lideri-apo-nje-narrative\/#article","isPartOf":{"@id":"https:\/\/kosovatimes.info\/index.php\/2026\/04\/28\/rama-kosova-nuk-i-perket-nje-levizjeje-nje-lideri-apo-nje-narrative\/"},"author":{"name":"i l","@id":"https:\/\/kosovatimes.info\/#\/schema\/person\/7586712b9c512fe68085de007378c915"},"headline":"Rama: Kosova nuk i p\u00ebrket nj\u00eb l\u00ebvizjeje, nj\u00eb lideri apo nj\u00eb narrative","datePublished":"2026-04-28T19:21:00+00:00","dateModified":"2026-04-28T20:57:41+00:00","mainEntityOfPage":{"@id":"https:\/\/kosovatimes.info\/index.php\/2026\/04\/28\/rama-kosova-nuk-i-perket-nje-levizjeje-nje-lideri-apo-nje-narrative\/"},"wordCount":531,"commentCount":0,"image":{"@id":"https:\/\/kosovatimes.info\/index.php\/2026\/04\/28\/rama-kosova-nuk-i-perket-nje-levizjeje-nje-lideri-apo-nje-narrative\/#primaryimage"},"thumbnailUrl":"https:\/\/kosovatimes.info\/wp-content\/uploads\/2026\/04\/Rama-9.jpg","articleSection":["Kosov\u00eb","Lajme"],"inLanguage":"en-US","potentialAction":[{"@type":"CommentAction","name":"Comment","target":["https:\/\/kosovatimes.info\/index.php\/2026\/04\/28\/rama-kosova-nuk-i-perket-nje-levizjeje-nje-lideri-apo-nje-narrative\/#respond"]}]},{"@type":"WebPage","@id":"https:\/\/kosovatimes.info\/index.php\/2026\/04\/28\/rama-kosova-nuk-i-perket-nje-levizjeje-nje-lideri-apo-nje-narrative\/","url":"https:\/\/kosovatimes.info\/index.php\/2026\/04\/28\/rama-kosova-nuk-i-perket-nje-levizjeje-nje-lideri-apo-nje-narrative\/","name":"Rama: Kosova nuk i p\u00ebrket nj\u00eb l\u00ebvizjeje, nj\u00eb lideri apo nj\u00eb narrative - Kosova Times","isPartOf":{"@id":"https:\/\/kosovatimes.info\/#website"},"primaryImageOfPage":{"@id":"https:\/\/kosovatimes.info\/index.php\/2026\/04\/28\/rama-kosova-nuk-i-perket-nje-levizjeje-nje-lideri-apo-nje-narrative\/#primaryimage"},"image":{"@id":"https:\/\/kosovatimes.info\/index.php\/2026\/04\/28\/rama-kosova-nuk-i-perket-nje-levizjeje-nje-lideri-apo-nje-narrative\/#primaryimage"},"thumbnailUrl":"https:\/\/kosovatimes.info\/wp-content\/uploads\/2026\/04\/Rama-9.jpg","datePublished":"2026-04-28T19:21:00+00:00","dateModified":"2026-04-28T20:57:41+00:00","author":{"@id":"https:\/\/kosovatimes.info\/#\/schema\/person\/7586712b9c512fe68085de007378c915"},"breadcrumb":{"@id":"https:\/\/kosovatimes.info\/index.php\/2026\/04\/28\/rama-kosova-nuk-i-perket-nje-levizjeje-nje-lideri-apo-nje-narrative\/#breadcrumb"},"inLanguage":"en-US","potentialAction":[{"@type":"ReadAction","target":["https:\/\/kosovatimes.info\/index.php\/2026\/04\/28\/rama-kosova-nuk-i-perket-nje-levizjeje-nje-lideri-apo-nje-narrative\/"]}]},{"@type":"ImageObject","inLanguage":"en-US","@id":"https:\/\/kosovatimes.info\/index.php\/2026\/04\/28\/rama-kosova-nuk-i-perket-nje-levizjeje-nje-lideri-apo-nje-narrative\/#primaryimage","url":"https:\/\/kosovatimes.info\/wp-content\/uploads\/2026\/04\/Rama-9.jpg","contentUrl":"https:\/\/kosovatimes.info\/wp-content\/uploads\/2026\/04\/Rama-9.jpg","width":780,"height":500},{"@type":"BreadcrumbList","@id":"https:\/\/kosovatimes.info\/index.php\/2026\/04\/28\/rama-kosova-nuk-i-perket-nje-levizjeje-nje-lideri-apo-nje-narrative\/#breadcrumb","itemListElement":[{"@type":"ListItem","position":1,"name":"Home","item":"https:\/\/kosovatimes.info\/"},{"@type":"ListItem","position":2,"name":"Rama: Kosova nuk i p\u00ebrket nj\u00eb l\u00ebvizjeje, nj\u00eb lideri apo nj\u00eb narrative"}]},{"@type":"WebSite","@id":"https:\/\/kosovatimes.info\/#website","url":"https:\/\/kosovatimes.info\/","name":"Kosova Times","description":"","potentialAction":[{"@type":"SearchAction","target":{"@type":"EntryPoint","urlTemplate":"https:\/\/kosovatimes.info\/?s={search_term_string}"},"query-input":{"@type":"PropertyValueSpecification","valueRequired":true,"valueName":"search_term_string"}}],"inLanguage":"en-US"},{"@type":"Person","@id":"https:\/\/kosovatimes.info\/#\/schema\/person\/7586712b9c512fe68085de007378c915","name":"i l","image":{"@type":"ImageObject","inLanguage":"en-US","@id":"https:\/\/secure.gravatar.com\/avatar\/bad9296e02816160ae2e2435beda58222022298d5625d49fea74d18816fbb31d?s=96&d=mm&r=g","url":"https:\/\/secure.gravatar.com\/avatar\/bad9296e02816160ae2e2435beda58222022298d5625d49fea74d18816fbb31d?s=96&d=mm&r=g","contentUrl":"https:\/\/secure.gravatar.com\/avatar\/bad9296e02816160ae2e2435beda58222022298d5625d49fea74d18816fbb31d?s=96&d=mm&r=g","caption":"i l"},"url":"https:\/\/kosovatimes.info\/index.php\/author\/iliri\/"}]}},"_links":{"self":[{"href":"https:\/\/kosovatimes.info\/index.php\/wp-json\/wp\/v2\/posts\/12346","targetHints":{"allow":["GET"]}}],"collection":[{"href":"https:\/\/kosovatimes.info\/index.php\/wp-json\/wp\/v2\/posts"}],"about":[{"href":"https:\/\/kosovatimes.info\/index.php\/wp-json\/wp\/v2\/types\/post"}],"author":[{"embeddable":true,"href":"https:\/\/kosovatimes.info\/index.php\/wp-json\/wp\/v2\/users\/4"}],"replies":[{"embeddable":true,"href":"https:\/\/kosovatimes.info\/index.php\/wp-json\/wp\/v2\/comments?post=12346"}],"version-history":[{"count":1,"href":"https:\/\/kosovatimes.info\/index.php\/wp-json\/wp\/v2\/posts\/12346\/revisions"}],"predecessor-version":[{"id":12348,"href":"https:\/\/kosovatimes.info\/index.php\/wp-json\/wp\/v2\/posts\/12346\/revisions\/12348"}],"wp:featuredmedia":[{"embeddable":true,"href":"https:\/\/kosovatimes.info\/index.php\/wp-json\/wp\/v2\/media\/12347"}],"wp:attachment":[{"href":"https:\/\/kosovatimes.info\/index.php\/wp-json\/wp\/v2\/media?parent=12346"}],"wp:term":[{"taxonomy":"category","embeddable":true,"href":"https:\/\/kosovatimes.info\/index.php\/wp-json\/wp\/v2\/categories?post=12346"},{"taxonomy":"post_tag","embeddable":true,"href":"https:\/\/kosovatimes.info\/index.php\/wp-json\/wp\/v2\/tags?post=12346"}],"curies":[{"name":"wp","href":"https:\/\/api.w.org\/{rel}","templated":true}]}}