{"id":12378,"date":"2026-04-29T09:00:00","date_gmt":"2026-04-29T07:00:00","guid":{"rendered":"https:\/\/kosovatimes.info\/?p=12378"},"modified":"2026-04-29T02:30:01","modified_gmt":"2026-04-29T00:30:01","slug":"mrekullia-me-e-bukur-natyrore-ne-hungari-qe-ju-fton-ne-nje-udhetim","status":"publish","type":"post","link":"https:\/\/kosovatimes.info\/index.php\/2026\/04\/29\/mrekullia-me-e-bukur-natyrore-ne-hungari-qe-ju-fton-ne-nje-udhetim\/","title":{"rendered":"Mrekullia m\u00eb e bukur natyrore n\u00eb Hungari q\u00eb ju fton n\u00eb nj\u00eb udh\u00ebtim"},"content":{"rendered":"\n<p>Shtigjet q\u00eb t\u00eb \u00e7ojn\u00eb p\u00ebrgjat\u00eb skajeve t\u00eb shk\u00ebmbinjve e kan\u00eb shnd\u00ebrruar k\u00ebt\u00eb vend n\u00eb nj\u00eb vend t\u00eb njohur p\u00ebr piknik p\u00ebr alpinist\u00ebt dhe dashamir\u00ebsit e natyr\u00ebs. Ende mund t\u00eb shihni &#8220;dhoma&#8221; dhe korridoret e gdhendura n\u00eb shk\u00ebmbinj nga minator\u00ebt nd\u00ebrsa jetonin dhe punonin atje, dhe n\u00ebse d\u00ebshironi, mund t&#8217;i eksploroni ato&#8230;<\/p>\n\n\n\n<p>N\u00eb kodrat hungareze pran\u00eb qytetit\u00a0<br><strong>t\u00eb S\u00e1rospatak,<\/strong>\u00a0dikur kishte nj\u00eb gurore q\u00eb pun\u00ebsonte shum\u00eb banor\u00eb vendas derisa u mbyll n\u00eb fillim t\u00eb shekullit t\u00eb 20-t\u00eb. Zona u braktis p\u00ebrfundimisht dhe u la n\u00eb dor\u00eb t\u00eb natyr\u00ebs, e cila me kalimin e dekadave e ka transformuar at\u00eb n\u00eb nj\u00eb vend t\u00eb bukur p\u00ebr t&#8217;u eksploruar. Shtresa t\u00eb dendura gjelb\u00ebrimi kan\u00eb mbuluar gradualisht ish-zon\u00ebn industriale, dhe uji i shiut nga shpatet p\u00ebrreth ka mbushur guroren e thell\u00eb, duke krijuar nj\u00eb liqen t\u00eb bukur n\u00eb nj\u00eb gryk\u00eb rreth 60 metra t\u00eb thell\u00eb. Sot,\u00a0<br><strong>Megyer-hegyi tengerszem<\/strong>\u00a0(&#8220;Syri i Detit&#8221; n\u00eb Kodr\u00ebn Megyer)\u00a0<br>duket si nj\u00eb sken\u00eb nga nj\u00eb film &#8211; shk\u00ebmbinjt\u00eb e lart\u00eb q\u00eb e rrethojn\u00eb krijojn\u00eb nj\u00eb hap\u00ebsir\u00eb \u200b\u200bdramatike, pothuajse si amfiteat\u00ebr.\u00a0Deti p\u00ebrreth&nbsp;<strong>vargmalit Zempl\u00e9n<\/strong>&nbsp;\u00ebsht\u00eb i rrethuar nga shk\u00ebmbinj vertikal\u00eb q\u00eb arrijn\u00eb nj\u00eb lart\u00ebsi deri n\u00eb 70 metra, dhe vet\u00eb uji \u00ebsht\u00eb rreth 6.5 metra i thell\u00eb. Shtigjet q\u00eb t\u00eb \u00e7ojn\u00eb p\u00ebrgjat\u00eb skajeve t\u00eb shk\u00ebmbinjve e kan\u00eb shnd\u00ebrruar k\u00ebt\u00eb vend n\u00eb nj\u00eb destinacion popullor ekskursioni p\u00ebr alpinist\u00ebt dhe dashamir\u00ebsit e natyr\u00ebs. N\u00eb shk\u00ebmbinj mund t\u00eb shihni ende &#8220;dhoma&#8221; dhe korridoret q\u00eb u gdhend\u00ebn nga minator\u00ebt kur jetonin dhe punonin atje, dhe n\u00ebse d\u00ebshironi, mund t&#8217;i eksploroni ato.&nbsp;<\/p>\n\n\n\n<p><img decoding=\"async\" src=\"https:\/\/image.dnevnik.hr\/media\/images\/1024xX\/Apr2026\/63305134-megyer-hegyi-tengerszem.jpg\" alt=\"Megyer-hegyi tengerszem - 3\">Megyer-hegyi tengerszem &#8211; 3<\/p>\n\n\n\n<p>P\u00ebr shkak t\u00eb bukuris\u00eb s\u00eb tij unike dhe vler\u00ebs natyrore, Tengerszem u shpall zon\u00eb e mbrojtur n\u00eb vitet 1970. Edhe pse noti nuk rekomandohet, shum\u00eb vizitor\u00eb ende nuk mund t&#8217;i rezistojn\u00eb ujit t\u00eb kristalt\u00eb dhe i injorojn\u00eb k\u00ebshillat. Fakti q\u00eb n\u00eb vitin 2011 u shpall\u00a0<br><strong>mrekullia m\u00eb e bukur natyrore n\u00eb Hungari flet vet\u00eb.<\/strong>Sot, Tengerszem nuk \u00ebsht\u00eb vet\u00ebm interesant gjeologjikisht, por edhe nj\u00eb&nbsp;<strong>ekosistem natyror i r\u00ebnd\u00ebsish\u00ebm.<\/strong>&nbsp;I rrethuar nga pyje, livadhe dhe ligatina, ai ofron nj\u00eb streh\u00eb p\u00ebr lloje t\u00eb shumta bim\u00ebsh dhe kafsh\u00ebsh. Zona \u00ebsht\u00eb pjes\u00eb e nj\u00eb rrjeti m\u00eb t\u00eb gjer\u00eb zonash natyrore t\u00eb mbrojtura, t\u00eb cilat theksojn\u00eb r\u00ebnd\u00ebsin\u00eb e ruajtjes s\u00eb ekuilibrit natyror dhe biodiversitetit. N\u00ebse udh\u00ebtimi juaj ju \u00e7on n\u00eb k\u00ebt\u00eb pjes\u00eb t\u00eb Hungaris\u00eb, mund t\u00eb kaloni or\u00eb t\u00eb t\u00ebra duke ecur p\u00ebrgjat\u00eb shtigjeve t\u00eb sh\u00ebnuara me ritmin tuaj, me rrug\u00ebn m\u00eb t\u00eb gjat\u00eb q\u00eb shtrihet p\u00ebr rreth tet\u00eb kilometra.<\/p>\n\n\n\n<h2 class=\"wp-block-heading\">Cila rrug\u00eb t\u00eb shkosh?&nbsp;<\/h2>\n\n\n\n<p>Shtegu m\u00eb i njohur \u00ebsht\u00eb&nbsp;<strong>Malomk\u0151 tan\u00f6sv\u00e9ny<\/strong>&nbsp;(Shtegu Edukativ i Gurit t\u00eb Mullirit), i cili fillon n\u00eb qend\u00ebr t\u00eb S\u00e1rospatak dhe t\u00eb \u00e7on deri n\u00eb liqen. Shtegu ka 17 tabela informacioni q\u00eb shpjegojn\u00eb historin\u00eb e minierave, gjeologjin\u00eb dhe flor\u00ebn e faun\u00ebn lokale. Do ta gjeni pjes\u00ebn m\u00eb t\u00eb bukur t\u00eb shtegut n\u00eb pik\u00ebn e vrojtimit&nbsp;<strong>Megyer-hegyi kil\u00e1to<\/strong>&nbsp;, e cila ofron pamje t\u00eb vreshtave Tokaj dhe maleve p\u00ebrreth.<\/p>\n\n\n\n<p>Gjithashtu mund t\u00eb shkoni drejt shtigjeve t\u00eb ngjitjes, t\u00eb cilat jan\u00eb nd\u00ebr&nbsp;<strong>m\u00eb t\u00ebrheq\u00ebset e rrug\u00ebve ngjit\u00ebse<\/strong>&nbsp;n\u00eb Hungari, pasi ato shtrihen direkt mbi sip\u00ebrfaqen e ujit t\u00eb liqenit. Mund t\u00eb zgjidhni shtigje me v\u00ebshtir\u00ebsi t\u00eb ndryshme, nga ato m\u00eb t\u00eb lehtat e p\u00ebrshtatshme p\u00ebr fillestar\u00ebt deri te ato m\u00eb t\u00eb v\u00ebshtira. N\u00ebse nuk keni tuajat, merrni me qira pajisje t\u00eb plota (helmet\u00eb, parzmore dhe pajisje sigurie) n\u00eb rr\u00ebz\u00eb (Cir\u00f3ka pihen\u0151park).<\/p>\n\n\n\n<p>P\u00ebr ata q\u00eb duan t\u00eb q\u00ebndrojn\u00eb m\u00eb gjat\u00eb, n\u00eb zon\u00eb mund t\u00eb gjenden mund\u00ebsi t\u00eb ndryshme akomodimi, nga kampingjet te hotelet m\u00eb t\u00eb vogla, si dhe restorantet q\u00eb sh\u00ebrbejn\u00eb specialitete lokale.&nbsp;<\/p>\n\n\n\n<p><img decoding=\"async\" src=\"https:\/\/image.dnevnik.hr\/media\/images\/1024xX\/Apr2026\/63305135-megyer-hegyi-tengerszem.jpg\" alt=\"Deti Megyer-hegyi - 4\">Deti Megyer-hegyi &#8211; 4<\/p>\n\n\n\n<h2 class=\"wp-block-heading\">\u00c7far\u00eb t\u00eb shihni n\u00eb zon\u00eb?&nbsp;<\/h2>\n\n\n\n<p><strong>S\u00e1rospatak<\/strong>&nbsp;njihet si qendra kulturore dhe historike e rajonit me K\u00ebshtjell\u00ebn R\u00e1k\u00f3czi, nj\u00eb kompleks q\u00eb kombinon nj\u00eb fortes\u00eb mesjetare dhe nj\u00eb muze. Historia e k\u00ebshtjell\u00ebs daton q\u00eb nga mb\u00ebrritja e hungarez\u00ebve n\u00eb Rrafshin Panonian, kur nj\u00eb fortes\u00eb prej dheu u nd\u00ebrtua p\u00ebrgjat\u00eb lumit Bodrog. M\u00eb von\u00eb u rind\u00ebrtua me gur\u00eb, dhe k\u00ebshtjella mori form\u00ebn e saj p\u00ebrfundimtare n\u00eb shekullin e 16-t\u00eb, gjat\u00eb koh\u00ebs s\u00eb&nbsp;<strong>familjes R\u00e1k\u00f3czi,<\/strong>&nbsp;kur qyteti p\u00ebrjetoi edhe zhvillimin e tij m\u00eb t\u00eb madh.<\/p>\n\n\n\n<p><strong>Juraj R\u00e1k\u00f3czi<\/strong>&nbsp;dhe gruaja e tij Zsuzsanna L\u00f3r\u00e1ntffy u kujdes\u00ebn jo vet\u00ebm p\u00ebr kultur\u00ebn dhe arsimin, por edhe p\u00ebr zhvillimin e industris\u00eb. Ata themeluan nj\u00eb punishte derdhjeje topash n\u00eb qytet, e cila m\u00eb von\u00eb u harrua dhe rr\u00ebnojat e saj u zbuluan vet\u00ebm n\u00eb shekullin e 20-t\u00eb. Sot, n\u00eb parkun pran\u00eb k\u00ebshtjell\u00ebs, mund t\u00eb m\u00ebsoni rreth procesit t\u00eb prodhimit t\u00eb topave.<\/p>\n\n\n\n<p><img decoding=\"async\" src=\"https:\/\/image.dnevnik.hr\/media\/images\/1024xX\/Jan2026\/63242667-srospatak.jpg\" alt=\"Sarospatak - 2\">Sarospatak &#8211; 2<\/p>\n\n\n\n<p>Mund t\u00eb shkoni edhe n\u00eb&nbsp;<strong>qendr\u00ebn spa V\u00e9gard\u00f3,<\/strong>&nbsp;e cila ka gjith\u00e7ka q\u00eb ju nevojitet p\u00ebr nj\u00eb q\u00ebndrim t\u00eb k\u00ebndsh\u00ebm: nj\u00eb pishin\u00eb p\u00ebr t\u00eb rritur dhe f\u00ebmij\u00eb, nj\u00eb hidromasazh dhe nj\u00eb sauna. Uji termal sh\u00ebrues me nj\u00eb temperatur\u00eb prej rreth 38 \u00b0C \u00ebsht\u00eb ideal p\u00ebr relaksim.<\/p>\n\n\n\n<p>Rreth 12 km larg qytetit ndodhet&nbsp;<strong>parku i aventurave Zempl\u00e9n<\/strong>&nbsp;, i cili ka nj\u00eb pist\u00eb bobsleigh me gjat\u00ebsi 2.3 km. Ekziston gjithashtu nj\u00eb teleferik, nj\u00eb linj\u00eb zipline midis dy kodrave, shtigje ngjitjeje dhe nj\u00eb pik\u00eb vrojtimi, nga e cila mund t\u00eb shihen edhe Tatrat e Larta n\u00eb mot t\u00eb kthjell\u00ebt.<\/p>\n\n\n\n<p>Pran\u00eb S\u00e1rospatak ndodhen&nbsp;<strong>bodrumet e ver\u00ebs s\u00eb Hercegk\u00fat,<\/strong>&nbsp;pjes\u00eb e rajonit t\u00eb ver\u00ebs Tokaj, t\u00eb mbrojtur nga UNESCO. Atje, mund t\u00eb vizitoni m\u00eb shum\u00eb se 160 bodrume t\u00eb gdhendura n\u00eb shk\u00ebmbin vullkanik n\u00eb shpatet e kodrave. Sidoqoft\u00eb, kjo pjes\u00eb e Hungaris\u00eb nuk l\u00eb ask\u00ebnd indiferent.<\/p>\n","protected":false},"excerpt":{"rendered":"<p>Shtigjet q\u00eb t\u00eb \u00e7ojn\u00eb p\u00ebrgjat\u00eb skajeve t\u00eb shk\u00ebmbinjve e kan\u00eb shnd\u00ebrruar k\u00ebt\u00eb vend n\u00eb nj\u00eb vend t\u00eb njohur p\u00ebr piknik p\u00ebr alpinist\u00ebt dhe dashamir\u00ebsit e natyr\u00ebs. Ende mund t\u00eb shihni &#8220;dhoma&#8221; dhe korridoret e gdhendura n\u00eb shk\u00ebmbinj nga minator\u00ebt nd\u00ebrsa jetonin dhe punonin atje, dhe n\u00ebse d\u00ebshironi, mund t&#8217;i eksploroni ato&#8230; N\u00eb kodrat hungareze pran\u00eb [&hellip;]<\/p>\n","protected":false},"author":4,"featured_media":12379,"comment_status":"open","ping_status":"open","sticky":false,"template":"","format":"standard","meta":{"footnotes":""},"categories":[43],"tags":[],"class_list":{"0":"post-12378","1":"post","2":"type-post","3":"status-publish","4":"format-standard","5":"has-post-thumbnail","7":"category-turizem"},"yoast_head":"<!-- This site is optimized with the Yoast SEO plugin v27.4 - https:\/\/yoast.com\/product\/yoast-seo-wordpress\/ -->\n<title>Mrekullia m\u00eb e bukur natyrore n\u00eb Hungari q\u00eb ju fton n\u00eb nj\u00eb udh\u00ebtim - Kosova Times<\/title>\n<meta name=\"robots\" content=\"index, follow, max-snippet:-1, max-image-preview:large, max-video-preview:-1\" \/>\n<link rel=\"canonical\" href=\"https:\/\/kosovatimes.info\/index.php\/2026\/04\/29\/mrekullia-me-e-bukur-natyrore-ne-hungari-qe-ju-fton-ne-nje-udhetim\/\" \/>\n<meta property=\"og:locale\" content=\"en_US\" \/>\n<meta property=\"og:type\" content=\"article\" \/>\n<meta property=\"og:title\" content=\"Mrekullia m\u00eb e bukur natyrore n\u00eb Hungari q\u00eb ju fton n\u00eb nj\u00eb udh\u00ebtim - Kosova Times\" \/>\n<meta property=\"og:description\" content=\"Shtigjet q\u00eb t\u00eb \u00e7ojn\u00eb p\u00ebrgjat\u00eb skajeve t\u00eb shk\u00ebmbinjve e kan\u00eb shnd\u00ebrruar k\u00ebt\u00eb vend n\u00eb nj\u00eb vend t\u00eb njohur p\u00ebr piknik p\u00ebr alpinist\u00ebt dhe dashamir\u00ebsit e natyr\u00ebs. Ende mund t\u00eb shihni &#8220;dhoma&#8221; dhe korridoret e gdhendura n\u00eb shk\u00ebmbinj nga minator\u00ebt nd\u00ebrsa jetonin dhe punonin atje, dhe n\u00ebse d\u00ebshironi, mund t&#8217;i eksploroni ato&#8230; N\u00eb kodrat hungareze pran\u00eb [&hellip;]\" \/>\n<meta property=\"og:url\" content=\"https:\/\/kosovatimes.info\/index.php\/2026\/04\/29\/mrekullia-me-e-bukur-natyrore-ne-hungari-qe-ju-fton-ne-nje-udhetim\/\" \/>\n<meta property=\"og:site_name\" content=\"Kosova Times\" \/>\n<meta property=\"article:published_time\" content=\"2026-04-29T07:00:00+00:00\" \/>\n<meta property=\"og:image\" content=\"https:\/\/kosovatimes.info\/wp-content\/uploads\/2026\/04\/Hungari.webp\" \/>\n\t<meta property=\"og:image:width\" content=\"920\" \/>\n\t<meta property=\"og:image:height\" content=\"695\" \/>\n\t<meta property=\"og:image:type\" content=\"image\/webp\" \/>\n<meta name=\"author\" content=\"i l\" \/>\n<meta name=\"twitter:card\" content=\"summary_large_image\" \/>\n<meta name=\"twitter:label1\" content=\"Written by\" \/>\n\t<meta name=\"twitter:data1\" content=\"i l\" \/>\n\t<meta name=\"twitter:label2\" content=\"Est. reading time\" \/>\n\t<meta name=\"twitter:data2\" content=\"5 minutes\" \/>\n<script type=\"application\/ld+json\" class=\"yoast-schema-graph\">{\"@context\":\"https:\\\/\\\/schema.org\",\"@graph\":[{\"@type\":\"Article\",\"@id\":\"https:\\\/\\\/kosovatimes.info\\\/index.php\\\/2026\\\/04\\\/29\\\/mrekullia-me-e-bukur-natyrore-ne-hungari-qe-ju-fton-ne-nje-udhetim\\\/#article\",\"isPartOf\":{\"@id\":\"https:\\\/\\\/kosovatimes.info\\\/index.php\\\/2026\\\/04\\\/29\\\/mrekullia-me-e-bukur-natyrore-ne-hungari-qe-ju-fton-ne-nje-udhetim\\\/\"},\"author\":{\"name\":\"i l\",\"@id\":\"https:\\\/\\\/kosovatimes.info\\\/#\\\/schema\\\/person\\\/7586712b9c512fe68085de007378c915\"},\"headline\":\"Mrekullia m\u00eb e bukur natyrore n\u00eb Hungari q\u00eb ju fton n\u00eb nj\u00eb udh\u00ebtim\",\"datePublished\":\"2026-04-29T07:00:00+00:00\",\"mainEntityOfPage\":{\"@id\":\"https:\\\/\\\/kosovatimes.info\\\/index.php\\\/2026\\\/04\\\/29\\\/mrekullia-me-e-bukur-natyrore-ne-hungari-qe-ju-fton-ne-nje-udhetim\\\/\"},\"wordCount\":1035,\"commentCount\":0,\"image\":{\"@id\":\"https:\\\/\\\/kosovatimes.info\\\/index.php\\\/2026\\\/04\\\/29\\\/mrekullia-me-e-bukur-natyrore-ne-hungari-qe-ju-fton-ne-nje-udhetim\\\/#primaryimage\"},\"thumbnailUrl\":\"https:\\\/\\\/kosovatimes.info\\\/wp-content\\\/uploads\\\/2026\\\/04\\\/Hungari.webp\",\"articleSection\":[\"Turiz\u00ebm\"],\"inLanguage\":\"en-US\",\"potentialAction\":[{\"@type\":\"CommentAction\",\"name\":\"Comment\",\"target\":[\"https:\\\/\\\/kosovatimes.info\\\/index.php\\\/2026\\\/04\\\/29\\\/mrekullia-me-e-bukur-natyrore-ne-hungari-qe-ju-fton-ne-nje-udhetim\\\/#respond\"]}]},{\"@type\":\"WebPage\",\"@id\":\"https:\\\/\\\/kosovatimes.info\\\/index.php\\\/2026\\\/04\\\/29\\\/mrekullia-me-e-bukur-natyrore-ne-hungari-qe-ju-fton-ne-nje-udhetim\\\/\",\"url\":\"https:\\\/\\\/kosovatimes.info\\\/index.php\\\/2026\\\/04\\\/29\\\/mrekullia-me-e-bukur-natyrore-ne-hungari-qe-ju-fton-ne-nje-udhetim\\\/\",\"name\":\"Mrekullia m\u00eb e bukur natyrore n\u00eb Hungari q\u00eb ju fton n\u00eb nj\u00eb udh\u00ebtim - Kosova Times\",\"isPartOf\":{\"@id\":\"https:\\\/\\\/kosovatimes.info\\\/#website\"},\"primaryImageOfPage\":{\"@id\":\"https:\\\/\\\/kosovatimes.info\\\/index.php\\\/2026\\\/04\\\/29\\\/mrekullia-me-e-bukur-natyrore-ne-hungari-qe-ju-fton-ne-nje-udhetim\\\/#primaryimage\"},\"image\":{\"@id\":\"https:\\\/\\\/kosovatimes.info\\\/index.php\\\/2026\\\/04\\\/29\\\/mrekullia-me-e-bukur-natyrore-ne-hungari-qe-ju-fton-ne-nje-udhetim\\\/#primaryimage\"},\"thumbnailUrl\":\"https:\\\/\\\/kosovatimes.info\\\/wp-content\\\/uploads\\\/2026\\\/04\\\/Hungari.webp\",\"datePublished\":\"2026-04-29T07:00:00+00:00\",\"author\":{\"@id\":\"https:\\\/\\\/kosovatimes.info\\\/#\\\/schema\\\/person\\\/7586712b9c512fe68085de007378c915\"},\"breadcrumb\":{\"@id\":\"https:\\\/\\\/kosovatimes.info\\\/index.php\\\/2026\\\/04\\\/29\\\/mrekullia-me-e-bukur-natyrore-ne-hungari-qe-ju-fton-ne-nje-udhetim\\\/#breadcrumb\"},\"inLanguage\":\"en-US\",\"potentialAction\":[{\"@type\":\"ReadAction\",\"target\":[\"https:\\\/\\\/kosovatimes.info\\\/index.php\\\/2026\\\/04\\\/29\\\/mrekullia-me-e-bukur-natyrore-ne-hungari-qe-ju-fton-ne-nje-udhetim\\\/\"]}]},{\"@type\":\"ImageObject\",\"inLanguage\":\"en-US\",\"@id\":\"https:\\\/\\\/kosovatimes.info\\\/index.php\\\/2026\\\/04\\\/29\\\/mrekullia-me-e-bukur-natyrore-ne-hungari-qe-ju-fton-ne-nje-udhetim\\\/#primaryimage\",\"url\":\"https:\\\/\\\/kosovatimes.info\\\/wp-content\\\/uploads\\\/2026\\\/04\\\/Hungari.webp\",\"contentUrl\":\"https:\\\/\\\/kosovatimes.info\\\/wp-content\\\/uploads\\\/2026\\\/04\\\/Hungari.webp\",\"width\":920,\"height\":695},{\"@type\":\"BreadcrumbList\",\"@id\":\"https:\\\/\\\/kosovatimes.info\\\/index.php\\\/2026\\\/04\\\/29\\\/mrekullia-me-e-bukur-natyrore-ne-hungari-qe-ju-fton-ne-nje-udhetim\\\/#breadcrumb\",\"itemListElement\":[{\"@type\":\"ListItem\",\"position\":1,\"name\":\"Home\",\"item\":\"https:\\\/\\\/kosovatimes.info\\\/\"},{\"@type\":\"ListItem\",\"position\":2,\"name\":\"Mrekullia m\u00eb e bukur natyrore n\u00eb Hungari q\u00eb ju fton n\u00eb nj\u00eb udh\u00ebtim\"}]},{\"@type\":\"WebSite\",\"@id\":\"https:\\\/\\\/kosovatimes.info\\\/#website\",\"url\":\"https:\\\/\\\/kosovatimes.info\\\/\",\"name\":\"Kosova Times\",\"description\":\"\",\"potentialAction\":[{\"@type\":\"SearchAction\",\"target\":{\"@type\":\"EntryPoint\",\"urlTemplate\":\"https:\\\/\\\/kosovatimes.info\\\/?s={search_term_string}\"},\"query-input\":{\"@type\":\"PropertyValueSpecification\",\"valueRequired\":true,\"valueName\":\"search_term_string\"}}],\"inLanguage\":\"en-US\"},{\"@type\":\"Person\",\"@id\":\"https:\\\/\\\/kosovatimes.info\\\/#\\\/schema\\\/person\\\/7586712b9c512fe68085de007378c915\",\"name\":\"i l\",\"image\":{\"@type\":\"ImageObject\",\"inLanguage\":\"en-US\",\"@id\":\"https:\\\/\\\/secure.gravatar.com\\\/avatar\\\/bad9296e02816160ae2e2435beda58222022298d5625d49fea74d18816fbb31d?s=96&d=mm&r=g\",\"url\":\"https:\\\/\\\/secure.gravatar.com\\\/avatar\\\/bad9296e02816160ae2e2435beda58222022298d5625d49fea74d18816fbb31d?s=96&d=mm&r=g\",\"contentUrl\":\"https:\\\/\\\/secure.gravatar.com\\\/avatar\\\/bad9296e02816160ae2e2435beda58222022298d5625d49fea74d18816fbb31d?s=96&d=mm&r=g\",\"caption\":\"i l\"},\"url\":\"https:\\\/\\\/kosovatimes.info\\\/index.php\\\/author\\\/iliri\\\/\"}]}<\/script>\n<!-- \/ Yoast SEO plugin. -->","yoast_head_json":{"title":"Mrekullia m\u00eb e bukur natyrore n\u00eb Hungari q\u00eb ju fton n\u00eb nj\u00eb udh\u00ebtim - Kosova Times","robots":{"index":"index","follow":"follow","max-snippet":"max-snippet:-1","max-image-preview":"max-image-preview:large","max-video-preview":"max-video-preview:-1"},"canonical":"https:\/\/kosovatimes.info\/index.php\/2026\/04\/29\/mrekullia-me-e-bukur-natyrore-ne-hungari-qe-ju-fton-ne-nje-udhetim\/","og_locale":"en_US","og_type":"article","og_title":"Mrekullia m\u00eb e bukur natyrore n\u00eb Hungari q\u00eb ju fton n\u00eb nj\u00eb udh\u00ebtim - Kosova Times","og_description":"Shtigjet q\u00eb t\u00eb \u00e7ojn\u00eb p\u00ebrgjat\u00eb skajeve t\u00eb shk\u00ebmbinjve e kan\u00eb shnd\u00ebrruar k\u00ebt\u00eb vend n\u00eb nj\u00eb vend t\u00eb njohur p\u00ebr piknik p\u00ebr alpinist\u00ebt dhe dashamir\u00ebsit e natyr\u00ebs. Ende mund t\u00eb shihni &#8220;dhoma&#8221; dhe korridoret e gdhendura n\u00eb shk\u00ebmbinj nga minator\u00ebt nd\u00ebrsa jetonin dhe punonin atje, dhe n\u00ebse d\u00ebshironi, mund t&#8217;i eksploroni ato&#8230; N\u00eb kodrat hungareze pran\u00eb [&hellip;]","og_url":"https:\/\/kosovatimes.info\/index.php\/2026\/04\/29\/mrekullia-me-e-bukur-natyrore-ne-hungari-qe-ju-fton-ne-nje-udhetim\/","og_site_name":"Kosova Times","article_published_time":"2026-04-29T07:00:00+00:00","og_image":[{"width":920,"height":695,"url":"https:\/\/kosovatimes.info\/wp-content\/uploads\/2026\/04\/Hungari.webp","type":"image\/webp"}],"author":"i l","twitter_card":"summary_large_image","twitter_misc":{"Written by":"i l","Est. reading time":"5 minutes"},"schema":{"@context":"https:\/\/schema.org","@graph":[{"@type":"Article","@id":"https:\/\/kosovatimes.info\/index.php\/2026\/04\/29\/mrekullia-me-e-bukur-natyrore-ne-hungari-qe-ju-fton-ne-nje-udhetim\/#article","isPartOf":{"@id":"https:\/\/kosovatimes.info\/index.php\/2026\/04\/29\/mrekullia-me-e-bukur-natyrore-ne-hungari-qe-ju-fton-ne-nje-udhetim\/"},"author":{"name":"i l","@id":"https:\/\/kosovatimes.info\/#\/schema\/person\/7586712b9c512fe68085de007378c915"},"headline":"Mrekullia m\u00eb e bukur natyrore n\u00eb Hungari q\u00eb ju fton n\u00eb nj\u00eb udh\u00ebtim","datePublished":"2026-04-29T07:00:00+00:00","mainEntityOfPage":{"@id":"https:\/\/kosovatimes.info\/index.php\/2026\/04\/29\/mrekullia-me-e-bukur-natyrore-ne-hungari-qe-ju-fton-ne-nje-udhetim\/"},"wordCount":1035,"commentCount":0,"image":{"@id":"https:\/\/kosovatimes.info\/index.php\/2026\/04\/29\/mrekullia-me-e-bukur-natyrore-ne-hungari-qe-ju-fton-ne-nje-udhetim\/#primaryimage"},"thumbnailUrl":"https:\/\/kosovatimes.info\/wp-content\/uploads\/2026\/04\/Hungari.webp","articleSection":["Turiz\u00ebm"],"inLanguage":"en-US","potentialAction":[{"@type":"CommentAction","name":"Comment","target":["https:\/\/kosovatimes.info\/index.php\/2026\/04\/29\/mrekullia-me-e-bukur-natyrore-ne-hungari-qe-ju-fton-ne-nje-udhetim\/#respond"]}]},{"@type":"WebPage","@id":"https:\/\/kosovatimes.info\/index.php\/2026\/04\/29\/mrekullia-me-e-bukur-natyrore-ne-hungari-qe-ju-fton-ne-nje-udhetim\/","url":"https:\/\/kosovatimes.info\/index.php\/2026\/04\/29\/mrekullia-me-e-bukur-natyrore-ne-hungari-qe-ju-fton-ne-nje-udhetim\/","name":"Mrekullia m\u00eb e bukur natyrore n\u00eb Hungari q\u00eb ju fton n\u00eb nj\u00eb udh\u00ebtim - Kosova Times","isPartOf":{"@id":"https:\/\/kosovatimes.info\/#website"},"primaryImageOfPage":{"@id":"https:\/\/kosovatimes.info\/index.php\/2026\/04\/29\/mrekullia-me-e-bukur-natyrore-ne-hungari-qe-ju-fton-ne-nje-udhetim\/#primaryimage"},"image":{"@id":"https:\/\/kosovatimes.info\/index.php\/2026\/04\/29\/mrekullia-me-e-bukur-natyrore-ne-hungari-qe-ju-fton-ne-nje-udhetim\/#primaryimage"},"thumbnailUrl":"https:\/\/kosovatimes.info\/wp-content\/uploads\/2026\/04\/Hungari.webp","datePublished":"2026-04-29T07:00:00+00:00","author":{"@id":"https:\/\/kosovatimes.info\/#\/schema\/person\/7586712b9c512fe68085de007378c915"},"breadcrumb":{"@id":"https:\/\/kosovatimes.info\/index.php\/2026\/04\/29\/mrekullia-me-e-bukur-natyrore-ne-hungari-qe-ju-fton-ne-nje-udhetim\/#breadcrumb"},"inLanguage":"en-US","potentialAction":[{"@type":"ReadAction","target":["https:\/\/kosovatimes.info\/index.php\/2026\/04\/29\/mrekullia-me-e-bukur-natyrore-ne-hungari-qe-ju-fton-ne-nje-udhetim\/"]}]},{"@type":"ImageObject","inLanguage":"en-US","@id":"https:\/\/kosovatimes.info\/index.php\/2026\/04\/29\/mrekullia-me-e-bukur-natyrore-ne-hungari-qe-ju-fton-ne-nje-udhetim\/#primaryimage","url":"https:\/\/kosovatimes.info\/wp-content\/uploads\/2026\/04\/Hungari.webp","contentUrl":"https:\/\/kosovatimes.info\/wp-content\/uploads\/2026\/04\/Hungari.webp","width":920,"height":695},{"@type":"BreadcrumbList","@id":"https:\/\/kosovatimes.info\/index.php\/2026\/04\/29\/mrekullia-me-e-bukur-natyrore-ne-hungari-qe-ju-fton-ne-nje-udhetim\/#breadcrumb","itemListElement":[{"@type":"ListItem","position":1,"name":"Home","item":"https:\/\/kosovatimes.info\/"},{"@type":"ListItem","position":2,"name":"Mrekullia m\u00eb e bukur natyrore n\u00eb Hungari q\u00eb ju fton n\u00eb nj\u00eb udh\u00ebtim"}]},{"@type":"WebSite","@id":"https:\/\/kosovatimes.info\/#website","url":"https:\/\/kosovatimes.info\/","name":"Kosova Times","description":"","potentialAction":[{"@type":"SearchAction","target":{"@type":"EntryPoint","urlTemplate":"https:\/\/kosovatimes.info\/?s={search_term_string}"},"query-input":{"@type":"PropertyValueSpecification","valueRequired":true,"valueName":"search_term_string"}}],"inLanguage":"en-US"},{"@type":"Person","@id":"https:\/\/kosovatimes.info\/#\/schema\/person\/7586712b9c512fe68085de007378c915","name":"i l","image":{"@type":"ImageObject","inLanguage":"en-US","@id":"https:\/\/secure.gravatar.com\/avatar\/bad9296e02816160ae2e2435beda58222022298d5625d49fea74d18816fbb31d?s=96&d=mm&r=g","url":"https:\/\/secure.gravatar.com\/avatar\/bad9296e02816160ae2e2435beda58222022298d5625d49fea74d18816fbb31d?s=96&d=mm&r=g","contentUrl":"https:\/\/secure.gravatar.com\/avatar\/bad9296e02816160ae2e2435beda58222022298d5625d49fea74d18816fbb31d?s=96&d=mm&r=g","caption":"i l"},"url":"https:\/\/kosovatimes.info\/index.php\/author\/iliri\/"}]}},"_links":{"self":[{"href":"https:\/\/kosovatimes.info\/index.php\/wp-json\/wp\/v2\/posts\/12378","targetHints":{"allow":["GET"]}}],"collection":[{"href":"https:\/\/kosovatimes.info\/index.php\/wp-json\/wp\/v2\/posts"}],"about":[{"href":"https:\/\/kosovatimes.info\/index.php\/wp-json\/wp\/v2\/types\/post"}],"author":[{"embeddable":true,"href":"https:\/\/kosovatimes.info\/index.php\/wp-json\/wp\/v2\/users\/4"}],"replies":[{"embeddable":true,"href":"https:\/\/kosovatimes.info\/index.php\/wp-json\/wp\/v2\/comments?post=12378"}],"version-history":[{"count":1,"href":"https:\/\/kosovatimes.info\/index.php\/wp-json\/wp\/v2\/posts\/12378\/revisions"}],"predecessor-version":[{"id":12380,"href":"https:\/\/kosovatimes.info\/index.php\/wp-json\/wp\/v2\/posts\/12378\/revisions\/12380"}],"wp:featuredmedia":[{"embeddable":true,"href":"https:\/\/kosovatimes.info\/index.php\/wp-json\/wp\/v2\/media\/12379"}],"wp:attachment":[{"href":"https:\/\/kosovatimes.info\/index.php\/wp-json\/wp\/v2\/media?parent=12378"}],"wp:term":[{"taxonomy":"category","embeddable":true,"href":"https:\/\/kosovatimes.info\/index.php\/wp-json\/wp\/v2\/categories?post=12378"},{"taxonomy":"post_tag","embeddable":true,"href":"https:\/\/kosovatimes.info\/index.php\/wp-json\/wp\/v2\/tags?post=12378"}],"curies":[{"name":"wp","href":"https:\/\/api.w.org\/{rel}","templated":true}]}}