{"id":12387,"date":"2026-04-29T08:30:00","date_gmt":"2026-04-29T06:30:00","guid":{"rendered":"https:\/\/kosovatimes.info\/?p=12387"},"modified":"2026-04-29T02:45:38","modified_gmt":"2026-04-29T00:45:38","slug":"vajzat-e-milanos-me-kombinimin-me-te-mire-te-pranveres","status":"publish","type":"post","link":"https:\/\/kosovatimes.info\/index.php\/2026\/04\/29\/vajzat-e-milanos-me-kombinimin-me-te-mire-te-pranveres\/","title":{"rendered":"Vajzat e Milanos me kombinimin m\u00eb t\u00eb mir\u00eb t\u00eb pranver\u00ebs"},"content":{"rendered":"\n<p><strong>Rrug\u00ebt e Milanos k\u00ebto dit\u00eb jan\u00eb t\u00eb sh\u00ebnuara nga nj\u00eb kombinim mode q\u00eb \u00ebsht\u00eb perfekt p\u00ebr k\u00ebt\u00eb pjes\u00eb t\u00eb vitit &#8211; funde mini t\u00eb kombinuara me \u00e7izme t\u00eb larta.<\/strong><\/p>\n\n\n\n<p>Ky trend, i cili balancon n\u00eb nj\u00eb vij\u00eb t\u00eb holl\u00eb midis eleganc\u00ebs s\u00eb p\u00ebrditshme dhe sensualitetit t\u00eb guximsh\u00ebm, adhurohet po aq nga grat\u00eb italiane q\u00eb e veshin at\u00eb n\u00eb variacione t\u00eb p\u00ebrditshme, si dhe nga ikonat globale t\u00eb mod\u00ebs.<\/p>\n\n\n\n<p>Loja e proporcioneve \u00ebsht\u00eb \u00e7el\u00ebsi i t\u00eb gjith\u00eb pamjes &#8211; k\u00ebmb\u00ebt e theksuara dhe t\u00eb ekspozuara n\u00eb kontrast me fort\u00ebsin\u00eb e \u00e7izmeve sip\u00ebr ose pak posht\u00eb gjurit krijojn\u00eb nj\u00eb efekt q\u00eb \u00ebsht\u00eb nj\u00ebkoh\u00ebsisht i sofistikuar dhe provokues. \u00cbsht\u00eb kjo formul\u00eb e thjesht\u00eb por efektive q\u00eb e b\u00ebn k\u00ebt\u00eb kombinim t\u00eb p\u00ebrjetsh\u00ebm: nuk njeh mosh\u00eb apo kufizime, por p\u00ebrshtatet leht\u00ebsisht me stile dhe raste t\u00eb ndryshme.<\/p>\n\n\n\n<p>K\u00ebt\u00eb sezon, stilist\u00ebt e \u201cshtyn\u00eb\u201d m\u00eb tej k\u00ebt\u00eb trend p\u00ebrmes koleksioneve t\u00eb dominuara nga prerjet mini dhe \u00e7izmet q\u00eb t\u00ebrheqin v\u00ebmendjen &#8211; nga modelet klasike t\u00eb l\u00ebkur\u00ebs deri te ato me ngjyra t\u00eb ndezura dhe detaje t\u00ebrheq\u00ebse. N\u00eb rrug\u00ebt e Milanos, vajzat i veshin ato me xhaketa t\u00eb m\u00ebdha, xhaketa t\u00eb shkurtra ose bluza t\u00eb thjeshta, duke treguar sa mir\u00ebnjoh\u00ebse \u00ebsht\u00eb ky kombinim p\u00ebr t\u2019u kombinuar.<\/p>\n\n\n\n<figure class=\"wp-block-image\" id=\"attachment_2821251\"><img decoding=\"async\" src=\"http:\/\/zadovoljna.nova.rs\/wp-content\/uploads\/2026\/04\/27\/1777293059-profimedia-1094641362-971x1024.jpg\" alt=\"\" class=\"wp-image-2821251\"\/><\/figure>\n\n\n\n<h2 class=\"wp-block-heading\">Udh\u00ebzues praktik: Prerja, materialet, k\u00ebpuc\u00ebt<\/h2>\n\n\n\n<p>Filloni me nj\u00eb prerje \u2013 n\u00eb vij\u00eb A (trapez), fund i palosur ose i palosur \u2013 n\u00eb var\u00ebsi t\u00eb trupit tuaj. Nj\u00eb bel i lart\u00eb jep struktur\u00eb, nd\u00ebrsa nj\u00eb skaj i past\u00ebr ruan nj\u00eb vij\u00eb t\u00eb sakt\u00eb. P\u00ebr sa i p\u00ebrket materialeve, l\u00ebkura e l\u00ebmuar, stofi i lesht\u00eb dhe xhinsi i pap\u00ebrpunuar ofrojn\u00eb forc\u00eb dhe q\u00ebndrueshm\u00ebri.<\/p>\n\n\n\n<ul class=\"wp-block-list\">\n<li><\/li>\n\n\n\n<li>Zgjidh nj\u00eb fund q\u00eb nuk ngrihet lart kur ec.\n<ul class=\"wp-block-list\">\n<li>Lini nj\u00eb hap\u00ebsir\u00eb \u200b\u200bprej 8 deri n\u00eb 12 cm midis skajit t\u00eb fundit dhe pjes\u00ebs s\u00eb sip\u00ebrme t\u00eb \u00e7izmeve.<\/li>\n\n\n\n<li>N\u00eb dit\u00ebt me shi, vishni k\u00ebpuc\u00eb me shput\u00eb q\u00eb nuk rr\u00ebshqasin.<\/li>\n\n\n\n<li>P\u00ebrputhni teksturat: mat me shk\u00eblqim, kokrrizor me t\u00eb l\u00ebmuar.<\/li>\n\n\n\n<li>Luani me shtresa: nj\u00eb pulov\u00ebr e holl\u00eb + nj\u00eb xhaket\u00eb e shkurt\u00ebr.<\/li>\n<\/ul>\n<\/li>\n<\/ul>\n\n\n\n<p>N\u00ebse doni t\u00eb balanconi gjat\u00ebsin\u00eb e shkurt\u00ebr t\u00eb minifundit, \u00e7izmet e gjata kauboj jan\u00eb nj\u00eb zgjedhje e zgjuar stili. Ato i shtojn\u00eb nj\u00eb prekje rustike but\u00ebsis\u00eb s\u00eb minifundit dhe e zgjasin vizualisht siluet\u00ebn. N\u00ebse nuk doni t\u00eb shkoni shum\u00eb &#8220;per\u00ebndimor&#8221;, zgjidhni modele me nj\u00eb dizajn m\u00eb t\u00eb reduktuar dhe m\u00eb t\u00eb past\u00ebr. Shikoni se si e b\u00ebjn\u00eb vajzat nga Milano.<\/p>\n\n\n\n<figure class=\"wp-block-image\" id=\"attachment_2821241\"><img decoding=\"async\" src=\"http:\/\/zadovoljna.nova.rs\/wp-content\/uploads\/2026\/04\/27\/1777292738-profimedia-1094638205-770x1024.jpg\" alt=\"\" class=\"wp-image-2821241\"\/><figcaption class=\"wp-element-caption\">Foto: IPA, Agjencia e Pavarur e Fotove Srl \/ Alamy \/ Profimedia<\/figcaption><\/figure>\n\n\n\n<figure class=\"wp-block-image\" id=\"attachment_2821242\"><img decoding=\"async\" src=\"http:\/\/zadovoljna.nova.rs\/wp-content\/uploads\/2026\/04\/27\/1777292753-profimedia-1094638222-764x1024.jpg\" alt=\"\" class=\"wp-image-2821242\"\/><figcaption class=\"wp-element-caption\">Foto: IPA, Agjencia e Pavarur e Fotove Srl \/ Alamy \/ Profimedia<\/figcaption><\/figure>\n\n\n\n<figure class=\"wp-block-image\" id=\"attachment_2821227\"><img decoding=\"async\" src=\"http:\/\/zadovoljna.nova.rs\/wp-content\/uploads\/2026\/04\/27\/1777292693-profimedia-1094637630-1024x1024.jpg\" alt=\"\" class=\"wp-image-2821227\"\/><figcaption class=\"wp-element-caption\">Foto: Luca Ponti \/ ipa-agency.net \/ PA Images \/ Profimedia<\/figcaption><\/figure>\n\n\n\n<figure class=\"wp-block-image\" id=\"attachment_2821232\"><img decoding=\"async\" src=\"http:\/\/zadovoljna.nova.rs\/wp-content\/uploads\/2026\/04\/27\/1777292709-profimedia-1094637841-846x1024.jpg\" alt=\"\" class=\"wp-image-2821232\"\/><figcaption class=\"wp-element-caption\">Foto: Luca Ponti \/ ipa-agency.net \/ PA Images \/ Profimedia<\/figcaption><\/figure>\n\n\n\n<figure class=\"wp-block-image\" id=\"attachment_2821237\"><img decoding=\"async\" src=\"http:\/\/zadovoljna.nova.rs\/wp-content\/uploads\/2026\/04\/27\/1777292724-profimedia-1094638174-780x1024.jpg\" alt=\"\" class=\"wp-image-2821237\"\/><figcaption class=\"wp-element-caption\">Foto: IPA, Agjencia e Pavarur e Fotove Srl \/ Alamy \/ Profimedia<\/figcaption><\/figure>\n\n\n\n<figure class=\"wp-block-image\" id=\"attachment_2821247\"><img decoding=\"async\" src=\"http:\/\/zadovoljna.nova.rs\/wp-content\/uploads\/2026\/04\/27\/1777292896-profimedia-1094641233-669x1024.jpg\" alt=\"\" class=\"wp-image-2821247\"\/><\/figure>\n","protected":false},"excerpt":{"rendered":"<p>Rrug\u00ebt e Milanos k\u00ebto dit\u00eb jan\u00eb t\u00eb sh\u00ebnuara nga nj\u00eb kombinim mode q\u00eb \u00ebsht\u00eb perfekt p\u00ebr k\u00ebt\u00eb pjes\u00eb t\u00eb vitit &#8211; funde mini t\u00eb kombinuara me \u00e7izme t\u00eb larta. Ky trend, i cili balancon n\u00eb nj\u00eb vij\u00eb t\u00eb holl\u00eb midis eleganc\u00ebs s\u00eb p\u00ebrditshme dhe sensualitetit t\u00eb guximsh\u00ebm, adhurohet po aq nga grat\u00eb italiane q\u00eb e [&hellip;]<\/p>\n","protected":false},"author":4,"featured_media":12388,"comment_status":"open","ping_status":"open","sticky":false,"template":"","format":"standard","meta":{"footnotes":""},"categories":[40],"tags":[],"class_list":{"0":"post-12387","1":"post","2":"type-post","3":"status-publish","4":"format-standard","5":"has-post-thumbnail","7":"category-mode"},"yoast_head":"<!-- This site is optimized with the Yoast SEO plugin v27.4 - https:\/\/yoast.com\/product\/yoast-seo-wordpress\/ -->\n<title>Vajzat e Milanos me kombinimin m\u00eb t\u00eb mir\u00eb t\u00eb pranver\u00ebs - Kosova Times<\/title>\n<meta name=\"robots\" content=\"index, follow, max-snippet:-1, max-image-preview:large, max-video-preview:-1\" \/>\n<link rel=\"canonical\" href=\"https:\/\/kosovatimes.info\/index.php\/2026\/04\/29\/vajzat-e-milanos-me-kombinimin-me-te-mire-te-pranveres\/\" \/>\n<meta property=\"og:locale\" content=\"en_US\" \/>\n<meta property=\"og:type\" content=\"article\" \/>\n<meta property=\"og:title\" content=\"Vajzat e Milanos me kombinimin m\u00eb t\u00eb mir\u00eb t\u00eb pranver\u00ebs - Kosova Times\" \/>\n<meta property=\"og:description\" content=\"Rrug\u00ebt e Milanos k\u00ebto dit\u00eb jan\u00eb t\u00eb sh\u00ebnuara nga nj\u00eb kombinim mode q\u00eb \u00ebsht\u00eb perfekt p\u00ebr k\u00ebt\u00eb pjes\u00eb t\u00eb vitit &#8211; funde mini t\u00eb kombinuara me \u00e7izme t\u00eb larta. Ky trend, i cili balancon n\u00eb nj\u00eb vij\u00eb t\u00eb holl\u00eb midis eleganc\u00ebs s\u00eb p\u00ebrditshme dhe sensualitetit t\u00eb guximsh\u00ebm, adhurohet po aq nga grat\u00eb italiane q\u00eb e [&hellip;]\" \/>\n<meta property=\"og:url\" content=\"https:\/\/kosovatimes.info\/index.php\/2026\/04\/29\/vajzat-e-milanos-me-kombinimin-me-te-mire-te-pranveres\/\" \/>\n<meta property=\"og:site_name\" content=\"Kosova Times\" \/>\n<meta property=\"article:published_time\" content=\"2026-04-29T06:30:00+00:00\" \/>\n<meta property=\"og:image\" content=\"https:\/\/kosovatimes.info\/wp-content\/uploads\/2026\/04\/Milano.jpg\" \/>\n\t<meta property=\"og:image:width\" content=\"750\" \/>\n\t<meta property=\"og:image:height\" content=\"422\" \/>\n\t<meta property=\"og:image:type\" content=\"image\/jpeg\" \/>\n<meta name=\"author\" content=\"i l\" \/>\n<meta name=\"twitter:card\" content=\"summary_large_image\" \/>\n<meta name=\"twitter:label1\" content=\"Written by\" \/>\n\t<meta name=\"twitter:data1\" content=\"i l\" \/>\n\t<meta name=\"twitter:label2\" content=\"Est. reading time\" \/>\n\t<meta name=\"twitter:data2\" content=\"4 minutes\" \/>\n<script type=\"application\/ld+json\" class=\"yoast-schema-graph\">{\"@context\":\"https:\\\/\\\/schema.org\",\"@graph\":[{\"@type\":\"Article\",\"@id\":\"https:\\\/\\\/kosovatimes.info\\\/index.php\\\/2026\\\/04\\\/29\\\/vajzat-e-milanos-me-kombinimin-me-te-mire-te-pranveres\\\/#article\",\"isPartOf\":{\"@id\":\"https:\\\/\\\/kosovatimes.info\\\/index.php\\\/2026\\\/04\\\/29\\\/vajzat-e-milanos-me-kombinimin-me-te-mire-te-pranveres\\\/\"},\"author\":{\"name\":\"i l\",\"@id\":\"https:\\\/\\\/kosovatimes.info\\\/#\\\/schema\\\/person\\\/7586712b9c512fe68085de007378c915\"},\"headline\":\"Vajzat e Milanos me kombinimin m\u00eb t\u00eb mir\u00eb t\u00eb pranver\u00ebs\",\"datePublished\":\"2026-04-29T06:30:00+00:00\",\"mainEntityOfPage\":{\"@id\":\"https:\\\/\\\/kosovatimes.info\\\/index.php\\\/2026\\\/04\\\/29\\\/vajzat-e-milanos-me-kombinimin-me-te-mire-te-pranveres\\\/\"},\"wordCount\":504,\"commentCount\":0,\"image\":{\"@id\":\"https:\\\/\\\/kosovatimes.info\\\/index.php\\\/2026\\\/04\\\/29\\\/vajzat-e-milanos-me-kombinimin-me-te-mire-te-pranveres\\\/#primaryimage\"},\"thumbnailUrl\":\"https:\\\/\\\/kosovatimes.info\\\/wp-content\\\/uploads\\\/2026\\\/04\\\/Milano.jpg\",\"articleSection\":[\"Mod\u00eb\"],\"inLanguage\":\"en-US\",\"potentialAction\":[{\"@type\":\"CommentAction\",\"name\":\"Comment\",\"target\":[\"https:\\\/\\\/kosovatimes.info\\\/index.php\\\/2026\\\/04\\\/29\\\/vajzat-e-milanos-me-kombinimin-me-te-mire-te-pranveres\\\/#respond\"]}]},{\"@type\":\"WebPage\",\"@id\":\"https:\\\/\\\/kosovatimes.info\\\/index.php\\\/2026\\\/04\\\/29\\\/vajzat-e-milanos-me-kombinimin-me-te-mire-te-pranveres\\\/\",\"url\":\"https:\\\/\\\/kosovatimes.info\\\/index.php\\\/2026\\\/04\\\/29\\\/vajzat-e-milanos-me-kombinimin-me-te-mire-te-pranveres\\\/\",\"name\":\"Vajzat e Milanos me kombinimin m\u00eb t\u00eb mir\u00eb t\u00eb pranver\u00ebs - Kosova Times\",\"isPartOf\":{\"@id\":\"https:\\\/\\\/kosovatimes.info\\\/#website\"},\"primaryImageOfPage\":{\"@id\":\"https:\\\/\\\/kosovatimes.info\\\/index.php\\\/2026\\\/04\\\/29\\\/vajzat-e-milanos-me-kombinimin-me-te-mire-te-pranveres\\\/#primaryimage\"},\"image\":{\"@id\":\"https:\\\/\\\/kosovatimes.info\\\/index.php\\\/2026\\\/04\\\/29\\\/vajzat-e-milanos-me-kombinimin-me-te-mire-te-pranveres\\\/#primaryimage\"},\"thumbnailUrl\":\"https:\\\/\\\/kosovatimes.info\\\/wp-content\\\/uploads\\\/2026\\\/04\\\/Milano.jpg\",\"datePublished\":\"2026-04-29T06:30:00+00:00\",\"author\":{\"@id\":\"https:\\\/\\\/kosovatimes.info\\\/#\\\/schema\\\/person\\\/7586712b9c512fe68085de007378c915\"},\"breadcrumb\":{\"@id\":\"https:\\\/\\\/kosovatimes.info\\\/index.php\\\/2026\\\/04\\\/29\\\/vajzat-e-milanos-me-kombinimin-me-te-mire-te-pranveres\\\/#breadcrumb\"},\"inLanguage\":\"en-US\",\"potentialAction\":[{\"@type\":\"ReadAction\",\"target\":[\"https:\\\/\\\/kosovatimes.info\\\/index.php\\\/2026\\\/04\\\/29\\\/vajzat-e-milanos-me-kombinimin-me-te-mire-te-pranveres\\\/\"]}]},{\"@type\":\"ImageObject\",\"inLanguage\":\"en-US\",\"@id\":\"https:\\\/\\\/kosovatimes.info\\\/index.php\\\/2026\\\/04\\\/29\\\/vajzat-e-milanos-me-kombinimin-me-te-mire-te-pranveres\\\/#primaryimage\",\"url\":\"https:\\\/\\\/kosovatimes.info\\\/wp-content\\\/uploads\\\/2026\\\/04\\\/Milano.jpg\",\"contentUrl\":\"https:\\\/\\\/kosovatimes.info\\\/wp-content\\\/uploads\\\/2026\\\/04\\\/Milano.jpg\",\"width\":750,\"height\":422},{\"@type\":\"BreadcrumbList\",\"@id\":\"https:\\\/\\\/kosovatimes.info\\\/index.php\\\/2026\\\/04\\\/29\\\/vajzat-e-milanos-me-kombinimin-me-te-mire-te-pranveres\\\/#breadcrumb\",\"itemListElement\":[{\"@type\":\"ListItem\",\"position\":1,\"name\":\"Home\",\"item\":\"https:\\\/\\\/kosovatimes.info\\\/\"},{\"@type\":\"ListItem\",\"position\":2,\"name\":\"Vajzat e Milanos me kombinimin m\u00eb t\u00eb mir\u00eb t\u00eb pranver\u00ebs\"}]},{\"@type\":\"WebSite\",\"@id\":\"https:\\\/\\\/kosovatimes.info\\\/#website\",\"url\":\"https:\\\/\\\/kosovatimes.info\\\/\",\"name\":\"Kosova Times\",\"description\":\"\",\"potentialAction\":[{\"@type\":\"SearchAction\",\"target\":{\"@type\":\"EntryPoint\",\"urlTemplate\":\"https:\\\/\\\/kosovatimes.info\\\/?s={search_term_string}\"},\"query-input\":{\"@type\":\"PropertyValueSpecification\",\"valueRequired\":true,\"valueName\":\"search_term_string\"}}],\"inLanguage\":\"en-US\"},{\"@type\":\"Person\",\"@id\":\"https:\\\/\\\/kosovatimes.info\\\/#\\\/schema\\\/person\\\/7586712b9c512fe68085de007378c915\",\"name\":\"i l\",\"image\":{\"@type\":\"ImageObject\",\"inLanguage\":\"en-US\",\"@id\":\"https:\\\/\\\/secure.gravatar.com\\\/avatar\\\/bad9296e02816160ae2e2435beda58222022298d5625d49fea74d18816fbb31d?s=96&d=mm&r=g\",\"url\":\"https:\\\/\\\/secure.gravatar.com\\\/avatar\\\/bad9296e02816160ae2e2435beda58222022298d5625d49fea74d18816fbb31d?s=96&d=mm&r=g\",\"contentUrl\":\"https:\\\/\\\/secure.gravatar.com\\\/avatar\\\/bad9296e02816160ae2e2435beda58222022298d5625d49fea74d18816fbb31d?s=96&d=mm&r=g\",\"caption\":\"i l\"},\"url\":\"https:\\\/\\\/kosovatimes.info\\\/index.php\\\/author\\\/iliri\\\/\"}]}<\/script>\n<!-- \/ Yoast SEO plugin. -->","yoast_head_json":{"title":"Vajzat e Milanos me kombinimin m\u00eb t\u00eb mir\u00eb t\u00eb pranver\u00ebs - Kosova Times","robots":{"index":"index","follow":"follow","max-snippet":"max-snippet:-1","max-image-preview":"max-image-preview:large","max-video-preview":"max-video-preview:-1"},"canonical":"https:\/\/kosovatimes.info\/index.php\/2026\/04\/29\/vajzat-e-milanos-me-kombinimin-me-te-mire-te-pranveres\/","og_locale":"en_US","og_type":"article","og_title":"Vajzat e Milanos me kombinimin m\u00eb t\u00eb mir\u00eb t\u00eb pranver\u00ebs - Kosova Times","og_description":"Rrug\u00ebt e Milanos k\u00ebto dit\u00eb jan\u00eb t\u00eb sh\u00ebnuara nga nj\u00eb kombinim mode q\u00eb \u00ebsht\u00eb perfekt p\u00ebr k\u00ebt\u00eb pjes\u00eb t\u00eb vitit &#8211; funde mini t\u00eb kombinuara me \u00e7izme t\u00eb larta. Ky trend, i cili balancon n\u00eb nj\u00eb vij\u00eb t\u00eb holl\u00eb midis eleganc\u00ebs s\u00eb p\u00ebrditshme dhe sensualitetit t\u00eb guximsh\u00ebm, adhurohet po aq nga grat\u00eb italiane q\u00eb e [&hellip;]","og_url":"https:\/\/kosovatimes.info\/index.php\/2026\/04\/29\/vajzat-e-milanos-me-kombinimin-me-te-mire-te-pranveres\/","og_site_name":"Kosova Times","article_published_time":"2026-04-29T06:30:00+00:00","og_image":[{"width":750,"height":422,"url":"https:\/\/kosovatimes.info\/wp-content\/uploads\/2026\/04\/Milano.jpg","type":"image\/jpeg"}],"author":"i l","twitter_card":"summary_large_image","twitter_misc":{"Written by":"i l","Est. reading time":"4 minutes"},"schema":{"@context":"https:\/\/schema.org","@graph":[{"@type":"Article","@id":"https:\/\/kosovatimes.info\/index.php\/2026\/04\/29\/vajzat-e-milanos-me-kombinimin-me-te-mire-te-pranveres\/#article","isPartOf":{"@id":"https:\/\/kosovatimes.info\/index.php\/2026\/04\/29\/vajzat-e-milanos-me-kombinimin-me-te-mire-te-pranveres\/"},"author":{"name":"i l","@id":"https:\/\/kosovatimes.info\/#\/schema\/person\/7586712b9c512fe68085de007378c915"},"headline":"Vajzat e Milanos me kombinimin m\u00eb t\u00eb mir\u00eb t\u00eb pranver\u00ebs","datePublished":"2026-04-29T06:30:00+00:00","mainEntityOfPage":{"@id":"https:\/\/kosovatimes.info\/index.php\/2026\/04\/29\/vajzat-e-milanos-me-kombinimin-me-te-mire-te-pranveres\/"},"wordCount":504,"commentCount":0,"image":{"@id":"https:\/\/kosovatimes.info\/index.php\/2026\/04\/29\/vajzat-e-milanos-me-kombinimin-me-te-mire-te-pranveres\/#primaryimage"},"thumbnailUrl":"https:\/\/kosovatimes.info\/wp-content\/uploads\/2026\/04\/Milano.jpg","articleSection":["Mod\u00eb"],"inLanguage":"en-US","potentialAction":[{"@type":"CommentAction","name":"Comment","target":["https:\/\/kosovatimes.info\/index.php\/2026\/04\/29\/vajzat-e-milanos-me-kombinimin-me-te-mire-te-pranveres\/#respond"]}]},{"@type":"WebPage","@id":"https:\/\/kosovatimes.info\/index.php\/2026\/04\/29\/vajzat-e-milanos-me-kombinimin-me-te-mire-te-pranveres\/","url":"https:\/\/kosovatimes.info\/index.php\/2026\/04\/29\/vajzat-e-milanos-me-kombinimin-me-te-mire-te-pranveres\/","name":"Vajzat e Milanos me kombinimin m\u00eb t\u00eb mir\u00eb t\u00eb pranver\u00ebs - Kosova Times","isPartOf":{"@id":"https:\/\/kosovatimes.info\/#website"},"primaryImageOfPage":{"@id":"https:\/\/kosovatimes.info\/index.php\/2026\/04\/29\/vajzat-e-milanos-me-kombinimin-me-te-mire-te-pranveres\/#primaryimage"},"image":{"@id":"https:\/\/kosovatimes.info\/index.php\/2026\/04\/29\/vajzat-e-milanos-me-kombinimin-me-te-mire-te-pranveres\/#primaryimage"},"thumbnailUrl":"https:\/\/kosovatimes.info\/wp-content\/uploads\/2026\/04\/Milano.jpg","datePublished":"2026-04-29T06:30:00+00:00","author":{"@id":"https:\/\/kosovatimes.info\/#\/schema\/person\/7586712b9c512fe68085de007378c915"},"breadcrumb":{"@id":"https:\/\/kosovatimes.info\/index.php\/2026\/04\/29\/vajzat-e-milanos-me-kombinimin-me-te-mire-te-pranveres\/#breadcrumb"},"inLanguage":"en-US","potentialAction":[{"@type":"ReadAction","target":["https:\/\/kosovatimes.info\/index.php\/2026\/04\/29\/vajzat-e-milanos-me-kombinimin-me-te-mire-te-pranveres\/"]}]},{"@type":"ImageObject","inLanguage":"en-US","@id":"https:\/\/kosovatimes.info\/index.php\/2026\/04\/29\/vajzat-e-milanos-me-kombinimin-me-te-mire-te-pranveres\/#primaryimage","url":"https:\/\/kosovatimes.info\/wp-content\/uploads\/2026\/04\/Milano.jpg","contentUrl":"https:\/\/kosovatimes.info\/wp-content\/uploads\/2026\/04\/Milano.jpg","width":750,"height":422},{"@type":"BreadcrumbList","@id":"https:\/\/kosovatimes.info\/index.php\/2026\/04\/29\/vajzat-e-milanos-me-kombinimin-me-te-mire-te-pranveres\/#breadcrumb","itemListElement":[{"@type":"ListItem","position":1,"name":"Home","item":"https:\/\/kosovatimes.info\/"},{"@type":"ListItem","position":2,"name":"Vajzat e Milanos me kombinimin m\u00eb t\u00eb mir\u00eb t\u00eb pranver\u00ebs"}]},{"@type":"WebSite","@id":"https:\/\/kosovatimes.info\/#website","url":"https:\/\/kosovatimes.info\/","name":"Kosova Times","description":"","potentialAction":[{"@type":"SearchAction","target":{"@type":"EntryPoint","urlTemplate":"https:\/\/kosovatimes.info\/?s={search_term_string}"},"query-input":{"@type":"PropertyValueSpecification","valueRequired":true,"valueName":"search_term_string"}}],"inLanguage":"en-US"},{"@type":"Person","@id":"https:\/\/kosovatimes.info\/#\/schema\/person\/7586712b9c512fe68085de007378c915","name":"i l","image":{"@type":"ImageObject","inLanguage":"en-US","@id":"https:\/\/secure.gravatar.com\/avatar\/bad9296e02816160ae2e2435beda58222022298d5625d49fea74d18816fbb31d?s=96&d=mm&r=g","url":"https:\/\/secure.gravatar.com\/avatar\/bad9296e02816160ae2e2435beda58222022298d5625d49fea74d18816fbb31d?s=96&d=mm&r=g","contentUrl":"https:\/\/secure.gravatar.com\/avatar\/bad9296e02816160ae2e2435beda58222022298d5625d49fea74d18816fbb31d?s=96&d=mm&r=g","caption":"i l"},"url":"https:\/\/kosovatimes.info\/index.php\/author\/iliri\/"}]}},"_links":{"self":[{"href":"https:\/\/kosovatimes.info\/index.php\/wp-json\/wp\/v2\/posts\/12387","targetHints":{"allow":["GET"]}}],"collection":[{"href":"https:\/\/kosovatimes.info\/index.php\/wp-json\/wp\/v2\/posts"}],"about":[{"href":"https:\/\/kosovatimes.info\/index.php\/wp-json\/wp\/v2\/types\/post"}],"author":[{"embeddable":true,"href":"https:\/\/kosovatimes.info\/index.php\/wp-json\/wp\/v2\/users\/4"}],"replies":[{"embeddable":true,"href":"https:\/\/kosovatimes.info\/index.php\/wp-json\/wp\/v2\/comments?post=12387"}],"version-history":[{"count":1,"href":"https:\/\/kosovatimes.info\/index.php\/wp-json\/wp\/v2\/posts\/12387\/revisions"}],"predecessor-version":[{"id":12389,"href":"https:\/\/kosovatimes.info\/index.php\/wp-json\/wp\/v2\/posts\/12387\/revisions\/12389"}],"wp:featuredmedia":[{"embeddable":true,"href":"https:\/\/kosovatimes.info\/index.php\/wp-json\/wp\/v2\/media\/12388"}],"wp:attachment":[{"href":"https:\/\/kosovatimes.info\/index.php\/wp-json\/wp\/v2\/media?parent=12387"}],"wp:term":[{"taxonomy":"category","embeddable":true,"href":"https:\/\/kosovatimes.info\/index.php\/wp-json\/wp\/v2\/categories?post=12387"},{"taxonomy":"post_tag","embeddable":true,"href":"https:\/\/kosovatimes.info\/index.php\/wp-json\/wp\/v2\/tags?post=12387"}],"curies":[{"name":"wp","href":"https:\/\/api.w.org\/{rel}","templated":true}]}}