{"id":12393,"date":"2026-04-29T07:40:00","date_gmt":"2026-04-29T05:40:00","guid":{"rendered":"https:\/\/kosovatimes.info\/?p=12393"},"modified":"2026-04-29T07:56:20","modified_gmt":"2026-04-29T05:56:20","slug":"moti-ne-shqiperi-i-kthjellet","status":"publish","type":"post","link":"https:\/\/kosovatimes.info\/index.php\/2026\/04\/29\/moti-ne-shqiperi-i-kthjellet\/","title":{"rendered":"Moti n\u00eb Shqip\u00ebri i kthjell\u00ebt"},"content":{"rendered":"\n<p>Sh\u00ebrbimi Meteorologjik Ushtarak b\u00ebri t\u00eb ditur se dit\u00ebn e m\u00ebrkur\u00eb vendi yn\u00eb do t\u00eb ndikohet nga kushte atmosferike t\u00eb q\u00ebndrueshme.<\/p>\n\n\n\n<p>Moti i kthjell\u00ebt si dhe alternime vran\u00ebsirash t\u00eb pakta deri mesatare por kalimtare gjat\u00eb or\u00ebve t\u00eb mesdit\u00ebs dhe pasdites.<\/p>\n\n\n\n<p>Era do t\u00eb fryj\u00eb me drejtim kryesor juglindje-veriper\u00ebndim me shpejt\u00ebsi 7m\/s, nd\u00ebrsa hera-her\u00ebs n\u00eb bregdet pritet t\u00eb arrij\u00eb shpejt\u00ebsi deri 15m\/s, val\u00ebzimi n\u00eb dete t\u00eb forc\u00ebs 1-3 ball\u00eb.\/atsh<\/p>\n\n\n\n<p>Temperaturat parashikohen<\/p>\n\n\n\n<figure class=\"wp-block-table\"><table class=\"has-fixed-layout\"><tbody><tr><td>QYTETET<\/td><td>Temperaturat<\/td><td>Siglat<\/td><\/tr><tr><td>Shkod\u00ebr<\/td><td>14\/25<\/td><td>Diell re<\/td><\/tr><tr><td>Kuk\u00ebs<\/td><td>10\/22<\/td><td>Diell re<\/td><\/tr><tr><td>Lezh\u00eb<\/td><td>14\/25<\/td><td>Diell re<\/td><\/tr><tr><td>Dib\u00ebr<\/td><td>10\/23<\/td><td>Diell re<\/td><\/tr><tr><td>Durr\u00ebs<\/td><td>16\/26<\/td><td>Diell re<\/td><\/tr><tr><td>Tiran\u00eb<\/td><td>16\/26<\/td><td>Diell re<\/td><\/tr><tr><td>Elbasan<\/td><td>15\/27<\/td><td>Diell re<\/td><\/tr><tr><td>Berat<\/td><td>13\/28<\/td><td>Diell re<\/td><\/tr><tr><td>Vlor\u00eb<\/td><td>16\/26<\/td><td>Diell re<\/td><\/tr><tr><td>Kor\u00e7\u00eb<\/td><td>8\/20<\/td><td>Diell re<\/td><\/tr><tr><td>Gjirokast\u00ebr<\/td><td>11\/27<\/td><td>Diell re<\/td><\/tr><tr><td>Sarand\u00eb<\/td><td>15\/27<\/td><td>Diell re<\/td><\/tr><\/tbody><\/table><\/figure>\n","protected":false},"excerpt":{"rendered":"<p>Sh\u00ebrbimi Meteorologjik Ushtarak b\u00ebri t\u00eb ditur se dit\u00ebn e m\u00ebrkur\u00eb vendi yn\u00eb do t\u00eb ndikohet nga kushte atmosferike t\u00eb q\u00ebndrueshme. Moti i kthjell\u00ebt si dhe alternime vran\u00ebsirash t\u00eb pakta deri mesatare por kalimtare gjat\u00eb or\u00ebve t\u00eb mesdit\u00ebs dhe pasdites. Era do t\u00eb fryj\u00eb me drejtim kryesor juglindje-veriper\u00ebndim me shpejt\u00ebsi 7m\/s, nd\u00ebrsa hera-her\u00ebs n\u00eb bregdet pritet [&hellip;]<\/p>\n","protected":false},"author":4,"featured_media":8617,"comment_status":"open","ping_status":"open","sticky":false,"template":"","format":"standard","meta":{"footnotes":""},"categories":[30,32],"tags":[],"class_list":{"0":"post-12393","1":"post","2":"type-post","3":"status-publish","4":"format-standard","5":"has-post-thumbnail","7":"category-lajme","8":"category-rajon"},"yoast_head":"<!-- This site is optimized with the Yoast SEO plugin v27.4 - https:\/\/yoast.com\/product\/yoast-seo-wordpress\/ -->\n<title>Moti n\u00eb Shqip\u00ebri i kthjell\u00ebt - Kosova Times<\/title>\n<meta name=\"robots\" content=\"index, follow, max-snippet:-1, max-image-preview:large, max-video-preview:-1\" \/>\n<link rel=\"canonical\" href=\"https:\/\/kosovatimes.info\/index.php\/2026\/04\/29\/moti-ne-shqiperi-i-kthjellet\/\" \/>\n<meta property=\"og:locale\" content=\"en_US\" \/>\n<meta property=\"og:type\" content=\"article\" \/>\n<meta property=\"og:title\" content=\"Moti n\u00eb Shqip\u00ebri i kthjell\u00ebt - Kosova Times\" \/>\n<meta property=\"og:description\" content=\"Sh\u00ebrbimi Meteorologjik Ushtarak b\u00ebri t\u00eb ditur se dit\u00ebn e m\u00ebrkur\u00eb vendi yn\u00eb do t\u00eb ndikohet nga kushte atmosferike t\u00eb q\u00ebndrueshme. Moti i kthjell\u00ebt si dhe alternime vran\u00ebsirash t\u00eb pakta deri mesatare por kalimtare gjat\u00eb or\u00ebve t\u00eb mesdit\u00ebs dhe pasdites. Era do t\u00eb fryj\u00eb me drejtim kryesor juglindje-veriper\u00ebndim me shpejt\u00ebsi 7m\/s, nd\u00ebrsa hera-her\u00ebs n\u00eb bregdet pritet [&hellip;]\" \/>\n<meta property=\"og:url\" content=\"https:\/\/kosovatimes.info\/index.php\/2026\/04\/29\/moti-ne-shqiperi-i-kthjellet\/\" \/>\n<meta property=\"og:site_name\" content=\"Kosova Times\" \/>\n<meta property=\"article:published_time\" content=\"2026-04-29T05:40:00+00:00\" \/>\n<meta property=\"article:modified_time\" content=\"2026-04-29T05:56:20+00:00\" \/>\n<meta property=\"og:image\" content=\"https:\/\/kosovatimes.info\/wp-content\/uploads\/2026\/04\/Moti-3.jpg\" \/>\n\t<meta property=\"og:image:width\" content=\"770\" \/>\n\t<meta property=\"og:image:height\" content=\"433\" \/>\n\t<meta property=\"og:image:type\" content=\"image\/jpeg\" \/>\n<meta name=\"author\" content=\"i l\" \/>\n<meta name=\"twitter:card\" content=\"summary_large_image\" \/>\n<meta name=\"twitter:label1\" content=\"Written by\" \/>\n\t<meta name=\"twitter:data1\" content=\"i l\" \/>\n\t<meta name=\"twitter:label2\" content=\"Est. reading time\" \/>\n\t<meta name=\"twitter:data2\" content=\"1 minute\" \/>\n<script type=\"application\/ld+json\" class=\"yoast-schema-graph\">{\"@context\":\"https:\\\/\\\/schema.org\",\"@graph\":[{\"@type\":\"Article\",\"@id\":\"https:\\\/\\\/kosovatimes.info\\\/index.php\\\/2026\\\/04\\\/29\\\/moti-ne-shqiperi-i-kthjellet\\\/#article\",\"isPartOf\":{\"@id\":\"https:\\\/\\\/kosovatimes.info\\\/index.php\\\/2026\\\/04\\\/29\\\/moti-ne-shqiperi-i-kthjellet\\\/\"},\"author\":{\"name\":\"i l\",\"@id\":\"https:\\\/\\\/kosovatimes.info\\\/#\\\/schema\\\/person\\\/7586712b9c512fe68085de007378c915\"},\"headline\":\"Moti n\u00eb Shqip\u00ebri i kthjell\u00ebt\",\"datePublished\":\"2026-04-29T05:40:00+00:00\",\"dateModified\":\"2026-04-29T05:56:20+00:00\",\"mainEntityOfPage\":{\"@id\":\"https:\\\/\\\/kosovatimes.info\\\/index.php\\\/2026\\\/04\\\/29\\\/moti-ne-shqiperi-i-kthjellet\\\/\"},\"wordCount\":139,\"commentCount\":0,\"image\":{\"@id\":\"https:\\\/\\\/kosovatimes.info\\\/index.php\\\/2026\\\/04\\\/29\\\/moti-ne-shqiperi-i-kthjellet\\\/#primaryimage\"},\"thumbnailUrl\":\"https:\\\/\\\/kosovatimes.info\\\/wp-content\\\/uploads\\\/2026\\\/04\\\/Moti-3.jpg\",\"articleSection\":[\"Lajme\",\"Rajon\"],\"inLanguage\":\"en-US\",\"potentialAction\":[{\"@type\":\"CommentAction\",\"name\":\"Comment\",\"target\":[\"https:\\\/\\\/kosovatimes.info\\\/index.php\\\/2026\\\/04\\\/29\\\/moti-ne-shqiperi-i-kthjellet\\\/#respond\"]}]},{\"@type\":\"WebPage\",\"@id\":\"https:\\\/\\\/kosovatimes.info\\\/index.php\\\/2026\\\/04\\\/29\\\/moti-ne-shqiperi-i-kthjellet\\\/\",\"url\":\"https:\\\/\\\/kosovatimes.info\\\/index.php\\\/2026\\\/04\\\/29\\\/moti-ne-shqiperi-i-kthjellet\\\/\",\"name\":\"Moti n\u00eb Shqip\u00ebri i kthjell\u00ebt - Kosova Times\",\"isPartOf\":{\"@id\":\"https:\\\/\\\/kosovatimes.info\\\/#website\"},\"primaryImageOfPage\":{\"@id\":\"https:\\\/\\\/kosovatimes.info\\\/index.php\\\/2026\\\/04\\\/29\\\/moti-ne-shqiperi-i-kthjellet\\\/#primaryimage\"},\"image\":{\"@id\":\"https:\\\/\\\/kosovatimes.info\\\/index.php\\\/2026\\\/04\\\/29\\\/moti-ne-shqiperi-i-kthjellet\\\/#primaryimage\"},\"thumbnailUrl\":\"https:\\\/\\\/kosovatimes.info\\\/wp-content\\\/uploads\\\/2026\\\/04\\\/Moti-3.jpg\",\"datePublished\":\"2026-04-29T05:40:00+00:00\",\"dateModified\":\"2026-04-29T05:56:20+00:00\",\"author\":{\"@id\":\"https:\\\/\\\/kosovatimes.info\\\/#\\\/schema\\\/person\\\/7586712b9c512fe68085de007378c915\"},\"breadcrumb\":{\"@id\":\"https:\\\/\\\/kosovatimes.info\\\/index.php\\\/2026\\\/04\\\/29\\\/moti-ne-shqiperi-i-kthjellet\\\/#breadcrumb\"},\"inLanguage\":\"en-US\",\"potentialAction\":[{\"@type\":\"ReadAction\",\"target\":[\"https:\\\/\\\/kosovatimes.info\\\/index.php\\\/2026\\\/04\\\/29\\\/moti-ne-shqiperi-i-kthjellet\\\/\"]}]},{\"@type\":\"ImageObject\",\"inLanguage\":\"en-US\",\"@id\":\"https:\\\/\\\/kosovatimes.info\\\/index.php\\\/2026\\\/04\\\/29\\\/moti-ne-shqiperi-i-kthjellet\\\/#primaryimage\",\"url\":\"https:\\\/\\\/kosovatimes.info\\\/wp-content\\\/uploads\\\/2026\\\/04\\\/Moti-3.jpg\",\"contentUrl\":\"https:\\\/\\\/kosovatimes.info\\\/wp-content\\\/uploads\\\/2026\\\/04\\\/Moti-3.jpg\",\"width\":770,\"height\":433},{\"@type\":\"BreadcrumbList\",\"@id\":\"https:\\\/\\\/kosovatimes.info\\\/index.php\\\/2026\\\/04\\\/29\\\/moti-ne-shqiperi-i-kthjellet\\\/#breadcrumb\",\"itemListElement\":[{\"@type\":\"ListItem\",\"position\":1,\"name\":\"Home\",\"item\":\"https:\\\/\\\/kosovatimes.info\\\/\"},{\"@type\":\"ListItem\",\"position\":2,\"name\":\"Moti n\u00eb Shqip\u00ebri i kthjell\u00ebt\"}]},{\"@type\":\"WebSite\",\"@id\":\"https:\\\/\\\/kosovatimes.info\\\/#website\",\"url\":\"https:\\\/\\\/kosovatimes.info\\\/\",\"name\":\"Kosova Times\",\"description\":\"\",\"potentialAction\":[{\"@type\":\"SearchAction\",\"target\":{\"@type\":\"EntryPoint\",\"urlTemplate\":\"https:\\\/\\\/kosovatimes.info\\\/?s={search_term_string}\"},\"query-input\":{\"@type\":\"PropertyValueSpecification\",\"valueRequired\":true,\"valueName\":\"search_term_string\"}}],\"inLanguage\":\"en-US\"},{\"@type\":\"Person\",\"@id\":\"https:\\\/\\\/kosovatimes.info\\\/#\\\/schema\\\/person\\\/7586712b9c512fe68085de007378c915\",\"name\":\"i l\",\"image\":{\"@type\":\"ImageObject\",\"inLanguage\":\"en-US\",\"@id\":\"https:\\\/\\\/secure.gravatar.com\\\/avatar\\\/bad9296e02816160ae2e2435beda58222022298d5625d49fea74d18816fbb31d?s=96&d=mm&r=g\",\"url\":\"https:\\\/\\\/secure.gravatar.com\\\/avatar\\\/bad9296e02816160ae2e2435beda58222022298d5625d49fea74d18816fbb31d?s=96&d=mm&r=g\",\"contentUrl\":\"https:\\\/\\\/secure.gravatar.com\\\/avatar\\\/bad9296e02816160ae2e2435beda58222022298d5625d49fea74d18816fbb31d?s=96&d=mm&r=g\",\"caption\":\"i l\"},\"url\":\"https:\\\/\\\/kosovatimes.info\\\/index.php\\\/author\\\/iliri\\\/\"}]}<\/script>\n<!-- \/ Yoast SEO plugin. -->","yoast_head_json":{"title":"Moti n\u00eb Shqip\u00ebri i kthjell\u00ebt - Kosova Times","robots":{"index":"index","follow":"follow","max-snippet":"max-snippet:-1","max-image-preview":"max-image-preview:large","max-video-preview":"max-video-preview:-1"},"canonical":"https:\/\/kosovatimes.info\/index.php\/2026\/04\/29\/moti-ne-shqiperi-i-kthjellet\/","og_locale":"en_US","og_type":"article","og_title":"Moti n\u00eb Shqip\u00ebri i kthjell\u00ebt - Kosova Times","og_description":"Sh\u00ebrbimi Meteorologjik Ushtarak b\u00ebri t\u00eb ditur se dit\u00ebn e m\u00ebrkur\u00eb vendi yn\u00eb do t\u00eb ndikohet nga kushte atmosferike t\u00eb q\u00ebndrueshme. Moti i kthjell\u00ebt si dhe alternime vran\u00ebsirash t\u00eb pakta deri mesatare por kalimtare gjat\u00eb or\u00ebve t\u00eb mesdit\u00ebs dhe pasdites. Era do t\u00eb fryj\u00eb me drejtim kryesor juglindje-veriper\u00ebndim me shpejt\u00ebsi 7m\/s, nd\u00ebrsa hera-her\u00ebs n\u00eb bregdet pritet [&hellip;]","og_url":"https:\/\/kosovatimes.info\/index.php\/2026\/04\/29\/moti-ne-shqiperi-i-kthjellet\/","og_site_name":"Kosova Times","article_published_time":"2026-04-29T05:40:00+00:00","article_modified_time":"2026-04-29T05:56:20+00:00","og_image":[{"width":770,"height":433,"url":"https:\/\/kosovatimes.info\/wp-content\/uploads\/2026\/04\/Moti-3.jpg","type":"image\/jpeg"}],"author":"i l","twitter_card":"summary_large_image","twitter_misc":{"Written by":"i l","Est. reading time":"1 minute"},"schema":{"@context":"https:\/\/schema.org","@graph":[{"@type":"Article","@id":"https:\/\/kosovatimes.info\/index.php\/2026\/04\/29\/moti-ne-shqiperi-i-kthjellet\/#article","isPartOf":{"@id":"https:\/\/kosovatimes.info\/index.php\/2026\/04\/29\/moti-ne-shqiperi-i-kthjellet\/"},"author":{"name":"i l","@id":"https:\/\/kosovatimes.info\/#\/schema\/person\/7586712b9c512fe68085de007378c915"},"headline":"Moti n\u00eb Shqip\u00ebri i kthjell\u00ebt","datePublished":"2026-04-29T05:40:00+00:00","dateModified":"2026-04-29T05:56:20+00:00","mainEntityOfPage":{"@id":"https:\/\/kosovatimes.info\/index.php\/2026\/04\/29\/moti-ne-shqiperi-i-kthjellet\/"},"wordCount":139,"commentCount":0,"image":{"@id":"https:\/\/kosovatimes.info\/index.php\/2026\/04\/29\/moti-ne-shqiperi-i-kthjellet\/#primaryimage"},"thumbnailUrl":"https:\/\/kosovatimes.info\/wp-content\/uploads\/2026\/04\/Moti-3.jpg","articleSection":["Lajme","Rajon"],"inLanguage":"en-US","potentialAction":[{"@type":"CommentAction","name":"Comment","target":["https:\/\/kosovatimes.info\/index.php\/2026\/04\/29\/moti-ne-shqiperi-i-kthjellet\/#respond"]}]},{"@type":"WebPage","@id":"https:\/\/kosovatimes.info\/index.php\/2026\/04\/29\/moti-ne-shqiperi-i-kthjellet\/","url":"https:\/\/kosovatimes.info\/index.php\/2026\/04\/29\/moti-ne-shqiperi-i-kthjellet\/","name":"Moti n\u00eb Shqip\u00ebri i kthjell\u00ebt - Kosova Times","isPartOf":{"@id":"https:\/\/kosovatimes.info\/#website"},"primaryImageOfPage":{"@id":"https:\/\/kosovatimes.info\/index.php\/2026\/04\/29\/moti-ne-shqiperi-i-kthjellet\/#primaryimage"},"image":{"@id":"https:\/\/kosovatimes.info\/index.php\/2026\/04\/29\/moti-ne-shqiperi-i-kthjellet\/#primaryimage"},"thumbnailUrl":"https:\/\/kosovatimes.info\/wp-content\/uploads\/2026\/04\/Moti-3.jpg","datePublished":"2026-04-29T05:40:00+00:00","dateModified":"2026-04-29T05:56:20+00:00","author":{"@id":"https:\/\/kosovatimes.info\/#\/schema\/person\/7586712b9c512fe68085de007378c915"},"breadcrumb":{"@id":"https:\/\/kosovatimes.info\/index.php\/2026\/04\/29\/moti-ne-shqiperi-i-kthjellet\/#breadcrumb"},"inLanguage":"en-US","potentialAction":[{"@type":"ReadAction","target":["https:\/\/kosovatimes.info\/index.php\/2026\/04\/29\/moti-ne-shqiperi-i-kthjellet\/"]}]},{"@type":"ImageObject","inLanguage":"en-US","@id":"https:\/\/kosovatimes.info\/index.php\/2026\/04\/29\/moti-ne-shqiperi-i-kthjellet\/#primaryimage","url":"https:\/\/kosovatimes.info\/wp-content\/uploads\/2026\/04\/Moti-3.jpg","contentUrl":"https:\/\/kosovatimes.info\/wp-content\/uploads\/2026\/04\/Moti-3.jpg","width":770,"height":433},{"@type":"BreadcrumbList","@id":"https:\/\/kosovatimes.info\/index.php\/2026\/04\/29\/moti-ne-shqiperi-i-kthjellet\/#breadcrumb","itemListElement":[{"@type":"ListItem","position":1,"name":"Home","item":"https:\/\/kosovatimes.info\/"},{"@type":"ListItem","position":2,"name":"Moti n\u00eb Shqip\u00ebri i kthjell\u00ebt"}]},{"@type":"WebSite","@id":"https:\/\/kosovatimes.info\/#website","url":"https:\/\/kosovatimes.info\/","name":"Kosova Times","description":"","potentialAction":[{"@type":"SearchAction","target":{"@type":"EntryPoint","urlTemplate":"https:\/\/kosovatimes.info\/?s={search_term_string}"},"query-input":{"@type":"PropertyValueSpecification","valueRequired":true,"valueName":"search_term_string"}}],"inLanguage":"en-US"},{"@type":"Person","@id":"https:\/\/kosovatimes.info\/#\/schema\/person\/7586712b9c512fe68085de007378c915","name":"i l","image":{"@type":"ImageObject","inLanguage":"en-US","@id":"https:\/\/secure.gravatar.com\/avatar\/bad9296e02816160ae2e2435beda58222022298d5625d49fea74d18816fbb31d?s=96&d=mm&r=g","url":"https:\/\/secure.gravatar.com\/avatar\/bad9296e02816160ae2e2435beda58222022298d5625d49fea74d18816fbb31d?s=96&d=mm&r=g","contentUrl":"https:\/\/secure.gravatar.com\/avatar\/bad9296e02816160ae2e2435beda58222022298d5625d49fea74d18816fbb31d?s=96&d=mm&r=g","caption":"i l"},"url":"https:\/\/kosovatimes.info\/index.php\/author\/iliri\/"}]}},"_links":{"self":[{"href":"https:\/\/kosovatimes.info\/index.php\/wp-json\/wp\/v2\/posts\/12393","targetHints":{"allow":["GET"]}}],"collection":[{"href":"https:\/\/kosovatimes.info\/index.php\/wp-json\/wp\/v2\/posts"}],"about":[{"href":"https:\/\/kosovatimes.info\/index.php\/wp-json\/wp\/v2\/types\/post"}],"author":[{"embeddable":true,"href":"https:\/\/kosovatimes.info\/index.php\/wp-json\/wp\/v2\/users\/4"}],"replies":[{"embeddable":true,"href":"https:\/\/kosovatimes.info\/index.php\/wp-json\/wp\/v2\/comments?post=12393"}],"version-history":[{"count":1,"href":"https:\/\/kosovatimes.info\/index.php\/wp-json\/wp\/v2\/posts\/12393\/revisions"}],"predecessor-version":[{"id":12394,"href":"https:\/\/kosovatimes.info\/index.php\/wp-json\/wp\/v2\/posts\/12393\/revisions\/12394"}],"wp:featuredmedia":[{"embeddable":true,"href":"https:\/\/kosovatimes.info\/index.php\/wp-json\/wp\/v2\/media\/8617"}],"wp:attachment":[{"href":"https:\/\/kosovatimes.info\/index.php\/wp-json\/wp\/v2\/media?parent=12393"}],"wp:term":[{"taxonomy":"category","embeddable":true,"href":"https:\/\/kosovatimes.info\/index.php\/wp-json\/wp\/v2\/categories?post=12393"},{"taxonomy":"post_tag","embeddable":true,"href":"https:\/\/kosovatimes.info\/index.php\/wp-json\/wp\/v2\/tags?post=12393"}],"curies":[{"name":"wp","href":"https:\/\/api.w.org\/{rel}","templated":true}]}}