{"id":12397,"date":"2026-04-29T09:07:00","date_gmt":"2026-04-29T07:07:00","guid":{"rendered":"https:\/\/kosovatimes.info\/?p=12397"},"modified":"2026-04-29T09:30:37","modified_gmt":"2026-04-29T07:30:37","slug":"kru-prishtina-afati-per-kontrata-po-skadon","status":"publish","type":"post","link":"https:\/\/kosovatimes.info\/index.php\/2026\/04\/29\/kru-prishtina-afati-per-kontrata-po-skadon\/","title":{"rendered":"KRU `Prishtina`: Afati p\u00ebr kontrata po skadon"},"content":{"rendered":"\n<p><strong>Kompania Rajonale e Uj\u00ebsjell\u00ebsit \u201cPrishtina\u201d u ka b\u00ebr\u00eb thirrje t\u00eb gjith\u00eb konsumator\u00ebve q\u00eb t\u00eb paraqiten sa m\u00eb par\u00eb n\u00eb pikat m\u00eb t\u00eb af\u00ebrta t\u00eb sh\u00ebrbimit p\u00ebr t\u00eb n\u00ebnshkruar kontratat p\u00ebr sh\u00ebrbime, si dhe p\u00ebr t\u00eb kryer pagesat e faturave t\u00eb ujit.<\/strong><\/p>\n\n\n\n<p>Sipas njoftimit zyrtar, afati p\u00ebr n\u00ebnshkrimin e kontratave \u00ebsht\u00eb drejt p\u00ebrfundimit dhe kan\u00eb mbetur vet\u00ebm edhe pak dit\u00eb deri n\u00eb skadimin e tij. Nga kjo kompani theksojn\u00eb se respektimi i k\u00ebtij obligimi \u00ebsht\u00eb i domosdosh\u00ebm p\u00ebr vazhdimin e rregullt t\u00eb furnizimit me uj\u00eb.<\/p>\n\n\n\n<p>N\u00eb t\u00eb kund\u00ebrt\u00ebn, paralajm\u00ebrohet se konsumator\u00ebt q\u00eb nuk e p\u00ebrmbushin k\u00ebt\u00eb detyrim brenda afatit t\u00eb p\u00ebrcaktuar do t\u00eb p\u00ebrballen me nd\u00ebrprerje t\u00eb pashmangshme t\u00eb sh\u00ebrbimeve t\u00eb uj\u00ebsjell\u00ebsit.<\/p>\n\n\n\n<p>KRU \u201cPrishtina\u201d u b\u00ebn apel qytetar\u00ebve q\u00eb t\u00eb veprojn\u00eb me koh\u00eb, n\u00eb m\u00ebnyr\u00eb q\u00eb t\u00eb shmangin pengesa t\u00eb panevojshme dhe t\u00eb sigurojn\u00eb furnizim t\u00eb pand\u00ebrprer\u00eb me uj\u00eb.<\/p>\n","protected":false},"excerpt":{"rendered":"<p>Kompania Rajonale e Uj\u00ebsjell\u00ebsit \u201cPrishtina\u201d u ka b\u00ebr\u00eb thirrje t\u00eb gjith\u00eb konsumator\u00ebve q\u00eb t\u00eb paraqiten sa m\u00eb par\u00eb n\u00eb pikat m\u00eb t\u00eb af\u00ebrta t\u00eb sh\u00ebrbimit p\u00ebr t\u00eb n\u00ebnshkruar kontratat p\u00ebr sh\u00ebrbime, si dhe p\u00ebr t\u00eb kryer pagesat e faturave t\u00eb ujit. Sipas njoftimit zyrtar, afati p\u00ebr n\u00ebnshkrimin e kontratave \u00ebsht\u00eb drejt p\u00ebrfundimit dhe kan\u00eb mbetur [&hellip;]<\/p>\n","protected":false},"author":4,"featured_media":12398,"comment_status":"open","ping_status":"open","sticky":false,"template":"","format":"standard","meta":{"footnotes":""},"categories":[31,30],"tags":[],"class_list":{"0":"post-12397","1":"post","2":"type-post","3":"status-publish","4":"format-standard","5":"has-post-thumbnail","7":"category-kosove","8":"category-lajme"},"yoast_head":"<!-- This site is optimized with the Yoast SEO plugin v27.4 - https:\/\/yoast.com\/product\/yoast-seo-wordpress\/ -->\n<title>KRU `Prishtina`: Afati p\u00ebr kontrata po skadon - Kosova Times<\/title>\n<meta name=\"robots\" content=\"index, follow, max-snippet:-1, max-image-preview:large, max-video-preview:-1\" \/>\n<link rel=\"canonical\" href=\"https:\/\/kosovatimes.info\/index.php\/2026\/04\/29\/kru-prishtina-afati-per-kontrata-po-skadon\/\" \/>\n<meta property=\"og:locale\" content=\"en_US\" \/>\n<meta property=\"og:type\" content=\"article\" \/>\n<meta property=\"og:title\" content=\"KRU `Prishtina`: Afati p\u00ebr kontrata po skadon - Kosova Times\" \/>\n<meta property=\"og:description\" content=\"Kompania Rajonale e Uj\u00ebsjell\u00ebsit \u201cPrishtina\u201d u ka b\u00ebr\u00eb thirrje t\u00eb gjith\u00eb konsumator\u00ebve q\u00eb t\u00eb paraqiten sa m\u00eb par\u00eb n\u00eb pikat m\u00eb t\u00eb af\u00ebrta t\u00eb sh\u00ebrbimit p\u00ebr t\u00eb n\u00ebnshkruar kontratat p\u00ebr sh\u00ebrbime, si dhe p\u00ebr t\u00eb kryer pagesat e faturave t\u00eb ujit. Sipas njoftimit zyrtar, afati p\u00ebr n\u00ebnshkrimin e kontratave \u00ebsht\u00eb drejt p\u00ebrfundimit dhe kan\u00eb mbetur [&hellip;]\" \/>\n<meta property=\"og:url\" content=\"https:\/\/kosovatimes.info\/index.php\/2026\/04\/29\/kru-prishtina-afati-per-kontrata-po-skadon\/\" \/>\n<meta property=\"og:site_name\" content=\"Kosova Times\" \/>\n<meta property=\"article:published_time\" content=\"2026-04-29T07:07:00+00:00\" \/>\n<meta property=\"article:modified_time\" content=\"2026-04-29T07:30:37+00:00\" \/>\n<meta property=\"og:image\" content=\"https:\/\/kosovatimes.info\/wp-content\/uploads\/2026\/04\/KRU.jpg\" \/>\n\t<meta property=\"og:image:width\" content=\"780\" \/>\n\t<meta property=\"og:image:height\" content=\"500\" \/>\n\t<meta property=\"og:image:type\" content=\"image\/jpeg\" \/>\n<meta name=\"author\" content=\"i l\" \/>\n<meta name=\"twitter:card\" content=\"summary_large_image\" \/>\n<meta name=\"twitter:label1\" content=\"Written by\" \/>\n\t<meta name=\"twitter:data1\" content=\"i l\" \/>\n\t<meta name=\"twitter:label2\" content=\"Est. reading time\" \/>\n\t<meta name=\"twitter:data2\" content=\"1 minute\" \/>\n<script type=\"application\/ld+json\" class=\"yoast-schema-graph\">{\"@context\":\"https:\\\/\\\/schema.org\",\"@graph\":[{\"@type\":\"Article\",\"@id\":\"https:\\\/\\\/kosovatimes.info\\\/index.php\\\/2026\\\/04\\\/29\\\/kru-prishtina-afati-per-kontrata-po-skadon\\\/#article\",\"isPartOf\":{\"@id\":\"https:\\\/\\\/kosovatimes.info\\\/index.php\\\/2026\\\/04\\\/29\\\/kru-prishtina-afati-per-kontrata-po-skadon\\\/\"},\"author\":{\"name\":\"i l\",\"@id\":\"https:\\\/\\\/kosovatimes.info\\\/#\\\/schema\\\/person\\\/7586712b9c512fe68085de007378c915\"},\"headline\":\"KRU `Prishtina`: Afati p\u00ebr kontrata po skadon\",\"datePublished\":\"2026-04-29T07:07:00+00:00\",\"dateModified\":\"2026-04-29T07:30:37+00:00\",\"mainEntityOfPage\":{\"@id\":\"https:\\\/\\\/kosovatimes.info\\\/index.php\\\/2026\\\/04\\\/29\\\/kru-prishtina-afati-per-kontrata-po-skadon\\\/\"},\"wordCount\":180,\"commentCount\":0,\"image\":{\"@id\":\"https:\\\/\\\/kosovatimes.info\\\/index.php\\\/2026\\\/04\\\/29\\\/kru-prishtina-afati-per-kontrata-po-skadon\\\/#primaryimage\"},\"thumbnailUrl\":\"https:\\\/\\\/kosovatimes.info\\\/wp-content\\\/uploads\\\/2026\\\/04\\\/KRU.jpg\",\"articleSection\":[\"Kosov\u00eb\",\"Lajme\"],\"inLanguage\":\"en-US\",\"potentialAction\":[{\"@type\":\"CommentAction\",\"name\":\"Comment\",\"target\":[\"https:\\\/\\\/kosovatimes.info\\\/index.php\\\/2026\\\/04\\\/29\\\/kru-prishtina-afati-per-kontrata-po-skadon\\\/#respond\"]}]},{\"@type\":\"WebPage\",\"@id\":\"https:\\\/\\\/kosovatimes.info\\\/index.php\\\/2026\\\/04\\\/29\\\/kru-prishtina-afati-per-kontrata-po-skadon\\\/\",\"url\":\"https:\\\/\\\/kosovatimes.info\\\/index.php\\\/2026\\\/04\\\/29\\\/kru-prishtina-afati-per-kontrata-po-skadon\\\/\",\"name\":\"KRU `Prishtina`: Afati p\u00ebr kontrata po skadon - Kosova Times\",\"isPartOf\":{\"@id\":\"https:\\\/\\\/kosovatimes.info\\\/#website\"},\"primaryImageOfPage\":{\"@id\":\"https:\\\/\\\/kosovatimes.info\\\/index.php\\\/2026\\\/04\\\/29\\\/kru-prishtina-afati-per-kontrata-po-skadon\\\/#primaryimage\"},\"image\":{\"@id\":\"https:\\\/\\\/kosovatimes.info\\\/index.php\\\/2026\\\/04\\\/29\\\/kru-prishtina-afati-per-kontrata-po-skadon\\\/#primaryimage\"},\"thumbnailUrl\":\"https:\\\/\\\/kosovatimes.info\\\/wp-content\\\/uploads\\\/2026\\\/04\\\/KRU.jpg\",\"datePublished\":\"2026-04-29T07:07:00+00:00\",\"dateModified\":\"2026-04-29T07:30:37+00:00\",\"author\":{\"@id\":\"https:\\\/\\\/kosovatimes.info\\\/#\\\/schema\\\/person\\\/7586712b9c512fe68085de007378c915\"},\"breadcrumb\":{\"@id\":\"https:\\\/\\\/kosovatimes.info\\\/index.php\\\/2026\\\/04\\\/29\\\/kru-prishtina-afati-per-kontrata-po-skadon\\\/#breadcrumb\"},\"inLanguage\":\"en-US\",\"potentialAction\":[{\"@type\":\"ReadAction\",\"target\":[\"https:\\\/\\\/kosovatimes.info\\\/index.php\\\/2026\\\/04\\\/29\\\/kru-prishtina-afati-per-kontrata-po-skadon\\\/\"]}]},{\"@type\":\"ImageObject\",\"inLanguage\":\"en-US\",\"@id\":\"https:\\\/\\\/kosovatimes.info\\\/index.php\\\/2026\\\/04\\\/29\\\/kru-prishtina-afati-per-kontrata-po-skadon\\\/#primaryimage\",\"url\":\"https:\\\/\\\/kosovatimes.info\\\/wp-content\\\/uploads\\\/2026\\\/04\\\/KRU.jpg\",\"contentUrl\":\"https:\\\/\\\/kosovatimes.info\\\/wp-content\\\/uploads\\\/2026\\\/04\\\/KRU.jpg\",\"width\":780,\"height\":500},{\"@type\":\"BreadcrumbList\",\"@id\":\"https:\\\/\\\/kosovatimes.info\\\/index.php\\\/2026\\\/04\\\/29\\\/kru-prishtina-afati-per-kontrata-po-skadon\\\/#breadcrumb\",\"itemListElement\":[{\"@type\":\"ListItem\",\"position\":1,\"name\":\"Home\",\"item\":\"https:\\\/\\\/kosovatimes.info\\\/\"},{\"@type\":\"ListItem\",\"position\":2,\"name\":\"KRU `Prishtina`: Afati p\u00ebr kontrata po skadon\"}]},{\"@type\":\"WebSite\",\"@id\":\"https:\\\/\\\/kosovatimes.info\\\/#website\",\"url\":\"https:\\\/\\\/kosovatimes.info\\\/\",\"name\":\"Kosova Times\",\"description\":\"\",\"potentialAction\":[{\"@type\":\"SearchAction\",\"target\":{\"@type\":\"EntryPoint\",\"urlTemplate\":\"https:\\\/\\\/kosovatimes.info\\\/?s={search_term_string}\"},\"query-input\":{\"@type\":\"PropertyValueSpecification\",\"valueRequired\":true,\"valueName\":\"search_term_string\"}}],\"inLanguage\":\"en-US\"},{\"@type\":\"Person\",\"@id\":\"https:\\\/\\\/kosovatimes.info\\\/#\\\/schema\\\/person\\\/7586712b9c512fe68085de007378c915\",\"name\":\"i l\",\"image\":{\"@type\":\"ImageObject\",\"inLanguage\":\"en-US\",\"@id\":\"https:\\\/\\\/secure.gravatar.com\\\/avatar\\\/bad9296e02816160ae2e2435beda58222022298d5625d49fea74d18816fbb31d?s=96&d=mm&r=g\",\"url\":\"https:\\\/\\\/secure.gravatar.com\\\/avatar\\\/bad9296e02816160ae2e2435beda58222022298d5625d49fea74d18816fbb31d?s=96&d=mm&r=g\",\"contentUrl\":\"https:\\\/\\\/secure.gravatar.com\\\/avatar\\\/bad9296e02816160ae2e2435beda58222022298d5625d49fea74d18816fbb31d?s=96&d=mm&r=g\",\"caption\":\"i l\"},\"url\":\"https:\\\/\\\/kosovatimes.info\\\/index.php\\\/author\\\/iliri\\\/\"}]}<\/script>\n<!-- \/ Yoast SEO plugin. -->","yoast_head_json":{"title":"KRU `Prishtina`: Afati p\u00ebr kontrata po skadon - Kosova Times","robots":{"index":"index","follow":"follow","max-snippet":"max-snippet:-1","max-image-preview":"max-image-preview:large","max-video-preview":"max-video-preview:-1"},"canonical":"https:\/\/kosovatimes.info\/index.php\/2026\/04\/29\/kru-prishtina-afati-per-kontrata-po-skadon\/","og_locale":"en_US","og_type":"article","og_title":"KRU `Prishtina`: Afati p\u00ebr kontrata po skadon - Kosova Times","og_description":"Kompania Rajonale e Uj\u00ebsjell\u00ebsit \u201cPrishtina\u201d u ka b\u00ebr\u00eb thirrje t\u00eb gjith\u00eb konsumator\u00ebve q\u00eb t\u00eb paraqiten sa m\u00eb par\u00eb n\u00eb pikat m\u00eb t\u00eb af\u00ebrta t\u00eb sh\u00ebrbimit p\u00ebr t\u00eb n\u00ebnshkruar kontratat p\u00ebr sh\u00ebrbime, si dhe p\u00ebr t\u00eb kryer pagesat e faturave t\u00eb ujit. Sipas njoftimit zyrtar, afati p\u00ebr n\u00ebnshkrimin e kontratave \u00ebsht\u00eb drejt p\u00ebrfundimit dhe kan\u00eb mbetur [&hellip;]","og_url":"https:\/\/kosovatimes.info\/index.php\/2026\/04\/29\/kru-prishtina-afati-per-kontrata-po-skadon\/","og_site_name":"Kosova Times","article_published_time":"2026-04-29T07:07:00+00:00","article_modified_time":"2026-04-29T07:30:37+00:00","og_image":[{"width":780,"height":500,"url":"https:\/\/kosovatimes.info\/wp-content\/uploads\/2026\/04\/KRU.jpg","type":"image\/jpeg"}],"author":"i l","twitter_card":"summary_large_image","twitter_misc":{"Written by":"i l","Est. reading time":"1 minute"},"schema":{"@context":"https:\/\/schema.org","@graph":[{"@type":"Article","@id":"https:\/\/kosovatimes.info\/index.php\/2026\/04\/29\/kru-prishtina-afati-per-kontrata-po-skadon\/#article","isPartOf":{"@id":"https:\/\/kosovatimes.info\/index.php\/2026\/04\/29\/kru-prishtina-afati-per-kontrata-po-skadon\/"},"author":{"name":"i l","@id":"https:\/\/kosovatimes.info\/#\/schema\/person\/7586712b9c512fe68085de007378c915"},"headline":"KRU `Prishtina`: Afati p\u00ebr kontrata po skadon","datePublished":"2026-04-29T07:07:00+00:00","dateModified":"2026-04-29T07:30:37+00:00","mainEntityOfPage":{"@id":"https:\/\/kosovatimes.info\/index.php\/2026\/04\/29\/kru-prishtina-afati-per-kontrata-po-skadon\/"},"wordCount":180,"commentCount":0,"image":{"@id":"https:\/\/kosovatimes.info\/index.php\/2026\/04\/29\/kru-prishtina-afati-per-kontrata-po-skadon\/#primaryimage"},"thumbnailUrl":"https:\/\/kosovatimes.info\/wp-content\/uploads\/2026\/04\/KRU.jpg","articleSection":["Kosov\u00eb","Lajme"],"inLanguage":"en-US","potentialAction":[{"@type":"CommentAction","name":"Comment","target":["https:\/\/kosovatimes.info\/index.php\/2026\/04\/29\/kru-prishtina-afati-per-kontrata-po-skadon\/#respond"]}]},{"@type":"WebPage","@id":"https:\/\/kosovatimes.info\/index.php\/2026\/04\/29\/kru-prishtina-afati-per-kontrata-po-skadon\/","url":"https:\/\/kosovatimes.info\/index.php\/2026\/04\/29\/kru-prishtina-afati-per-kontrata-po-skadon\/","name":"KRU `Prishtina`: Afati p\u00ebr kontrata po skadon - Kosova Times","isPartOf":{"@id":"https:\/\/kosovatimes.info\/#website"},"primaryImageOfPage":{"@id":"https:\/\/kosovatimes.info\/index.php\/2026\/04\/29\/kru-prishtina-afati-per-kontrata-po-skadon\/#primaryimage"},"image":{"@id":"https:\/\/kosovatimes.info\/index.php\/2026\/04\/29\/kru-prishtina-afati-per-kontrata-po-skadon\/#primaryimage"},"thumbnailUrl":"https:\/\/kosovatimes.info\/wp-content\/uploads\/2026\/04\/KRU.jpg","datePublished":"2026-04-29T07:07:00+00:00","dateModified":"2026-04-29T07:30:37+00:00","author":{"@id":"https:\/\/kosovatimes.info\/#\/schema\/person\/7586712b9c512fe68085de007378c915"},"breadcrumb":{"@id":"https:\/\/kosovatimes.info\/index.php\/2026\/04\/29\/kru-prishtina-afati-per-kontrata-po-skadon\/#breadcrumb"},"inLanguage":"en-US","potentialAction":[{"@type":"ReadAction","target":["https:\/\/kosovatimes.info\/index.php\/2026\/04\/29\/kru-prishtina-afati-per-kontrata-po-skadon\/"]}]},{"@type":"ImageObject","inLanguage":"en-US","@id":"https:\/\/kosovatimes.info\/index.php\/2026\/04\/29\/kru-prishtina-afati-per-kontrata-po-skadon\/#primaryimage","url":"https:\/\/kosovatimes.info\/wp-content\/uploads\/2026\/04\/KRU.jpg","contentUrl":"https:\/\/kosovatimes.info\/wp-content\/uploads\/2026\/04\/KRU.jpg","width":780,"height":500},{"@type":"BreadcrumbList","@id":"https:\/\/kosovatimes.info\/index.php\/2026\/04\/29\/kru-prishtina-afati-per-kontrata-po-skadon\/#breadcrumb","itemListElement":[{"@type":"ListItem","position":1,"name":"Home","item":"https:\/\/kosovatimes.info\/"},{"@type":"ListItem","position":2,"name":"KRU `Prishtina`: Afati p\u00ebr kontrata po skadon"}]},{"@type":"WebSite","@id":"https:\/\/kosovatimes.info\/#website","url":"https:\/\/kosovatimes.info\/","name":"Kosova Times","description":"","potentialAction":[{"@type":"SearchAction","target":{"@type":"EntryPoint","urlTemplate":"https:\/\/kosovatimes.info\/?s={search_term_string}"},"query-input":{"@type":"PropertyValueSpecification","valueRequired":true,"valueName":"search_term_string"}}],"inLanguage":"en-US"},{"@type":"Person","@id":"https:\/\/kosovatimes.info\/#\/schema\/person\/7586712b9c512fe68085de007378c915","name":"i l","image":{"@type":"ImageObject","inLanguage":"en-US","@id":"https:\/\/secure.gravatar.com\/avatar\/bad9296e02816160ae2e2435beda58222022298d5625d49fea74d18816fbb31d?s=96&d=mm&r=g","url":"https:\/\/secure.gravatar.com\/avatar\/bad9296e02816160ae2e2435beda58222022298d5625d49fea74d18816fbb31d?s=96&d=mm&r=g","contentUrl":"https:\/\/secure.gravatar.com\/avatar\/bad9296e02816160ae2e2435beda58222022298d5625d49fea74d18816fbb31d?s=96&d=mm&r=g","caption":"i l"},"url":"https:\/\/kosovatimes.info\/index.php\/author\/iliri\/"}]}},"_links":{"self":[{"href":"https:\/\/kosovatimes.info\/index.php\/wp-json\/wp\/v2\/posts\/12397","targetHints":{"allow":["GET"]}}],"collection":[{"href":"https:\/\/kosovatimes.info\/index.php\/wp-json\/wp\/v2\/posts"}],"about":[{"href":"https:\/\/kosovatimes.info\/index.php\/wp-json\/wp\/v2\/types\/post"}],"author":[{"embeddable":true,"href":"https:\/\/kosovatimes.info\/index.php\/wp-json\/wp\/v2\/users\/4"}],"replies":[{"embeddable":true,"href":"https:\/\/kosovatimes.info\/index.php\/wp-json\/wp\/v2\/comments?post=12397"}],"version-history":[{"count":1,"href":"https:\/\/kosovatimes.info\/index.php\/wp-json\/wp\/v2\/posts\/12397\/revisions"}],"predecessor-version":[{"id":12399,"href":"https:\/\/kosovatimes.info\/index.php\/wp-json\/wp\/v2\/posts\/12397\/revisions\/12399"}],"wp:featuredmedia":[{"embeddable":true,"href":"https:\/\/kosovatimes.info\/index.php\/wp-json\/wp\/v2\/media\/12398"}],"wp:attachment":[{"href":"https:\/\/kosovatimes.info\/index.php\/wp-json\/wp\/v2\/media?parent=12397"}],"wp:term":[{"taxonomy":"category","embeddable":true,"href":"https:\/\/kosovatimes.info\/index.php\/wp-json\/wp\/v2\/categories?post=12397"},{"taxonomy":"post_tag","embeddable":true,"href":"https:\/\/kosovatimes.info\/index.php\/wp-json\/wp\/v2\/tags?post=12397"}],"curies":[{"name":"wp","href":"https:\/\/api.w.org\/{rel}","templated":true}]}}