{"id":12400,"date":"2026-04-29T09:40:32","date_gmt":"2026-04-29T07:40:32","guid":{"rendered":"https:\/\/kosovatimes.info\/?p=12400"},"modified":"2026-04-29T09:40:35","modified_gmt":"2026-04-29T07:40:35","slug":"politico-pse-merz-po-sulmon-tani-trumpin-dhe-brukselin","status":"publish","type":"post","link":"https:\/\/kosovatimes.info\/index.php\/2026\/04\/29\/politico-pse-merz-po-sulmon-tani-trumpin-dhe-brukselin\/","title":{"rendered":"Politico: Pse Merz po sulmon tani Trumpin dhe Brukselin?"},"content":{"rendered":"\n<p>Friedrich&nbsp;<strong>Merz<\/strong>&nbsp;&nbsp;u zgjodh me premtimin p\u00ebr t\u00eb ringjallur ekonomin\u00eb e Gjermanis\u00eb. Nj\u00eb vit m\u00eb von\u00eb, rezultatet jan\u00eb zhg\u00ebnjyese. Rritja mbetet e dob\u00ebt dhe qeveria e tij po kritikohet p\u00ebr d\u00ebshtimin e saj n\u00eb zbatimin e reformave kuptimplote,&nbsp;<strong>raporton Politico<\/strong>&nbsp;, duke v\u00ebn\u00eb n\u00eb dukje se kancelari gjerman duket se &#8220;faj\u00ebson t\u00eb gjith\u00eb p\u00ebrve\u00e7 vetes&#8221;.<\/p>\n\n\n\n<p>N\u00eb nd\u00ebrhyrjet e tij publike,&nbsp;<strong>Kancelari ia atribuon nj\u00eb pjes\u00eb t\u00eb problemeve faktor\u00ebve t\u00eb jasht\u00ebm<\/strong>&nbsp;, si\u00e7 jan\u00eb lufta n\u00eb Iran dhe rritja e \u00e7mimeve t\u00eb energjis\u00eb, duke theksuar se ato kan\u00eb nj\u00eb ndikim t\u00eb drejtp\u00ebrdrejt\u00eb n\u00eb ekonomin\u00eb gjermane.<\/p>\n\n\n\n<p>Merz zgjodhi nj\u00eb vend t\u00eb papritur k\u00ebt\u00eb jav\u00eb p\u00ebr t\u00eb shprehur pak\u00ebnaq\u00ebsin\u00eb e tij:&nbsp;<strong>sken\u00ebn e nj\u00eb amfiteatri shkollor n\u00eb qytetin e tij t\u00eb lindjes, n\u00eb nj\u00eb zon\u00eb rurale t\u00eb Gjermanis\u00eb per\u00ebndimore<\/strong>&nbsp;.<\/p>\n\n\n\n<p>Ai u tha student\u00ebve se&nbsp;<strong>SHBA-t\u00eb jan\u00eb \u201cposht\u00ebruar\u201d nga regjimi iranian<\/strong>&nbsp;, se nuk kan\u00eb strategji p\u00ebr t\u2019i dh\u00ebn\u00eb fund luft\u00ebs dhe se negociatat e paqes kan\u00eb qen\u00eb t\u00eb pafrytshme &#8211; nj\u00eb zhvillim q\u00eb, p\u00ebr shkak t\u00eb \u00e7mimeve n\u00eb rritje t\u00eb energjis\u00eb, po i shkakton d\u00ebme t\u00eb konsiderueshme ekonomike Gjermanis\u00eb.<\/p>\n\n\n\n<p>\u201cPo na kushton shum\u00eb para \u2013 shum\u00eb para t\u00eb taksapaguesve \u2013 dhe po na kushton shum\u00eb fuqi ekonomike\u201d, tha Merz. \u201cKjo luft\u00eb kund\u00ebr Iranit ka nj\u00eb ndikim t\u00eb drejtp\u00ebrdrejt\u00eb n\u00eb performanc\u00ebn ton\u00eb ekonomike dhe p\u00ebr k\u00ebt\u00eb arsye duhet t\u00eb p\u00ebrfundoj\u00eb sa m\u00eb shpejt t\u00eb jet\u00eb e mundur.\u201d<\/p>\n\n\n\n<p>Ishte sulmi m\u00eb i ashp\u00ebr i Merz deri m\u00eb tani ndaj m\u00ebnyr\u00ebs se si\u00a0<strong>Donald Trump<\/strong>\u00a0e trajtoi luft\u00ebn n\u00eb Iran dhe shkaktoi nj\u00eb p\u00ebrgjigje verbale nga presidenti amerikan, i cili n\u00eb nj\u00eb postim n\u00eb platform\u00ebn Truth Social pretendoi se kancelari \u00ebsht\u00eb &#8220;n\u00eb rregull&#8221; me mund\u00ebsin\u00eb q\u00eb regjimi i Teheranit t\u00eb pajiset me arm\u00eb b\u00ebrthamore.\u00a0<strong>&#8220;Ai nuk e di p\u00ebr \u00e7far\u00eb po flet!&#8221;<\/strong>\u00a0shkroi Trump. &#8220;Nuk \u00ebsht\u00eb \u00e7udi q\u00eb Gjermania po shkon kaq keq, si ekonomikisht ashtu edhe n\u00eb p\u00ebrgjith\u00ebsi!&#8221; shtoi ai.P\u00ebr Merz, i cili \u00ebsht\u00eb p\u00ebrpjekur t\u00eb ruaj\u00eb marr\u00ebdh\u00ebnie miq\u00ebsore me Trump, qortimi ka t\u00eb ngjar\u00eb t\u00eb pasqyroj\u00eb nj\u00eb q\u00ebllim t\u00eb qart\u00eb politik. Trump dhe lufta jan\u00eb shum\u00eb t\u00eb pap\u00eblqyesh\u00ebm n\u00eb&nbsp;<strong>Gjermani<\/strong>&nbsp;, duke i b\u00ebr\u00eb ata objektiva t\u00eb p\u00ebrshtatsh\u00ebm p\u00ebr kancelarin.<\/p>\n\n\n\n<p>E nj\u00ebjta logjik\u00eb qeveris sulmet e Merz ndaj Brukselit:&nbsp;<strong>denoncimi i burokracis\u00eb<\/strong>&nbsp;&#8211; nga rregullat mbi inteligjenc\u00ebn artificiale te shpenzimet publike &#8211; gjen jehon\u00eb t\u00eb ve\u00e7ant\u00eb n\u00eb qarqet e biznesit brenda vendit, nd\u00ebrsa n\u00eb t\u00eb nj\u00ebjt\u00ebn koh\u00eb zhvendos p\u00ebrgjegj\u00ebsin\u00eb p\u00ebr problemet jasht\u00eb vendit.<\/p>\n\n\n\n<p>N\u00eb nj\u00eb panair tregtar n\u00eb\u00a0<strong>Hanover<\/strong>\u00a0m\u00eb her\u00ebt k\u00ebt\u00eb muaj, kancelari tha se do t\u00eb nxiste \u201cp\u00ebrjashtimin e inteligjenc\u00ebs artificiale industriale nga regjimi aktual rregullator\u201d i imponuar nga BE-ja. Konservator\u00ebt e Merz kan\u00eb nisur gjithashtu nj\u00eb presion q\u00eb Presidentja e Komisionit Evropian,\u00a0<strong>Ursula von der Leyen,<\/strong>\u00a0t\u00eb nxis\u00eb shkurtime m\u00eb drastike t\u00eb rregulloreve, nd\u00ebrsa ai i ka kund\u00ebrshtuar fuqimisht planet e saj buxhetore, duke k\u00ebrkuar n\u00eb vend t\u00eb k\u00ebsaj \u201cshkurtime horizontale n\u00eb t\u00eb gjitha aspektet\u201d e propozimit t\u00eb Komisionit.Megjithat\u00eb, kjo strategji pasqyron edhe v\u00ebshtir\u00ebsit\u00eb e tij politike n\u00eb vend:&nbsp;<strong>popullariteti i tij ka r\u00ebn\u00eb n\u00eb nivelet m\u00eb t\u00eb ul\u00ebta historike , nd\u00ebrsa&nbsp;<\/strong><strong>Alternativa p\u00ebr Gjermanin\u00eb<\/strong>&nbsp;(AfD) e ekstremit t\u00eb djatht\u00eb&nbsp;po fiton ndjesh\u00ebm n\u00eb sondazhe.<\/p>\n\n\n\n<p>Pavar\u00ebsisht paketave t\u00eb m\u00ebdha t\u00eb investimeve t\u00eb shpallura nga qeveria e tij p\u00ebr infrastruktur\u00ebn dhe mbrojtjen, rezultatet n\u00eb ekonomi kan\u00eb qen\u00eb t\u00eb kufizuara. N\u00eb t\u00eb nj\u00ebjt\u00ebn koh\u00eb, kufizimet buxhetore dhe mosmarr\u00ebveshjet e brendshme me&nbsp;<strong>Social Demokrat\u00ebt<\/strong>&nbsp;e b\u00ebjn\u00eb t\u00eb v\u00ebshtir\u00eb shtyrjen p\u00ebrpara t\u00eb reformave n\u00eb fusha t\u00eb tilla si&nbsp;<strong>sistemet e&nbsp;<\/strong><strong>pensioneve<\/strong>&nbsp;dhe t\u00eb kujdesit sh\u00ebndet\u00ebsor&nbsp;.<strong><\/strong><\/p>\n\n\n\n<p>Si\u00e7 v\u00ebrejn\u00eb figurat e biznesit, problemet nd\u00ebrkomb\u00ebtare &#8211; t\u00eb tilla si&nbsp;<strong>lufta n\u00eb Iran<\/strong>&nbsp;&#8211; e kan\u00eb p\u00ebrkeq\u00ebsuar situat\u00ebn, por nuk e kan\u00eb shkaktuar at\u00eb. &#8220;Shkaku q\u00ebndron tek ne&#8221;, tha nj\u00eb p\u00ebrfaq\u00ebsues i industris\u00eb gjermane, duke theksuar se Gjermania po p\u00ebrballet kryesisht me&nbsp;<strong>probleme strukturore t\u00eb konkurrueshm\u00ebris\u00eb<\/strong>&nbsp;.<\/p>\n\n\n\n<p>Merz p\u00ebrballet me nj\u00eb udh\u00ebkryq t\u00eb v\u00ebshtir\u00eb politik dhe ekonomik, pa zgjidhje t\u00eb lehta dhe me presion n\u00eb rritje si nga shoq\u00ebria ashtu edhe nga sistemi politik.<\/p>\n\n\n\n<p><em>Burimi: Politico<\/em><\/p>\n","protected":false},"excerpt":{"rendered":"<p>Friedrich&nbsp;Merz&nbsp;&nbsp;u zgjodh me premtimin p\u00ebr t\u00eb ringjallur ekonomin\u00eb e Gjermanis\u00eb. Nj\u00eb vit m\u00eb von\u00eb, rezultatet jan\u00eb zhg\u00ebnjyese. Rritja mbetet e dob\u00ebt dhe qeveria e tij po kritikohet p\u00ebr d\u00ebshtimin e saj n\u00eb zbatimin e reformave kuptimplote,&nbsp;raporton Politico&nbsp;, duke v\u00ebn\u00eb n\u00eb dukje se kancelari gjerman duket se &#8220;faj\u00ebson t\u00eb gjith\u00eb p\u00ebrve\u00e7 vetes&#8221;. N\u00eb nd\u00ebrhyrjet e tij [&hellip;]<\/p>\n","protected":false},"author":4,"featured_media":12402,"comment_status":"open","ping_status":"open","sticky":false,"template":"","format":"standard","meta":{"footnotes":""},"categories":[33,30],"tags":[],"class_list":{"0":"post-12400","1":"post","2":"type-post","3":"status-publish","4":"format-standard","5":"has-post-thumbnail","7":"category-bote","8":"category-lajme"},"yoast_head":"<!-- This site is optimized with the Yoast SEO plugin v27.4 - https:\/\/yoast.com\/product\/yoast-seo-wordpress\/ -->\n<title>Politico: Pse Merz po sulmon tani Trumpin dhe Brukselin? - Kosova Times<\/title>\n<meta name=\"robots\" content=\"index, follow, max-snippet:-1, max-image-preview:large, max-video-preview:-1\" \/>\n<link rel=\"canonical\" href=\"https:\/\/kosovatimes.info\/index.php\/2026\/04\/29\/politico-pse-merz-po-sulmon-tani-trumpin-dhe-brukselin\/\" \/>\n<meta property=\"og:locale\" content=\"en_US\" \/>\n<meta property=\"og:type\" content=\"article\" \/>\n<meta property=\"og:title\" content=\"Politico: Pse Merz po sulmon tani Trumpin dhe Brukselin? - Kosova Times\" \/>\n<meta property=\"og:description\" content=\"Friedrich&nbsp;Merz&nbsp;&nbsp;u zgjodh me premtimin p\u00ebr t\u00eb ringjallur ekonomin\u00eb e Gjermanis\u00eb. Nj\u00eb vit m\u00eb von\u00eb, rezultatet jan\u00eb zhg\u00ebnjyese. Rritja mbetet e dob\u00ebt dhe qeveria e tij po kritikohet p\u00ebr d\u00ebshtimin e saj n\u00eb zbatimin e reformave kuptimplote,&nbsp;raporton Politico&nbsp;, duke v\u00ebn\u00eb n\u00eb dukje se kancelari gjerman duket se &#8220;faj\u00ebson t\u00eb gjith\u00eb p\u00ebrve\u00e7 vetes&#8221;. N\u00eb nd\u00ebrhyrjet e tij [&hellip;]\" \/>\n<meta property=\"og:url\" content=\"https:\/\/kosovatimes.info\/index.php\/2026\/04\/29\/politico-pse-merz-po-sulmon-tani-trumpin-dhe-brukselin\/\" \/>\n<meta property=\"og:site_name\" content=\"Kosova Times\" \/>\n<meta property=\"article:published_time\" content=\"2026-04-29T07:40:32+00:00\" \/>\n<meta property=\"article:modified_time\" content=\"2026-04-29T07:40:35+00:00\" \/>\n<meta property=\"og:image\" content=\"https:\/\/kosovatimes.info\/wp-content\/uploads\/2026\/04\/merz-1.jpg\" \/>\n\t<meta property=\"og:image:width\" content=\"2560\" \/>\n\t<meta property=\"og:image:height\" content=\"1707\" \/>\n\t<meta property=\"og:image:type\" content=\"image\/jpeg\" \/>\n<meta name=\"author\" content=\"i l\" \/>\n<meta name=\"twitter:card\" content=\"summary_large_image\" \/>\n<meta name=\"twitter:label1\" content=\"Written by\" \/>\n\t<meta name=\"twitter:data1\" content=\"i l\" \/>\n\t<meta name=\"twitter:label2\" content=\"Est. reading time\" \/>\n\t<meta name=\"twitter:data2\" content=\"3 minutes\" \/>\n<script type=\"application\/ld+json\" class=\"yoast-schema-graph\">{\"@context\":\"https:\\\/\\\/schema.org\",\"@graph\":[{\"@type\":\"Article\",\"@id\":\"https:\\\/\\\/kosovatimes.info\\\/index.php\\\/2026\\\/04\\\/29\\\/politico-pse-merz-po-sulmon-tani-trumpin-dhe-brukselin\\\/#article\",\"isPartOf\":{\"@id\":\"https:\\\/\\\/kosovatimes.info\\\/index.php\\\/2026\\\/04\\\/29\\\/politico-pse-merz-po-sulmon-tani-trumpin-dhe-brukselin\\\/\"},\"author\":{\"name\":\"i l\",\"@id\":\"https:\\\/\\\/kosovatimes.info\\\/#\\\/schema\\\/person\\\/7586712b9c512fe68085de007378c915\"},\"headline\":\"Politico: Pse Merz po sulmon tani Trumpin dhe Brukselin?\",\"datePublished\":\"2026-04-29T07:40:32+00:00\",\"dateModified\":\"2026-04-29T07:40:35+00:00\",\"mainEntityOfPage\":{\"@id\":\"https:\\\/\\\/kosovatimes.info\\\/index.php\\\/2026\\\/04\\\/29\\\/politico-pse-merz-po-sulmon-tani-trumpin-dhe-brukselin\\\/\"},\"wordCount\":777,\"commentCount\":0,\"image\":{\"@id\":\"https:\\\/\\\/kosovatimes.info\\\/index.php\\\/2026\\\/04\\\/29\\\/politico-pse-merz-po-sulmon-tani-trumpin-dhe-brukselin\\\/#primaryimage\"},\"thumbnailUrl\":\"https:\\\/\\\/kosovatimes.info\\\/wp-content\\\/uploads\\\/2026\\\/04\\\/merz-1.jpg\",\"articleSection\":[\"Bot\u00eb\",\"Lajme\"],\"inLanguage\":\"en-US\",\"potentialAction\":[{\"@type\":\"CommentAction\",\"name\":\"Comment\",\"target\":[\"https:\\\/\\\/kosovatimes.info\\\/index.php\\\/2026\\\/04\\\/29\\\/politico-pse-merz-po-sulmon-tani-trumpin-dhe-brukselin\\\/#respond\"]}]},{\"@type\":\"WebPage\",\"@id\":\"https:\\\/\\\/kosovatimes.info\\\/index.php\\\/2026\\\/04\\\/29\\\/politico-pse-merz-po-sulmon-tani-trumpin-dhe-brukselin\\\/\",\"url\":\"https:\\\/\\\/kosovatimes.info\\\/index.php\\\/2026\\\/04\\\/29\\\/politico-pse-merz-po-sulmon-tani-trumpin-dhe-brukselin\\\/\",\"name\":\"Politico: Pse Merz po sulmon tani Trumpin dhe Brukselin? - Kosova Times\",\"isPartOf\":{\"@id\":\"https:\\\/\\\/kosovatimes.info\\\/#website\"},\"primaryImageOfPage\":{\"@id\":\"https:\\\/\\\/kosovatimes.info\\\/index.php\\\/2026\\\/04\\\/29\\\/politico-pse-merz-po-sulmon-tani-trumpin-dhe-brukselin\\\/#primaryimage\"},\"image\":{\"@id\":\"https:\\\/\\\/kosovatimes.info\\\/index.php\\\/2026\\\/04\\\/29\\\/politico-pse-merz-po-sulmon-tani-trumpin-dhe-brukselin\\\/#primaryimage\"},\"thumbnailUrl\":\"https:\\\/\\\/kosovatimes.info\\\/wp-content\\\/uploads\\\/2026\\\/04\\\/merz-1.jpg\",\"datePublished\":\"2026-04-29T07:40:32+00:00\",\"dateModified\":\"2026-04-29T07:40:35+00:00\",\"author\":{\"@id\":\"https:\\\/\\\/kosovatimes.info\\\/#\\\/schema\\\/person\\\/7586712b9c512fe68085de007378c915\"},\"breadcrumb\":{\"@id\":\"https:\\\/\\\/kosovatimes.info\\\/index.php\\\/2026\\\/04\\\/29\\\/politico-pse-merz-po-sulmon-tani-trumpin-dhe-brukselin\\\/#breadcrumb\"},\"inLanguage\":\"en-US\",\"potentialAction\":[{\"@type\":\"ReadAction\",\"target\":[\"https:\\\/\\\/kosovatimes.info\\\/index.php\\\/2026\\\/04\\\/29\\\/politico-pse-merz-po-sulmon-tani-trumpin-dhe-brukselin\\\/\"]}]},{\"@type\":\"ImageObject\",\"inLanguage\":\"en-US\",\"@id\":\"https:\\\/\\\/kosovatimes.info\\\/index.php\\\/2026\\\/04\\\/29\\\/politico-pse-merz-po-sulmon-tani-trumpin-dhe-brukselin\\\/#primaryimage\",\"url\":\"https:\\\/\\\/kosovatimes.info\\\/wp-content\\\/uploads\\\/2026\\\/04\\\/merz-1.jpg\",\"contentUrl\":\"https:\\\/\\\/kosovatimes.info\\\/wp-content\\\/uploads\\\/2026\\\/04\\\/merz-1.jpg\",\"width\":2560,\"height\":1707},{\"@type\":\"BreadcrumbList\",\"@id\":\"https:\\\/\\\/kosovatimes.info\\\/index.php\\\/2026\\\/04\\\/29\\\/politico-pse-merz-po-sulmon-tani-trumpin-dhe-brukselin\\\/#breadcrumb\",\"itemListElement\":[{\"@type\":\"ListItem\",\"position\":1,\"name\":\"Home\",\"item\":\"https:\\\/\\\/kosovatimes.info\\\/\"},{\"@type\":\"ListItem\",\"position\":2,\"name\":\"Politico: Pse Merz po sulmon tani Trumpin dhe Brukselin?\"}]},{\"@type\":\"WebSite\",\"@id\":\"https:\\\/\\\/kosovatimes.info\\\/#website\",\"url\":\"https:\\\/\\\/kosovatimes.info\\\/\",\"name\":\"Kosova Times\",\"description\":\"\",\"potentialAction\":[{\"@type\":\"SearchAction\",\"target\":{\"@type\":\"EntryPoint\",\"urlTemplate\":\"https:\\\/\\\/kosovatimes.info\\\/?s={search_term_string}\"},\"query-input\":{\"@type\":\"PropertyValueSpecification\",\"valueRequired\":true,\"valueName\":\"search_term_string\"}}],\"inLanguage\":\"en-US\"},{\"@type\":\"Person\",\"@id\":\"https:\\\/\\\/kosovatimes.info\\\/#\\\/schema\\\/person\\\/7586712b9c512fe68085de007378c915\",\"name\":\"i l\",\"image\":{\"@type\":\"ImageObject\",\"inLanguage\":\"en-US\",\"@id\":\"https:\\\/\\\/secure.gravatar.com\\\/avatar\\\/bad9296e02816160ae2e2435beda58222022298d5625d49fea74d18816fbb31d?s=96&d=mm&r=g\",\"url\":\"https:\\\/\\\/secure.gravatar.com\\\/avatar\\\/bad9296e02816160ae2e2435beda58222022298d5625d49fea74d18816fbb31d?s=96&d=mm&r=g\",\"contentUrl\":\"https:\\\/\\\/secure.gravatar.com\\\/avatar\\\/bad9296e02816160ae2e2435beda58222022298d5625d49fea74d18816fbb31d?s=96&d=mm&r=g\",\"caption\":\"i l\"},\"url\":\"https:\\\/\\\/kosovatimes.info\\\/index.php\\\/author\\\/iliri\\\/\"}]}<\/script>\n<!-- \/ Yoast SEO plugin. -->","yoast_head_json":{"title":"Politico: Pse Merz po sulmon tani Trumpin dhe Brukselin? - Kosova Times","robots":{"index":"index","follow":"follow","max-snippet":"max-snippet:-1","max-image-preview":"max-image-preview:large","max-video-preview":"max-video-preview:-1"},"canonical":"https:\/\/kosovatimes.info\/index.php\/2026\/04\/29\/politico-pse-merz-po-sulmon-tani-trumpin-dhe-brukselin\/","og_locale":"en_US","og_type":"article","og_title":"Politico: Pse Merz po sulmon tani Trumpin dhe Brukselin? - Kosova Times","og_description":"Friedrich&nbsp;Merz&nbsp;&nbsp;u zgjodh me premtimin p\u00ebr t\u00eb ringjallur ekonomin\u00eb e Gjermanis\u00eb. Nj\u00eb vit m\u00eb von\u00eb, rezultatet jan\u00eb zhg\u00ebnjyese. Rritja mbetet e dob\u00ebt dhe qeveria e tij po kritikohet p\u00ebr d\u00ebshtimin e saj n\u00eb zbatimin e reformave kuptimplote,&nbsp;raporton Politico&nbsp;, duke v\u00ebn\u00eb n\u00eb dukje se kancelari gjerman duket se &#8220;faj\u00ebson t\u00eb gjith\u00eb p\u00ebrve\u00e7 vetes&#8221;. N\u00eb nd\u00ebrhyrjet e tij [&hellip;]","og_url":"https:\/\/kosovatimes.info\/index.php\/2026\/04\/29\/politico-pse-merz-po-sulmon-tani-trumpin-dhe-brukselin\/","og_site_name":"Kosova Times","article_published_time":"2026-04-29T07:40:32+00:00","article_modified_time":"2026-04-29T07:40:35+00:00","og_image":[{"width":2560,"height":1707,"url":"https:\/\/kosovatimes.info\/wp-content\/uploads\/2026\/04\/merz-1.jpg","type":"image\/jpeg"}],"author":"i l","twitter_card":"summary_large_image","twitter_misc":{"Written by":"i l","Est. reading time":"3 minutes"},"schema":{"@context":"https:\/\/schema.org","@graph":[{"@type":"Article","@id":"https:\/\/kosovatimes.info\/index.php\/2026\/04\/29\/politico-pse-merz-po-sulmon-tani-trumpin-dhe-brukselin\/#article","isPartOf":{"@id":"https:\/\/kosovatimes.info\/index.php\/2026\/04\/29\/politico-pse-merz-po-sulmon-tani-trumpin-dhe-brukselin\/"},"author":{"name":"i l","@id":"https:\/\/kosovatimes.info\/#\/schema\/person\/7586712b9c512fe68085de007378c915"},"headline":"Politico: Pse Merz po sulmon tani Trumpin dhe Brukselin?","datePublished":"2026-04-29T07:40:32+00:00","dateModified":"2026-04-29T07:40:35+00:00","mainEntityOfPage":{"@id":"https:\/\/kosovatimes.info\/index.php\/2026\/04\/29\/politico-pse-merz-po-sulmon-tani-trumpin-dhe-brukselin\/"},"wordCount":777,"commentCount":0,"image":{"@id":"https:\/\/kosovatimes.info\/index.php\/2026\/04\/29\/politico-pse-merz-po-sulmon-tani-trumpin-dhe-brukselin\/#primaryimage"},"thumbnailUrl":"https:\/\/kosovatimes.info\/wp-content\/uploads\/2026\/04\/merz-1.jpg","articleSection":["Bot\u00eb","Lajme"],"inLanguage":"en-US","potentialAction":[{"@type":"CommentAction","name":"Comment","target":["https:\/\/kosovatimes.info\/index.php\/2026\/04\/29\/politico-pse-merz-po-sulmon-tani-trumpin-dhe-brukselin\/#respond"]}]},{"@type":"WebPage","@id":"https:\/\/kosovatimes.info\/index.php\/2026\/04\/29\/politico-pse-merz-po-sulmon-tani-trumpin-dhe-brukselin\/","url":"https:\/\/kosovatimes.info\/index.php\/2026\/04\/29\/politico-pse-merz-po-sulmon-tani-trumpin-dhe-brukselin\/","name":"Politico: Pse Merz po sulmon tani Trumpin dhe Brukselin? - Kosova Times","isPartOf":{"@id":"https:\/\/kosovatimes.info\/#website"},"primaryImageOfPage":{"@id":"https:\/\/kosovatimes.info\/index.php\/2026\/04\/29\/politico-pse-merz-po-sulmon-tani-trumpin-dhe-brukselin\/#primaryimage"},"image":{"@id":"https:\/\/kosovatimes.info\/index.php\/2026\/04\/29\/politico-pse-merz-po-sulmon-tani-trumpin-dhe-brukselin\/#primaryimage"},"thumbnailUrl":"https:\/\/kosovatimes.info\/wp-content\/uploads\/2026\/04\/merz-1.jpg","datePublished":"2026-04-29T07:40:32+00:00","dateModified":"2026-04-29T07:40:35+00:00","author":{"@id":"https:\/\/kosovatimes.info\/#\/schema\/person\/7586712b9c512fe68085de007378c915"},"breadcrumb":{"@id":"https:\/\/kosovatimes.info\/index.php\/2026\/04\/29\/politico-pse-merz-po-sulmon-tani-trumpin-dhe-brukselin\/#breadcrumb"},"inLanguage":"en-US","potentialAction":[{"@type":"ReadAction","target":["https:\/\/kosovatimes.info\/index.php\/2026\/04\/29\/politico-pse-merz-po-sulmon-tani-trumpin-dhe-brukselin\/"]}]},{"@type":"ImageObject","inLanguage":"en-US","@id":"https:\/\/kosovatimes.info\/index.php\/2026\/04\/29\/politico-pse-merz-po-sulmon-tani-trumpin-dhe-brukselin\/#primaryimage","url":"https:\/\/kosovatimes.info\/wp-content\/uploads\/2026\/04\/merz-1.jpg","contentUrl":"https:\/\/kosovatimes.info\/wp-content\/uploads\/2026\/04\/merz-1.jpg","width":2560,"height":1707},{"@type":"BreadcrumbList","@id":"https:\/\/kosovatimes.info\/index.php\/2026\/04\/29\/politico-pse-merz-po-sulmon-tani-trumpin-dhe-brukselin\/#breadcrumb","itemListElement":[{"@type":"ListItem","position":1,"name":"Home","item":"https:\/\/kosovatimes.info\/"},{"@type":"ListItem","position":2,"name":"Politico: Pse Merz po sulmon tani Trumpin dhe Brukselin?"}]},{"@type":"WebSite","@id":"https:\/\/kosovatimes.info\/#website","url":"https:\/\/kosovatimes.info\/","name":"Kosova Times","description":"","potentialAction":[{"@type":"SearchAction","target":{"@type":"EntryPoint","urlTemplate":"https:\/\/kosovatimes.info\/?s={search_term_string}"},"query-input":{"@type":"PropertyValueSpecification","valueRequired":true,"valueName":"search_term_string"}}],"inLanguage":"en-US"},{"@type":"Person","@id":"https:\/\/kosovatimes.info\/#\/schema\/person\/7586712b9c512fe68085de007378c915","name":"i l","image":{"@type":"ImageObject","inLanguage":"en-US","@id":"https:\/\/secure.gravatar.com\/avatar\/bad9296e02816160ae2e2435beda58222022298d5625d49fea74d18816fbb31d?s=96&d=mm&r=g","url":"https:\/\/secure.gravatar.com\/avatar\/bad9296e02816160ae2e2435beda58222022298d5625d49fea74d18816fbb31d?s=96&d=mm&r=g","contentUrl":"https:\/\/secure.gravatar.com\/avatar\/bad9296e02816160ae2e2435beda58222022298d5625d49fea74d18816fbb31d?s=96&d=mm&r=g","caption":"i l"},"url":"https:\/\/kosovatimes.info\/index.php\/author\/iliri\/"}]}},"_links":{"self":[{"href":"https:\/\/kosovatimes.info\/index.php\/wp-json\/wp\/v2\/posts\/12400","targetHints":{"allow":["GET"]}}],"collection":[{"href":"https:\/\/kosovatimes.info\/index.php\/wp-json\/wp\/v2\/posts"}],"about":[{"href":"https:\/\/kosovatimes.info\/index.php\/wp-json\/wp\/v2\/types\/post"}],"author":[{"embeddable":true,"href":"https:\/\/kosovatimes.info\/index.php\/wp-json\/wp\/v2\/users\/4"}],"replies":[{"embeddable":true,"href":"https:\/\/kosovatimes.info\/index.php\/wp-json\/wp\/v2\/comments?post=12400"}],"version-history":[{"count":1,"href":"https:\/\/kosovatimes.info\/index.php\/wp-json\/wp\/v2\/posts\/12400\/revisions"}],"predecessor-version":[{"id":12403,"href":"https:\/\/kosovatimes.info\/index.php\/wp-json\/wp\/v2\/posts\/12400\/revisions\/12403"}],"wp:featuredmedia":[{"embeddable":true,"href":"https:\/\/kosovatimes.info\/index.php\/wp-json\/wp\/v2\/media\/12402"}],"wp:attachment":[{"href":"https:\/\/kosovatimes.info\/index.php\/wp-json\/wp\/v2\/media?parent=12400"}],"wp:term":[{"taxonomy":"category","embeddable":true,"href":"https:\/\/kosovatimes.info\/index.php\/wp-json\/wp\/v2\/categories?post=12400"},{"taxonomy":"post_tag","embeddable":true,"href":"https:\/\/kosovatimes.info\/index.php\/wp-json\/wp\/v2\/tags?post=12400"}],"curies":[{"name":"wp","href":"https:\/\/api.w.org\/{rel}","templated":true}]}}