{"id":12406,"date":"2026-04-29T09:46:23","date_gmt":"2026-04-29T07:46:23","guid":{"rendered":"https:\/\/kosovatimes.info\/?p=12406"},"modified":"2026-04-29T09:46:25","modified_gmt":"2026-04-29T07:46:25","slug":"politika-e-ardhshme-e-jashtme-e-rumen-radev-mes-rusise-dhe-evropes","status":"publish","type":"post","link":"https:\/\/kosovatimes.info\/index.php\/2026\/04\/29\/politika-e-ardhshme-e-jashtme-e-rumen-radev-mes-rusise-dhe-evropes\/","title":{"rendered":"Politika e ardhshme e jashtme e Rumen Radev: mes Rusis\u00eb dhe Evrop\u00ebs"},"content":{"rendered":"\n<p>und\u00ebrshtar i sanksioneve kund\u00ebr Rusis\u00eb\u201d, \u201cprokremlin\u201d, \u201ceuroskeptik\u201d, \u201cme q\u00ebndrim t\u00eb favorsh\u00ebm ndaj Mosk\u00ebs\u201d \u2013 k\u00ebshtu e p\u00ebrcaktojn\u00eb analist\u00ebt per\u00ebndimor\u00eb Rumen Radev, por larg s\u00eb i dh\u00ebni atij rolin e \u201cOrbanit t\u00eb dyt\u00eb\u201d n\u00eb Bashkimin Evropian, duke theksuar t\u00eb dukshmen: Rumen Radev nuk e v\u00eb n\u00eb pik\u00ebpyetje vendin e Bullgaris\u00eb n\u00eb Bashkimin Evropian dhe NATO.Por gjithashtu vendosin nj\u00eb theks t\u00eb r\u00ebnd\u00ebsish\u00ebm: gjat\u00eb mandatit t\u00eb tij si president, Rumen Radev u p\u00ebrmbajt t\u00eb d\u00ebnonte luft\u00ebn q\u00eb Rusia zhvillon n\u00eb Ukraina, kritikoi sanksionet e BE-s\u00eb dhe kund\u00ebrshtoi an\u00ebtar\u00ebsimin e Bullgaris\u00eb n\u00eb eurozon\u00eb pa pasur nj\u00eb referendum popullor.<br><br>\u201cNuk ka vend p\u00ebr iluzione dhe veprime kaotike n\u00eb k\u00ebt\u00eb bot\u00eb, e cila \u00ebsht\u00eb gjithnj\u00eb e m\u00eb shqet\u00ebsuese, e paparashikueshme dhe e rrezikshme\u201d, thekson vet\u00eb Radev n\u00eb fushat\u00ebn e tij zgjedhore dhe si lider politik deklaroi p\u00ebr politik\u00ebn e jashtme se vendi yn\u00eb duhet t\u00eb punoj\u00eb p\u00ebr forcimin e aft\u00ebsive tona mbrojt\u00ebse dhe aleancave n\u00eb t\u00eb cilat jemi an\u00ebtar\u00eb:<\/p>\n\n\n\n<figure class=\"wp-block-image\"><img decoding=\"async\" src=\"https:\/\/bnrnews.bg\/api\/media\/03fb22d6-07f5-41fc-b25e-1e344040bc2c?Size=large\" alt=\"\"\/><\/figure>\n\n\n\n<p>FOTO:&nbsp;Koalicioni &#8220;Bullgaria Progresive&#8221;<\/p>\n\n\n\n<p>\u201cPor kjo tashm\u00eb nuk b\u00ebhet vet\u00ebm me besnik\u00ebri, k\u00ebrkohet edhe kompetenc\u00eb dhe vullnet p\u00ebr t\u00eb mbrojtur interesin ton\u00eb komb\u00ebtar n\u00eb k\u00ebto aleanca, sepse n\u00ebse duam q\u00eb k\u00ebto aleanca t\u00eb jen\u00eb t\u00eb forta, duhet q\u00eb edhe shtetet q\u00eb i formojn\u00eb ato t\u00eb jen\u00eb t\u00eb forta\u201d \u2013 thekson ish-kreu i shtetit dhe lider aktual i \u201cBullgaria Progresive\u201d, e cila do t\u00eb ket\u00eb shumic\u00eb n\u00eb Parlamentin e 52-t\u00eb.<br><br>Rumen Radev shmang nj\u00eb p\u00ebrplasje t\u00eb drejtp\u00ebrdrejt\u00eb me Per\u00ebndimin. Pas fitores s\u00eb tij n\u00eb zgjedhjet parlamentare t\u00eb 19 prillit, ai k\u00ebmb\u00ebnguli para mediave t\u00eb huaja p\u00ebr mendim kritik dhe pragmatiz\u00ebm n\u00eb Evrop\u00eb:<br><br>\u201cBullgaria do t\u00eb b\u00ebj\u00eb p\u00ebrpjekje t\u00eb vazhdoj\u00eb n\u00eb rrug\u00ebn e saj evropiane. Nj\u00eb Bullgari e fort\u00eb n\u00eb nj\u00eb Evrop\u00eb t\u00eb fort\u00eb ka nevoj\u00eb p\u00ebr mendim kritik, ka nevoj\u00eb p\u00ebr pragmatiz\u00ebm, sepse Evropa u b\u00eb viktim\u00eb e ambicies s\u00eb saj p\u00ebr t\u00eb qen\u00eb nj\u00eb lider moral n\u00eb nj\u00eb bot\u00eb pa rregulla. Evropa ka nevoj\u00eb s\u00ebrish p\u00ebr mendim kritik, veprime pragmatike dhe rezultate t\u00eb mira, ve\u00e7an\u00ebrisht n\u00eb nd\u00ebrtimin e nj\u00eb sistemi t\u00eb ri sigurie.\u201d<br><br>Radev e inkurajon Ukrain\u00ebn t\u00eb k\u00ebrkoj\u00eb paqe, nuk mb\u00ebshtet d\u00ebrgimin e arm\u00ebve n\u00eb Kiev dhe thot\u00eb se, k\u00ebmb\u00ebngulja e tij, se Krimea \u00ebsht\u00eb \u201cruse\u201d thjesht pasqyron nj\u00eb realitet strategjik. P\u00ebr partner\u00ebt euroatlantik\u00eb, nj\u00eb moment skandaloz u b\u00eb fotografia e Radevit me presidentin rus Vlladimir Putin n\u00eb fund t\u00eb fushat\u00ebs. Nd\u00ebrsa n\u00eb nj\u00eb takim parazgjedhor n\u00eb Dupnica n\u00eb fillim t\u00eb prillit, ai s\u00ebrish e p\u00ebrforcoi kund\u00ebrshtimin e tij ndaj ndihm\u00ebs ushtarake p\u00ebr Ukrain\u00ebn:<\/p>\n\n\n\n<figure class=\"wp-block-image\"><img decoding=\"async\" src=\"https:\/\/bnrnews.bg\/api\/media\/6231bc68-1560-478d-a8cf-2568dd0d605f?Size=large\" alt=\"\"\/><\/figure>\n\n\n\n<p>FOTO:&nbsp;BTA<\/p>\n\n\n\n<p>\u201cQ\u00ebllimi yn\u00eb kryesor \u00ebsht\u00eb t\u00eb ruhet paqja. Bullgaria t\u00eb mos p\u00ebrfshihet n\u00eb asnj\u00eb m\u00ebnyr\u00eb n\u00eb konfliktet e armatosura rreth nesh. Nuk i ndez\u00ebm ne k\u00ebto luft\u00ebra q\u00eb t\u00eb paguajm\u00eb ne. Asnj\u00eb cent nga ne nuk duhet t\u00eb shkoj\u00eb p\u00ebr ushqimin e luft\u00ebrave, p\u00ebrkundrazi, parat\u00eb tona duhet t\u00eb mbeten p\u00ebr pensionist\u00ebt tan\u00eb, p\u00ebr f\u00ebmij\u00ebt tan\u00eb \u2013 ky \u00ebsht\u00eb q\u00ebllimi yn\u00eb.\u201d<br><br>Analist\u00ebt nuk presin q\u00eb Rumen Radev t\u00eb rishikoj\u00eb pranimin e euros, t\u00eb bllokoj\u00eb vendime t\u00eb BE-s\u00eb apo t\u00eb v\u00ebr\u00eb n\u00eb pik\u00ebpyetje rrjedhat e fondeve evropiane p\u00ebr Bullgarin\u00eb.<\/p>\n\n\n\n<ul class=\"wp-block-list\">\n<li><\/li>\n\n\n\n<li><\/li>\n\n\n\n<li>Nd\u00ebrsa votuesit bullgar\u00eb mendojn\u00eb se situata parazgjedhore lind retorik\u00eb ekstreme dhe pa kompromis dhe ofron mesazhe q\u00eb pranohen emocionalisht nga njer\u00ebzit. Pas zgjedhjeve vjen koha e politik\u00ebs reale dhe zgjidhjes s\u00eb problemeve serioze. Sipas t\u00eb anketuarve nga kryeqyteti, pritshm\u00ebrit\u00eb nga Radev jan\u00eb t\u00eb m\u00ebdha, por n\u00eb terrenin nd\u00ebrkomb\u00ebtar ai do t\u00eb jet\u00eb i prirur p\u00ebr kompromise dhe nuk do t\u00eb sabotoj\u00eb politikat e BE-s\u00eb.<\/li>\n<\/ul>\n\n\n\n<figure class=\"wp-block-image\"><img decoding=\"async\" src=\"https:\/\/bnrnews.bg\/api\/media\/64a23034-b375-4952-958f-28fafea8a89c?Size=large\" alt=\"\"\/><\/figure>\n\n\n\n<p>Kaja Kallas<\/p>\n\n\n\n<p>FOTO:&nbsp;BE, arkiv<\/p>\n\n\n\n<p>N\u00eb nj\u00eb sondazh p\u00ebrfaq\u00ebsues t\u00eb \u201cAlfa Research\u201d gjat\u00eb fushat\u00ebs, n\u00eb pyetjen: \u201cN\u00ebse duhet t\u00eb zgjidhni nj\u00eb partner strategjik, k\u00eb do t\u2019u rekomandonit politikan\u00ebve\u201d, m\u00eb shum\u00eb se gjysma e bullgar\u00ebve (56,3%) p\u00ebrgjigjen kategorikisht se ky \u00ebsht\u00eb Bashkimi Evropian, nd\u00ebrsa p\u00ebr 19,5% \u2013 Rusia.<br><br>Institucionet evropiane e p\u00ebrsh\u00ebndet\u00ebn n\u00eb m\u00ebnyr\u00eb formale fitoren e Rumen Radev dhe shpreh\u00ebn gatishm\u00ebri p\u00ebr pun\u00eb t\u00eb frytshme n\u00eb t\u00eb ardhmen me aktorin e ri politik bullgar n\u00eb Evrop\u00eb. P\u00ebrfaq\u00ebsuesja e lart\u00eb p\u00ebr politik\u00ebn e jashtme dhe sigurin\u00eb Kaja Kallas u p\u00ebrmbajt nga vler\u00ebsimet paraprake p\u00ebr pritshm\u00ebrit\u00eb apo shqet\u00ebsimet p\u00ebr ndryshime n\u00eb politik\u00ebn e jashtme t\u00eb Bullgaris\u00eb ndaj Ukrain\u00ebs pas fitores s\u00eb \u201cBullgaria progresive\u201d: \u201cPara se t\u00eb ket\u00eb nj\u00eb qeveri t\u00eb re, ne nuk kemi par\u00eb si vepron ajo. Nuk do t\u00eb nxitojm\u00eb p\u00ebrpara ngjarjeve. \u00cbsht\u00eb e r\u00ebnd\u00ebsishme q\u00eb secili t\u00eb vij\u00eb n\u00eb k\u00ebt\u00eb tryez\u00eb me d\u00ebshir\u00eb t\u00eb sinqert\u00eb dhe t\u00eb interesuar p\u00ebr bashk\u00ebpunim, si dhe me kompromise, sepse ato k\u00ebrkohen nga t\u00eb gjith\u00eb. N\u00eb fillim t\u00eb gjith\u00eb trajtohen nj\u00ebsoj, mir\u00ebpresim koleg\u00ebt e rinj n\u00eb tryez\u00eb me t\u00eb cil\u00ebt t\u00eb kuptohemi dhe t\u00eb bashk\u00ebpunojm\u00eb.\u201d<br><br>Profili i politik\u00ebs s\u00eb jashtme t\u00eb qeveris\u00eb s\u00eb ardhshme t\u00eb Rumen Radev do t\u00eb ndjek\u00eb profilin e t\u00eb gjith\u00eb atyre votuesve q\u00eb kan\u00eb votuar p\u00ebr \u201cBullgaria Progresive\u201d \u2013 v\u00ebren n\u00eb nj\u00eb intervist\u00eb p\u00ebr rubrik\u00ebn \u201cEvranet +\u201d t\u00eb BNR-s\u00eb Maria Simeonova \u2013 drejtoresh\u00eb e zyr\u00ebs s\u00eb Sofjes t\u00eb K\u00ebshillit Evropian p\u00ebr Marr\u00ebdh\u00ebnie me Jasht\u00eb. Sipas saj, Radev ka arritur t\u00eb mbledh\u00eb votues nga t\u00eb gjitha partit\u00eb e tjera \u2013 njer\u00ebz me q\u00ebndrime mesatarisht proruse, proevropian\u00eb t\u00eb moderuar, skeptik\u00eb ndaj eurozon\u00ebs:<\/p>\n\n\n\n<figure class=\"wp-block-image\"><img decoding=\"async\" src=\"https:\/\/bnrnews.bg\/api\/media\/23545cea-0568-4844-a744-fa605533e855?Size=large\" alt=\"\"\/><\/figure>\n\n\n\n<p>FOTO:&nbsp;BNR &#8211; Ludmilla Zhelezova\/Pixabay<\/p>\n\n\n\n<p>\u201cKy profil i votuesit t\u00eb Rumen Radev do ta kufizoj\u00eb at\u00eb n\u00eb marrjen e vendimeve radikale ose n\u00eb ofrimin e politikave radikale. Bullgaria n\u00ebn Rumen Radev do t\u00eb ruaj\u00eb drejtimin kryesor t\u00eb kursit t\u00eb saj t\u00eb politik\u00ebs s\u00eb jashtme \u2013 proevropian, pro-NATO, por me m\u00eb shum\u00eb kritik\u00eb ndaj vendimeve q\u00eb do t\u00eb merren n\u00eb organizatat dhe institucionet nd\u00ebrkomb\u00ebtare, por kjo sipas meje do t\u00eb p\u00ebrkthehet m\u00eb shum\u00eb p\u00ebr audienc\u00ebn vendase sesa p\u00ebr lider\u00ebt evropian\u00eb\u201d \u2013 parashikon Simeonova.<br><br>K\u00ebtu \u00e7\u00ebshtja kryesore n\u00eb planin e politik\u00ebs s\u00eb jashtme \u00ebsht\u00eb politika ndaj Ukrain\u00ebs dhe deklarata p\u00ebr rivendosjen e lidhjeve t\u00eb Bullgaris\u00eb me Rusin\u00eb \u2013 deri n\u00eb \u00e7far\u00eb mase kjo mund t\u00eb p\u00ebrplaset me interesat e Bashkimit Evropian?<br><br>\u201cMendoj se nj\u00eb variant ku Bullgaria shnd\u00ebrrohet n\u00eb shtetin q\u00eb bllokon vendime brenda Bashkimit Evropian \u00ebsht\u00eb i ekzagjeruar. N\u00ebse Rumen Radev merr q\u00ebndrime m\u00eb ekstreme, k\u00ebrc\u00ebnon me veto ose guxon t\u00eb p\u00ebrdor\u00eb veto brenda Bashkimit Evropian, ai do t\u00eb gjendet n\u00eb nj\u00eb situat\u00eb mjaft t\u00eb pak\u00ebndshme. Ai vet\u00eb \u00ebsht\u00eb nj\u00eb politikan pragmatik q\u00eb vler\u00ebson rrezikun e nj\u00eb pozicionimi t\u00eb till\u00eb t\u00eb Bullgaris\u00eb n\u00eb Bashkimin Evropian. Bullgaria ende mb\u00ebshtetet shum\u00eb n\u00eb financimin nga Bashkimi Evropian dhe duke pasur parasysh rritjen e \u00e7mimeve tek ne, edhe simbolikisht, p\u00ebrthithja e k\u00ebtyre fondeve \u00ebsht\u00eb jasht\u00ebzakonisht e r\u00ebnd\u00ebsishme p\u00ebr ekonomin\u00eb, por edhe p\u00ebr politik\u00ebn e Radev, q\u00eb t\u00eb thot\u00eb: \u2018Ja, parlamenti kaloi reformat e nevojshme q\u00eb k\u00ebto para t\u00eb lirohen, t\u00eb p\u00ebrthithen nga biznesi bullgar dhe t\u00eb investohen p\u00ebrkat\u00ebsisht.\u2019<br><br>Cilat jan\u00eb pozicionet e r\u00ebnd\u00ebsishme n\u00eb politik\u00ebn e jashtme q\u00eb pushteti i ri ekzekutiv duhet t\u2019i vendos\u00eb p\u00ebrpara Evrop\u00ebs dhe bot\u00ebs?<br><br>\u201cDo t\u00eb filloja nga nj\u00eb \u00e7\u00ebshtje e brendshme politike, por q\u00eb lidhet drejtp\u00ebrdrejt me pozicionimin e Bullgaris\u00eb n\u00eb Evrop\u00eb \u2013 sh\u00ebndoshja e institucioneve tona. Kjo lidhet me sundimin e ligjit, me luft\u00ebn kund\u00ebr korrupsionit. Nuk mund t\u00eb avancojm\u00eb apo t\u00eb k\u00ebrkojm\u00eb pesh\u00eb n\u00eb politik\u00ebn e jashtme n\u00ebse partner\u00ebt dhe aleat\u00ebt tan\u00eb nuk jan\u00eb t\u00eb sigurt se institucionet tona jan\u00eb t\u00eb forta dhe nuk mund t\u00eb dep\u00ebrtohen nga ndikimi i jasht\u00ebm, nga sulmet hibride. T\u00eb tilla ka dhe ato do t\u00eb shtohen. M\u00eb tej, Bullgaria, si nj\u00eb shtet an\u00ebtar i mes\u00ebm n\u00eb Bashkimin Evropian, ka interes q\u00eb Bashkimi Evropian t\u00eb jet\u00eb i bashkuar. Ne jemi t\u00eb vendosur n\u00eb nj\u00eb vend ku p\u00ebrjetojm\u00eb k\u00ebrc\u00ebnime dhe ndikime t\u00eb ndryshme, por kjo na vendos n\u00eb nj\u00eb situat\u00eb ku mund t\u2019u themi aleat\u00ebve tan\u00eb evropian\u00eb q\u00eb ndodhen m\u00eb n\u00eb per\u00ebndim, t\u00eb propozojm\u00eb politika. \u00cbsht\u00eb n\u00eb interes t\u00eb Bullgaris\u00eb, sipas meje \u2013 t\u00eb jemi m\u00eb aktiv\u00eb, ve\u00e7an\u00ebrisht n\u00eb rajonin e Detit t\u00eb Zi. Bashkimi Evropian \u00ebsht\u00eb nj\u00eb aktor relativisht i ri n\u00eb k\u00ebt\u00eb rajon dhe pret nga Bullgaria dhe Rumania t\u00eb propozojn\u00eb iniciativa. K\u00ebtu mund t\u00eb jemi m\u00eb aktiv\u00eb edhe n\u00eb lidhje me zgjerimin e Bashkimit Evropian. Fatkeq\u00ebsisht, mosmarr\u00ebveshja jon\u00eb me Republik\u00ebn e Maqedonis\u00eb s\u00eb Veriut e ndryshoi k\u00ebt\u00eb imazh q\u00eb kishim nd\u00ebrtuar, por mendoj se Bullgaria duhet p\u00ebrs\u00ebri t\u00eb profesionalizoj\u00eb ministrin\u00eb e saj t\u00eb jashtme, t\u00eb zhvilloj\u00eb kapacitete drejt k\u00ebtyre dy rajoneve shum\u00eb t\u00eb r\u00ebnd\u00ebsishme p\u00ebr ne \u2013 nj\u00ebri n\u00eb per\u00ebndim, tjetri n\u00eb lindje. Nga t\u00eb dy kemi interes t\u00eb jen\u00eb t\u00eb q\u00ebndruesh\u00ebm dhe t\u00eb qet\u00eb, q\u00eb k\u00ebrc\u00ebnimet t\u00eb mos na ndikojn\u00eb.\u201d<\/p>\n","protected":false},"excerpt":{"rendered":"<p>und\u00ebrshtar i sanksioneve kund\u00ebr Rusis\u00eb\u201d, \u201cprokremlin\u201d, \u201ceuroskeptik\u201d, \u201cme q\u00ebndrim t\u00eb favorsh\u00ebm ndaj Mosk\u00ebs\u201d \u2013 k\u00ebshtu e p\u00ebrcaktojn\u00eb analist\u00ebt per\u00ebndimor\u00eb Rumen Radev, por larg s\u00eb i dh\u00ebni atij rolin e \u201cOrbanit t\u00eb dyt\u00eb\u201d n\u00eb Bashkimin Evropian, duke theksuar t\u00eb dukshmen: Rumen Radev nuk e v\u00eb n\u00eb pik\u00ebpyetje vendin e Bullgaris\u00eb n\u00eb Bashkimin Evropian dhe NATO.Por gjithashtu [&hellip;]<\/p>\n","protected":false},"author":4,"featured_media":12407,"comment_status":"open","ping_status":"open","sticky":false,"template":"","format":"standard","meta":{"footnotes":""},"categories":[30,32],"tags":[],"class_list":{"0":"post-12406","1":"post","2":"type-post","3":"status-publish","4":"format-standard","5":"has-post-thumbnail","7":"category-lajme","8":"category-rajon"},"yoast_head":"<!-- This site is optimized with the Yoast SEO plugin v27.4 - https:\/\/yoast.com\/product\/yoast-seo-wordpress\/ -->\n<title>Politika e ardhshme e jashtme e Rumen Radev: mes Rusis\u00eb dhe Evrop\u00ebs - Kosova Times<\/title>\n<meta name=\"robots\" content=\"index, follow, max-snippet:-1, max-image-preview:large, max-video-preview:-1\" \/>\n<link rel=\"canonical\" href=\"https:\/\/kosovatimes.info\/index.php\/2026\/04\/29\/politika-e-ardhshme-e-jashtme-e-rumen-radev-mes-rusise-dhe-evropes\/\" \/>\n<meta property=\"og:locale\" content=\"en_US\" \/>\n<meta property=\"og:type\" content=\"article\" \/>\n<meta property=\"og:title\" content=\"Politika e ardhshme e jashtme e Rumen Radev: mes Rusis\u00eb dhe Evrop\u00ebs - Kosova Times\" \/>\n<meta property=\"og:description\" content=\"und\u00ebrshtar i sanksioneve kund\u00ebr Rusis\u00eb\u201d, \u201cprokremlin\u201d, \u201ceuroskeptik\u201d, \u201cme q\u00ebndrim t\u00eb favorsh\u00ebm ndaj Mosk\u00ebs\u201d \u2013 k\u00ebshtu e p\u00ebrcaktojn\u00eb analist\u00ebt per\u00ebndimor\u00eb Rumen Radev, por larg s\u00eb i dh\u00ebni atij rolin e \u201cOrbanit t\u00eb dyt\u00eb\u201d n\u00eb Bashkimin Evropian, duke theksuar t\u00eb dukshmen: Rumen Radev nuk e v\u00eb n\u00eb pik\u00ebpyetje vendin e Bullgaris\u00eb n\u00eb Bashkimin Evropian dhe NATO.Por gjithashtu [&hellip;]\" \/>\n<meta property=\"og:url\" content=\"https:\/\/kosovatimes.info\/index.php\/2026\/04\/29\/politika-e-ardhshme-e-jashtme-e-rumen-radev-mes-rusise-dhe-evropes\/\" \/>\n<meta property=\"og:site_name\" content=\"Kosova Times\" \/>\n<meta property=\"article:published_time\" content=\"2026-04-29T07:46:23+00:00\" \/>\n<meta property=\"article:modified_time\" content=\"2026-04-29T07:46:25+00:00\" \/>\n<meta property=\"og:image\" content=\"https:\/\/kosovatimes.info\/wp-content\/uploads\/2026\/04\/radev-1.jpeg\" \/>\n\t<meta property=\"og:image:width\" content=\"1152\" \/>\n\t<meta property=\"og:image:height\" content=\"648\" \/>\n\t<meta property=\"og:image:type\" content=\"image\/jpeg\" \/>\n<meta name=\"author\" content=\"i l\" \/>\n<meta name=\"twitter:card\" content=\"summary_large_image\" \/>\n<meta name=\"twitter:label1\" content=\"Written by\" \/>\n\t<meta name=\"twitter:data1\" content=\"i l\" \/>\n\t<meta name=\"twitter:label2\" content=\"Est. reading time\" \/>\n\t<meta name=\"twitter:data2\" content=\"7 minutes\" \/>\n<script type=\"application\/ld+json\" class=\"yoast-schema-graph\">{\"@context\":\"https:\\\/\\\/schema.org\",\"@graph\":[{\"@type\":\"Article\",\"@id\":\"https:\\\/\\\/kosovatimes.info\\\/index.php\\\/2026\\\/04\\\/29\\\/politika-e-ardhshme-e-jashtme-e-rumen-radev-mes-rusise-dhe-evropes\\\/#article\",\"isPartOf\":{\"@id\":\"https:\\\/\\\/kosovatimes.info\\\/index.php\\\/2026\\\/04\\\/29\\\/politika-e-ardhshme-e-jashtme-e-rumen-radev-mes-rusise-dhe-evropes\\\/\"},\"author\":{\"name\":\"i l\",\"@id\":\"https:\\\/\\\/kosovatimes.info\\\/#\\\/schema\\\/person\\\/7586712b9c512fe68085de007378c915\"},\"headline\":\"Politika e ardhshme e jashtme e Rumen Radev: mes Rusis\u00eb dhe Evrop\u00ebs\",\"datePublished\":\"2026-04-29T07:46:23+00:00\",\"dateModified\":\"2026-04-29T07:46:25+00:00\",\"mainEntityOfPage\":{\"@id\":\"https:\\\/\\\/kosovatimes.info\\\/index.php\\\/2026\\\/04\\\/29\\\/politika-e-ardhshme-e-jashtme-e-rumen-radev-mes-rusise-dhe-evropes\\\/\"},\"wordCount\":1572,\"commentCount\":0,\"image\":{\"@id\":\"https:\\\/\\\/kosovatimes.info\\\/index.php\\\/2026\\\/04\\\/29\\\/politika-e-ardhshme-e-jashtme-e-rumen-radev-mes-rusise-dhe-evropes\\\/#primaryimage\"},\"thumbnailUrl\":\"https:\\\/\\\/kosovatimes.info\\\/wp-content\\\/uploads\\\/2026\\\/04\\\/radev-1.jpeg\",\"articleSection\":[\"Lajme\",\"Rajon\"],\"inLanguage\":\"en-US\",\"potentialAction\":[{\"@type\":\"CommentAction\",\"name\":\"Comment\",\"target\":[\"https:\\\/\\\/kosovatimes.info\\\/index.php\\\/2026\\\/04\\\/29\\\/politika-e-ardhshme-e-jashtme-e-rumen-radev-mes-rusise-dhe-evropes\\\/#respond\"]}]},{\"@type\":\"WebPage\",\"@id\":\"https:\\\/\\\/kosovatimes.info\\\/index.php\\\/2026\\\/04\\\/29\\\/politika-e-ardhshme-e-jashtme-e-rumen-radev-mes-rusise-dhe-evropes\\\/\",\"url\":\"https:\\\/\\\/kosovatimes.info\\\/index.php\\\/2026\\\/04\\\/29\\\/politika-e-ardhshme-e-jashtme-e-rumen-radev-mes-rusise-dhe-evropes\\\/\",\"name\":\"Politika e ardhshme e jashtme e Rumen Radev: mes Rusis\u00eb dhe Evrop\u00ebs - Kosova Times\",\"isPartOf\":{\"@id\":\"https:\\\/\\\/kosovatimes.info\\\/#website\"},\"primaryImageOfPage\":{\"@id\":\"https:\\\/\\\/kosovatimes.info\\\/index.php\\\/2026\\\/04\\\/29\\\/politika-e-ardhshme-e-jashtme-e-rumen-radev-mes-rusise-dhe-evropes\\\/#primaryimage\"},\"image\":{\"@id\":\"https:\\\/\\\/kosovatimes.info\\\/index.php\\\/2026\\\/04\\\/29\\\/politika-e-ardhshme-e-jashtme-e-rumen-radev-mes-rusise-dhe-evropes\\\/#primaryimage\"},\"thumbnailUrl\":\"https:\\\/\\\/kosovatimes.info\\\/wp-content\\\/uploads\\\/2026\\\/04\\\/radev-1.jpeg\",\"datePublished\":\"2026-04-29T07:46:23+00:00\",\"dateModified\":\"2026-04-29T07:46:25+00:00\",\"author\":{\"@id\":\"https:\\\/\\\/kosovatimes.info\\\/#\\\/schema\\\/person\\\/7586712b9c512fe68085de007378c915\"},\"breadcrumb\":{\"@id\":\"https:\\\/\\\/kosovatimes.info\\\/index.php\\\/2026\\\/04\\\/29\\\/politika-e-ardhshme-e-jashtme-e-rumen-radev-mes-rusise-dhe-evropes\\\/#breadcrumb\"},\"inLanguage\":\"en-US\",\"potentialAction\":[{\"@type\":\"ReadAction\",\"target\":[\"https:\\\/\\\/kosovatimes.info\\\/index.php\\\/2026\\\/04\\\/29\\\/politika-e-ardhshme-e-jashtme-e-rumen-radev-mes-rusise-dhe-evropes\\\/\"]}]},{\"@type\":\"ImageObject\",\"inLanguage\":\"en-US\",\"@id\":\"https:\\\/\\\/kosovatimes.info\\\/index.php\\\/2026\\\/04\\\/29\\\/politika-e-ardhshme-e-jashtme-e-rumen-radev-mes-rusise-dhe-evropes\\\/#primaryimage\",\"url\":\"https:\\\/\\\/kosovatimes.info\\\/wp-content\\\/uploads\\\/2026\\\/04\\\/radev-1.jpeg\",\"contentUrl\":\"https:\\\/\\\/kosovatimes.info\\\/wp-content\\\/uploads\\\/2026\\\/04\\\/radev-1.jpeg\",\"width\":1152,\"height\":648},{\"@type\":\"BreadcrumbList\",\"@id\":\"https:\\\/\\\/kosovatimes.info\\\/index.php\\\/2026\\\/04\\\/29\\\/politika-e-ardhshme-e-jashtme-e-rumen-radev-mes-rusise-dhe-evropes\\\/#breadcrumb\",\"itemListElement\":[{\"@type\":\"ListItem\",\"position\":1,\"name\":\"Home\",\"item\":\"https:\\\/\\\/kosovatimes.info\\\/\"},{\"@type\":\"ListItem\",\"position\":2,\"name\":\"Politika e ardhshme e jashtme e Rumen Radev: mes Rusis\u00eb dhe Evrop\u00ebs\"}]},{\"@type\":\"WebSite\",\"@id\":\"https:\\\/\\\/kosovatimes.info\\\/#website\",\"url\":\"https:\\\/\\\/kosovatimes.info\\\/\",\"name\":\"Kosova Times\",\"description\":\"\",\"potentialAction\":[{\"@type\":\"SearchAction\",\"target\":{\"@type\":\"EntryPoint\",\"urlTemplate\":\"https:\\\/\\\/kosovatimes.info\\\/?s={search_term_string}\"},\"query-input\":{\"@type\":\"PropertyValueSpecification\",\"valueRequired\":true,\"valueName\":\"search_term_string\"}}],\"inLanguage\":\"en-US\"},{\"@type\":\"Person\",\"@id\":\"https:\\\/\\\/kosovatimes.info\\\/#\\\/schema\\\/person\\\/7586712b9c512fe68085de007378c915\",\"name\":\"i l\",\"image\":{\"@type\":\"ImageObject\",\"inLanguage\":\"en-US\",\"@id\":\"https:\\\/\\\/secure.gravatar.com\\\/avatar\\\/bad9296e02816160ae2e2435beda58222022298d5625d49fea74d18816fbb31d?s=96&d=mm&r=g\",\"url\":\"https:\\\/\\\/secure.gravatar.com\\\/avatar\\\/bad9296e02816160ae2e2435beda58222022298d5625d49fea74d18816fbb31d?s=96&d=mm&r=g\",\"contentUrl\":\"https:\\\/\\\/secure.gravatar.com\\\/avatar\\\/bad9296e02816160ae2e2435beda58222022298d5625d49fea74d18816fbb31d?s=96&d=mm&r=g\",\"caption\":\"i l\"},\"url\":\"https:\\\/\\\/kosovatimes.info\\\/index.php\\\/author\\\/iliri\\\/\"}]}<\/script>\n<!-- \/ Yoast SEO plugin. -->","yoast_head_json":{"title":"Politika e ardhshme e jashtme e Rumen Radev: mes Rusis\u00eb dhe Evrop\u00ebs - Kosova Times","robots":{"index":"index","follow":"follow","max-snippet":"max-snippet:-1","max-image-preview":"max-image-preview:large","max-video-preview":"max-video-preview:-1"},"canonical":"https:\/\/kosovatimes.info\/index.php\/2026\/04\/29\/politika-e-ardhshme-e-jashtme-e-rumen-radev-mes-rusise-dhe-evropes\/","og_locale":"en_US","og_type":"article","og_title":"Politika e ardhshme e jashtme e Rumen Radev: mes Rusis\u00eb dhe Evrop\u00ebs - Kosova Times","og_description":"und\u00ebrshtar i sanksioneve kund\u00ebr Rusis\u00eb\u201d, \u201cprokremlin\u201d, \u201ceuroskeptik\u201d, \u201cme q\u00ebndrim t\u00eb favorsh\u00ebm ndaj Mosk\u00ebs\u201d \u2013 k\u00ebshtu e p\u00ebrcaktojn\u00eb analist\u00ebt per\u00ebndimor\u00eb Rumen Radev, por larg s\u00eb i dh\u00ebni atij rolin e \u201cOrbanit t\u00eb dyt\u00eb\u201d n\u00eb Bashkimin Evropian, duke theksuar t\u00eb dukshmen: Rumen Radev nuk e v\u00eb n\u00eb pik\u00ebpyetje vendin e Bullgaris\u00eb n\u00eb Bashkimin Evropian dhe NATO.Por gjithashtu [&hellip;]","og_url":"https:\/\/kosovatimes.info\/index.php\/2026\/04\/29\/politika-e-ardhshme-e-jashtme-e-rumen-radev-mes-rusise-dhe-evropes\/","og_site_name":"Kosova Times","article_published_time":"2026-04-29T07:46:23+00:00","article_modified_time":"2026-04-29T07:46:25+00:00","og_image":[{"width":1152,"height":648,"url":"https:\/\/kosovatimes.info\/wp-content\/uploads\/2026\/04\/radev-1.jpeg","type":"image\/jpeg"}],"author":"i l","twitter_card":"summary_large_image","twitter_misc":{"Written by":"i l","Est. reading time":"7 minutes"},"schema":{"@context":"https:\/\/schema.org","@graph":[{"@type":"Article","@id":"https:\/\/kosovatimes.info\/index.php\/2026\/04\/29\/politika-e-ardhshme-e-jashtme-e-rumen-radev-mes-rusise-dhe-evropes\/#article","isPartOf":{"@id":"https:\/\/kosovatimes.info\/index.php\/2026\/04\/29\/politika-e-ardhshme-e-jashtme-e-rumen-radev-mes-rusise-dhe-evropes\/"},"author":{"name":"i l","@id":"https:\/\/kosovatimes.info\/#\/schema\/person\/7586712b9c512fe68085de007378c915"},"headline":"Politika e ardhshme e jashtme e Rumen Radev: mes Rusis\u00eb dhe Evrop\u00ebs","datePublished":"2026-04-29T07:46:23+00:00","dateModified":"2026-04-29T07:46:25+00:00","mainEntityOfPage":{"@id":"https:\/\/kosovatimes.info\/index.php\/2026\/04\/29\/politika-e-ardhshme-e-jashtme-e-rumen-radev-mes-rusise-dhe-evropes\/"},"wordCount":1572,"commentCount":0,"image":{"@id":"https:\/\/kosovatimes.info\/index.php\/2026\/04\/29\/politika-e-ardhshme-e-jashtme-e-rumen-radev-mes-rusise-dhe-evropes\/#primaryimage"},"thumbnailUrl":"https:\/\/kosovatimes.info\/wp-content\/uploads\/2026\/04\/radev-1.jpeg","articleSection":["Lajme","Rajon"],"inLanguage":"en-US","potentialAction":[{"@type":"CommentAction","name":"Comment","target":["https:\/\/kosovatimes.info\/index.php\/2026\/04\/29\/politika-e-ardhshme-e-jashtme-e-rumen-radev-mes-rusise-dhe-evropes\/#respond"]}]},{"@type":"WebPage","@id":"https:\/\/kosovatimes.info\/index.php\/2026\/04\/29\/politika-e-ardhshme-e-jashtme-e-rumen-radev-mes-rusise-dhe-evropes\/","url":"https:\/\/kosovatimes.info\/index.php\/2026\/04\/29\/politika-e-ardhshme-e-jashtme-e-rumen-radev-mes-rusise-dhe-evropes\/","name":"Politika e ardhshme e jashtme e Rumen Radev: mes Rusis\u00eb dhe Evrop\u00ebs - Kosova Times","isPartOf":{"@id":"https:\/\/kosovatimes.info\/#website"},"primaryImageOfPage":{"@id":"https:\/\/kosovatimes.info\/index.php\/2026\/04\/29\/politika-e-ardhshme-e-jashtme-e-rumen-radev-mes-rusise-dhe-evropes\/#primaryimage"},"image":{"@id":"https:\/\/kosovatimes.info\/index.php\/2026\/04\/29\/politika-e-ardhshme-e-jashtme-e-rumen-radev-mes-rusise-dhe-evropes\/#primaryimage"},"thumbnailUrl":"https:\/\/kosovatimes.info\/wp-content\/uploads\/2026\/04\/radev-1.jpeg","datePublished":"2026-04-29T07:46:23+00:00","dateModified":"2026-04-29T07:46:25+00:00","author":{"@id":"https:\/\/kosovatimes.info\/#\/schema\/person\/7586712b9c512fe68085de007378c915"},"breadcrumb":{"@id":"https:\/\/kosovatimes.info\/index.php\/2026\/04\/29\/politika-e-ardhshme-e-jashtme-e-rumen-radev-mes-rusise-dhe-evropes\/#breadcrumb"},"inLanguage":"en-US","potentialAction":[{"@type":"ReadAction","target":["https:\/\/kosovatimes.info\/index.php\/2026\/04\/29\/politika-e-ardhshme-e-jashtme-e-rumen-radev-mes-rusise-dhe-evropes\/"]}]},{"@type":"ImageObject","inLanguage":"en-US","@id":"https:\/\/kosovatimes.info\/index.php\/2026\/04\/29\/politika-e-ardhshme-e-jashtme-e-rumen-radev-mes-rusise-dhe-evropes\/#primaryimage","url":"https:\/\/kosovatimes.info\/wp-content\/uploads\/2026\/04\/radev-1.jpeg","contentUrl":"https:\/\/kosovatimes.info\/wp-content\/uploads\/2026\/04\/radev-1.jpeg","width":1152,"height":648},{"@type":"BreadcrumbList","@id":"https:\/\/kosovatimes.info\/index.php\/2026\/04\/29\/politika-e-ardhshme-e-jashtme-e-rumen-radev-mes-rusise-dhe-evropes\/#breadcrumb","itemListElement":[{"@type":"ListItem","position":1,"name":"Home","item":"https:\/\/kosovatimes.info\/"},{"@type":"ListItem","position":2,"name":"Politika e ardhshme e jashtme e Rumen Radev: mes Rusis\u00eb dhe Evrop\u00ebs"}]},{"@type":"WebSite","@id":"https:\/\/kosovatimes.info\/#website","url":"https:\/\/kosovatimes.info\/","name":"Kosova Times","description":"","potentialAction":[{"@type":"SearchAction","target":{"@type":"EntryPoint","urlTemplate":"https:\/\/kosovatimes.info\/?s={search_term_string}"},"query-input":{"@type":"PropertyValueSpecification","valueRequired":true,"valueName":"search_term_string"}}],"inLanguage":"en-US"},{"@type":"Person","@id":"https:\/\/kosovatimes.info\/#\/schema\/person\/7586712b9c512fe68085de007378c915","name":"i l","image":{"@type":"ImageObject","inLanguage":"en-US","@id":"https:\/\/secure.gravatar.com\/avatar\/bad9296e02816160ae2e2435beda58222022298d5625d49fea74d18816fbb31d?s=96&d=mm&r=g","url":"https:\/\/secure.gravatar.com\/avatar\/bad9296e02816160ae2e2435beda58222022298d5625d49fea74d18816fbb31d?s=96&d=mm&r=g","contentUrl":"https:\/\/secure.gravatar.com\/avatar\/bad9296e02816160ae2e2435beda58222022298d5625d49fea74d18816fbb31d?s=96&d=mm&r=g","caption":"i l"},"url":"https:\/\/kosovatimes.info\/index.php\/author\/iliri\/"}]}},"_links":{"self":[{"href":"https:\/\/kosovatimes.info\/index.php\/wp-json\/wp\/v2\/posts\/12406","targetHints":{"allow":["GET"]}}],"collection":[{"href":"https:\/\/kosovatimes.info\/index.php\/wp-json\/wp\/v2\/posts"}],"about":[{"href":"https:\/\/kosovatimes.info\/index.php\/wp-json\/wp\/v2\/types\/post"}],"author":[{"embeddable":true,"href":"https:\/\/kosovatimes.info\/index.php\/wp-json\/wp\/v2\/users\/4"}],"replies":[{"embeddable":true,"href":"https:\/\/kosovatimes.info\/index.php\/wp-json\/wp\/v2\/comments?post=12406"}],"version-history":[{"count":1,"href":"https:\/\/kosovatimes.info\/index.php\/wp-json\/wp\/v2\/posts\/12406\/revisions"}],"predecessor-version":[{"id":12408,"href":"https:\/\/kosovatimes.info\/index.php\/wp-json\/wp\/v2\/posts\/12406\/revisions\/12408"}],"wp:featuredmedia":[{"embeddable":true,"href":"https:\/\/kosovatimes.info\/index.php\/wp-json\/wp\/v2\/media\/12407"}],"wp:attachment":[{"href":"https:\/\/kosovatimes.info\/index.php\/wp-json\/wp\/v2\/media?parent=12406"}],"wp:term":[{"taxonomy":"category","embeddable":true,"href":"https:\/\/kosovatimes.info\/index.php\/wp-json\/wp\/v2\/categories?post=12406"},{"taxonomy":"post_tag","embeddable":true,"href":"https:\/\/kosovatimes.info\/index.php\/wp-json\/wp\/v2\/tags?post=12406"}],"curies":[{"name":"wp","href":"https:\/\/api.w.org\/{rel}","templated":true}]}}